{"id":57943,"date":"2013-09-21T09:03:09","date_gmt":"2013-09-21T12:03:09","guid":{"rendered":"http:\/\/www.quersaberpolitica.com.br\/?p=57943"},"modified":"2013-09-21T08:33:32","modified_gmt":"2013-09-21T11:33:32","slug":"populacao-do-n5-participa-do-programa-petrolina-participativa","status":"publish","type":"post","link":"https:\/\/blogdofarnesio.com.br\/?p=57943","title":{"rendered":"POPULA\u00c7\u00c3O DO N5 PARTICIPA DO PROGRAMA PETROLINA PARTICIPATIVA"},"content":{"rendered":"<p style=\"text-align: justify\"><a href=\"http:\/\/www.quersaberpolitica.com.br\/2016\/wp-content\/uploads\/2013\/09\/DSC_-7373-01.jpg\"><img loading=\"lazy\" decoding=\"async\" class=\"alignleft  wp-image-57944\" alt=\"DSC_-7373-01\" src=\"http:\/\/www.quersaberpolitica.com.br\/2016\/wp-content\/uploads\/2013\/09\/DSC_-7373-01.jpg\" width=\"350\" height=\"250\" srcset=\"https:\/\/blogdofarnesio.com.br\/wp-content\/uploads\/2013\/09\/DSC_-7373-01.jpg 500w, https:\/\/blogdofarnesio.com.br\/wp-content\/uploads\/2013\/09\/DSC_-7373-01-300x214.jpg 300w, https:\/\/blogdofarnesio.com.br\/wp-content\/uploads\/2013\/09\/DSC_-7373-01-420x300.jpg 420w\" sizes=\"auto, (max-width: 350px) 100vw, 350px\" \/><\/a>Na noite dessa quinta-feira (19), o Projeto Senador Nilo Coelho- N\u00facleo 5- foi palco da segunda plen\u00e1ria do Programa Prefeitura Participativa. Durante o encontro a popula\u00e7\u00e3o apontou as dificuldades enfrentadas, bem como sugeriu como devem ser feitos os investimentos p\u00fablicos na localidade. Na ocasi\u00e3o, estiveram presentes o prefeito Julio Lossio, o coordenador do Programa, Geraldo Junior, al\u00e9m de secret\u00e1rios e vereadores municipais.<\/p>\n<p style=\"text-align: justify\">\u201cUmas das nossas principais reivindica\u00e7\u00f5es s\u00e3o as obras de saneamento b\u00e1sico e a constru\u00e7\u00e3o de creches para abrigar as crian\u00e7as enquanto as m\u00e3es trabalham. Esperamos que os resultados sejam positivos e que o governo municipal continue atento \u00e0s nossas necessidades\u201d, comenta a presidente da Associa\u00e7\u00e3o de Moradores da Vila 9 N5, Lucilene Santos.<\/p>\n<p style=\"text-align: justify\">Durante o encontro, o prefeito Julio Lossio destacou a import\u00e2ncia da popula\u00e7\u00e3o em opinar e participar da constru\u00e7\u00e3o do planejamento das atividades da gest\u00e3o. \u201cN\u00f3s estamos aqui para fazer um trabalho importante. Todas as a\u00e7\u00f5es que iremos desenvolver ter\u00e3o como base esse documento. Por isso \u00e9 de extrema import\u00e2ncia que os moradores relatem as suas necessidades e o que desejam para a sua comunidade\u201d.<!--more--><\/p>\n<p style=\"text-align: justify\">O Programa Prefeitura Participativa ir\u00e1 planejar a atua\u00e7\u00e3o da Prefeitura de Petrolina para os pr\u00f3ximos 04 anos, 2014-2017. Ao todo 20 Regi\u00f5es Administrativas(RA\u00b4s) ser\u00e3o ouvidas. Ser\u00e3o 26 audi\u00eancias do Prefeitura Participativa para ouvir a comunidade que tamb\u00e9m se reunir\u00e1 em cada uma delas em tr\u00eas grupos de trabalho para definir as prioridades que cada uma quer para o lugar em que vive. Os grupos de trabalho envolvem todas as secretarias municipais e a comunidade de cada local. Os grupos s\u00e3o distribu\u00eddos em Infraestrutura e Desenvolvimento Econ\u00f4mico, o segundo grupo em Cultura, Esporte e Lazer e o terceiro em Cidadania e Qualidade de Vida.<\/p>\n<p style=\"text-align: justify\">\u201cFoi a partir do Programa Prefeitura Participativa, que assim como outras comunidades da sede, as comunidades das agrovilas dos per\u00edmetros irrigados em Petrolina conquistaram creches, unidades da AME, campos iluminados, entre outras benfeitorias que trouxeram melhores condi\u00e7\u00f5es de vida para as comunidades\u201d, frisa o coordenador do Programa Prefeitura Participativa, Geraldo Junior.<\/p>\n<p><strong>Texto: Alinne Torres\/Fotos: Gilson Santos<\/strong><\/p>\n","protected":false},"excerpt":{"rendered":"<p>Na noite dessa quinta-feira (19), o Projeto Senador Nilo Coelho- N\u00facleo 5- foi palco da segunda plen\u00e1ria do Programa Prefeitura Participativa. Durante o encontro a popula\u00e7\u00e3o apontou as dificuldades enfrentadas, bem como sugeriu como devem ser feitos os investimentos p\u00fablicos na localidade. Na ocasi\u00e3o, estiveram presentes o prefeito Julio Lossio, o coordenador do Programa, Geraldo Junior, al\u00e9m de secret\u00e1rios e vereadores municipais. \u201cUmas das nossas principais reivindica\u00e7\u00f5es s\u00e3o as obras de saneamento b\u00e1sico e a constru\u00e7\u00e3o de creches para abrigar as crian\u00e7as enquanto as m\u00e3es trabalham. Esperamos que os resultados sejam positivos e que o governo municipal continue atento \u00e0s nossas necessidades\u201d, comenta a presidente da Associa\u00e7\u00e3o de Moradores da Vila 9 N5, Lucilene Santos. Durante o encontro, o prefeito&hellip; <\/p>\n","protected":false},"author":3,"featured_media":0,"comment_status":"open","ping_status":"open","sticky":false,"template":"","format":"standard","meta":{"_acf_changed":false,"footnotes":""},"categories":[1],"tags":[],"class_list":["post-57943","post","type-post","status-publish","format-standard","hentry","category-politica"],"acf":[],"yoast_head":"<!-- This site is optimized with the Yoast SEO plugin v27.4 - https:\/\/yoast.com\/product\/yoast-seo-wordpress\/ -->\n<title>POPULA\u00c7\u00c3O DO N5 PARTICIPA DO PROGRAMA PETROLINA PARTICIPATIVA - Blog do Farn\u00e9sio<\/title>\n<meta name=\"robots\" content=\"index, follow, max-snippet:-1, max-image-preview:large, max-video-preview:-1\" \/>\n<link rel=\"canonical\" href=\"https:\/\/blogdofarnesio.com.br\/?p=57943\" \/>\n<meta property=\"og:locale\" content=\"pt_BR\" \/>\n<meta property=\"og:type\" content=\"article\" \/>\n<meta property=\"og:title\" content=\"POPULA\u00c7\u00c3O DO N5 PARTICIPA DO PROGRAMA PETROLINA PARTICIPATIVA - Blog do Farn\u00e9sio\" \/>\n<meta property=\"og:description\" content=\"Na noite dessa quinta-feira (19), o Projeto Senador Nilo Coelho- N\u00facleo 5- foi palco da segunda plen\u00e1ria do Programa Prefeitura Participativa. Durante o encontro a popula\u00e7\u00e3o apontou as dificuldades enfrentadas, bem como sugeriu como devem ser feitos os investimentos p\u00fablicos na localidade. Na ocasi\u00e3o, estiveram presentes o prefeito Julio Lossio, o coordenador do Programa, Geraldo Junior, al\u00e9m de secret\u00e1rios e vereadores municipais. \u201cUmas das nossas principais reivindica\u00e7\u00f5es s\u00e3o as obras de saneamento b\u00e1sico e a constru\u00e7\u00e3o de creches para abrigar as crian\u00e7as enquanto as m\u00e3es trabalham. Esperamos que os resultados sejam positivos e que o governo municipal continue atento \u00e0s nossas necessidades\u201d, comenta a presidente da Associa\u00e7\u00e3o de Moradores da Vila 9 N5, Lucilene Santos. Durante o encontro, o prefeito&hellip;\" \/>\n<meta property=\"og:url\" content=\"https:\/\/blogdofarnesio.com.br\/?p=57943\" \/>\n<meta property=\"og:site_name\" content=\"Blog do Farn\u00e9sio\" \/>\n<meta property=\"article:publisher\" content=\"https:\/\/www.facebook.com\/BlogQuerSaberPolitica\/\" \/>\n<meta property=\"article:published_time\" content=\"2013-09-21T12:03:09+00:00\" \/>\n<meta property=\"og:image\" content=\"http:\/\/www.quersaberpolitica.com.br\/2016\/wp-content\/uploads\/2013\/09\/DSC_-7373-01.jpg\" \/>\n<meta name=\"author\" content=\"teste\" \/>\n<meta name=\"twitter:card\" content=\"summary_large_image\" \/>\n<meta name=\"twitter:label1\" content=\"Escrito por\" \/>\n\t<meta name=\"twitter:data1\" content=\"teste\" \/>\n\t<meta name=\"twitter:label2\" content=\"Est. tempo de leitura\" \/>\n\t<meta name=\"twitter:data2\" content=\"2 minutos\" \/>\n<script type=\"application\/ld+json\" class=\"yoast-schema-graph\">{\"@context\":\"https:\\\/\\\/schema.org\",\"@graph\":[{\"@type\":\"Article\",\"@id\":\"https:\\\/\\\/blogdofarnesio.com.br\\\/?p=57943#article\",\"isPartOf\":{\"@id\":\"https:\\\/\\\/blogdofarnesio.com.br\\\/?p=57943\"},\"author\":{\"name\":\"teste\",\"@id\":\"https:\\\/\\\/blogdofarnesio.com.br\\\/#\\\/schema\\\/person\\\/dd1bf5eba40b687199ba45ca6b97dff9\"},\"headline\":\"POPULA\u00c7\u00c3O DO N5 PARTICIPA DO PROGRAMA PETROLINA PARTICIPATIVA\",\"datePublished\":\"2013-09-21T12:03:09+00:00\",\"mainEntityOfPage\":{\"@id\":\"https:\\\/\\\/blogdofarnesio.com.br\\\/?p=57943\"},\"wordCount\":379,\"commentCount\":0,\"publisher\":{\"@id\":\"https:\\\/\\\/blogdofarnesio.com.br\\\/#organization\"},\"image\":{\"@id\":\"https:\\\/\\\/blogdofarnesio.com.br\\\/?p=57943#primaryimage\"},\"thumbnailUrl\":\"http:\\\/\\\/www.quersaberpolitica.com.br\\\/2016\\\/wp-content\\\/uploads\\\/2013\\\/09\\\/DSC_-7373-01.jpg\",\"articleSection\":[\"Pol\u00edtica\"],\"inLanguage\":\"pt-BR\",\"potentialAction\":[{\"@type\":\"CommentAction\",\"name\":\"Comment\",\"target\":[\"https:\\\/\\\/blogdofarnesio.com.br\\\/?p=57943#respond\"]}]},{\"@type\":\"WebPage\",\"@id\":\"https:\\\/\\\/blogdofarnesio.com.br\\\/?p=57943\",\"url\":\"https:\\\/\\\/blogdofarnesio.com.br\\\/?p=57943\",\"name\":\"POPULA\u00c7\u00c3O DO N5 PARTICIPA DO PROGRAMA PETROLINA PARTICIPATIVA - Blog do Farn\u00e9sio\",\"isPartOf\":{\"@id\":\"https:\\\/\\\/blogdofarnesio.com.br\\\/#website\"},\"primaryImageOfPage\":{\"@id\":\"https:\\\/\\\/blogdofarnesio.com.br\\\/?p=57943#primaryimage\"},\"image\":{\"@id\":\"https:\\\/\\\/blogdofarnesio.com.br\\\/?p=57943#primaryimage\"},\"thumbnailUrl\":\"http:\\\/\\\/www.quersaberpolitica.com.br\\\/2016\\\/wp-content\\\/uploads\\\/2013\\\/09\\\/DSC_-7373-01.jpg\",\"datePublished\":\"2013-09-21T12:03:09+00:00\",\"breadcrumb\":{\"@id\":\"https:\\\/\\\/blogdofarnesio.com.br\\\/?p=57943#breadcrumb\"},\"inLanguage\":\"pt-BR\",\"potentialAction\":[{\"@type\":\"ReadAction\",\"target\":[\"https:\\\/\\\/blogdofarnesio.com.br\\\/?p=57943\"]}]},{\"@type\":\"ImageObject\",\"inLanguage\":\"pt-BR\",\"@id\":\"https:\\\/\\\/blogdofarnesio.com.br\\\/?p=57943#primaryimage\",\"url\":\"http:\\\/\\\/www.quersaberpolitica.com.br\\\/2016\\\/wp-content\\\/uploads\\\/2013\\\/09\\\/DSC_-7373-01.jpg\",\"contentUrl\":\"http:\\\/\\\/www.quersaberpolitica.com.br\\\/2016\\\/wp-content\\\/uploads\\\/2013\\\/09\\\/DSC_-7373-01.jpg\"},{\"@type\":\"BreadcrumbList\",\"@id\":\"https:\\\/\\\/blogdofarnesio.com.br\\\/?p=57943#breadcrumb\",\"itemListElement\":[{\"@type\":\"ListItem\",\"position\":1,\"name\":\"In\u00edcio\",\"item\":\"https:\\\/\\\/blogdofarnesio.com.br\\\/\"},{\"@type\":\"ListItem\",\"position\":2,\"name\":\"POPULA\u00c7\u00c3O DO N5 PARTICIPA DO PROGRAMA PETROLINA PARTICIPATIVA\"}]},{\"@type\":\"WebSite\",\"@id\":\"https:\\\/\\\/blogdofarnesio.com.br\\\/#website\",\"url\":\"https:\\\/\\\/blogdofarnesio.com.br\\\/\",\"name\":\"Blog do Farn\u00e9sio\",\"description\":\"Quer Saber Pol\u00edtica?\",\"publisher\":{\"@id\":\"https:\\\/\\\/blogdofarnesio.com.br\\\/#organization\"},\"potentialAction\":[{\"@type\":\"SearchAction\",\"target\":{\"@type\":\"EntryPoint\",\"urlTemplate\":\"https:\\\/\\\/blogdofarnesio.com.br\\\/?s={search_term_string}\"},\"query-input\":{\"@type\":\"PropertyValueSpecification\",\"valueRequired\":true,\"valueName\":\"search_term_string\"}}],\"inLanguage\":\"pt-BR\"},{\"@type\":\"Organization\",\"@id\":\"https:\\\/\\\/blogdofarnesio.com.br\\\/#organization\",\"name\":\"Blog do Farn\u00e9sio\",\"url\":\"https:\\\/\\\/blogdofarnesio.com.br\\\/\",\"logo\":{\"@type\":\"ImageObject\",\"inLanguage\":\"pt-BR\",\"@id\":\"https:\\\/\\\/blogdofarnesio.com.br\\\/#\\\/schema\\\/logo\\\/image\\\/\",\"url\":\"https:\\\/\\\/blogdofarnesio.com.br\\\/wp-content\\\/uploads\\\/2026\\\/03\\\/cropped-logo_new-1.png\",\"contentUrl\":\"https:\\\/\\\/blogdofarnesio.com.br\\\/wp-content\\\/uploads\\\/2026\\\/03\\\/cropped-logo_new-1.png\",\"width\":881,\"height\":685,\"caption\":\"Blog do Farn\u00e9sio\"},\"image\":{\"@id\":\"https:\\\/\\\/blogdofarnesio.com.br\\\/#\\\/schema\\\/logo\\\/image\\\/\"},\"sameAs\":[\"https:\\\/\\\/www.facebook.com\\\/BlogQuerSaberPolitica\\\/\"]},{\"@type\":\"Person\",\"@id\":\"https:\\\/\\\/blogdofarnesio.com.br\\\/#\\\/schema\\\/person\\\/dd1bf5eba40b687199ba45ca6b97dff9\",\"name\":\"teste\",\"image\":{\"@type\":\"ImageObject\",\"inLanguage\":\"pt-BR\",\"@id\":\"https:\\\/\\\/secure.gravatar.com\\\/avatar\\\/2172498d4914b51e1d89a0f97957b035ac4938723a5cac208135d389b6972a6d?s=96&d=mm&r=g\",\"url\":\"https:\\\/\\\/secure.gravatar.com\\\/avatar\\\/2172498d4914b51e1d89a0f97957b035ac4938723a5cac208135d389b6972a6d?s=96&d=mm&r=g\",\"contentUrl\":\"https:\\\/\\\/secure.gravatar.com\\\/avatar\\\/2172498d4914b51e1d89a0f97957b035ac4938723a5cac208135d389b6972a6d?s=96&d=mm&r=g\",\"caption\":\"teste\"},\"url\":\"https:\\\/\\\/blogdofarnesio.com.br\\\/?author=3\"}]}<\/script>\n<!-- \/ Yoast SEO plugin. -->","yoast_head_json":{"title":"POPULA\u00c7\u00c3O DO N5 PARTICIPA DO PROGRAMA PETROLINA PARTICIPATIVA - Blog do Farn\u00e9sio","robots":{"index":"index","follow":"follow","max-snippet":"max-snippet:-1","max-image-preview":"max-image-preview:large","max-video-preview":"max-video-preview:-1"},"canonical":"https:\/\/blogdofarnesio.com.br\/?p=57943","og_locale":"pt_BR","og_type":"article","og_title":"POPULA\u00c7\u00c3O DO N5 PARTICIPA DO PROGRAMA PETROLINA PARTICIPATIVA - Blog do Farn\u00e9sio","og_description":"Na noite dessa quinta-feira (19), o Projeto Senador Nilo Coelho- N\u00facleo 5- foi palco da segunda plen\u00e1ria do Programa Prefeitura Participativa. Durante o encontro a popula\u00e7\u00e3o apontou as dificuldades enfrentadas, bem como sugeriu como devem ser feitos os investimentos p\u00fablicos na localidade. Na ocasi\u00e3o, estiveram presentes o prefeito Julio Lossio, o coordenador do Programa, Geraldo Junior, al\u00e9m de secret\u00e1rios e vereadores municipais. \u201cUmas das nossas principais reivindica\u00e7\u00f5es s\u00e3o as obras de saneamento b\u00e1sico e a constru\u00e7\u00e3o de creches para abrigar as crian\u00e7as enquanto as m\u00e3es trabalham. Esperamos que os resultados sejam positivos e que o governo municipal continue atento \u00e0s nossas necessidades\u201d, comenta a presidente da Associa\u00e7\u00e3o de Moradores da Vila 9 N5, Lucilene Santos. Durante o encontro, o prefeito&hellip;","og_url":"https:\/\/blogdofarnesio.com.br\/?p=57943","og_site_name":"Blog do Farn\u00e9sio","article_publisher":"https:\/\/www.facebook.com\/BlogQuerSaberPolitica\/","article_published_time":"2013-09-21T12:03:09+00:00","og_image":[{"url":"http:\/\/www.quersaberpolitica.com.br\/2016\/wp-content\/uploads\/2013\/09\/DSC_-7373-01.jpg","type":"","width":"","height":""}],"author":"teste","twitter_card":"summary_large_image","twitter_misc":{"Escrito por":"teste","Est. tempo de leitura":"2 minutos"},"schema":{"@context":"https:\/\/schema.org","@graph":[{"@type":"Article","@id":"https:\/\/blogdofarnesio.com.br\/?p=57943#article","isPartOf":{"@id":"https:\/\/blogdofarnesio.com.br\/?p=57943"},"author":{"name":"teste","@id":"https:\/\/blogdofarnesio.com.br\/#\/schema\/person\/dd1bf5eba40b687199ba45ca6b97dff9"},"headline":"POPULA\u00c7\u00c3O DO N5 PARTICIPA DO PROGRAMA PETROLINA PARTICIPATIVA","datePublished":"2013-09-21T12:03:09+00:00","mainEntityOfPage":{"@id":"https:\/\/blogdofarnesio.com.br\/?p=57943"},"wordCount":379,"commentCount":0,"publisher":{"@id":"https:\/\/blogdofarnesio.com.br\/#organization"},"image":{"@id":"https:\/\/blogdofarnesio.com.br\/?p=57943#primaryimage"},"thumbnailUrl":"http:\/\/www.quersaberpolitica.com.br\/2016\/wp-content\/uploads\/2013\/09\/DSC_-7373-01.jpg","articleSection":["Pol\u00edtica"],"inLanguage":"pt-BR","potentialAction":[{"@type":"CommentAction","name":"Comment","target":["https:\/\/blogdofarnesio.com.br\/?p=57943#respond"]}]},{"@type":"WebPage","@id":"https:\/\/blogdofarnesio.com.br\/?p=57943","url":"https:\/\/blogdofarnesio.com.br\/?p=57943","name":"POPULA\u00c7\u00c3O DO N5 PARTICIPA DO PROGRAMA PETROLINA PARTICIPATIVA - Blog do Farn\u00e9sio","isPartOf":{"@id":"https:\/\/blogdofarnesio.com.br\/#website"},"primaryImageOfPage":{"@id":"https:\/\/blogdofarnesio.com.br\/?p=57943#primaryimage"},"image":{"@id":"https:\/\/blogdofarnesio.com.br\/?p=57943#primaryimage"},"thumbnailUrl":"http:\/\/www.quersaberpolitica.com.br\/2016\/wp-content\/uploads\/2013\/09\/DSC_-7373-01.jpg","datePublished":"2013-09-21T12:03:09+00:00","breadcrumb":{"@id":"https:\/\/blogdofarnesio.com.br\/?p=57943#breadcrumb"},"inLanguage":"pt-BR","potentialAction":[{"@type":"ReadAction","target":["https:\/\/blogdofarnesio.com.br\/?p=57943"]}]},{"@type":"ImageObject","inLanguage":"pt-BR","@id":"https:\/\/blogdofarnesio.com.br\/?p=57943#primaryimage","url":"http:\/\/www.quersaberpolitica.com.br\/2016\/wp-content\/uploads\/2013\/09\/DSC_-7373-01.jpg","contentUrl":"http:\/\/www.quersaberpolitica.com.br\/2016\/wp-content\/uploads\/2013\/09\/DSC_-7373-01.jpg"},{"@type":"BreadcrumbList","@id":"https:\/\/blogdofarnesio.com.br\/?p=57943#breadcrumb","itemListElement":[{"@type":"ListItem","position":1,"name":"In\u00edcio","item":"https:\/\/blogdofarnesio.com.br\/"},{"@type":"ListItem","position":2,"name":"POPULA\u00c7\u00c3O DO N5 PARTICIPA DO PROGRAMA PETROLINA PARTICIPATIVA"}]},{"@type":"WebSite","@id":"https:\/\/blogdofarnesio.com.br\/#website","url":"https:\/\/blogdofarnesio.com.br\/","name":"Blog do Farn\u00e9sio","description":"Quer Saber Pol\u00edtica?","publisher":{"@id":"https:\/\/blogdofarnesio.com.br\/#organization"},"potentialAction":[{"@type":"SearchAction","target":{"@type":"EntryPoint","urlTemplate":"https:\/\/blogdofarnesio.com.br\/?s={search_term_string}"},"query-input":{"@type":"PropertyValueSpecification","valueRequired":true,"valueName":"search_term_string"}}],"inLanguage":"pt-BR"},{"@type":"Organization","@id":"https:\/\/blogdofarnesio.com.br\/#organization","name":"Blog do Farn\u00e9sio","url":"https:\/\/blogdofarnesio.com.br\/","logo":{"@type":"ImageObject","inLanguage":"pt-BR","@id":"https:\/\/blogdofarnesio.com.br\/#\/schema\/logo\/image\/","url":"https:\/\/blogdofarnesio.com.br\/wp-content\/uploads\/2026\/03\/cropped-logo_new-1.png","contentUrl":"https:\/\/blogdofarnesio.com.br\/wp-content\/uploads\/2026\/03\/cropped-logo_new-1.png","width":881,"height":685,"caption":"Blog do Farn\u00e9sio"},"image":{"@id":"https:\/\/blogdofarnesio.com.br\/#\/schema\/logo\/image\/"},"sameAs":["https:\/\/www.facebook.com\/BlogQuerSaberPolitica\/"]},{"@type":"Person","@id":"https:\/\/blogdofarnesio.com.br\/#\/schema\/person\/dd1bf5eba40b687199ba45ca6b97dff9","name":"teste","image":{"@type":"ImageObject","inLanguage":"pt-BR","@id":"https:\/\/secure.gravatar.com\/avatar\/2172498d4914b51e1d89a0f97957b035ac4938723a5cac208135d389b6972a6d?s=96&d=mm&r=g","url":"https:\/\/secure.gravatar.com\/avatar\/2172498d4914b51e1d89a0f97957b035ac4938723a5cac208135d389b6972a6d?s=96&d=mm&r=g","contentUrl":"https:\/\/secure.gravatar.com\/avatar\/2172498d4914b51e1d89a0f97957b035ac4938723a5cac208135d389b6972a6d?s=96&d=mm&r=g","caption":"teste"},"url":"https:\/\/blogdofarnesio.com.br\/?author=3"}]}},"_links":{"self":[{"href":"https:\/\/blogdofarnesio.com.br\/index.php?rest_route=\/wp\/v2\/posts\/57943","targetHints":{"allow":["GET"]}}],"collection":[{"href":"https:\/\/blogdofarnesio.com.br\/index.php?rest_route=\/wp\/v2\/posts"}],"about":[{"href":"https:\/\/blogdofarnesio.com.br\/index.php?rest_route=\/wp\/v2\/types\/post"}],"author":[{"embeddable":true,"href":"https:\/\/blogdofarnesio.com.br\/index.php?rest_route=\/wp\/v2\/users\/3"}],"replies":[{"embeddable":true,"href":"https:\/\/blogdofarnesio.com.br\/index.php?rest_route=%2Fwp%2Fv2%2Fcomments&post=57943"}],"version-history":[{"count":0,"href":"https:\/\/blogdofarnesio.com.br\/index.php?rest_route=\/wp\/v2\/posts\/57943\/revisions"}],"wp:attachment":[{"href":"https:\/\/blogdofarnesio.com.br\/index.php?rest_route=%2Fwp%2Fv2%2Fmedia&parent=57943"}],"wp:term":[{"taxonomy":"category","embeddable":true,"href":"https:\/\/blogdofarnesio.com.br\/index.php?rest_route=%2Fwp%2Fv2%2Fcategories&post=57943"},{"taxonomy":"post_tag","embeddable":true,"href":"https:\/\/blogdofarnesio.com.br\/index.php?rest_route=%2Fwp%2Fv2%2Ftags&post=57943"}],"curies":[{"name":"wp","href":"https:\/\/api.w.org\/{rel}","templated":true}]}}