{"id":57799,"date":"2013-09-19T20:00:29","date_gmt":"2013-09-19T23:00:29","guid":{"rendered":"http:\/\/www.quersaberpolitica.com.br\/?p=57799"},"modified":"2013-09-19T18:22:17","modified_gmt":"2013-09-19T21:22:17","slug":"stf-confirmou-que-justica-e-implacavel-so-para-os-pobres","status":"publish","type":"post","link":"https:\/\/blogdofarnesio.com.br\/?p=57799","title":{"rendered":"STF CONFIRMOU QUE JUSTI\u00c7A \u00c9 IMPLAC\u00c1VEL S\u00d3 PARA OS POBRES"},"content":{"rendered":"<div style=\"text-align: justify\"><img decoding=\"async\" alt=\"\" src=\"http:\/\/diariodopoder.com.br\/wp-content\/uploads\/2013\/06\/carlos-chagas.jpg\" height=\"88\" \/><\/div>\n<div style=\"text-align: justify\">CARLOS CHAGAS<\/div>\n<div style=\"text-align: justify\">\n<p>Depois de quase duas horas de erudi\u00e7\u00e3o jur\u00eddica enfadonha, que poderia ter resumido em uma ou duas frases, o ministro Celso de Mello cumpriu o ritual aguardado desde a semana passada: aceitou e desempatou a d\u00favida sobre disporem os condenados do mensal\u00e3o direito a um novo julgamento.<\/p>\n<p>Numa palavra, as primeiras senten\u00e7as que levaram meses para ser exaradas poder\u00e3o, a partir de ontem, ser revistas e modificadas. Obviamente que em processos capazes de arrastar-se pelo pr\u00f3ximo ano inteiro,\u00a0 ensejando a que\u00a0 os condenados pelo maior esc\u00e2ndalo nacional dos \u00faltimos tempos \u00a0permane\u00e7am em liberdade, tanto os beneficiados pelos embargos infringentes quanto os demais.<\/p>\n<p>Confirma-se o mote popular de que Justi\u00e7a, no Brasil, \u00e9 aplicada implacavelmente sobre os pobres. Os que integram as elites v\u00e3o empurrando suas senten\u00e7as com a barriga, atrav\u00e9s de\u00a0\u00a0 advogados remunerados a peso de ouro. A li\u00e7\u00e3o a tirar da sess\u00e3o de ontem do Supremo Tribunal Federal \u00e9 de que h\u00e1 condena\u00e7\u00f5es e condena\u00e7\u00f5es.<\/p>\n<p>Umas para valer, como no caso da m\u00e3e que furtou uma lata de leite em p\u00f3 num supermercado e foi mandada para atr\u00e1s das grades. Outras, \u00a0de que desviar milh\u00f5es, comprar votos\u00a0 parlamentares e sustentar estruturas corrompidas d\u00e1 prest\u00edgio, mas \u00a0n\u00e3o d\u00e1 cadeia. No m\u00e1ximo, not\u00edcia para os jornais.<\/p>\n<p>Conclui-se estarem preparando recursos at\u00e9 para o Ju\u00edzo Final, isto \u00e9,\u00a0 o Capeta logo ficar\u00e1 desempregado. Sempre existir\u00e1 um embargo em condi\u00e7\u00f5es de adiar o fogo eterno para quantos j\u00e1 foram condenados.<\/p>\n<p>A partir de agora, desfaz-se a derradeira esperan\u00e7a de recupera\u00e7\u00e3o de nossas institui\u00e7\u00f5es.<!--more--><\/p>\n<p>O Legislativo faz muito que perdeu sua credibilidade. Do Executivo, nem \u00e9 preciso falar. Restava o Judici\u00e1rio. \u00a0\u00a0N\u00e3o resta mais.\u00a0 Seguiu no caminho da vaca, ou seja, acaba de tomar o rumo do brejo.<\/p>\n<p>O triste nessa hist\u00f3ria de horror foi o comportamento da mais alta corte nacional de Justi\u00e7a. Primeiro, \u00a0seguiram todos para o lanche, em meio aos trabalhos. Ch\u00e1, caf\u00e9 com leite, bolinhos e past\u00e9is, como se nada de inusitado estivesse acontecendo. Nenhuma\u00a0 explos\u00e3o de protesto. Depois de encerrado o \u00a0voto de Celso de Mello, apenas discuss\u00f5es sobre a defini\u00e7\u00e3o\u00a0 dos novos relatores que examinar\u00e3o cada um dos embargos a ser apresentados.\u00a0 Nada de \u00a0gestos de indigna\u00e7\u00e3o, sequer contesta\u00e7\u00f5es da parte dos que se opuseram a tamanha farsa. Os onze ministros despiram suas togas e foram para casa jantar, indiferentes \u00e0 frustra\u00e7\u00e3o que o tribunal\u00a0 deixou na alma nacional. Cumpriram seu dever, devem estar pensando, ao abrigar-se numa duvidosa letra da confusa lei sobre a qual divergiam at\u00e9 pouco. Esqueceram que\u00a0 fazem parte da Humanidade, que integram uma sociedade muito superior aos seus\u00a0 alfarr\u00e1bios jur\u00eddicos e \u00e0s \u00a0suas vetustas cita\u00e7\u00f5es hist\u00f3ricas.\u00a0 J\u00e1 estavam, mas mais ficaram exclu\u00eddos do Brasil real, da comunidade que os beneficiou, elevando-os ao que seria o mais alto patamar da representatividade social. Tomaram o caminho das profundezas, de onde n\u00e3o deveriam ter sa\u00eddo por conta da ilus\u00e3o agora desfeita de\u00a0 poderem \u00a0apontar\u00a0 caminhos para a reden\u00e7\u00e3o nacional.<\/p>\n<p>N\u00e3o se debite apenas a Celso de Mello essa d\u00e9b\u00e2cle de conseq\u00fc\u00eancias ainda ignoradas. O brilho de sua erudi\u00e7\u00e3o apagou-se como um palito de f\u00f3sforo. Para que tanto conhecimento,\u00a0 se faltou-lhe sabedoria?<\/p>\n<p>Felizes estavam os mensaleiros, celebrando a conquista de mais uma morat\u00f3ria. De ano em ano sem parar na cadeia, acabar\u00e3o contribuindo para erigir\u00a0 uma nova est\u00e1tua \u00e0 Justi\u00e7a. Aquela que n\u00e3o ser\u00e1 modelada com a espada e a balan\u00e7a nas m\u00e3os, al\u00e9m da venda nos olhos. Pelo contr\u00e1rio, aparecer\u00e1 pelada, com faunos a seu redor\u2026<\/p>\n<\/div>\n","protected":false},"excerpt":{"rendered":"<p>CARLOS CHAGAS Depois de quase duas horas de erudi\u00e7\u00e3o jur\u00eddica enfadonha, que poderia ter resumido em uma ou duas frases, o ministro Celso de Mello cumpriu o ritual aguardado desde a semana passada: aceitou e desempatou a d\u00favida sobre disporem os condenados do mensal\u00e3o direito a um novo julgamento. Numa palavra, as primeiras senten\u00e7as que levaram meses para ser exaradas poder\u00e3o, a partir de ontem, ser revistas e modificadas. Obviamente que em processos capazes de arrastar-se pelo pr\u00f3ximo ano inteiro,\u00a0 ensejando a que\u00a0 os condenados pelo maior esc\u00e2ndalo nacional dos \u00faltimos tempos \u00a0permane\u00e7am em liberdade, tanto os beneficiados pelos embargos infringentes quanto os demais. Confirma-se o mote popular de que Justi\u00e7a, no Brasil, \u00e9 aplicada implacavelmente sobre os pobres. Os&hellip; <\/p>\n","protected":false},"author":3,"featured_media":0,"comment_status":"open","ping_status":"open","sticky":false,"template":"","format":"standard","meta":{"_acf_changed":false,"footnotes":""},"categories":[30],"tags":[],"class_list":["post-57799","post","type-post","status-publish","format-standard","hentry","category-artigo"],"acf":[],"yoast_head":"<!-- This site is optimized with the Yoast SEO plugin v27.4 - https:\/\/yoast.com\/product\/yoast-seo-wordpress\/ -->\n<title>STF CONFIRMOU QUE JUSTI\u00c7A \u00c9 IMPLAC\u00c1VEL S\u00d3 PARA OS POBRES - Blog do Farn\u00e9sio<\/title>\n<meta name=\"robots\" content=\"index, follow, max-snippet:-1, max-image-preview:large, max-video-preview:-1\" \/>\n<link rel=\"canonical\" href=\"https:\/\/blogdofarnesio.com.br\/?p=57799\" \/>\n<meta property=\"og:locale\" content=\"pt_BR\" \/>\n<meta property=\"og:type\" content=\"article\" \/>\n<meta property=\"og:title\" content=\"STF CONFIRMOU QUE JUSTI\u00c7A \u00c9 IMPLAC\u00c1VEL S\u00d3 PARA OS POBRES - Blog do Farn\u00e9sio\" \/>\n<meta property=\"og:description\" content=\"CARLOS CHAGAS Depois de quase duas horas de erudi\u00e7\u00e3o jur\u00eddica enfadonha, que poderia ter resumido em uma ou duas frases, o ministro Celso de Mello cumpriu o ritual aguardado desde a semana passada: aceitou e desempatou a d\u00favida sobre disporem os condenados do mensal\u00e3o direito a um novo julgamento. Numa palavra, as primeiras senten\u00e7as que levaram meses para ser exaradas poder\u00e3o, a partir de ontem, ser revistas e modificadas. Obviamente que em processos capazes de arrastar-se pelo pr\u00f3ximo ano inteiro,\u00a0 ensejando a que\u00a0 os condenados pelo maior esc\u00e2ndalo nacional dos \u00faltimos tempos \u00a0permane\u00e7am em liberdade, tanto os beneficiados pelos embargos infringentes quanto os demais. Confirma-se o mote popular de que Justi\u00e7a, no Brasil, \u00e9 aplicada implacavelmente sobre os pobres. Os&hellip;\" \/>\n<meta property=\"og:url\" content=\"https:\/\/blogdofarnesio.com.br\/?p=57799\" \/>\n<meta property=\"og:site_name\" content=\"Blog do Farn\u00e9sio\" \/>\n<meta property=\"article:publisher\" content=\"https:\/\/www.facebook.com\/BlogQuerSaberPolitica\/\" \/>\n<meta property=\"article:published_time\" content=\"2013-09-19T23:00:29+00:00\" \/>\n<meta property=\"og:image\" content=\"http:\/\/diariodopoder.com.br\/wp-content\/uploads\/2013\/06\/carlos-chagas.jpg\" \/>\n<meta name=\"author\" content=\"teste\" \/>\n<meta name=\"twitter:card\" content=\"summary_large_image\" \/>\n<meta name=\"twitter:label1\" content=\"Escrito por\" \/>\n\t<meta name=\"twitter:data1\" content=\"teste\" \/>\n\t<meta name=\"twitter:label2\" content=\"Est. tempo de leitura\" \/>\n\t<meta name=\"twitter:data2\" content=\"3 minutos\" \/>\n<script type=\"application\/ld+json\" class=\"yoast-schema-graph\">{\"@context\":\"https:\\\/\\\/schema.org\",\"@graph\":[{\"@type\":\"Article\",\"@id\":\"https:\\\/\\\/blogdofarnesio.com.br\\\/?p=57799#article\",\"isPartOf\":{\"@id\":\"https:\\\/\\\/blogdofarnesio.com.br\\\/?p=57799\"},\"author\":{\"name\":\"teste\",\"@id\":\"https:\\\/\\\/blogdofarnesio.com.br\\\/#\\\/schema\\\/person\\\/dd1bf5eba40b687199ba45ca6b97dff9\"},\"headline\":\"STF CONFIRMOU QUE JUSTI\u00c7A \u00c9 IMPLAC\u00c1VEL S\u00d3 PARA OS POBRES\",\"datePublished\":\"2013-09-19T23:00:29+00:00\",\"mainEntityOfPage\":{\"@id\":\"https:\\\/\\\/blogdofarnesio.com.br\\\/?p=57799\"},\"wordCount\":642,\"commentCount\":0,\"publisher\":{\"@id\":\"https:\\\/\\\/blogdofarnesio.com.br\\\/#organization\"},\"image\":{\"@id\":\"https:\\\/\\\/blogdofarnesio.com.br\\\/?p=57799#primaryimage\"},\"thumbnailUrl\":\"http:\\\/\\\/diariodopoder.com.br\\\/wp-content\\\/uploads\\\/2013\\\/06\\\/carlos-chagas.jpg\",\"articleSection\":[\"Artigo\"],\"inLanguage\":\"pt-BR\",\"potentialAction\":[{\"@type\":\"CommentAction\",\"name\":\"Comment\",\"target\":[\"https:\\\/\\\/blogdofarnesio.com.br\\\/?p=57799#respond\"]}]},{\"@type\":\"WebPage\",\"@id\":\"https:\\\/\\\/blogdofarnesio.com.br\\\/?p=57799\",\"url\":\"https:\\\/\\\/blogdofarnesio.com.br\\\/?p=57799\",\"name\":\"STF CONFIRMOU QUE JUSTI\u00c7A \u00c9 IMPLAC\u00c1VEL S\u00d3 PARA OS POBRES - Blog do Farn\u00e9sio\",\"isPartOf\":{\"@id\":\"https:\\\/\\\/blogdofarnesio.com.br\\\/#website\"},\"primaryImageOfPage\":{\"@id\":\"https:\\\/\\\/blogdofarnesio.com.br\\\/?p=57799#primaryimage\"},\"image\":{\"@id\":\"https:\\\/\\\/blogdofarnesio.com.br\\\/?p=57799#primaryimage\"},\"thumbnailUrl\":\"http:\\\/\\\/diariodopoder.com.br\\\/wp-content\\\/uploads\\\/2013\\\/06\\\/carlos-chagas.jpg\",\"datePublished\":\"2013-09-19T23:00:29+00:00\",\"breadcrumb\":{\"@id\":\"https:\\\/\\\/blogdofarnesio.com.br\\\/?p=57799#breadcrumb\"},\"inLanguage\":\"pt-BR\",\"potentialAction\":[{\"@type\":\"ReadAction\",\"target\":[\"https:\\\/\\\/blogdofarnesio.com.br\\\/?p=57799\"]}]},{\"@type\":\"ImageObject\",\"inLanguage\":\"pt-BR\",\"@id\":\"https:\\\/\\\/blogdofarnesio.com.br\\\/?p=57799#primaryimage\",\"url\":\"http:\\\/\\\/diariodopoder.com.br\\\/wp-content\\\/uploads\\\/2013\\\/06\\\/carlos-chagas.jpg\",\"contentUrl\":\"http:\\\/\\\/diariodopoder.com.br\\\/wp-content\\\/uploads\\\/2013\\\/06\\\/carlos-chagas.jpg\"},{\"@type\":\"BreadcrumbList\",\"@id\":\"https:\\\/\\\/blogdofarnesio.com.br\\\/?p=57799#breadcrumb\",\"itemListElement\":[{\"@type\":\"ListItem\",\"position\":1,\"name\":\"In\u00edcio\",\"item\":\"https:\\\/\\\/blogdofarnesio.com.br\\\/\"},{\"@type\":\"ListItem\",\"position\":2,\"name\":\"STF CONFIRMOU QUE JUSTI\u00c7A \u00c9 IMPLAC\u00c1VEL S\u00d3 PARA OS POBRES\"}]},{\"@type\":\"WebSite\",\"@id\":\"https:\\\/\\\/blogdofarnesio.com.br\\\/#website\",\"url\":\"https:\\\/\\\/blogdofarnesio.com.br\\\/\",\"name\":\"Blog do Farn\u00e9sio\",\"description\":\"Quer Saber Pol\u00edtica?\",\"publisher\":{\"@id\":\"https:\\\/\\\/blogdofarnesio.com.br\\\/#organization\"},\"potentialAction\":[{\"@type\":\"SearchAction\",\"target\":{\"@type\":\"EntryPoint\",\"urlTemplate\":\"https:\\\/\\\/blogdofarnesio.com.br\\\/?s={search_term_string}\"},\"query-input\":{\"@type\":\"PropertyValueSpecification\",\"valueRequired\":true,\"valueName\":\"search_term_string\"}}],\"inLanguage\":\"pt-BR\"},{\"@type\":\"Organization\",\"@id\":\"https:\\\/\\\/blogdofarnesio.com.br\\\/#organization\",\"name\":\"Blog do Farn\u00e9sio\",\"url\":\"https:\\\/\\\/blogdofarnesio.com.br\\\/\",\"logo\":{\"@type\":\"ImageObject\",\"inLanguage\":\"pt-BR\",\"@id\":\"https:\\\/\\\/blogdofarnesio.com.br\\\/#\\\/schema\\\/logo\\\/image\\\/\",\"url\":\"https:\\\/\\\/blogdofarnesio.com.br\\\/wp-content\\\/uploads\\\/2026\\\/03\\\/cropped-logo_new-1.png\",\"contentUrl\":\"https:\\\/\\\/blogdofarnesio.com.br\\\/wp-content\\\/uploads\\\/2026\\\/03\\\/cropped-logo_new-1.png\",\"width\":881,\"height\":685,\"caption\":\"Blog do Farn\u00e9sio\"},\"image\":{\"@id\":\"https:\\\/\\\/blogdofarnesio.com.br\\\/#\\\/schema\\\/logo\\\/image\\\/\"},\"sameAs\":[\"https:\\\/\\\/www.facebook.com\\\/BlogQuerSaberPolitica\\\/\"]},{\"@type\":\"Person\",\"@id\":\"https:\\\/\\\/blogdofarnesio.com.br\\\/#\\\/schema\\\/person\\\/dd1bf5eba40b687199ba45ca6b97dff9\",\"name\":\"teste\",\"image\":{\"@type\":\"ImageObject\",\"inLanguage\":\"pt-BR\",\"@id\":\"https:\\\/\\\/secure.gravatar.com\\\/avatar\\\/2172498d4914b51e1d89a0f97957b035ac4938723a5cac208135d389b6972a6d?s=96&d=mm&r=g\",\"url\":\"https:\\\/\\\/secure.gravatar.com\\\/avatar\\\/2172498d4914b51e1d89a0f97957b035ac4938723a5cac208135d389b6972a6d?s=96&d=mm&r=g\",\"contentUrl\":\"https:\\\/\\\/secure.gravatar.com\\\/avatar\\\/2172498d4914b51e1d89a0f97957b035ac4938723a5cac208135d389b6972a6d?s=96&d=mm&r=g\",\"caption\":\"teste\"},\"url\":\"https:\\\/\\\/blogdofarnesio.com.br\\\/?author=3\"}]}<\/script>\n<!-- \/ Yoast SEO plugin. -->","yoast_head_json":{"title":"STF CONFIRMOU QUE JUSTI\u00c7A \u00c9 IMPLAC\u00c1VEL S\u00d3 PARA OS POBRES - Blog do Farn\u00e9sio","robots":{"index":"index","follow":"follow","max-snippet":"max-snippet:-1","max-image-preview":"max-image-preview:large","max-video-preview":"max-video-preview:-1"},"canonical":"https:\/\/blogdofarnesio.com.br\/?p=57799","og_locale":"pt_BR","og_type":"article","og_title":"STF CONFIRMOU QUE JUSTI\u00c7A \u00c9 IMPLAC\u00c1VEL S\u00d3 PARA OS POBRES - Blog do Farn\u00e9sio","og_description":"CARLOS CHAGAS Depois de quase duas horas de erudi\u00e7\u00e3o jur\u00eddica enfadonha, que poderia ter resumido em uma ou duas frases, o ministro Celso de Mello cumpriu o ritual aguardado desde a semana passada: aceitou e desempatou a d\u00favida sobre disporem os condenados do mensal\u00e3o direito a um novo julgamento. Numa palavra, as primeiras senten\u00e7as que levaram meses para ser exaradas poder\u00e3o, a partir de ontem, ser revistas e modificadas. Obviamente que em processos capazes de arrastar-se pelo pr\u00f3ximo ano inteiro,\u00a0 ensejando a que\u00a0 os condenados pelo maior esc\u00e2ndalo nacional dos \u00faltimos tempos \u00a0permane\u00e7am em liberdade, tanto os beneficiados pelos embargos infringentes quanto os demais. Confirma-se o mote popular de que Justi\u00e7a, no Brasil, \u00e9 aplicada implacavelmente sobre os pobres. Os&hellip;","og_url":"https:\/\/blogdofarnesio.com.br\/?p=57799","og_site_name":"Blog do Farn\u00e9sio","article_publisher":"https:\/\/www.facebook.com\/BlogQuerSaberPolitica\/","article_published_time":"2013-09-19T23:00:29+00:00","og_image":[{"url":"http:\/\/diariodopoder.com.br\/wp-content\/uploads\/2013\/06\/carlos-chagas.jpg","type":"","width":"","height":""}],"author":"teste","twitter_card":"summary_large_image","twitter_misc":{"Escrito por":"teste","Est. tempo de leitura":"3 minutos"},"schema":{"@context":"https:\/\/schema.org","@graph":[{"@type":"Article","@id":"https:\/\/blogdofarnesio.com.br\/?p=57799#article","isPartOf":{"@id":"https:\/\/blogdofarnesio.com.br\/?p=57799"},"author":{"name":"teste","@id":"https:\/\/blogdofarnesio.com.br\/#\/schema\/person\/dd1bf5eba40b687199ba45ca6b97dff9"},"headline":"STF CONFIRMOU QUE JUSTI\u00c7A \u00c9 IMPLAC\u00c1VEL S\u00d3 PARA OS POBRES","datePublished":"2013-09-19T23:00:29+00:00","mainEntityOfPage":{"@id":"https:\/\/blogdofarnesio.com.br\/?p=57799"},"wordCount":642,"commentCount":0,"publisher":{"@id":"https:\/\/blogdofarnesio.com.br\/#organization"},"image":{"@id":"https:\/\/blogdofarnesio.com.br\/?p=57799#primaryimage"},"thumbnailUrl":"http:\/\/diariodopoder.com.br\/wp-content\/uploads\/2013\/06\/carlos-chagas.jpg","articleSection":["Artigo"],"inLanguage":"pt-BR","potentialAction":[{"@type":"CommentAction","name":"Comment","target":["https:\/\/blogdofarnesio.com.br\/?p=57799#respond"]}]},{"@type":"WebPage","@id":"https:\/\/blogdofarnesio.com.br\/?p=57799","url":"https:\/\/blogdofarnesio.com.br\/?p=57799","name":"STF CONFIRMOU QUE JUSTI\u00c7A \u00c9 IMPLAC\u00c1VEL S\u00d3 PARA OS POBRES - Blog do Farn\u00e9sio","isPartOf":{"@id":"https:\/\/blogdofarnesio.com.br\/#website"},"primaryImageOfPage":{"@id":"https:\/\/blogdofarnesio.com.br\/?p=57799#primaryimage"},"image":{"@id":"https:\/\/blogdofarnesio.com.br\/?p=57799#primaryimage"},"thumbnailUrl":"http:\/\/diariodopoder.com.br\/wp-content\/uploads\/2013\/06\/carlos-chagas.jpg","datePublished":"2013-09-19T23:00:29+00:00","breadcrumb":{"@id":"https:\/\/blogdofarnesio.com.br\/?p=57799#breadcrumb"},"inLanguage":"pt-BR","potentialAction":[{"@type":"ReadAction","target":["https:\/\/blogdofarnesio.com.br\/?p=57799"]}]},{"@type":"ImageObject","inLanguage":"pt-BR","@id":"https:\/\/blogdofarnesio.com.br\/?p=57799#primaryimage","url":"http:\/\/diariodopoder.com.br\/wp-content\/uploads\/2013\/06\/carlos-chagas.jpg","contentUrl":"http:\/\/diariodopoder.com.br\/wp-content\/uploads\/2013\/06\/carlos-chagas.jpg"},{"@type":"BreadcrumbList","@id":"https:\/\/blogdofarnesio.com.br\/?p=57799#breadcrumb","itemListElement":[{"@type":"ListItem","position":1,"name":"In\u00edcio","item":"https:\/\/blogdofarnesio.com.br\/"},{"@type":"ListItem","position":2,"name":"STF CONFIRMOU QUE JUSTI\u00c7A \u00c9 IMPLAC\u00c1VEL S\u00d3 PARA OS POBRES"}]},{"@type":"WebSite","@id":"https:\/\/blogdofarnesio.com.br\/#website","url":"https:\/\/blogdofarnesio.com.br\/","name":"Blog do Farn\u00e9sio","description":"Quer Saber Pol\u00edtica?","publisher":{"@id":"https:\/\/blogdofarnesio.com.br\/#organization"},"potentialAction":[{"@type":"SearchAction","target":{"@type":"EntryPoint","urlTemplate":"https:\/\/blogdofarnesio.com.br\/?s={search_term_string}"},"query-input":{"@type":"PropertyValueSpecification","valueRequired":true,"valueName":"search_term_string"}}],"inLanguage":"pt-BR"},{"@type":"Organization","@id":"https:\/\/blogdofarnesio.com.br\/#organization","name":"Blog do Farn\u00e9sio","url":"https:\/\/blogdofarnesio.com.br\/","logo":{"@type":"ImageObject","inLanguage":"pt-BR","@id":"https:\/\/blogdofarnesio.com.br\/#\/schema\/logo\/image\/","url":"https:\/\/blogdofarnesio.com.br\/wp-content\/uploads\/2026\/03\/cropped-logo_new-1.png","contentUrl":"https:\/\/blogdofarnesio.com.br\/wp-content\/uploads\/2026\/03\/cropped-logo_new-1.png","width":881,"height":685,"caption":"Blog do Farn\u00e9sio"},"image":{"@id":"https:\/\/blogdofarnesio.com.br\/#\/schema\/logo\/image\/"},"sameAs":["https:\/\/www.facebook.com\/BlogQuerSaberPolitica\/"]},{"@type":"Person","@id":"https:\/\/blogdofarnesio.com.br\/#\/schema\/person\/dd1bf5eba40b687199ba45ca6b97dff9","name":"teste","image":{"@type":"ImageObject","inLanguage":"pt-BR","@id":"https:\/\/secure.gravatar.com\/avatar\/2172498d4914b51e1d89a0f97957b035ac4938723a5cac208135d389b6972a6d?s=96&d=mm&r=g","url":"https:\/\/secure.gravatar.com\/avatar\/2172498d4914b51e1d89a0f97957b035ac4938723a5cac208135d389b6972a6d?s=96&d=mm&r=g","contentUrl":"https:\/\/secure.gravatar.com\/avatar\/2172498d4914b51e1d89a0f97957b035ac4938723a5cac208135d389b6972a6d?s=96&d=mm&r=g","caption":"teste"},"url":"https:\/\/blogdofarnesio.com.br\/?author=3"}]}},"_links":{"self":[{"href":"https:\/\/blogdofarnesio.com.br\/index.php?rest_route=\/wp\/v2\/posts\/57799","targetHints":{"allow":["GET"]}}],"collection":[{"href":"https:\/\/blogdofarnesio.com.br\/index.php?rest_route=\/wp\/v2\/posts"}],"about":[{"href":"https:\/\/blogdofarnesio.com.br\/index.php?rest_route=\/wp\/v2\/types\/post"}],"author":[{"embeddable":true,"href":"https:\/\/blogdofarnesio.com.br\/index.php?rest_route=\/wp\/v2\/users\/3"}],"replies":[{"embeddable":true,"href":"https:\/\/blogdofarnesio.com.br\/index.php?rest_route=%2Fwp%2Fv2%2Fcomments&post=57799"}],"version-history":[{"count":0,"href":"https:\/\/blogdofarnesio.com.br\/index.php?rest_route=\/wp\/v2\/posts\/57799\/revisions"}],"wp:attachment":[{"href":"https:\/\/blogdofarnesio.com.br\/index.php?rest_route=%2Fwp%2Fv2%2Fmedia&parent=57799"}],"wp:term":[{"taxonomy":"category","embeddable":true,"href":"https:\/\/blogdofarnesio.com.br\/index.php?rest_route=%2Fwp%2Fv2%2Fcategories&post=57799"},{"taxonomy":"post_tag","embeddable":true,"href":"https:\/\/blogdofarnesio.com.br\/index.php?rest_route=%2Fwp%2Fv2%2Ftags&post=57799"}],"curies":[{"name":"wp","href":"https:\/\/api.w.org\/{rel}","templated":true}]}}