{"id":57364,"date":"2013-09-17T06:11:57","date_gmt":"2013-09-17T09:11:57","guid":{"rendered":"http:\/\/www.quersaberpolitica.com.br\/?p=57364"},"modified":"2013-09-16T17:32:39","modified_gmt":"2013-09-16T20:32:39","slug":"secretaria-de-acessibilidade-de-petrolina-alerta-para-recadastramento","status":"publish","type":"post","link":"https:\/\/blogdofarnesio.com.br\/?p=57364","title":{"rendered":"SECRET\u00c1RIA DE ACESSIBILIDADE DE PETROLINA ALERTA PARA RECADASTRAMENTO"},"content":{"rendered":"<p style=\"text-align: justify\"><a href=\"http:\/\/www.quersaberpolitica.com.br\/2016\/wp-content\/uploads\/2013\/02\/blogqspacessibilidade.jpg\"><img loading=\"lazy\" decoding=\"async\" class=\"alignleft size-full wp-image-27175\" alt=\"blogqspacessibilidade\" src=\"http:\/\/www.quersaberpolitica.com.br\/2016\/wp-content\/uploads\/2013\/02\/blogqspacessibilidade.jpg\" width=\"225\" height=\"224\" srcset=\"https:\/\/blogdofarnesio.com.br\/wp-content\/uploads\/2013\/02\/blogqspacessibilidade.jpg 225w, https:\/\/blogdofarnesio.com.br\/wp-content\/uploads\/2013\/02\/blogqspacessibilidade-150x150.jpg 150w\" sizes=\"auto, (max-width: 225px) 100vw, 225px\" \/><\/a>A partir do dia 1\u00ba de outubro o servi\u00e7o de biometria estar\u00e1 em funcionamento nos transportes coletivos de Petrolina-PE. De acordo com informa\u00e7\u00f5es da Secretaria de acessibilidade da Cidade, atrav\u00e9s de relat\u00f3rios do Sindicato das Empresas de Transporte Coletivo de Passageiros do Vale do S\u00e3o Francisco (Setranvasf), ap\u00f3s quase tr\u00eas meses de recadastramento a procura pelo servi\u00e7o tem sido menor que o esperado.<\/p>\n<p style=\"text-align: justify\">De cerca de quatro mil pessoas com defici\u00eancia e doen\u00e7as cr\u00f4nicas cadastradas, menos de mil fizeram o recadastro, necess\u00e1rio para utilizar o servi\u00e7o. A Secret\u00e1ria de Acessibilidade, Rose Andrade, faz um alerta para os usu\u00e1rios dos coletivos. &#8220;\u00c9 que as pessoas com defici\u00eancia, que n\u00e3o fizerem o recadastramento n\u00e3o poder\u00e3o usufruir dos seus direitos a partir do dia previsto para o funcionamento da biometria&#8221;, ressaltou.<!--more--><\/p>\n<p style=\"text-align: justify\">Os interessados devem comparecer at\u00e9 a Secretaria de Acessibilidade, no Centro de Conven\u00e7\u00f5es, de Petrolina, das 08h as 17h, onde os peritos permanecer\u00e3o fazendo per\u00edcia e recadastramentos. Os documentos necess\u00e1rios s\u00e3o: Xerox de identidade, CPF, Comprovante de Resid\u00eancia e laudo m\u00e9dico e os acompanhantes (se for o caso), tamb\u00e9m devem ser cadastrados.<\/p>\n<p style=\"text-align: justify\">Quem n\u00e3o estiver recadastrado n\u00e3o ter\u00e1 acesso a usar o transporte.<\/p>\n","protected":false},"excerpt":{"rendered":"<p>A partir do dia 1\u00ba de outubro o servi\u00e7o de biometria estar\u00e1 em funcionamento nos transportes coletivos de Petrolina-PE. De acordo com informa\u00e7\u00f5es da Secretaria de acessibilidade da Cidade, atrav\u00e9s de relat\u00f3rios do Sindicato das Empresas de Transporte Coletivo de Passageiros do Vale do S\u00e3o Francisco (Setranvasf), ap\u00f3s quase tr\u00eas meses de recadastramento a procura pelo servi\u00e7o tem sido menor que o esperado. De cerca de quatro mil pessoas com defici\u00eancia e doen\u00e7as cr\u00f4nicas cadastradas, menos de mil fizeram o recadastro, necess\u00e1rio para utilizar o servi\u00e7o. A Secret\u00e1ria de Acessibilidade, Rose Andrade, faz um alerta para os usu\u00e1rios dos coletivos. &#8220;\u00c9 que as pessoas com defici\u00eancia, que n\u00e3o fizerem o recadastramento n\u00e3o poder\u00e3o usufruir dos seus direitos a partir do&hellip; <\/p>\n","protected":false},"author":3,"featured_media":0,"comment_status":"open","ping_status":"open","sticky":false,"template":"","format":"standard","meta":{"_acf_changed":false,"footnotes":""},"categories":[44],"tags":[],"class_list":["post-57364","post","type-post","status-publish","format-standard","hentry","category-administracao"],"acf":[],"yoast_head":"<!-- This site is optimized with the Yoast SEO plugin v27.4 - https:\/\/yoast.com\/product\/yoast-seo-wordpress\/ -->\n<title>SECRET\u00c1RIA DE ACESSIBILIDADE DE PETROLINA ALERTA PARA RECADASTRAMENTO - Blog do Farn\u00e9sio<\/title>\n<meta name=\"robots\" content=\"index, follow, max-snippet:-1, max-image-preview:large, max-video-preview:-1\" \/>\n<link rel=\"canonical\" href=\"https:\/\/blogdofarnesio.com.br\/?p=57364\" \/>\n<meta property=\"og:locale\" content=\"pt_BR\" \/>\n<meta property=\"og:type\" content=\"article\" \/>\n<meta property=\"og:title\" content=\"SECRET\u00c1RIA DE ACESSIBILIDADE DE PETROLINA ALERTA PARA RECADASTRAMENTO - Blog do Farn\u00e9sio\" \/>\n<meta property=\"og:description\" content=\"A partir do dia 1\u00ba de outubro o servi\u00e7o de biometria estar\u00e1 em funcionamento nos transportes coletivos de Petrolina-PE. De acordo com informa\u00e7\u00f5es da Secretaria de acessibilidade da Cidade, atrav\u00e9s de relat\u00f3rios do Sindicato das Empresas de Transporte Coletivo de Passageiros do Vale do S\u00e3o Francisco (Setranvasf), ap\u00f3s quase tr\u00eas meses de recadastramento a procura pelo servi\u00e7o tem sido menor que o esperado. De cerca de quatro mil pessoas com defici\u00eancia e doen\u00e7as cr\u00f4nicas cadastradas, menos de mil fizeram o recadastro, necess\u00e1rio para utilizar o servi\u00e7o. A Secret\u00e1ria de Acessibilidade, Rose Andrade, faz um alerta para os usu\u00e1rios dos coletivos. &#8220;\u00c9 que as pessoas com defici\u00eancia, que n\u00e3o fizerem o recadastramento n\u00e3o poder\u00e3o usufruir dos seus direitos a partir do&hellip;\" \/>\n<meta property=\"og:url\" content=\"https:\/\/blogdofarnesio.com.br\/?p=57364\" \/>\n<meta property=\"og:site_name\" content=\"Blog do Farn\u00e9sio\" \/>\n<meta property=\"article:publisher\" content=\"https:\/\/www.facebook.com\/BlogQuerSaberPolitica\/\" \/>\n<meta property=\"article:published_time\" content=\"2013-09-17T09:11:57+00:00\" \/>\n<meta property=\"og:image\" content=\"http:\/\/www.quersaberpolitica.com.br\/2016\/wp-content\/uploads\/2013\/02\/blogqspacessibilidade.jpg\" \/>\n<meta name=\"author\" content=\"teste\" \/>\n<meta name=\"twitter:card\" content=\"summary_large_image\" \/>\n<meta name=\"twitter:label1\" content=\"Escrito por\" \/>\n\t<meta name=\"twitter:data1\" content=\"teste\" \/>\n\t<meta name=\"twitter:label2\" content=\"Est. tempo de leitura\" \/>\n\t<meta name=\"twitter:data2\" content=\"1 minuto\" \/>\n<script type=\"application\/ld+json\" class=\"yoast-schema-graph\">{\"@context\":\"https:\\\/\\\/schema.org\",\"@graph\":[{\"@type\":\"Article\",\"@id\":\"https:\\\/\\\/blogdofarnesio.com.br\\\/?p=57364#article\",\"isPartOf\":{\"@id\":\"https:\\\/\\\/blogdofarnesio.com.br\\\/?p=57364\"},\"author\":{\"name\":\"teste\",\"@id\":\"https:\\\/\\\/blogdofarnesio.com.br\\\/#\\\/schema\\\/person\\\/dd1bf5eba40b687199ba45ca6b97dff9\"},\"headline\":\"SECRET\u00c1RIA DE ACESSIBILIDADE DE PETROLINA ALERTA PARA RECADASTRAMENTO\",\"datePublished\":\"2013-09-17T09:11:57+00:00\",\"mainEntityOfPage\":{\"@id\":\"https:\\\/\\\/blogdofarnesio.com.br\\\/?p=57364\"},\"wordCount\":227,\"commentCount\":0,\"publisher\":{\"@id\":\"https:\\\/\\\/blogdofarnesio.com.br\\\/#organization\"},\"image\":{\"@id\":\"https:\\\/\\\/blogdofarnesio.com.br\\\/?p=57364#primaryimage\"},\"thumbnailUrl\":\"http:\\\/\\\/www.quersaberpolitica.com.br\\\/2016\\\/wp-content\\\/uploads\\\/2013\\\/02\\\/blogqspacessibilidade.jpg\",\"articleSection\":[\"Administra\u00e7\u00e3o\"],\"inLanguage\":\"pt-BR\",\"potentialAction\":[{\"@type\":\"CommentAction\",\"name\":\"Comment\",\"target\":[\"https:\\\/\\\/blogdofarnesio.com.br\\\/?p=57364#respond\"]}]},{\"@type\":\"WebPage\",\"@id\":\"https:\\\/\\\/blogdofarnesio.com.br\\\/?p=57364\",\"url\":\"https:\\\/\\\/blogdofarnesio.com.br\\\/?p=57364\",\"name\":\"SECRET\u00c1RIA DE ACESSIBILIDADE DE PETROLINA ALERTA PARA RECADASTRAMENTO - Blog do Farn\u00e9sio\",\"isPartOf\":{\"@id\":\"https:\\\/\\\/blogdofarnesio.com.br\\\/#website\"},\"primaryImageOfPage\":{\"@id\":\"https:\\\/\\\/blogdofarnesio.com.br\\\/?p=57364#primaryimage\"},\"image\":{\"@id\":\"https:\\\/\\\/blogdofarnesio.com.br\\\/?p=57364#primaryimage\"},\"thumbnailUrl\":\"http:\\\/\\\/www.quersaberpolitica.com.br\\\/2016\\\/wp-content\\\/uploads\\\/2013\\\/02\\\/blogqspacessibilidade.jpg\",\"datePublished\":\"2013-09-17T09:11:57+00:00\",\"breadcrumb\":{\"@id\":\"https:\\\/\\\/blogdofarnesio.com.br\\\/?p=57364#breadcrumb\"},\"inLanguage\":\"pt-BR\",\"potentialAction\":[{\"@type\":\"ReadAction\",\"target\":[\"https:\\\/\\\/blogdofarnesio.com.br\\\/?p=57364\"]}]},{\"@type\":\"ImageObject\",\"inLanguage\":\"pt-BR\",\"@id\":\"https:\\\/\\\/blogdofarnesio.com.br\\\/?p=57364#primaryimage\",\"url\":\"http:\\\/\\\/www.quersaberpolitica.com.br\\\/2016\\\/wp-content\\\/uploads\\\/2013\\\/02\\\/blogqspacessibilidade.jpg\",\"contentUrl\":\"http:\\\/\\\/www.quersaberpolitica.com.br\\\/2016\\\/wp-content\\\/uploads\\\/2013\\\/02\\\/blogqspacessibilidade.jpg\"},{\"@type\":\"BreadcrumbList\",\"@id\":\"https:\\\/\\\/blogdofarnesio.com.br\\\/?p=57364#breadcrumb\",\"itemListElement\":[{\"@type\":\"ListItem\",\"position\":1,\"name\":\"In\u00edcio\",\"item\":\"https:\\\/\\\/blogdofarnesio.com.br\\\/\"},{\"@type\":\"ListItem\",\"position\":2,\"name\":\"SECRET\u00c1RIA DE ACESSIBILIDADE DE PETROLINA ALERTA PARA RECADASTRAMENTO\"}]},{\"@type\":\"WebSite\",\"@id\":\"https:\\\/\\\/blogdofarnesio.com.br\\\/#website\",\"url\":\"https:\\\/\\\/blogdofarnesio.com.br\\\/\",\"name\":\"Blog do Farn\u00e9sio\",\"description\":\"Quer Saber Pol\u00edtica?\",\"publisher\":{\"@id\":\"https:\\\/\\\/blogdofarnesio.com.br\\\/#organization\"},\"potentialAction\":[{\"@type\":\"SearchAction\",\"target\":{\"@type\":\"EntryPoint\",\"urlTemplate\":\"https:\\\/\\\/blogdofarnesio.com.br\\\/?s={search_term_string}\"},\"query-input\":{\"@type\":\"PropertyValueSpecification\",\"valueRequired\":true,\"valueName\":\"search_term_string\"}}],\"inLanguage\":\"pt-BR\"},{\"@type\":\"Organization\",\"@id\":\"https:\\\/\\\/blogdofarnesio.com.br\\\/#organization\",\"name\":\"Blog do Farn\u00e9sio\",\"url\":\"https:\\\/\\\/blogdofarnesio.com.br\\\/\",\"logo\":{\"@type\":\"ImageObject\",\"inLanguage\":\"pt-BR\",\"@id\":\"https:\\\/\\\/blogdofarnesio.com.br\\\/#\\\/schema\\\/logo\\\/image\\\/\",\"url\":\"https:\\\/\\\/blogdofarnesio.com.br\\\/wp-content\\\/uploads\\\/2026\\\/03\\\/cropped-logo_new-1.png\",\"contentUrl\":\"https:\\\/\\\/blogdofarnesio.com.br\\\/wp-content\\\/uploads\\\/2026\\\/03\\\/cropped-logo_new-1.png\",\"width\":881,\"height\":685,\"caption\":\"Blog do Farn\u00e9sio\"},\"image\":{\"@id\":\"https:\\\/\\\/blogdofarnesio.com.br\\\/#\\\/schema\\\/logo\\\/image\\\/\"},\"sameAs\":[\"https:\\\/\\\/www.facebook.com\\\/BlogQuerSaberPolitica\\\/\"]},{\"@type\":\"Person\",\"@id\":\"https:\\\/\\\/blogdofarnesio.com.br\\\/#\\\/schema\\\/person\\\/dd1bf5eba40b687199ba45ca6b97dff9\",\"name\":\"teste\",\"image\":{\"@type\":\"ImageObject\",\"inLanguage\":\"pt-BR\",\"@id\":\"https:\\\/\\\/secure.gravatar.com\\\/avatar\\\/2172498d4914b51e1d89a0f97957b035ac4938723a5cac208135d389b6972a6d?s=96&d=mm&r=g\",\"url\":\"https:\\\/\\\/secure.gravatar.com\\\/avatar\\\/2172498d4914b51e1d89a0f97957b035ac4938723a5cac208135d389b6972a6d?s=96&d=mm&r=g\",\"contentUrl\":\"https:\\\/\\\/secure.gravatar.com\\\/avatar\\\/2172498d4914b51e1d89a0f97957b035ac4938723a5cac208135d389b6972a6d?s=96&d=mm&r=g\",\"caption\":\"teste\"},\"url\":\"https:\\\/\\\/blogdofarnesio.com.br\\\/?author=3\"}]}<\/script>\n<!-- \/ Yoast SEO plugin. -->","yoast_head_json":{"title":"SECRET\u00c1RIA DE ACESSIBILIDADE DE PETROLINA ALERTA PARA RECADASTRAMENTO - Blog do Farn\u00e9sio","robots":{"index":"index","follow":"follow","max-snippet":"max-snippet:-1","max-image-preview":"max-image-preview:large","max-video-preview":"max-video-preview:-1"},"canonical":"https:\/\/blogdofarnesio.com.br\/?p=57364","og_locale":"pt_BR","og_type":"article","og_title":"SECRET\u00c1RIA DE ACESSIBILIDADE DE PETROLINA ALERTA PARA RECADASTRAMENTO - Blog do Farn\u00e9sio","og_description":"A partir do dia 1\u00ba de outubro o servi\u00e7o de biometria estar\u00e1 em funcionamento nos transportes coletivos de Petrolina-PE. De acordo com informa\u00e7\u00f5es da Secretaria de acessibilidade da Cidade, atrav\u00e9s de relat\u00f3rios do Sindicato das Empresas de Transporte Coletivo de Passageiros do Vale do S\u00e3o Francisco (Setranvasf), ap\u00f3s quase tr\u00eas meses de recadastramento a procura pelo servi\u00e7o tem sido menor que o esperado. De cerca de quatro mil pessoas com defici\u00eancia e doen\u00e7as cr\u00f4nicas cadastradas, menos de mil fizeram o recadastro, necess\u00e1rio para utilizar o servi\u00e7o. A Secret\u00e1ria de Acessibilidade, Rose Andrade, faz um alerta para os usu\u00e1rios dos coletivos. &#8220;\u00c9 que as pessoas com defici\u00eancia, que n\u00e3o fizerem o recadastramento n\u00e3o poder\u00e3o usufruir dos seus direitos a partir do&hellip;","og_url":"https:\/\/blogdofarnesio.com.br\/?p=57364","og_site_name":"Blog do Farn\u00e9sio","article_publisher":"https:\/\/www.facebook.com\/BlogQuerSaberPolitica\/","article_published_time":"2013-09-17T09:11:57+00:00","og_image":[{"url":"http:\/\/www.quersaberpolitica.com.br\/2016\/wp-content\/uploads\/2013\/02\/blogqspacessibilidade.jpg","type":"","width":"","height":""}],"author":"teste","twitter_card":"summary_large_image","twitter_misc":{"Escrito por":"teste","Est. tempo de leitura":"1 minuto"},"schema":{"@context":"https:\/\/schema.org","@graph":[{"@type":"Article","@id":"https:\/\/blogdofarnesio.com.br\/?p=57364#article","isPartOf":{"@id":"https:\/\/blogdofarnesio.com.br\/?p=57364"},"author":{"name":"teste","@id":"https:\/\/blogdofarnesio.com.br\/#\/schema\/person\/dd1bf5eba40b687199ba45ca6b97dff9"},"headline":"SECRET\u00c1RIA DE ACESSIBILIDADE DE PETROLINA ALERTA PARA RECADASTRAMENTO","datePublished":"2013-09-17T09:11:57+00:00","mainEntityOfPage":{"@id":"https:\/\/blogdofarnesio.com.br\/?p=57364"},"wordCount":227,"commentCount":0,"publisher":{"@id":"https:\/\/blogdofarnesio.com.br\/#organization"},"image":{"@id":"https:\/\/blogdofarnesio.com.br\/?p=57364#primaryimage"},"thumbnailUrl":"http:\/\/www.quersaberpolitica.com.br\/2016\/wp-content\/uploads\/2013\/02\/blogqspacessibilidade.jpg","articleSection":["Administra\u00e7\u00e3o"],"inLanguage":"pt-BR","potentialAction":[{"@type":"CommentAction","name":"Comment","target":["https:\/\/blogdofarnesio.com.br\/?p=57364#respond"]}]},{"@type":"WebPage","@id":"https:\/\/blogdofarnesio.com.br\/?p=57364","url":"https:\/\/blogdofarnesio.com.br\/?p=57364","name":"SECRET\u00c1RIA DE ACESSIBILIDADE DE PETROLINA ALERTA PARA RECADASTRAMENTO - Blog do Farn\u00e9sio","isPartOf":{"@id":"https:\/\/blogdofarnesio.com.br\/#website"},"primaryImageOfPage":{"@id":"https:\/\/blogdofarnesio.com.br\/?p=57364#primaryimage"},"image":{"@id":"https:\/\/blogdofarnesio.com.br\/?p=57364#primaryimage"},"thumbnailUrl":"http:\/\/www.quersaberpolitica.com.br\/2016\/wp-content\/uploads\/2013\/02\/blogqspacessibilidade.jpg","datePublished":"2013-09-17T09:11:57+00:00","breadcrumb":{"@id":"https:\/\/blogdofarnesio.com.br\/?p=57364#breadcrumb"},"inLanguage":"pt-BR","potentialAction":[{"@type":"ReadAction","target":["https:\/\/blogdofarnesio.com.br\/?p=57364"]}]},{"@type":"ImageObject","inLanguage":"pt-BR","@id":"https:\/\/blogdofarnesio.com.br\/?p=57364#primaryimage","url":"http:\/\/www.quersaberpolitica.com.br\/2016\/wp-content\/uploads\/2013\/02\/blogqspacessibilidade.jpg","contentUrl":"http:\/\/www.quersaberpolitica.com.br\/2016\/wp-content\/uploads\/2013\/02\/blogqspacessibilidade.jpg"},{"@type":"BreadcrumbList","@id":"https:\/\/blogdofarnesio.com.br\/?p=57364#breadcrumb","itemListElement":[{"@type":"ListItem","position":1,"name":"In\u00edcio","item":"https:\/\/blogdofarnesio.com.br\/"},{"@type":"ListItem","position":2,"name":"SECRET\u00c1RIA DE ACESSIBILIDADE DE PETROLINA ALERTA PARA RECADASTRAMENTO"}]},{"@type":"WebSite","@id":"https:\/\/blogdofarnesio.com.br\/#website","url":"https:\/\/blogdofarnesio.com.br\/","name":"Blog do Farn\u00e9sio","description":"Quer Saber Pol\u00edtica?","publisher":{"@id":"https:\/\/blogdofarnesio.com.br\/#organization"},"potentialAction":[{"@type":"SearchAction","target":{"@type":"EntryPoint","urlTemplate":"https:\/\/blogdofarnesio.com.br\/?s={search_term_string}"},"query-input":{"@type":"PropertyValueSpecification","valueRequired":true,"valueName":"search_term_string"}}],"inLanguage":"pt-BR"},{"@type":"Organization","@id":"https:\/\/blogdofarnesio.com.br\/#organization","name":"Blog do Farn\u00e9sio","url":"https:\/\/blogdofarnesio.com.br\/","logo":{"@type":"ImageObject","inLanguage":"pt-BR","@id":"https:\/\/blogdofarnesio.com.br\/#\/schema\/logo\/image\/","url":"https:\/\/blogdofarnesio.com.br\/wp-content\/uploads\/2026\/03\/cropped-logo_new-1.png","contentUrl":"https:\/\/blogdofarnesio.com.br\/wp-content\/uploads\/2026\/03\/cropped-logo_new-1.png","width":881,"height":685,"caption":"Blog do Farn\u00e9sio"},"image":{"@id":"https:\/\/blogdofarnesio.com.br\/#\/schema\/logo\/image\/"},"sameAs":["https:\/\/www.facebook.com\/BlogQuerSaberPolitica\/"]},{"@type":"Person","@id":"https:\/\/blogdofarnesio.com.br\/#\/schema\/person\/dd1bf5eba40b687199ba45ca6b97dff9","name":"teste","image":{"@type":"ImageObject","inLanguage":"pt-BR","@id":"https:\/\/secure.gravatar.com\/avatar\/2172498d4914b51e1d89a0f97957b035ac4938723a5cac208135d389b6972a6d?s=96&d=mm&r=g","url":"https:\/\/secure.gravatar.com\/avatar\/2172498d4914b51e1d89a0f97957b035ac4938723a5cac208135d389b6972a6d?s=96&d=mm&r=g","contentUrl":"https:\/\/secure.gravatar.com\/avatar\/2172498d4914b51e1d89a0f97957b035ac4938723a5cac208135d389b6972a6d?s=96&d=mm&r=g","caption":"teste"},"url":"https:\/\/blogdofarnesio.com.br\/?author=3"}]}},"_links":{"self":[{"href":"https:\/\/blogdofarnesio.com.br\/index.php?rest_route=\/wp\/v2\/posts\/57364","targetHints":{"allow":["GET"]}}],"collection":[{"href":"https:\/\/blogdofarnesio.com.br\/index.php?rest_route=\/wp\/v2\/posts"}],"about":[{"href":"https:\/\/blogdofarnesio.com.br\/index.php?rest_route=\/wp\/v2\/types\/post"}],"author":[{"embeddable":true,"href":"https:\/\/blogdofarnesio.com.br\/index.php?rest_route=\/wp\/v2\/users\/3"}],"replies":[{"embeddable":true,"href":"https:\/\/blogdofarnesio.com.br\/index.php?rest_route=%2Fwp%2Fv2%2Fcomments&post=57364"}],"version-history":[{"count":0,"href":"https:\/\/blogdofarnesio.com.br\/index.php?rest_route=\/wp\/v2\/posts\/57364\/revisions"}],"wp:attachment":[{"href":"https:\/\/blogdofarnesio.com.br\/index.php?rest_route=%2Fwp%2Fv2%2Fmedia&parent=57364"}],"wp:term":[{"taxonomy":"category","embeddable":true,"href":"https:\/\/blogdofarnesio.com.br\/index.php?rest_route=%2Fwp%2Fv2%2Fcategories&post=57364"},{"taxonomy":"post_tag","embeddable":true,"href":"https:\/\/blogdofarnesio.com.br\/index.php?rest_route=%2Fwp%2Fv2%2Ftags&post=57364"}],"curies":[{"name":"wp","href":"https:\/\/api.w.org\/{rel}","templated":true}]}}