{"id":57333,"date":"2013-09-16T11:02:05","date_gmt":"2013-09-16T14:02:05","guid":{"rendered":"http:\/\/www.quersaberpolitica.com.br\/?p=57333"},"modified":"2013-09-16T10:57:15","modified_gmt":"2013-09-16T13:57:15","slug":"pt-da-ultimato-ao-prefeito-isaac-sobre-indicacoes-de-secretarios-no-governo-municipal","status":"publish","type":"post","link":"https:\/\/blogdofarnesio.com.br\/?p=57333","title":{"rendered":"PT E O ULTIMATO AO PREFEITO ISAAC"},"content":{"rendered":"<p style=\"text-align: justify\"><a href=\"http:\/\/www.quersaberpolitica.com.br\/2016\/wp-content\/uploads\/2013\/04\/blogqsppt-x-pc-do-b.jpg\"><img loading=\"lazy\" decoding=\"async\" class=\"alignleft size-medium wp-image-38174\" alt=\"blogqsppt-x-pc-do-b\" src=\"http:\/\/www.quersaberpolitica.com.br\/2016\/wp-content\/uploads\/2013\/04\/blogqsppt-x-pc-do-b-300x300.jpg\" width=\"300\" height=\"300\" srcset=\"https:\/\/blogdofarnesio.com.br\/wp-content\/uploads\/2013\/04\/blogqsppt-x-pc-do-b-300x300.jpg 300w, https:\/\/blogdofarnesio.com.br\/wp-content\/uploads\/2013\/04\/blogqsppt-x-pc-do-b-150x150.jpg 150w, https:\/\/blogdofarnesio.com.br\/wp-content\/uploads\/2013\/04\/blogqsppt-x-pc-do-b.jpg 400w\" sizes=\"auto, (max-width: 300px) 100vw, 300px\" \/><\/a>O PT est\u00e1 cansado da indefini\u00e7\u00e3o do governo Isaac sobre a nomea\u00e7\u00e3o dos indicados do partido para tr\u00eas secretarias da administra\u00e7\u00e3o municipal.<\/p>\n<p style=\"text-align: justify\">Segundo fontes da legenda, a quest\u00e3o n\u00e3o \u00e9 a indica\u00e7\u00e3o de nomes como vem sendo comentado. O prefeito tem criado problemas para aceitar os nomes apresentados.<\/p>\n<p style=\"text-align: justify\">Ainda que segundo o pr\u00f3prio PT, os nomes apresentem credenciais , \u00a0mais do que suficientes, \u00a0para assumir as pastas.<\/p>\n<p style=\"text-align: justify\">Diante dessa quest\u00e3o que se arrasta h\u00e1 meses, a paci\u00eancia do PT parece ter se esgotado. Atrav\u00e9s de of\u00edcio, representantes do partido pedem celeridade. \u00c9 quase uma esp\u00e9cie de ultimato para que o pa\u00e7o municipal ponha fim na demora.<\/p>\n<p style=\"text-align: justify\">A turbul\u00eancia enfrentada por Isaac diante na decis\u00e3o da justi\u00e7a eleitoral que cassou seu mandato na ultima sexta-feira (13), segundo os petistas pode ajudar a resolver definitivamente \u00a0a participa\u00e7\u00e3o do PT no governo municipal.<\/p>\n","protected":false},"excerpt":{"rendered":"<p>O PT est\u00e1 cansado da indefini\u00e7\u00e3o do governo Isaac sobre a nomea\u00e7\u00e3o dos indicados do partido para tr\u00eas secretarias da administra\u00e7\u00e3o municipal. Segundo fontes da legenda, a quest\u00e3o n\u00e3o \u00e9 a indica\u00e7\u00e3o de nomes como vem sendo comentado. O prefeito tem criado problemas para aceitar os nomes apresentados. Ainda que segundo o pr\u00f3prio PT, os nomes apresentem credenciais , \u00a0mais do que suficientes, \u00a0para assumir as pastas. Diante dessa quest\u00e3o que se arrasta h\u00e1 meses, a paci\u00eancia do PT parece ter se esgotado. Atrav\u00e9s de of\u00edcio, representantes do partido pedem celeridade. \u00c9 quase uma esp\u00e9cie de ultimato para que o pa\u00e7o municipal ponha fim na demora. A turbul\u00eancia enfrentada por Isaac diante na decis\u00e3o da justi\u00e7a eleitoral que cassou seu&hellip; <\/p>\n","protected":false},"author":3,"featured_media":0,"comment_status":"open","ping_status":"open","sticky":false,"template":"","format":"standard","meta":{"_acf_changed":false,"footnotes":""},"categories":[30],"tags":[],"class_list":["post-57333","post","type-post","status-publish","format-standard","hentry","category-artigo"],"acf":[],"yoast_head":"<!-- This site is optimized with the Yoast SEO plugin v27.4 - https:\/\/yoast.com\/product\/yoast-seo-wordpress\/ -->\n<title>PT E O ULTIMATO AO PREFEITO ISAAC - Blog do Farn\u00e9sio<\/title>\n<meta name=\"robots\" content=\"index, follow, max-snippet:-1, max-image-preview:large, max-video-preview:-1\" \/>\n<link rel=\"canonical\" href=\"https:\/\/blogdofarnesio.com.br\/?p=57333\" \/>\n<meta property=\"og:locale\" content=\"pt_BR\" \/>\n<meta property=\"og:type\" content=\"article\" \/>\n<meta property=\"og:title\" content=\"PT E O ULTIMATO AO PREFEITO ISAAC - Blog do Farn\u00e9sio\" \/>\n<meta property=\"og:description\" content=\"O PT est\u00e1 cansado da indefini\u00e7\u00e3o do governo Isaac sobre a nomea\u00e7\u00e3o dos indicados do partido para tr\u00eas secretarias da administra\u00e7\u00e3o municipal. Segundo fontes da legenda, a quest\u00e3o n\u00e3o \u00e9 a indica\u00e7\u00e3o de nomes como vem sendo comentado. O prefeito tem criado problemas para aceitar os nomes apresentados. Ainda que segundo o pr\u00f3prio PT, os nomes apresentem credenciais , \u00a0mais do que suficientes, \u00a0para assumir as pastas. Diante dessa quest\u00e3o que se arrasta h\u00e1 meses, a paci\u00eancia do PT parece ter se esgotado. Atrav\u00e9s de of\u00edcio, representantes do partido pedem celeridade. \u00c9 quase uma esp\u00e9cie de ultimato para que o pa\u00e7o municipal ponha fim na demora. A turbul\u00eancia enfrentada por Isaac diante na decis\u00e3o da justi\u00e7a eleitoral que cassou seu&hellip;\" \/>\n<meta property=\"og:url\" content=\"https:\/\/blogdofarnesio.com.br\/?p=57333\" \/>\n<meta property=\"og:site_name\" content=\"Blog do Farn\u00e9sio\" \/>\n<meta property=\"article:publisher\" content=\"https:\/\/www.facebook.com\/BlogQuerSaberPolitica\/\" \/>\n<meta property=\"article:published_time\" content=\"2013-09-16T14:02:05+00:00\" \/>\n<meta property=\"og:image\" content=\"http:\/\/www.quersaberpolitica.com.br\/2016\/wp-content\/uploads\/2013\/04\/blogqsppt-x-pc-do-b-300x300.jpg\" \/>\n<meta name=\"author\" content=\"teste\" \/>\n<meta name=\"twitter:card\" content=\"summary_large_image\" \/>\n<meta name=\"twitter:label1\" content=\"Escrito por\" \/>\n\t<meta name=\"twitter:data1\" content=\"teste\" \/>\n\t<meta name=\"twitter:label2\" content=\"Est. tempo de leitura\" \/>\n\t<meta name=\"twitter:data2\" content=\"1 minuto\" \/>\n<script type=\"application\/ld+json\" class=\"yoast-schema-graph\">{\"@context\":\"https:\\\/\\\/schema.org\",\"@graph\":[{\"@type\":\"Article\",\"@id\":\"https:\\\/\\\/blogdofarnesio.com.br\\\/?p=57333#article\",\"isPartOf\":{\"@id\":\"https:\\\/\\\/blogdofarnesio.com.br\\\/?p=57333\"},\"author\":{\"name\":\"teste\",\"@id\":\"https:\\\/\\\/blogdofarnesio.com.br\\\/#\\\/schema\\\/person\\\/dd1bf5eba40b687199ba45ca6b97dff9\"},\"headline\":\"PT E O ULTIMATO AO PREFEITO ISAAC\",\"datePublished\":\"2013-09-16T14:02:05+00:00\",\"mainEntityOfPage\":{\"@id\":\"https:\\\/\\\/blogdofarnesio.com.br\\\/?p=57333\"},\"wordCount\":161,\"commentCount\":0,\"publisher\":{\"@id\":\"https:\\\/\\\/blogdofarnesio.com.br\\\/#organization\"},\"image\":{\"@id\":\"https:\\\/\\\/blogdofarnesio.com.br\\\/?p=57333#primaryimage\"},\"thumbnailUrl\":\"http:\\\/\\\/www.quersaberpolitica.com.br\\\/2016\\\/wp-content\\\/uploads\\\/2013\\\/04\\\/blogqsppt-x-pc-do-b-300x300.jpg\",\"articleSection\":[\"Artigo\"],\"inLanguage\":\"pt-BR\",\"potentialAction\":[{\"@type\":\"CommentAction\",\"name\":\"Comment\",\"target\":[\"https:\\\/\\\/blogdofarnesio.com.br\\\/?p=57333#respond\"]}]},{\"@type\":\"WebPage\",\"@id\":\"https:\\\/\\\/blogdofarnesio.com.br\\\/?p=57333\",\"url\":\"https:\\\/\\\/blogdofarnesio.com.br\\\/?p=57333\",\"name\":\"PT E O ULTIMATO AO PREFEITO ISAAC - Blog do Farn\u00e9sio\",\"isPartOf\":{\"@id\":\"https:\\\/\\\/blogdofarnesio.com.br\\\/#website\"},\"primaryImageOfPage\":{\"@id\":\"https:\\\/\\\/blogdofarnesio.com.br\\\/?p=57333#primaryimage\"},\"image\":{\"@id\":\"https:\\\/\\\/blogdofarnesio.com.br\\\/?p=57333#primaryimage\"},\"thumbnailUrl\":\"http:\\\/\\\/www.quersaberpolitica.com.br\\\/2016\\\/wp-content\\\/uploads\\\/2013\\\/04\\\/blogqsppt-x-pc-do-b-300x300.jpg\",\"datePublished\":\"2013-09-16T14:02:05+00:00\",\"breadcrumb\":{\"@id\":\"https:\\\/\\\/blogdofarnesio.com.br\\\/?p=57333#breadcrumb\"},\"inLanguage\":\"pt-BR\",\"potentialAction\":[{\"@type\":\"ReadAction\",\"target\":[\"https:\\\/\\\/blogdofarnesio.com.br\\\/?p=57333\"]}]},{\"@type\":\"ImageObject\",\"inLanguage\":\"pt-BR\",\"@id\":\"https:\\\/\\\/blogdofarnesio.com.br\\\/?p=57333#primaryimage\",\"url\":\"http:\\\/\\\/www.quersaberpolitica.com.br\\\/2016\\\/wp-content\\\/uploads\\\/2013\\\/04\\\/blogqsppt-x-pc-do-b-300x300.jpg\",\"contentUrl\":\"http:\\\/\\\/www.quersaberpolitica.com.br\\\/2016\\\/wp-content\\\/uploads\\\/2013\\\/04\\\/blogqsppt-x-pc-do-b-300x300.jpg\"},{\"@type\":\"BreadcrumbList\",\"@id\":\"https:\\\/\\\/blogdofarnesio.com.br\\\/?p=57333#breadcrumb\",\"itemListElement\":[{\"@type\":\"ListItem\",\"position\":1,\"name\":\"In\u00edcio\",\"item\":\"https:\\\/\\\/blogdofarnesio.com.br\\\/\"},{\"@type\":\"ListItem\",\"position\":2,\"name\":\"PT E O ULTIMATO AO PREFEITO ISAAC\"}]},{\"@type\":\"WebSite\",\"@id\":\"https:\\\/\\\/blogdofarnesio.com.br\\\/#website\",\"url\":\"https:\\\/\\\/blogdofarnesio.com.br\\\/\",\"name\":\"Blog do Farn\u00e9sio\",\"description\":\"Quer Saber Pol\u00edtica?\",\"publisher\":{\"@id\":\"https:\\\/\\\/blogdofarnesio.com.br\\\/#organization\"},\"potentialAction\":[{\"@type\":\"SearchAction\",\"target\":{\"@type\":\"EntryPoint\",\"urlTemplate\":\"https:\\\/\\\/blogdofarnesio.com.br\\\/?s={search_term_string}\"},\"query-input\":{\"@type\":\"PropertyValueSpecification\",\"valueRequired\":true,\"valueName\":\"search_term_string\"}}],\"inLanguage\":\"pt-BR\"},{\"@type\":\"Organization\",\"@id\":\"https:\\\/\\\/blogdofarnesio.com.br\\\/#organization\",\"name\":\"Blog do Farn\u00e9sio\",\"url\":\"https:\\\/\\\/blogdofarnesio.com.br\\\/\",\"logo\":{\"@type\":\"ImageObject\",\"inLanguage\":\"pt-BR\",\"@id\":\"https:\\\/\\\/blogdofarnesio.com.br\\\/#\\\/schema\\\/logo\\\/image\\\/\",\"url\":\"https:\\\/\\\/blogdofarnesio.com.br\\\/wp-content\\\/uploads\\\/2026\\\/03\\\/cropped-logo_new-1.png\",\"contentUrl\":\"https:\\\/\\\/blogdofarnesio.com.br\\\/wp-content\\\/uploads\\\/2026\\\/03\\\/cropped-logo_new-1.png\",\"width\":881,\"height\":685,\"caption\":\"Blog do Farn\u00e9sio\"},\"image\":{\"@id\":\"https:\\\/\\\/blogdofarnesio.com.br\\\/#\\\/schema\\\/logo\\\/image\\\/\"},\"sameAs\":[\"https:\\\/\\\/www.facebook.com\\\/BlogQuerSaberPolitica\\\/\"]},{\"@type\":\"Person\",\"@id\":\"https:\\\/\\\/blogdofarnesio.com.br\\\/#\\\/schema\\\/person\\\/dd1bf5eba40b687199ba45ca6b97dff9\",\"name\":\"teste\",\"image\":{\"@type\":\"ImageObject\",\"inLanguage\":\"pt-BR\",\"@id\":\"https:\\\/\\\/secure.gravatar.com\\\/avatar\\\/2172498d4914b51e1d89a0f97957b035ac4938723a5cac208135d389b6972a6d?s=96&d=mm&r=g\",\"url\":\"https:\\\/\\\/secure.gravatar.com\\\/avatar\\\/2172498d4914b51e1d89a0f97957b035ac4938723a5cac208135d389b6972a6d?s=96&d=mm&r=g\",\"contentUrl\":\"https:\\\/\\\/secure.gravatar.com\\\/avatar\\\/2172498d4914b51e1d89a0f97957b035ac4938723a5cac208135d389b6972a6d?s=96&d=mm&r=g\",\"caption\":\"teste\"},\"url\":\"https:\\\/\\\/blogdofarnesio.com.br\\\/?author=3\"}]}<\/script>\n<!-- \/ Yoast SEO plugin. -->","yoast_head_json":{"title":"PT E O ULTIMATO AO PREFEITO ISAAC - Blog do Farn\u00e9sio","robots":{"index":"index","follow":"follow","max-snippet":"max-snippet:-1","max-image-preview":"max-image-preview:large","max-video-preview":"max-video-preview:-1"},"canonical":"https:\/\/blogdofarnesio.com.br\/?p=57333","og_locale":"pt_BR","og_type":"article","og_title":"PT E O ULTIMATO AO PREFEITO ISAAC - Blog do Farn\u00e9sio","og_description":"O PT est\u00e1 cansado da indefini\u00e7\u00e3o do governo Isaac sobre a nomea\u00e7\u00e3o dos indicados do partido para tr\u00eas secretarias da administra\u00e7\u00e3o municipal. Segundo fontes da legenda, a quest\u00e3o n\u00e3o \u00e9 a indica\u00e7\u00e3o de nomes como vem sendo comentado. O prefeito tem criado problemas para aceitar os nomes apresentados. Ainda que segundo o pr\u00f3prio PT, os nomes apresentem credenciais , \u00a0mais do que suficientes, \u00a0para assumir as pastas. Diante dessa quest\u00e3o que se arrasta h\u00e1 meses, a paci\u00eancia do PT parece ter se esgotado. Atrav\u00e9s de of\u00edcio, representantes do partido pedem celeridade. \u00c9 quase uma esp\u00e9cie de ultimato para que o pa\u00e7o municipal ponha fim na demora. A turbul\u00eancia enfrentada por Isaac diante na decis\u00e3o da justi\u00e7a eleitoral que cassou seu&hellip;","og_url":"https:\/\/blogdofarnesio.com.br\/?p=57333","og_site_name":"Blog do Farn\u00e9sio","article_publisher":"https:\/\/www.facebook.com\/BlogQuerSaberPolitica\/","article_published_time":"2013-09-16T14:02:05+00:00","og_image":[{"url":"http:\/\/www.quersaberpolitica.com.br\/2016\/wp-content\/uploads\/2013\/04\/blogqsppt-x-pc-do-b-300x300.jpg","type":"","width":"","height":""}],"author":"teste","twitter_card":"summary_large_image","twitter_misc":{"Escrito por":"teste","Est. tempo de leitura":"1 minuto"},"schema":{"@context":"https:\/\/schema.org","@graph":[{"@type":"Article","@id":"https:\/\/blogdofarnesio.com.br\/?p=57333#article","isPartOf":{"@id":"https:\/\/blogdofarnesio.com.br\/?p=57333"},"author":{"name":"teste","@id":"https:\/\/blogdofarnesio.com.br\/#\/schema\/person\/dd1bf5eba40b687199ba45ca6b97dff9"},"headline":"PT E O ULTIMATO AO PREFEITO ISAAC","datePublished":"2013-09-16T14:02:05+00:00","mainEntityOfPage":{"@id":"https:\/\/blogdofarnesio.com.br\/?p=57333"},"wordCount":161,"commentCount":0,"publisher":{"@id":"https:\/\/blogdofarnesio.com.br\/#organization"},"image":{"@id":"https:\/\/blogdofarnesio.com.br\/?p=57333#primaryimage"},"thumbnailUrl":"http:\/\/www.quersaberpolitica.com.br\/2016\/wp-content\/uploads\/2013\/04\/blogqsppt-x-pc-do-b-300x300.jpg","articleSection":["Artigo"],"inLanguage":"pt-BR","potentialAction":[{"@type":"CommentAction","name":"Comment","target":["https:\/\/blogdofarnesio.com.br\/?p=57333#respond"]}]},{"@type":"WebPage","@id":"https:\/\/blogdofarnesio.com.br\/?p=57333","url":"https:\/\/blogdofarnesio.com.br\/?p=57333","name":"PT E O ULTIMATO AO PREFEITO ISAAC - Blog do Farn\u00e9sio","isPartOf":{"@id":"https:\/\/blogdofarnesio.com.br\/#website"},"primaryImageOfPage":{"@id":"https:\/\/blogdofarnesio.com.br\/?p=57333#primaryimage"},"image":{"@id":"https:\/\/blogdofarnesio.com.br\/?p=57333#primaryimage"},"thumbnailUrl":"http:\/\/www.quersaberpolitica.com.br\/2016\/wp-content\/uploads\/2013\/04\/blogqsppt-x-pc-do-b-300x300.jpg","datePublished":"2013-09-16T14:02:05+00:00","breadcrumb":{"@id":"https:\/\/blogdofarnesio.com.br\/?p=57333#breadcrumb"},"inLanguage":"pt-BR","potentialAction":[{"@type":"ReadAction","target":["https:\/\/blogdofarnesio.com.br\/?p=57333"]}]},{"@type":"ImageObject","inLanguage":"pt-BR","@id":"https:\/\/blogdofarnesio.com.br\/?p=57333#primaryimage","url":"http:\/\/www.quersaberpolitica.com.br\/2016\/wp-content\/uploads\/2013\/04\/blogqsppt-x-pc-do-b-300x300.jpg","contentUrl":"http:\/\/www.quersaberpolitica.com.br\/2016\/wp-content\/uploads\/2013\/04\/blogqsppt-x-pc-do-b-300x300.jpg"},{"@type":"BreadcrumbList","@id":"https:\/\/blogdofarnesio.com.br\/?p=57333#breadcrumb","itemListElement":[{"@type":"ListItem","position":1,"name":"In\u00edcio","item":"https:\/\/blogdofarnesio.com.br\/"},{"@type":"ListItem","position":2,"name":"PT E O ULTIMATO AO PREFEITO ISAAC"}]},{"@type":"WebSite","@id":"https:\/\/blogdofarnesio.com.br\/#website","url":"https:\/\/blogdofarnesio.com.br\/","name":"Blog do Farn\u00e9sio","description":"Quer Saber Pol\u00edtica?","publisher":{"@id":"https:\/\/blogdofarnesio.com.br\/#organization"},"potentialAction":[{"@type":"SearchAction","target":{"@type":"EntryPoint","urlTemplate":"https:\/\/blogdofarnesio.com.br\/?s={search_term_string}"},"query-input":{"@type":"PropertyValueSpecification","valueRequired":true,"valueName":"search_term_string"}}],"inLanguage":"pt-BR"},{"@type":"Organization","@id":"https:\/\/blogdofarnesio.com.br\/#organization","name":"Blog do Farn\u00e9sio","url":"https:\/\/blogdofarnesio.com.br\/","logo":{"@type":"ImageObject","inLanguage":"pt-BR","@id":"https:\/\/blogdofarnesio.com.br\/#\/schema\/logo\/image\/","url":"https:\/\/blogdofarnesio.com.br\/wp-content\/uploads\/2026\/03\/cropped-logo_new-1.png","contentUrl":"https:\/\/blogdofarnesio.com.br\/wp-content\/uploads\/2026\/03\/cropped-logo_new-1.png","width":881,"height":685,"caption":"Blog do Farn\u00e9sio"},"image":{"@id":"https:\/\/blogdofarnesio.com.br\/#\/schema\/logo\/image\/"},"sameAs":["https:\/\/www.facebook.com\/BlogQuerSaberPolitica\/"]},{"@type":"Person","@id":"https:\/\/blogdofarnesio.com.br\/#\/schema\/person\/dd1bf5eba40b687199ba45ca6b97dff9","name":"teste","image":{"@type":"ImageObject","inLanguage":"pt-BR","@id":"https:\/\/secure.gravatar.com\/avatar\/2172498d4914b51e1d89a0f97957b035ac4938723a5cac208135d389b6972a6d?s=96&d=mm&r=g","url":"https:\/\/secure.gravatar.com\/avatar\/2172498d4914b51e1d89a0f97957b035ac4938723a5cac208135d389b6972a6d?s=96&d=mm&r=g","contentUrl":"https:\/\/secure.gravatar.com\/avatar\/2172498d4914b51e1d89a0f97957b035ac4938723a5cac208135d389b6972a6d?s=96&d=mm&r=g","caption":"teste"},"url":"https:\/\/blogdofarnesio.com.br\/?author=3"}]}},"_links":{"self":[{"href":"https:\/\/blogdofarnesio.com.br\/index.php?rest_route=\/wp\/v2\/posts\/57333","targetHints":{"allow":["GET"]}}],"collection":[{"href":"https:\/\/blogdofarnesio.com.br\/index.php?rest_route=\/wp\/v2\/posts"}],"about":[{"href":"https:\/\/blogdofarnesio.com.br\/index.php?rest_route=\/wp\/v2\/types\/post"}],"author":[{"embeddable":true,"href":"https:\/\/blogdofarnesio.com.br\/index.php?rest_route=\/wp\/v2\/users\/3"}],"replies":[{"embeddable":true,"href":"https:\/\/blogdofarnesio.com.br\/index.php?rest_route=%2Fwp%2Fv2%2Fcomments&post=57333"}],"version-history":[{"count":0,"href":"https:\/\/blogdofarnesio.com.br\/index.php?rest_route=\/wp\/v2\/posts\/57333\/revisions"}],"wp:attachment":[{"href":"https:\/\/blogdofarnesio.com.br\/index.php?rest_route=%2Fwp%2Fv2%2Fmedia&parent=57333"}],"wp:term":[{"taxonomy":"category","embeddable":true,"href":"https:\/\/blogdofarnesio.com.br\/index.php?rest_route=%2Fwp%2Fv2%2Fcategories&post=57333"},{"taxonomy":"post_tag","embeddable":true,"href":"https:\/\/blogdofarnesio.com.br\/index.php?rest_route=%2Fwp%2Fv2%2Ftags&post=57333"}],"curies":[{"name":"wp","href":"https:\/\/api.w.org\/{rel}","templated":true}]}}