{"id":57322,"date":"2013-09-16T11:33:59","date_gmt":"2013-09-16T14:33:59","guid":{"rendered":"http:\/\/www.quersaberpolitica.com.br\/?p=57322"},"modified":"2013-09-16T10:35:16","modified_gmt":"2013-09-16T13:35:16","slug":"operacao-no-sertao-de-pe-e-al-erradica-230-mil-pes-de-maconha","status":"publish","type":"post","link":"https:\/\/blogdofarnesio.com.br\/?p=57322","title":{"rendered":"OPERA\u00c7\u00c3O NO SERT\u00c3O DE PE E AL ERRADICA 230 MIL P\u00c9S DE MACONHA"},"content":{"rendered":"<h1 style=\"text-align: justify\">Do G1 Caruaru<\/h1>\n<div id=\"materia-letra\" style=\"text-align: justify\">\n<div>\n<div>\n<div><img loading=\"lazy\" decoding=\"async\" class=\"alignleft\" title=\"Plantio de maconha antes de ser erradicado pela Pol\u00edcia Federal. (Foto: Divulga\u00e7\u00e3o \/ Pol\u00edcia Federal)\" alt=\"Plantio de maconha antes de ser erradicado pela Pol\u00edcia Federal. (Foto: Divulga\u00e7\u00e3o \/ Pol\u00edcia Federal)\" src=\"http:\/\/s2.glbimg.com\/Gs2NhNNaTvl92BqwDBwGenV-65g=\/s.glbimg.com\/jo\/g1\/f\/original\/2013\/09\/16\/nota-a-imprensa-088-2013-operacao-resgate-ii---erradicacao-de-maconha-foto-05.jpg\" width=\"346\" height=\"260\" \/><\/div>\n<p>Uma opera\u00e7\u00e3o da\u00a0<a href=\"http:\/\/g1.globo.com\/topico\/policia-federal\/\">Pol\u00edcia Federal<\/a>erradicou 230 mil p\u00e9s de maconha, o que daria para produzir aproximadamente 77 toneladas, de acordo com o \u00f3rg\u00e3o.<\/p>\n<p>A opera\u00e7\u00e3o ocorreu no Sert\u00e3o de\u00a0<a href=\"http:\/\/g1.globo.com\/topico\/pernambuco.html\">Pernambuco<\/a>\u00a0e tamb\u00e9m em Alagoas, tendo como efetivo 70 policiais federais de diversos estados, como Rio Grande do Norte e Distrito Federal, al\u00e9m do apoio do Corpo de Bombeiros. O balan\u00e7o das a\u00e7\u00f5es &#8211; realizadas entre os dias 5 e 11 deste m\u00eas &#8211; foi divulgado pela PF nesta segunda-feira (16).<\/p>\n<p>Contando com quatro embarca\u00e7\u00f5es, duas aeronaves e um c\u00e3o farejador, a pol\u00edcia apreendeu ainda 584 quilos da droga, tendo destru\u00eddo 68 plantios e 63.387 mudas de maconha. A opera\u00e7\u00e3o passou pelos munic\u00edpios pernambucanos de\u00a0<a href=\"http:\/\/g1.globo.com\/pe\/pernambuco\/cidade\/belem-de-sao-francisco.html\">Bel\u00e9m de S\u00e3o Francisco<\/a>,\u00a0<a href=\"http:\/\/g1.globo.com\/pe\/caruaru-regiao\/cidade\/betania.html\">Bet\u00e2nia<\/a>,\u00a0<a href=\"http:\/\/g1.globo.com\/pe\/pernambuco\/cidade\/cabrobo.html\">Cabrob\u00f3<\/a>,\u00a0<a href=\"http:\/\/g1.globo.com\/pe\/caruaru-regiao\/cidade\/carnaubeira-da-penha.html\">Carnaubeira da Penha<\/a>,<a href=\"http:\/\/g1.globo.com\/pe\/caruaru-regiao\/cidade\/floresta-pe.html\">Floresta<\/a>,\u00a0<a href=\"http:\/\/g1.globo.com\/pe\/caruaru-regiao\/cidade\/ibimirim.html\">Ibimirim<\/a>,\u00a0<a href=\"http:\/\/g1.globo.com\/pe\/caruaru-regiao\/cidade\/inaja-pe.html\">Inaj\u00e1<\/a>,\u00a0<a href=\"http:\/\/g1.globo.com\/pe\/caruaru-regiao\/cidade\/manari.html\">Manari<\/a>,\u00a0<a href=\"http:\/\/g1.globo.com\/pe\/caruaru-regiao\/cidade\/mirandiba.html\">Mirandiba<\/a>,\u00a0<a href=\"http:\/\/g1.globo.com\/pe\/pernambuco\/cidade\/salgueiro.html\">Salgueiro<\/a>\u00a0e\u00a0<a href=\"http:\/\/g1.globo.com\/pe\/pernambuco\/cidade\/santa-maria-da-boa-vista.html\">Santa Maria da Boa Vista<\/a>, al\u00e9m de Canapi e Mata Grande em Alagoas.<\/p>\n<p>De acordo com a PF, a opera\u00e7\u00e3o faz parte das estrat\u00e9gias da Coordena\u00e7\u00e3o-Geral de Preven\u00e7\u00e3o e Repress\u00e3o a Entorpecentes (CGPRE),\u00a0 da PF em Bras\u00edlia. O intuito \u00e9 reduzir a produ\u00e7\u00e3o e oferta de maconha, acompanhando de perto o ciclo de produ\u00e7\u00e3o, a fim de evitar que a droga chegue ao mercado nordestino.<\/p>\n<\/div>\n<\/div>\n<\/div>\n","protected":false},"excerpt":{"rendered":"<p>Do G1 Caruaru Uma opera\u00e7\u00e3o da\u00a0Pol\u00edcia Federalerradicou 230 mil p\u00e9s de maconha, o que daria para produzir aproximadamente 77 toneladas, de acordo com o \u00f3rg\u00e3o. A opera\u00e7\u00e3o ocorreu no Sert\u00e3o de\u00a0Pernambuco\u00a0e tamb\u00e9m em Alagoas, tendo como efetivo 70 policiais federais de diversos estados, como Rio Grande do Norte e Distrito Federal, al\u00e9m do apoio do Corpo de Bombeiros. O balan\u00e7o das a\u00e7\u00f5es &#8211; realizadas entre os dias 5 e 11 deste m\u00eas &#8211; foi divulgado pela PF nesta segunda-feira (16). Contando com quatro embarca\u00e7\u00f5es, duas aeronaves e um c\u00e3o farejador, a pol\u00edcia apreendeu ainda 584 quilos da droga, tendo destru\u00eddo 68 plantios e 63.387 mudas de maconha. A opera\u00e7\u00e3o passou pelos munic\u00edpios pernambucanos de\u00a0Bel\u00e9m de S\u00e3o Francisco,\u00a0Bet\u00e2nia,\u00a0Cabrob\u00f3,\u00a0Carnaubeira da Penha,Floresta,\u00a0Ibimirim,\u00a0Inaj\u00e1,\u00a0Manari,\u00a0Mirandiba,\u00a0Salgueiro\u00a0e\u00a0Santa Maria&hellip; <\/p>\n","protected":false},"author":3,"featured_media":0,"comment_status":"open","ping_status":"open","sticky":false,"template":"","format":"standard","meta":{"_acf_changed":false,"footnotes":""},"categories":[9],"tags":[],"class_list":["post-57322","post","type-post","status-publish","format-standard","hentry","category-policia"],"acf":[],"yoast_head":"<!-- This site is optimized with the Yoast SEO plugin v27.4 - https:\/\/yoast.com\/product\/yoast-seo-wordpress\/ -->\n<title>OPERA\u00c7\u00c3O NO SERT\u00c3O DE PE E AL ERRADICA 230 MIL P\u00c9S DE MACONHA - Blog do Farn\u00e9sio<\/title>\n<meta name=\"robots\" content=\"index, follow, max-snippet:-1, max-image-preview:large, max-video-preview:-1\" \/>\n<link rel=\"canonical\" href=\"https:\/\/blogdofarnesio.com.br\/?p=57322\" \/>\n<meta property=\"og:locale\" content=\"pt_BR\" \/>\n<meta property=\"og:type\" content=\"article\" \/>\n<meta property=\"og:title\" content=\"OPERA\u00c7\u00c3O NO SERT\u00c3O DE PE E AL ERRADICA 230 MIL P\u00c9S DE MACONHA - Blog do Farn\u00e9sio\" \/>\n<meta property=\"og:description\" content=\"Do G1 Caruaru Uma opera\u00e7\u00e3o da\u00a0Pol\u00edcia Federalerradicou 230 mil p\u00e9s de maconha, o que daria para produzir aproximadamente 77 toneladas, de acordo com o \u00f3rg\u00e3o. A opera\u00e7\u00e3o ocorreu no Sert\u00e3o de\u00a0Pernambuco\u00a0e tamb\u00e9m em Alagoas, tendo como efetivo 70 policiais federais de diversos estados, como Rio Grande do Norte e Distrito Federal, al\u00e9m do apoio do Corpo de Bombeiros. O balan\u00e7o das a\u00e7\u00f5es &#8211; realizadas entre os dias 5 e 11 deste m\u00eas &#8211; foi divulgado pela PF nesta segunda-feira (16). Contando com quatro embarca\u00e7\u00f5es, duas aeronaves e um c\u00e3o farejador, a pol\u00edcia apreendeu ainda 584 quilos da droga, tendo destru\u00eddo 68 plantios e 63.387 mudas de maconha. A opera\u00e7\u00e3o passou pelos munic\u00edpios pernambucanos de\u00a0Bel\u00e9m de S\u00e3o Francisco,\u00a0Bet\u00e2nia,\u00a0Cabrob\u00f3,\u00a0Carnaubeira da Penha,Floresta,\u00a0Ibimirim,\u00a0Inaj\u00e1,\u00a0Manari,\u00a0Mirandiba,\u00a0Salgueiro\u00a0e\u00a0Santa Maria&hellip;\" \/>\n<meta property=\"og:url\" content=\"https:\/\/blogdofarnesio.com.br\/?p=57322\" \/>\n<meta property=\"og:site_name\" content=\"Blog do Farn\u00e9sio\" \/>\n<meta property=\"article:publisher\" content=\"https:\/\/www.facebook.com\/BlogQuerSaberPolitica\/\" \/>\n<meta property=\"article:published_time\" content=\"2013-09-16T14:33:59+00:00\" \/>\n<meta property=\"og:image\" content=\"http:\/\/s2.glbimg.com\/Gs2NhNNaTvl92BqwDBwGenV-65g=\/s.glbimg.com\/jo\/g1\/f\/original\/2013\/09\/16\/nota-a-imprensa-088-2013-operacao-resgate-ii---erradicacao-de-maconha-foto-05.jpg\" \/>\n<meta name=\"author\" content=\"teste\" \/>\n<meta name=\"twitter:card\" content=\"summary_large_image\" \/>\n<meta name=\"twitter:label1\" content=\"Escrito por\" \/>\n\t<meta name=\"twitter:data1\" content=\"teste\" \/>\n\t<meta name=\"twitter:label2\" content=\"Est. tempo de leitura\" \/>\n\t<meta name=\"twitter:data2\" content=\"1 minuto\" \/>\n<script type=\"application\/ld+json\" class=\"yoast-schema-graph\">{\"@context\":\"https:\\\/\\\/schema.org\",\"@graph\":[{\"@type\":\"Article\",\"@id\":\"https:\\\/\\\/blogdofarnesio.com.br\\\/?p=57322#article\",\"isPartOf\":{\"@id\":\"https:\\\/\\\/blogdofarnesio.com.br\\\/?p=57322\"},\"author\":{\"name\":\"teste\",\"@id\":\"https:\\\/\\\/blogdofarnesio.com.br\\\/#\\\/schema\\\/person\\\/dd1bf5eba40b687199ba45ca6b97dff9\"},\"headline\":\"OPERA\u00c7\u00c3O NO SERT\u00c3O DE PE E AL ERRADICA 230 MIL P\u00c9S DE MACONHA\",\"datePublished\":\"2013-09-16T14:33:59+00:00\",\"mainEntityOfPage\":{\"@id\":\"https:\\\/\\\/blogdofarnesio.com.br\\\/?p=57322\"},\"wordCount\":232,\"commentCount\":0,\"publisher\":{\"@id\":\"https:\\\/\\\/blogdofarnesio.com.br\\\/#organization\"},\"image\":{\"@id\":\"https:\\\/\\\/blogdofarnesio.com.br\\\/?p=57322#primaryimage\"},\"thumbnailUrl\":\"http:\\\/\\\/s2.glbimg.com\\\/Gs2NhNNaTvl92BqwDBwGenV-65g=\\\/s.glbimg.com\\\/jo\\\/g1\\\/f\\\/original\\\/2013\\\/09\\\/16\\\/nota-a-imprensa-088-2013-operacao-resgate-ii---erradicacao-de-maconha-foto-05.jpg\",\"articleSection\":[\"Pol\u00edcia\"],\"inLanguage\":\"pt-BR\",\"potentialAction\":[{\"@type\":\"CommentAction\",\"name\":\"Comment\",\"target\":[\"https:\\\/\\\/blogdofarnesio.com.br\\\/?p=57322#respond\"]}]},{\"@type\":\"WebPage\",\"@id\":\"https:\\\/\\\/blogdofarnesio.com.br\\\/?p=57322\",\"url\":\"https:\\\/\\\/blogdofarnesio.com.br\\\/?p=57322\",\"name\":\"OPERA\u00c7\u00c3O NO SERT\u00c3O DE PE E AL ERRADICA 230 MIL P\u00c9S DE MACONHA - Blog do Farn\u00e9sio\",\"isPartOf\":{\"@id\":\"https:\\\/\\\/blogdofarnesio.com.br\\\/#website\"},\"primaryImageOfPage\":{\"@id\":\"https:\\\/\\\/blogdofarnesio.com.br\\\/?p=57322#primaryimage\"},\"image\":{\"@id\":\"https:\\\/\\\/blogdofarnesio.com.br\\\/?p=57322#primaryimage\"},\"thumbnailUrl\":\"http:\\\/\\\/s2.glbimg.com\\\/Gs2NhNNaTvl92BqwDBwGenV-65g=\\\/s.glbimg.com\\\/jo\\\/g1\\\/f\\\/original\\\/2013\\\/09\\\/16\\\/nota-a-imprensa-088-2013-operacao-resgate-ii---erradicacao-de-maconha-foto-05.jpg\",\"datePublished\":\"2013-09-16T14:33:59+00:00\",\"breadcrumb\":{\"@id\":\"https:\\\/\\\/blogdofarnesio.com.br\\\/?p=57322#breadcrumb\"},\"inLanguage\":\"pt-BR\",\"potentialAction\":[{\"@type\":\"ReadAction\",\"target\":[\"https:\\\/\\\/blogdofarnesio.com.br\\\/?p=57322\"]}]},{\"@type\":\"ImageObject\",\"inLanguage\":\"pt-BR\",\"@id\":\"https:\\\/\\\/blogdofarnesio.com.br\\\/?p=57322#primaryimage\",\"url\":\"http:\\\/\\\/s2.glbimg.com\\\/Gs2NhNNaTvl92BqwDBwGenV-65g=\\\/s.glbimg.com\\\/jo\\\/g1\\\/f\\\/original\\\/2013\\\/09\\\/16\\\/nota-a-imprensa-088-2013-operacao-resgate-ii---erradicacao-de-maconha-foto-05.jpg\",\"contentUrl\":\"http:\\\/\\\/s2.glbimg.com\\\/Gs2NhNNaTvl92BqwDBwGenV-65g=\\\/s.glbimg.com\\\/jo\\\/g1\\\/f\\\/original\\\/2013\\\/09\\\/16\\\/nota-a-imprensa-088-2013-operacao-resgate-ii---erradicacao-de-maconha-foto-05.jpg\"},{\"@type\":\"BreadcrumbList\",\"@id\":\"https:\\\/\\\/blogdofarnesio.com.br\\\/?p=57322#breadcrumb\",\"itemListElement\":[{\"@type\":\"ListItem\",\"position\":1,\"name\":\"In\u00edcio\",\"item\":\"https:\\\/\\\/blogdofarnesio.com.br\\\/\"},{\"@type\":\"ListItem\",\"position\":2,\"name\":\"OPERA\u00c7\u00c3O NO SERT\u00c3O DE PE E AL ERRADICA 230 MIL P\u00c9S DE MACONHA\"}]},{\"@type\":\"WebSite\",\"@id\":\"https:\\\/\\\/blogdofarnesio.com.br\\\/#website\",\"url\":\"https:\\\/\\\/blogdofarnesio.com.br\\\/\",\"name\":\"Blog do Farn\u00e9sio\",\"description\":\"Quer Saber Pol\u00edtica?\",\"publisher\":{\"@id\":\"https:\\\/\\\/blogdofarnesio.com.br\\\/#organization\"},\"potentialAction\":[{\"@type\":\"SearchAction\",\"target\":{\"@type\":\"EntryPoint\",\"urlTemplate\":\"https:\\\/\\\/blogdofarnesio.com.br\\\/?s={search_term_string}\"},\"query-input\":{\"@type\":\"PropertyValueSpecification\",\"valueRequired\":true,\"valueName\":\"search_term_string\"}}],\"inLanguage\":\"pt-BR\"},{\"@type\":\"Organization\",\"@id\":\"https:\\\/\\\/blogdofarnesio.com.br\\\/#organization\",\"name\":\"Blog do Farn\u00e9sio\",\"url\":\"https:\\\/\\\/blogdofarnesio.com.br\\\/\",\"logo\":{\"@type\":\"ImageObject\",\"inLanguage\":\"pt-BR\",\"@id\":\"https:\\\/\\\/blogdofarnesio.com.br\\\/#\\\/schema\\\/logo\\\/image\\\/\",\"url\":\"https:\\\/\\\/blogdofarnesio.com.br\\\/wp-content\\\/uploads\\\/2026\\\/03\\\/cropped-logo_new-1.png\",\"contentUrl\":\"https:\\\/\\\/blogdofarnesio.com.br\\\/wp-content\\\/uploads\\\/2026\\\/03\\\/cropped-logo_new-1.png\",\"width\":881,\"height\":685,\"caption\":\"Blog do Farn\u00e9sio\"},\"image\":{\"@id\":\"https:\\\/\\\/blogdofarnesio.com.br\\\/#\\\/schema\\\/logo\\\/image\\\/\"},\"sameAs\":[\"https:\\\/\\\/www.facebook.com\\\/BlogQuerSaberPolitica\\\/\"]},{\"@type\":\"Person\",\"@id\":\"https:\\\/\\\/blogdofarnesio.com.br\\\/#\\\/schema\\\/person\\\/dd1bf5eba40b687199ba45ca6b97dff9\",\"name\":\"teste\",\"image\":{\"@type\":\"ImageObject\",\"inLanguage\":\"pt-BR\",\"@id\":\"https:\\\/\\\/secure.gravatar.com\\\/avatar\\\/2172498d4914b51e1d89a0f97957b035ac4938723a5cac208135d389b6972a6d?s=96&d=mm&r=g\",\"url\":\"https:\\\/\\\/secure.gravatar.com\\\/avatar\\\/2172498d4914b51e1d89a0f97957b035ac4938723a5cac208135d389b6972a6d?s=96&d=mm&r=g\",\"contentUrl\":\"https:\\\/\\\/secure.gravatar.com\\\/avatar\\\/2172498d4914b51e1d89a0f97957b035ac4938723a5cac208135d389b6972a6d?s=96&d=mm&r=g\",\"caption\":\"teste\"},\"url\":\"https:\\\/\\\/blogdofarnesio.com.br\\\/?author=3\"}]}<\/script>\n<!-- \/ Yoast SEO plugin. -->","yoast_head_json":{"title":"OPERA\u00c7\u00c3O NO SERT\u00c3O DE PE E AL ERRADICA 230 MIL P\u00c9S DE MACONHA - Blog do Farn\u00e9sio","robots":{"index":"index","follow":"follow","max-snippet":"max-snippet:-1","max-image-preview":"max-image-preview:large","max-video-preview":"max-video-preview:-1"},"canonical":"https:\/\/blogdofarnesio.com.br\/?p=57322","og_locale":"pt_BR","og_type":"article","og_title":"OPERA\u00c7\u00c3O NO SERT\u00c3O DE PE E AL ERRADICA 230 MIL P\u00c9S DE MACONHA - Blog do Farn\u00e9sio","og_description":"Do G1 Caruaru Uma opera\u00e7\u00e3o da\u00a0Pol\u00edcia Federalerradicou 230 mil p\u00e9s de maconha, o que daria para produzir aproximadamente 77 toneladas, de acordo com o \u00f3rg\u00e3o. A opera\u00e7\u00e3o ocorreu no Sert\u00e3o de\u00a0Pernambuco\u00a0e tamb\u00e9m em Alagoas, tendo como efetivo 70 policiais federais de diversos estados, como Rio Grande do Norte e Distrito Federal, al\u00e9m do apoio do Corpo de Bombeiros. O balan\u00e7o das a\u00e7\u00f5es &#8211; realizadas entre os dias 5 e 11 deste m\u00eas &#8211; foi divulgado pela PF nesta segunda-feira (16). Contando com quatro embarca\u00e7\u00f5es, duas aeronaves e um c\u00e3o farejador, a pol\u00edcia apreendeu ainda 584 quilos da droga, tendo destru\u00eddo 68 plantios e 63.387 mudas de maconha. A opera\u00e7\u00e3o passou pelos munic\u00edpios pernambucanos de\u00a0Bel\u00e9m de S\u00e3o Francisco,\u00a0Bet\u00e2nia,\u00a0Cabrob\u00f3,\u00a0Carnaubeira da Penha,Floresta,\u00a0Ibimirim,\u00a0Inaj\u00e1,\u00a0Manari,\u00a0Mirandiba,\u00a0Salgueiro\u00a0e\u00a0Santa Maria&hellip;","og_url":"https:\/\/blogdofarnesio.com.br\/?p=57322","og_site_name":"Blog do Farn\u00e9sio","article_publisher":"https:\/\/www.facebook.com\/BlogQuerSaberPolitica\/","article_published_time":"2013-09-16T14:33:59+00:00","og_image":[{"url":"http:\/\/s2.glbimg.com\/Gs2NhNNaTvl92BqwDBwGenV-65g=\/s.glbimg.com\/jo\/g1\/f\/original\/2013\/09\/16\/nota-a-imprensa-088-2013-operacao-resgate-ii---erradicacao-de-maconha-foto-05.jpg","type":"","width":"","height":""}],"author":"teste","twitter_card":"summary_large_image","twitter_misc":{"Escrito por":"teste","Est. tempo de leitura":"1 minuto"},"schema":{"@context":"https:\/\/schema.org","@graph":[{"@type":"Article","@id":"https:\/\/blogdofarnesio.com.br\/?p=57322#article","isPartOf":{"@id":"https:\/\/blogdofarnesio.com.br\/?p=57322"},"author":{"name":"teste","@id":"https:\/\/blogdofarnesio.com.br\/#\/schema\/person\/dd1bf5eba40b687199ba45ca6b97dff9"},"headline":"OPERA\u00c7\u00c3O NO SERT\u00c3O DE PE E AL ERRADICA 230 MIL P\u00c9S DE MACONHA","datePublished":"2013-09-16T14:33:59+00:00","mainEntityOfPage":{"@id":"https:\/\/blogdofarnesio.com.br\/?p=57322"},"wordCount":232,"commentCount":0,"publisher":{"@id":"https:\/\/blogdofarnesio.com.br\/#organization"},"image":{"@id":"https:\/\/blogdofarnesio.com.br\/?p=57322#primaryimage"},"thumbnailUrl":"http:\/\/s2.glbimg.com\/Gs2NhNNaTvl92BqwDBwGenV-65g=\/s.glbimg.com\/jo\/g1\/f\/original\/2013\/09\/16\/nota-a-imprensa-088-2013-operacao-resgate-ii---erradicacao-de-maconha-foto-05.jpg","articleSection":["Pol\u00edcia"],"inLanguage":"pt-BR","potentialAction":[{"@type":"CommentAction","name":"Comment","target":["https:\/\/blogdofarnesio.com.br\/?p=57322#respond"]}]},{"@type":"WebPage","@id":"https:\/\/blogdofarnesio.com.br\/?p=57322","url":"https:\/\/blogdofarnesio.com.br\/?p=57322","name":"OPERA\u00c7\u00c3O NO SERT\u00c3O DE PE E AL ERRADICA 230 MIL P\u00c9S DE MACONHA - Blog do Farn\u00e9sio","isPartOf":{"@id":"https:\/\/blogdofarnesio.com.br\/#website"},"primaryImageOfPage":{"@id":"https:\/\/blogdofarnesio.com.br\/?p=57322#primaryimage"},"image":{"@id":"https:\/\/blogdofarnesio.com.br\/?p=57322#primaryimage"},"thumbnailUrl":"http:\/\/s2.glbimg.com\/Gs2NhNNaTvl92BqwDBwGenV-65g=\/s.glbimg.com\/jo\/g1\/f\/original\/2013\/09\/16\/nota-a-imprensa-088-2013-operacao-resgate-ii---erradicacao-de-maconha-foto-05.jpg","datePublished":"2013-09-16T14:33:59+00:00","breadcrumb":{"@id":"https:\/\/blogdofarnesio.com.br\/?p=57322#breadcrumb"},"inLanguage":"pt-BR","potentialAction":[{"@type":"ReadAction","target":["https:\/\/blogdofarnesio.com.br\/?p=57322"]}]},{"@type":"ImageObject","inLanguage":"pt-BR","@id":"https:\/\/blogdofarnesio.com.br\/?p=57322#primaryimage","url":"http:\/\/s2.glbimg.com\/Gs2NhNNaTvl92BqwDBwGenV-65g=\/s.glbimg.com\/jo\/g1\/f\/original\/2013\/09\/16\/nota-a-imprensa-088-2013-operacao-resgate-ii---erradicacao-de-maconha-foto-05.jpg","contentUrl":"http:\/\/s2.glbimg.com\/Gs2NhNNaTvl92BqwDBwGenV-65g=\/s.glbimg.com\/jo\/g1\/f\/original\/2013\/09\/16\/nota-a-imprensa-088-2013-operacao-resgate-ii---erradicacao-de-maconha-foto-05.jpg"},{"@type":"BreadcrumbList","@id":"https:\/\/blogdofarnesio.com.br\/?p=57322#breadcrumb","itemListElement":[{"@type":"ListItem","position":1,"name":"In\u00edcio","item":"https:\/\/blogdofarnesio.com.br\/"},{"@type":"ListItem","position":2,"name":"OPERA\u00c7\u00c3O NO SERT\u00c3O DE PE E AL ERRADICA 230 MIL P\u00c9S DE MACONHA"}]},{"@type":"WebSite","@id":"https:\/\/blogdofarnesio.com.br\/#website","url":"https:\/\/blogdofarnesio.com.br\/","name":"Blog do Farn\u00e9sio","description":"Quer Saber Pol\u00edtica?","publisher":{"@id":"https:\/\/blogdofarnesio.com.br\/#organization"},"potentialAction":[{"@type":"SearchAction","target":{"@type":"EntryPoint","urlTemplate":"https:\/\/blogdofarnesio.com.br\/?s={search_term_string}"},"query-input":{"@type":"PropertyValueSpecification","valueRequired":true,"valueName":"search_term_string"}}],"inLanguage":"pt-BR"},{"@type":"Organization","@id":"https:\/\/blogdofarnesio.com.br\/#organization","name":"Blog do Farn\u00e9sio","url":"https:\/\/blogdofarnesio.com.br\/","logo":{"@type":"ImageObject","inLanguage":"pt-BR","@id":"https:\/\/blogdofarnesio.com.br\/#\/schema\/logo\/image\/","url":"https:\/\/blogdofarnesio.com.br\/wp-content\/uploads\/2026\/03\/cropped-logo_new-1.png","contentUrl":"https:\/\/blogdofarnesio.com.br\/wp-content\/uploads\/2026\/03\/cropped-logo_new-1.png","width":881,"height":685,"caption":"Blog do Farn\u00e9sio"},"image":{"@id":"https:\/\/blogdofarnesio.com.br\/#\/schema\/logo\/image\/"},"sameAs":["https:\/\/www.facebook.com\/BlogQuerSaberPolitica\/"]},{"@type":"Person","@id":"https:\/\/blogdofarnesio.com.br\/#\/schema\/person\/dd1bf5eba40b687199ba45ca6b97dff9","name":"teste","image":{"@type":"ImageObject","inLanguage":"pt-BR","@id":"https:\/\/secure.gravatar.com\/avatar\/2172498d4914b51e1d89a0f97957b035ac4938723a5cac208135d389b6972a6d?s=96&d=mm&r=g","url":"https:\/\/secure.gravatar.com\/avatar\/2172498d4914b51e1d89a0f97957b035ac4938723a5cac208135d389b6972a6d?s=96&d=mm&r=g","contentUrl":"https:\/\/secure.gravatar.com\/avatar\/2172498d4914b51e1d89a0f97957b035ac4938723a5cac208135d389b6972a6d?s=96&d=mm&r=g","caption":"teste"},"url":"https:\/\/blogdofarnesio.com.br\/?author=3"}]}},"_links":{"self":[{"href":"https:\/\/blogdofarnesio.com.br\/index.php?rest_route=\/wp\/v2\/posts\/57322","targetHints":{"allow":["GET"]}}],"collection":[{"href":"https:\/\/blogdofarnesio.com.br\/index.php?rest_route=\/wp\/v2\/posts"}],"about":[{"href":"https:\/\/blogdofarnesio.com.br\/index.php?rest_route=\/wp\/v2\/types\/post"}],"author":[{"embeddable":true,"href":"https:\/\/blogdofarnesio.com.br\/index.php?rest_route=\/wp\/v2\/users\/3"}],"replies":[{"embeddable":true,"href":"https:\/\/blogdofarnesio.com.br\/index.php?rest_route=%2Fwp%2Fv2%2Fcomments&post=57322"}],"version-history":[{"count":0,"href":"https:\/\/blogdofarnesio.com.br\/index.php?rest_route=\/wp\/v2\/posts\/57322\/revisions"}],"wp:attachment":[{"href":"https:\/\/blogdofarnesio.com.br\/index.php?rest_route=%2Fwp%2Fv2%2Fmedia&parent=57322"}],"wp:term":[{"taxonomy":"category","embeddable":true,"href":"https:\/\/blogdofarnesio.com.br\/index.php?rest_route=%2Fwp%2Fv2%2Fcategories&post=57322"},{"taxonomy":"post_tag","embeddable":true,"href":"https:\/\/blogdofarnesio.com.br\/index.php?rest_route=%2Fwp%2Fv2%2Ftags&post=57322"}],"curies":[{"name":"wp","href":"https:\/\/api.w.org\/{rel}","templated":true}]}}