{"id":57123,"date":"2013-09-13T17:05:55","date_gmt":"2013-09-13T20:05:55","guid":{"rendered":"http:\/\/www.quersaberpolitica.com.br\/?p=57123"},"modified":"2013-09-13T15:06:24","modified_gmt":"2013-09-13T18:06:24","slug":"direto-de-lagoa-grande-67","status":"publish","type":"post","link":"https:\/\/blogdofarnesio.com.br\/?p=57123","title":{"rendered":"DIRETO DE LAGOA GRANDE"},"content":{"rendered":"<p><strong>8\u00aa EDI\u00c7\u00c3O DA FEIRA DO VINHO E DA UVA DO NORDESTE (VINHUVA FEST) ACONTECE EM NOVEMBRO\u00a0<\/strong><\/p>\n<p style=\"text-align: justify\"><a href=\"http:\/\/www.quersaberpolitica.com.br\/2016\/wp-content\/uploads\/2013\/09\/VINHUVA.jpg\"><img loading=\"lazy\" decoding=\"async\" class=\"alignleft size-medium wp-image-57126\" alt=\"VINHUVA\" src=\"http:\/\/www.quersaberpolitica.com.br\/2016\/wp-content\/uploads\/2013\/09\/VINHUVA-300x199.jpg\" width=\"300\" height=\"199\" srcset=\"https:\/\/blogdofarnesio.com.br\/wp-content\/uploads\/2013\/09\/VINHUVA-300x199.jpg 300w, https:\/\/blogdofarnesio.com.br\/wp-content\/uploads\/2013\/09\/VINHUVA-450x300.jpg 450w, https:\/\/blogdofarnesio.com.br\/wp-content\/uploads\/2013\/09\/VINHUVA.jpg 500w\" sizes=\"auto, (max-width: 300px) 100vw, 300px\" \/><\/a>J\u00e1 come\u00e7aram os preparativos para a 8\u00aa edi\u00e7\u00e3o da Feira do Vinho e da Uva do Nordeste (Vinhuva Fest), que vai movimentar o Vale do S\u00e3o Francisco, de 14 a 16 de novembro pr\u00f3ximo, a partir do munic\u00edpio pernambucano de Lagoa Grande &#8211; a 601 quil\u00f4metros de Recife.<\/p>\n<p style=\"text-align: justify\">Reunida na tarde da \u00faltima quinta-feira (12), a coordena\u00e7\u00e3o t\u00e9cnica do evento definiu os pontos principais da programa\u00e7\u00e3o, que ser\u00e1 distribu\u00edda em uma feira agroindustrial e dos munic\u00edpios, semin\u00e1rio de vitivinicultura, rodada de neg\u00f3cios e shows com atra\u00e7\u00f5es locais e de renome nacional.<\/p>\n<p style=\"text-align: justify\">Inspirada no tema \u201cVitivinicultura Tropical com Tributo Econ\u00f4mico Sustent\u00e1vel\u201d, a 8\u00aa Vinhuva Fest ser\u00e1 realizada pela Prefeitura de Lagoa Grande e Associa\u00e7\u00e3o Integrada do Turismo na Ride \u2013 Assitur, numa \u00e1rea de 660 m\u00b2 do Parque Uva e Vinho, no centro do munic\u00edpio. Para a abertura do evento, \u00e0s 19h do dia 14, a coordena\u00e7\u00e3o espera a presen\u00e7a do governador de Pernambuco, Eduardo Campos, autoridades e empres\u00e1rios de todo o pa\u00eds, al\u00e9m de especialistas em vinhos, sucos e derivados que v\u00e3o participar como palestrantes do semin\u00e1rio, no dia 16.<!--more--><\/p>\n<p style=\"text-align: justify\">\u201cNossa estimativa \u00e9 de receber um p\u00fablico de 100 mil pessoas durante os tr\u00eas dias, al\u00e9m de contar com a ades\u00e3o de 60 expositores, entre o setor privado e entidades de difus\u00e3o de tecnologia e prefeituras da regi\u00e3o\u201d, anunciou o secret\u00e1rio municipal de Desenvolvimento Econ\u00f4mico, Turismo e Esportes, Jos\u00e9 Sebasti\u00e3o Figueiredo. O secret\u00e1rio adiantou ainda que est\u00e3o sendo ajustados tamb\u00e9m os detalhes para a realiza\u00e7\u00e3o de uma reuni\u00e3o do Conselho Estadual de Turismo \u2013 Contur, durante a 8\u00aa Vinhuva Fest. \u201cIsto significa a presen\u00e7a do trade tur\u00edstico pernambucano, entre n\u00f3s, ampliando os horizontes dos nossos potenciais para todo o mundo\u201d, comemorou.<\/p>\n<p style=\"text-align: justify\">Segundo o coordenador da 8\u00aa Vinhuva Fest e vice-presidente da Assitur, Roberto Gil o munic\u00edpio tamb\u00e9m j\u00e1 se movimenta para a escolha da imperatriz e das princesas. \u201cNeste trabalho de envolvimento da popula\u00e7\u00e3o, vamos fazer uma enquete para a escolha das grandes atra\u00e7\u00f5es musicais e a participa\u00e7\u00e3o dos volunt\u00e1rios, visando as diversas atividades do evento, a exemplo das visitas t\u00e9cnicas e passeios dos turistas \u00e0s vin\u00edcolas e de Catamar\u00e3 pelo rio S\u00e3o Francisco\u201d.<\/p>\n<p style=\"text-align: justify\">Destaque nordestino no calend\u00e1rio nacional de eventos da Vitivinicultura, a 8\u00aa Vinhuva Fest tamb\u00e9m vai abrir espa\u00e7o para a gastronomia, artesanato e o folclore. Regi\u00e3o conhecida internacionalmente pelos seus vinhos premiados e a exporta\u00e7\u00e3o de frutas para o mundo inteiro, Lagoa Grande lidera uma produ\u00e7\u00e3o regional\/ano de 261 mil toneladas de uvas de mesa e cinco milh\u00f5es de litros de vinhos finos, al\u00e9m da elabora\u00e7\u00e3o de 100 mil litros de sucos de uva.<\/p>\n<p style=\"text-align: justify\">Al\u00e9m da prefeitura e da Assitur, fazem parte da coordena\u00e7\u00e3o t\u00e9cnica da 8\u00aa Vinhuva Fest, a Empetur, Sebrae, Vinhovasf, Valexport, Facape, Uneb, Univasf, IF Sert\u00e3o, Embrapa Semi\u00e1rido, Codevasf e Sest\/Senat.<\/p>\n<p style=\"text-align: justify\"><strong>CLAS Comunica\u00e7\u00e3o<\/strong><\/p>\n","protected":false},"excerpt":{"rendered":"<p>8\u00aa EDI\u00c7\u00c3O DA FEIRA DO VINHO E DA UVA DO NORDESTE (VINHUVA FEST) ACONTECE EM NOVEMBRO\u00a0 J\u00e1 come\u00e7aram os preparativos para a 8\u00aa edi\u00e7\u00e3o da Feira do Vinho e da Uva do Nordeste (Vinhuva Fest), que vai movimentar o Vale do S\u00e3o Francisco, de 14 a 16 de novembro pr\u00f3ximo, a partir do munic\u00edpio pernambucano de Lagoa Grande &#8211; a 601 quil\u00f4metros de Recife. Reunida na tarde da \u00faltima quinta-feira (12), a coordena\u00e7\u00e3o t\u00e9cnica do evento definiu os pontos principais da programa\u00e7\u00e3o, que ser\u00e1 distribu\u00edda em uma feira agroindustrial e dos munic\u00edpios, semin\u00e1rio de vitivinicultura, rodada de neg\u00f3cios e shows com atra\u00e7\u00f5es locais e de renome nacional. Inspirada no tema \u201cVitivinicultura Tropical com Tributo Econ\u00f4mico Sustent\u00e1vel\u201d, a 8\u00aa Vinhuva Fest&hellip; <\/p>\n","protected":false},"author":3,"featured_media":0,"comment_status":"open","ping_status":"open","sticky":false,"template":"","format":"standard","meta":{"_acf_changed":false,"footnotes":""},"categories":[24],"tags":[],"class_list":["post-57123","post","type-post","status-publish","format-standard","hentry","category-investimento"],"acf":[],"yoast_head":"<!-- This site is optimized with the Yoast SEO plugin v27.4 - https:\/\/yoast.com\/product\/yoast-seo-wordpress\/ -->\n<title>DIRETO DE LAGOA GRANDE  - Blog do Farn\u00e9sio<\/title>\n<meta name=\"robots\" content=\"index, follow, max-snippet:-1, max-image-preview:large, max-video-preview:-1\" \/>\n<link rel=\"canonical\" href=\"https:\/\/blogdofarnesio.com.br\/?p=57123\" \/>\n<meta property=\"og:locale\" content=\"pt_BR\" \/>\n<meta property=\"og:type\" content=\"article\" \/>\n<meta property=\"og:title\" content=\"DIRETO DE LAGOA GRANDE  - Blog do Farn\u00e9sio\" \/>\n<meta property=\"og:description\" content=\"8\u00aa EDI\u00c7\u00c3O DA FEIRA DO VINHO E DA UVA DO NORDESTE (VINHUVA FEST) ACONTECE EM NOVEMBRO\u00a0 J\u00e1 come\u00e7aram os preparativos para a 8\u00aa edi\u00e7\u00e3o da Feira do Vinho e da Uva do Nordeste (Vinhuva Fest), que vai movimentar o Vale do S\u00e3o Francisco, de 14 a 16 de novembro pr\u00f3ximo, a partir do munic\u00edpio pernambucano de Lagoa Grande &#8211; a 601 quil\u00f4metros de Recife. Reunida na tarde da \u00faltima quinta-feira (12), a coordena\u00e7\u00e3o t\u00e9cnica do evento definiu os pontos principais da programa\u00e7\u00e3o, que ser\u00e1 distribu\u00edda em uma feira agroindustrial e dos munic\u00edpios, semin\u00e1rio de vitivinicultura, rodada de neg\u00f3cios e shows com atra\u00e7\u00f5es locais e de renome nacional. Inspirada no tema \u201cVitivinicultura Tropical com Tributo Econ\u00f4mico Sustent\u00e1vel\u201d, a 8\u00aa Vinhuva Fest&hellip;\" \/>\n<meta property=\"og:url\" content=\"https:\/\/blogdofarnesio.com.br\/?p=57123\" \/>\n<meta property=\"og:site_name\" content=\"Blog do Farn\u00e9sio\" \/>\n<meta property=\"article:publisher\" content=\"https:\/\/www.facebook.com\/BlogQuerSaberPolitica\/\" \/>\n<meta property=\"article:published_time\" content=\"2013-09-13T20:05:55+00:00\" \/>\n<meta property=\"og:image\" content=\"http:\/\/www.quersaberpolitica.com.br\/2016\/wp-content\/uploads\/2013\/09\/VINHUVA-300x199.jpg\" \/>\n<meta name=\"author\" content=\"teste\" \/>\n<meta name=\"twitter:card\" content=\"summary_large_image\" \/>\n<meta name=\"twitter:label1\" content=\"Escrito por\" \/>\n\t<meta name=\"twitter:data1\" content=\"teste\" \/>\n\t<meta name=\"twitter:label2\" content=\"Est. tempo de leitura\" \/>\n\t<meta name=\"twitter:data2\" content=\"3 minutos\" \/>\n<script type=\"application\/ld+json\" class=\"yoast-schema-graph\">{\"@context\":\"https:\\\/\\\/schema.org\",\"@graph\":[{\"@type\":\"Article\",\"@id\":\"https:\\\/\\\/blogdofarnesio.com.br\\\/?p=57123#article\",\"isPartOf\":{\"@id\":\"https:\\\/\\\/blogdofarnesio.com.br\\\/?p=57123\"},\"author\":{\"name\":\"teste\",\"@id\":\"https:\\\/\\\/blogdofarnesio.com.br\\\/#\\\/schema\\\/person\\\/dd1bf5eba40b687199ba45ca6b97dff9\"},\"headline\":\"DIRETO DE LAGOA GRANDE\",\"datePublished\":\"2013-09-13T20:05:55+00:00\",\"mainEntityOfPage\":{\"@id\":\"https:\\\/\\\/blogdofarnesio.com.br\\\/?p=57123\"},\"wordCount\":527,\"commentCount\":0,\"publisher\":{\"@id\":\"https:\\\/\\\/blogdofarnesio.com.br\\\/#organization\"},\"image\":{\"@id\":\"https:\\\/\\\/blogdofarnesio.com.br\\\/?p=57123#primaryimage\"},\"thumbnailUrl\":\"http:\\\/\\\/www.quersaberpolitica.com.br\\\/2016\\\/wp-content\\\/uploads\\\/2013\\\/09\\\/VINHUVA-300x199.jpg\",\"articleSection\":[\"Investimento\"],\"inLanguage\":\"pt-BR\",\"potentialAction\":[{\"@type\":\"CommentAction\",\"name\":\"Comment\",\"target\":[\"https:\\\/\\\/blogdofarnesio.com.br\\\/?p=57123#respond\"]}]},{\"@type\":\"WebPage\",\"@id\":\"https:\\\/\\\/blogdofarnesio.com.br\\\/?p=57123\",\"url\":\"https:\\\/\\\/blogdofarnesio.com.br\\\/?p=57123\",\"name\":\"DIRETO DE LAGOA GRANDE - Blog do Farn\u00e9sio\",\"isPartOf\":{\"@id\":\"https:\\\/\\\/blogdofarnesio.com.br\\\/#website\"},\"primaryImageOfPage\":{\"@id\":\"https:\\\/\\\/blogdofarnesio.com.br\\\/?p=57123#primaryimage\"},\"image\":{\"@id\":\"https:\\\/\\\/blogdofarnesio.com.br\\\/?p=57123#primaryimage\"},\"thumbnailUrl\":\"http:\\\/\\\/www.quersaberpolitica.com.br\\\/2016\\\/wp-content\\\/uploads\\\/2013\\\/09\\\/VINHUVA-300x199.jpg\",\"datePublished\":\"2013-09-13T20:05:55+00:00\",\"breadcrumb\":{\"@id\":\"https:\\\/\\\/blogdofarnesio.com.br\\\/?p=57123#breadcrumb\"},\"inLanguage\":\"pt-BR\",\"potentialAction\":[{\"@type\":\"ReadAction\",\"target\":[\"https:\\\/\\\/blogdofarnesio.com.br\\\/?p=57123\"]}]},{\"@type\":\"ImageObject\",\"inLanguage\":\"pt-BR\",\"@id\":\"https:\\\/\\\/blogdofarnesio.com.br\\\/?p=57123#primaryimage\",\"url\":\"http:\\\/\\\/www.quersaberpolitica.com.br\\\/2016\\\/wp-content\\\/uploads\\\/2013\\\/09\\\/VINHUVA-300x199.jpg\",\"contentUrl\":\"http:\\\/\\\/www.quersaberpolitica.com.br\\\/2016\\\/wp-content\\\/uploads\\\/2013\\\/09\\\/VINHUVA-300x199.jpg\"},{\"@type\":\"BreadcrumbList\",\"@id\":\"https:\\\/\\\/blogdofarnesio.com.br\\\/?p=57123#breadcrumb\",\"itemListElement\":[{\"@type\":\"ListItem\",\"position\":1,\"name\":\"In\u00edcio\",\"item\":\"https:\\\/\\\/blogdofarnesio.com.br\\\/\"},{\"@type\":\"ListItem\",\"position\":2,\"name\":\"DIRETO DE LAGOA GRANDE\"}]},{\"@type\":\"WebSite\",\"@id\":\"https:\\\/\\\/blogdofarnesio.com.br\\\/#website\",\"url\":\"https:\\\/\\\/blogdofarnesio.com.br\\\/\",\"name\":\"Blog do Farn\u00e9sio\",\"description\":\"Quer Saber Pol\u00edtica?\",\"publisher\":{\"@id\":\"https:\\\/\\\/blogdofarnesio.com.br\\\/#organization\"},\"potentialAction\":[{\"@type\":\"SearchAction\",\"target\":{\"@type\":\"EntryPoint\",\"urlTemplate\":\"https:\\\/\\\/blogdofarnesio.com.br\\\/?s={search_term_string}\"},\"query-input\":{\"@type\":\"PropertyValueSpecification\",\"valueRequired\":true,\"valueName\":\"search_term_string\"}}],\"inLanguage\":\"pt-BR\"},{\"@type\":\"Organization\",\"@id\":\"https:\\\/\\\/blogdofarnesio.com.br\\\/#organization\",\"name\":\"Blog do Farn\u00e9sio\",\"url\":\"https:\\\/\\\/blogdofarnesio.com.br\\\/\",\"logo\":{\"@type\":\"ImageObject\",\"inLanguage\":\"pt-BR\",\"@id\":\"https:\\\/\\\/blogdofarnesio.com.br\\\/#\\\/schema\\\/logo\\\/image\\\/\",\"url\":\"https:\\\/\\\/blogdofarnesio.com.br\\\/wp-content\\\/uploads\\\/2026\\\/03\\\/cropped-logo_new-1.png\",\"contentUrl\":\"https:\\\/\\\/blogdofarnesio.com.br\\\/wp-content\\\/uploads\\\/2026\\\/03\\\/cropped-logo_new-1.png\",\"width\":881,\"height\":685,\"caption\":\"Blog do Farn\u00e9sio\"},\"image\":{\"@id\":\"https:\\\/\\\/blogdofarnesio.com.br\\\/#\\\/schema\\\/logo\\\/image\\\/\"},\"sameAs\":[\"https:\\\/\\\/www.facebook.com\\\/BlogQuerSaberPolitica\\\/\"]},{\"@type\":\"Person\",\"@id\":\"https:\\\/\\\/blogdofarnesio.com.br\\\/#\\\/schema\\\/person\\\/dd1bf5eba40b687199ba45ca6b97dff9\",\"name\":\"teste\",\"image\":{\"@type\":\"ImageObject\",\"inLanguage\":\"pt-BR\",\"@id\":\"https:\\\/\\\/secure.gravatar.com\\\/avatar\\\/2172498d4914b51e1d89a0f97957b035ac4938723a5cac208135d389b6972a6d?s=96&d=mm&r=g\",\"url\":\"https:\\\/\\\/secure.gravatar.com\\\/avatar\\\/2172498d4914b51e1d89a0f97957b035ac4938723a5cac208135d389b6972a6d?s=96&d=mm&r=g\",\"contentUrl\":\"https:\\\/\\\/secure.gravatar.com\\\/avatar\\\/2172498d4914b51e1d89a0f97957b035ac4938723a5cac208135d389b6972a6d?s=96&d=mm&r=g\",\"caption\":\"teste\"},\"url\":\"https:\\\/\\\/blogdofarnesio.com.br\\\/?author=3\"}]}<\/script>\n<!-- \/ Yoast SEO plugin. -->","yoast_head_json":{"title":"DIRETO DE LAGOA GRANDE  - Blog do Farn\u00e9sio","robots":{"index":"index","follow":"follow","max-snippet":"max-snippet:-1","max-image-preview":"max-image-preview:large","max-video-preview":"max-video-preview:-1"},"canonical":"https:\/\/blogdofarnesio.com.br\/?p=57123","og_locale":"pt_BR","og_type":"article","og_title":"DIRETO DE LAGOA GRANDE  - Blog do Farn\u00e9sio","og_description":"8\u00aa EDI\u00c7\u00c3O DA FEIRA DO VINHO E DA UVA DO NORDESTE (VINHUVA FEST) ACONTECE EM NOVEMBRO\u00a0 J\u00e1 come\u00e7aram os preparativos para a 8\u00aa edi\u00e7\u00e3o da Feira do Vinho e da Uva do Nordeste (Vinhuva Fest), que vai movimentar o Vale do S\u00e3o Francisco, de 14 a 16 de novembro pr\u00f3ximo, a partir do munic\u00edpio pernambucano de Lagoa Grande &#8211; a 601 quil\u00f4metros de Recife. Reunida na tarde da \u00faltima quinta-feira (12), a coordena\u00e7\u00e3o t\u00e9cnica do evento definiu os pontos principais da programa\u00e7\u00e3o, que ser\u00e1 distribu\u00edda em uma feira agroindustrial e dos munic\u00edpios, semin\u00e1rio de vitivinicultura, rodada de neg\u00f3cios e shows com atra\u00e7\u00f5es locais e de renome nacional. Inspirada no tema \u201cVitivinicultura Tropical com Tributo Econ\u00f4mico Sustent\u00e1vel\u201d, a 8\u00aa Vinhuva Fest&hellip;","og_url":"https:\/\/blogdofarnesio.com.br\/?p=57123","og_site_name":"Blog do Farn\u00e9sio","article_publisher":"https:\/\/www.facebook.com\/BlogQuerSaberPolitica\/","article_published_time":"2013-09-13T20:05:55+00:00","og_image":[{"url":"http:\/\/www.quersaberpolitica.com.br\/2016\/wp-content\/uploads\/2013\/09\/VINHUVA-300x199.jpg","type":"","width":"","height":""}],"author":"teste","twitter_card":"summary_large_image","twitter_misc":{"Escrito por":"teste","Est. tempo de leitura":"3 minutos"},"schema":{"@context":"https:\/\/schema.org","@graph":[{"@type":"Article","@id":"https:\/\/blogdofarnesio.com.br\/?p=57123#article","isPartOf":{"@id":"https:\/\/blogdofarnesio.com.br\/?p=57123"},"author":{"name":"teste","@id":"https:\/\/blogdofarnesio.com.br\/#\/schema\/person\/dd1bf5eba40b687199ba45ca6b97dff9"},"headline":"DIRETO DE LAGOA GRANDE","datePublished":"2013-09-13T20:05:55+00:00","mainEntityOfPage":{"@id":"https:\/\/blogdofarnesio.com.br\/?p=57123"},"wordCount":527,"commentCount":0,"publisher":{"@id":"https:\/\/blogdofarnesio.com.br\/#organization"},"image":{"@id":"https:\/\/blogdofarnesio.com.br\/?p=57123#primaryimage"},"thumbnailUrl":"http:\/\/www.quersaberpolitica.com.br\/2016\/wp-content\/uploads\/2013\/09\/VINHUVA-300x199.jpg","articleSection":["Investimento"],"inLanguage":"pt-BR","potentialAction":[{"@type":"CommentAction","name":"Comment","target":["https:\/\/blogdofarnesio.com.br\/?p=57123#respond"]}]},{"@type":"WebPage","@id":"https:\/\/blogdofarnesio.com.br\/?p=57123","url":"https:\/\/blogdofarnesio.com.br\/?p=57123","name":"DIRETO DE LAGOA GRANDE - Blog do Farn\u00e9sio","isPartOf":{"@id":"https:\/\/blogdofarnesio.com.br\/#website"},"primaryImageOfPage":{"@id":"https:\/\/blogdofarnesio.com.br\/?p=57123#primaryimage"},"image":{"@id":"https:\/\/blogdofarnesio.com.br\/?p=57123#primaryimage"},"thumbnailUrl":"http:\/\/www.quersaberpolitica.com.br\/2016\/wp-content\/uploads\/2013\/09\/VINHUVA-300x199.jpg","datePublished":"2013-09-13T20:05:55+00:00","breadcrumb":{"@id":"https:\/\/blogdofarnesio.com.br\/?p=57123#breadcrumb"},"inLanguage":"pt-BR","potentialAction":[{"@type":"ReadAction","target":["https:\/\/blogdofarnesio.com.br\/?p=57123"]}]},{"@type":"ImageObject","inLanguage":"pt-BR","@id":"https:\/\/blogdofarnesio.com.br\/?p=57123#primaryimage","url":"http:\/\/www.quersaberpolitica.com.br\/2016\/wp-content\/uploads\/2013\/09\/VINHUVA-300x199.jpg","contentUrl":"http:\/\/www.quersaberpolitica.com.br\/2016\/wp-content\/uploads\/2013\/09\/VINHUVA-300x199.jpg"},{"@type":"BreadcrumbList","@id":"https:\/\/blogdofarnesio.com.br\/?p=57123#breadcrumb","itemListElement":[{"@type":"ListItem","position":1,"name":"In\u00edcio","item":"https:\/\/blogdofarnesio.com.br\/"},{"@type":"ListItem","position":2,"name":"DIRETO DE LAGOA GRANDE"}]},{"@type":"WebSite","@id":"https:\/\/blogdofarnesio.com.br\/#website","url":"https:\/\/blogdofarnesio.com.br\/","name":"Blog do Farn\u00e9sio","description":"Quer Saber Pol\u00edtica?","publisher":{"@id":"https:\/\/blogdofarnesio.com.br\/#organization"},"potentialAction":[{"@type":"SearchAction","target":{"@type":"EntryPoint","urlTemplate":"https:\/\/blogdofarnesio.com.br\/?s={search_term_string}"},"query-input":{"@type":"PropertyValueSpecification","valueRequired":true,"valueName":"search_term_string"}}],"inLanguage":"pt-BR"},{"@type":"Organization","@id":"https:\/\/blogdofarnesio.com.br\/#organization","name":"Blog do Farn\u00e9sio","url":"https:\/\/blogdofarnesio.com.br\/","logo":{"@type":"ImageObject","inLanguage":"pt-BR","@id":"https:\/\/blogdofarnesio.com.br\/#\/schema\/logo\/image\/","url":"https:\/\/blogdofarnesio.com.br\/wp-content\/uploads\/2026\/03\/cropped-logo_new-1.png","contentUrl":"https:\/\/blogdofarnesio.com.br\/wp-content\/uploads\/2026\/03\/cropped-logo_new-1.png","width":881,"height":685,"caption":"Blog do Farn\u00e9sio"},"image":{"@id":"https:\/\/blogdofarnesio.com.br\/#\/schema\/logo\/image\/"},"sameAs":["https:\/\/www.facebook.com\/BlogQuerSaberPolitica\/"]},{"@type":"Person","@id":"https:\/\/blogdofarnesio.com.br\/#\/schema\/person\/dd1bf5eba40b687199ba45ca6b97dff9","name":"teste","image":{"@type":"ImageObject","inLanguage":"pt-BR","@id":"https:\/\/secure.gravatar.com\/avatar\/2172498d4914b51e1d89a0f97957b035ac4938723a5cac208135d389b6972a6d?s=96&d=mm&r=g","url":"https:\/\/secure.gravatar.com\/avatar\/2172498d4914b51e1d89a0f97957b035ac4938723a5cac208135d389b6972a6d?s=96&d=mm&r=g","contentUrl":"https:\/\/secure.gravatar.com\/avatar\/2172498d4914b51e1d89a0f97957b035ac4938723a5cac208135d389b6972a6d?s=96&d=mm&r=g","caption":"teste"},"url":"https:\/\/blogdofarnesio.com.br\/?author=3"}]}},"_links":{"self":[{"href":"https:\/\/blogdofarnesio.com.br\/index.php?rest_route=\/wp\/v2\/posts\/57123","targetHints":{"allow":["GET"]}}],"collection":[{"href":"https:\/\/blogdofarnesio.com.br\/index.php?rest_route=\/wp\/v2\/posts"}],"about":[{"href":"https:\/\/blogdofarnesio.com.br\/index.php?rest_route=\/wp\/v2\/types\/post"}],"author":[{"embeddable":true,"href":"https:\/\/blogdofarnesio.com.br\/index.php?rest_route=\/wp\/v2\/users\/3"}],"replies":[{"embeddable":true,"href":"https:\/\/blogdofarnesio.com.br\/index.php?rest_route=%2Fwp%2Fv2%2Fcomments&post=57123"}],"version-history":[{"count":0,"href":"https:\/\/blogdofarnesio.com.br\/index.php?rest_route=\/wp\/v2\/posts\/57123\/revisions"}],"wp:attachment":[{"href":"https:\/\/blogdofarnesio.com.br\/index.php?rest_route=%2Fwp%2Fv2%2Fmedia&parent=57123"}],"wp:term":[{"taxonomy":"category","embeddable":true,"href":"https:\/\/blogdofarnesio.com.br\/index.php?rest_route=%2Fwp%2Fv2%2Fcategories&post=57123"},{"taxonomy":"post_tag","embeddable":true,"href":"https:\/\/blogdofarnesio.com.br\/index.php?rest_route=%2Fwp%2Fv2%2Ftags&post=57123"}],"curies":[{"name":"wp","href":"https:\/\/api.w.org\/{rel}","templated":true}]}}