{"id":5610,"date":"2011-08-08T22:00:13","date_gmt":"2011-08-08T22:00:13","guid":{"rendered":"http:\/\/www.quersaberpolitica.com.br?p=5610"},"modified":"-0001-11-30T00:00:00","modified_gmt":"-0001-11-30T03:00:00","slug":"a-crise-economica-que-atinge-os-paises-desenvolvidos-do-mundo-deixa-duvidas-sobre-o-comportamento-da-economia-brasileira","status":"publish","type":"post","link":"https:\/\/blogdofarnesio.com.br\/?p=5610","title":{"rendered":"A crise econ\u00f4mica que atinge os pa\u00edses desenvolvidos do mundo deixa d\u00favidas sobre o comportamento da economia brasileira."},"content":{"rendered":"<p><div><span><a rel=\"lightbox\" href=\"http:\/\/www.quersaberpolitica.com.br\/2016\/wp-content\/uploads\/2012\/12\/blogqsp-gonzagapatriota.jpg\"><img loading=\"lazy\" decoding=\"async\" style=\"float: left; margin-top: 5px; margin-bottom: 5px; margin-left: 10px; margin-right: 10px;\" src=\"http:\/\/www.quersaberpolitica.com.br\/2016\/wp-content\/uploads\/2012\/12\/blogqsp-gonzagapatriota.jpg\" alt=\"\" width=\"200\" height=\"143\" \/><\/a><\/span><\/p>\n<p style=\"text-align: justify;\"><span style=\"font-size: small;\">O ministro Guido Mantega anunciou recentemente uma s&eacute;rie de medidas para conter a alta desenfreada do real frente ao d&oacute;lar, e controlar a infla&ccedil;&atilde;o que se assanhou no in&iacute;cio do ano. A principal dessas a&ccedil;&otilde;es foi &agrave; cobran&ccedil;a de 1% de IOF &#8211; Imposto sobre Opera&ccedil;&otilde;es Financeiras, al&eacute;m dos aumentos mensais da taxa de juros que j&aacute; chegaram a 12,5% ao ano, para encarecer o cr&eacute;dito e diminuir o consumo.&nbsp;<span>Com isso o governo da Presidente Dilma Rousseff implantou o programa Brasil Maior, com medidas fiscais e credit&iacute;cias consideradas eficazes para superar o problema e evitar a desindustrializa&ccedil;&atilde;o do pa&iacute;s, com desonera&ccedil;&atilde;o superior a 45 bilh&otilde;es de reais at&eacute; 2015, vez que os efeitos da crise industrial brasileira j&aacute; est&atilde;o sendo sentidos pelos empres&aacute;rios.<\/span><\/span><\/p>\n<p style=\"text-align: justify;\"><span style=\"font-size: small;\"><br \/><\/span><\/p>\n<p style=\"text-align: justify;\"><span style=\"font-size: small;\">O Brasil Maior contempla nova pol&iacute;tica industrial, articula a&ccedil;&otilde;es julgadas estrat&eacute;gicas para resgatar o poder competitivo do setor e gerar impulsos mais consistentes &agrave; economia e ao emprego.<\/span><\/p>\n<p style=\"text-align: justify;\"><span style=\"font-size: small;\"><br \/><\/span><\/p>\n<p style=\"text-align: justify;\"><span style=\"font-size: small;\">Para complementar esse processo do governo, a CNI &#8211; Confedera&ccedil;&atilde;o Nacional da Ind&uacute;stria, apresentou proposta das Federa&ccedil;&otilde;es das Ind&uacute;strias brasileiras para desonerar e controlar as exporta&ccedil;&otilde;es e aumentar a competitividade da ind&uacute;stria.<\/span><\/p>\n<p style=\"text-align: justify;\"><span style=\"font-size: small;\"><br \/><\/span><\/p>\n<p style=\"text-align: justify;\"><span style=\"font-size: small;\">A desindustrializa&ccedil;&atilde;o brasileira &eacute; vista claramente, mas, muitos outros setores da nossa economia tamb&eacute;m carecem de iminentes cuidados do governo, porque &eacute; o desejo de quantos se empenham em garantir a estabilidade econ&ocirc;mica do Brasil, isto &eacute;, todos os patriotas do Brasil.<\/span><\/p>\n<p style=\"text-align: justify;\"><span style=\"font-size: small;\"><br \/><\/span><\/p>\n<p style=\"text-align: justify;\"><span style=\"font-size: xx-small;\">Por Gonzaga Patriota | Deputado Federal (PSB-PE)<\/span><\/p>\n<div style=\"text-align: justify;\"><span style=\"font-family: arial, helvetica, sans-serif;\"><br \/><\/span><\/div>\n<\/div>\n","protected":false},"excerpt":{"rendered":"<p>O ministro Guido Mantega anunciou recentemente uma s&eacute;rie de medidas para conter a alta desenfreada do real frente ao d&oacute;lar, e controlar a infla&ccedil;&atilde;o que se assanhou no in&iacute;cio do ano. A principal dessas a&ccedil;&otilde;es foi &agrave; cobran&ccedil;a de 1% de IOF &#8211; Imposto sobre Opera&ccedil;&otilde;es Financeiras, al&eacute;m dos aumentos mensais da taxa de juros que j&aacute; chegaram a 12,5% ao ano, para encarecer o cr&eacute;dito e diminuir o consumo.&nbsp;Com isso o governo da Presidente Dilma Rousseff implantou o programa Brasil Maior, com medidas fiscais e credit&iacute;cias consideradas eficazes para superar o problema e evitar a desindustrializa&ccedil;&atilde;o do pa&iacute;s, com desonera&ccedil;&atilde;o superior a 45 bilh&otilde;es de reais at&eacute; 2015, vez que os efeitos da crise industrial brasileira j&aacute; est&atilde;o sendo&hellip; <\/p>\n","protected":false},"author":0,"featured_media":0,"comment_status":"open","ping_status":"open","sticky":false,"template":"","format":"standard","meta":{"_acf_changed":false,"footnotes":""},"categories":[30],"tags":[],"class_list":["post-5610","post","type-post","status-publish","format-standard","hentry","category-artigo"],"acf":[],"yoast_head":"<!-- This site is optimized with the Yoast SEO plugin v27.4 - https:\/\/yoast.com\/product\/yoast-seo-wordpress\/ -->\n<title>A crise econ\u00f4mica que atinge os pa\u00edses desenvolvidos do mundo deixa d\u00favidas sobre o comportamento da economia brasileira.  - Blog do Farn\u00e9sio<\/title>\n<meta name=\"robots\" content=\"index, follow, max-snippet:-1, max-image-preview:large, max-video-preview:-1\" \/>\n<link rel=\"canonical\" href=\"https:\/\/blogdofarnesio.com.br\/?p=5610\" \/>\n<meta property=\"og:locale\" content=\"pt_BR\" \/>\n<meta property=\"og:type\" content=\"article\" \/>\n<meta property=\"og:title\" content=\"A crise econ\u00f4mica que atinge os pa\u00edses desenvolvidos do mundo deixa d\u00favidas sobre o comportamento da economia brasileira.  - Blog do Farn\u00e9sio\" \/>\n<meta property=\"og:description\" content=\"O ministro Guido Mantega anunciou recentemente uma s&eacute;rie de medidas para conter a alta desenfreada do real frente ao d&oacute;lar, e controlar a infla&ccedil;&atilde;o que se assanhou no in&iacute;cio do ano. A principal dessas a&ccedil;&otilde;es foi &agrave; cobran&ccedil;a de 1% de IOF &#8211; Imposto sobre Opera&ccedil;&otilde;es Financeiras, al&eacute;m dos aumentos mensais da taxa de juros que j&aacute; chegaram a 12,5% ao ano, para encarecer o cr&eacute;dito e diminuir o consumo.&nbsp;Com isso o governo da Presidente Dilma Rousseff implantou o programa Brasil Maior, com medidas fiscais e credit&iacute;cias consideradas eficazes para superar o problema e evitar a desindustrializa&ccedil;&atilde;o do pa&iacute;s, com desonera&ccedil;&atilde;o superior a 45 bilh&otilde;es de reais at&eacute; 2015, vez que os efeitos da crise industrial brasileira j&aacute; est&atilde;o sendo&hellip;\" \/>\n<meta property=\"og:url\" content=\"https:\/\/blogdofarnesio.com.br\/?p=5610\" \/>\n<meta property=\"og:site_name\" content=\"Blog do Farn\u00e9sio\" \/>\n<meta property=\"article:publisher\" content=\"https:\/\/www.facebook.com\/BlogQuerSaberPolitica\/\" \/>\n<meta property=\"article:published_time\" content=\"2011-08-08T22:00:13+00:00\" \/>\n<meta property=\"og:image\" content=\"http:\/\/www.quersaberpolitica.com.br\/2016\/wp-content\/uploads\/2012\/12\/blogqsp-gonzagapatriota.jpg\" \/>\n<meta name=\"twitter:card\" content=\"summary_large_image\" \/>\n<meta name=\"twitter:label1\" content=\"Est. tempo de leitura\" \/>\n\t<meta name=\"twitter:data1\" content=\"1 minuto\" \/>\n<script type=\"application\/ld+json\" class=\"yoast-schema-graph\">{\"@context\":\"https:\\\/\\\/schema.org\",\"@graph\":[{\"@type\":\"Article\",\"@id\":\"https:\\\/\\\/blogdofarnesio.com.br\\\/?p=5610#article\",\"isPartOf\":{\"@id\":\"https:\\\/\\\/blogdofarnesio.com.br\\\/?p=5610\"},\"author\":{\"name\":\"\",\"@id\":\"\"},\"headline\":\"A crise econ\u00f4mica que atinge os pa\u00edses desenvolvidos do mundo deixa d\u00favidas sobre o comportamento da economia brasileira.\",\"datePublished\":\"2011-08-08T22:00:13+00:00\",\"mainEntityOfPage\":{\"@id\":\"https:\\\/\\\/blogdofarnesio.com.br\\\/?p=5610\"},\"wordCount\":319,\"commentCount\":0,\"publisher\":{\"@id\":\"https:\\\/\\\/blogdofarnesio.com.br\\\/#organization\"},\"image\":{\"@id\":\"https:\\\/\\\/blogdofarnesio.com.br\\\/?p=5610#primaryimage\"},\"thumbnailUrl\":\"http:\\\/\\\/www.quersaberpolitica.com.br\\\/2016\\\/wp-content\\\/uploads\\\/2012\\\/12\\\/blogqsp-gonzagapatriota.jpg\",\"articleSection\":[\"Artigo\"],\"inLanguage\":\"pt-BR\",\"potentialAction\":[{\"@type\":\"CommentAction\",\"name\":\"Comment\",\"target\":[\"https:\\\/\\\/blogdofarnesio.com.br\\\/?p=5610#respond\"]}]},{\"@type\":\"WebPage\",\"@id\":\"https:\\\/\\\/blogdofarnesio.com.br\\\/?p=5610\",\"url\":\"https:\\\/\\\/blogdofarnesio.com.br\\\/?p=5610\",\"name\":\"A crise econ\u00f4mica que atinge os pa\u00edses desenvolvidos do mundo deixa d\u00favidas sobre o comportamento da economia brasileira. - Blog do Farn\u00e9sio\",\"isPartOf\":{\"@id\":\"https:\\\/\\\/blogdofarnesio.com.br\\\/#website\"},\"primaryImageOfPage\":{\"@id\":\"https:\\\/\\\/blogdofarnesio.com.br\\\/?p=5610#primaryimage\"},\"image\":{\"@id\":\"https:\\\/\\\/blogdofarnesio.com.br\\\/?p=5610#primaryimage\"},\"thumbnailUrl\":\"http:\\\/\\\/www.quersaberpolitica.com.br\\\/2016\\\/wp-content\\\/uploads\\\/2012\\\/12\\\/blogqsp-gonzagapatriota.jpg\",\"datePublished\":\"2011-08-08T22:00:13+00:00\",\"breadcrumb\":{\"@id\":\"https:\\\/\\\/blogdofarnesio.com.br\\\/?p=5610#breadcrumb\"},\"inLanguage\":\"pt-BR\",\"potentialAction\":[{\"@type\":\"ReadAction\",\"target\":[\"https:\\\/\\\/blogdofarnesio.com.br\\\/?p=5610\"]}]},{\"@type\":\"ImageObject\",\"inLanguage\":\"pt-BR\",\"@id\":\"https:\\\/\\\/blogdofarnesio.com.br\\\/?p=5610#primaryimage\",\"url\":\"http:\\\/\\\/www.quersaberpolitica.com.br\\\/2016\\\/wp-content\\\/uploads\\\/2012\\\/12\\\/blogqsp-gonzagapatriota.jpg\",\"contentUrl\":\"http:\\\/\\\/www.quersaberpolitica.com.br\\\/2016\\\/wp-content\\\/uploads\\\/2012\\\/12\\\/blogqsp-gonzagapatriota.jpg\"},{\"@type\":\"BreadcrumbList\",\"@id\":\"https:\\\/\\\/blogdofarnesio.com.br\\\/?p=5610#breadcrumb\",\"itemListElement\":[{\"@type\":\"ListItem\",\"position\":1,\"name\":\"In\u00edcio\",\"item\":\"https:\\\/\\\/blogdofarnesio.com.br\\\/\"},{\"@type\":\"ListItem\",\"position\":2,\"name\":\"A crise econ\u00f4mica que atinge os pa\u00edses desenvolvidos do mundo deixa d\u00favidas sobre o comportamento da economia brasileira.\"}]},{\"@type\":\"WebSite\",\"@id\":\"https:\\\/\\\/blogdofarnesio.com.br\\\/#website\",\"url\":\"https:\\\/\\\/blogdofarnesio.com.br\\\/\",\"name\":\"Blog do Farn\u00e9sio\",\"description\":\"Quer Saber Pol\u00edtica?\",\"publisher\":{\"@id\":\"https:\\\/\\\/blogdofarnesio.com.br\\\/#organization\"},\"potentialAction\":[{\"@type\":\"SearchAction\",\"target\":{\"@type\":\"EntryPoint\",\"urlTemplate\":\"https:\\\/\\\/blogdofarnesio.com.br\\\/?s={search_term_string}\"},\"query-input\":{\"@type\":\"PropertyValueSpecification\",\"valueRequired\":true,\"valueName\":\"search_term_string\"}}],\"inLanguage\":\"pt-BR\"},{\"@type\":\"Organization\",\"@id\":\"https:\\\/\\\/blogdofarnesio.com.br\\\/#organization\",\"name\":\"Blog do Farn\u00e9sio\",\"url\":\"https:\\\/\\\/blogdofarnesio.com.br\\\/\",\"logo\":{\"@type\":\"ImageObject\",\"inLanguage\":\"pt-BR\",\"@id\":\"https:\\\/\\\/blogdofarnesio.com.br\\\/#\\\/schema\\\/logo\\\/image\\\/\",\"url\":\"https:\\\/\\\/blogdofarnesio.com.br\\\/wp-content\\\/uploads\\\/2026\\\/03\\\/cropped-logo_new-1.png\",\"contentUrl\":\"https:\\\/\\\/blogdofarnesio.com.br\\\/wp-content\\\/uploads\\\/2026\\\/03\\\/cropped-logo_new-1.png\",\"width\":881,\"height\":685,\"caption\":\"Blog do Farn\u00e9sio\"},\"image\":{\"@id\":\"https:\\\/\\\/blogdofarnesio.com.br\\\/#\\\/schema\\\/logo\\\/image\\\/\"},\"sameAs\":[\"https:\\\/\\\/www.facebook.com\\\/BlogQuerSaberPolitica\\\/\"]}]}<\/script>\n<!-- \/ Yoast SEO plugin. -->","yoast_head_json":{"title":"A crise econ\u00f4mica que atinge os pa\u00edses desenvolvidos do mundo deixa d\u00favidas sobre o comportamento da economia brasileira.  - Blog do Farn\u00e9sio","robots":{"index":"index","follow":"follow","max-snippet":"max-snippet:-1","max-image-preview":"max-image-preview:large","max-video-preview":"max-video-preview:-1"},"canonical":"https:\/\/blogdofarnesio.com.br\/?p=5610","og_locale":"pt_BR","og_type":"article","og_title":"A crise econ\u00f4mica que atinge os pa\u00edses desenvolvidos do mundo deixa d\u00favidas sobre o comportamento da economia brasileira.  - Blog do Farn\u00e9sio","og_description":"O ministro Guido Mantega anunciou recentemente uma s&eacute;rie de medidas para conter a alta desenfreada do real frente ao d&oacute;lar, e controlar a infla&ccedil;&atilde;o que se assanhou no in&iacute;cio do ano. A principal dessas a&ccedil;&otilde;es foi &agrave; cobran&ccedil;a de 1% de IOF &#8211; Imposto sobre Opera&ccedil;&otilde;es Financeiras, al&eacute;m dos aumentos mensais da taxa de juros que j&aacute; chegaram a 12,5% ao ano, para encarecer o cr&eacute;dito e diminuir o consumo.&nbsp;Com isso o governo da Presidente Dilma Rousseff implantou o programa Brasil Maior, com medidas fiscais e credit&iacute;cias consideradas eficazes para superar o problema e evitar a desindustrializa&ccedil;&atilde;o do pa&iacute;s, com desonera&ccedil;&atilde;o superior a 45 bilh&otilde;es de reais at&eacute; 2015, vez que os efeitos da crise industrial brasileira j&aacute; est&atilde;o sendo&hellip;","og_url":"https:\/\/blogdofarnesio.com.br\/?p=5610","og_site_name":"Blog do Farn\u00e9sio","article_publisher":"https:\/\/www.facebook.com\/BlogQuerSaberPolitica\/","article_published_time":"2011-08-08T22:00:13+00:00","og_image":[{"url":"http:\/\/www.quersaberpolitica.com.br\/2016\/wp-content\/uploads\/2012\/12\/blogqsp-gonzagapatriota.jpg","type":"","width":"","height":""}],"twitter_card":"summary_large_image","twitter_misc":{"Est. tempo de leitura":"1 minuto"},"schema":{"@context":"https:\/\/schema.org","@graph":[{"@type":"Article","@id":"https:\/\/blogdofarnesio.com.br\/?p=5610#article","isPartOf":{"@id":"https:\/\/blogdofarnesio.com.br\/?p=5610"},"author":{"name":"","@id":""},"headline":"A crise econ\u00f4mica que atinge os pa\u00edses desenvolvidos do mundo deixa d\u00favidas sobre o comportamento da economia brasileira.","datePublished":"2011-08-08T22:00:13+00:00","mainEntityOfPage":{"@id":"https:\/\/blogdofarnesio.com.br\/?p=5610"},"wordCount":319,"commentCount":0,"publisher":{"@id":"https:\/\/blogdofarnesio.com.br\/#organization"},"image":{"@id":"https:\/\/blogdofarnesio.com.br\/?p=5610#primaryimage"},"thumbnailUrl":"http:\/\/www.quersaberpolitica.com.br\/2016\/wp-content\/uploads\/2012\/12\/blogqsp-gonzagapatriota.jpg","articleSection":["Artigo"],"inLanguage":"pt-BR","potentialAction":[{"@type":"CommentAction","name":"Comment","target":["https:\/\/blogdofarnesio.com.br\/?p=5610#respond"]}]},{"@type":"WebPage","@id":"https:\/\/blogdofarnesio.com.br\/?p=5610","url":"https:\/\/blogdofarnesio.com.br\/?p=5610","name":"A crise econ\u00f4mica que atinge os pa\u00edses desenvolvidos do mundo deixa d\u00favidas sobre o comportamento da economia brasileira. - Blog do Farn\u00e9sio","isPartOf":{"@id":"https:\/\/blogdofarnesio.com.br\/#website"},"primaryImageOfPage":{"@id":"https:\/\/blogdofarnesio.com.br\/?p=5610#primaryimage"},"image":{"@id":"https:\/\/blogdofarnesio.com.br\/?p=5610#primaryimage"},"thumbnailUrl":"http:\/\/www.quersaberpolitica.com.br\/2016\/wp-content\/uploads\/2012\/12\/blogqsp-gonzagapatriota.jpg","datePublished":"2011-08-08T22:00:13+00:00","breadcrumb":{"@id":"https:\/\/blogdofarnesio.com.br\/?p=5610#breadcrumb"},"inLanguage":"pt-BR","potentialAction":[{"@type":"ReadAction","target":["https:\/\/blogdofarnesio.com.br\/?p=5610"]}]},{"@type":"ImageObject","inLanguage":"pt-BR","@id":"https:\/\/blogdofarnesio.com.br\/?p=5610#primaryimage","url":"http:\/\/www.quersaberpolitica.com.br\/2016\/wp-content\/uploads\/2012\/12\/blogqsp-gonzagapatriota.jpg","contentUrl":"http:\/\/www.quersaberpolitica.com.br\/2016\/wp-content\/uploads\/2012\/12\/blogqsp-gonzagapatriota.jpg"},{"@type":"BreadcrumbList","@id":"https:\/\/blogdofarnesio.com.br\/?p=5610#breadcrumb","itemListElement":[{"@type":"ListItem","position":1,"name":"In\u00edcio","item":"https:\/\/blogdofarnesio.com.br\/"},{"@type":"ListItem","position":2,"name":"A crise econ\u00f4mica que atinge os pa\u00edses desenvolvidos do mundo deixa d\u00favidas sobre o comportamento da economia brasileira."}]},{"@type":"WebSite","@id":"https:\/\/blogdofarnesio.com.br\/#website","url":"https:\/\/blogdofarnesio.com.br\/","name":"Blog do Farn\u00e9sio","description":"Quer Saber Pol\u00edtica?","publisher":{"@id":"https:\/\/blogdofarnesio.com.br\/#organization"},"potentialAction":[{"@type":"SearchAction","target":{"@type":"EntryPoint","urlTemplate":"https:\/\/blogdofarnesio.com.br\/?s={search_term_string}"},"query-input":{"@type":"PropertyValueSpecification","valueRequired":true,"valueName":"search_term_string"}}],"inLanguage":"pt-BR"},{"@type":"Organization","@id":"https:\/\/blogdofarnesio.com.br\/#organization","name":"Blog do Farn\u00e9sio","url":"https:\/\/blogdofarnesio.com.br\/","logo":{"@type":"ImageObject","inLanguage":"pt-BR","@id":"https:\/\/blogdofarnesio.com.br\/#\/schema\/logo\/image\/","url":"https:\/\/blogdofarnesio.com.br\/wp-content\/uploads\/2026\/03\/cropped-logo_new-1.png","contentUrl":"https:\/\/blogdofarnesio.com.br\/wp-content\/uploads\/2026\/03\/cropped-logo_new-1.png","width":881,"height":685,"caption":"Blog do Farn\u00e9sio"},"image":{"@id":"https:\/\/blogdofarnesio.com.br\/#\/schema\/logo\/image\/"},"sameAs":["https:\/\/www.facebook.com\/BlogQuerSaberPolitica\/"]}]}},"_links":{"self":[{"href":"https:\/\/blogdofarnesio.com.br\/index.php?rest_route=\/wp\/v2\/posts\/5610","targetHints":{"allow":["GET"]}}],"collection":[{"href":"https:\/\/blogdofarnesio.com.br\/index.php?rest_route=\/wp\/v2\/posts"}],"about":[{"href":"https:\/\/blogdofarnesio.com.br\/index.php?rest_route=\/wp\/v2\/types\/post"}],"replies":[{"embeddable":true,"href":"https:\/\/blogdofarnesio.com.br\/index.php?rest_route=%2Fwp%2Fv2%2Fcomments&post=5610"}],"version-history":[{"count":0,"href":"https:\/\/blogdofarnesio.com.br\/index.php?rest_route=\/wp\/v2\/posts\/5610\/revisions"}],"wp:attachment":[{"href":"https:\/\/blogdofarnesio.com.br\/index.php?rest_route=%2Fwp%2Fv2%2Fmedia&parent=5610"}],"wp:term":[{"taxonomy":"category","embeddable":true,"href":"https:\/\/blogdofarnesio.com.br\/index.php?rest_route=%2Fwp%2Fv2%2Fcategories&post=5610"},{"taxonomy":"post_tag","embeddable":true,"href":"https:\/\/blogdofarnesio.com.br\/index.php?rest_route=%2Fwp%2Fv2%2Ftags&post=5610"}],"curies":[{"name":"wp","href":"https:\/\/api.w.org\/{rel}","templated":true}]}}