{"id":55882,"date":"2013-09-04T10:20:56","date_gmt":"2013-09-04T13:20:56","guid":{"rendered":"http:\/\/www.quersaberpolitica.com.br\/?p=55882"},"modified":"2013-09-04T10:41:44","modified_gmt":"2013-09-04T13:41:44","slug":"juazeiro-vai-sediar-ii-forum-de-turismo-da-bahia","status":"publish","type":"post","link":"https:\/\/blogdofarnesio.com.br\/?p=55882","title":{"rendered":"JUAZEIRO VAI SEDIAR II F\u00d3RUM INTINERANTE DE TURISMO DA BAHIA"},"content":{"rendered":"<p style=\"text-align: justify\"><a href=\"http:\/\/www.quersaberpolitica.com.br\/2016\/wp-content\/uploads\/2013\/09\/blogqspcarlosneivajuvenilson-jua.jpg\"><img loading=\"lazy\" decoding=\"async\" class=\"alignleft size-medium wp-image-55884\" alt=\"blogqspcarlosneivajuvenilson jua\" src=\"http:\/\/www.quersaberpolitica.com.br\/2016\/wp-content\/uploads\/2013\/09\/blogqspcarlosneivajuvenilson-jua-300x151.jpg\" width=\"300\" height=\"151\" srcset=\"https:\/\/blogdofarnesio.com.br\/wp-content\/uploads\/2013\/09\/blogqspcarlosneivajuvenilson-jua-300x151.jpg 300w, https:\/\/blogdofarnesio.com.br\/wp-content\/uploads\/2013\/09\/blogqspcarlosneivajuvenilson-jua.jpg 448w\" sizes=\"auto, (max-width: 300px) 100vw, 300px\" \/><\/a>Na manh\u00e3 desta quarta-feira (04), o secret\u00e1rio de turismo, Juvenilson Passos, juntamente com o secret\u00e1rio Carlos Neiva, esteve no programa Bastidores da Not\u00edcia, na r\u00e1dio TropicalSat, para falar sobre o II f\u00f3rum itinerante de turismo na Bahia.<\/p>\n<p style=\"text-align: justify\">O evento acontece no dia 08 de novembro no complexo de eventos da Universidade do Vale do S\u00e3o Francisco- UNIASF e contar\u00e1 com a participa\u00e7\u00e3o de representantes de v\u00e1rias cidades do territ\u00f3rio. O secret\u00e1rio Juvenilson aproveitou a oportunidade para destacar a potencialidade do turismo na cidade. \u201cHoje juazeiro vem se destacando como turismo, tanto que v\u00e1rias cidade queriam sediar o evento, mas juazeiro ganhou com unanimidade\u201d, ressaltou.<\/p>\n<p style=\"text-align: justify\">Para o assessor especial Carlos Neiva, o turismo de Juazeiro n\u00e3o foi bem observado ao longo do tempo, mas agora, segundo ele, o trabalho j\u00e1 est\u00e1 sendo feito. \u201cSempre defendemos a potencialidade de Juazeiro, que \u00e9 um munic\u00edpio acima da m\u00e9dia. Juazeiro tem pluralidade de temas, o rio s\u00e3o Francisco, fazendas, enoturismo, que ao longo do tempo n\u00e3o foram bem observadas, mas agora n\u00f3s estamos fazendo o trabalho\u201d, destacou.<\/p>\n<p style=\"text-align: justify\">O secret\u00e1rio Juvenilson destacou tamb\u00e9m que a prefeitura vem trabalhando em conjunto com os empres\u00e1rios da cidade que est\u00e3o investindo no turismo. \u201cO vapor do vinho, que j\u00e1 vem se desenvolvendo, \u00e9 um sucesso e eu n\u00e3o tenho d\u00favida, a op\u00e7\u00e3o do turismo n\u00e1utico \u00e9 uma op\u00e7\u00e3o a mais. Ficamos felizes que esses empres\u00e1rios estejam acreditando no turismo da cidade\u201d, ressaltou.<\/p>\n<p style=\"text-align: justify\">Outro ponto abordado pelo secret\u00e1rio foi a qualifica\u00e7\u00e3o de profissionais para atender os turistas. \u201cTem que est\u00e1 preparando as pessoas para que tenham o m\u00ednimo de informa\u00e7\u00e3o poss\u00edvel, para tender bem o turista e que ele volte\u201d, pontuou.<\/p>\n<p style=\"text-align: justify\">Juvenilson destacou ainda que a prefeitura vai recuperar o vaporzinho e transforma-lo em um balc\u00e3o de turismo, que ser\u00e1 inaugurado no dia do f\u00f3rum no dia 08 de novembro.<\/p>\n","protected":false},"excerpt":{"rendered":"<p>Na manh\u00e3 desta quarta-feira (04), o secret\u00e1rio de turismo, Juvenilson Passos, juntamente com o secret\u00e1rio Carlos Neiva, esteve no programa Bastidores da Not\u00edcia, na r\u00e1dio TropicalSat, para falar sobre o II f\u00f3rum itinerante de turismo na Bahia. O evento acontece no dia 08 de novembro no complexo de eventos da Universidade do Vale do S\u00e3o Francisco- UNIASF e contar\u00e1 com a participa\u00e7\u00e3o de representantes de v\u00e1rias cidades do territ\u00f3rio. O secret\u00e1rio Juvenilson aproveitou a oportunidade para destacar a potencialidade do turismo na cidade. \u201cHoje juazeiro vem se destacando como turismo, tanto que v\u00e1rias cidade queriam sediar o evento, mas juazeiro ganhou com unanimidade\u201d, ressaltou. Para o assessor especial Carlos Neiva, o turismo de Juazeiro n\u00e3o foi bem observado ao longo&hellip; <\/p>\n","protected":false},"author":3,"featured_media":0,"comment_status":"open","ping_status":"open","sticky":false,"template":"","format":"standard","meta":{"_acf_changed":false,"footnotes":""},"categories":[11],"tags":[],"class_list":["post-55882","post","type-post","status-publish","format-standard","hentry","category-turismo"],"acf":[],"yoast_head":"<!-- This site is optimized with the Yoast SEO plugin v27.4 - https:\/\/yoast.com\/product\/yoast-seo-wordpress\/ -->\n<title>JUAZEIRO VAI SEDIAR II F\u00d3RUM INTINERANTE DE TURISMO DA BAHIA  - Blog do Farn\u00e9sio<\/title>\n<meta name=\"robots\" content=\"index, follow, max-snippet:-1, max-image-preview:large, max-video-preview:-1\" \/>\n<link rel=\"canonical\" href=\"https:\/\/blogdofarnesio.com.br\/?p=55882\" \/>\n<meta property=\"og:locale\" content=\"pt_BR\" \/>\n<meta property=\"og:type\" content=\"article\" \/>\n<meta property=\"og:title\" content=\"JUAZEIRO VAI SEDIAR II F\u00d3RUM INTINERANTE DE TURISMO DA BAHIA  - Blog do Farn\u00e9sio\" \/>\n<meta property=\"og:description\" content=\"Na manh\u00e3 desta quarta-feira (04), o secret\u00e1rio de turismo, Juvenilson Passos, juntamente com o secret\u00e1rio Carlos Neiva, esteve no programa Bastidores da Not\u00edcia, na r\u00e1dio TropicalSat, para falar sobre o II f\u00f3rum itinerante de turismo na Bahia. O evento acontece no dia 08 de novembro no complexo de eventos da Universidade do Vale do S\u00e3o Francisco- UNIASF e contar\u00e1 com a participa\u00e7\u00e3o de representantes de v\u00e1rias cidades do territ\u00f3rio. O secret\u00e1rio Juvenilson aproveitou a oportunidade para destacar a potencialidade do turismo na cidade. \u201cHoje juazeiro vem se destacando como turismo, tanto que v\u00e1rias cidade queriam sediar o evento, mas juazeiro ganhou com unanimidade\u201d, ressaltou. Para o assessor especial Carlos Neiva, o turismo de Juazeiro n\u00e3o foi bem observado ao longo&hellip;\" \/>\n<meta property=\"og:url\" content=\"https:\/\/blogdofarnesio.com.br\/?p=55882\" \/>\n<meta property=\"og:site_name\" content=\"Blog do Farn\u00e9sio\" \/>\n<meta property=\"article:publisher\" content=\"https:\/\/www.facebook.com\/BlogQuerSaberPolitica\/\" \/>\n<meta property=\"article:published_time\" content=\"2013-09-04T13:20:56+00:00\" \/>\n<meta property=\"article:modified_time\" content=\"2013-09-04T13:41:44+00:00\" \/>\n<meta property=\"og:image\" content=\"http:\/\/www.quersaberpolitica.com.br\/2016\/wp-content\/uploads\/2013\/09\/blogqspcarlosneivajuvenilson-jua-300x151.jpg\" \/>\n<meta name=\"author\" content=\"teste\" \/>\n<meta name=\"twitter:card\" content=\"summary_large_image\" \/>\n<meta name=\"twitter:label1\" content=\"Escrito por\" \/>\n\t<meta name=\"twitter:data1\" content=\"teste\" \/>\n\t<meta name=\"twitter:label2\" content=\"Est. tempo de leitura\" \/>\n\t<meta name=\"twitter:data2\" content=\"2 minutos\" \/>\n<script type=\"application\/ld+json\" class=\"yoast-schema-graph\">{\"@context\":\"https:\\\/\\\/schema.org\",\"@graph\":[{\"@type\":\"Article\",\"@id\":\"https:\\\/\\\/blogdofarnesio.com.br\\\/?p=55882#article\",\"isPartOf\":{\"@id\":\"https:\\\/\\\/blogdofarnesio.com.br\\\/?p=55882\"},\"author\":{\"name\":\"teste\",\"@id\":\"https:\\\/\\\/blogdofarnesio.com.br\\\/#\\\/schema\\\/person\\\/dd1bf5eba40b687199ba45ca6b97dff9\"},\"headline\":\"JUAZEIRO VAI SEDIAR II F\u00d3RUM INTINERANTE DE TURISMO DA BAHIA\",\"datePublished\":\"2013-09-04T13:20:56+00:00\",\"dateModified\":\"2013-09-04T13:41:44+00:00\",\"mainEntityOfPage\":{\"@id\":\"https:\\\/\\\/blogdofarnesio.com.br\\\/?p=55882\"},\"wordCount\":340,\"commentCount\":0,\"publisher\":{\"@id\":\"https:\\\/\\\/blogdofarnesio.com.br\\\/#organization\"},\"image\":{\"@id\":\"https:\\\/\\\/blogdofarnesio.com.br\\\/?p=55882#primaryimage\"},\"thumbnailUrl\":\"http:\\\/\\\/www.quersaberpolitica.com.br\\\/2016\\\/wp-content\\\/uploads\\\/2013\\\/09\\\/blogqspcarlosneivajuvenilson-jua-300x151.jpg\",\"articleSection\":[\"Turismo\"],\"inLanguage\":\"pt-BR\",\"potentialAction\":[{\"@type\":\"CommentAction\",\"name\":\"Comment\",\"target\":[\"https:\\\/\\\/blogdofarnesio.com.br\\\/?p=55882#respond\"]}]},{\"@type\":\"WebPage\",\"@id\":\"https:\\\/\\\/blogdofarnesio.com.br\\\/?p=55882\",\"url\":\"https:\\\/\\\/blogdofarnesio.com.br\\\/?p=55882\",\"name\":\"JUAZEIRO VAI SEDIAR II F\u00d3RUM INTINERANTE DE TURISMO DA BAHIA - Blog do Farn\u00e9sio\",\"isPartOf\":{\"@id\":\"https:\\\/\\\/blogdofarnesio.com.br\\\/#website\"},\"primaryImageOfPage\":{\"@id\":\"https:\\\/\\\/blogdofarnesio.com.br\\\/?p=55882#primaryimage\"},\"image\":{\"@id\":\"https:\\\/\\\/blogdofarnesio.com.br\\\/?p=55882#primaryimage\"},\"thumbnailUrl\":\"http:\\\/\\\/www.quersaberpolitica.com.br\\\/2016\\\/wp-content\\\/uploads\\\/2013\\\/09\\\/blogqspcarlosneivajuvenilson-jua-300x151.jpg\",\"datePublished\":\"2013-09-04T13:20:56+00:00\",\"dateModified\":\"2013-09-04T13:41:44+00:00\",\"breadcrumb\":{\"@id\":\"https:\\\/\\\/blogdofarnesio.com.br\\\/?p=55882#breadcrumb\"},\"inLanguage\":\"pt-BR\",\"potentialAction\":[{\"@type\":\"ReadAction\",\"target\":[\"https:\\\/\\\/blogdofarnesio.com.br\\\/?p=55882\"]}]},{\"@type\":\"ImageObject\",\"inLanguage\":\"pt-BR\",\"@id\":\"https:\\\/\\\/blogdofarnesio.com.br\\\/?p=55882#primaryimage\",\"url\":\"http:\\\/\\\/www.quersaberpolitica.com.br\\\/2016\\\/wp-content\\\/uploads\\\/2013\\\/09\\\/blogqspcarlosneivajuvenilson-jua-300x151.jpg\",\"contentUrl\":\"http:\\\/\\\/www.quersaberpolitica.com.br\\\/2016\\\/wp-content\\\/uploads\\\/2013\\\/09\\\/blogqspcarlosneivajuvenilson-jua-300x151.jpg\"},{\"@type\":\"BreadcrumbList\",\"@id\":\"https:\\\/\\\/blogdofarnesio.com.br\\\/?p=55882#breadcrumb\",\"itemListElement\":[{\"@type\":\"ListItem\",\"position\":1,\"name\":\"In\u00edcio\",\"item\":\"https:\\\/\\\/blogdofarnesio.com.br\\\/\"},{\"@type\":\"ListItem\",\"position\":2,\"name\":\"JUAZEIRO VAI SEDIAR II F\u00d3RUM INTINERANTE DE TURISMO DA BAHIA\"}]},{\"@type\":\"WebSite\",\"@id\":\"https:\\\/\\\/blogdofarnesio.com.br\\\/#website\",\"url\":\"https:\\\/\\\/blogdofarnesio.com.br\\\/\",\"name\":\"Blog do Farn\u00e9sio\",\"description\":\"Quer Saber Pol\u00edtica?\",\"publisher\":{\"@id\":\"https:\\\/\\\/blogdofarnesio.com.br\\\/#organization\"},\"potentialAction\":[{\"@type\":\"SearchAction\",\"target\":{\"@type\":\"EntryPoint\",\"urlTemplate\":\"https:\\\/\\\/blogdofarnesio.com.br\\\/?s={search_term_string}\"},\"query-input\":{\"@type\":\"PropertyValueSpecification\",\"valueRequired\":true,\"valueName\":\"search_term_string\"}}],\"inLanguage\":\"pt-BR\"},{\"@type\":\"Organization\",\"@id\":\"https:\\\/\\\/blogdofarnesio.com.br\\\/#organization\",\"name\":\"Blog do Farn\u00e9sio\",\"url\":\"https:\\\/\\\/blogdofarnesio.com.br\\\/\",\"logo\":{\"@type\":\"ImageObject\",\"inLanguage\":\"pt-BR\",\"@id\":\"https:\\\/\\\/blogdofarnesio.com.br\\\/#\\\/schema\\\/logo\\\/image\\\/\",\"url\":\"https:\\\/\\\/blogdofarnesio.com.br\\\/wp-content\\\/uploads\\\/2026\\\/03\\\/cropped-logo_new-1.png\",\"contentUrl\":\"https:\\\/\\\/blogdofarnesio.com.br\\\/wp-content\\\/uploads\\\/2026\\\/03\\\/cropped-logo_new-1.png\",\"width\":881,\"height\":685,\"caption\":\"Blog do Farn\u00e9sio\"},\"image\":{\"@id\":\"https:\\\/\\\/blogdofarnesio.com.br\\\/#\\\/schema\\\/logo\\\/image\\\/\"},\"sameAs\":[\"https:\\\/\\\/www.facebook.com\\\/BlogQuerSaberPolitica\\\/\"]},{\"@type\":\"Person\",\"@id\":\"https:\\\/\\\/blogdofarnesio.com.br\\\/#\\\/schema\\\/person\\\/dd1bf5eba40b687199ba45ca6b97dff9\",\"name\":\"teste\",\"image\":{\"@type\":\"ImageObject\",\"inLanguage\":\"pt-BR\",\"@id\":\"https:\\\/\\\/secure.gravatar.com\\\/avatar\\\/2172498d4914b51e1d89a0f97957b035ac4938723a5cac208135d389b6972a6d?s=96&d=mm&r=g\",\"url\":\"https:\\\/\\\/secure.gravatar.com\\\/avatar\\\/2172498d4914b51e1d89a0f97957b035ac4938723a5cac208135d389b6972a6d?s=96&d=mm&r=g\",\"contentUrl\":\"https:\\\/\\\/secure.gravatar.com\\\/avatar\\\/2172498d4914b51e1d89a0f97957b035ac4938723a5cac208135d389b6972a6d?s=96&d=mm&r=g\",\"caption\":\"teste\"},\"url\":\"https:\\\/\\\/blogdofarnesio.com.br\\\/?author=3\"}]}<\/script>\n<!-- \/ Yoast SEO plugin. -->","yoast_head_json":{"title":"JUAZEIRO VAI SEDIAR II F\u00d3RUM INTINERANTE DE TURISMO DA BAHIA  - Blog do Farn\u00e9sio","robots":{"index":"index","follow":"follow","max-snippet":"max-snippet:-1","max-image-preview":"max-image-preview:large","max-video-preview":"max-video-preview:-1"},"canonical":"https:\/\/blogdofarnesio.com.br\/?p=55882","og_locale":"pt_BR","og_type":"article","og_title":"JUAZEIRO VAI SEDIAR II F\u00d3RUM INTINERANTE DE TURISMO DA BAHIA  - Blog do Farn\u00e9sio","og_description":"Na manh\u00e3 desta quarta-feira (04), o secret\u00e1rio de turismo, Juvenilson Passos, juntamente com o secret\u00e1rio Carlos Neiva, esteve no programa Bastidores da Not\u00edcia, na r\u00e1dio TropicalSat, para falar sobre o II f\u00f3rum itinerante de turismo na Bahia. O evento acontece no dia 08 de novembro no complexo de eventos da Universidade do Vale do S\u00e3o Francisco- UNIASF e contar\u00e1 com a participa\u00e7\u00e3o de representantes de v\u00e1rias cidades do territ\u00f3rio. O secret\u00e1rio Juvenilson aproveitou a oportunidade para destacar a potencialidade do turismo na cidade. \u201cHoje juazeiro vem se destacando como turismo, tanto que v\u00e1rias cidade queriam sediar o evento, mas juazeiro ganhou com unanimidade\u201d, ressaltou. Para o assessor especial Carlos Neiva, o turismo de Juazeiro n\u00e3o foi bem observado ao longo&hellip;","og_url":"https:\/\/blogdofarnesio.com.br\/?p=55882","og_site_name":"Blog do Farn\u00e9sio","article_publisher":"https:\/\/www.facebook.com\/BlogQuerSaberPolitica\/","article_published_time":"2013-09-04T13:20:56+00:00","article_modified_time":"2013-09-04T13:41:44+00:00","og_image":[{"url":"http:\/\/www.quersaberpolitica.com.br\/2016\/wp-content\/uploads\/2013\/09\/blogqspcarlosneivajuvenilson-jua-300x151.jpg","type":"","width":"","height":""}],"author":"teste","twitter_card":"summary_large_image","twitter_misc":{"Escrito por":"teste","Est. tempo de leitura":"2 minutos"},"schema":{"@context":"https:\/\/schema.org","@graph":[{"@type":"Article","@id":"https:\/\/blogdofarnesio.com.br\/?p=55882#article","isPartOf":{"@id":"https:\/\/blogdofarnesio.com.br\/?p=55882"},"author":{"name":"teste","@id":"https:\/\/blogdofarnesio.com.br\/#\/schema\/person\/dd1bf5eba40b687199ba45ca6b97dff9"},"headline":"JUAZEIRO VAI SEDIAR II F\u00d3RUM INTINERANTE DE TURISMO DA BAHIA","datePublished":"2013-09-04T13:20:56+00:00","dateModified":"2013-09-04T13:41:44+00:00","mainEntityOfPage":{"@id":"https:\/\/blogdofarnesio.com.br\/?p=55882"},"wordCount":340,"commentCount":0,"publisher":{"@id":"https:\/\/blogdofarnesio.com.br\/#organization"},"image":{"@id":"https:\/\/blogdofarnesio.com.br\/?p=55882#primaryimage"},"thumbnailUrl":"http:\/\/www.quersaberpolitica.com.br\/2016\/wp-content\/uploads\/2013\/09\/blogqspcarlosneivajuvenilson-jua-300x151.jpg","articleSection":["Turismo"],"inLanguage":"pt-BR","potentialAction":[{"@type":"CommentAction","name":"Comment","target":["https:\/\/blogdofarnesio.com.br\/?p=55882#respond"]}]},{"@type":"WebPage","@id":"https:\/\/blogdofarnesio.com.br\/?p=55882","url":"https:\/\/blogdofarnesio.com.br\/?p=55882","name":"JUAZEIRO VAI SEDIAR II F\u00d3RUM INTINERANTE DE TURISMO DA BAHIA - Blog do Farn\u00e9sio","isPartOf":{"@id":"https:\/\/blogdofarnesio.com.br\/#website"},"primaryImageOfPage":{"@id":"https:\/\/blogdofarnesio.com.br\/?p=55882#primaryimage"},"image":{"@id":"https:\/\/blogdofarnesio.com.br\/?p=55882#primaryimage"},"thumbnailUrl":"http:\/\/www.quersaberpolitica.com.br\/2016\/wp-content\/uploads\/2013\/09\/blogqspcarlosneivajuvenilson-jua-300x151.jpg","datePublished":"2013-09-04T13:20:56+00:00","dateModified":"2013-09-04T13:41:44+00:00","breadcrumb":{"@id":"https:\/\/blogdofarnesio.com.br\/?p=55882#breadcrumb"},"inLanguage":"pt-BR","potentialAction":[{"@type":"ReadAction","target":["https:\/\/blogdofarnesio.com.br\/?p=55882"]}]},{"@type":"ImageObject","inLanguage":"pt-BR","@id":"https:\/\/blogdofarnesio.com.br\/?p=55882#primaryimage","url":"http:\/\/www.quersaberpolitica.com.br\/2016\/wp-content\/uploads\/2013\/09\/blogqspcarlosneivajuvenilson-jua-300x151.jpg","contentUrl":"http:\/\/www.quersaberpolitica.com.br\/2016\/wp-content\/uploads\/2013\/09\/blogqspcarlosneivajuvenilson-jua-300x151.jpg"},{"@type":"BreadcrumbList","@id":"https:\/\/blogdofarnesio.com.br\/?p=55882#breadcrumb","itemListElement":[{"@type":"ListItem","position":1,"name":"In\u00edcio","item":"https:\/\/blogdofarnesio.com.br\/"},{"@type":"ListItem","position":2,"name":"JUAZEIRO VAI SEDIAR II F\u00d3RUM INTINERANTE DE TURISMO DA BAHIA"}]},{"@type":"WebSite","@id":"https:\/\/blogdofarnesio.com.br\/#website","url":"https:\/\/blogdofarnesio.com.br\/","name":"Blog do Farn\u00e9sio","description":"Quer Saber Pol\u00edtica?","publisher":{"@id":"https:\/\/blogdofarnesio.com.br\/#organization"},"potentialAction":[{"@type":"SearchAction","target":{"@type":"EntryPoint","urlTemplate":"https:\/\/blogdofarnesio.com.br\/?s={search_term_string}"},"query-input":{"@type":"PropertyValueSpecification","valueRequired":true,"valueName":"search_term_string"}}],"inLanguage":"pt-BR"},{"@type":"Organization","@id":"https:\/\/blogdofarnesio.com.br\/#organization","name":"Blog do Farn\u00e9sio","url":"https:\/\/blogdofarnesio.com.br\/","logo":{"@type":"ImageObject","inLanguage":"pt-BR","@id":"https:\/\/blogdofarnesio.com.br\/#\/schema\/logo\/image\/","url":"https:\/\/blogdofarnesio.com.br\/wp-content\/uploads\/2026\/03\/cropped-logo_new-1.png","contentUrl":"https:\/\/blogdofarnesio.com.br\/wp-content\/uploads\/2026\/03\/cropped-logo_new-1.png","width":881,"height":685,"caption":"Blog do Farn\u00e9sio"},"image":{"@id":"https:\/\/blogdofarnesio.com.br\/#\/schema\/logo\/image\/"},"sameAs":["https:\/\/www.facebook.com\/BlogQuerSaberPolitica\/"]},{"@type":"Person","@id":"https:\/\/blogdofarnesio.com.br\/#\/schema\/person\/dd1bf5eba40b687199ba45ca6b97dff9","name":"teste","image":{"@type":"ImageObject","inLanguage":"pt-BR","@id":"https:\/\/secure.gravatar.com\/avatar\/2172498d4914b51e1d89a0f97957b035ac4938723a5cac208135d389b6972a6d?s=96&d=mm&r=g","url":"https:\/\/secure.gravatar.com\/avatar\/2172498d4914b51e1d89a0f97957b035ac4938723a5cac208135d389b6972a6d?s=96&d=mm&r=g","contentUrl":"https:\/\/secure.gravatar.com\/avatar\/2172498d4914b51e1d89a0f97957b035ac4938723a5cac208135d389b6972a6d?s=96&d=mm&r=g","caption":"teste"},"url":"https:\/\/blogdofarnesio.com.br\/?author=3"}]}},"_links":{"self":[{"href":"https:\/\/blogdofarnesio.com.br\/index.php?rest_route=\/wp\/v2\/posts\/55882","targetHints":{"allow":["GET"]}}],"collection":[{"href":"https:\/\/blogdofarnesio.com.br\/index.php?rest_route=\/wp\/v2\/posts"}],"about":[{"href":"https:\/\/blogdofarnesio.com.br\/index.php?rest_route=\/wp\/v2\/types\/post"}],"author":[{"embeddable":true,"href":"https:\/\/blogdofarnesio.com.br\/index.php?rest_route=\/wp\/v2\/users\/3"}],"replies":[{"embeddable":true,"href":"https:\/\/blogdofarnesio.com.br\/index.php?rest_route=%2Fwp%2Fv2%2Fcomments&post=55882"}],"version-history":[{"count":0,"href":"https:\/\/blogdofarnesio.com.br\/index.php?rest_route=\/wp\/v2\/posts\/55882\/revisions"}],"wp:attachment":[{"href":"https:\/\/blogdofarnesio.com.br\/index.php?rest_route=%2Fwp%2Fv2%2Fmedia&parent=55882"}],"wp:term":[{"taxonomy":"category","embeddable":true,"href":"https:\/\/blogdofarnesio.com.br\/index.php?rest_route=%2Fwp%2Fv2%2Fcategories&post=55882"},{"taxonomy":"post_tag","embeddable":true,"href":"https:\/\/blogdofarnesio.com.br\/index.php?rest_route=%2Fwp%2Fv2%2Ftags&post=55882"}],"curies":[{"name":"wp","href":"https:\/\/api.w.org\/{rel}","templated":true}]}}