{"id":55812,"date":"2013-09-04T06:15:09","date_gmt":"2013-09-04T09:15:09","guid":{"rendered":"http:\/\/www.quersaberpolitica.com.br\/?p=55812"},"modified":"2013-09-03T20:02:12","modified_gmt":"2013-09-03T23:02:12","slug":"portaria-suspende-cobranca-em-perimetros-irrigados-da-codevasf","status":"publish","type":"post","link":"https:\/\/blogdofarnesio.com.br\/?p=55812","title":{"rendered":"PORTARIA SUSPENDE COBRAN\u00c7A EM PER\u00cdMETROS IRRIGADOS DA CODEVASF"},"content":{"rendered":"<figure id=\"attachment_33335\" aria-describedby=\"caption-attachment-33335\" style=\"width: 300px\" class=\"wp-caption alignleft\"><a href=\"http:\/\/www.quersaberpolitica.com.br\/2016\/wp-content\/uploads\/2013\/03\/blogqspisaacfbcjaquepinhreiro-Foto-Farn\u00e9sio-Silva-67.jpg\"><img loading=\"lazy\" decoding=\"async\" class=\"size-medium wp-image-33335\" title=\"Foto Farn\u00e9sio Silva (67)\" alt=\"blogqspisaacfbcjaquepinhreiro Foto Farn\u00e9sio Silva (67)\" src=\"http:\/\/www.quersaberpolitica.com.br\/2016\/wp-content\/uploads\/2013\/03\/blogqspisaacfbcjaquepinhreiro-Foto-Farn\u00e9sio-Silva-67-300x168.jpg\" width=\"300\" height=\"168\" srcset=\"https:\/\/blogdofarnesio.com.br\/wp-content\/uploads\/2013\/03\/blogqspisaacfbcjaquepinhreiro-Foto-Farn\u00e9sio-Silva-67-300x168.jpg 300w, https:\/\/blogdofarnesio.com.br\/wp-content\/uploads\/2013\/03\/blogqspisaacfbcjaquepinhreiro-Foto-Farn\u00e9sio-Silva-67.jpg 448w\" sizes=\"auto, (max-width: 300px) 100vw, 300px\" \/><\/a><figcaption id=\"caption-attachment-33335\" class=\"wp-caption-text\">Pres\/Codevasf Elmo Vaz, Ministro FBC, Governador Wagner, Senador Pinheiro<\/figcaption><\/figure>\n<p style=\"text-align: justify\">O presidente do PR na Bahia, deputado Jos\u00e9 Rocha afirmou que foi uma vit\u00f3ria a publica\u00e7\u00e3o da portaria do Minist\u00e9rio da Integra\u00e7\u00e3o Nacional que suspendeu a cobran\u00e7a dos d\u00e9bitos dos produtores de per\u00edmetros irrigados da Codevasf vencidos nos \u00faltimos 12 meses, al\u00e9m de suspender os d\u00e9bitos que v\u00e3o vencer nos pr\u00f3ximos 12 meses.<\/p>\n<p style=\"text-align: justify\">A reivindica\u00e7\u00e3o havia sido apresentada pelo deputado Jos\u00e9 Rocha e o prefeito de Coribe, Manuel Rocha(PR), durante visita do presidente da Codevasf, Elmo Vaz ao per\u00edmetro irrigado do Formosinho, localizado naquele munic\u00edpio, no \u00faltimo dia 26. \u201cO presidente Elmo e o ministro da Integra\u00e7\u00e3o, Fernando Bezerra foram sens\u00edveis ao pedido que apresentamos junto com os produtores de diversos per\u00edmetros irrigados de nosso estado\u201d, destacou Jos\u00e9 Rocha.<\/p>\n<p style=\"text-align: justify\">A Portaria 398, assinada pelo ministro Fernando Bezerra foi publicada no Di\u00e1rio Oficial da Uni\u00e3o no dia 30 de agosto. A portaria abrange as parcelas vencidas dos lotes e da tarifa d\u2019\u00e1gua.<\/p>\n","protected":false},"excerpt":{"rendered":"<p>O presidente do PR na Bahia, deputado Jos\u00e9 Rocha afirmou que foi uma vit\u00f3ria a publica\u00e7\u00e3o da portaria do Minist\u00e9rio da Integra\u00e7\u00e3o Nacional que suspendeu a cobran\u00e7a dos d\u00e9bitos dos produtores de per\u00edmetros irrigados da Codevasf vencidos nos \u00faltimos 12 meses, al\u00e9m de suspender os d\u00e9bitos que v\u00e3o vencer nos pr\u00f3ximos 12 meses. A reivindica\u00e7\u00e3o havia sido apresentada pelo deputado Jos\u00e9 Rocha e o prefeito de Coribe, Manuel Rocha(PR), durante visita do presidente da Codevasf, Elmo Vaz ao per\u00edmetro irrigado do Formosinho, localizado naquele munic\u00edpio, no \u00faltimo dia 26. \u201cO presidente Elmo e o ministro da Integra\u00e7\u00e3o, Fernando Bezerra foram sens\u00edveis ao pedido que apresentamos junto com os produtores de diversos per\u00edmetros irrigados de nosso estado\u201d, destacou Jos\u00e9 Rocha. A&hellip; <\/p>\n","protected":false},"author":3,"featured_media":0,"comment_status":"open","ping_status":"open","sticky":false,"template":"","format":"standard","meta":{"_acf_changed":false,"footnotes":""},"categories":[26],"tags":[],"class_list":["post-55812","post","type-post","status-publish","format-standard","hentry","category-agricultura"],"acf":[],"yoast_head":"<!-- This site is optimized with the Yoast SEO plugin v27.4 - https:\/\/yoast.com\/product\/yoast-seo-wordpress\/ -->\n<title>PORTARIA SUSPENDE COBRAN\u00c7A EM PER\u00cdMETROS IRRIGADOS DA CODEVASF - Blog do Farn\u00e9sio<\/title>\n<meta name=\"robots\" content=\"index, follow, max-snippet:-1, max-image-preview:large, max-video-preview:-1\" \/>\n<link rel=\"canonical\" href=\"https:\/\/blogdofarnesio.com.br\/?p=55812\" \/>\n<meta property=\"og:locale\" content=\"pt_BR\" \/>\n<meta property=\"og:type\" content=\"article\" \/>\n<meta property=\"og:title\" content=\"PORTARIA SUSPENDE COBRAN\u00c7A EM PER\u00cdMETROS IRRIGADOS DA CODEVASF - Blog do Farn\u00e9sio\" \/>\n<meta property=\"og:description\" content=\"O presidente do PR na Bahia, deputado Jos\u00e9 Rocha afirmou que foi uma vit\u00f3ria a publica\u00e7\u00e3o da portaria do Minist\u00e9rio da Integra\u00e7\u00e3o Nacional que suspendeu a cobran\u00e7a dos d\u00e9bitos dos produtores de per\u00edmetros irrigados da Codevasf vencidos nos \u00faltimos 12 meses, al\u00e9m de suspender os d\u00e9bitos que v\u00e3o vencer nos pr\u00f3ximos 12 meses. A reivindica\u00e7\u00e3o havia sido apresentada pelo deputado Jos\u00e9 Rocha e o prefeito de Coribe, Manuel Rocha(PR), durante visita do presidente da Codevasf, Elmo Vaz ao per\u00edmetro irrigado do Formosinho, localizado naquele munic\u00edpio, no \u00faltimo dia 26. \u201cO presidente Elmo e o ministro da Integra\u00e7\u00e3o, Fernando Bezerra foram sens\u00edveis ao pedido que apresentamos junto com os produtores de diversos per\u00edmetros irrigados de nosso estado\u201d, destacou Jos\u00e9 Rocha. A&hellip;\" \/>\n<meta property=\"og:url\" content=\"https:\/\/blogdofarnesio.com.br\/?p=55812\" \/>\n<meta property=\"og:site_name\" content=\"Blog do Farn\u00e9sio\" \/>\n<meta property=\"article:publisher\" content=\"https:\/\/www.facebook.com\/BlogQuerSaberPolitica\/\" \/>\n<meta property=\"article:published_time\" content=\"2013-09-04T09:15:09+00:00\" \/>\n<meta name=\"author\" content=\"teste\" \/>\n<meta name=\"twitter:card\" content=\"summary_large_image\" \/>\n<meta name=\"twitter:label1\" content=\"Escrito por\" \/>\n\t<meta name=\"twitter:data1\" content=\"teste\" \/>\n\t<meta name=\"twitter:label2\" content=\"Est. tempo de leitura\" \/>\n\t<meta name=\"twitter:data2\" content=\"1 minuto\" \/>\n<script type=\"application\/ld+json\" class=\"yoast-schema-graph\">{\"@context\":\"https:\\\/\\\/schema.org\",\"@graph\":[{\"@type\":\"Article\",\"@id\":\"https:\\\/\\\/blogdofarnesio.com.br\\\/?p=55812#article\",\"isPartOf\":{\"@id\":\"https:\\\/\\\/blogdofarnesio.com.br\\\/?p=55812\"},\"author\":{\"name\":\"teste\",\"@id\":\"https:\\\/\\\/blogdofarnesio.com.br\\\/#\\\/schema\\\/person\\\/dd1bf5eba40b687199ba45ca6b97dff9\"},\"headline\":\"PORTARIA SUSPENDE COBRAN\u00c7A EM PER\u00cdMETROS IRRIGADOS DA CODEVASF\",\"datePublished\":\"2013-09-04T09:15:09+00:00\",\"mainEntityOfPage\":{\"@id\":\"https:\\\/\\\/blogdofarnesio.com.br\\\/?p=55812\"},\"wordCount\":194,\"commentCount\":0,\"publisher\":{\"@id\":\"https:\\\/\\\/blogdofarnesio.com.br\\\/#organization\"},\"articleSection\":[\"Agricultura\"],\"inLanguage\":\"pt-BR\",\"potentialAction\":[{\"@type\":\"CommentAction\",\"name\":\"Comment\",\"target\":[\"https:\\\/\\\/blogdofarnesio.com.br\\\/?p=55812#respond\"]}]},{\"@type\":\"WebPage\",\"@id\":\"https:\\\/\\\/blogdofarnesio.com.br\\\/?p=55812\",\"url\":\"https:\\\/\\\/blogdofarnesio.com.br\\\/?p=55812\",\"name\":\"PORTARIA SUSPENDE COBRAN\u00c7A EM PER\u00cdMETROS IRRIGADOS DA CODEVASF - Blog do Farn\u00e9sio\",\"isPartOf\":{\"@id\":\"https:\\\/\\\/blogdofarnesio.com.br\\\/#website\"},\"datePublished\":\"2013-09-04T09:15:09+00:00\",\"breadcrumb\":{\"@id\":\"https:\\\/\\\/blogdofarnesio.com.br\\\/?p=55812#breadcrumb\"},\"inLanguage\":\"pt-BR\",\"potentialAction\":[{\"@type\":\"ReadAction\",\"target\":[\"https:\\\/\\\/blogdofarnesio.com.br\\\/?p=55812\"]}]},{\"@type\":\"BreadcrumbList\",\"@id\":\"https:\\\/\\\/blogdofarnesio.com.br\\\/?p=55812#breadcrumb\",\"itemListElement\":[{\"@type\":\"ListItem\",\"position\":1,\"name\":\"In\u00edcio\",\"item\":\"https:\\\/\\\/blogdofarnesio.com.br\\\/\"},{\"@type\":\"ListItem\",\"position\":2,\"name\":\"PORTARIA SUSPENDE COBRAN\u00c7A EM PER\u00cdMETROS IRRIGADOS DA CODEVASF\"}]},{\"@type\":\"WebSite\",\"@id\":\"https:\\\/\\\/blogdofarnesio.com.br\\\/#website\",\"url\":\"https:\\\/\\\/blogdofarnesio.com.br\\\/\",\"name\":\"Blog do Farn\u00e9sio\",\"description\":\"Quer Saber Pol\u00edtica?\",\"publisher\":{\"@id\":\"https:\\\/\\\/blogdofarnesio.com.br\\\/#organization\"},\"potentialAction\":[{\"@type\":\"SearchAction\",\"target\":{\"@type\":\"EntryPoint\",\"urlTemplate\":\"https:\\\/\\\/blogdofarnesio.com.br\\\/?s={search_term_string}\"},\"query-input\":{\"@type\":\"PropertyValueSpecification\",\"valueRequired\":true,\"valueName\":\"search_term_string\"}}],\"inLanguage\":\"pt-BR\"},{\"@type\":\"Organization\",\"@id\":\"https:\\\/\\\/blogdofarnesio.com.br\\\/#organization\",\"name\":\"Blog do Farn\u00e9sio\",\"url\":\"https:\\\/\\\/blogdofarnesio.com.br\\\/\",\"logo\":{\"@type\":\"ImageObject\",\"inLanguage\":\"pt-BR\",\"@id\":\"https:\\\/\\\/blogdofarnesio.com.br\\\/#\\\/schema\\\/logo\\\/image\\\/\",\"url\":\"https:\\\/\\\/blogdofarnesio.com.br\\\/wp-content\\\/uploads\\\/2026\\\/03\\\/cropped-logo_new-1.png\",\"contentUrl\":\"https:\\\/\\\/blogdofarnesio.com.br\\\/wp-content\\\/uploads\\\/2026\\\/03\\\/cropped-logo_new-1.png\",\"width\":881,\"height\":685,\"caption\":\"Blog do Farn\u00e9sio\"},\"image\":{\"@id\":\"https:\\\/\\\/blogdofarnesio.com.br\\\/#\\\/schema\\\/logo\\\/image\\\/\"},\"sameAs\":[\"https:\\\/\\\/www.facebook.com\\\/BlogQuerSaberPolitica\\\/\"]},{\"@type\":\"Person\",\"@id\":\"https:\\\/\\\/blogdofarnesio.com.br\\\/#\\\/schema\\\/person\\\/dd1bf5eba40b687199ba45ca6b97dff9\",\"name\":\"teste\",\"image\":{\"@type\":\"ImageObject\",\"inLanguage\":\"pt-BR\",\"@id\":\"https:\\\/\\\/secure.gravatar.com\\\/avatar\\\/2172498d4914b51e1d89a0f97957b035ac4938723a5cac208135d389b6972a6d?s=96&d=mm&r=g\",\"url\":\"https:\\\/\\\/secure.gravatar.com\\\/avatar\\\/2172498d4914b51e1d89a0f97957b035ac4938723a5cac208135d389b6972a6d?s=96&d=mm&r=g\",\"contentUrl\":\"https:\\\/\\\/secure.gravatar.com\\\/avatar\\\/2172498d4914b51e1d89a0f97957b035ac4938723a5cac208135d389b6972a6d?s=96&d=mm&r=g\",\"caption\":\"teste\"},\"url\":\"https:\\\/\\\/blogdofarnesio.com.br\\\/?author=3\"}]}<\/script>\n<!-- \/ Yoast SEO plugin. -->","yoast_head_json":{"title":"PORTARIA SUSPENDE COBRAN\u00c7A EM PER\u00cdMETROS IRRIGADOS DA CODEVASF - Blog do Farn\u00e9sio","robots":{"index":"index","follow":"follow","max-snippet":"max-snippet:-1","max-image-preview":"max-image-preview:large","max-video-preview":"max-video-preview:-1"},"canonical":"https:\/\/blogdofarnesio.com.br\/?p=55812","og_locale":"pt_BR","og_type":"article","og_title":"PORTARIA SUSPENDE COBRAN\u00c7A EM PER\u00cdMETROS IRRIGADOS DA CODEVASF - Blog do Farn\u00e9sio","og_description":"O presidente do PR na Bahia, deputado Jos\u00e9 Rocha afirmou que foi uma vit\u00f3ria a publica\u00e7\u00e3o da portaria do Minist\u00e9rio da Integra\u00e7\u00e3o Nacional que suspendeu a cobran\u00e7a dos d\u00e9bitos dos produtores de per\u00edmetros irrigados da Codevasf vencidos nos \u00faltimos 12 meses, al\u00e9m de suspender os d\u00e9bitos que v\u00e3o vencer nos pr\u00f3ximos 12 meses. A reivindica\u00e7\u00e3o havia sido apresentada pelo deputado Jos\u00e9 Rocha e o prefeito de Coribe, Manuel Rocha(PR), durante visita do presidente da Codevasf, Elmo Vaz ao per\u00edmetro irrigado do Formosinho, localizado naquele munic\u00edpio, no \u00faltimo dia 26. \u201cO presidente Elmo e o ministro da Integra\u00e7\u00e3o, Fernando Bezerra foram sens\u00edveis ao pedido que apresentamos junto com os produtores de diversos per\u00edmetros irrigados de nosso estado\u201d, destacou Jos\u00e9 Rocha. A&hellip;","og_url":"https:\/\/blogdofarnesio.com.br\/?p=55812","og_site_name":"Blog do Farn\u00e9sio","article_publisher":"https:\/\/www.facebook.com\/BlogQuerSaberPolitica\/","article_published_time":"2013-09-04T09:15:09+00:00","author":"teste","twitter_card":"summary_large_image","twitter_misc":{"Escrito por":"teste","Est. tempo de leitura":"1 minuto"},"schema":{"@context":"https:\/\/schema.org","@graph":[{"@type":"Article","@id":"https:\/\/blogdofarnesio.com.br\/?p=55812#article","isPartOf":{"@id":"https:\/\/blogdofarnesio.com.br\/?p=55812"},"author":{"name":"teste","@id":"https:\/\/blogdofarnesio.com.br\/#\/schema\/person\/dd1bf5eba40b687199ba45ca6b97dff9"},"headline":"PORTARIA SUSPENDE COBRAN\u00c7A EM PER\u00cdMETROS IRRIGADOS DA CODEVASF","datePublished":"2013-09-04T09:15:09+00:00","mainEntityOfPage":{"@id":"https:\/\/blogdofarnesio.com.br\/?p=55812"},"wordCount":194,"commentCount":0,"publisher":{"@id":"https:\/\/blogdofarnesio.com.br\/#organization"},"articleSection":["Agricultura"],"inLanguage":"pt-BR","potentialAction":[{"@type":"CommentAction","name":"Comment","target":["https:\/\/blogdofarnesio.com.br\/?p=55812#respond"]}]},{"@type":"WebPage","@id":"https:\/\/blogdofarnesio.com.br\/?p=55812","url":"https:\/\/blogdofarnesio.com.br\/?p=55812","name":"PORTARIA SUSPENDE COBRAN\u00c7A EM PER\u00cdMETROS IRRIGADOS DA CODEVASF - Blog do Farn\u00e9sio","isPartOf":{"@id":"https:\/\/blogdofarnesio.com.br\/#website"},"datePublished":"2013-09-04T09:15:09+00:00","breadcrumb":{"@id":"https:\/\/blogdofarnesio.com.br\/?p=55812#breadcrumb"},"inLanguage":"pt-BR","potentialAction":[{"@type":"ReadAction","target":["https:\/\/blogdofarnesio.com.br\/?p=55812"]}]},{"@type":"BreadcrumbList","@id":"https:\/\/blogdofarnesio.com.br\/?p=55812#breadcrumb","itemListElement":[{"@type":"ListItem","position":1,"name":"In\u00edcio","item":"https:\/\/blogdofarnesio.com.br\/"},{"@type":"ListItem","position":2,"name":"PORTARIA SUSPENDE COBRAN\u00c7A EM PER\u00cdMETROS IRRIGADOS DA CODEVASF"}]},{"@type":"WebSite","@id":"https:\/\/blogdofarnesio.com.br\/#website","url":"https:\/\/blogdofarnesio.com.br\/","name":"Blog do Farn\u00e9sio","description":"Quer Saber Pol\u00edtica?","publisher":{"@id":"https:\/\/blogdofarnesio.com.br\/#organization"},"potentialAction":[{"@type":"SearchAction","target":{"@type":"EntryPoint","urlTemplate":"https:\/\/blogdofarnesio.com.br\/?s={search_term_string}"},"query-input":{"@type":"PropertyValueSpecification","valueRequired":true,"valueName":"search_term_string"}}],"inLanguage":"pt-BR"},{"@type":"Organization","@id":"https:\/\/blogdofarnesio.com.br\/#organization","name":"Blog do Farn\u00e9sio","url":"https:\/\/blogdofarnesio.com.br\/","logo":{"@type":"ImageObject","inLanguage":"pt-BR","@id":"https:\/\/blogdofarnesio.com.br\/#\/schema\/logo\/image\/","url":"https:\/\/blogdofarnesio.com.br\/wp-content\/uploads\/2026\/03\/cropped-logo_new-1.png","contentUrl":"https:\/\/blogdofarnesio.com.br\/wp-content\/uploads\/2026\/03\/cropped-logo_new-1.png","width":881,"height":685,"caption":"Blog do Farn\u00e9sio"},"image":{"@id":"https:\/\/blogdofarnesio.com.br\/#\/schema\/logo\/image\/"},"sameAs":["https:\/\/www.facebook.com\/BlogQuerSaberPolitica\/"]},{"@type":"Person","@id":"https:\/\/blogdofarnesio.com.br\/#\/schema\/person\/dd1bf5eba40b687199ba45ca6b97dff9","name":"teste","image":{"@type":"ImageObject","inLanguage":"pt-BR","@id":"https:\/\/secure.gravatar.com\/avatar\/2172498d4914b51e1d89a0f97957b035ac4938723a5cac208135d389b6972a6d?s=96&d=mm&r=g","url":"https:\/\/secure.gravatar.com\/avatar\/2172498d4914b51e1d89a0f97957b035ac4938723a5cac208135d389b6972a6d?s=96&d=mm&r=g","contentUrl":"https:\/\/secure.gravatar.com\/avatar\/2172498d4914b51e1d89a0f97957b035ac4938723a5cac208135d389b6972a6d?s=96&d=mm&r=g","caption":"teste"},"url":"https:\/\/blogdofarnesio.com.br\/?author=3"}]}},"_links":{"self":[{"href":"https:\/\/blogdofarnesio.com.br\/index.php?rest_route=\/wp\/v2\/posts\/55812","targetHints":{"allow":["GET"]}}],"collection":[{"href":"https:\/\/blogdofarnesio.com.br\/index.php?rest_route=\/wp\/v2\/posts"}],"about":[{"href":"https:\/\/blogdofarnesio.com.br\/index.php?rest_route=\/wp\/v2\/types\/post"}],"author":[{"embeddable":true,"href":"https:\/\/blogdofarnesio.com.br\/index.php?rest_route=\/wp\/v2\/users\/3"}],"replies":[{"embeddable":true,"href":"https:\/\/blogdofarnesio.com.br\/index.php?rest_route=%2Fwp%2Fv2%2Fcomments&post=55812"}],"version-history":[{"count":0,"href":"https:\/\/blogdofarnesio.com.br\/index.php?rest_route=\/wp\/v2\/posts\/55812\/revisions"}],"wp:attachment":[{"href":"https:\/\/blogdofarnesio.com.br\/index.php?rest_route=%2Fwp%2Fv2%2Fmedia&parent=55812"}],"wp:term":[{"taxonomy":"category","embeddable":true,"href":"https:\/\/blogdofarnesio.com.br\/index.php?rest_route=%2Fwp%2Fv2%2Fcategories&post=55812"},{"taxonomy":"post_tag","embeddable":true,"href":"https:\/\/blogdofarnesio.com.br\/index.php?rest_route=%2Fwp%2Fv2%2Ftags&post=55812"}],"curies":[{"name":"wp","href":"https:\/\/api.w.org\/{rel}","templated":true}]}}