{"id":55801,"date":"2013-09-03T20:08:11","date_gmt":"2013-09-03T23:08:11","guid":{"rendered":"http:\/\/www.quersaberpolitica.com.br\/?p=55801"},"modified":"2013-09-03T18:00:03","modified_gmt":"2013-09-03T21:00:03","slug":"sucessao-em-pernambuco","status":"publish","type":"post","link":"https:\/\/blogdofarnesio.com.br\/?p=55801","title":{"rendered":"SUCESS\u00c3O EM PERNAMBUCO"},"content":{"rendered":"<div>\n<div>\n<h2 style=\"text-align: justify\"><span style=\"color: #888888\"><a title=\"Em caso de alian\u00e7a, Elias admite prefer\u00eancia por FBC\" href=\"http:\/\/www.folhape.com.br\/blogdafolha\/?p=122574\" rel=\"bookmark\"><span style=\"color: #888888\">Em caso de alian\u00e7a, Elias admite prefer\u00eancia por FBC<\/span><\/a><\/span><\/h2>\n<\/div>\n<\/div>\n<div>\n<p><a href=\"http:\/\/www.folhape.com.br\/blogdafolha\/wp-content\/uploads\/2013\/08\/ART_1615.jpg\"><img loading=\"lazy\" decoding=\"async\" class=\"aligncenter\" title=\"FBC sorridente  (Foto: Arthur Mota)\" alt=\"\" src=\"http:\/\/www.folhape.com.br\/blogdafolha\/wp-content\/uploads\/2013\/08\/ART_1615.jpg\" width=\"412\" height=\"275\" \/><\/a><\/p>\n<p>Caso o PSDB e o PSB confirmem a alian\u00e7a em Pernambuco para a sucess\u00e3o do governador Eduardo Campos, em 2014, o prefeito de Jaboat\u00e3o dos Guararapes, Elias Gomes (PSDB), j\u00e1 frisa o \u00a0socialista de sua prefer\u00eancia para a disputa. Em entrevista \u00e0 R\u00e1dio Folha 96,7 FM, o tucano afirmou que o nome mais forte para concorrer ao Governo de Pernambuco seria do atual ministro da Integra\u00e7\u00e3o Nacional, Fernando Bezerra Coelho (PSB). O gestor destacou que o fato de o auxiliar da presidente n\u00e3o ser \u201cum poste\u201d ajudaria no secesso de sua empreitada eleitoral.<\/p>\n<p style=\"text-align: justify\">\u201cAntes de qualquer parceira no campo administrativo, existe uma quest\u00e3o de amizade entre eu e ele. Somos amigos desde do tempo em que milit\u00e1vamos no PMDB. Fernando est\u00e1 se recompondo com o PSB e colocando seu nome \u00e0 disposi\u00e7\u00e3o do partido. No meu entendimento, ele \u00e9 o candidato com mais estrada no PSB, n\u00e3o \u00e9 um poste\u201d, admitiu o prefeito de Jaboat\u00e3o, que ainda complementou: \u201cN\u00f3s votar\u00edamos mais facilmente em FBC.\u201d<!--more--><\/p>\n<p style=\"text-align: justify\">Na semana passada, o governador Eduardo Campos recebeu em sua resid\u00eancia o senador e presidente nacional do PSDB, A\u00e9cio Neves. No encontro, eles teriam acertado uma s\u00e9rie de alian\u00e7as em estados, entre eles S\u00e3o Paulo.<\/p>\n<p style=\"text-align: justify\">At\u00e9 o momento, o PSB de Eduardo Campos ainda n\u00e3o definiu quem indicar\u00e1 ou apoiar\u00e1 na sua sucess\u00e3o. Dentro do partido, alguns nomes, incluindo o do pr\u00f3prio FBC, circulam como possibilidades. A expectativa pela oficializa\u00e7\u00e3o \u00e9 enorme.<\/p>\n<p style=\"text-align: justify\">Contudo, a Frente Popular de Pernambuco j\u00e1 d\u00e1 seus sinais de divis\u00e3o. O senador Armando Monteiro Neto (PTB) j\u00e1 se coloca como candidato ao governo estadual com ou sem o aval de Eduardo Campos.<\/p>\n<\/div>\n","protected":false},"excerpt":{"rendered":"<p>Em caso de alian\u00e7a, Elias admite prefer\u00eancia por FBC Caso o PSDB e o PSB confirmem a alian\u00e7a em Pernambuco para a sucess\u00e3o do governador Eduardo Campos, em 2014, o prefeito de Jaboat\u00e3o dos Guararapes, Elias Gomes (PSDB), j\u00e1 frisa o \u00a0socialista de sua prefer\u00eancia para a disputa. Em entrevista \u00e0 R\u00e1dio Folha 96,7 FM, o tucano afirmou que o nome mais forte para concorrer ao Governo de Pernambuco seria do atual ministro da Integra\u00e7\u00e3o Nacional, Fernando Bezerra Coelho (PSB). O gestor destacou que o fato de o auxiliar da presidente n\u00e3o ser \u201cum poste\u201d ajudaria no secesso de sua empreitada eleitoral. \u201cAntes de qualquer parceira no campo administrativo, existe uma quest\u00e3o de amizade entre eu e ele. Somos amigos&hellip; <\/p>\n","protected":false},"author":3,"featured_media":0,"comment_status":"open","ping_status":"open","sticky":false,"template":"","format":"standard","meta":{"_acf_changed":false,"footnotes":""},"categories":[1],"tags":[],"class_list":["post-55801","post","type-post","status-publish","format-standard","hentry","category-politica"],"acf":[],"yoast_head":"<!-- This site is optimized with the Yoast SEO plugin v27.4 - https:\/\/yoast.com\/product\/yoast-seo-wordpress\/ -->\n<title>SUCESS\u00c3O EM PERNAMBUCO - Blog do Farn\u00e9sio<\/title>\n<meta name=\"robots\" content=\"index, follow, max-snippet:-1, max-image-preview:large, max-video-preview:-1\" \/>\n<link rel=\"canonical\" href=\"https:\/\/blogdofarnesio.com.br\/?p=55801\" \/>\n<meta property=\"og:locale\" content=\"pt_BR\" \/>\n<meta property=\"og:type\" content=\"article\" \/>\n<meta property=\"og:title\" content=\"SUCESS\u00c3O EM PERNAMBUCO - Blog do Farn\u00e9sio\" \/>\n<meta property=\"og:description\" content=\"Em caso de alian\u00e7a, Elias admite prefer\u00eancia por FBC Caso o PSDB e o PSB confirmem a alian\u00e7a em Pernambuco para a sucess\u00e3o do governador Eduardo Campos, em 2014, o prefeito de Jaboat\u00e3o dos Guararapes, Elias Gomes (PSDB), j\u00e1 frisa o \u00a0socialista de sua prefer\u00eancia para a disputa. Em entrevista \u00e0 R\u00e1dio Folha 96,7 FM, o tucano afirmou que o nome mais forte para concorrer ao Governo de Pernambuco seria do atual ministro da Integra\u00e7\u00e3o Nacional, Fernando Bezerra Coelho (PSB). O gestor destacou que o fato de o auxiliar da presidente n\u00e3o ser \u201cum poste\u201d ajudaria no secesso de sua empreitada eleitoral. \u201cAntes de qualquer parceira no campo administrativo, existe uma quest\u00e3o de amizade entre eu e ele. Somos amigos&hellip;\" \/>\n<meta property=\"og:url\" content=\"https:\/\/blogdofarnesio.com.br\/?p=55801\" \/>\n<meta property=\"og:site_name\" content=\"Blog do Farn\u00e9sio\" \/>\n<meta property=\"article:publisher\" content=\"https:\/\/www.facebook.com\/BlogQuerSaberPolitica\/\" \/>\n<meta property=\"article:published_time\" content=\"2013-09-03T23:08:11+00:00\" \/>\n<meta property=\"og:image\" content=\"http:\/\/www.folhape.com.br\/blogdafolha\/wp-content\/uploads\/2013\/08\/ART_1615.jpg\" \/>\n<meta name=\"author\" content=\"teste\" \/>\n<meta name=\"twitter:card\" content=\"summary_large_image\" \/>\n<meta name=\"twitter:label1\" content=\"Escrito por\" \/>\n\t<meta name=\"twitter:data1\" content=\"teste\" \/>\n\t<meta name=\"twitter:label2\" content=\"Est. tempo de leitura\" \/>\n\t<meta name=\"twitter:data2\" content=\"1 minuto\" \/>\n<script type=\"application\/ld+json\" class=\"yoast-schema-graph\">{\"@context\":\"https:\\\/\\\/schema.org\",\"@graph\":[{\"@type\":\"Article\",\"@id\":\"https:\\\/\\\/blogdofarnesio.com.br\\\/?p=55801#article\",\"isPartOf\":{\"@id\":\"https:\\\/\\\/blogdofarnesio.com.br\\\/?p=55801\"},\"author\":{\"name\":\"teste\",\"@id\":\"https:\\\/\\\/blogdofarnesio.com.br\\\/#\\\/schema\\\/person\\\/dd1bf5eba40b687199ba45ca6b97dff9\"},\"headline\":\"SUCESS\u00c3O EM PERNAMBUCO\",\"datePublished\":\"2013-09-03T23:08:11+00:00\",\"mainEntityOfPage\":{\"@id\":\"https:\\\/\\\/blogdofarnesio.com.br\\\/?p=55801\"},\"wordCount\":302,\"commentCount\":0,\"publisher\":{\"@id\":\"https:\\\/\\\/blogdofarnesio.com.br\\\/#organization\"},\"image\":{\"@id\":\"https:\\\/\\\/blogdofarnesio.com.br\\\/?p=55801#primaryimage\"},\"thumbnailUrl\":\"http:\\\/\\\/www.folhape.com.br\\\/blogdafolha\\\/wp-content\\\/uploads\\\/2013\\\/08\\\/ART_1615.jpg\",\"articleSection\":[\"Pol\u00edtica\"],\"inLanguage\":\"pt-BR\",\"potentialAction\":[{\"@type\":\"CommentAction\",\"name\":\"Comment\",\"target\":[\"https:\\\/\\\/blogdofarnesio.com.br\\\/?p=55801#respond\"]}]},{\"@type\":\"WebPage\",\"@id\":\"https:\\\/\\\/blogdofarnesio.com.br\\\/?p=55801\",\"url\":\"https:\\\/\\\/blogdofarnesio.com.br\\\/?p=55801\",\"name\":\"SUCESS\u00c3O EM PERNAMBUCO - Blog do Farn\u00e9sio\",\"isPartOf\":{\"@id\":\"https:\\\/\\\/blogdofarnesio.com.br\\\/#website\"},\"primaryImageOfPage\":{\"@id\":\"https:\\\/\\\/blogdofarnesio.com.br\\\/?p=55801#primaryimage\"},\"image\":{\"@id\":\"https:\\\/\\\/blogdofarnesio.com.br\\\/?p=55801#primaryimage\"},\"thumbnailUrl\":\"http:\\\/\\\/www.folhape.com.br\\\/blogdafolha\\\/wp-content\\\/uploads\\\/2013\\\/08\\\/ART_1615.jpg\",\"datePublished\":\"2013-09-03T23:08:11+00:00\",\"breadcrumb\":{\"@id\":\"https:\\\/\\\/blogdofarnesio.com.br\\\/?p=55801#breadcrumb\"},\"inLanguage\":\"pt-BR\",\"potentialAction\":[{\"@type\":\"ReadAction\",\"target\":[\"https:\\\/\\\/blogdofarnesio.com.br\\\/?p=55801\"]}]},{\"@type\":\"ImageObject\",\"inLanguage\":\"pt-BR\",\"@id\":\"https:\\\/\\\/blogdofarnesio.com.br\\\/?p=55801#primaryimage\",\"url\":\"http:\\\/\\\/www.folhape.com.br\\\/blogdafolha\\\/wp-content\\\/uploads\\\/2013\\\/08\\\/ART_1615.jpg\",\"contentUrl\":\"http:\\\/\\\/www.folhape.com.br\\\/blogdafolha\\\/wp-content\\\/uploads\\\/2013\\\/08\\\/ART_1615.jpg\"},{\"@type\":\"BreadcrumbList\",\"@id\":\"https:\\\/\\\/blogdofarnesio.com.br\\\/?p=55801#breadcrumb\",\"itemListElement\":[{\"@type\":\"ListItem\",\"position\":1,\"name\":\"In\u00edcio\",\"item\":\"https:\\\/\\\/blogdofarnesio.com.br\\\/\"},{\"@type\":\"ListItem\",\"position\":2,\"name\":\"SUCESS\u00c3O EM PERNAMBUCO\"}]},{\"@type\":\"WebSite\",\"@id\":\"https:\\\/\\\/blogdofarnesio.com.br\\\/#website\",\"url\":\"https:\\\/\\\/blogdofarnesio.com.br\\\/\",\"name\":\"Blog do Farn\u00e9sio\",\"description\":\"Quer Saber Pol\u00edtica?\",\"publisher\":{\"@id\":\"https:\\\/\\\/blogdofarnesio.com.br\\\/#organization\"},\"potentialAction\":[{\"@type\":\"SearchAction\",\"target\":{\"@type\":\"EntryPoint\",\"urlTemplate\":\"https:\\\/\\\/blogdofarnesio.com.br\\\/?s={search_term_string}\"},\"query-input\":{\"@type\":\"PropertyValueSpecification\",\"valueRequired\":true,\"valueName\":\"search_term_string\"}}],\"inLanguage\":\"pt-BR\"},{\"@type\":\"Organization\",\"@id\":\"https:\\\/\\\/blogdofarnesio.com.br\\\/#organization\",\"name\":\"Blog do Farn\u00e9sio\",\"url\":\"https:\\\/\\\/blogdofarnesio.com.br\\\/\",\"logo\":{\"@type\":\"ImageObject\",\"inLanguage\":\"pt-BR\",\"@id\":\"https:\\\/\\\/blogdofarnesio.com.br\\\/#\\\/schema\\\/logo\\\/image\\\/\",\"url\":\"https:\\\/\\\/blogdofarnesio.com.br\\\/wp-content\\\/uploads\\\/2026\\\/03\\\/cropped-logo_new-1.png\",\"contentUrl\":\"https:\\\/\\\/blogdofarnesio.com.br\\\/wp-content\\\/uploads\\\/2026\\\/03\\\/cropped-logo_new-1.png\",\"width\":881,\"height\":685,\"caption\":\"Blog do Farn\u00e9sio\"},\"image\":{\"@id\":\"https:\\\/\\\/blogdofarnesio.com.br\\\/#\\\/schema\\\/logo\\\/image\\\/\"},\"sameAs\":[\"https:\\\/\\\/www.facebook.com\\\/BlogQuerSaberPolitica\\\/\"]},{\"@type\":\"Person\",\"@id\":\"https:\\\/\\\/blogdofarnesio.com.br\\\/#\\\/schema\\\/person\\\/dd1bf5eba40b687199ba45ca6b97dff9\",\"name\":\"teste\",\"image\":{\"@type\":\"ImageObject\",\"inLanguage\":\"pt-BR\",\"@id\":\"https:\\\/\\\/secure.gravatar.com\\\/avatar\\\/2172498d4914b51e1d89a0f97957b035ac4938723a5cac208135d389b6972a6d?s=96&d=mm&r=g\",\"url\":\"https:\\\/\\\/secure.gravatar.com\\\/avatar\\\/2172498d4914b51e1d89a0f97957b035ac4938723a5cac208135d389b6972a6d?s=96&d=mm&r=g\",\"contentUrl\":\"https:\\\/\\\/secure.gravatar.com\\\/avatar\\\/2172498d4914b51e1d89a0f97957b035ac4938723a5cac208135d389b6972a6d?s=96&d=mm&r=g\",\"caption\":\"teste\"},\"url\":\"https:\\\/\\\/blogdofarnesio.com.br\\\/?author=3\"}]}<\/script>\n<!-- \/ Yoast SEO plugin. -->","yoast_head_json":{"title":"SUCESS\u00c3O EM PERNAMBUCO - Blog do Farn\u00e9sio","robots":{"index":"index","follow":"follow","max-snippet":"max-snippet:-1","max-image-preview":"max-image-preview:large","max-video-preview":"max-video-preview:-1"},"canonical":"https:\/\/blogdofarnesio.com.br\/?p=55801","og_locale":"pt_BR","og_type":"article","og_title":"SUCESS\u00c3O EM PERNAMBUCO - Blog do Farn\u00e9sio","og_description":"Em caso de alian\u00e7a, Elias admite prefer\u00eancia por FBC Caso o PSDB e o PSB confirmem a alian\u00e7a em Pernambuco para a sucess\u00e3o do governador Eduardo Campos, em 2014, o prefeito de Jaboat\u00e3o dos Guararapes, Elias Gomes (PSDB), j\u00e1 frisa o \u00a0socialista de sua prefer\u00eancia para a disputa. Em entrevista \u00e0 R\u00e1dio Folha 96,7 FM, o tucano afirmou que o nome mais forte para concorrer ao Governo de Pernambuco seria do atual ministro da Integra\u00e7\u00e3o Nacional, Fernando Bezerra Coelho (PSB). O gestor destacou que o fato de o auxiliar da presidente n\u00e3o ser \u201cum poste\u201d ajudaria no secesso de sua empreitada eleitoral. \u201cAntes de qualquer parceira no campo administrativo, existe uma quest\u00e3o de amizade entre eu e ele. Somos amigos&hellip;","og_url":"https:\/\/blogdofarnesio.com.br\/?p=55801","og_site_name":"Blog do Farn\u00e9sio","article_publisher":"https:\/\/www.facebook.com\/BlogQuerSaberPolitica\/","article_published_time":"2013-09-03T23:08:11+00:00","og_image":[{"url":"http:\/\/www.folhape.com.br\/blogdafolha\/wp-content\/uploads\/2013\/08\/ART_1615.jpg","type":"","width":"","height":""}],"author":"teste","twitter_card":"summary_large_image","twitter_misc":{"Escrito por":"teste","Est. tempo de leitura":"1 minuto"},"schema":{"@context":"https:\/\/schema.org","@graph":[{"@type":"Article","@id":"https:\/\/blogdofarnesio.com.br\/?p=55801#article","isPartOf":{"@id":"https:\/\/blogdofarnesio.com.br\/?p=55801"},"author":{"name":"teste","@id":"https:\/\/blogdofarnesio.com.br\/#\/schema\/person\/dd1bf5eba40b687199ba45ca6b97dff9"},"headline":"SUCESS\u00c3O EM PERNAMBUCO","datePublished":"2013-09-03T23:08:11+00:00","mainEntityOfPage":{"@id":"https:\/\/blogdofarnesio.com.br\/?p=55801"},"wordCount":302,"commentCount":0,"publisher":{"@id":"https:\/\/blogdofarnesio.com.br\/#organization"},"image":{"@id":"https:\/\/blogdofarnesio.com.br\/?p=55801#primaryimage"},"thumbnailUrl":"http:\/\/www.folhape.com.br\/blogdafolha\/wp-content\/uploads\/2013\/08\/ART_1615.jpg","articleSection":["Pol\u00edtica"],"inLanguage":"pt-BR","potentialAction":[{"@type":"CommentAction","name":"Comment","target":["https:\/\/blogdofarnesio.com.br\/?p=55801#respond"]}]},{"@type":"WebPage","@id":"https:\/\/blogdofarnesio.com.br\/?p=55801","url":"https:\/\/blogdofarnesio.com.br\/?p=55801","name":"SUCESS\u00c3O EM PERNAMBUCO - Blog do Farn\u00e9sio","isPartOf":{"@id":"https:\/\/blogdofarnesio.com.br\/#website"},"primaryImageOfPage":{"@id":"https:\/\/blogdofarnesio.com.br\/?p=55801#primaryimage"},"image":{"@id":"https:\/\/blogdofarnesio.com.br\/?p=55801#primaryimage"},"thumbnailUrl":"http:\/\/www.folhape.com.br\/blogdafolha\/wp-content\/uploads\/2013\/08\/ART_1615.jpg","datePublished":"2013-09-03T23:08:11+00:00","breadcrumb":{"@id":"https:\/\/blogdofarnesio.com.br\/?p=55801#breadcrumb"},"inLanguage":"pt-BR","potentialAction":[{"@type":"ReadAction","target":["https:\/\/blogdofarnesio.com.br\/?p=55801"]}]},{"@type":"ImageObject","inLanguage":"pt-BR","@id":"https:\/\/blogdofarnesio.com.br\/?p=55801#primaryimage","url":"http:\/\/www.folhape.com.br\/blogdafolha\/wp-content\/uploads\/2013\/08\/ART_1615.jpg","contentUrl":"http:\/\/www.folhape.com.br\/blogdafolha\/wp-content\/uploads\/2013\/08\/ART_1615.jpg"},{"@type":"BreadcrumbList","@id":"https:\/\/blogdofarnesio.com.br\/?p=55801#breadcrumb","itemListElement":[{"@type":"ListItem","position":1,"name":"In\u00edcio","item":"https:\/\/blogdofarnesio.com.br\/"},{"@type":"ListItem","position":2,"name":"SUCESS\u00c3O EM PERNAMBUCO"}]},{"@type":"WebSite","@id":"https:\/\/blogdofarnesio.com.br\/#website","url":"https:\/\/blogdofarnesio.com.br\/","name":"Blog do Farn\u00e9sio","description":"Quer Saber Pol\u00edtica?","publisher":{"@id":"https:\/\/blogdofarnesio.com.br\/#organization"},"potentialAction":[{"@type":"SearchAction","target":{"@type":"EntryPoint","urlTemplate":"https:\/\/blogdofarnesio.com.br\/?s={search_term_string}"},"query-input":{"@type":"PropertyValueSpecification","valueRequired":true,"valueName":"search_term_string"}}],"inLanguage":"pt-BR"},{"@type":"Organization","@id":"https:\/\/blogdofarnesio.com.br\/#organization","name":"Blog do Farn\u00e9sio","url":"https:\/\/blogdofarnesio.com.br\/","logo":{"@type":"ImageObject","inLanguage":"pt-BR","@id":"https:\/\/blogdofarnesio.com.br\/#\/schema\/logo\/image\/","url":"https:\/\/blogdofarnesio.com.br\/wp-content\/uploads\/2026\/03\/cropped-logo_new-1.png","contentUrl":"https:\/\/blogdofarnesio.com.br\/wp-content\/uploads\/2026\/03\/cropped-logo_new-1.png","width":881,"height":685,"caption":"Blog do Farn\u00e9sio"},"image":{"@id":"https:\/\/blogdofarnesio.com.br\/#\/schema\/logo\/image\/"},"sameAs":["https:\/\/www.facebook.com\/BlogQuerSaberPolitica\/"]},{"@type":"Person","@id":"https:\/\/blogdofarnesio.com.br\/#\/schema\/person\/dd1bf5eba40b687199ba45ca6b97dff9","name":"teste","image":{"@type":"ImageObject","inLanguage":"pt-BR","@id":"https:\/\/secure.gravatar.com\/avatar\/2172498d4914b51e1d89a0f97957b035ac4938723a5cac208135d389b6972a6d?s=96&d=mm&r=g","url":"https:\/\/secure.gravatar.com\/avatar\/2172498d4914b51e1d89a0f97957b035ac4938723a5cac208135d389b6972a6d?s=96&d=mm&r=g","contentUrl":"https:\/\/secure.gravatar.com\/avatar\/2172498d4914b51e1d89a0f97957b035ac4938723a5cac208135d389b6972a6d?s=96&d=mm&r=g","caption":"teste"},"url":"https:\/\/blogdofarnesio.com.br\/?author=3"}]}},"_links":{"self":[{"href":"https:\/\/blogdofarnesio.com.br\/index.php?rest_route=\/wp\/v2\/posts\/55801","targetHints":{"allow":["GET"]}}],"collection":[{"href":"https:\/\/blogdofarnesio.com.br\/index.php?rest_route=\/wp\/v2\/posts"}],"about":[{"href":"https:\/\/blogdofarnesio.com.br\/index.php?rest_route=\/wp\/v2\/types\/post"}],"author":[{"embeddable":true,"href":"https:\/\/blogdofarnesio.com.br\/index.php?rest_route=\/wp\/v2\/users\/3"}],"replies":[{"embeddable":true,"href":"https:\/\/blogdofarnesio.com.br\/index.php?rest_route=%2Fwp%2Fv2%2Fcomments&post=55801"}],"version-history":[{"count":0,"href":"https:\/\/blogdofarnesio.com.br\/index.php?rest_route=\/wp\/v2\/posts\/55801\/revisions"}],"wp:attachment":[{"href":"https:\/\/blogdofarnesio.com.br\/index.php?rest_route=%2Fwp%2Fv2%2Fmedia&parent=55801"}],"wp:term":[{"taxonomy":"category","embeddable":true,"href":"https:\/\/blogdofarnesio.com.br\/index.php?rest_route=%2Fwp%2Fv2%2Fcategories&post=55801"},{"taxonomy":"post_tag","embeddable":true,"href":"https:\/\/blogdofarnesio.com.br\/index.php?rest_route=%2Fwp%2Fv2%2Ftags&post=55801"}],"curies":[{"name":"wp","href":"https:\/\/api.w.org\/{rel}","templated":true}]}}