{"id":55779,"date":"2013-09-03T15:27:01","date_gmt":"2013-09-03T18:27:01","guid":{"rendered":"http:\/\/www.quersaberpolitica.com.br\/?p=55779"},"modified":"2013-09-03T15:27:16","modified_gmt":"2013-09-03T18:27:16","slug":"vereador-damiao-participa-de-encontro-do-psl","status":"publish","type":"post","link":"https:\/\/blogdofarnesio.com.br\/?p=55779","title":{"rendered":"VEREADOR DAMI\u00c3O PARTICIPA DE ENCONTRO DO PSL"},"content":{"rendered":"<p style=\"text-align: justify\"><a href=\"http:\/\/www.quersaberpolitica.com.br\/2016\/wp-content\/uploads\/2013\/09\/ENCONTRO-DO-PSL.jpg\"><img loading=\"lazy\" decoding=\"async\" class=\"alignleft size-medium wp-image-55780\" alt=\"ENCONTRO-DO-PSL\" src=\"http:\/\/www.quersaberpolitica.com.br\/2016\/wp-content\/uploads\/2013\/09\/ENCONTRO-DO-PSL-300x164.jpg\" width=\"300\" height=\"164\" srcset=\"https:\/\/blogdofarnesio.com.br\/wp-content\/uploads\/2013\/09\/ENCONTRO-DO-PSL-300x164.jpg 300w, https:\/\/blogdofarnesio.com.br\/wp-content\/uploads\/2013\/09\/ENCONTRO-DO-PSL.jpg 400w\" sizes=\"auto, (max-width: 300px) 100vw, 300px\" \/><\/a>O vereador Dami\u00e3o Medrado (PSD), participou neste s\u00e1bado (31) do encontro promovido pelo Partido Social Liberal (PSL) no audit\u00f3rio da C\u00e2mara Municipal de Juazeiro-BA.<\/p>\n<p style=\"text-align: justify\">Em seu pronunciamento, Medrado fez um reconhecimento p\u00fablico das a\u00e7\u00f5es do presidente da legenda na Bahia, Ant\u00f4nio Ol\u00edvio: \u201cN\u00e3o falo aqui como vereador, nem como vice-presidente desta Casa, n\u00e3o falo como dirigente partid\u00e1rio. Falo como cidad\u00e3o juazeirense, grato por tudo que Toninho, que adotou Juazeiro como sua terra, tem feito por nossa cidade\u201d.<\/p>\n<p style=\"text-align: justify\">Ao listar as emendas parlamentares que possibilitaram a constru\u00e7\u00e3o de po\u00e7os e aguadas no interior de Juazeiro e a interfer\u00eancia de Toninho para a libera\u00e7\u00e3o destes recursos, Medrado comunicou que tramita na c\u00e2mara um Projeto de Resolu\u00e7\u00e3o de sua autoria concedendo o t\u00edtulo de cidad\u00e3o juazeirense a Toninho.<!--more--><\/p>\n<p style=\"text-align: justify\">O encontro partid\u00e1rio contou com a presen\u00e7a do ex-prefeito de Salvador, Jo\u00e3o Henrique, de dirigentes de diversos partidos pol\u00edticos, do Deputado Estadual Deraldo Damasceno, de lideran\u00e7as evang\u00e9licas e dos vereadores Ant\u00f4nio Tib\u00farcio de Souza Caff\u00e9, Amilton Ferreira, Sargento Bastos e Suzana Ramos.<\/p>\n<p style=\"text-align: justify\">Ao longo dos pronunciamentos dos vereadores pouco se tocou na quest\u00e3o pol\u00edtica local, sem posicionamento favor\u00e1vel ou contr\u00e1rio ao executivo municipal. Os discursos focaram sempre na necessidade de uni\u00e3o e fortalecimento dos pequenos partidos. O Deputado Deraldo Damasceno, aniversariante do dia, resumiu: \u201cHoje \u00e9 dia de festa\u201d. No encontro foi empossada a nova presidente do PSL em Juazeiro: Benedita Almeida.<\/p>\n<p><strong>Irislane Pacheco-ASCOM<\/strong><\/p>\n","protected":false},"excerpt":{"rendered":"<p>O vereador Dami\u00e3o Medrado (PSD), participou neste s\u00e1bado (31) do encontro promovido pelo Partido Social Liberal (PSL) no audit\u00f3rio da C\u00e2mara Municipal de Juazeiro-BA. Em seu pronunciamento, Medrado fez um reconhecimento p\u00fablico das a\u00e7\u00f5es do presidente da legenda na Bahia, Ant\u00f4nio Ol\u00edvio: \u201cN\u00e3o falo aqui como vereador, nem como vice-presidente desta Casa, n\u00e3o falo como dirigente partid\u00e1rio. Falo como cidad\u00e3o juazeirense, grato por tudo que Toninho, que adotou Juazeiro como sua terra, tem feito por nossa cidade\u201d. Ao listar as emendas parlamentares que possibilitaram a constru\u00e7\u00e3o de po\u00e7os e aguadas no interior de Juazeiro e a interfer\u00eancia de Toninho para a libera\u00e7\u00e3o destes recursos, Medrado comunicou que tramita na c\u00e2mara um Projeto de Resolu\u00e7\u00e3o de sua autoria concedendo o t\u00edtulo&hellip; <\/p>\n","protected":false},"author":3,"featured_media":0,"comment_status":"open","ping_status":"open","sticky":false,"template":"","format":"standard","meta":{"_acf_changed":false,"footnotes":""},"categories":[1],"tags":[],"class_list":["post-55779","post","type-post","status-publish","format-standard","hentry","category-politica"],"acf":[],"yoast_head":"<!-- This site is optimized with the Yoast SEO plugin v27.4 - https:\/\/yoast.com\/product\/yoast-seo-wordpress\/ -->\n<title>VEREADOR DAMI\u00c3O PARTICIPA DE ENCONTRO DO PSL  - Blog do Farn\u00e9sio<\/title>\n<meta name=\"robots\" content=\"index, follow, max-snippet:-1, max-image-preview:large, max-video-preview:-1\" \/>\n<link rel=\"canonical\" href=\"https:\/\/blogdofarnesio.com.br\/?p=55779\" \/>\n<meta property=\"og:locale\" content=\"pt_BR\" \/>\n<meta property=\"og:type\" content=\"article\" \/>\n<meta property=\"og:title\" content=\"VEREADOR DAMI\u00c3O PARTICIPA DE ENCONTRO DO PSL  - Blog do Farn\u00e9sio\" \/>\n<meta property=\"og:description\" content=\"O vereador Dami\u00e3o Medrado (PSD), participou neste s\u00e1bado (31) do encontro promovido pelo Partido Social Liberal (PSL) no audit\u00f3rio da C\u00e2mara Municipal de Juazeiro-BA. Em seu pronunciamento, Medrado fez um reconhecimento p\u00fablico das a\u00e7\u00f5es do presidente da legenda na Bahia, Ant\u00f4nio Ol\u00edvio: \u201cN\u00e3o falo aqui como vereador, nem como vice-presidente desta Casa, n\u00e3o falo como dirigente partid\u00e1rio. Falo como cidad\u00e3o juazeirense, grato por tudo que Toninho, que adotou Juazeiro como sua terra, tem feito por nossa cidade\u201d. Ao listar as emendas parlamentares que possibilitaram a constru\u00e7\u00e3o de po\u00e7os e aguadas no interior de Juazeiro e a interfer\u00eancia de Toninho para a libera\u00e7\u00e3o destes recursos, Medrado comunicou que tramita na c\u00e2mara um Projeto de Resolu\u00e7\u00e3o de sua autoria concedendo o t\u00edtulo&hellip;\" \/>\n<meta property=\"og:url\" content=\"https:\/\/blogdofarnesio.com.br\/?p=55779\" \/>\n<meta property=\"og:site_name\" content=\"Blog do Farn\u00e9sio\" \/>\n<meta property=\"article:publisher\" content=\"https:\/\/www.facebook.com\/BlogQuerSaberPolitica\/\" \/>\n<meta property=\"article:published_time\" content=\"2013-09-03T18:27:01+00:00\" \/>\n<meta property=\"article:modified_time\" content=\"2013-09-03T18:27:16+00:00\" \/>\n<meta property=\"og:image\" content=\"http:\/\/www.quersaberpolitica.com.br\/2016\/wp-content\/uploads\/2013\/09\/ENCONTRO-DO-PSL-300x164.jpg\" \/>\n<meta name=\"author\" content=\"teste\" \/>\n<meta name=\"twitter:card\" content=\"summary_large_image\" \/>\n<meta name=\"twitter:label1\" content=\"Escrito por\" \/>\n\t<meta name=\"twitter:data1\" content=\"teste\" \/>\n\t<meta name=\"twitter:label2\" content=\"Est. tempo de leitura\" \/>\n\t<meta name=\"twitter:data2\" content=\"1 minuto\" \/>\n<script type=\"application\/ld+json\" class=\"yoast-schema-graph\">{\"@context\":\"https:\\\/\\\/schema.org\",\"@graph\":[{\"@type\":\"Article\",\"@id\":\"https:\\\/\\\/blogdofarnesio.com.br\\\/?p=55779#article\",\"isPartOf\":{\"@id\":\"https:\\\/\\\/blogdofarnesio.com.br\\\/?p=55779\"},\"author\":{\"name\":\"teste\",\"@id\":\"https:\\\/\\\/blogdofarnesio.com.br\\\/#\\\/schema\\\/person\\\/dd1bf5eba40b687199ba45ca6b97dff9\"},\"headline\":\"VEREADOR DAMI\u00c3O PARTICIPA DE ENCONTRO DO PSL\",\"datePublished\":\"2013-09-03T18:27:01+00:00\",\"dateModified\":\"2013-09-03T18:27:16+00:00\",\"mainEntityOfPage\":{\"@id\":\"https:\\\/\\\/blogdofarnesio.com.br\\\/?p=55779\"},\"wordCount\":268,\"commentCount\":0,\"publisher\":{\"@id\":\"https:\\\/\\\/blogdofarnesio.com.br\\\/#organization\"},\"image\":{\"@id\":\"https:\\\/\\\/blogdofarnesio.com.br\\\/?p=55779#primaryimage\"},\"thumbnailUrl\":\"http:\\\/\\\/www.quersaberpolitica.com.br\\\/2016\\\/wp-content\\\/uploads\\\/2013\\\/09\\\/ENCONTRO-DO-PSL-300x164.jpg\",\"articleSection\":[\"Pol\u00edtica\"],\"inLanguage\":\"pt-BR\",\"potentialAction\":[{\"@type\":\"CommentAction\",\"name\":\"Comment\",\"target\":[\"https:\\\/\\\/blogdofarnesio.com.br\\\/?p=55779#respond\"]}]},{\"@type\":\"WebPage\",\"@id\":\"https:\\\/\\\/blogdofarnesio.com.br\\\/?p=55779\",\"url\":\"https:\\\/\\\/blogdofarnesio.com.br\\\/?p=55779\",\"name\":\"VEREADOR DAMI\u00c3O PARTICIPA DE ENCONTRO DO PSL - Blog do Farn\u00e9sio\",\"isPartOf\":{\"@id\":\"https:\\\/\\\/blogdofarnesio.com.br\\\/#website\"},\"primaryImageOfPage\":{\"@id\":\"https:\\\/\\\/blogdofarnesio.com.br\\\/?p=55779#primaryimage\"},\"image\":{\"@id\":\"https:\\\/\\\/blogdofarnesio.com.br\\\/?p=55779#primaryimage\"},\"thumbnailUrl\":\"http:\\\/\\\/www.quersaberpolitica.com.br\\\/2016\\\/wp-content\\\/uploads\\\/2013\\\/09\\\/ENCONTRO-DO-PSL-300x164.jpg\",\"datePublished\":\"2013-09-03T18:27:01+00:00\",\"dateModified\":\"2013-09-03T18:27:16+00:00\",\"breadcrumb\":{\"@id\":\"https:\\\/\\\/blogdofarnesio.com.br\\\/?p=55779#breadcrumb\"},\"inLanguage\":\"pt-BR\",\"potentialAction\":[{\"@type\":\"ReadAction\",\"target\":[\"https:\\\/\\\/blogdofarnesio.com.br\\\/?p=55779\"]}]},{\"@type\":\"ImageObject\",\"inLanguage\":\"pt-BR\",\"@id\":\"https:\\\/\\\/blogdofarnesio.com.br\\\/?p=55779#primaryimage\",\"url\":\"http:\\\/\\\/www.quersaberpolitica.com.br\\\/2016\\\/wp-content\\\/uploads\\\/2013\\\/09\\\/ENCONTRO-DO-PSL-300x164.jpg\",\"contentUrl\":\"http:\\\/\\\/www.quersaberpolitica.com.br\\\/2016\\\/wp-content\\\/uploads\\\/2013\\\/09\\\/ENCONTRO-DO-PSL-300x164.jpg\"},{\"@type\":\"BreadcrumbList\",\"@id\":\"https:\\\/\\\/blogdofarnesio.com.br\\\/?p=55779#breadcrumb\",\"itemListElement\":[{\"@type\":\"ListItem\",\"position\":1,\"name\":\"In\u00edcio\",\"item\":\"https:\\\/\\\/blogdofarnesio.com.br\\\/\"},{\"@type\":\"ListItem\",\"position\":2,\"name\":\"VEREADOR DAMI\u00c3O PARTICIPA DE ENCONTRO DO PSL\"}]},{\"@type\":\"WebSite\",\"@id\":\"https:\\\/\\\/blogdofarnesio.com.br\\\/#website\",\"url\":\"https:\\\/\\\/blogdofarnesio.com.br\\\/\",\"name\":\"Blog do Farn\u00e9sio\",\"description\":\"Quer Saber Pol\u00edtica?\",\"publisher\":{\"@id\":\"https:\\\/\\\/blogdofarnesio.com.br\\\/#organization\"},\"potentialAction\":[{\"@type\":\"SearchAction\",\"target\":{\"@type\":\"EntryPoint\",\"urlTemplate\":\"https:\\\/\\\/blogdofarnesio.com.br\\\/?s={search_term_string}\"},\"query-input\":{\"@type\":\"PropertyValueSpecification\",\"valueRequired\":true,\"valueName\":\"search_term_string\"}}],\"inLanguage\":\"pt-BR\"},{\"@type\":\"Organization\",\"@id\":\"https:\\\/\\\/blogdofarnesio.com.br\\\/#organization\",\"name\":\"Blog do Farn\u00e9sio\",\"url\":\"https:\\\/\\\/blogdofarnesio.com.br\\\/\",\"logo\":{\"@type\":\"ImageObject\",\"inLanguage\":\"pt-BR\",\"@id\":\"https:\\\/\\\/blogdofarnesio.com.br\\\/#\\\/schema\\\/logo\\\/image\\\/\",\"url\":\"https:\\\/\\\/blogdofarnesio.com.br\\\/wp-content\\\/uploads\\\/2026\\\/03\\\/cropped-logo_new-1.png\",\"contentUrl\":\"https:\\\/\\\/blogdofarnesio.com.br\\\/wp-content\\\/uploads\\\/2026\\\/03\\\/cropped-logo_new-1.png\",\"width\":881,\"height\":685,\"caption\":\"Blog do Farn\u00e9sio\"},\"image\":{\"@id\":\"https:\\\/\\\/blogdofarnesio.com.br\\\/#\\\/schema\\\/logo\\\/image\\\/\"},\"sameAs\":[\"https:\\\/\\\/www.facebook.com\\\/BlogQuerSaberPolitica\\\/\"]},{\"@type\":\"Person\",\"@id\":\"https:\\\/\\\/blogdofarnesio.com.br\\\/#\\\/schema\\\/person\\\/dd1bf5eba40b687199ba45ca6b97dff9\",\"name\":\"teste\",\"image\":{\"@type\":\"ImageObject\",\"inLanguage\":\"pt-BR\",\"@id\":\"https:\\\/\\\/secure.gravatar.com\\\/avatar\\\/2172498d4914b51e1d89a0f97957b035ac4938723a5cac208135d389b6972a6d?s=96&d=mm&r=g\",\"url\":\"https:\\\/\\\/secure.gravatar.com\\\/avatar\\\/2172498d4914b51e1d89a0f97957b035ac4938723a5cac208135d389b6972a6d?s=96&d=mm&r=g\",\"contentUrl\":\"https:\\\/\\\/secure.gravatar.com\\\/avatar\\\/2172498d4914b51e1d89a0f97957b035ac4938723a5cac208135d389b6972a6d?s=96&d=mm&r=g\",\"caption\":\"teste\"},\"url\":\"https:\\\/\\\/blogdofarnesio.com.br\\\/?author=3\"}]}<\/script>\n<!-- \/ Yoast SEO plugin. -->","yoast_head_json":{"title":"VEREADOR DAMI\u00c3O PARTICIPA DE ENCONTRO DO PSL  - Blog do Farn\u00e9sio","robots":{"index":"index","follow":"follow","max-snippet":"max-snippet:-1","max-image-preview":"max-image-preview:large","max-video-preview":"max-video-preview:-1"},"canonical":"https:\/\/blogdofarnesio.com.br\/?p=55779","og_locale":"pt_BR","og_type":"article","og_title":"VEREADOR DAMI\u00c3O PARTICIPA DE ENCONTRO DO PSL  - Blog do Farn\u00e9sio","og_description":"O vereador Dami\u00e3o Medrado (PSD), participou neste s\u00e1bado (31) do encontro promovido pelo Partido Social Liberal (PSL) no audit\u00f3rio da C\u00e2mara Municipal de Juazeiro-BA. Em seu pronunciamento, Medrado fez um reconhecimento p\u00fablico das a\u00e7\u00f5es do presidente da legenda na Bahia, Ant\u00f4nio Ol\u00edvio: \u201cN\u00e3o falo aqui como vereador, nem como vice-presidente desta Casa, n\u00e3o falo como dirigente partid\u00e1rio. Falo como cidad\u00e3o juazeirense, grato por tudo que Toninho, que adotou Juazeiro como sua terra, tem feito por nossa cidade\u201d. Ao listar as emendas parlamentares que possibilitaram a constru\u00e7\u00e3o de po\u00e7os e aguadas no interior de Juazeiro e a interfer\u00eancia de Toninho para a libera\u00e7\u00e3o destes recursos, Medrado comunicou que tramita na c\u00e2mara um Projeto de Resolu\u00e7\u00e3o de sua autoria concedendo o t\u00edtulo&hellip;","og_url":"https:\/\/blogdofarnesio.com.br\/?p=55779","og_site_name":"Blog do Farn\u00e9sio","article_publisher":"https:\/\/www.facebook.com\/BlogQuerSaberPolitica\/","article_published_time":"2013-09-03T18:27:01+00:00","article_modified_time":"2013-09-03T18:27:16+00:00","og_image":[{"url":"http:\/\/www.quersaberpolitica.com.br\/2016\/wp-content\/uploads\/2013\/09\/ENCONTRO-DO-PSL-300x164.jpg","type":"","width":"","height":""}],"author":"teste","twitter_card":"summary_large_image","twitter_misc":{"Escrito por":"teste","Est. tempo de leitura":"1 minuto"},"schema":{"@context":"https:\/\/schema.org","@graph":[{"@type":"Article","@id":"https:\/\/blogdofarnesio.com.br\/?p=55779#article","isPartOf":{"@id":"https:\/\/blogdofarnesio.com.br\/?p=55779"},"author":{"name":"teste","@id":"https:\/\/blogdofarnesio.com.br\/#\/schema\/person\/dd1bf5eba40b687199ba45ca6b97dff9"},"headline":"VEREADOR DAMI\u00c3O PARTICIPA DE ENCONTRO DO PSL","datePublished":"2013-09-03T18:27:01+00:00","dateModified":"2013-09-03T18:27:16+00:00","mainEntityOfPage":{"@id":"https:\/\/blogdofarnesio.com.br\/?p=55779"},"wordCount":268,"commentCount":0,"publisher":{"@id":"https:\/\/blogdofarnesio.com.br\/#organization"},"image":{"@id":"https:\/\/blogdofarnesio.com.br\/?p=55779#primaryimage"},"thumbnailUrl":"http:\/\/www.quersaberpolitica.com.br\/2016\/wp-content\/uploads\/2013\/09\/ENCONTRO-DO-PSL-300x164.jpg","articleSection":["Pol\u00edtica"],"inLanguage":"pt-BR","potentialAction":[{"@type":"CommentAction","name":"Comment","target":["https:\/\/blogdofarnesio.com.br\/?p=55779#respond"]}]},{"@type":"WebPage","@id":"https:\/\/blogdofarnesio.com.br\/?p=55779","url":"https:\/\/blogdofarnesio.com.br\/?p=55779","name":"VEREADOR DAMI\u00c3O PARTICIPA DE ENCONTRO DO PSL - Blog do Farn\u00e9sio","isPartOf":{"@id":"https:\/\/blogdofarnesio.com.br\/#website"},"primaryImageOfPage":{"@id":"https:\/\/blogdofarnesio.com.br\/?p=55779#primaryimage"},"image":{"@id":"https:\/\/blogdofarnesio.com.br\/?p=55779#primaryimage"},"thumbnailUrl":"http:\/\/www.quersaberpolitica.com.br\/2016\/wp-content\/uploads\/2013\/09\/ENCONTRO-DO-PSL-300x164.jpg","datePublished":"2013-09-03T18:27:01+00:00","dateModified":"2013-09-03T18:27:16+00:00","breadcrumb":{"@id":"https:\/\/blogdofarnesio.com.br\/?p=55779#breadcrumb"},"inLanguage":"pt-BR","potentialAction":[{"@type":"ReadAction","target":["https:\/\/blogdofarnesio.com.br\/?p=55779"]}]},{"@type":"ImageObject","inLanguage":"pt-BR","@id":"https:\/\/blogdofarnesio.com.br\/?p=55779#primaryimage","url":"http:\/\/www.quersaberpolitica.com.br\/2016\/wp-content\/uploads\/2013\/09\/ENCONTRO-DO-PSL-300x164.jpg","contentUrl":"http:\/\/www.quersaberpolitica.com.br\/2016\/wp-content\/uploads\/2013\/09\/ENCONTRO-DO-PSL-300x164.jpg"},{"@type":"BreadcrumbList","@id":"https:\/\/blogdofarnesio.com.br\/?p=55779#breadcrumb","itemListElement":[{"@type":"ListItem","position":1,"name":"In\u00edcio","item":"https:\/\/blogdofarnesio.com.br\/"},{"@type":"ListItem","position":2,"name":"VEREADOR DAMI\u00c3O PARTICIPA DE ENCONTRO DO PSL"}]},{"@type":"WebSite","@id":"https:\/\/blogdofarnesio.com.br\/#website","url":"https:\/\/blogdofarnesio.com.br\/","name":"Blog do Farn\u00e9sio","description":"Quer Saber Pol\u00edtica?","publisher":{"@id":"https:\/\/blogdofarnesio.com.br\/#organization"},"potentialAction":[{"@type":"SearchAction","target":{"@type":"EntryPoint","urlTemplate":"https:\/\/blogdofarnesio.com.br\/?s={search_term_string}"},"query-input":{"@type":"PropertyValueSpecification","valueRequired":true,"valueName":"search_term_string"}}],"inLanguage":"pt-BR"},{"@type":"Organization","@id":"https:\/\/blogdofarnesio.com.br\/#organization","name":"Blog do Farn\u00e9sio","url":"https:\/\/blogdofarnesio.com.br\/","logo":{"@type":"ImageObject","inLanguage":"pt-BR","@id":"https:\/\/blogdofarnesio.com.br\/#\/schema\/logo\/image\/","url":"https:\/\/blogdofarnesio.com.br\/wp-content\/uploads\/2026\/03\/cropped-logo_new-1.png","contentUrl":"https:\/\/blogdofarnesio.com.br\/wp-content\/uploads\/2026\/03\/cropped-logo_new-1.png","width":881,"height":685,"caption":"Blog do Farn\u00e9sio"},"image":{"@id":"https:\/\/blogdofarnesio.com.br\/#\/schema\/logo\/image\/"},"sameAs":["https:\/\/www.facebook.com\/BlogQuerSaberPolitica\/"]},{"@type":"Person","@id":"https:\/\/blogdofarnesio.com.br\/#\/schema\/person\/dd1bf5eba40b687199ba45ca6b97dff9","name":"teste","image":{"@type":"ImageObject","inLanguage":"pt-BR","@id":"https:\/\/secure.gravatar.com\/avatar\/2172498d4914b51e1d89a0f97957b035ac4938723a5cac208135d389b6972a6d?s=96&d=mm&r=g","url":"https:\/\/secure.gravatar.com\/avatar\/2172498d4914b51e1d89a0f97957b035ac4938723a5cac208135d389b6972a6d?s=96&d=mm&r=g","contentUrl":"https:\/\/secure.gravatar.com\/avatar\/2172498d4914b51e1d89a0f97957b035ac4938723a5cac208135d389b6972a6d?s=96&d=mm&r=g","caption":"teste"},"url":"https:\/\/blogdofarnesio.com.br\/?author=3"}]}},"_links":{"self":[{"href":"https:\/\/blogdofarnesio.com.br\/index.php?rest_route=\/wp\/v2\/posts\/55779","targetHints":{"allow":["GET"]}}],"collection":[{"href":"https:\/\/blogdofarnesio.com.br\/index.php?rest_route=\/wp\/v2\/posts"}],"about":[{"href":"https:\/\/blogdofarnesio.com.br\/index.php?rest_route=\/wp\/v2\/types\/post"}],"author":[{"embeddable":true,"href":"https:\/\/blogdofarnesio.com.br\/index.php?rest_route=\/wp\/v2\/users\/3"}],"replies":[{"embeddable":true,"href":"https:\/\/blogdofarnesio.com.br\/index.php?rest_route=%2Fwp%2Fv2%2Fcomments&post=55779"}],"version-history":[{"count":0,"href":"https:\/\/blogdofarnesio.com.br\/index.php?rest_route=\/wp\/v2\/posts\/55779\/revisions"}],"wp:attachment":[{"href":"https:\/\/blogdofarnesio.com.br\/index.php?rest_route=%2Fwp%2Fv2%2Fmedia&parent=55779"}],"wp:term":[{"taxonomy":"category","embeddable":true,"href":"https:\/\/blogdofarnesio.com.br\/index.php?rest_route=%2Fwp%2Fv2%2Fcategories&post=55779"},{"taxonomy":"post_tag","embeddable":true,"href":"https:\/\/blogdofarnesio.com.br\/index.php?rest_route=%2Fwp%2Fv2%2Ftags&post=55779"}],"curies":[{"name":"wp","href":"https:\/\/api.w.org\/{rel}","templated":true}]}}