{"id":55365,"date":"2013-08-30T11:32:37","date_gmt":"2013-08-30T14:32:37","guid":{"rendered":"http:\/\/www.quersaberpolitica.com.br\/?p=55365"},"modified":"2013-08-30T11:25:32","modified_gmt":"2013-08-30T14:25:32","slug":"preso-em-petrolina-homem-que-agrediu-propria-mae","status":"publish","type":"post","link":"https:\/\/blogdofarnesio.com.br\/?p=55365","title":{"rendered":"PRESO EM PETROLINA HOMEM QUE AGREDIU PR\u00d3PRIA M\u00c3E"},"content":{"rendered":"<p style=\"text-align: justify\"><a href=\"http:\/\/www.quersaberpolitica.com.br\/2016\/wp-content\/uploads\/2013\/04\/blogqspmulherviolencia.jpg\"><img loading=\"lazy\" decoding=\"async\" class=\"size-medium wp-image-36690 alignleft\" alt=\"blogqspmulherviolencia\" src=\"http:\/\/www.quersaberpolitica.com.br\/2016\/wp-content\/uploads\/2013\/04\/blogqspmulherviolencia-300x221.jpg\" width=\"300\" height=\"221\" srcset=\"https:\/\/blogdofarnesio.com.br\/wp-content\/uploads\/2013\/04\/blogqspmulherviolencia-300x221.jpg 300w, https:\/\/blogdofarnesio.com.br\/wp-content\/uploads\/2013\/04\/blogqspmulherviolencia.jpg 380w\" sizes=\"auto, (max-width: 300px) 100vw, 300px\" \/><\/a>Nesta quinta-feira (29), no bairro Jo\u00e3o de Deus, em Petrolina- PE, a pol\u00edcia foi solicitada por familiares dos envolvidos, que relataram que Francinaldo Pereira dos Santos, 21 anos, estava transtornado e havia Agredido sua Genitora, Francisca da Concei\u00e7\u00e3o Santos, 41 anos .<\/p>\n<p style=\"text-align: justify\">Quando chegaram no endere\u00e7o, observaram diversos objetos quebrados, e como o acusado j\u00e1 havia se evadido do local, a v\u00edtima foi levada at\u00e9 a Delegacia de Pol\u00edcia Civil, para que esta pudesse prestar uma queixa contra seu filho.<\/p>\n<p style=\"text-align: justify\">Ap\u00f3s certo tempo, j\u00e1 em rondas na \u00e1rea de atua\u00e7\u00e3o, a guarni\u00e7\u00e3o localizou o acusado em uma motocicleta, pr\u00f3ximo a resid\u00eancia da sua m\u00e3e. Francinaldo Pereira foi abordado, detido e conduzido ao Hospital de Traumas, para cuidados m\u00e9dicos em um ferimento no antebra\u00e7o direito, resultado de um soco desferido na porta da v\u00edtima, em seguida foi apresentado na Delegacia da Mulher para as providencias cab\u00edveis dentro da lei Maria da Penha.<\/p>\n","protected":false},"excerpt":{"rendered":"<p>Nesta quinta-feira (29), no bairro Jo\u00e3o de Deus, em Petrolina- PE, a pol\u00edcia foi solicitada por familiares dos envolvidos, que relataram que Francinaldo Pereira dos Santos, 21 anos, estava transtornado e havia Agredido sua Genitora, Francisca da Concei\u00e7\u00e3o Santos, 41 anos . Quando chegaram no endere\u00e7o, observaram diversos objetos quebrados, e como o acusado j\u00e1 havia se evadido do local, a v\u00edtima foi levada at\u00e9 a Delegacia de Pol\u00edcia Civil, para que esta pudesse prestar uma queixa contra seu filho. Ap\u00f3s certo tempo, j\u00e1 em rondas na \u00e1rea de atua\u00e7\u00e3o, a guarni\u00e7\u00e3o localizou o acusado em uma motocicleta, pr\u00f3ximo a resid\u00eancia da sua m\u00e3e. Francinaldo Pereira foi abordado, detido e conduzido ao Hospital de Traumas, para cuidados m\u00e9dicos em um&hellip; <\/p>\n","protected":false},"author":3,"featured_media":0,"comment_status":"open","ping_status":"open","sticky":false,"template":"","format":"standard","meta":{"_acf_changed":false,"footnotes":""},"categories":[1],"tags":[],"class_list":["post-55365","post","type-post","status-publish","format-standard","hentry","category-politica"],"acf":[],"yoast_head":"<!-- This site is optimized with the Yoast SEO plugin v27.4 - https:\/\/yoast.com\/product\/yoast-seo-wordpress\/ -->\n<title>PRESO EM PETROLINA HOMEM QUE AGREDIU PR\u00d3PRIA M\u00c3E - Blog do Farn\u00e9sio<\/title>\n<meta name=\"robots\" content=\"index, follow, max-snippet:-1, max-image-preview:large, max-video-preview:-1\" \/>\n<link rel=\"canonical\" href=\"https:\/\/blogdofarnesio.com.br\/?p=55365\" \/>\n<meta property=\"og:locale\" content=\"pt_BR\" \/>\n<meta property=\"og:type\" content=\"article\" \/>\n<meta property=\"og:title\" content=\"PRESO EM PETROLINA HOMEM QUE AGREDIU PR\u00d3PRIA M\u00c3E - Blog do Farn\u00e9sio\" \/>\n<meta property=\"og:description\" content=\"Nesta quinta-feira (29), no bairro Jo\u00e3o de Deus, em Petrolina- PE, a pol\u00edcia foi solicitada por familiares dos envolvidos, que relataram que Francinaldo Pereira dos Santos, 21 anos, estava transtornado e havia Agredido sua Genitora, Francisca da Concei\u00e7\u00e3o Santos, 41 anos . Quando chegaram no endere\u00e7o, observaram diversos objetos quebrados, e como o acusado j\u00e1 havia se evadido do local, a v\u00edtima foi levada at\u00e9 a Delegacia de Pol\u00edcia Civil, para que esta pudesse prestar uma queixa contra seu filho. Ap\u00f3s certo tempo, j\u00e1 em rondas na \u00e1rea de atua\u00e7\u00e3o, a guarni\u00e7\u00e3o localizou o acusado em uma motocicleta, pr\u00f3ximo a resid\u00eancia da sua m\u00e3e. Francinaldo Pereira foi abordado, detido e conduzido ao Hospital de Traumas, para cuidados m\u00e9dicos em um&hellip;\" \/>\n<meta property=\"og:url\" content=\"https:\/\/blogdofarnesio.com.br\/?p=55365\" \/>\n<meta property=\"og:site_name\" content=\"Blog do Farn\u00e9sio\" \/>\n<meta property=\"article:publisher\" content=\"https:\/\/www.facebook.com\/BlogQuerSaberPolitica\/\" \/>\n<meta property=\"article:published_time\" content=\"2013-08-30T14:32:37+00:00\" \/>\n<meta property=\"og:image\" content=\"http:\/\/www.quersaberpolitica.com.br\/2016\/wp-content\/uploads\/2013\/04\/blogqspmulherviolencia-300x221.jpg\" \/>\n<meta name=\"author\" content=\"teste\" \/>\n<meta name=\"twitter:card\" content=\"summary_large_image\" \/>\n<meta name=\"twitter:label1\" content=\"Escrito por\" \/>\n\t<meta name=\"twitter:data1\" content=\"teste\" \/>\n\t<meta name=\"twitter:label2\" content=\"Est. tempo de leitura\" \/>\n\t<meta name=\"twitter:data2\" content=\"1 minuto\" \/>\n<script type=\"application\/ld+json\" class=\"yoast-schema-graph\">{\"@context\":\"https:\\\/\\\/schema.org\",\"@graph\":[{\"@type\":\"Article\",\"@id\":\"https:\\\/\\\/blogdofarnesio.com.br\\\/?p=55365#article\",\"isPartOf\":{\"@id\":\"https:\\\/\\\/blogdofarnesio.com.br\\\/?p=55365\"},\"author\":{\"name\":\"teste\",\"@id\":\"https:\\\/\\\/blogdofarnesio.com.br\\\/#\\\/schema\\\/person\\\/dd1bf5eba40b687199ba45ca6b97dff9\"},\"headline\":\"PRESO EM PETROLINA HOMEM QUE AGREDIU PR\u00d3PRIA M\u00c3E\",\"datePublished\":\"2013-08-30T14:32:37+00:00\",\"mainEntityOfPage\":{\"@id\":\"https:\\\/\\\/blogdofarnesio.com.br\\\/?p=55365\"},\"wordCount\":173,\"commentCount\":0,\"publisher\":{\"@id\":\"https:\\\/\\\/blogdofarnesio.com.br\\\/#organization\"},\"image\":{\"@id\":\"https:\\\/\\\/blogdofarnesio.com.br\\\/?p=55365#primaryimage\"},\"thumbnailUrl\":\"http:\\\/\\\/www.quersaberpolitica.com.br\\\/2016\\\/wp-content\\\/uploads\\\/2013\\\/04\\\/blogqspmulherviolencia-300x221.jpg\",\"articleSection\":[\"Pol\u00edtica\"],\"inLanguage\":\"pt-BR\",\"potentialAction\":[{\"@type\":\"CommentAction\",\"name\":\"Comment\",\"target\":[\"https:\\\/\\\/blogdofarnesio.com.br\\\/?p=55365#respond\"]}]},{\"@type\":\"WebPage\",\"@id\":\"https:\\\/\\\/blogdofarnesio.com.br\\\/?p=55365\",\"url\":\"https:\\\/\\\/blogdofarnesio.com.br\\\/?p=55365\",\"name\":\"PRESO EM PETROLINA HOMEM QUE AGREDIU PR\u00d3PRIA M\u00c3E - Blog do Farn\u00e9sio\",\"isPartOf\":{\"@id\":\"https:\\\/\\\/blogdofarnesio.com.br\\\/#website\"},\"primaryImageOfPage\":{\"@id\":\"https:\\\/\\\/blogdofarnesio.com.br\\\/?p=55365#primaryimage\"},\"image\":{\"@id\":\"https:\\\/\\\/blogdofarnesio.com.br\\\/?p=55365#primaryimage\"},\"thumbnailUrl\":\"http:\\\/\\\/www.quersaberpolitica.com.br\\\/2016\\\/wp-content\\\/uploads\\\/2013\\\/04\\\/blogqspmulherviolencia-300x221.jpg\",\"datePublished\":\"2013-08-30T14:32:37+00:00\",\"breadcrumb\":{\"@id\":\"https:\\\/\\\/blogdofarnesio.com.br\\\/?p=55365#breadcrumb\"},\"inLanguage\":\"pt-BR\",\"potentialAction\":[{\"@type\":\"ReadAction\",\"target\":[\"https:\\\/\\\/blogdofarnesio.com.br\\\/?p=55365\"]}]},{\"@type\":\"ImageObject\",\"inLanguage\":\"pt-BR\",\"@id\":\"https:\\\/\\\/blogdofarnesio.com.br\\\/?p=55365#primaryimage\",\"url\":\"http:\\\/\\\/www.quersaberpolitica.com.br\\\/2016\\\/wp-content\\\/uploads\\\/2013\\\/04\\\/blogqspmulherviolencia-300x221.jpg\",\"contentUrl\":\"http:\\\/\\\/www.quersaberpolitica.com.br\\\/2016\\\/wp-content\\\/uploads\\\/2013\\\/04\\\/blogqspmulherviolencia-300x221.jpg\"},{\"@type\":\"BreadcrumbList\",\"@id\":\"https:\\\/\\\/blogdofarnesio.com.br\\\/?p=55365#breadcrumb\",\"itemListElement\":[{\"@type\":\"ListItem\",\"position\":1,\"name\":\"In\u00edcio\",\"item\":\"https:\\\/\\\/blogdofarnesio.com.br\\\/\"},{\"@type\":\"ListItem\",\"position\":2,\"name\":\"PRESO EM PETROLINA HOMEM QUE AGREDIU PR\u00d3PRIA M\u00c3E\"}]},{\"@type\":\"WebSite\",\"@id\":\"https:\\\/\\\/blogdofarnesio.com.br\\\/#website\",\"url\":\"https:\\\/\\\/blogdofarnesio.com.br\\\/\",\"name\":\"Blog do Farn\u00e9sio\",\"description\":\"Quer Saber Pol\u00edtica?\",\"publisher\":{\"@id\":\"https:\\\/\\\/blogdofarnesio.com.br\\\/#organization\"},\"potentialAction\":[{\"@type\":\"SearchAction\",\"target\":{\"@type\":\"EntryPoint\",\"urlTemplate\":\"https:\\\/\\\/blogdofarnesio.com.br\\\/?s={search_term_string}\"},\"query-input\":{\"@type\":\"PropertyValueSpecification\",\"valueRequired\":true,\"valueName\":\"search_term_string\"}}],\"inLanguage\":\"pt-BR\"},{\"@type\":\"Organization\",\"@id\":\"https:\\\/\\\/blogdofarnesio.com.br\\\/#organization\",\"name\":\"Blog do Farn\u00e9sio\",\"url\":\"https:\\\/\\\/blogdofarnesio.com.br\\\/\",\"logo\":{\"@type\":\"ImageObject\",\"inLanguage\":\"pt-BR\",\"@id\":\"https:\\\/\\\/blogdofarnesio.com.br\\\/#\\\/schema\\\/logo\\\/image\\\/\",\"url\":\"https:\\\/\\\/blogdofarnesio.com.br\\\/wp-content\\\/uploads\\\/2026\\\/03\\\/cropped-logo_new-1.png\",\"contentUrl\":\"https:\\\/\\\/blogdofarnesio.com.br\\\/wp-content\\\/uploads\\\/2026\\\/03\\\/cropped-logo_new-1.png\",\"width\":881,\"height\":685,\"caption\":\"Blog do Farn\u00e9sio\"},\"image\":{\"@id\":\"https:\\\/\\\/blogdofarnesio.com.br\\\/#\\\/schema\\\/logo\\\/image\\\/\"},\"sameAs\":[\"https:\\\/\\\/www.facebook.com\\\/BlogQuerSaberPolitica\\\/\"]},{\"@type\":\"Person\",\"@id\":\"https:\\\/\\\/blogdofarnesio.com.br\\\/#\\\/schema\\\/person\\\/dd1bf5eba40b687199ba45ca6b97dff9\",\"name\":\"teste\",\"image\":{\"@type\":\"ImageObject\",\"inLanguage\":\"pt-BR\",\"@id\":\"https:\\\/\\\/secure.gravatar.com\\\/avatar\\\/2172498d4914b51e1d89a0f97957b035ac4938723a5cac208135d389b6972a6d?s=96&d=mm&r=g\",\"url\":\"https:\\\/\\\/secure.gravatar.com\\\/avatar\\\/2172498d4914b51e1d89a0f97957b035ac4938723a5cac208135d389b6972a6d?s=96&d=mm&r=g\",\"contentUrl\":\"https:\\\/\\\/secure.gravatar.com\\\/avatar\\\/2172498d4914b51e1d89a0f97957b035ac4938723a5cac208135d389b6972a6d?s=96&d=mm&r=g\",\"caption\":\"teste\"},\"url\":\"https:\\\/\\\/blogdofarnesio.com.br\\\/?author=3\"}]}<\/script>\n<!-- \/ Yoast SEO plugin. -->","yoast_head_json":{"title":"PRESO EM PETROLINA HOMEM QUE AGREDIU PR\u00d3PRIA M\u00c3E - Blog do Farn\u00e9sio","robots":{"index":"index","follow":"follow","max-snippet":"max-snippet:-1","max-image-preview":"max-image-preview:large","max-video-preview":"max-video-preview:-1"},"canonical":"https:\/\/blogdofarnesio.com.br\/?p=55365","og_locale":"pt_BR","og_type":"article","og_title":"PRESO EM PETROLINA HOMEM QUE AGREDIU PR\u00d3PRIA M\u00c3E - Blog do Farn\u00e9sio","og_description":"Nesta quinta-feira (29), no bairro Jo\u00e3o de Deus, em Petrolina- PE, a pol\u00edcia foi solicitada por familiares dos envolvidos, que relataram que Francinaldo Pereira dos Santos, 21 anos, estava transtornado e havia Agredido sua Genitora, Francisca da Concei\u00e7\u00e3o Santos, 41 anos . Quando chegaram no endere\u00e7o, observaram diversos objetos quebrados, e como o acusado j\u00e1 havia se evadido do local, a v\u00edtima foi levada at\u00e9 a Delegacia de Pol\u00edcia Civil, para que esta pudesse prestar uma queixa contra seu filho. Ap\u00f3s certo tempo, j\u00e1 em rondas na \u00e1rea de atua\u00e7\u00e3o, a guarni\u00e7\u00e3o localizou o acusado em uma motocicleta, pr\u00f3ximo a resid\u00eancia da sua m\u00e3e. Francinaldo Pereira foi abordado, detido e conduzido ao Hospital de Traumas, para cuidados m\u00e9dicos em um&hellip;","og_url":"https:\/\/blogdofarnesio.com.br\/?p=55365","og_site_name":"Blog do Farn\u00e9sio","article_publisher":"https:\/\/www.facebook.com\/BlogQuerSaberPolitica\/","article_published_time":"2013-08-30T14:32:37+00:00","og_image":[{"url":"http:\/\/www.quersaberpolitica.com.br\/2016\/wp-content\/uploads\/2013\/04\/blogqspmulherviolencia-300x221.jpg","type":"","width":"","height":""}],"author":"teste","twitter_card":"summary_large_image","twitter_misc":{"Escrito por":"teste","Est. tempo de leitura":"1 minuto"},"schema":{"@context":"https:\/\/schema.org","@graph":[{"@type":"Article","@id":"https:\/\/blogdofarnesio.com.br\/?p=55365#article","isPartOf":{"@id":"https:\/\/blogdofarnesio.com.br\/?p=55365"},"author":{"name":"teste","@id":"https:\/\/blogdofarnesio.com.br\/#\/schema\/person\/dd1bf5eba40b687199ba45ca6b97dff9"},"headline":"PRESO EM PETROLINA HOMEM QUE AGREDIU PR\u00d3PRIA M\u00c3E","datePublished":"2013-08-30T14:32:37+00:00","mainEntityOfPage":{"@id":"https:\/\/blogdofarnesio.com.br\/?p=55365"},"wordCount":173,"commentCount":0,"publisher":{"@id":"https:\/\/blogdofarnesio.com.br\/#organization"},"image":{"@id":"https:\/\/blogdofarnesio.com.br\/?p=55365#primaryimage"},"thumbnailUrl":"http:\/\/www.quersaberpolitica.com.br\/2016\/wp-content\/uploads\/2013\/04\/blogqspmulherviolencia-300x221.jpg","articleSection":["Pol\u00edtica"],"inLanguage":"pt-BR","potentialAction":[{"@type":"CommentAction","name":"Comment","target":["https:\/\/blogdofarnesio.com.br\/?p=55365#respond"]}]},{"@type":"WebPage","@id":"https:\/\/blogdofarnesio.com.br\/?p=55365","url":"https:\/\/blogdofarnesio.com.br\/?p=55365","name":"PRESO EM PETROLINA HOMEM QUE AGREDIU PR\u00d3PRIA M\u00c3E - Blog do Farn\u00e9sio","isPartOf":{"@id":"https:\/\/blogdofarnesio.com.br\/#website"},"primaryImageOfPage":{"@id":"https:\/\/blogdofarnesio.com.br\/?p=55365#primaryimage"},"image":{"@id":"https:\/\/blogdofarnesio.com.br\/?p=55365#primaryimage"},"thumbnailUrl":"http:\/\/www.quersaberpolitica.com.br\/2016\/wp-content\/uploads\/2013\/04\/blogqspmulherviolencia-300x221.jpg","datePublished":"2013-08-30T14:32:37+00:00","breadcrumb":{"@id":"https:\/\/blogdofarnesio.com.br\/?p=55365#breadcrumb"},"inLanguage":"pt-BR","potentialAction":[{"@type":"ReadAction","target":["https:\/\/blogdofarnesio.com.br\/?p=55365"]}]},{"@type":"ImageObject","inLanguage":"pt-BR","@id":"https:\/\/blogdofarnesio.com.br\/?p=55365#primaryimage","url":"http:\/\/www.quersaberpolitica.com.br\/2016\/wp-content\/uploads\/2013\/04\/blogqspmulherviolencia-300x221.jpg","contentUrl":"http:\/\/www.quersaberpolitica.com.br\/2016\/wp-content\/uploads\/2013\/04\/blogqspmulherviolencia-300x221.jpg"},{"@type":"BreadcrumbList","@id":"https:\/\/blogdofarnesio.com.br\/?p=55365#breadcrumb","itemListElement":[{"@type":"ListItem","position":1,"name":"In\u00edcio","item":"https:\/\/blogdofarnesio.com.br\/"},{"@type":"ListItem","position":2,"name":"PRESO EM PETROLINA HOMEM QUE AGREDIU PR\u00d3PRIA M\u00c3E"}]},{"@type":"WebSite","@id":"https:\/\/blogdofarnesio.com.br\/#website","url":"https:\/\/blogdofarnesio.com.br\/","name":"Blog do Farn\u00e9sio","description":"Quer Saber Pol\u00edtica?","publisher":{"@id":"https:\/\/blogdofarnesio.com.br\/#organization"},"potentialAction":[{"@type":"SearchAction","target":{"@type":"EntryPoint","urlTemplate":"https:\/\/blogdofarnesio.com.br\/?s={search_term_string}"},"query-input":{"@type":"PropertyValueSpecification","valueRequired":true,"valueName":"search_term_string"}}],"inLanguage":"pt-BR"},{"@type":"Organization","@id":"https:\/\/blogdofarnesio.com.br\/#organization","name":"Blog do Farn\u00e9sio","url":"https:\/\/blogdofarnesio.com.br\/","logo":{"@type":"ImageObject","inLanguage":"pt-BR","@id":"https:\/\/blogdofarnesio.com.br\/#\/schema\/logo\/image\/","url":"https:\/\/blogdofarnesio.com.br\/wp-content\/uploads\/2026\/03\/cropped-logo_new-1.png","contentUrl":"https:\/\/blogdofarnesio.com.br\/wp-content\/uploads\/2026\/03\/cropped-logo_new-1.png","width":881,"height":685,"caption":"Blog do Farn\u00e9sio"},"image":{"@id":"https:\/\/blogdofarnesio.com.br\/#\/schema\/logo\/image\/"},"sameAs":["https:\/\/www.facebook.com\/BlogQuerSaberPolitica\/"]},{"@type":"Person","@id":"https:\/\/blogdofarnesio.com.br\/#\/schema\/person\/dd1bf5eba40b687199ba45ca6b97dff9","name":"teste","image":{"@type":"ImageObject","inLanguage":"pt-BR","@id":"https:\/\/secure.gravatar.com\/avatar\/2172498d4914b51e1d89a0f97957b035ac4938723a5cac208135d389b6972a6d?s=96&d=mm&r=g","url":"https:\/\/secure.gravatar.com\/avatar\/2172498d4914b51e1d89a0f97957b035ac4938723a5cac208135d389b6972a6d?s=96&d=mm&r=g","contentUrl":"https:\/\/secure.gravatar.com\/avatar\/2172498d4914b51e1d89a0f97957b035ac4938723a5cac208135d389b6972a6d?s=96&d=mm&r=g","caption":"teste"},"url":"https:\/\/blogdofarnesio.com.br\/?author=3"}]}},"_links":{"self":[{"href":"https:\/\/blogdofarnesio.com.br\/index.php?rest_route=\/wp\/v2\/posts\/55365","targetHints":{"allow":["GET"]}}],"collection":[{"href":"https:\/\/blogdofarnesio.com.br\/index.php?rest_route=\/wp\/v2\/posts"}],"about":[{"href":"https:\/\/blogdofarnesio.com.br\/index.php?rest_route=\/wp\/v2\/types\/post"}],"author":[{"embeddable":true,"href":"https:\/\/blogdofarnesio.com.br\/index.php?rest_route=\/wp\/v2\/users\/3"}],"replies":[{"embeddable":true,"href":"https:\/\/blogdofarnesio.com.br\/index.php?rest_route=%2Fwp%2Fv2%2Fcomments&post=55365"}],"version-history":[{"count":0,"href":"https:\/\/blogdofarnesio.com.br\/index.php?rest_route=\/wp\/v2\/posts\/55365\/revisions"}],"wp:attachment":[{"href":"https:\/\/blogdofarnesio.com.br\/index.php?rest_route=%2Fwp%2Fv2%2Fmedia&parent=55365"}],"wp:term":[{"taxonomy":"category","embeddable":true,"href":"https:\/\/blogdofarnesio.com.br\/index.php?rest_route=%2Fwp%2Fv2%2Fcategories&post=55365"},{"taxonomy":"post_tag","embeddable":true,"href":"https:\/\/blogdofarnesio.com.br\/index.php?rest_route=%2Fwp%2Fv2%2Ftags&post=55365"}],"curies":[{"name":"wp","href":"https:\/\/api.w.org\/{rel}","templated":true}]}}