{"id":55360,"date":"2013-08-30T12:08:10","date_gmt":"2013-08-30T15:08:10","guid":{"rendered":"http:\/\/www.quersaberpolitica.com.br\/?p=55360"},"modified":"2013-08-30T11:29:53","modified_gmt":"2013-08-30T14:29:53","slug":"xvi-congresso-de-odontologia-do-vale-prossegue-ate-sabado-31","status":"publish","type":"post","link":"https:\/\/blogdofarnesio.com.br\/?p=55360","title":{"rendered":"XVI CONGRESSO DE ODONTOLOGIA DO VALE  PROSSEGUE AT\u00c9 S\u00c1BADO (31)"},"content":{"rendered":"<p style=\"text-align: justify\"><a href=\"http:\/\/www.quersaberpolitica.com.br\/2016\/wp-content\/uploads\/2013\/08\/NOVA.jpg\"><img loading=\"lazy\" decoding=\"async\" class=\"alignleft size-medium wp-image-52972\" alt=\"BLOGQSP DENTISTA \" src=\"http:\/\/www.quersaberpolitica.com.br\/2016\/wp-content\/uploads\/2013\/08\/NOVA-300x216.jpg\" width=\"300\" height=\"216\" srcset=\"https:\/\/blogdofarnesio.com.br\/wp-content\/uploads\/2013\/08\/NOVA-300x216.jpg 300w, https:\/\/blogdofarnesio.com.br\/wp-content\/uploads\/2013\/08\/NOVA-415x300.jpg 415w, https:\/\/blogdofarnesio.com.br\/wp-content\/uploads\/2013\/08\/NOVA.jpg 600w\" sizes=\"auto, (max-width: 300px) 100vw, 300px\" \/><\/a>Em uma noite, onde Petrolina recebeu do Minist\u00e9rio da Sa\u00fade e do Conselho Nacional de Odontologia o certificado \u201cBrasil Sorridente\u201d \u2013 na categoria de munic\u00edpios com a popula\u00e7\u00e3o de 50 a 300 mil habitantes, foi com boas perspectivas que o presidente da Associa\u00e7\u00e3o Brasileira de Odontologia \u2013 Regional Petrolina, C\u00e9sar Durando declarou aberto o XVI Congresso de Odontologia do Vale do S\u00e3o Francisco.<\/p>\n<p style=\"text-align: justify\">A solenidade, que reuniu na \u00faltima quarta-feira (28), no Sest\/Senat um p\u00fablico formado basicamente de cirurgi\u00f5es dentistas, estudantes, auxiliares de sa\u00fade bucal (ASB) e autoridades, tamb\u00e9m contou com as presen\u00e7as de representantes dos Conselhos Regionais de Odontologia de v\u00e1rias partes do Nordeste, inclusive do presidente do CRO \u2013 PE, Rog\u00e9rio Zimmeramann e do secret\u00e1rio geral do Conselho Federal de Odontologia \u2013 CFO, Gen\u00e9sio Albuquerque.<!--more--><\/p>\n<p style=\"text-align: justify\">Com uma programa\u00e7\u00e3o cient\u00edfica que se estende at\u00e9 o s\u00e1bado (31), a coordena\u00e7\u00e3o do Congresso deu in\u00edcio aos trabalhos na manh\u00e3 desta quinta-feira, com o curso: Como os avan\u00e7os tecnol\u00f3gicos influenciam no dia a dia da Endodontia, ministrado pelo professor Alexandre Vilela. Especialista (ABE &#8211; BA) e Mestre em Endodontia (Unigranrio \u2013 RJ), o coordenador dos cursos de atualiza\u00e7\u00e3o e especializa\u00e7\u00e3o do CENO \u2013 BA e CEBEO \u2013 BA, esclareceu pontos importantes sobre a efici\u00eancia e previsibilidade do tratamento endod\u00f4ntico, associado a in\u00fameros recursos tecnol\u00f3gicos acess\u00edveis ao cl\u00ednico. \u201cUma endodontia de excel\u00eancia como realidade do consult\u00f3rio\u201d, conforme enfatizou Alexandre Vilela.<\/p>\n<p style=\"text-align: justify\">Durante a tarde, os congressistas puderam atualizar seus conhecimentos acerca da tomografia computadorizada e softwares de planejamento virtual atrav\u00e9s de um curso de Radiologia. A professora Viviane Sarmento (BA), al\u00e9m de tirar d\u00favidas e detalhar aspectos relevantes dessa tecnologia, falou tamb\u00e9m sobre o quanto ela pode ser \u00fatil e acess\u00edvel aos cirurgi\u00f5es-dentistas.<\/p>\n<p style=\"text-align: justify\">Sexta e S\u00e1bado<\/p>\n<p style=\"text-align: justify\">Durante toda a sexta-feira (30), profissionais de renome nacional como Alberto Victor Vasconcelos (BA), Luciano Castellucci e Maur\u00edcio Barreto (BA), tamb\u00e9m estar\u00e3o atualizando os participantes do Encontro de Osseointegra\u00e7\u00e3o, a partir das 8h30, com os temas:O perfil de emerg\u00eancia e suas conex\u00f5es \/ Doen\u00e7a periimplantar, diagn\u00f3stico, preven\u00e7\u00e3o e tratamento \/Aspectos limitantes da est\u00e9tica periimplantar \/ Pr\u00f3tese total fixa sobre implante: cuidados para ter resultados. Tamb\u00e9m na tarde da sexta-feira e manh\u00e3 do s\u00e1bado (31), a professora K\u00e1tia Guerra Botelho (PE), apresenta o curso para Auxiliar de Sa\u00fade Bucal \u2013 ASB, com os assuntos: Condutas frente a acidente ocupacionais\/ Gerenciamento de res\u00edduos em servi\u00e7os odontol\u00f3gicos e Biosseguran\u00e7a.<\/p>\n<p style=\"text-align: justify\">\u00c0s 18h30, a Editora Napole\u00e3o estar\u00e1 lan\u00e7ando o livro Evid\u00eancias Cient\u00edficas em Est\u00e9tica e Osseointegra\u00e7\u00e3o, dos coordenadores, Maur\u00edcio Andrade Barreto e Luiz Rog\u00e9rio Duarte. A obra, fartamente ilustrada, prop\u00f5e uma vis\u00e3o e uma orienta\u00e7\u00e3o bastante concretas do est\u00e1gio atual dos aspectos essenciais envolvidos no exerc\u00edcio da especialidade Implantodontia\/ Osseointegra\u00e7\u00e3o.<\/p>\n<p style=\"text-align: justify\">No s\u00e1bado e \u00faltimo dia do XVI Congresso de Odontologia do Vale do S\u00e3o Francisco, ocupando os hor\u00e1rios da manh\u00e3 (8h30 \u00e0s 12h30) e tarde (14h30 \u00e0s 18h30), o professor Jos\u00e9 Carlos Gar\u00f3falo (SP), ministra o curso de Dent\u00edstica com o tema: Planejamento restaurador integrado: restaura\u00e7\u00f5es est\u00e9ticas diretas e indiretas e clareamento dental.Tamb\u00e9m no s\u00e1bado (31), e obedecendo o mesmo hor\u00e1rio, o Sest\/Senat recebe o encontro de Ortodontia com o professorRomero Souto (PE). O especialista vai apresentar protocolos para o tratamento ortod\u00f4ntico, ortop\u00e9dico e orto-cir\u00fargico de diversos casos cl\u00ednicos. A proposta \u00e9 realizar uma conex\u00e3o entre as evid\u00eancias cient\u00edficas e a cl\u00ednica ortod\u00f4ntica di\u00e1ria.<\/p>\n<p><strong>CLAS Comunica\u00e7\u00e3o<\/strong><\/p>\n","protected":false},"excerpt":{"rendered":"<p>Em uma noite, onde Petrolina recebeu do Minist\u00e9rio da Sa\u00fade e do Conselho Nacional de Odontologia o certificado \u201cBrasil Sorridente\u201d \u2013 na categoria de munic\u00edpios com a popula\u00e7\u00e3o de 50 a 300 mil habitantes, foi com boas perspectivas que o presidente da Associa\u00e7\u00e3o Brasileira de Odontologia \u2013 Regional Petrolina, C\u00e9sar Durando declarou aberto o XVI Congresso de Odontologia do Vale do S\u00e3o Francisco. A solenidade, que reuniu na \u00faltima quarta-feira (28), no Sest\/Senat um p\u00fablico formado basicamente de cirurgi\u00f5es dentistas, estudantes, auxiliares de sa\u00fade bucal (ASB) e autoridades, tamb\u00e9m contou com as presen\u00e7as de representantes dos Conselhos Regionais de Odontologia de v\u00e1rias partes do Nordeste, inclusive do presidente do CRO \u2013 PE, Rog\u00e9rio Zimmeramann e do secret\u00e1rio geral do Conselho&hellip; <\/p>\n","protected":false},"author":3,"featured_media":0,"comment_status":"open","ping_status":"open","sticky":false,"template":"","format":"standard","meta":{"_acf_changed":false,"footnotes":""},"categories":[4],"tags":[],"class_list":["post-55360","post","type-post","status-publish","format-standard","hentry","category-saude"],"acf":[],"yoast_head":"<!-- This site is optimized with the Yoast SEO plugin v27.4 - https:\/\/yoast.com\/product\/yoast-seo-wordpress\/ -->\n<title>XVI CONGRESSO DE ODONTOLOGIA DO VALE PROSSEGUE AT\u00c9 S\u00c1BADO (31) - Blog do Farn\u00e9sio<\/title>\n<meta name=\"robots\" content=\"index, follow, max-snippet:-1, max-image-preview:large, max-video-preview:-1\" \/>\n<link rel=\"canonical\" href=\"https:\/\/blogdofarnesio.com.br\/?p=55360\" \/>\n<meta property=\"og:locale\" content=\"pt_BR\" \/>\n<meta property=\"og:type\" content=\"article\" \/>\n<meta property=\"og:title\" content=\"XVI CONGRESSO DE ODONTOLOGIA DO VALE PROSSEGUE AT\u00c9 S\u00c1BADO (31) - Blog do Farn\u00e9sio\" \/>\n<meta property=\"og:description\" content=\"Em uma noite, onde Petrolina recebeu do Minist\u00e9rio da Sa\u00fade e do Conselho Nacional de Odontologia o certificado \u201cBrasil Sorridente\u201d \u2013 na categoria de munic\u00edpios com a popula\u00e7\u00e3o de 50 a 300 mil habitantes, foi com boas perspectivas que o presidente da Associa\u00e7\u00e3o Brasileira de Odontologia \u2013 Regional Petrolina, C\u00e9sar Durando declarou aberto o XVI Congresso de Odontologia do Vale do S\u00e3o Francisco. A solenidade, que reuniu na \u00faltima quarta-feira (28), no Sest\/Senat um p\u00fablico formado basicamente de cirurgi\u00f5es dentistas, estudantes, auxiliares de sa\u00fade bucal (ASB) e autoridades, tamb\u00e9m contou com as presen\u00e7as de representantes dos Conselhos Regionais de Odontologia de v\u00e1rias partes do Nordeste, inclusive do presidente do CRO \u2013 PE, Rog\u00e9rio Zimmeramann e do secret\u00e1rio geral do Conselho&hellip;\" \/>\n<meta property=\"og:url\" content=\"https:\/\/blogdofarnesio.com.br\/?p=55360\" \/>\n<meta property=\"og:site_name\" content=\"Blog do Farn\u00e9sio\" \/>\n<meta property=\"article:publisher\" content=\"https:\/\/www.facebook.com\/BlogQuerSaberPolitica\/\" \/>\n<meta property=\"article:published_time\" content=\"2013-08-30T15:08:10+00:00\" \/>\n<meta property=\"og:image\" content=\"http:\/\/www.quersaberpolitica.com.br\/2016\/wp-content\/uploads\/2013\/08\/NOVA-300x216.jpg\" \/>\n<meta name=\"author\" content=\"teste\" \/>\n<meta name=\"twitter:card\" content=\"summary_large_image\" \/>\n<meta name=\"twitter:label1\" content=\"Escrito por\" \/>\n\t<meta name=\"twitter:data1\" content=\"teste\" \/>\n\t<meta name=\"twitter:label2\" content=\"Est. tempo de leitura\" \/>\n\t<meta name=\"twitter:data2\" content=\"3 minutos\" \/>\n<script type=\"application\/ld+json\" class=\"yoast-schema-graph\">{\"@context\":\"https:\\\/\\\/schema.org\",\"@graph\":[{\"@type\":\"Article\",\"@id\":\"https:\\\/\\\/blogdofarnesio.com.br\\\/?p=55360#article\",\"isPartOf\":{\"@id\":\"https:\\\/\\\/blogdofarnesio.com.br\\\/?p=55360\"},\"author\":{\"name\":\"teste\",\"@id\":\"https:\\\/\\\/blogdofarnesio.com.br\\\/#\\\/schema\\\/person\\\/dd1bf5eba40b687199ba45ca6b97dff9\"},\"headline\":\"XVI CONGRESSO DE ODONTOLOGIA DO VALE PROSSEGUE AT\u00c9 S\u00c1BADO (31)\",\"datePublished\":\"2013-08-30T15:08:10+00:00\",\"mainEntityOfPage\":{\"@id\":\"https:\\\/\\\/blogdofarnesio.com.br\\\/?p=55360\"},\"wordCount\":633,\"commentCount\":0,\"publisher\":{\"@id\":\"https:\\\/\\\/blogdofarnesio.com.br\\\/#organization\"},\"image\":{\"@id\":\"https:\\\/\\\/blogdofarnesio.com.br\\\/?p=55360#primaryimage\"},\"thumbnailUrl\":\"http:\\\/\\\/www.quersaberpolitica.com.br\\\/2016\\\/wp-content\\\/uploads\\\/2013\\\/08\\\/NOVA-300x216.jpg\",\"articleSection\":[\"Sa\u00fade\"],\"inLanguage\":\"pt-BR\",\"potentialAction\":[{\"@type\":\"CommentAction\",\"name\":\"Comment\",\"target\":[\"https:\\\/\\\/blogdofarnesio.com.br\\\/?p=55360#respond\"]}]},{\"@type\":\"WebPage\",\"@id\":\"https:\\\/\\\/blogdofarnesio.com.br\\\/?p=55360\",\"url\":\"https:\\\/\\\/blogdofarnesio.com.br\\\/?p=55360\",\"name\":\"XVI CONGRESSO DE ODONTOLOGIA DO VALE PROSSEGUE AT\u00c9 S\u00c1BADO (31) - Blog do Farn\u00e9sio\",\"isPartOf\":{\"@id\":\"https:\\\/\\\/blogdofarnesio.com.br\\\/#website\"},\"primaryImageOfPage\":{\"@id\":\"https:\\\/\\\/blogdofarnesio.com.br\\\/?p=55360#primaryimage\"},\"image\":{\"@id\":\"https:\\\/\\\/blogdofarnesio.com.br\\\/?p=55360#primaryimage\"},\"thumbnailUrl\":\"http:\\\/\\\/www.quersaberpolitica.com.br\\\/2016\\\/wp-content\\\/uploads\\\/2013\\\/08\\\/NOVA-300x216.jpg\",\"datePublished\":\"2013-08-30T15:08:10+00:00\",\"breadcrumb\":{\"@id\":\"https:\\\/\\\/blogdofarnesio.com.br\\\/?p=55360#breadcrumb\"},\"inLanguage\":\"pt-BR\",\"potentialAction\":[{\"@type\":\"ReadAction\",\"target\":[\"https:\\\/\\\/blogdofarnesio.com.br\\\/?p=55360\"]}]},{\"@type\":\"ImageObject\",\"inLanguage\":\"pt-BR\",\"@id\":\"https:\\\/\\\/blogdofarnesio.com.br\\\/?p=55360#primaryimage\",\"url\":\"http:\\\/\\\/www.quersaberpolitica.com.br\\\/2016\\\/wp-content\\\/uploads\\\/2013\\\/08\\\/NOVA-300x216.jpg\",\"contentUrl\":\"http:\\\/\\\/www.quersaberpolitica.com.br\\\/2016\\\/wp-content\\\/uploads\\\/2013\\\/08\\\/NOVA-300x216.jpg\"},{\"@type\":\"BreadcrumbList\",\"@id\":\"https:\\\/\\\/blogdofarnesio.com.br\\\/?p=55360#breadcrumb\",\"itemListElement\":[{\"@type\":\"ListItem\",\"position\":1,\"name\":\"In\u00edcio\",\"item\":\"https:\\\/\\\/blogdofarnesio.com.br\\\/\"},{\"@type\":\"ListItem\",\"position\":2,\"name\":\"XVI CONGRESSO DE ODONTOLOGIA DO VALE PROSSEGUE AT\u00c9 S\u00c1BADO (31)\"}]},{\"@type\":\"WebSite\",\"@id\":\"https:\\\/\\\/blogdofarnesio.com.br\\\/#website\",\"url\":\"https:\\\/\\\/blogdofarnesio.com.br\\\/\",\"name\":\"Blog do Farn\u00e9sio\",\"description\":\"Quer Saber Pol\u00edtica?\",\"publisher\":{\"@id\":\"https:\\\/\\\/blogdofarnesio.com.br\\\/#organization\"},\"potentialAction\":[{\"@type\":\"SearchAction\",\"target\":{\"@type\":\"EntryPoint\",\"urlTemplate\":\"https:\\\/\\\/blogdofarnesio.com.br\\\/?s={search_term_string}\"},\"query-input\":{\"@type\":\"PropertyValueSpecification\",\"valueRequired\":true,\"valueName\":\"search_term_string\"}}],\"inLanguage\":\"pt-BR\"},{\"@type\":\"Organization\",\"@id\":\"https:\\\/\\\/blogdofarnesio.com.br\\\/#organization\",\"name\":\"Blog do Farn\u00e9sio\",\"url\":\"https:\\\/\\\/blogdofarnesio.com.br\\\/\",\"logo\":{\"@type\":\"ImageObject\",\"inLanguage\":\"pt-BR\",\"@id\":\"https:\\\/\\\/blogdofarnesio.com.br\\\/#\\\/schema\\\/logo\\\/image\\\/\",\"url\":\"https:\\\/\\\/blogdofarnesio.com.br\\\/wp-content\\\/uploads\\\/2026\\\/03\\\/cropped-logo_new-1.png\",\"contentUrl\":\"https:\\\/\\\/blogdofarnesio.com.br\\\/wp-content\\\/uploads\\\/2026\\\/03\\\/cropped-logo_new-1.png\",\"width\":881,\"height\":685,\"caption\":\"Blog do Farn\u00e9sio\"},\"image\":{\"@id\":\"https:\\\/\\\/blogdofarnesio.com.br\\\/#\\\/schema\\\/logo\\\/image\\\/\"},\"sameAs\":[\"https:\\\/\\\/www.facebook.com\\\/BlogQuerSaberPolitica\\\/\"]},{\"@type\":\"Person\",\"@id\":\"https:\\\/\\\/blogdofarnesio.com.br\\\/#\\\/schema\\\/person\\\/dd1bf5eba40b687199ba45ca6b97dff9\",\"name\":\"teste\",\"image\":{\"@type\":\"ImageObject\",\"inLanguage\":\"pt-BR\",\"@id\":\"https:\\\/\\\/secure.gravatar.com\\\/avatar\\\/2172498d4914b51e1d89a0f97957b035ac4938723a5cac208135d389b6972a6d?s=96&d=mm&r=g\",\"url\":\"https:\\\/\\\/secure.gravatar.com\\\/avatar\\\/2172498d4914b51e1d89a0f97957b035ac4938723a5cac208135d389b6972a6d?s=96&d=mm&r=g\",\"contentUrl\":\"https:\\\/\\\/secure.gravatar.com\\\/avatar\\\/2172498d4914b51e1d89a0f97957b035ac4938723a5cac208135d389b6972a6d?s=96&d=mm&r=g\",\"caption\":\"teste\"},\"url\":\"https:\\\/\\\/blogdofarnesio.com.br\\\/?author=3\"}]}<\/script>\n<!-- \/ Yoast SEO plugin. -->","yoast_head_json":{"title":"XVI CONGRESSO DE ODONTOLOGIA DO VALE PROSSEGUE AT\u00c9 S\u00c1BADO (31) - Blog do Farn\u00e9sio","robots":{"index":"index","follow":"follow","max-snippet":"max-snippet:-1","max-image-preview":"max-image-preview:large","max-video-preview":"max-video-preview:-1"},"canonical":"https:\/\/blogdofarnesio.com.br\/?p=55360","og_locale":"pt_BR","og_type":"article","og_title":"XVI CONGRESSO DE ODONTOLOGIA DO VALE PROSSEGUE AT\u00c9 S\u00c1BADO (31) - Blog do Farn\u00e9sio","og_description":"Em uma noite, onde Petrolina recebeu do Minist\u00e9rio da Sa\u00fade e do Conselho Nacional de Odontologia o certificado \u201cBrasil Sorridente\u201d \u2013 na categoria de munic\u00edpios com a popula\u00e7\u00e3o de 50 a 300 mil habitantes, foi com boas perspectivas que o presidente da Associa\u00e7\u00e3o Brasileira de Odontologia \u2013 Regional Petrolina, C\u00e9sar Durando declarou aberto o XVI Congresso de Odontologia do Vale do S\u00e3o Francisco. A solenidade, que reuniu na \u00faltima quarta-feira (28), no Sest\/Senat um p\u00fablico formado basicamente de cirurgi\u00f5es dentistas, estudantes, auxiliares de sa\u00fade bucal (ASB) e autoridades, tamb\u00e9m contou com as presen\u00e7as de representantes dos Conselhos Regionais de Odontologia de v\u00e1rias partes do Nordeste, inclusive do presidente do CRO \u2013 PE, Rog\u00e9rio Zimmeramann e do secret\u00e1rio geral do Conselho&hellip;","og_url":"https:\/\/blogdofarnesio.com.br\/?p=55360","og_site_name":"Blog do Farn\u00e9sio","article_publisher":"https:\/\/www.facebook.com\/BlogQuerSaberPolitica\/","article_published_time":"2013-08-30T15:08:10+00:00","og_image":[{"url":"http:\/\/www.quersaberpolitica.com.br\/2016\/wp-content\/uploads\/2013\/08\/NOVA-300x216.jpg","type":"","width":"","height":""}],"author":"teste","twitter_card":"summary_large_image","twitter_misc":{"Escrito por":"teste","Est. tempo de leitura":"3 minutos"},"schema":{"@context":"https:\/\/schema.org","@graph":[{"@type":"Article","@id":"https:\/\/blogdofarnesio.com.br\/?p=55360#article","isPartOf":{"@id":"https:\/\/blogdofarnesio.com.br\/?p=55360"},"author":{"name":"teste","@id":"https:\/\/blogdofarnesio.com.br\/#\/schema\/person\/dd1bf5eba40b687199ba45ca6b97dff9"},"headline":"XVI CONGRESSO DE ODONTOLOGIA DO VALE PROSSEGUE AT\u00c9 S\u00c1BADO (31)","datePublished":"2013-08-30T15:08:10+00:00","mainEntityOfPage":{"@id":"https:\/\/blogdofarnesio.com.br\/?p=55360"},"wordCount":633,"commentCount":0,"publisher":{"@id":"https:\/\/blogdofarnesio.com.br\/#organization"},"image":{"@id":"https:\/\/blogdofarnesio.com.br\/?p=55360#primaryimage"},"thumbnailUrl":"http:\/\/www.quersaberpolitica.com.br\/2016\/wp-content\/uploads\/2013\/08\/NOVA-300x216.jpg","articleSection":["Sa\u00fade"],"inLanguage":"pt-BR","potentialAction":[{"@type":"CommentAction","name":"Comment","target":["https:\/\/blogdofarnesio.com.br\/?p=55360#respond"]}]},{"@type":"WebPage","@id":"https:\/\/blogdofarnesio.com.br\/?p=55360","url":"https:\/\/blogdofarnesio.com.br\/?p=55360","name":"XVI CONGRESSO DE ODONTOLOGIA DO VALE PROSSEGUE AT\u00c9 S\u00c1BADO (31) - Blog do Farn\u00e9sio","isPartOf":{"@id":"https:\/\/blogdofarnesio.com.br\/#website"},"primaryImageOfPage":{"@id":"https:\/\/blogdofarnesio.com.br\/?p=55360#primaryimage"},"image":{"@id":"https:\/\/blogdofarnesio.com.br\/?p=55360#primaryimage"},"thumbnailUrl":"http:\/\/www.quersaberpolitica.com.br\/2016\/wp-content\/uploads\/2013\/08\/NOVA-300x216.jpg","datePublished":"2013-08-30T15:08:10+00:00","breadcrumb":{"@id":"https:\/\/blogdofarnesio.com.br\/?p=55360#breadcrumb"},"inLanguage":"pt-BR","potentialAction":[{"@type":"ReadAction","target":["https:\/\/blogdofarnesio.com.br\/?p=55360"]}]},{"@type":"ImageObject","inLanguage":"pt-BR","@id":"https:\/\/blogdofarnesio.com.br\/?p=55360#primaryimage","url":"http:\/\/www.quersaberpolitica.com.br\/2016\/wp-content\/uploads\/2013\/08\/NOVA-300x216.jpg","contentUrl":"http:\/\/www.quersaberpolitica.com.br\/2016\/wp-content\/uploads\/2013\/08\/NOVA-300x216.jpg"},{"@type":"BreadcrumbList","@id":"https:\/\/blogdofarnesio.com.br\/?p=55360#breadcrumb","itemListElement":[{"@type":"ListItem","position":1,"name":"In\u00edcio","item":"https:\/\/blogdofarnesio.com.br\/"},{"@type":"ListItem","position":2,"name":"XVI CONGRESSO DE ODONTOLOGIA DO VALE PROSSEGUE AT\u00c9 S\u00c1BADO (31)"}]},{"@type":"WebSite","@id":"https:\/\/blogdofarnesio.com.br\/#website","url":"https:\/\/blogdofarnesio.com.br\/","name":"Blog do Farn\u00e9sio","description":"Quer Saber Pol\u00edtica?","publisher":{"@id":"https:\/\/blogdofarnesio.com.br\/#organization"},"potentialAction":[{"@type":"SearchAction","target":{"@type":"EntryPoint","urlTemplate":"https:\/\/blogdofarnesio.com.br\/?s={search_term_string}"},"query-input":{"@type":"PropertyValueSpecification","valueRequired":true,"valueName":"search_term_string"}}],"inLanguage":"pt-BR"},{"@type":"Organization","@id":"https:\/\/blogdofarnesio.com.br\/#organization","name":"Blog do Farn\u00e9sio","url":"https:\/\/blogdofarnesio.com.br\/","logo":{"@type":"ImageObject","inLanguage":"pt-BR","@id":"https:\/\/blogdofarnesio.com.br\/#\/schema\/logo\/image\/","url":"https:\/\/blogdofarnesio.com.br\/wp-content\/uploads\/2026\/03\/cropped-logo_new-1.png","contentUrl":"https:\/\/blogdofarnesio.com.br\/wp-content\/uploads\/2026\/03\/cropped-logo_new-1.png","width":881,"height":685,"caption":"Blog do Farn\u00e9sio"},"image":{"@id":"https:\/\/blogdofarnesio.com.br\/#\/schema\/logo\/image\/"},"sameAs":["https:\/\/www.facebook.com\/BlogQuerSaberPolitica\/"]},{"@type":"Person","@id":"https:\/\/blogdofarnesio.com.br\/#\/schema\/person\/dd1bf5eba40b687199ba45ca6b97dff9","name":"teste","image":{"@type":"ImageObject","inLanguage":"pt-BR","@id":"https:\/\/secure.gravatar.com\/avatar\/2172498d4914b51e1d89a0f97957b035ac4938723a5cac208135d389b6972a6d?s=96&d=mm&r=g","url":"https:\/\/secure.gravatar.com\/avatar\/2172498d4914b51e1d89a0f97957b035ac4938723a5cac208135d389b6972a6d?s=96&d=mm&r=g","contentUrl":"https:\/\/secure.gravatar.com\/avatar\/2172498d4914b51e1d89a0f97957b035ac4938723a5cac208135d389b6972a6d?s=96&d=mm&r=g","caption":"teste"},"url":"https:\/\/blogdofarnesio.com.br\/?author=3"}]}},"_links":{"self":[{"href":"https:\/\/blogdofarnesio.com.br\/index.php?rest_route=\/wp\/v2\/posts\/55360","targetHints":{"allow":["GET"]}}],"collection":[{"href":"https:\/\/blogdofarnesio.com.br\/index.php?rest_route=\/wp\/v2\/posts"}],"about":[{"href":"https:\/\/blogdofarnesio.com.br\/index.php?rest_route=\/wp\/v2\/types\/post"}],"author":[{"embeddable":true,"href":"https:\/\/blogdofarnesio.com.br\/index.php?rest_route=\/wp\/v2\/users\/3"}],"replies":[{"embeddable":true,"href":"https:\/\/blogdofarnesio.com.br\/index.php?rest_route=%2Fwp%2Fv2%2Fcomments&post=55360"}],"version-history":[{"count":0,"href":"https:\/\/blogdofarnesio.com.br\/index.php?rest_route=\/wp\/v2\/posts\/55360\/revisions"}],"wp:attachment":[{"href":"https:\/\/blogdofarnesio.com.br\/index.php?rest_route=%2Fwp%2Fv2%2Fmedia&parent=55360"}],"wp:term":[{"taxonomy":"category","embeddable":true,"href":"https:\/\/blogdofarnesio.com.br\/index.php?rest_route=%2Fwp%2Fv2%2Fcategories&post=55360"},{"taxonomy":"post_tag","embeddable":true,"href":"https:\/\/blogdofarnesio.com.br\/index.php?rest_route=%2Fwp%2Fv2%2Ftags&post=55360"}],"curies":[{"name":"wp","href":"https:\/\/api.w.org\/{rel}","templated":true}]}}