{"id":5522,"date":"2011-08-04T14:00:02","date_gmt":"2011-08-04T14:00:02","guid":{"rendered":"http:\/\/www.quersaberpolitica.com.br?p=5522"},"modified":"-0001-11-30T00:00:00","modified_gmt":"-0001-11-30T03:00:00","slug":"petrolina-realizara-7\u00aa-conferencia-municipal-de-assistencia-social","status":"publish","type":"post","link":"https:\/\/blogdofarnesio.com.br\/?p=5522","title":{"rendered":"Petrolina realizar\u00e1 7\u00aa Confer\u00eancia Municipal de Assist\u00eancia Social"},"content":{"rendered":"<p style=\"text-align: justify;\"><span style=\"font-size: small;\"><span style=\"font-family: arial, helvetica, sans-serif;\"><a rel=\"lightbox\" href=\"http:\/\/www.quersaberpolitica.com.br\/2016\/wp-content\/uploads\/2012\/12\/defesacivilsedest.jpg\"><img loading=\"lazy\" decoding=\"async\" style=\"float: right; margin-left: 10px; margin-right: 10px; margin-top: 5px; margin-bottom: 5px;\" src=\"http:\/\/www.quersaberpolitica.com.br\/2016\/wp-content\/uploads\/2012\/12\/defesacivilsedest.jpg\" alt=\"\" width=\"200\" height=\"150\" \/><\/a>Nesta quinta (04) e sexta-feira (05), a Prefeitura Municipal de Petrolina e o Conselho Municipal de Assist&ecirc;ncia Social (CMAS), realizar&atilde;o a VII Confer&ecirc;ncia Municipal de Assist&ecirc;ncia Social, que tem como tema: &#8220;Consolidar o SUAS (Sistema Unificado de Assist&ecirc;ncia Social) e Valorizar seus Trabalhadores&#8221;.<br \/>No dia 04, a Confer&ecirc;ncia iniciar&aacute; &agrave;s 15h, no audit&oacute;rio do Sest\/Senat e no dia 05, acontecer&aacute; das 08h &agrave;s 18h, no mesmo local. O evento &eacute; aberto ao p&uacute;blico, pessoas ligadas a Assist&ecirc;ncia social como cidad&atilde;o, pois ser&aacute; espa&ccedil;o onde ocorrer&atilde;o palestras, discuss&atilde;o dos avan&ccedil;os e perspectivas na &aacute;rea da Assist&ecirc;ncia social.<br \/>A VII Confer&ecirc;ncia Municipal objetiva avaliar e propor diretrizes para o aprimoramento da gest&atilde;o do SUAS, na perspectiva da valoriza&ccedil;&atilde;o e qualifica&ccedil;&atilde;o dos servi&ccedil;os, programas, projetos e benef&iacute;cios.<br \/>O CMAS re&uacute;ne, no total, 18 representantes do governo e da sociedade civil para discutir, estabelecer normas e fiscalizar a presta&ccedil;&atilde;o de servi&ccedil;os sociais p&uacute;blicos e privados no munic&iacute;pio e fica situado na Casa dos Conselhos, localizada na Rua das Laranjeiras, n&ordm; 67, Centro. Mais informa&ccedil;&otilde;es pelo telefone: (87) 3863-9044.<br \/>A Casa dos Conselhos abriga sete Conselhos Municipais, e est&aacute; ligada &agrave; Secretaria Municipal de Desenvolvimento Social e Trabalho (Sedest).<\/p>\n<p>PROGRAMA&Ccedil;&Atilde;O:<br \/>04 \/08 \/2011- Quinta -Feira<\/p>\n<p>15H &#8211; Apresenta&ccedil;&atilde;o Cultural Banda Macial do PETRAPE (acolhimento)<br \/>15H30 &#8211; Apresenta&ccedil;&atilde;o Cultural Companhia Biruta<br \/>15h45 &#8211; Composi&ccedil;&atilde;o da Mesa :<br \/> &#8211; Presidente do Conselho Municipal de Assist&ecirc;ncia Social -CMAS, e Secret&aacute;ria           <br \/> de Desenvolvimento Social e Trabalho &#8211;  SEDEST &#8211; Tereza Virg&iacute;nia Coelho<br \/> Bezerra de Carvalho;<br \/> &#8211; Representante do Trabalhador da Pol&iacute;tica Municipal de Assist&ecirc;ncia Social;<br \/> &#8211; Presidente da C&acirc;mara de Vereadores de Petrolina -PE &#8211; Maria Helena Alencar;<br \/> &#8211; Representante do Poder P&uacute;blico Estadual &#8211; Anete Ferraz;<br \/> &#8211; Representante do Minist&eacute;rio P&uacute;blico &#8211; Dr. Marco Aur&eacute;lio Farias;<br \/> &#8211; Representante da Promotoria P&uacute;blica &#8211; Dr. Carlan Carlos da Silva;<br \/> &#8211; Dr. Jos&eacute; Arlindo Soares;<br \/> &#8211; Prefeito de Petrolina Exm&ordm; Sr J&uacute;lio Em&iacute;lio L&oacute;ssio de Macedo.<br \/> 16H &#8211; Solenidade de Abertura da VII Confer&ecirc;ncia Municipal de Assist&ecirc;ncia Social   <br \/> Tereza Virg&iacute;nia Coelho Bezerra de Carvalho  &#8211; Presidente do CMAS.<br \/>16h10 &#8211; Confer&ecirc;ncia Magna &#8211; &#8220;Consolidar o SUAS e Valorizar seus Trabalhadores &uml; <br \/> Dr. Jos&eacute; Arlindo Soares<br \/> Maria da Concei&ccedil;&atilde;o Ferreira &#8211; CEAS-PE.<br \/>16h40 &#8211; Debate<br \/>17H &#8211;  Encerramento.<\/p>\n<p>05\/ 08\/ 2011 &#8211; Sexta &#8211; Feira<br \/>7h30 &#8211; Credenciamento<br \/>8h30 &#8211; Leitura e  Aprova&ccedil;&atilde;o do Regimento  Interno<br \/>9H &#8211; Abertura &#8211; &#8221; Apresenta&ccedil;&atilde;o dos Programas  e Projetos Sociais do Munic&iacute;pio              <br \/> Apresenta&ccedil;&atilde;o &#8211; Tereza Virg&iacute;nia Coelho Bezerra de Carvalho &#8211; Secret&aacute;ria de     <br \/> Desenvolvimento Social e Trbalho do Munic&iacute;pio de Petrolina-PE<br \/>9h40 &#8211; Debate;<br \/>10H &#8211; Lanche;<br \/>10h15 &#8211; Exposi&ccedil;&atilde;o dos Eixos Tem&aacute;ticos da VII Confer&ecirc;ncia Municipal de  Assist&ecirc;ncia <br \/> Social de Petrolina- PE.     <br \/> Palestrante: Dr. Marco Aur&eacute;lio Farias;<br \/>11H &#8211; Debates;<br \/>12H &#8211; Almo&ccedil;o;<br \/>14H &#8211; Trabalhos em Grupos;<br \/>15h30 &#8211; Plen&aacute;ria &#8211; Apresenta&ccedil;&atilde;o das discuss&otilde;es;<br \/>17h30 &#8211; Elei&ccedil;&atilde;o de Delegados para VIII Confer&ecirc;ncia Estadual<br \/>18H &#8211; Apresenta&ccedil;&atilde;o dos Delegados Eleitos e Encerramento.<\/span><\/span><\/p>\n","protected":false},"excerpt":{"rendered":"<p>Nesta quinta (04) e sexta-feira (05), a Prefeitura Municipal de Petrolina e o Conselho Municipal de Assist&ecirc;ncia Social (CMAS), realizar&atilde;o a VII Confer&ecirc;ncia Municipal de Assist&ecirc;ncia Social, que tem como tema: &#8220;Consolidar o SUAS (Sistema Unificado de Assist&ecirc;ncia Social) e Valorizar seus Trabalhadores&#8221;.No dia 04, a Confer&ecirc;ncia iniciar&aacute; &agrave;s 15h, no audit&oacute;rio do Sest\/Senat e no dia 05, acontecer&aacute; das 08h &agrave;s 18h, no mesmo local. O evento &eacute; aberto ao p&uacute;blico, pessoas ligadas a Assist&ecirc;ncia social como cidad&atilde;o, pois ser&aacute; espa&ccedil;o onde ocorrer&atilde;o palestras, discuss&atilde;o dos avan&ccedil;os e perspectivas na &aacute;rea da Assist&ecirc;ncia social.A VII Confer&ecirc;ncia Municipal objetiva avaliar e propor diretrizes para o aprimoramento da gest&atilde;o do SUAS, na perspectiva da valoriza&ccedil;&atilde;o e qualifica&ccedil;&atilde;o dos servi&ccedil;os, programas, projetos&hellip; <\/p>\n","protected":false},"author":0,"featured_media":0,"comment_status":"open","ping_status":"open","sticky":false,"template":"","format":"standard","meta":{"_acf_changed":false,"footnotes":""},"categories":[1],"tags":[],"class_list":["post-5522","post","type-post","status-publish","format-standard","hentry","category-politica"],"acf":[],"yoast_head":"<!-- This site is optimized with the Yoast SEO plugin v27.4 - https:\/\/yoast.com\/product\/yoast-seo-wordpress\/ -->\n<title>Petrolina realizar\u00e1 7\u00aa Confer\u00eancia Municipal de Assist\u00eancia Social - Blog do Farn\u00e9sio<\/title>\n<meta name=\"robots\" content=\"index, follow, max-snippet:-1, max-image-preview:large, max-video-preview:-1\" \/>\n<link rel=\"canonical\" href=\"https:\/\/blogdofarnesio.com.br\/?p=5522\" \/>\n<meta property=\"og:locale\" content=\"pt_BR\" \/>\n<meta property=\"og:type\" content=\"article\" \/>\n<meta property=\"og:title\" content=\"Petrolina realizar\u00e1 7\u00aa Confer\u00eancia Municipal de Assist\u00eancia Social - Blog do Farn\u00e9sio\" \/>\n<meta property=\"og:description\" content=\"Nesta quinta (04) e sexta-feira (05), a Prefeitura Municipal de Petrolina e o Conselho Municipal de Assist&ecirc;ncia Social (CMAS), realizar&atilde;o a VII Confer&ecirc;ncia Municipal de Assist&ecirc;ncia Social, que tem como tema: &#8220;Consolidar o SUAS (Sistema Unificado de Assist&ecirc;ncia Social) e Valorizar seus Trabalhadores&#8221;.No dia 04, a Confer&ecirc;ncia iniciar&aacute; &agrave;s 15h, no audit&oacute;rio do Sest\/Senat e no dia 05, acontecer&aacute; das 08h &agrave;s 18h, no mesmo local. O evento &eacute; aberto ao p&uacute;blico, pessoas ligadas a Assist&ecirc;ncia social como cidad&atilde;o, pois ser&aacute; espa&ccedil;o onde ocorrer&atilde;o palestras, discuss&atilde;o dos avan&ccedil;os e perspectivas na &aacute;rea da Assist&ecirc;ncia social.A VII Confer&ecirc;ncia Municipal objetiva avaliar e propor diretrizes para o aprimoramento da gest&atilde;o do SUAS, na perspectiva da valoriza&ccedil;&atilde;o e qualifica&ccedil;&atilde;o dos servi&ccedil;os, programas, projetos&hellip;\" \/>\n<meta property=\"og:url\" content=\"https:\/\/blogdofarnesio.com.br\/?p=5522\" \/>\n<meta property=\"og:site_name\" content=\"Blog do Farn\u00e9sio\" \/>\n<meta property=\"article:publisher\" content=\"https:\/\/www.facebook.com\/BlogQuerSaberPolitica\/\" \/>\n<meta property=\"article:published_time\" content=\"2011-08-04T14:00:02+00:00\" \/>\n<meta property=\"og:image\" content=\"http:\/\/www.quersaberpolitica.com.br\/2016\/wp-content\/uploads\/2012\/12\/defesacivilsedest.jpg\" \/>\n<meta name=\"twitter:card\" content=\"summary_large_image\" \/>\n<meta name=\"twitter:label1\" content=\"Est. tempo de leitura\" \/>\n\t<meta name=\"twitter:data1\" content=\"3 minutos\" \/>\n<script type=\"application\/ld+json\" class=\"yoast-schema-graph\">{\"@context\":\"https:\\\/\\\/schema.org\",\"@graph\":[{\"@type\":\"Article\",\"@id\":\"https:\\\/\\\/blogdofarnesio.com.br\\\/?p=5522#article\",\"isPartOf\":{\"@id\":\"https:\\\/\\\/blogdofarnesio.com.br\\\/?p=5522\"},\"author\":{\"name\":\"\",\"@id\":\"\"},\"headline\":\"Petrolina realizar\u00e1 7\u00aa Confer\u00eancia Municipal de Assist\u00eancia Social\",\"datePublished\":\"2011-08-04T14:00:02+00:00\",\"mainEntityOfPage\":{\"@id\":\"https:\\\/\\\/blogdofarnesio.com.br\\\/?p=5522\"},\"wordCount\":639,\"commentCount\":0,\"publisher\":{\"@id\":\"https:\\\/\\\/blogdofarnesio.com.br\\\/#organization\"},\"image\":{\"@id\":\"https:\\\/\\\/blogdofarnesio.com.br\\\/?p=5522#primaryimage\"},\"thumbnailUrl\":\"http:\\\/\\\/www.quersaberpolitica.com.br\\\/2016\\\/wp-content\\\/uploads\\\/2012\\\/12\\\/defesacivilsedest.jpg\",\"articleSection\":[\"Pol\u00edtica\"],\"inLanguage\":\"pt-BR\",\"potentialAction\":[{\"@type\":\"CommentAction\",\"name\":\"Comment\",\"target\":[\"https:\\\/\\\/blogdofarnesio.com.br\\\/?p=5522#respond\"]}]},{\"@type\":\"WebPage\",\"@id\":\"https:\\\/\\\/blogdofarnesio.com.br\\\/?p=5522\",\"url\":\"https:\\\/\\\/blogdofarnesio.com.br\\\/?p=5522\",\"name\":\"Petrolina realizar\u00e1 7\u00aa Confer\u00eancia Municipal de Assist\u00eancia Social - Blog do Farn\u00e9sio\",\"isPartOf\":{\"@id\":\"https:\\\/\\\/blogdofarnesio.com.br\\\/#website\"},\"primaryImageOfPage\":{\"@id\":\"https:\\\/\\\/blogdofarnesio.com.br\\\/?p=5522#primaryimage\"},\"image\":{\"@id\":\"https:\\\/\\\/blogdofarnesio.com.br\\\/?p=5522#primaryimage\"},\"thumbnailUrl\":\"http:\\\/\\\/www.quersaberpolitica.com.br\\\/2016\\\/wp-content\\\/uploads\\\/2012\\\/12\\\/defesacivilsedest.jpg\",\"datePublished\":\"2011-08-04T14:00:02+00:00\",\"breadcrumb\":{\"@id\":\"https:\\\/\\\/blogdofarnesio.com.br\\\/?p=5522#breadcrumb\"},\"inLanguage\":\"pt-BR\",\"potentialAction\":[{\"@type\":\"ReadAction\",\"target\":[\"https:\\\/\\\/blogdofarnesio.com.br\\\/?p=5522\"]}]},{\"@type\":\"ImageObject\",\"inLanguage\":\"pt-BR\",\"@id\":\"https:\\\/\\\/blogdofarnesio.com.br\\\/?p=5522#primaryimage\",\"url\":\"http:\\\/\\\/www.quersaberpolitica.com.br\\\/2016\\\/wp-content\\\/uploads\\\/2012\\\/12\\\/defesacivilsedest.jpg\",\"contentUrl\":\"http:\\\/\\\/www.quersaberpolitica.com.br\\\/2016\\\/wp-content\\\/uploads\\\/2012\\\/12\\\/defesacivilsedest.jpg\"},{\"@type\":\"BreadcrumbList\",\"@id\":\"https:\\\/\\\/blogdofarnesio.com.br\\\/?p=5522#breadcrumb\",\"itemListElement\":[{\"@type\":\"ListItem\",\"position\":1,\"name\":\"In\u00edcio\",\"item\":\"https:\\\/\\\/blogdofarnesio.com.br\\\/\"},{\"@type\":\"ListItem\",\"position\":2,\"name\":\"Petrolina realizar\u00e1 7\u00aa Confer\u00eancia Municipal de Assist\u00eancia Social\"}]},{\"@type\":\"WebSite\",\"@id\":\"https:\\\/\\\/blogdofarnesio.com.br\\\/#website\",\"url\":\"https:\\\/\\\/blogdofarnesio.com.br\\\/\",\"name\":\"Blog do Farn\u00e9sio\",\"description\":\"Quer Saber Pol\u00edtica?\",\"publisher\":{\"@id\":\"https:\\\/\\\/blogdofarnesio.com.br\\\/#organization\"},\"potentialAction\":[{\"@type\":\"SearchAction\",\"target\":{\"@type\":\"EntryPoint\",\"urlTemplate\":\"https:\\\/\\\/blogdofarnesio.com.br\\\/?s={search_term_string}\"},\"query-input\":{\"@type\":\"PropertyValueSpecification\",\"valueRequired\":true,\"valueName\":\"search_term_string\"}}],\"inLanguage\":\"pt-BR\"},{\"@type\":\"Organization\",\"@id\":\"https:\\\/\\\/blogdofarnesio.com.br\\\/#organization\",\"name\":\"Blog do Farn\u00e9sio\",\"url\":\"https:\\\/\\\/blogdofarnesio.com.br\\\/\",\"logo\":{\"@type\":\"ImageObject\",\"inLanguage\":\"pt-BR\",\"@id\":\"https:\\\/\\\/blogdofarnesio.com.br\\\/#\\\/schema\\\/logo\\\/image\\\/\",\"url\":\"https:\\\/\\\/blogdofarnesio.com.br\\\/wp-content\\\/uploads\\\/2026\\\/03\\\/cropped-logo_new-1.png\",\"contentUrl\":\"https:\\\/\\\/blogdofarnesio.com.br\\\/wp-content\\\/uploads\\\/2026\\\/03\\\/cropped-logo_new-1.png\",\"width\":881,\"height\":685,\"caption\":\"Blog do Farn\u00e9sio\"},\"image\":{\"@id\":\"https:\\\/\\\/blogdofarnesio.com.br\\\/#\\\/schema\\\/logo\\\/image\\\/\"},\"sameAs\":[\"https:\\\/\\\/www.facebook.com\\\/BlogQuerSaberPolitica\\\/\"]}]}<\/script>\n<!-- \/ Yoast SEO plugin. -->","yoast_head_json":{"title":"Petrolina realizar\u00e1 7\u00aa Confer\u00eancia Municipal de Assist\u00eancia Social - Blog do Farn\u00e9sio","robots":{"index":"index","follow":"follow","max-snippet":"max-snippet:-1","max-image-preview":"max-image-preview:large","max-video-preview":"max-video-preview:-1"},"canonical":"https:\/\/blogdofarnesio.com.br\/?p=5522","og_locale":"pt_BR","og_type":"article","og_title":"Petrolina realizar\u00e1 7\u00aa Confer\u00eancia Municipal de Assist\u00eancia Social - Blog do Farn\u00e9sio","og_description":"Nesta quinta (04) e sexta-feira (05), a Prefeitura Municipal de Petrolina e o Conselho Municipal de Assist&ecirc;ncia Social (CMAS), realizar&atilde;o a VII Confer&ecirc;ncia Municipal de Assist&ecirc;ncia Social, que tem como tema: &#8220;Consolidar o SUAS (Sistema Unificado de Assist&ecirc;ncia Social) e Valorizar seus Trabalhadores&#8221;.No dia 04, a Confer&ecirc;ncia iniciar&aacute; &agrave;s 15h, no audit&oacute;rio do Sest\/Senat e no dia 05, acontecer&aacute; das 08h &agrave;s 18h, no mesmo local. O evento &eacute; aberto ao p&uacute;blico, pessoas ligadas a Assist&ecirc;ncia social como cidad&atilde;o, pois ser&aacute; espa&ccedil;o onde ocorrer&atilde;o palestras, discuss&atilde;o dos avan&ccedil;os e perspectivas na &aacute;rea da Assist&ecirc;ncia social.A VII Confer&ecirc;ncia Municipal objetiva avaliar e propor diretrizes para o aprimoramento da gest&atilde;o do SUAS, na perspectiva da valoriza&ccedil;&atilde;o e qualifica&ccedil;&atilde;o dos servi&ccedil;os, programas, projetos&hellip;","og_url":"https:\/\/blogdofarnesio.com.br\/?p=5522","og_site_name":"Blog do Farn\u00e9sio","article_publisher":"https:\/\/www.facebook.com\/BlogQuerSaberPolitica\/","article_published_time":"2011-08-04T14:00:02+00:00","og_image":[{"url":"http:\/\/www.quersaberpolitica.com.br\/2016\/wp-content\/uploads\/2012\/12\/defesacivilsedest.jpg","type":"","width":"","height":""}],"twitter_card":"summary_large_image","twitter_misc":{"Est. tempo de leitura":"3 minutos"},"schema":{"@context":"https:\/\/schema.org","@graph":[{"@type":"Article","@id":"https:\/\/blogdofarnesio.com.br\/?p=5522#article","isPartOf":{"@id":"https:\/\/blogdofarnesio.com.br\/?p=5522"},"author":{"name":"","@id":""},"headline":"Petrolina realizar\u00e1 7\u00aa Confer\u00eancia Municipal de Assist\u00eancia Social","datePublished":"2011-08-04T14:00:02+00:00","mainEntityOfPage":{"@id":"https:\/\/blogdofarnesio.com.br\/?p=5522"},"wordCount":639,"commentCount":0,"publisher":{"@id":"https:\/\/blogdofarnesio.com.br\/#organization"},"image":{"@id":"https:\/\/blogdofarnesio.com.br\/?p=5522#primaryimage"},"thumbnailUrl":"http:\/\/www.quersaberpolitica.com.br\/2016\/wp-content\/uploads\/2012\/12\/defesacivilsedest.jpg","articleSection":["Pol\u00edtica"],"inLanguage":"pt-BR","potentialAction":[{"@type":"CommentAction","name":"Comment","target":["https:\/\/blogdofarnesio.com.br\/?p=5522#respond"]}]},{"@type":"WebPage","@id":"https:\/\/blogdofarnesio.com.br\/?p=5522","url":"https:\/\/blogdofarnesio.com.br\/?p=5522","name":"Petrolina realizar\u00e1 7\u00aa Confer\u00eancia Municipal de Assist\u00eancia Social - Blog do Farn\u00e9sio","isPartOf":{"@id":"https:\/\/blogdofarnesio.com.br\/#website"},"primaryImageOfPage":{"@id":"https:\/\/blogdofarnesio.com.br\/?p=5522#primaryimage"},"image":{"@id":"https:\/\/blogdofarnesio.com.br\/?p=5522#primaryimage"},"thumbnailUrl":"http:\/\/www.quersaberpolitica.com.br\/2016\/wp-content\/uploads\/2012\/12\/defesacivilsedest.jpg","datePublished":"2011-08-04T14:00:02+00:00","breadcrumb":{"@id":"https:\/\/blogdofarnesio.com.br\/?p=5522#breadcrumb"},"inLanguage":"pt-BR","potentialAction":[{"@type":"ReadAction","target":["https:\/\/blogdofarnesio.com.br\/?p=5522"]}]},{"@type":"ImageObject","inLanguage":"pt-BR","@id":"https:\/\/blogdofarnesio.com.br\/?p=5522#primaryimage","url":"http:\/\/www.quersaberpolitica.com.br\/2016\/wp-content\/uploads\/2012\/12\/defesacivilsedest.jpg","contentUrl":"http:\/\/www.quersaberpolitica.com.br\/2016\/wp-content\/uploads\/2012\/12\/defesacivilsedest.jpg"},{"@type":"BreadcrumbList","@id":"https:\/\/blogdofarnesio.com.br\/?p=5522#breadcrumb","itemListElement":[{"@type":"ListItem","position":1,"name":"In\u00edcio","item":"https:\/\/blogdofarnesio.com.br\/"},{"@type":"ListItem","position":2,"name":"Petrolina realizar\u00e1 7\u00aa Confer\u00eancia Municipal de Assist\u00eancia Social"}]},{"@type":"WebSite","@id":"https:\/\/blogdofarnesio.com.br\/#website","url":"https:\/\/blogdofarnesio.com.br\/","name":"Blog do Farn\u00e9sio","description":"Quer Saber Pol\u00edtica?","publisher":{"@id":"https:\/\/blogdofarnesio.com.br\/#organization"},"potentialAction":[{"@type":"SearchAction","target":{"@type":"EntryPoint","urlTemplate":"https:\/\/blogdofarnesio.com.br\/?s={search_term_string}"},"query-input":{"@type":"PropertyValueSpecification","valueRequired":true,"valueName":"search_term_string"}}],"inLanguage":"pt-BR"},{"@type":"Organization","@id":"https:\/\/blogdofarnesio.com.br\/#organization","name":"Blog do Farn\u00e9sio","url":"https:\/\/blogdofarnesio.com.br\/","logo":{"@type":"ImageObject","inLanguage":"pt-BR","@id":"https:\/\/blogdofarnesio.com.br\/#\/schema\/logo\/image\/","url":"https:\/\/blogdofarnesio.com.br\/wp-content\/uploads\/2026\/03\/cropped-logo_new-1.png","contentUrl":"https:\/\/blogdofarnesio.com.br\/wp-content\/uploads\/2026\/03\/cropped-logo_new-1.png","width":881,"height":685,"caption":"Blog do Farn\u00e9sio"},"image":{"@id":"https:\/\/blogdofarnesio.com.br\/#\/schema\/logo\/image\/"},"sameAs":["https:\/\/www.facebook.com\/BlogQuerSaberPolitica\/"]}]}},"_links":{"self":[{"href":"https:\/\/blogdofarnesio.com.br\/index.php?rest_route=\/wp\/v2\/posts\/5522","targetHints":{"allow":["GET"]}}],"collection":[{"href":"https:\/\/blogdofarnesio.com.br\/index.php?rest_route=\/wp\/v2\/posts"}],"about":[{"href":"https:\/\/blogdofarnesio.com.br\/index.php?rest_route=\/wp\/v2\/types\/post"}],"replies":[{"embeddable":true,"href":"https:\/\/blogdofarnesio.com.br\/index.php?rest_route=%2Fwp%2Fv2%2Fcomments&post=5522"}],"version-history":[{"count":0,"href":"https:\/\/blogdofarnesio.com.br\/index.php?rest_route=\/wp\/v2\/posts\/5522\/revisions"}],"wp:attachment":[{"href":"https:\/\/blogdofarnesio.com.br\/index.php?rest_route=%2Fwp%2Fv2%2Fmedia&parent=5522"}],"wp:term":[{"taxonomy":"category","embeddable":true,"href":"https:\/\/blogdofarnesio.com.br\/index.php?rest_route=%2Fwp%2Fv2%2Fcategories&post=5522"},{"taxonomy":"post_tag","embeddable":true,"href":"https:\/\/blogdofarnesio.com.br\/index.php?rest_route=%2Fwp%2Fv2%2Ftags&post=5522"}],"curies":[{"name":"wp","href":"https:\/\/api.w.org\/{rel}","templated":true}]}}