{"id":5520,"date":"2011-08-04T12:00:00","date_gmt":"2011-08-04T12:00:00","guid":{"rendered":"http:\/\/www.quersaberpolitica.com.br?p=5520"},"modified":"-0001-11-30T00:00:00","modified_gmt":"-0001-11-30T03:00:00","slug":"acontece-ate-amanha-a-formacao-do-programa-brasil-alfabetizado","status":"publish","type":"post","link":"https:\/\/blogdofarnesio.com.br\/?p=5520","title":{"rendered":"Acontece at\u00e9 amanh\u00e3 a forma\u00e7\u00e3o do Programa Brasil Alfabetizado"},"content":{"rendered":"<p style=\"text-align: justify;\"><span style=\"font-size: small;\"><span style=\"font-family: arial, helvetica, sans-serif;\"><a rel=\"lightbox\" href=\"http:\/\/www.quersaberpolitica.com.br\/2016\/wp-content\/uploads\/2012\/12\/blogqspformacao.jpg\"><img loading=\"lazy\" decoding=\"async\" style=\"float: left; margin-left: 10px; margin-right: 10px; margin-top: 5px; margin-bottom: 5px;\" src=\"http:\/\/www.quersaberpolitica.com.br\/2016\/wp-content\/uploads\/2012\/12\/blogqspformacao.jpg\" alt=\"\" width=\"200\" height=\"132\" \/><\/a>Teve in&iacute;cio na manh&atilde; desta quarta-feira (03),  a forma&ccedil;&atilde;o continuada intermedi&aacute;ria realizada pela Secretaria Municipal de Educa&ccedil;&atilde;o de Petrolina (SMEP) para mais de 200 professores que trabalham no Programa Brasil Alfabetizado. O evento ocorreu no Sest\/Senat e seguir&aacute; at&eacute; a pr&oacute;xima sexta-feira (05), com orienta&ccedil;&otilde;es e forma&ccedil;&otilde;es nas &aacute;reas de Portugu&ecirc;s, Matem&aacute;tica e avalia&ccedil;&otilde;es educacionais, com o tema: &#8220;O Portf&oacute;lio como possibilidade de avalia&ccedil;&atilde;o na Educa&ccedil;&atilde;o de jovens e adultos&#8221;.&nbsp;O principal objetivo do Programa Brasil Alfabetizado &eacute; combater o analfabetismo no pa&iacute;s, promovendo o acesso &agrave; educa&ccedil;&atilde;o como direito de todos, em qualquer momento da vida, universalizando a alfabetiza&ccedil;&atilde;o de jovens, adultos e idosos. O programa iniciou desde 28 de fevereiro de 2011 e finalizar&aacute; em outubro, ap&oacute;s oito meses de dura&ccedil;&atilde;o, com alunos de diversas idades, a partir dos 15 anos.&nbsp;Os professores foram divididos em cinco salas e cada grupo foi orientado por formadores da Secretaria de Educa&ccedil;&atilde;o. No &uacute;ltimo dia do evento (05), ser&atilde;o repassadas informa&ccedil;&otilde;es sobre a avalia&ccedil;&atilde;o que ser&aacute; realizada no m&ecirc;s de outubro, quando finalizar&aacute; o programa. De acordo com uma das participantes, a professora Maria L&uacute;cia Oliveira, as capacita&ccedil;&otilde;es realizadas pela Secretaria de Educa&ccedil;&atilde;o possibilitam que as aulas sejam inovadoras e contextualizadas com a realidade de cada discente. &#8220;As forma&ccedil;&otilde;es fortalecem o nosso conhecimento com din&acirc;micas, orienta&ccedil;&otilde;es de como sermos criativas na sala de aula e assim, alfabetizarmos de acordo com o perfil de nossos alunos&#8221;, declarou.<br \/>O Programa Brasil Alfabetizado funciona em Escolas Municipais, Associa&ccedil;&otilde;es e Igrejas com uma equipe com 233 alfabetizadores e 30 coordenadores de turmas, que trabalham com 80 turmas na sede e 155 na &aacute;rea rural do munic&iacute;pio, alfabetizando 3.286 alunos e oportunizando aos jovens e adultos a melhoria na qualidade de vida atrav&eacute;s da educa&ccedil;&atilde;o.<br \/>Segundo a Coordenadora do Programa Brasil Alfabetizado da Secretaria de Educa&ccedil;&atilde;o, Prof&ordf;. Eul&aacute;lia Ara&uacute;jo, a forma&ccedil;&atilde;o oferecida aos alfabetizadores &eacute; muito importante porque capacita os docentes para se tornarem profissionais cada vez melhores. &#8220;Esse encontro que estamos realizando nesses tr&ecirc;s dias &eacute; um embasamento focado no melhoramento do professor em sala de aula, baseado em fundamenta&ccedil;&otilde;es te&oacute;ricas que servir&aacute; como base para o professor no seu dia-a-dia&#8221;, afirmou.<\/p>\n<p>ascom: &Eacute;lida Maria<\/span><\/span><\/p>\n","protected":false},"excerpt":{"rendered":"<p>Teve in&iacute;cio na manh&atilde; desta quarta-feira (03), a forma&ccedil;&atilde;o continuada intermedi&aacute;ria realizada pela Secretaria Municipal de Educa&ccedil;&atilde;o de Petrolina (SMEP) para mais de 200 professores que trabalham no Programa Brasil Alfabetizado. O evento ocorreu no Sest\/Senat e seguir&aacute; at&eacute; a pr&oacute;xima sexta-feira (05), com orienta&ccedil;&otilde;es e forma&ccedil;&otilde;es nas &aacute;reas de Portugu&ecirc;s, Matem&aacute;tica e avalia&ccedil;&otilde;es educacionais, com o tema: &#8220;O Portf&oacute;lio como possibilidade de avalia&ccedil;&atilde;o na Educa&ccedil;&atilde;o de jovens e adultos&#8221;.&nbsp;O principal objetivo do Programa Brasil Alfabetizado &eacute; combater o analfabetismo no pa&iacute;s, promovendo o acesso &agrave; educa&ccedil;&atilde;o como direito de todos, em qualquer momento da vida, universalizando a alfabetiza&ccedil;&atilde;o de jovens, adultos e idosos. O programa iniciou desde 28 de fevereiro de 2011 e finalizar&aacute; em outubro, ap&oacute;s oito meses&hellip; <\/p>\n","protected":false},"author":0,"featured_media":0,"comment_status":"open","ping_status":"open","sticky":false,"template":"","format":"standard","meta":{"_acf_changed":false,"footnotes":""},"categories":[5],"tags":[],"class_list":["post-5520","post","type-post","status-publish","format-standard","hentry","category-seguranca"],"acf":[],"yoast_head":"<!-- This site is optimized with the Yoast SEO plugin v27.4 - https:\/\/yoast.com\/product\/yoast-seo-wordpress\/ -->\n<title>Acontece at\u00e9 amanh\u00e3 a forma\u00e7\u00e3o do Programa Brasil Alfabetizado - Blog do Farn\u00e9sio<\/title>\n<meta name=\"robots\" content=\"index, follow, max-snippet:-1, max-image-preview:large, max-video-preview:-1\" \/>\n<link rel=\"canonical\" href=\"https:\/\/blogdofarnesio.com.br\/?p=5520\" \/>\n<meta property=\"og:locale\" content=\"pt_BR\" \/>\n<meta property=\"og:type\" content=\"article\" \/>\n<meta property=\"og:title\" content=\"Acontece at\u00e9 amanh\u00e3 a forma\u00e7\u00e3o do Programa Brasil Alfabetizado - Blog do Farn\u00e9sio\" \/>\n<meta property=\"og:description\" content=\"Teve in&iacute;cio na manh&atilde; desta quarta-feira (03), a forma&ccedil;&atilde;o continuada intermedi&aacute;ria realizada pela Secretaria Municipal de Educa&ccedil;&atilde;o de Petrolina (SMEP) para mais de 200 professores que trabalham no Programa Brasil Alfabetizado. O evento ocorreu no Sest\/Senat e seguir&aacute; at&eacute; a pr&oacute;xima sexta-feira (05), com orienta&ccedil;&otilde;es e forma&ccedil;&otilde;es nas &aacute;reas de Portugu&ecirc;s, Matem&aacute;tica e avalia&ccedil;&otilde;es educacionais, com o tema: &#8220;O Portf&oacute;lio como possibilidade de avalia&ccedil;&atilde;o na Educa&ccedil;&atilde;o de jovens e adultos&#8221;.&nbsp;O principal objetivo do Programa Brasil Alfabetizado &eacute; combater o analfabetismo no pa&iacute;s, promovendo o acesso &agrave; educa&ccedil;&atilde;o como direito de todos, em qualquer momento da vida, universalizando a alfabetiza&ccedil;&atilde;o de jovens, adultos e idosos. O programa iniciou desde 28 de fevereiro de 2011 e finalizar&aacute; em outubro, ap&oacute;s oito meses&hellip;\" \/>\n<meta property=\"og:url\" content=\"https:\/\/blogdofarnesio.com.br\/?p=5520\" \/>\n<meta property=\"og:site_name\" content=\"Blog do Farn\u00e9sio\" \/>\n<meta property=\"article:publisher\" content=\"https:\/\/www.facebook.com\/BlogQuerSaberPolitica\/\" \/>\n<meta property=\"article:published_time\" content=\"2011-08-04T12:00:00+00:00\" \/>\n<meta property=\"og:image\" content=\"http:\/\/www.quersaberpolitica.com.br\/2016\/wp-content\/uploads\/2012\/12\/blogqspformacao.jpg\" \/>\n<meta name=\"twitter:card\" content=\"summary_large_image\" \/>\n<meta name=\"twitter:label1\" content=\"Est. tempo de leitura\" \/>\n\t<meta name=\"twitter:data1\" content=\"2 minutos\" \/>\n<script type=\"application\/ld+json\" class=\"yoast-schema-graph\">{\"@context\":\"https:\\\/\\\/schema.org\",\"@graph\":[{\"@type\":\"Article\",\"@id\":\"https:\\\/\\\/blogdofarnesio.com.br\\\/?p=5520#article\",\"isPartOf\":{\"@id\":\"https:\\\/\\\/blogdofarnesio.com.br\\\/?p=5520\"},\"author\":{\"name\":\"\",\"@id\":\"\"},\"headline\":\"Acontece at\u00e9 amanh\u00e3 a forma\u00e7\u00e3o do Programa Brasil Alfabetizado\",\"datePublished\":\"2011-08-04T12:00:00+00:00\",\"mainEntityOfPage\":{\"@id\":\"https:\\\/\\\/blogdofarnesio.com.br\\\/?p=5520\"},\"wordCount\":475,\"commentCount\":0,\"publisher\":{\"@id\":\"https:\\\/\\\/blogdofarnesio.com.br\\\/#organization\"},\"image\":{\"@id\":\"https:\\\/\\\/blogdofarnesio.com.br\\\/?p=5520#primaryimage\"},\"thumbnailUrl\":\"http:\\\/\\\/www.quersaberpolitica.com.br\\\/2016\\\/wp-content\\\/uploads\\\/2012\\\/12\\\/blogqspformacao.jpg\",\"articleSection\":[\"Seguran\u00e7a\"],\"inLanguage\":\"pt-BR\",\"potentialAction\":[{\"@type\":\"CommentAction\",\"name\":\"Comment\",\"target\":[\"https:\\\/\\\/blogdofarnesio.com.br\\\/?p=5520#respond\"]}]},{\"@type\":\"WebPage\",\"@id\":\"https:\\\/\\\/blogdofarnesio.com.br\\\/?p=5520\",\"url\":\"https:\\\/\\\/blogdofarnesio.com.br\\\/?p=5520\",\"name\":\"Acontece at\u00e9 amanh\u00e3 a forma\u00e7\u00e3o do Programa Brasil Alfabetizado - Blog do Farn\u00e9sio\",\"isPartOf\":{\"@id\":\"https:\\\/\\\/blogdofarnesio.com.br\\\/#website\"},\"primaryImageOfPage\":{\"@id\":\"https:\\\/\\\/blogdofarnesio.com.br\\\/?p=5520#primaryimage\"},\"image\":{\"@id\":\"https:\\\/\\\/blogdofarnesio.com.br\\\/?p=5520#primaryimage\"},\"thumbnailUrl\":\"http:\\\/\\\/www.quersaberpolitica.com.br\\\/2016\\\/wp-content\\\/uploads\\\/2012\\\/12\\\/blogqspformacao.jpg\",\"datePublished\":\"2011-08-04T12:00:00+00:00\",\"breadcrumb\":{\"@id\":\"https:\\\/\\\/blogdofarnesio.com.br\\\/?p=5520#breadcrumb\"},\"inLanguage\":\"pt-BR\",\"potentialAction\":[{\"@type\":\"ReadAction\",\"target\":[\"https:\\\/\\\/blogdofarnesio.com.br\\\/?p=5520\"]}]},{\"@type\":\"ImageObject\",\"inLanguage\":\"pt-BR\",\"@id\":\"https:\\\/\\\/blogdofarnesio.com.br\\\/?p=5520#primaryimage\",\"url\":\"http:\\\/\\\/www.quersaberpolitica.com.br\\\/2016\\\/wp-content\\\/uploads\\\/2012\\\/12\\\/blogqspformacao.jpg\",\"contentUrl\":\"http:\\\/\\\/www.quersaberpolitica.com.br\\\/2016\\\/wp-content\\\/uploads\\\/2012\\\/12\\\/blogqspformacao.jpg\"},{\"@type\":\"BreadcrumbList\",\"@id\":\"https:\\\/\\\/blogdofarnesio.com.br\\\/?p=5520#breadcrumb\",\"itemListElement\":[{\"@type\":\"ListItem\",\"position\":1,\"name\":\"In\u00edcio\",\"item\":\"https:\\\/\\\/blogdofarnesio.com.br\\\/\"},{\"@type\":\"ListItem\",\"position\":2,\"name\":\"Acontece at\u00e9 amanh\u00e3 a forma\u00e7\u00e3o do Programa Brasil Alfabetizado\"}]},{\"@type\":\"WebSite\",\"@id\":\"https:\\\/\\\/blogdofarnesio.com.br\\\/#website\",\"url\":\"https:\\\/\\\/blogdofarnesio.com.br\\\/\",\"name\":\"Blog do Farn\u00e9sio\",\"description\":\"Quer Saber Pol\u00edtica?\",\"publisher\":{\"@id\":\"https:\\\/\\\/blogdofarnesio.com.br\\\/#organization\"},\"potentialAction\":[{\"@type\":\"SearchAction\",\"target\":{\"@type\":\"EntryPoint\",\"urlTemplate\":\"https:\\\/\\\/blogdofarnesio.com.br\\\/?s={search_term_string}\"},\"query-input\":{\"@type\":\"PropertyValueSpecification\",\"valueRequired\":true,\"valueName\":\"search_term_string\"}}],\"inLanguage\":\"pt-BR\"},{\"@type\":\"Organization\",\"@id\":\"https:\\\/\\\/blogdofarnesio.com.br\\\/#organization\",\"name\":\"Blog do Farn\u00e9sio\",\"url\":\"https:\\\/\\\/blogdofarnesio.com.br\\\/\",\"logo\":{\"@type\":\"ImageObject\",\"inLanguage\":\"pt-BR\",\"@id\":\"https:\\\/\\\/blogdofarnesio.com.br\\\/#\\\/schema\\\/logo\\\/image\\\/\",\"url\":\"https:\\\/\\\/blogdofarnesio.com.br\\\/wp-content\\\/uploads\\\/2026\\\/03\\\/cropped-logo_new-1.png\",\"contentUrl\":\"https:\\\/\\\/blogdofarnesio.com.br\\\/wp-content\\\/uploads\\\/2026\\\/03\\\/cropped-logo_new-1.png\",\"width\":881,\"height\":685,\"caption\":\"Blog do Farn\u00e9sio\"},\"image\":{\"@id\":\"https:\\\/\\\/blogdofarnesio.com.br\\\/#\\\/schema\\\/logo\\\/image\\\/\"},\"sameAs\":[\"https:\\\/\\\/www.facebook.com\\\/BlogQuerSaberPolitica\\\/\"]}]}<\/script>\n<!-- \/ Yoast SEO plugin. -->","yoast_head_json":{"title":"Acontece at\u00e9 amanh\u00e3 a forma\u00e7\u00e3o do Programa Brasil Alfabetizado - Blog do Farn\u00e9sio","robots":{"index":"index","follow":"follow","max-snippet":"max-snippet:-1","max-image-preview":"max-image-preview:large","max-video-preview":"max-video-preview:-1"},"canonical":"https:\/\/blogdofarnesio.com.br\/?p=5520","og_locale":"pt_BR","og_type":"article","og_title":"Acontece at\u00e9 amanh\u00e3 a forma\u00e7\u00e3o do Programa Brasil Alfabetizado - Blog do Farn\u00e9sio","og_description":"Teve in&iacute;cio na manh&atilde; desta quarta-feira (03), a forma&ccedil;&atilde;o continuada intermedi&aacute;ria realizada pela Secretaria Municipal de Educa&ccedil;&atilde;o de Petrolina (SMEP) para mais de 200 professores que trabalham no Programa Brasil Alfabetizado. O evento ocorreu no Sest\/Senat e seguir&aacute; at&eacute; a pr&oacute;xima sexta-feira (05), com orienta&ccedil;&otilde;es e forma&ccedil;&otilde;es nas &aacute;reas de Portugu&ecirc;s, Matem&aacute;tica e avalia&ccedil;&otilde;es educacionais, com o tema: &#8220;O Portf&oacute;lio como possibilidade de avalia&ccedil;&atilde;o na Educa&ccedil;&atilde;o de jovens e adultos&#8221;.&nbsp;O principal objetivo do Programa Brasil Alfabetizado &eacute; combater o analfabetismo no pa&iacute;s, promovendo o acesso &agrave; educa&ccedil;&atilde;o como direito de todos, em qualquer momento da vida, universalizando a alfabetiza&ccedil;&atilde;o de jovens, adultos e idosos. O programa iniciou desde 28 de fevereiro de 2011 e finalizar&aacute; em outubro, ap&oacute;s oito meses&hellip;","og_url":"https:\/\/blogdofarnesio.com.br\/?p=5520","og_site_name":"Blog do Farn\u00e9sio","article_publisher":"https:\/\/www.facebook.com\/BlogQuerSaberPolitica\/","article_published_time":"2011-08-04T12:00:00+00:00","og_image":[{"url":"http:\/\/www.quersaberpolitica.com.br\/2016\/wp-content\/uploads\/2012\/12\/blogqspformacao.jpg","type":"","width":"","height":""}],"twitter_card":"summary_large_image","twitter_misc":{"Est. tempo de leitura":"2 minutos"},"schema":{"@context":"https:\/\/schema.org","@graph":[{"@type":"Article","@id":"https:\/\/blogdofarnesio.com.br\/?p=5520#article","isPartOf":{"@id":"https:\/\/blogdofarnesio.com.br\/?p=5520"},"author":{"name":"","@id":""},"headline":"Acontece at\u00e9 amanh\u00e3 a forma\u00e7\u00e3o do Programa Brasil Alfabetizado","datePublished":"2011-08-04T12:00:00+00:00","mainEntityOfPage":{"@id":"https:\/\/blogdofarnesio.com.br\/?p=5520"},"wordCount":475,"commentCount":0,"publisher":{"@id":"https:\/\/blogdofarnesio.com.br\/#organization"},"image":{"@id":"https:\/\/blogdofarnesio.com.br\/?p=5520#primaryimage"},"thumbnailUrl":"http:\/\/www.quersaberpolitica.com.br\/2016\/wp-content\/uploads\/2012\/12\/blogqspformacao.jpg","articleSection":["Seguran\u00e7a"],"inLanguage":"pt-BR","potentialAction":[{"@type":"CommentAction","name":"Comment","target":["https:\/\/blogdofarnesio.com.br\/?p=5520#respond"]}]},{"@type":"WebPage","@id":"https:\/\/blogdofarnesio.com.br\/?p=5520","url":"https:\/\/blogdofarnesio.com.br\/?p=5520","name":"Acontece at\u00e9 amanh\u00e3 a forma\u00e7\u00e3o do Programa Brasil Alfabetizado - Blog do Farn\u00e9sio","isPartOf":{"@id":"https:\/\/blogdofarnesio.com.br\/#website"},"primaryImageOfPage":{"@id":"https:\/\/blogdofarnesio.com.br\/?p=5520#primaryimage"},"image":{"@id":"https:\/\/blogdofarnesio.com.br\/?p=5520#primaryimage"},"thumbnailUrl":"http:\/\/www.quersaberpolitica.com.br\/2016\/wp-content\/uploads\/2012\/12\/blogqspformacao.jpg","datePublished":"2011-08-04T12:00:00+00:00","breadcrumb":{"@id":"https:\/\/blogdofarnesio.com.br\/?p=5520#breadcrumb"},"inLanguage":"pt-BR","potentialAction":[{"@type":"ReadAction","target":["https:\/\/blogdofarnesio.com.br\/?p=5520"]}]},{"@type":"ImageObject","inLanguage":"pt-BR","@id":"https:\/\/blogdofarnesio.com.br\/?p=5520#primaryimage","url":"http:\/\/www.quersaberpolitica.com.br\/2016\/wp-content\/uploads\/2012\/12\/blogqspformacao.jpg","contentUrl":"http:\/\/www.quersaberpolitica.com.br\/2016\/wp-content\/uploads\/2012\/12\/blogqspformacao.jpg"},{"@type":"BreadcrumbList","@id":"https:\/\/blogdofarnesio.com.br\/?p=5520#breadcrumb","itemListElement":[{"@type":"ListItem","position":1,"name":"In\u00edcio","item":"https:\/\/blogdofarnesio.com.br\/"},{"@type":"ListItem","position":2,"name":"Acontece at\u00e9 amanh\u00e3 a forma\u00e7\u00e3o do Programa Brasil Alfabetizado"}]},{"@type":"WebSite","@id":"https:\/\/blogdofarnesio.com.br\/#website","url":"https:\/\/blogdofarnesio.com.br\/","name":"Blog do Farn\u00e9sio","description":"Quer Saber Pol\u00edtica?","publisher":{"@id":"https:\/\/blogdofarnesio.com.br\/#organization"},"potentialAction":[{"@type":"SearchAction","target":{"@type":"EntryPoint","urlTemplate":"https:\/\/blogdofarnesio.com.br\/?s={search_term_string}"},"query-input":{"@type":"PropertyValueSpecification","valueRequired":true,"valueName":"search_term_string"}}],"inLanguage":"pt-BR"},{"@type":"Organization","@id":"https:\/\/blogdofarnesio.com.br\/#organization","name":"Blog do Farn\u00e9sio","url":"https:\/\/blogdofarnesio.com.br\/","logo":{"@type":"ImageObject","inLanguage":"pt-BR","@id":"https:\/\/blogdofarnesio.com.br\/#\/schema\/logo\/image\/","url":"https:\/\/blogdofarnesio.com.br\/wp-content\/uploads\/2026\/03\/cropped-logo_new-1.png","contentUrl":"https:\/\/blogdofarnesio.com.br\/wp-content\/uploads\/2026\/03\/cropped-logo_new-1.png","width":881,"height":685,"caption":"Blog do Farn\u00e9sio"},"image":{"@id":"https:\/\/blogdofarnesio.com.br\/#\/schema\/logo\/image\/"},"sameAs":["https:\/\/www.facebook.com\/BlogQuerSaberPolitica\/"]}]}},"_links":{"self":[{"href":"https:\/\/blogdofarnesio.com.br\/index.php?rest_route=\/wp\/v2\/posts\/5520","targetHints":{"allow":["GET"]}}],"collection":[{"href":"https:\/\/blogdofarnesio.com.br\/index.php?rest_route=\/wp\/v2\/posts"}],"about":[{"href":"https:\/\/blogdofarnesio.com.br\/index.php?rest_route=\/wp\/v2\/types\/post"}],"replies":[{"embeddable":true,"href":"https:\/\/blogdofarnesio.com.br\/index.php?rest_route=%2Fwp%2Fv2%2Fcomments&post=5520"}],"version-history":[{"count":0,"href":"https:\/\/blogdofarnesio.com.br\/index.php?rest_route=\/wp\/v2\/posts\/5520\/revisions"}],"wp:attachment":[{"href":"https:\/\/blogdofarnesio.com.br\/index.php?rest_route=%2Fwp%2Fv2%2Fmedia&parent=5520"}],"wp:term":[{"taxonomy":"category","embeddable":true,"href":"https:\/\/blogdofarnesio.com.br\/index.php?rest_route=%2Fwp%2Fv2%2Fcategories&post=5520"},{"taxonomy":"post_tag","embeddable":true,"href":"https:\/\/blogdofarnesio.com.br\/index.php?rest_route=%2Fwp%2Fv2%2Ftags&post=5520"}],"curies":[{"name":"wp","href":"https:\/\/api.w.org\/{rel}","templated":true}]}}