{"id":5477,"date":"2011-08-03T07:30:00","date_gmt":"2011-08-03T07:30:00","guid":{"rendered":"http:\/\/www.quersaberpolitica.com.br?p=5477"},"modified":"2011-08-03T08:51:35","modified_gmt":"2011-08-03T08:51:35","slug":"premio-objetivos-de-desenvolvimento-do-milenio-e-lancado-em-evento-na-serin","status":"publish","type":"post","link":"https:\/\/blogdofarnesio.com.br\/?p=5477","title":{"rendered":"Pr\u00eamio \u201cObjetivos de Desenvolvimento do Mil\u00eanio\u201d \u00e9 lan\u00e7ado em evento na SERIN"},"content":{"rendered":"<p style=\"text-align: justify;\"><span style=\"font-size: small;\"><span style=\"font-family: arial, helvetica, sans-serif;\"><a rel=\"lightbox\" href=\"http:\/\/www.quersaberpolitica.com.br\/2016\/wp-content\/uploads\/2012\/12\/blgoqsp_miseriaba_1852.jpg\"><img loading=\"lazy\" decoding=\"async\" style=\"float: left; margin-left: 10px; margin-right: 10px; margin-top: 5px; margin-bottom: 5px;\" src=\"http:\/\/www.quersaberpolitica.com.br\/2016\/wp-content\/uploads\/2012\/12\/blgoqsp_miseriaba_1852.jpg\" alt=\"\" width=\"200\" height=\"150\" \/><\/a>O lan&ccedil;amento do pr&ecirc;mio &#8220;Objetivos para o Desenvolvimento do Mil&ecirc;nio&#8221; (ODM) na Bahia foi realizado na manh&atilde; desta segunda-feira (01). Durante a reuni&atilde;o, na SERIN, foram debatidas, principalmente, as estrat&eacute;gias de divulga&ccedil;&atilde;o do pr&ecirc;mio. O pr&ecirc;mio ODM foi originado do plano &#8220;8 Objetivos do Mil&ecirc;nio&#8221;, criado pela Organiza&ccedil;&atilde;o das Na&ccedil;&otilde;es Unidas (ONU), em 2000, durante a C&uacute;pula do Mil&ecirc;nio, com a inten&ccedil;&atilde;o de diminuir os maiores problemas globais at&eacute; o ano de 2015. A Bahia &eacute; destaque nacional no alcance das metas estabelecidas pela ONU e o Governo do Estado possui programas que atendem a cada um dos oito objetivos. Em sua quarta edi&ccedil;&atilde;o, o pr&ecirc;mio ODM Bahia incentiva a&ccedil;&otilde;es, programas e projetos de organiza&ccedil;&otilde;es da sociedade civil que colaboram para o cumprimento dos &#8220;8 Objetivos do Mil&ecirc;nio&#8221;. No Brasil, o plano &eacute; chamado de &#8220;8 Jeitos de Mudar o Mundo&#8221; e compreende um conjunto de a&ccedil;&otilde;es estabelecidas pelos pa&iacute;ses-membros da ONU na tentativa de criar um mundo mais justo, solid&aacute;rio e melhor para se viver. A Secretaria Geral da Rep&uacute;blica cuida das metas a serem alcan&ccedil;adas pelo pa&iacute;s no &acirc;mbito federal. O Governo do Estado da Bahia, atrav&eacute;s da SERIN, est&aacute; inserido no movimento &#8220;N&oacute;s Podemos Bahia&#8221;, criado em 2009, para contribuir no cumprimento das metas do ODM no estado. A IV edi&ccedil;&atilde;o do Pr&ecirc;mio ODM acontecer&aacute; no dia 18 de agosto, &agrave;s 8h30, no Teatro SESC (Casa do Com&eacute;rcio) e contar&aacute; com a presen&ccedil;a do governador Jaques Wagner na mesa de abertura. Representantes de organiza&ccedil;&otilde;es da sociedade civil e dos governos estadual, federal e municipal tamb&eacute;m participar&atilde;o da premia&ccedil;&atilde;o. O evento conta com o apoio da Petrobr&aacute;s, Caixa Econ&ocirc;mica Federal e Banco do Brasil.<\/span><\/span><\/p>\n","protected":false},"excerpt":{"rendered":"<p>O lan&ccedil;amento do pr&ecirc;mio &#8220;Objetivos para o Desenvolvimento do Mil&ecirc;nio&#8221; (ODM) na Bahia foi realizado na manh&atilde; desta segunda-feira (01). Durante a reuni&atilde;o, na SERIN, foram debatidas, principalmente, as estrat&eacute;gias de divulga&ccedil;&atilde;o do pr&ecirc;mio. O pr&ecirc;mio ODM foi originado do plano &#8220;8 Objetivos do Mil&ecirc;nio&#8221;, criado pela Organiza&ccedil;&atilde;o das Na&ccedil;&otilde;es Unidas (ONU), em 2000, durante a C&uacute;pula do Mil&ecirc;nio, com a inten&ccedil;&atilde;o de diminuir os maiores problemas globais at&eacute; o ano de 2015. A Bahia &eacute; destaque nacional no alcance das metas estabelecidas pela ONU e o Governo do Estado possui programas que atendem a cada um dos oito objetivos. Em sua quarta edi&ccedil;&atilde;o, o pr&ecirc;mio ODM Bahia incentiva a&ccedil;&otilde;es, programas e projetos de organiza&ccedil;&otilde;es da sociedade civil que colaboram&hellip; <\/p>\n","protected":false},"author":0,"featured_media":0,"comment_status":"open","ping_status":"open","sticky":false,"template":"","format":"standard","meta":{"_acf_changed":false,"footnotes":""},"categories":[22],"tags":[],"class_list":["post-5477","post","type-post","status-publish","format-standard","hentry","category-acao-social"],"acf":[],"yoast_head":"<!-- This site is optimized with the Yoast SEO plugin v27.4 - https:\/\/yoast.com\/product\/yoast-seo-wordpress\/ -->\n<title>Pr\u00eamio \u201cObjetivos de Desenvolvimento do Mil\u00eanio\u201d \u00e9 lan\u00e7ado em evento na SERIN  - Blog do Farn\u00e9sio<\/title>\n<meta name=\"robots\" content=\"index, follow, max-snippet:-1, max-image-preview:large, max-video-preview:-1\" \/>\n<link rel=\"canonical\" href=\"https:\/\/blogdofarnesio.com.br\/?p=5477\" \/>\n<meta property=\"og:locale\" content=\"pt_BR\" \/>\n<meta property=\"og:type\" content=\"article\" \/>\n<meta property=\"og:title\" content=\"Pr\u00eamio \u201cObjetivos de Desenvolvimento do Mil\u00eanio\u201d \u00e9 lan\u00e7ado em evento na SERIN  - Blog do Farn\u00e9sio\" \/>\n<meta property=\"og:description\" content=\"O lan&ccedil;amento do pr&ecirc;mio &#8220;Objetivos para o Desenvolvimento do Mil&ecirc;nio&#8221; (ODM) na Bahia foi realizado na manh&atilde; desta segunda-feira (01). Durante a reuni&atilde;o, na SERIN, foram debatidas, principalmente, as estrat&eacute;gias de divulga&ccedil;&atilde;o do pr&ecirc;mio. O pr&ecirc;mio ODM foi originado do plano &#8220;8 Objetivos do Mil&ecirc;nio&#8221;, criado pela Organiza&ccedil;&atilde;o das Na&ccedil;&otilde;es Unidas (ONU), em 2000, durante a C&uacute;pula do Mil&ecirc;nio, com a inten&ccedil;&atilde;o de diminuir os maiores problemas globais at&eacute; o ano de 2015. A Bahia &eacute; destaque nacional no alcance das metas estabelecidas pela ONU e o Governo do Estado possui programas que atendem a cada um dos oito objetivos. Em sua quarta edi&ccedil;&atilde;o, o pr&ecirc;mio ODM Bahia incentiva a&ccedil;&otilde;es, programas e projetos de organiza&ccedil;&otilde;es da sociedade civil que colaboram&hellip;\" \/>\n<meta property=\"og:url\" content=\"https:\/\/blogdofarnesio.com.br\/?p=5477\" \/>\n<meta property=\"og:site_name\" content=\"Blog do Farn\u00e9sio\" \/>\n<meta property=\"article:publisher\" content=\"https:\/\/www.facebook.com\/BlogQuerSaberPolitica\/\" \/>\n<meta property=\"article:published_time\" content=\"2011-08-03T07:30:00+00:00\" \/>\n<meta property=\"article:modified_time\" content=\"2011-08-03T08:51:35+00:00\" \/>\n<meta property=\"og:image\" content=\"http:\/\/www.quersaberpolitica.com.br\/2016\/wp-content\/uploads\/2012\/12\/blgoqsp_miseriaba_1852.jpg\" \/>\n<meta name=\"twitter:card\" content=\"summary_large_image\" \/>\n<meta name=\"twitter:label1\" content=\"Est. tempo de leitura\" \/>\n\t<meta name=\"twitter:data1\" content=\"2 minutos\" \/>\n<script type=\"application\/ld+json\" class=\"yoast-schema-graph\">{\"@context\":\"https:\\\/\\\/schema.org\",\"@graph\":[{\"@type\":\"Article\",\"@id\":\"https:\\\/\\\/blogdofarnesio.com.br\\\/?p=5477#article\",\"isPartOf\":{\"@id\":\"https:\\\/\\\/blogdofarnesio.com.br\\\/?p=5477\"},\"author\":{\"name\":\"\",\"@id\":\"\"},\"headline\":\"Pr\u00eamio \u201cObjetivos de Desenvolvimento do Mil\u00eanio\u201d \u00e9 lan\u00e7ado em evento na SERIN\",\"datePublished\":\"2011-08-03T07:30:00+00:00\",\"dateModified\":\"2011-08-03T08:51:35+00:00\",\"mainEntityOfPage\":{\"@id\":\"https:\\\/\\\/blogdofarnesio.com.br\\\/?p=5477\"},\"wordCount\":374,\"commentCount\":0,\"publisher\":{\"@id\":\"https:\\\/\\\/blogdofarnesio.com.br\\\/#organization\"},\"image\":{\"@id\":\"https:\\\/\\\/blogdofarnesio.com.br\\\/?p=5477#primaryimage\"},\"thumbnailUrl\":\"http:\\\/\\\/www.quersaberpolitica.com.br\\\/2016\\\/wp-content\\\/uploads\\\/2012\\\/12\\\/blgoqsp_miseriaba_1852.jpg\",\"articleSection\":[\"A\u00e7\u00e3o Social\"],\"inLanguage\":\"pt-BR\",\"potentialAction\":[{\"@type\":\"CommentAction\",\"name\":\"Comment\",\"target\":[\"https:\\\/\\\/blogdofarnesio.com.br\\\/?p=5477#respond\"]}]},{\"@type\":\"WebPage\",\"@id\":\"https:\\\/\\\/blogdofarnesio.com.br\\\/?p=5477\",\"url\":\"https:\\\/\\\/blogdofarnesio.com.br\\\/?p=5477\",\"name\":\"Pr\u00eamio \u201cObjetivos de Desenvolvimento do Mil\u00eanio\u201d \u00e9 lan\u00e7ado em evento na SERIN - Blog do Farn\u00e9sio\",\"isPartOf\":{\"@id\":\"https:\\\/\\\/blogdofarnesio.com.br\\\/#website\"},\"primaryImageOfPage\":{\"@id\":\"https:\\\/\\\/blogdofarnesio.com.br\\\/?p=5477#primaryimage\"},\"image\":{\"@id\":\"https:\\\/\\\/blogdofarnesio.com.br\\\/?p=5477#primaryimage\"},\"thumbnailUrl\":\"http:\\\/\\\/www.quersaberpolitica.com.br\\\/2016\\\/wp-content\\\/uploads\\\/2012\\\/12\\\/blgoqsp_miseriaba_1852.jpg\",\"datePublished\":\"2011-08-03T07:30:00+00:00\",\"dateModified\":\"2011-08-03T08:51:35+00:00\",\"breadcrumb\":{\"@id\":\"https:\\\/\\\/blogdofarnesio.com.br\\\/?p=5477#breadcrumb\"},\"inLanguage\":\"pt-BR\",\"potentialAction\":[{\"@type\":\"ReadAction\",\"target\":[\"https:\\\/\\\/blogdofarnesio.com.br\\\/?p=5477\"]}]},{\"@type\":\"ImageObject\",\"inLanguage\":\"pt-BR\",\"@id\":\"https:\\\/\\\/blogdofarnesio.com.br\\\/?p=5477#primaryimage\",\"url\":\"http:\\\/\\\/www.quersaberpolitica.com.br\\\/2016\\\/wp-content\\\/uploads\\\/2012\\\/12\\\/blgoqsp_miseriaba_1852.jpg\",\"contentUrl\":\"http:\\\/\\\/www.quersaberpolitica.com.br\\\/2016\\\/wp-content\\\/uploads\\\/2012\\\/12\\\/blgoqsp_miseriaba_1852.jpg\"},{\"@type\":\"BreadcrumbList\",\"@id\":\"https:\\\/\\\/blogdofarnesio.com.br\\\/?p=5477#breadcrumb\",\"itemListElement\":[{\"@type\":\"ListItem\",\"position\":1,\"name\":\"In\u00edcio\",\"item\":\"https:\\\/\\\/blogdofarnesio.com.br\\\/\"},{\"@type\":\"ListItem\",\"position\":2,\"name\":\"Pr\u00eamio \u201cObjetivos de Desenvolvimento do Mil\u00eanio\u201d \u00e9 lan\u00e7ado em evento na SERIN\"}]},{\"@type\":\"WebSite\",\"@id\":\"https:\\\/\\\/blogdofarnesio.com.br\\\/#website\",\"url\":\"https:\\\/\\\/blogdofarnesio.com.br\\\/\",\"name\":\"Blog do Farn\u00e9sio\",\"description\":\"Quer Saber Pol\u00edtica?\",\"publisher\":{\"@id\":\"https:\\\/\\\/blogdofarnesio.com.br\\\/#organization\"},\"potentialAction\":[{\"@type\":\"SearchAction\",\"target\":{\"@type\":\"EntryPoint\",\"urlTemplate\":\"https:\\\/\\\/blogdofarnesio.com.br\\\/?s={search_term_string}\"},\"query-input\":{\"@type\":\"PropertyValueSpecification\",\"valueRequired\":true,\"valueName\":\"search_term_string\"}}],\"inLanguage\":\"pt-BR\"},{\"@type\":\"Organization\",\"@id\":\"https:\\\/\\\/blogdofarnesio.com.br\\\/#organization\",\"name\":\"Blog do Farn\u00e9sio\",\"url\":\"https:\\\/\\\/blogdofarnesio.com.br\\\/\",\"logo\":{\"@type\":\"ImageObject\",\"inLanguage\":\"pt-BR\",\"@id\":\"https:\\\/\\\/blogdofarnesio.com.br\\\/#\\\/schema\\\/logo\\\/image\\\/\",\"url\":\"https:\\\/\\\/blogdofarnesio.com.br\\\/wp-content\\\/uploads\\\/2026\\\/03\\\/cropped-logo_new-1.png\",\"contentUrl\":\"https:\\\/\\\/blogdofarnesio.com.br\\\/wp-content\\\/uploads\\\/2026\\\/03\\\/cropped-logo_new-1.png\",\"width\":881,\"height\":685,\"caption\":\"Blog do Farn\u00e9sio\"},\"image\":{\"@id\":\"https:\\\/\\\/blogdofarnesio.com.br\\\/#\\\/schema\\\/logo\\\/image\\\/\"},\"sameAs\":[\"https:\\\/\\\/www.facebook.com\\\/BlogQuerSaberPolitica\\\/\"]}]}<\/script>\n<!-- \/ Yoast SEO plugin. -->","yoast_head_json":{"title":"Pr\u00eamio \u201cObjetivos de Desenvolvimento do Mil\u00eanio\u201d \u00e9 lan\u00e7ado em evento na SERIN  - Blog do Farn\u00e9sio","robots":{"index":"index","follow":"follow","max-snippet":"max-snippet:-1","max-image-preview":"max-image-preview:large","max-video-preview":"max-video-preview:-1"},"canonical":"https:\/\/blogdofarnesio.com.br\/?p=5477","og_locale":"pt_BR","og_type":"article","og_title":"Pr\u00eamio \u201cObjetivos de Desenvolvimento do Mil\u00eanio\u201d \u00e9 lan\u00e7ado em evento na SERIN  - Blog do Farn\u00e9sio","og_description":"O lan&ccedil;amento do pr&ecirc;mio &#8220;Objetivos para o Desenvolvimento do Mil&ecirc;nio&#8221; (ODM) na Bahia foi realizado na manh&atilde; desta segunda-feira (01). Durante a reuni&atilde;o, na SERIN, foram debatidas, principalmente, as estrat&eacute;gias de divulga&ccedil;&atilde;o do pr&ecirc;mio. O pr&ecirc;mio ODM foi originado do plano &#8220;8 Objetivos do Mil&ecirc;nio&#8221;, criado pela Organiza&ccedil;&atilde;o das Na&ccedil;&otilde;es Unidas (ONU), em 2000, durante a C&uacute;pula do Mil&ecirc;nio, com a inten&ccedil;&atilde;o de diminuir os maiores problemas globais at&eacute; o ano de 2015. A Bahia &eacute; destaque nacional no alcance das metas estabelecidas pela ONU e o Governo do Estado possui programas que atendem a cada um dos oito objetivos. Em sua quarta edi&ccedil;&atilde;o, o pr&ecirc;mio ODM Bahia incentiva a&ccedil;&otilde;es, programas e projetos de organiza&ccedil;&otilde;es da sociedade civil que colaboram&hellip;","og_url":"https:\/\/blogdofarnesio.com.br\/?p=5477","og_site_name":"Blog do Farn\u00e9sio","article_publisher":"https:\/\/www.facebook.com\/BlogQuerSaberPolitica\/","article_published_time":"2011-08-03T07:30:00+00:00","article_modified_time":"2011-08-03T08:51:35+00:00","og_image":[{"url":"http:\/\/www.quersaberpolitica.com.br\/2016\/wp-content\/uploads\/2012\/12\/blgoqsp_miseriaba_1852.jpg","type":"","width":"","height":""}],"twitter_card":"summary_large_image","twitter_misc":{"Est. tempo de leitura":"2 minutos"},"schema":{"@context":"https:\/\/schema.org","@graph":[{"@type":"Article","@id":"https:\/\/blogdofarnesio.com.br\/?p=5477#article","isPartOf":{"@id":"https:\/\/blogdofarnesio.com.br\/?p=5477"},"author":{"name":"","@id":""},"headline":"Pr\u00eamio \u201cObjetivos de Desenvolvimento do Mil\u00eanio\u201d \u00e9 lan\u00e7ado em evento na SERIN","datePublished":"2011-08-03T07:30:00+00:00","dateModified":"2011-08-03T08:51:35+00:00","mainEntityOfPage":{"@id":"https:\/\/blogdofarnesio.com.br\/?p=5477"},"wordCount":374,"commentCount":0,"publisher":{"@id":"https:\/\/blogdofarnesio.com.br\/#organization"},"image":{"@id":"https:\/\/blogdofarnesio.com.br\/?p=5477#primaryimage"},"thumbnailUrl":"http:\/\/www.quersaberpolitica.com.br\/2016\/wp-content\/uploads\/2012\/12\/blgoqsp_miseriaba_1852.jpg","articleSection":["A\u00e7\u00e3o Social"],"inLanguage":"pt-BR","potentialAction":[{"@type":"CommentAction","name":"Comment","target":["https:\/\/blogdofarnesio.com.br\/?p=5477#respond"]}]},{"@type":"WebPage","@id":"https:\/\/blogdofarnesio.com.br\/?p=5477","url":"https:\/\/blogdofarnesio.com.br\/?p=5477","name":"Pr\u00eamio \u201cObjetivos de Desenvolvimento do Mil\u00eanio\u201d \u00e9 lan\u00e7ado em evento na SERIN - Blog do Farn\u00e9sio","isPartOf":{"@id":"https:\/\/blogdofarnesio.com.br\/#website"},"primaryImageOfPage":{"@id":"https:\/\/blogdofarnesio.com.br\/?p=5477#primaryimage"},"image":{"@id":"https:\/\/blogdofarnesio.com.br\/?p=5477#primaryimage"},"thumbnailUrl":"http:\/\/www.quersaberpolitica.com.br\/2016\/wp-content\/uploads\/2012\/12\/blgoqsp_miseriaba_1852.jpg","datePublished":"2011-08-03T07:30:00+00:00","dateModified":"2011-08-03T08:51:35+00:00","breadcrumb":{"@id":"https:\/\/blogdofarnesio.com.br\/?p=5477#breadcrumb"},"inLanguage":"pt-BR","potentialAction":[{"@type":"ReadAction","target":["https:\/\/blogdofarnesio.com.br\/?p=5477"]}]},{"@type":"ImageObject","inLanguage":"pt-BR","@id":"https:\/\/blogdofarnesio.com.br\/?p=5477#primaryimage","url":"http:\/\/www.quersaberpolitica.com.br\/2016\/wp-content\/uploads\/2012\/12\/blgoqsp_miseriaba_1852.jpg","contentUrl":"http:\/\/www.quersaberpolitica.com.br\/2016\/wp-content\/uploads\/2012\/12\/blgoqsp_miseriaba_1852.jpg"},{"@type":"BreadcrumbList","@id":"https:\/\/blogdofarnesio.com.br\/?p=5477#breadcrumb","itemListElement":[{"@type":"ListItem","position":1,"name":"In\u00edcio","item":"https:\/\/blogdofarnesio.com.br\/"},{"@type":"ListItem","position":2,"name":"Pr\u00eamio \u201cObjetivos de Desenvolvimento do Mil\u00eanio\u201d \u00e9 lan\u00e7ado em evento na SERIN"}]},{"@type":"WebSite","@id":"https:\/\/blogdofarnesio.com.br\/#website","url":"https:\/\/blogdofarnesio.com.br\/","name":"Blog do Farn\u00e9sio","description":"Quer Saber Pol\u00edtica?","publisher":{"@id":"https:\/\/blogdofarnesio.com.br\/#organization"},"potentialAction":[{"@type":"SearchAction","target":{"@type":"EntryPoint","urlTemplate":"https:\/\/blogdofarnesio.com.br\/?s={search_term_string}"},"query-input":{"@type":"PropertyValueSpecification","valueRequired":true,"valueName":"search_term_string"}}],"inLanguage":"pt-BR"},{"@type":"Organization","@id":"https:\/\/blogdofarnesio.com.br\/#organization","name":"Blog do Farn\u00e9sio","url":"https:\/\/blogdofarnesio.com.br\/","logo":{"@type":"ImageObject","inLanguage":"pt-BR","@id":"https:\/\/blogdofarnesio.com.br\/#\/schema\/logo\/image\/","url":"https:\/\/blogdofarnesio.com.br\/wp-content\/uploads\/2026\/03\/cropped-logo_new-1.png","contentUrl":"https:\/\/blogdofarnesio.com.br\/wp-content\/uploads\/2026\/03\/cropped-logo_new-1.png","width":881,"height":685,"caption":"Blog do Farn\u00e9sio"},"image":{"@id":"https:\/\/blogdofarnesio.com.br\/#\/schema\/logo\/image\/"},"sameAs":["https:\/\/www.facebook.com\/BlogQuerSaberPolitica\/"]}]}},"_links":{"self":[{"href":"https:\/\/blogdofarnesio.com.br\/index.php?rest_route=\/wp\/v2\/posts\/5477","targetHints":{"allow":["GET"]}}],"collection":[{"href":"https:\/\/blogdofarnesio.com.br\/index.php?rest_route=\/wp\/v2\/posts"}],"about":[{"href":"https:\/\/blogdofarnesio.com.br\/index.php?rest_route=\/wp\/v2\/types\/post"}],"replies":[{"embeddable":true,"href":"https:\/\/blogdofarnesio.com.br\/index.php?rest_route=%2Fwp%2Fv2%2Fcomments&post=5477"}],"version-history":[{"count":0,"href":"https:\/\/blogdofarnesio.com.br\/index.php?rest_route=\/wp\/v2\/posts\/5477\/revisions"}],"wp:attachment":[{"href":"https:\/\/blogdofarnesio.com.br\/index.php?rest_route=%2Fwp%2Fv2%2Fmedia&parent=5477"}],"wp:term":[{"taxonomy":"category","embeddable":true,"href":"https:\/\/blogdofarnesio.com.br\/index.php?rest_route=%2Fwp%2Fv2%2Fcategories&post=5477"},{"taxonomy":"post_tag","embeddable":true,"href":"https:\/\/blogdofarnesio.com.br\/index.php?rest_route=%2Fwp%2Fv2%2Ftags&post=5477"}],"curies":[{"name":"wp","href":"https:\/\/api.w.org\/{rel}","templated":true}]}}