{"id":54566,"date":"2013-08-24T09:32:37","date_gmt":"2013-08-24T12:32:37","guid":{"rendered":"http:\/\/www.quersaberpolitica.com.br\/?p=54566"},"modified":"2013-08-23T23:35:35","modified_gmt":"2013-08-24T02:35:35","slug":"proae-prorroga-prazo-de-inscricao-para-selecao-de-estagiarios","status":"publish","type":"post","link":"https:\/\/blogdofarnesio.com.br\/?p=54566","title":{"rendered":"PROAE PRORROGA PRAZO DE INSCRI\u00c7\u00c3O PARA SELE\u00c7\u00c3O DE ESTAGI\u00c1RIOS"},"content":{"rendered":"<p style=\"text-align: justify\">\n<a href=\"http:\/\/www.quersaberpolitica.com.br\/2016\/wp-content\/uploads\/2013\/07\/blogqspestagio2.jpg\"><img loading=\"lazy\" decoding=\"async\" class=\"alignleft size-full wp-image-46732\" alt=\"blogqspestagio2\" src=\"http:\/\/www.quersaberpolitica.com.br\/2016\/wp-content\/uploads\/2013\/07\/blogqspestagio2.jpg\" width=\"250\" height=\"202\" \/><\/a>As inscri\u00e7\u00f5es para o processo seletivo referente ao edital n\u00ba 2\/2013 da Pr\u00f3-Reitoria de Assist\u00eancia Estudantil (Proae), que visa \u00e0 contrata\u00e7\u00e3o de estagi\u00e1rios, foram prorrogadas.<\/p>\n<p style=\"text-align: justify\">Os interessados poder\u00e3o se inscrever gratuitamente at\u00e9 o dia 1\u00ba de setembro atrav\u00e9s do e-mail\u00a0<a href=\"mailto:proae@univasf.edu.br\">proae@univasf.edu.br<\/a>\u00a0ou pessoalmente at\u00e9 a pr\u00f3xima sexta-feira (30) na sala da Proae, no campus Petrolina Sede, das 8h \u00e0s 12h e das 14h \u00e0s 18h. A sele\u00e7\u00e3o \u00e9 destinada a estudantes dos cursos de Administra\u00e7\u00e3o, Comunica\u00e7\u00e3o Social, Inform\u00e1tica, Psicologia e Servi\u00e7o Social.<\/p>\n<p>Os candidatos dever\u00e3o apresentar no momento da inscri\u00e7\u00e3o os seguintes documentos: curr\u00edculo, hist\u00f3rico escolar e grade de hor\u00e1rios referente ao semestre 2013.1. S\u00e3o ofertadas ao todo seis vagas e entre os crit\u00e9rios exigidos, os estudantes devem estar regularmente matriculados a partir do 5\u00ba per\u00edodo.<\/p>\n<p style=\"text-align: justify\">A sele\u00e7\u00e3o englobar\u00e1 avalia\u00e7\u00e3o curricular e entrevista. Os selecionados receber\u00e3o bolsa mensal no valor de R$ 364,00 e aux\u00edlio transporte de R$132,00 e dever\u00e3o desenvolver atividades dentro da jornada de 20h semanais.<!--more--><\/p>\n<p style=\"text-align: justify\">Mais informa\u00e7\u00f5es podem ser consultadas atrav\u00e9s do e-mail da Proae ou pelos telefones: (87) 2101 \u2013 6874\/6858.<\/p>\n<p>Novo cronograma do processo seletivo:<\/p>\n<p>Inscri\u00e7\u00e3o \u2013 23 de agosto a 1\u00ba de setembro<\/p>\n<p>An\u00e1lise curricular \u2013 2 a 6 de setembro<\/p>\n<p>Entrevista \u2013 9 a 12 de setembro<\/p>\n<p>Resultado \u2013 13 de setembro<\/p>\n<p>Helen Sampaio<\/p>\n<p>Por: Assessoria de Comunica\u00e7\u00e3o<\/p>\n","protected":false},"excerpt":{"rendered":"<p>As inscri\u00e7\u00f5es para o processo seletivo referente ao edital n\u00ba 2\/2013 da Pr\u00f3-Reitoria de Assist\u00eancia Estudantil (Proae), que visa \u00e0 contrata\u00e7\u00e3o de estagi\u00e1rios, foram prorrogadas. Os interessados poder\u00e3o se inscrever gratuitamente at\u00e9 o dia 1\u00ba de setembro atrav\u00e9s do e-mail\u00a0proae@univasf.edu.br\u00a0ou pessoalmente at\u00e9 a pr\u00f3xima sexta-feira (30) na sala da Proae, no campus Petrolina Sede, das 8h \u00e0s 12h e das 14h \u00e0s 18h. A sele\u00e7\u00e3o \u00e9 destinada a estudantes dos cursos de Administra\u00e7\u00e3o, Comunica\u00e7\u00e3o Social, Inform\u00e1tica, Psicologia e Servi\u00e7o Social. Os candidatos dever\u00e3o apresentar no momento da inscri\u00e7\u00e3o os seguintes documentos: curr\u00edculo, hist\u00f3rico escolar e grade de hor\u00e1rios referente ao semestre 2013.1. S\u00e3o ofertadas ao todo seis vagas e entre os crit\u00e9rios exigidos, os estudantes devem estar regularmente matriculados a&hellip; <\/p>\n","protected":false},"author":3,"featured_media":0,"comment_status":"open","ping_status":"open","sticky":false,"template":"","format":"standard","meta":{"_acf_changed":false,"footnotes":""},"categories":[1],"tags":[],"class_list":["post-54566","post","type-post","status-publish","format-standard","hentry","category-politica"],"acf":[],"yoast_head":"<!-- This site is optimized with the Yoast SEO plugin v27.4 - https:\/\/yoast.com\/product\/yoast-seo-wordpress\/ -->\n<title>PROAE PRORROGA PRAZO DE INSCRI\u00c7\u00c3O PARA SELE\u00c7\u00c3O DE ESTAGI\u00c1RIOS - Blog do Farn\u00e9sio<\/title>\n<meta name=\"robots\" content=\"index, follow, max-snippet:-1, max-image-preview:large, max-video-preview:-1\" \/>\n<link rel=\"canonical\" href=\"https:\/\/blogdofarnesio.com.br\/?p=54566\" \/>\n<meta property=\"og:locale\" content=\"pt_BR\" \/>\n<meta property=\"og:type\" content=\"article\" \/>\n<meta property=\"og:title\" content=\"PROAE PRORROGA PRAZO DE INSCRI\u00c7\u00c3O PARA SELE\u00c7\u00c3O DE ESTAGI\u00c1RIOS - Blog do Farn\u00e9sio\" \/>\n<meta property=\"og:description\" content=\"As inscri\u00e7\u00f5es para o processo seletivo referente ao edital n\u00ba 2\/2013 da Pr\u00f3-Reitoria de Assist\u00eancia Estudantil (Proae), que visa \u00e0 contrata\u00e7\u00e3o de estagi\u00e1rios, foram prorrogadas. Os interessados poder\u00e3o se inscrever gratuitamente at\u00e9 o dia 1\u00ba de setembro atrav\u00e9s do e-mail\u00a0proae@univasf.edu.br\u00a0ou pessoalmente at\u00e9 a pr\u00f3xima sexta-feira (30) na sala da Proae, no campus Petrolina Sede, das 8h \u00e0s 12h e das 14h \u00e0s 18h. A sele\u00e7\u00e3o \u00e9 destinada a estudantes dos cursos de Administra\u00e7\u00e3o, Comunica\u00e7\u00e3o Social, Inform\u00e1tica, Psicologia e Servi\u00e7o Social. Os candidatos dever\u00e3o apresentar no momento da inscri\u00e7\u00e3o os seguintes documentos: curr\u00edculo, hist\u00f3rico escolar e grade de hor\u00e1rios referente ao semestre 2013.1. S\u00e3o ofertadas ao todo seis vagas e entre os crit\u00e9rios exigidos, os estudantes devem estar regularmente matriculados a&hellip;\" \/>\n<meta property=\"og:url\" content=\"https:\/\/blogdofarnesio.com.br\/?p=54566\" \/>\n<meta property=\"og:site_name\" content=\"Blog do Farn\u00e9sio\" \/>\n<meta property=\"article:publisher\" content=\"https:\/\/www.facebook.com\/BlogQuerSaberPolitica\/\" \/>\n<meta property=\"article:published_time\" content=\"2013-08-24T12:32:37+00:00\" \/>\n<meta property=\"og:image\" content=\"http:\/\/www.quersaberpolitica.com.br\/2016\/wp-content\/uploads\/2013\/07\/blogqspestagio2.jpg\" \/>\n<meta name=\"author\" content=\"teste\" \/>\n<meta name=\"twitter:card\" content=\"summary_large_image\" \/>\n<meta name=\"twitter:label1\" content=\"Escrito por\" \/>\n\t<meta name=\"twitter:data1\" content=\"teste\" \/>\n\t<meta name=\"twitter:label2\" content=\"Est. tempo de leitura\" \/>\n\t<meta name=\"twitter:data2\" content=\"1 minuto\" \/>\n<script type=\"application\/ld+json\" class=\"yoast-schema-graph\">{\"@context\":\"https:\\\/\\\/schema.org\",\"@graph\":[{\"@type\":\"Article\",\"@id\":\"https:\\\/\\\/blogdofarnesio.com.br\\\/?p=54566#article\",\"isPartOf\":{\"@id\":\"https:\\\/\\\/blogdofarnesio.com.br\\\/?p=54566\"},\"author\":{\"name\":\"teste\",\"@id\":\"https:\\\/\\\/blogdofarnesio.com.br\\\/#\\\/schema\\\/person\\\/dd1bf5eba40b687199ba45ca6b97dff9\"},\"headline\":\"PROAE PRORROGA PRAZO DE INSCRI\u00c7\u00c3O PARA SELE\u00c7\u00c3O DE ESTAGI\u00c1RIOS\",\"datePublished\":\"2013-08-24T12:32:37+00:00\",\"mainEntityOfPage\":{\"@id\":\"https:\\\/\\\/blogdofarnesio.com.br\\\/?p=54566\"},\"wordCount\":238,\"commentCount\":0,\"publisher\":{\"@id\":\"https:\\\/\\\/blogdofarnesio.com.br\\\/#organization\"},\"image\":{\"@id\":\"https:\\\/\\\/blogdofarnesio.com.br\\\/?p=54566#primaryimage\"},\"thumbnailUrl\":\"http:\\\/\\\/www.quersaberpolitica.com.br\\\/2016\\\/wp-content\\\/uploads\\\/2013\\\/07\\\/blogqspestagio2.jpg\",\"articleSection\":[\"Pol\u00edtica\"],\"inLanguage\":\"pt-BR\",\"potentialAction\":[{\"@type\":\"CommentAction\",\"name\":\"Comment\",\"target\":[\"https:\\\/\\\/blogdofarnesio.com.br\\\/?p=54566#respond\"]}]},{\"@type\":\"WebPage\",\"@id\":\"https:\\\/\\\/blogdofarnesio.com.br\\\/?p=54566\",\"url\":\"https:\\\/\\\/blogdofarnesio.com.br\\\/?p=54566\",\"name\":\"PROAE PRORROGA PRAZO DE INSCRI\u00c7\u00c3O PARA SELE\u00c7\u00c3O DE ESTAGI\u00c1RIOS - Blog do Farn\u00e9sio\",\"isPartOf\":{\"@id\":\"https:\\\/\\\/blogdofarnesio.com.br\\\/#website\"},\"primaryImageOfPage\":{\"@id\":\"https:\\\/\\\/blogdofarnesio.com.br\\\/?p=54566#primaryimage\"},\"image\":{\"@id\":\"https:\\\/\\\/blogdofarnesio.com.br\\\/?p=54566#primaryimage\"},\"thumbnailUrl\":\"http:\\\/\\\/www.quersaberpolitica.com.br\\\/2016\\\/wp-content\\\/uploads\\\/2013\\\/07\\\/blogqspestagio2.jpg\",\"datePublished\":\"2013-08-24T12:32:37+00:00\",\"breadcrumb\":{\"@id\":\"https:\\\/\\\/blogdofarnesio.com.br\\\/?p=54566#breadcrumb\"},\"inLanguage\":\"pt-BR\",\"potentialAction\":[{\"@type\":\"ReadAction\",\"target\":[\"https:\\\/\\\/blogdofarnesio.com.br\\\/?p=54566\"]}]},{\"@type\":\"ImageObject\",\"inLanguage\":\"pt-BR\",\"@id\":\"https:\\\/\\\/blogdofarnesio.com.br\\\/?p=54566#primaryimage\",\"url\":\"http:\\\/\\\/www.quersaberpolitica.com.br\\\/2016\\\/wp-content\\\/uploads\\\/2013\\\/07\\\/blogqspestagio2.jpg\",\"contentUrl\":\"http:\\\/\\\/www.quersaberpolitica.com.br\\\/2016\\\/wp-content\\\/uploads\\\/2013\\\/07\\\/blogqspestagio2.jpg\"},{\"@type\":\"BreadcrumbList\",\"@id\":\"https:\\\/\\\/blogdofarnesio.com.br\\\/?p=54566#breadcrumb\",\"itemListElement\":[{\"@type\":\"ListItem\",\"position\":1,\"name\":\"In\u00edcio\",\"item\":\"https:\\\/\\\/blogdofarnesio.com.br\\\/\"},{\"@type\":\"ListItem\",\"position\":2,\"name\":\"PROAE PRORROGA PRAZO DE INSCRI\u00c7\u00c3O PARA SELE\u00c7\u00c3O DE ESTAGI\u00c1RIOS\"}]},{\"@type\":\"WebSite\",\"@id\":\"https:\\\/\\\/blogdofarnesio.com.br\\\/#website\",\"url\":\"https:\\\/\\\/blogdofarnesio.com.br\\\/\",\"name\":\"Blog do Farn\u00e9sio\",\"description\":\"Quer Saber Pol\u00edtica?\",\"publisher\":{\"@id\":\"https:\\\/\\\/blogdofarnesio.com.br\\\/#organization\"},\"potentialAction\":[{\"@type\":\"SearchAction\",\"target\":{\"@type\":\"EntryPoint\",\"urlTemplate\":\"https:\\\/\\\/blogdofarnesio.com.br\\\/?s={search_term_string}\"},\"query-input\":{\"@type\":\"PropertyValueSpecification\",\"valueRequired\":true,\"valueName\":\"search_term_string\"}}],\"inLanguage\":\"pt-BR\"},{\"@type\":\"Organization\",\"@id\":\"https:\\\/\\\/blogdofarnesio.com.br\\\/#organization\",\"name\":\"Blog do Farn\u00e9sio\",\"url\":\"https:\\\/\\\/blogdofarnesio.com.br\\\/\",\"logo\":{\"@type\":\"ImageObject\",\"inLanguage\":\"pt-BR\",\"@id\":\"https:\\\/\\\/blogdofarnesio.com.br\\\/#\\\/schema\\\/logo\\\/image\\\/\",\"url\":\"https:\\\/\\\/blogdofarnesio.com.br\\\/wp-content\\\/uploads\\\/2026\\\/03\\\/cropped-logo_new-1.png\",\"contentUrl\":\"https:\\\/\\\/blogdofarnesio.com.br\\\/wp-content\\\/uploads\\\/2026\\\/03\\\/cropped-logo_new-1.png\",\"width\":881,\"height\":685,\"caption\":\"Blog do Farn\u00e9sio\"},\"image\":{\"@id\":\"https:\\\/\\\/blogdofarnesio.com.br\\\/#\\\/schema\\\/logo\\\/image\\\/\"},\"sameAs\":[\"https:\\\/\\\/www.facebook.com\\\/BlogQuerSaberPolitica\\\/\"]},{\"@type\":\"Person\",\"@id\":\"https:\\\/\\\/blogdofarnesio.com.br\\\/#\\\/schema\\\/person\\\/dd1bf5eba40b687199ba45ca6b97dff9\",\"name\":\"teste\",\"image\":{\"@type\":\"ImageObject\",\"inLanguage\":\"pt-BR\",\"@id\":\"https:\\\/\\\/secure.gravatar.com\\\/avatar\\\/2172498d4914b51e1d89a0f97957b035ac4938723a5cac208135d389b6972a6d?s=96&d=mm&r=g\",\"url\":\"https:\\\/\\\/secure.gravatar.com\\\/avatar\\\/2172498d4914b51e1d89a0f97957b035ac4938723a5cac208135d389b6972a6d?s=96&d=mm&r=g\",\"contentUrl\":\"https:\\\/\\\/secure.gravatar.com\\\/avatar\\\/2172498d4914b51e1d89a0f97957b035ac4938723a5cac208135d389b6972a6d?s=96&d=mm&r=g\",\"caption\":\"teste\"},\"url\":\"https:\\\/\\\/blogdofarnesio.com.br\\\/?author=3\"}]}<\/script>\n<!-- \/ Yoast SEO plugin. -->","yoast_head_json":{"title":"PROAE PRORROGA PRAZO DE INSCRI\u00c7\u00c3O PARA SELE\u00c7\u00c3O DE ESTAGI\u00c1RIOS - Blog do Farn\u00e9sio","robots":{"index":"index","follow":"follow","max-snippet":"max-snippet:-1","max-image-preview":"max-image-preview:large","max-video-preview":"max-video-preview:-1"},"canonical":"https:\/\/blogdofarnesio.com.br\/?p=54566","og_locale":"pt_BR","og_type":"article","og_title":"PROAE PRORROGA PRAZO DE INSCRI\u00c7\u00c3O PARA SELE\u00c7\u00c3O DE ESTAGI\u00c1RIOS - Blog do Farn\u00e9sio","og_description":"As inscri\u00e7\u00f5es para o processo seletivo referente ao edital n\u00ba 2\/2013 da Pr\u00f3-Reitoria de Assist\u00eancia Estudantil (Proae), que visa \u00e0 contrata\u00e7\u00e3o de estagi\u00e1rios, foram prorrogadas. Os interessados poder\u00e3o se inscrever gratuitamente at\u00e9 o dia 1\u00ba de setembro atrav\u00e9s do e-mail\u00a0proae@univasf.edu.br\u00a0ou pessoalmente at\u00e9 a pr\u00f3xima sexta-feira (30) na sala da Proae, no campus Petrolina Sede, das 8h \u00e0s 12h e das 14h \u00e0s 18h. A sele\u00e7\u00e3o \u00e9 destinada a estudantes dos cursos de Administra\u00e7\u00e3o, Comunica\u00e7\u00e3o Social, Inform\u00e1tica, Psicologia e Servi\u00e7o Social. Os candidatos dever\u00e3o apresentar no momento da inscri\u00e7\u00e3o os seguintes documentos: curr\u00edculo, hist\u00f3rico escolar e grade de hor\u00e1rios referente ao semestre 2013.1. S\u00e3o ofertadas ao todo seis vagas e entre os crit\u00e9rios exigidos, os estudantes devem estar regularmente matriculados a&hellip;","og_url":"https:\/\/blogdofarnesio.com.br\/?p=54566","og_site_name":"Blog do Farn\u00e9sio","article_publisher":"https:\/\/www.facebook.com\/BlogQuerSaberPolitica\/","article_published_time":"2013-08-24T12:32:37+00:00","og_image":[{"url":"http:\/\/www.quersaberpolitica.com.br\/2016\/wp-content\/uploads\/2013\/07\/blogqspestagio2.jpg","type":"","width":"","height":""}],"author":"teste","twitter_card":"summary_large_image","twitter_misc":{"Escrito por":"teste","Est. tempo de leitura":"1 minuto"},"schema":{"@context":"https:\/\/schema.org","@graph":[{"@type":"Article","@id":"https:\/\/blogdofarnesio.com.br\/?p=54566#article","isPartOf":{"@id":"https:\/\/blogdofarnesio.com.br\/?p=54566"},"author":{"name":"teste","@id":"https:\/\/blogdofarnesio.com.br\/#\/schema\/person\/dd1bf5eba40b687199ba45ca6b97dff9"},"headline":"PROAE PRORROGA PRAZO DE INSCRI\u00c7\u00c3O PARA SELE\u00c7\u00c3O DE ESTAGI\u00c1RIOS","datePublished":"2013-08-24T12:32:37+00:00","mainEntityOfPage":{"@id":"https:\/\/blogdofarnesio.com.br\/?p=54566"},"wordCount":238,"commentCount":0,"publisher":{"@id":"https:\/\/blogdofarnesio.com.br\/#organization"},"image":{"@id":"https:\/\/blogdofarnesio.com.br\/?p=54566#primaryimage"},"thumbnailUrl":"http:\/\/www.quersaberpolitica.com.br\/2016\/wp-content\/uploads\/2013\/07\/blogqspestagio2.jpg","articleSection":["Pol\u00edtica"],"inLanguage":"pt-BR","potentialAction":[{"@type":"CommentAction","name":"Comment","target":["https:\/\/blogdofarnesio.com.br\/?p=54566#respond"]}]},{"@type":"WebPage","@id":"https:\/\/blogdofarnesio.com.br\/?p=54566","url":"https:\/\/blogdofarnesio.com.br\/?p=54566","name":"PROAE PRORROGA PRAZO DE INSCRI\u00c7\u00c3O PARA SELE\u00c7\u00c3O DE ESTAGI\u00c1RIOS - Blog do Farn\u00e9sio","isPartOf":{"@id":"https:\/\/blogdofarnesio.com.br\/#website"},"primaryImageOfPage":{"@id":"https:\/\/blogdofarnesio.com.br\/?p=54566#primaryimage"},"image":{"@id":"https:\/\/blogdofarnesio.com.br\/?p=54566#primaryimage"},"thumbnailUrl":"http:\/\/www.quersaberpolitica.com.br\/2016\/wp-content\/uploads\/2013\/07\/blogqspestagio2.jpg","datePublished":"2013-08-24T12:32:37+00:00","breadcrumb":{"@id":"https:\/\/blogdofarnesio.com.br\/?p=54566#breadcrumb"},"inLanguage":"pt-BR","potentialAction":[{"@type":"ReadAction","target":["https:\/\/blogdofarnesio.com.br\/?p=54566"]}]},{"@type":"ImageObject","inLanguage":"pt-BR","@id":"https:\/\/blogdofarnesio.com.br\/?p=54566#primaryimage","url":"http:\/\/www.quersaberpolitica.com.br\/2016\/wp-content\/uploads\/2013\/07\/blogqspestagio2.jpg","contentUrl":"http:\/\/www.quersaberpolitica.com.br\/2016\/wp-content\/uploads\/2013\/07\/blogqspestagio2.jpg"},{"@type":"BreadcrumbList","@id":"https:\/\/blogdofarnesio.com.br\/?p=54566#breadcrumb","itemListElement":[{"@type":"ListItem","position":1,"name":"In\u00edcio","item":"https:\/\/blogdofarnesio.com.br\/"},{"@type":"ListItem","position":2,"name":"PROAE PRORROGA PRAZO DE INSCRI\u00c7\u00c3O PARA SELE\u00c7\u00c3O DE ESTAGI\u00c1RIOS"}]},{"@type":"WebSite","@id":"https:\/\/blogdofarnesio.com.br\/#website","url":"https:\/\/blogdofarnesio.com.br\/","name":"Blog do Farn\u00e9sio","description":"Quer Saber Pol\u00edtica?","publisher":{"@id":"https:\/\/blogdofarnesio.com.br\/#organization"},"potentialAction":[{"@type":"SearchAction","target":{"@type":"EntryPoint","urlTemplate":"https:\/\/blogdofarnesio.com.br\/?s={search_term_string}"},"query-input":{"@type":"PropertyValueSpecification","valueRequired":true,"valueName":"search_term_string"}}],"inLanguage":"pt-BR"},{"@type":"Organization","@id":"https:\/\/blogdofarnesio.com.br\/#organization","name":"Blog do Farn\u00e9sio","url":"https:\/\/blogdofarnesio.com.br\/","logo":{"@type":"ImageObject","inLanguage":"pt-BR","@id":"https:\/\/blogdofarnesio.com.br\/#\/schema\/logo\/image\/","url":"https:\/\/blogdofarnesio.com.br\/wp-content\/uploads\/2026\/03\/cropped-logo_new-1.png","contentUrl":"https:\/\/blogdofarnesio.com.br\/wp-content\/uploads\/2026\/03\/cropped-logo_new-1.png","width":881,"height":685,"caption":"Blog do Farn\u00e9sio"},"image":{"@id":"https:\/\/blogdofarnesio.com.br\/#\/schema\/logo\/image\/"},"sameAs":["https:\/\/www.facebook.com\/BlogQuerSaberPolitica\/"]},{"@type":"Person","@id":"https:\/\/blogdofarnesio.com.br\/#\/schema\/person\/dd1bf5eba40b687199ba45ca6b97dff9","name":"teste","image":{"@type":"ImageObject","inLanguage":"pt-BR","@id":"https:\/\/secure.gravatar.com\/avatar\/2172498d4914b51e1d89a0f97957b035ac4938723a5cac208135d389b6972a6d?s=96&d=mm&r=g","url":"https:\/\/secure.gravatar.com\/avatar\/2172498d4914b51e1d89a0f97957b035ac4938723a5cac208135d389b6972a6d?s=96&d=mm&r=g","contentUrl":"https:\/\/secure.gravatar.com\/avatar\/2172498d4914b51e1d89a0f97957b035ac4938723a5cac208135d389b6972a6d?s=96&d=mm&r=g","caption":"teste"},"url":"https:\/\/blogdofarnesio.com.br\/?author=3"}]}},"_links":{"self":[{"href":"https:\/\/blogdofarnesio.com.br\/index.php?rest_route=\/wp\/v2\/posts\/54566","targetHints":{"allow":["GET"]}}],"collection":[{"href":"https:\/\/blogdofarnesio.com.br\/index.php?rest_route=\/wp\/v2\/posts"}],"about":[{"href":"https:\/\/blogdofarnesio.com.br\/index.php?rest_route=\/wp\/v2\/types\/post"}],"author":[{"embeddable":true,"href":"https:\/\/blogdofarnesio.com.br\/index.php?rest_route=\/wp\/v2\/users\/3"}],"replies":[{"embeddable":true,"href":"https:\/\/blogdofarnesio.com.br\/index.php?rest_route=%2Fwp%2Fv2%2Fcomments&post=54566"}],"version-history":[{"count":0,"href":"https:\/\/blogdofarnesio.com.br\/index.php?rest_route=\/wp\/v2\/posts\/54566\/revisions"}],"wp:attachment":[{"href":"https:\/\/blogdofarnesio.com.br\/index.php?rest_route=%2Fwp%2Fv2%2Fmedia&parent=54566"}],"wp:term":[{"taxonomy":"category","embeddable":true,"href":"https:\/\/blogdofarnesio.com.br\/index.php?rest_route=%2Fwp%2Fv2%2Fcategories&post=54566"},{"taxonomy":"post_tag","embeddable":true,"href":"https:\/\/blogdofarnesio.com.br\/index.php?rest_route=%2Fwp%2Fv2%2Ftags&post=54566"}],"curies":[{"name":"wp","href":"https:\/\/api.w.org\/{rel}","templated":true}]}}