{"id":54547,"date":"2013-08-24T10:00:38","date_gmt":"2013-08-24T13:00:38","guid":{"rendered":"http:\/\/www.quersaberpolitica.com.br\/?p=54547"},"modified":"2013-08-24T08:31:07","modified_gmt":"2013-08-24T11:31:07","slug":"secretaria-da-mulher-de-petrolina-participa-de-eventos-neste-sabado","status":"publish","type":"post","link":"https:\/\/blogdofarnesio.com.br\/?p=54547","title":{"rendered":"SECRETARIA DA MULHER DE PETROLINA PARTICIPA DE EVENTOS NESTE S\u00c1BADO"},"content":{"rendered":"<p style=\"text-align: justify\"><a href=\"http:\/\/www.quersaberpolitica.com.br\/2016\/wp-content\/uploads\/2013\/04\/blogqspmulheresviolencia.jpg\"><img loading=\"lazy\" decoding=\"async\" class=\"alignleft size-full wp-image-36689\" alt=\"blogqspmulheresviolencia\" src=\"http:\/\/www.quersaberpolitica.com.br\/2016\/wp-content\/uploads\/2013\/04\/blogqspmulheresviolencia.jpg\" width=\"275\" height=\"183\" \/><\/a>A secretaria da Mulher de Petrolina, neste s\u00e1bado (24), estar\u00e1 participando da Festa da Fam\u00edlia na comunidade de Nova Descoberta<\/p>\n<p style=\"text-align: justify\">Na ocasi\u00e3o, as equipes da Secretaria realizar\u00e3o uma palestra para discutir os direitos da mulher. Ser\u00e3o apresentados tamb\u00e9m os atendimentos dispon\u00edveis na rede municipal \u00e0s v\u00edtimas de viol\u00eancia dom\u00e9stica como: atendimento psicol\u00f3gico, social, orienta\u00e7\u00e3o e\u00a0assist\u00eancia jur\u00eddica atrav\u00e9s do Centro de Refer\u00eancia da Mulher Valdete Cezar (CRAM).\u00a0O evento\u00a0\u00e9 organizado pela Escola Municipal Jos\u00e9 Ribeiro da Silva, das 8h \u00e0s 14h.<\/p>\n<p style=\"text-align: justify\">No mesmo dia, a Secretaria participar\u00e1 tamb\u00e9m de uma passeata na Avenida Bernadino Coelho, bairro Jos\u00e9 e Maria, a partir das 10h30. O movimento \u00e9 idealizado\u00a0pelas mulheres da Igreja Adventista do S\u00e9timo Dia e ter\u00e1 como tema a frase \u201cQuebrando o Sil\u00eancio&#8221;.<!--more--><\/p>\n<p style=\"text-align: justify\">\u201c \u00c9 importante que a sociedade se volte para as discuss\u00f5es em torno dos direitos e da viol\u00eancia contra as mulheres. Estamos apoiando os eventos e esperamos que as pessoas se conscientizem ainda mais para com esta causa\u201d, ressalta a secret\u00e1ria da Mulher de Petrolina, Roseane Farias.<\/p>\n<p style=\"text-align: justify\"><strong>Texto: Alinne Torres<\/strong><\/p>\n","protected":false},"excerpt":{"rendered":"<p>A secretaria da Mulher de Petrolina, neste s\u00e1bado (24), estar\u00e1 participando da Festa da Fam\u00edlia na comunidade de Nova Descoberta Na ocasi\u00e3o, as equipes da Secretaria realizar\u00e3o uma palestra para discutir os direitos da mulher. Ser\u00e3o apresentados tamb\u00e9m os atendimentos dispon\u00edveis na rede municipal \u00e0s v\u00edtimas de viol\u00eancia dom\u00e9stica como: atendimento psicol\u00f3gico, social, orienta\u00e7\u00e3o e\u00a0assist\u00eancia jur\u00eddica atrav\u00e9s do Centro de Refer\u00eancia da Mulher Valdete Cezar (CRAM).\u00a0O evento\u00a0\u00e9 organizado pela Escola Municipal Jos\u00e9 Ribeiro da Silva, das 8h \u00e0s 14h. No mesmo dia, a Secretaria participar\u00e1 tamb\u00e9m de uma passeata na Avenida Bernadino Coelho, bairro Jos\u00e9 e Maria, a partir das 10h30. O movimento \u00e9 idealizado\u00a0pelas mulheres da Igreja Adventista do S\u00e9timo Dia e ter\u00e1 como tema a frase \u201cQuebrando o&hellip; <\/p>\n","protected":false},"author":3,"featured_media":0,"comment_status":"open","ping_status":"open","sticky":false,"template":"","format":"standard","meta":{"_acf_changed":false,"footnotes":""},"categories":[22],"tags":[],"class_list":["post-54547","post","type-post","status-publish","format-standard","hentry","category-acao-social"],"acf":[],"yoast_head":"<!-- This site is optimized with the Yoast SEO plugin v27.4 - https:\/\/yoast.com\/product\/yoast-seo-wordpress\/ -->\n<title>SECRETARIA DA MULHER DE PETROLINA PARTICIPA DE EVENTOS NESTE S\u00c1BADO - Blog do Farn\u00e9sio<\/title>\n<meta name=\"robots\" content=\"index, follow, max-snippet:-1, max-image-preview:large, max-video-preview:-1\" \/>\n<link rel=\"canonical\" href=\"https:\/\/blogdofarnesio.com.br\/?p=54547\" \/>\n<meta property=\"og:locale\" content=\"pt_BR\" \/>\n<meta property=\"og:type\" content=\"article\" \/>\n<meta property=\"og:title\" content=\"SECRETARIA DA MULHER DE PETROLINA PARTICIPA DE EVENTOS NESTE S\u00c1BADO - Blog do Farn\u00e9sio\" \/>\n<meta property=\"og:description\" content=\"A secretaria da Mulher de Petrolina, neste s\u00e1bado (24), estar\u00e1 participando da Festa da Fam\u00edlia na comunidade de Nova Descoberta Na ocasi\u00e3o, as equipes da Secretaria realizar\u00e3o uma palestra para discutir os direitos da mulher. Ser\u00e3o apresentados tamb\u00e9m os atendimentos dispon\u00edveis na rede municipal \u00e0s v\u00edtimas de viol\u00eancia dom\u00e9stica como: atendimento psicol\u00f3gico, social, orienta\u00e7\u00e3o e\u00a0assist\u00eancia jur\u00eddica atrav\u00e9s do Centro de Refer\u00eancia da Mulher Valdete Cezar (CRAM).\u00a0O evento\u00a0\u00e9 organizado pela Escola Municipal Jos\u00e9 Ribeiro da Silva, das 8h \u00e0s 14h. No mesmo dia, a Secretaria participar\u00e1 tamb\u00e9m de uma passeata na Avenida Bernadino Coelho, bairro Jos\u00e9 e Maria, a partir das 10h30. O movimento \u00e9 idealizado\u00a0pelas mulheres da Igreja Adventista do S\u00e9timo Dia e ter\u00e1 como tema a frase \u201cQuebrando o&hellip;\" \/>\n<meta property=\"og:url\" content=\"https:\/\/blogdofarnesio.com.br\/?p=54547\" \/>\n<meta property=\"og:site_name\" content=\"Blog do Farn\u00e9sio\" \/>\n<meta property=\"article:publisher\" content=\"https:\/\/www.facebook.com\/BlogQuerSaberPolitica\/\" \/>\n<meta property=\"article:published_time\" content=\"2013-08-24T13:00:38+00:00\" \/>\n<meta property=\"og:image\" content=\"http:\/\/www.quersaberpolitica.com.br\/2016\/wp-content\/uploads\/2013\/04\/blogqspmulheresviolencia.jpg\" \/>\n<meta name=\"author\" content=\"teste\" \/>\n<meta name=\"twitter:card\" content=\"summary_large_image\" \/>\n<meta name=\"twitter:label1\" content=\"Escrito por\" \/>\n\t<meta name=\"twitter:data1\" content=\"teste\" \/>\n\t<meta name=\"twitter:label2\" content=\"Est. tempo de leitura\" \/>\n\t<meta name=\"twitter:data2\" content=\"1 minuto\" \/>\n<script type=\"application\/ld+json\" class=\"yoast-schema-graph\">{\"@context\":\"https:\\\/\\\/schema.org\",\"@graph\":[{\"@type\":\"Article\",\"@id\":\"https:\\\/\\\/blogdofarnesio.com.br\\\/?p=54547#article\",\"isPartOf\":{\"@id\":\"https:\\\/\\\/blogdofarnesio.com.br\\\/?p=54547\"},\"author\":{\"name\":\"teste\",\"@id\":\"https:\\\/\\\/blogdofarnesio.com.br\\\/#\\\/schema\\\/person\\\/dd1bf5eba40b687199ba45ca6b97dff9\"},\"headline\":\"SECRETARIA DA MULHER DE PETROLINA PARTICIPA DE EVENTOS NESTE S\u00c1BADO\",\"datePublished\":\"2013-08-24T13:00:38+00:00\",\"mainEntityOfPage\":{\"@id\":\"https:\\\/\\\/blogdofarnesio.com.br\\\/?p=54547\"},\"wordCount\":203,\"commentCount\":0,\"publisher\":{\"@id\":\"https:\\\/\\\/blogdofarnesio.com.br\\\/#organization\"},\"image\":{\"@id\":\"https:\\\/\\\/blogdofarnesio.com.br\\\/?p=54547#primaryimage\"},\"thumbnailUrl\":\"http:\\\/\\\/www.quersaberpolitica.com.br\\\/2016\\\/wp-content\\\/uploads\\\/2013\\\/04\\\/blogqspmulheresviolencia.jpg\",\"articleSection\":[\"A\u00e7\u00e3o Social\"],\"inLanguage\":\"pt-BR\",\"potentialAction\":[{\"@type\":\"CommentAction\",\"name\":\"Comment\",\"target\":[\"https:\\\/\\\/blogdofarnesio.com.br\\\/?p=54547#respond\"]}]},{\"@type\":\"WebPage\",\"@id\":\"https:\\\/\\\/blogdofarnesio.com.br\\\/?p=54547\",\"url\":\"https:\\\/\\\/blogdofarnesio.com.br\\\/?p=54547\",\"name\":\"SECRETARIA DA MULHER DE PETROLINA PARTICIPA DE EVENTOS NESTE S\u00c1BADO - Blog do Farn\u00e9sio\",\"isPartOf\":{\"@id\":\"https:\\\/\\\/blogdofarnesio.com.br\\\/#website\"},\"primaryImageOfPage\":{\"@id\":\"https:\\\/\\\/blogdofarnesio.com.br\\\/?p=54547#primaryimage\"},\"image\":{\"@id\":\"https:\\\/\\\/blogdofarnesio.com.br\\\/?p=54547#primaryimage\"},\"thumbnailUrl\":\"http:\\\/\\\/www.quersaberpolitica.com.br\\\/2016\\\/wp-content\\\/uploads\\\/2013\\\/04\\\/blogqspmulheresviolencia.jpg\",\"datePublished\":\"2013-08-24T13:00:38+00:00\",\"breadcrumb\":{\"@id\":\"https:\\\/\\\/blogdofarnesio.com.br\\\/?p=54547#breadcrumb\"},\"inLanguage\":\"pt-BR\",\"potentialAction\":[{\"@type\":\"ReadAction\",\"target\":[\"https:\\\/\\\/blogdofarnesio.com.br\\\/?p=54547\"]}]},{\"@type\":\"ImageObject\",\"inLanguage\":\"pt-BR\",\"@id\":\"https:\\\/\\\/blogdofarnesio.com.br\\\/?p=54547#primaryimage\",\"url\":\"http:\\\/\\\/www.quersaberpolitica.com.br\\\/2016\\\/wp-content\\\/uploads\\\/2013\\\/04\\\/blogqspmulheresviolencia.jpg\",\"contentUrl\":\"http:\\\/\\\/www.quersaberpolitica.com.br\\\/2016\\\/wp-content\\\/uploads\\\/2013\\\/04\\\/blogqspmulheresviolencia.jpg\"},{\"@type\":\"BreadcrumbList\",\"@id\":\"https:\\\/\\\/blogdofarnesio.com.br\\\/?p=54547#breadcrumb\",\"itemListElement\":[{\"@type\":\"ListItem\",\"position\":1,\"name\":\"In\u00edcio\",\"item\":\"https:\\\/\\\/blogdofarnesio.com.br\\\/\"},{\"@type\":\"ListItem\",\"position\":2,\"name\":\"SECRETARIA DA MULHER DE PETROLINA PARTICIPA DE EVENTOS NESTE S\u00c1BADO\"}]},{\"@type\":\"WebSite\",\"@id\":\"https:\\\/\\\/blogdofarnesio.com.br\\\/#website\",\"url\":\"https:\\\/\\\/blogdofarnesio.com.br\\\/\",\"name\":\"Blog do Farn\u00e9sio\",\"description\":\"Quer Saber Pol\u00edtica?\",\"publisher\":{\"@id\":\"https:\\\/\\\/blogdofarnesio.com.br\\\/#organization\"},\"potentialAction\":[{\"@type\":\"SearchAction\",\"target\":{\"@type\":\"EntryPoint\",\"urlTemplate\":\"https:\\\/\\\/blogdofarnesio.com.br\\\/?s={search_term_string}\"},\"query-input\":{\"@type\":\"PropertyValueSpecification\",\"valueRequired\":true,\"valueName\":\"search_term_string\"}}],\"inLanguage\":\"pt-BR\"},{\"@type\":\"Organization\",\"@id\":\"https:\\\/\\\/blogdofarnesio.com.br\\\/#organization\",\"name\":\"Blog do Farn\u00e9sio\",\"url\":\"https:\\\/\\\/blogdofarnesio.com.br\\\/\",\"logo\":{\"@type\":\"ImageObject\",\"inLanguage\":\"pt-BR\",\"@id\":\"https:\\\/\\\/blogdofarnesio.com.br\\\/#\\\/schema\\\/logo\\\/image\\\/\",\"url\":\"https:\\\/\\\/blogdofarnesio.com.br\\\/wp-content\\\/uploads\\\/2026\\\/03\\\/cropped-logo_new-1.png\",\"contentUrl\":\"https:\\\/\\\/blogdofarnesio.com.br\\\/wp-content\\\/uploads\\\/2026\\\/03\\\/cropped-logo_new-1.png\",\"width\":881,\"height\":685,\"caption\":\"Blog do Farn\u00e9sio\"},\"image\":{\"@id\":\"https:\\\/\\\/blogdofarnesio.com.br\\\/#\\\/schema\\\/logo\\\/image\\\/\"},\"sameAs\":[\"https:\\\/\\\/www.facebook.com\\\/BlogQuerSaberPolitica\\\/\"]},{\"@type\":\"Person\",\"@id\":\"https:\\\/\\\/blogdofarnesio.com.br\\\/#\\\/schema\\\/person\\\/dd1bf5eba40b687199ba45ca6b97dff9\",\"name\":\"teste\",\"image\":{\"@type\":\"ImageObject\",\"inLanguage\":\"pt-BR\",\"@id\":\"https:\\\/\\\/secure.gravatar.com\\\/avatar\\\/2172498d4914b51e1d89a0f97957b035ac4938723a5cac208135d389b6972a6d?s=96&d=mm&r=g\",\"url\":\"https:\\\/\\\/secure.gravatar.com\\\/avatar\\\/2172498d4914b51e1d89a0f97957b035ac4938723a5cac208135d389b6972a6d?s=96&d=mm&r=g\",\"contentUrl\":\"https:\\\/\\\/secure.gravatar.com\\\/avatar\\\/2172498d4914b51e1d89a0f97957b035ac4938723a5cac208135d389b6972a6d?s=96&d=mm&r=g\",\"caption\":\"teste\"},\"url\":\"https:\\\/\\\/blogdofarnesio.com.br\\\/?author=3\"}]}<\/script>\n<!-- \/ Yoast SEO plugin. -->","yoast_head_json":{"title":"SECRETARIA DA MULHER DE PETROLINA PARTICIPA DE EVENTOS NESTE S\u00c1BADO - Blog do Farn\u00e9sio","robots":{"index":"index","follow":"follow","max-snippet":"max-snippet:-1","max-image-preview":"max-image-preview:large","max-video-preview":"max-video-preview:-1"},"canonical":"https:\/\/blogdofarnesio.com.br\/?p=54547","og_locale":"pt_BR","og_type":"article","og_title":"SECRETARIA DA MULHER DE PETROLINA PARTICIPA DE EVENTOS NESTE S\u00c1BADO - Blog do Farn\u00e9sio","og_description":"A secretaria da Mulher de Petrolina, neste s\u00e1bado (24), estar\u00e1 participando da Festa da Fam\u00edlia na comunidade de Nova Descoberta Na ocasi\u00e3o, as equipes da Secretaria realizar\u00e3o uma palestra para discutir os direitos da mulher. Ser\u00e3o apresentados tamb\u00e9m os atendimentos dispon\u00edveis na rede municipal \u00e0s v\u00edtimas de viol\u00eancia dom\u00e9stica como: atendimento psicol\u00f3gico, social, orienta\u00e7\u00e3o e\u00a0assist\u00eancia jur\u00eddica atrav\u00e9s do Centro de Refer\u00eancia da Mulher Valdete Cezar (CRAM).\u00a0O evento\u00a0\u00e9 organizado pela Escola Municipal Jos\u00e9 Ribeiro da Silva, das 8h \u00e0s 14h. No mesmo dia, a Secretaria participar\u00e1 tamb\u00e9m de uma passeata na Avenida Bernadino Coelho, bairro Jos\u00e9 e Maria, a partir das 10h30. O movimento \u00e9 idealizado\u00a0pelas mulheres da Igreja Adventista do S\u00e9timo Dia e ter\u00e1 como tema a frase \u201cQuebrando o&hellip;","og_url":"https:\/\/blogdofarnesio.com.br\/?p=54547","og_site_name":"Blog do Farn\u00e9sio","article_publisher":"https:\/\/www.facebook.com\/BlogQuerSaberPolitica\/","article_published_time":"2013-08-24T13:00:38+00:00","og_image":[{"url":"http:\/\/www.quersaberpolitica.com.br\/2016\/wp-content\/uploads\/2013\/04\/blogqspmulheresviolencia.jpg","type":"","width":"","height":""}],"author":"teste","twitter_card":"summary_large_image","twitter_misc":{"Escrito por":"teste","Est. tempo de leitura":"1 minuto"},"schema":{"@context":"https:\/\/schema.org","@graph":[{"@type":"Article","@id":"https:\/\/blogdofarnesio.com.br\/?p=54547#article","isPartOf":{"@id":"https:\/\/blogdofarnesio.com.br\/?p=54547"},"author":{"name":"teste","@id":"https:\/\/blogdofarnesio.com.br\/#\/schema\/person\/dd1bf5eba40b687199ba45ca6b97dff9"},"headline":"SECRETARIA DA MULHER DE PETROLINA PARTICIPA DE EVENTOS NESTE S\u00c1BADO","datePublished":"2013-08-24T13:00:38+00:00","mainEntityOfPage":{"@id":"https:\/\/blogdofarnesio.com.br\/?p=54547"},"wordCount":203,"commentCount":0,"publisher":{"@id":"https:\/\/blogdofarnesio.com.br\/#organization"},"image":{"@id":"https:\/\/blogdofarnesio.com.br\/?p=54547#primaryimage"},"thumbnailUrl":"http:\/\/www.quersaberpolitica.com.br\/2016\/wp-content\/uploads\/2013\/04\/blogqspmulheresviolencia.jpg","articleSection":["A\u00e7\u00e3o Social"],"inLanguage":"pt-BR","potentialAction":[{"@type":"CommentAction","name":"Comment","target":["https:\/\/blogdofarnesio.com.br\/?p=54547#respond"]}]},{"@type":"WebPage","@id":"https:\/\/blogdofarnesio.com.br\/?p=54547","url":"https:\/\/blogdofarnesio.com.br\/?p=54547","name":"SECRETARIA DA MULHER DE PETROLINA PARTICIPA DE EVENTOS NESTE S\u00c1BADO - Blog do Farn\u00e9sio","isPartOf":{"@id":"https:\/\/blogdofarnesio.com.br\/#website"},"primaryImageOfPage":{"@id":"https:\/\/blogdofarnesio.com.br\/?p=54547#primaryimage"},"image":{"@id":"https:\/\/blogdofarnesio.com.br\/?p=54547#primaryimage"},"thumbnailUrl":"http:\/\/www.quersaberpolitica.com.br\/2016\/wp-content\/uploads\/2013\/04\/blogqspmulheresviolencia.jpg","datePublished":"2013-08-24T13:00:38+00:00","breadcrumb":{"@id":"https:\/\/blogdofarnesio.com.br\/?p=54547#breadcrumb"},"inLanguage":"pt-BR","potentialAction":[{"@type":"ReadAction","target":["https:\/\/blogdofarnesio.com.br\/?p=54547"]}]},{"@type":"ImageObject","inLanguage":"pt-BR","@id":"https:\/\/blogdofarnesio.com.br\/?p=54547#primaryimage","url":"http:\/\/www.quersaberpolitica.com.br\/2016\/wp-content\/uploads\/2013\/04\/blogqspmulheresviolencia.jpg","contentUrl":"http:\/\/www.quersaberpolitica.com.br\/2016\/wp-content\/uploads\/2013\/04\/blogqspmulheresviolencia.jpg"},{"@type":"BreadcrumbList","@id":"https:\/\/blogdofarnesio.com.br\/?p=54547#breadcrumb","itemListElement":[{"@type":"ListItem","position":1,"name":"In\u00edcio","item":"https:\/\/blogdofarnesio.com.br\/"},{"@type":"ListItem","position":2,"name":"SECRETARIA DA MULHER DE PETROLINA PARTICIPA DE EVENTOS NESTE S\u00c1BADO"}]},{"@type":"WebSite","@id":"https:\/\/blogdofarnesio.com.br\/#website","url":"https:\/\/blogdofarnesio.com.br\/","name":"Blog do Farn\u00e9sio","description":"Quer Saber Pol\u00edtica?","publisher":{"@id":"https:\/\/blogdofarnesio.com.br\/#organization"},"potentialAction":[{"@type":"SearchAction","target":{"@type":"EntryPoint","urlTemplate":"https:\/\/blogdofarnesio.com.br\/?s={search_term_string}"},"query-input":{"@type":"PropertyValueSpecification","valueRequired":true,"valueName":"search_term_string"}}],"inLanguage":"pt-BR"},{"@type":"Organization","@id":"https:\/\/blogdofarnesio.com.br\/#organization","name":"Blog do Farn\u00e9sio","url":"https:\/\/blogdofarnesio.com.br\/","logo":{"@type":"ImageObject","inLanguage":"pt-BR","@id":"https:\/\/blogdofarnesio.com.br\/#\/schema\/logo\/image\/","url":"https:\/\/blogdofarnesio.com.br\/wp-content\/uploads\/2026\/03\/cropped-logo_new-1.png","contentUrl":"https:\/\/blogdofarnesio.com.br\/wp-content\/uploads\/2026\/03\/cropped-logo_new-1.png","width":881,"height":685,"caption":"Blog do Farn\u00e9sio"},"image":{"@id":"https:\/\/blogdofarnesio.com.br\/#\/schema\/logo\/image\/"},"sameAs":["https:\/\/www.facebook.com\/BlogQuerSaberPolitica\/"]},{"@type":"Person","@id":"https:\/\/blogdofarnesio.com.br\/#\/schema\/person\/dd1bf5eba40b687199ba45ca6b97dff9","name":"teste","image":{"@type":"ImageObject","inLanguage":"pt-BR","@id":"https:\/\/secure.gravatar.com\/avatar\/2172498d4914b51e1d89a0f97957b035ac4938723a5cac208135d389b6972a6d?s=96&d=mm&r=g","url":"https:\/\/secure.gravatar.com\/avatar\/2172498d4914b51e1d89a0f97957b035ac4938723a5cac208135d389b6972a6d?s=96&d=mm&r=g","contentUrl":"https:\/\/secure.gravatar.com\/avatar\/2172498d4914b51e1d89a0f97957b035ac4938723a5cac208135d389b6972a6d?s=96&d=mm&r=g","caption":"teste"},"url":"https:\/\/blogdofarnesio.com.br\/?author=3"}]}},"_links":{"self":[{"href":"https:\/\/blogdofarnesio.com.br\/index.php?rest_route=\/wp\/v2\/posts\/54547","targetHints":{"allow":["GET"]}}],"collection":[{"href":"https:\/\/blogdofarnesio.com.br\/index.php?rest_route=\/wp\/v2\/posts"}],"about":[{"href":"https:\/\/blogdofarnesio.com.br\/index.php?rest_route=\/wp\/v2\/types\/post"}],"author":[{"embeddable":true,"href":"https:\/\/blogdofarnesio.com.br\/index.php?rest_route=\/wp\/v2\/users\/3"}],"replies":[{"embeddable":true,"href":"https:\/\/blogdofarnesio.com.br\/index.php?rest_route=%2Fwp%2Fv2%2Fcomments&post=54547"}],"version-history":[{"count":0,"href":"https:\/\/blogdofarnesio.com.br\/index.php?rest_route=\/wp\/v2\/posts\/54547\/revisions"}],"wp:attachment":[{"href":"https:\/\/blogdofarnesio.com.br\/index.php?rest_route=%2Fwp%2Fv2%2Fmedia&parent=54547"}],"wp:term":[{"taxonomy":"category","embeddable":true,"href":"https:\/\/blogdofarnesio.com.br\/index.php?rest_route=%2Fwp%2Fv2%2Fcategories&post=54547"},{"taxonomy":"post_tag","embeddable":true,"href":"https:\/\/blogdofarnesio.com.br\/index.php?rest_route=%2Fwp%2Fv2%2Ftags&post=54547"}],"curies":[{"name":"wp","href":"https:\/\/api.w.org\/{rel}","templated":true}]}}