{"id":5432,"date":"2011-08-01T07:00:01","date_gmt":"2011-08-01T07:00:01","guid":{"rendered":"http:\/\/www.quersaberpolitica.com.br?p=5432"},"modified":"-0001-11-30T00:00:00","modified_gmt":"-0001-11-30T03:00:00","slug":"pv-discute-problemas-socioambientais-e-politicos-em-juazeiro-e-promove-filiacao-de-wank-medrado","status":"publish","type":"post","link":"https:\/\/blogdofarnesio.com.br\/?p=5432","title":{"rendered":"PV discute problemas s\u00f3cio-ambientais e pol\u00edticos em Juazeiro e promove filia\u00e7\u00e3o de Wank Medrado"},"content":{"rendered":"<p>&nbsp;<\/p>\n<p style=\"text-align: justify;\"><a rel=\"lightbox\" href=\"http:\/\/www.quersaberpolitica.com.br\/2016\/wp-content\/uploads\/2012\/12\/blogqspwank1.jpg\"><img loading=\"lazy\" decoding=\"async\" style=\"float: right; margin-top: 5px; margin-bottom: 5px; margin-left: 10px; margin-right: 10px;\" src=\"http:\/\/www.quersaberpolitica.com.br\/2016\/wp-content\/uploads\/2012\/12\/blogqspwank1.jpg\" alt=\"\" width=\"200\" height=\"166\" \/><\/a><span style=\"font-size: small;\">Al&eacute;m da confirma&ccedil;&atilde;o de Wank Medrado no Partido Verde, no Congresso da agremia&ccedil;&atilde;o partid&aacute;ria, que aconteceu no &uacute;ltimo s&aacute;bado (30), foram discutidos temas como a M&iacute;dia Eletr&ocirc;nica &#8211; Poder e Revolu&ccedil;&otilde;es&#8221;, sob a &oacute;tica dos jornalistas Farn&eacute;sio Silva, Geraldo Jos&eacute; , M&ocirc;nia Ramos, Vera L&uacute;cia Medeiros e Valterm&aacute;rio Pimentel. Para mostrar a for&ccedil;a da Onda Verde no Estado, o encontro contou com a participa&ccedil;&atilde;o Presidente do PV na Bahia; Andr&eacute; Fraga, que ministrou o tema: &#8220;Onda Verde na Pol&iacute;tica &#8211; Realidade ou Mito?&#8221;; do Secret&aacute;rio Nacional do Partido Verde, Ivanilson Gomes, que discutiu sobre &#8220;Pol&iacute;ticas P&uacute;blicas de Desenvolvimento Sustent&aacute;vel e os Desafios Contempor&acirc;neos para Juazeiro &#8211; &Eacute;tica e Participa&ccedil;&atilde;o Popular&#8221; e do coordenador da Bancada Nacional do partido Edson Duarte que frisou a busca de um novo e diferente modelo de fazer pol&iacute;tica. Na oportunidade, o presidente municipal do PV Jairton Fraga tamb&eacute;m destacou as tr&ecirc;s principais premissas do partido em Juazeiro: &#8221; conserva&ccedil;&atilde;o dos recursos naturais, a aplica&ccedil;&atilde;o da medicina preventiva e de uma educa&ccedil;&atilde;o integral&#8221;. Representantes do partido de cidades vizinhas tamb&eacute;m compareceram ao encontro. Tamb&eacute;m presente no Congresso, Edson Tanuri aproveitou para falar sobre a import&acirc;ncia das discuss&otilde;es para o fortalecimento democr&aacute;tico.<br \/>Ivanilson Gomes disse que a &#8220;Onda Verde&#8221; &eacute; uma mobiliza&ccedil;&atilde;o social e pol&iacute;tica permanente que surgiu em 1986 e partiu da necessidade de pensar e repensar sobre sustentabilidade. &#8220;A sa&iacute;da da Marina n&atilde;o impede que o partido d&ecirc; continuidade as lutas e a defenda suas ideias. O projeto do PV foi constru&iacute;do em cima de uma defesa coletiva&#8221;, argumentou o secret&aacute;rio nacional, informando ainda, que o partido tem registrado um crescimento significativo, quando o &uacute;ltimo dado aponta que para a elei&ccedil;&atilde;o de 2012 j&aacute; tem 200 pr&eacute;-candidatos a vereadores no Estado para apenas 64 vagas. &#8220;A onda verde n&atilde;o &eacute; mito &eacute; uma realidade&#8221;, enfatizou.<br \/>Apesar da pouca idade, apenas 27 anos, Andr&eacute; Fraga, mostrou a import&acirc;ncia da participa&ccedil;&atilde;o jovem na pol&iacute;tica e argumentou &#8220;&eacute; preciso que a Onda Verde se consolide&#8221;.Convidados a discutir o futuro do munic&iacute;pio e os doze valores fundamentais do partido [Ecologia, Cidadania, Democracia, Justi&ccedil;a Social, Liberdade, Poder Local, Espiritualidade, Pacifismo, Multiculturalismo, Internacionalismo, Cidadania Feminina, Saber], filiados, militantes, simpatizantes e l&iacute;deres sociais tiveram a oportunidade de ampliar as discuss&otilde;es s&oacute;cio-ambientais e pol&iacute;ticas. &#8220;N&atilde;o &eacute; uma estrat&eacute;gia eleitoral, queremos discutir o nosso futuro&#8221;, avisou Jairton Fraga.&nbsp;<br \/>Edson Duarte encerrou o Congresso, no s&aacute;bado, destacando que muitas mazelas de uma administra&ccedil;&atilde;o p&uacute;blica s&atilde;o geradas de uma campanha eleitoral. &#8220;&Eacute; de muita responsabilidade implantar uma ideia de mudan&ccedil;a numa campanha eleitoral. Nossa proposta n&atilde;o &eacute; decretar uma mudan&ccedil;a e se viabilizar para que ela aconte&ccedil;a com o avan&ccedil;o dentro da sociedade&#8221;, pontuou referindo-se as decis&otilde;es do partido para as elei&ccedil;&otilde;es municipais de 2012.&nbsp;<br \/>Ontem (31), o encontro teve continuidade, na C&acirc;mara de Vereadores de Juazeiro, para o debate e defini&ccedil;&otilde;es estrat&eacute;gicas da pol&iacute;tica para 2012. Mensalmente, o PV realizar&aacute; debates, abertos &agrave; comunidade, para discutir temas pontuais da bandeira de luta do partido.<\/span><\/p>\n<p style=\"text-align: justify;\">&nbsp;<\/p>\n<p style=\"text-align: justify;\">Por M&ocirc;nia Ramos<\/p>\n<p>&nbsp;<\/p>\n<p>&nbsp;<\/p>\n","protected":false},"excerpt":{"rendered":"<p>&nbsp; Al&eacute;m da confirma&ccedil;&atilde;o de Wank Medrado no Partido Verde, no Congresso da agremia&ccedil;&atilde;o partid&aacute;ria, que aconteceu no &uacute;ltimo s&aacute;bado (30), foram discutidos temas como a M&iacute;dia Eletr&ocirc;nica &#8211; Poder e Revolu&ccedil;&otilde;es&#8221;, sob a &oacute;tica dos jornalistas Farn&eacute;sio Silva, Geraldo Jos&eacute; , M&ocirc;nia Ramos, Vera L&uacute;cia Medeiros e Valterm&aacute;rio Pimentel. Para mostrar a for&ccedil;a da Onda Verde no Estado, o encontro contou com a participa&ccedil;&atilde;o Presidente do PV na Bahia; Andr&eacute; Fraga, que ministrou o tema: &#8220;Onda Verde na Pol&iacute;tica &#8211; Realidade ou Mito?&#8221;; do Secret&aacute;rio Nacional do Partido Verde, Ivanilson Gomes, que discutiu sobre &#8220;Pol&iacute;ticas P&uacute;blicas de Desenvolvimento Sustent&aacute;vel e os Desafios Contempor&acirc;neos para Juazeiro &#8211; &Eacute;tica e Participa&ccedil;&atilde;o Popular&#8221; e do coordenador da Bancada Nacional do partido Edson&hellip; <\/p>\n","protected":false},"author":0,"featured_media":0,"comment_status":"open","ping_status":"open","sticky":false,"template":"","format":"standard","meta":{"_acf_changed":false,"footnotes":""},"categories":[43],"tags":[],"class_list":["post-5432","post","type-post","status-publish","format-standard","hentry","category-sem-categoria"],"acf":[],"yoast_head":"<!-- This site is optimized with the Yoast SEO plugin v27.4 - https:\/\/yoast.com\/product\/yoast-seo-wordpress\/ -->\n<title>PV discute problemas s\u00f3cio-ambientais e pol\u00edticos em Juazeiro e promove filia\u00e7\u00e3o de Wank Medrado - Blog do Farn\u00e9sio<\/title>\n<meta name=\"robots\" content=\"index, follow, max-snippet:-1, max-image-preview:large, max-video-preview:-1\" \/>\n<link rel=\"canonical\" href=\"https:\/\/blogdofarnesio.com.br\/?p=5432\" \/>\n<meta property=\"og:locale\" content=\"pt_BR\" \/>\n<meta property=\"og:type\" content=\"article\" \/>\n<meta property=\"og:title\" content=\"PV discute problemas s\u00f3cio-ambientais e pol\u00edticos em Juazeiro e promove filia\u00e7\u00e3o de Wank Medrado - Blog do Farn\u00e9sio\" \/>\n<meta property=\"og:description\" content=\"&nbsp; Al&eacute;m da confirma&ccedil;&atilde;o de Wank Medrado no Partido Verde, no Congresso da agremia&ccedil;&atilde;o partid&aacute;ria, que aconteceu no &uacute;ltimo s&aacute;bado (30), foram discutidos temas como a M&iacute;dia Eletr&ocirc;nica &#8211; Poder e Revolu&ccedil;&otilde;es&#8221;, sob a &oacute;tica dos jornalistas Farn&eacute;sio Silva, Geraldo Jos&eacute; , M&ocirc;nia Ramos, Vera L&uacute;cia Medeiros e Valterm&aacute;rio Pimentel. Para mostrar a for&ccedil;a da Onda Verde no Estado, o encontro contou com a participa&ccedil;&atilde;o Presidente do PV na Bahia; Andr&eacute; Fraga, que ministrou o tema: &#8220;Onda Verde na Pol&iacute;tica &#8211; Realidade ou Mito?&#8221;; do Secret&aacute;rio Nacional do Partido Verde, Ivanilson Gomes, que discutiu sobre &#8220;Pol&iacute;ticas P&uacute;blicas de Desenvolvimento Sustent&aacute;vel e os Desafios Contempor&acirc;neos para Juazeiro &#8211; &Eacute;tica e Participa&ccedil;&atilde;o Popular&#8221; e do coordenador da Bancada Nacional do partido Edson&hellip;\" \/>\n<meta property=\"og:url\" content=\"https:\/\/blogdofarnesio.com.br\/?p=5432\" \/>\n<meta property=\"og:site_name\" content=\"Blog do Farn\u00e9sio\" \/>\n<meta property=\"article:publisher\" content=\"https:\/\/www.facebook.com\/BlogQuerSaberPolitica\/\" \/>\n<meta property=\"article:published_time\" content=\"2011-08-01T07:00:01+00:00\" \/>\n<meta property=\"og:image\" content=\"http:\/\/www.quersaberpolitica.com.br\/2016\/wp-content\/uploads\/2012\/12\/blogqspwank1.jpg\" \/>\n<meta name=\"twitter:card\" content=\"summary_large_image\" \/>\n<meta name=\"twitter:label1\" content=\"Est. tempo de leitura\" \/>\n\t<meta name=\"twitter:data1\" content=\"3 minutos\" \/>\n<script type=\"application\/ld+json\" class=\"yoast-schema-graph\">{\"@context\":\"https:\\\/\\\/schema.org\",\"@graph\":[{\"@type\":\"Article\",\"@id\":\"https:\\\/\\\/blogdofarnesio.com.br\\\/?p=5432#article\",\"isPartOf\":{\"@id\":\"https:\\\/\\\/blogdofarnesio.com.br\\\/?p=5432\"},\"author\":{\"name\":\"\",\"@id\":\"\"},\"headline\":\"PV discute problemas s\u00f3cio-ambientais e pol\u00edticos em Juazeiro e promove filia\u00e7\u00e3o de Wank Medrado\",\"datePublished\":\"2011-08-01T07:00:01+00:00\",\"mainEntityOfPage\":{\"@id\":\"https:\\\/\\\/blogdofarnesio.com.br\\\/?p=5432\"},\"wordCount\":665,\"commentCount\":0,\"publisher\":{\"@id\":\"https:\\\/\\\/blogdofarnesio.com.br\\\/#organization\"},\"image\":{\"@id\":\"https:\\\/\\\/blogdofarnesio.com.br\\\/?p=5432#primaryimage\"},\"thumbnailUrl\":\"http:\\\/\\\/www.quersaberpolitica.com.br\\\/2016\\\/wp-content\\\/uploads\\\/2012\\\/12\\\/blogqspwank1.jpg\",\"inLanguage\":\"pt-BR\",\"potentialAction\":[{\"@type\":\"CommentAction\",\"name\":\"Comment\",\"target\":[\"https:\\\/\\\/blogdofarnesio.com.br\\\/?p=5432#respond\"]}]},{\"@type\":\"WebPage\",\"@id\":\"https:\\\/\\\/blogdofarnesio.com.br\\\/?p=5432\",\"url\":\"https:\\\/\\\/blogdofarnesio.com.br\\\/?p=5432\",\"name\":\"PV discute problemas s\u00f3cio-ambientais e pol\u00edticos em Juazeiro e promove filia\u00e7\u00e3o de Wank Medrado - Blog do Farn\u00e9sio\",\"isPartOf\":{\"@id\":\"https:\\\/\\\/blogdofarnesio.com.br\\\/#website\"},\"primaryImageOfPage\":{\"@id\":\"https:\\\/\\\/blogdofarnesio.com.br\\\/?p=5432#primaryimage\"},\"image\":{\"@id\":\"https:\\\/\\\/blogdofarnesio.com.br\\\/?p=5432#primaryimage\"},\"thumbnailUrl\":\"http:\\\/\\\/www.quersaberpolitica.com.br\\\/2016\\\/wp-content\\\/uploads\\\/2012\\\/12\\\/blogqspwank1.jpg\",\"datePublished\":\"2011-08-01T07:00:01+00:00\",\"breadcrumb\":{\"@id\":\"https:\\\/\\\/blogdofarnesio.com.br\\\/?p=5432#breadcrumb\"},\"inLanguage\":\"pt-BR\",\"potentialAction\":[{\"@type\":\"ReadAction\",\"target\":[\"https:\\\/\\\/blogdofarnesio.com.br\\\/?p=5432\"]}]},{\"@type\":\"ImageObject\",\"inLanguage\":\"pt-BR\",\"@id\":\"https:\\\/\\\/blogdofarnesio.com.br\\\/?p=5432#primaryimage\",\"url\":\"http:\\\/\\\/www.quersaberpolitica.com.br\\\/2016\\\/wp-content\\\/uploads\\\/2012\\\/12\\\/blogqspwank1.jpg\",\"contentUrl\":\"http:\\\/\\\/www.quersaberpolitica.com.br\\\/2016\\\/wp-content\\\/uploads\\\/2012\\\/12\\\/blogqspwank1.jpg\"},{\"@type\":\"BreadcrumbList\",\"@id\":\"https:\\\/\\\/blogdofarnesio.com.br\\\/?p=5432#breadcrumb\",\"itemListElement\":[{\"@type\":\"ListItem\",\"position\":1,\"name\":\"In\u00edcio\",\"item\":\"https:\\\/\\\/blogdofarnesio.com.br\\\/\"},{\"@type\":\"ListItem\",\"position\":2,\"name\":\"PV discute problemas s\u00f3cio-ambientais e pol\u00edticos em Juazeiro e promove filia\u00e7\u00e3o de Wank Medrado\"}]},{\"@type\":\"WebSite\",\"@id\":\"https:\\\/\\\/blogdofarnesio.com.br\\\/#website\",\"url\":\"https:\\\/\\\/blogdofarnesio.com.br\\\/\",\"name\":\"Blog do Farn\u00e9sio\",\"description\":\"Quer Saber Pol\u00edtica?\",\"publisher\":{\"@id\":\"https:\\\/\\\/blogdofarnesio.com.br\\\/#organization\"},\"potentialAction\":[{\"@type\":\"SearchAction\",\"target\":{\"@type\":\"EntryPoint\",\"urlTemplate\":\"https:\\\/\\\/blogdofarnesio.com.br\\\/?s={search_term_string}\"},\"query-input\":{\"@type\":\"PropertyValueSpecification\",\"valueRequired\":true,\"valueName\":\"search_term_string\"}}],\"inLanguage\":\"pt-BR\"},{\"@type\":\"Organization\",\"@id\":\"https:\\\/\\\/blogdofarnesio.com.br\\\/#organization\",\"name\":\"Blog do Farn\u00e9sio\",\"url\":\"https:\\\/\\\/blogdofarnesio.com.br\\\/\",\"logo\":{\"@type\":\"ImageObject\",\"inLanguage\":\"pt-BR\",\"@id\":\"https:\\\/\\\/blogdofarnesio.com.br\\\/#\\\/schema\\\/logo\\\/image\\\/\",\"url\":\"https:\\\/\\\/blogdofarnesio.com.br\\\/wp-content\\\/uploads\\\/2026\\\/03\\\/cropped-logo_new-1.png\",\"contentUrl\":\"https:\\\/\\\/blogdofarnesio.com.br\\\/wp-content\\\/uploads\\\/2026\\\/03\\\/cropped-logo_new-1.png\",\"width\":881,\"height\":685,\"caption\":\"Blog do Farn\u00e9sio\"},\"image\":{\"@id\":\"https:\\\/\\\/blogdofarnesio.com.br\\\/#\\\/schema\\\/logo\\\/image\\\/\"},\"sameAs\":[\"https:\\\/\\\/www.facebook.com\\\/BlogQuerSaberPolitica\\\/\"]}]}<\/script>\n<!-- \/ Yoast SEO plugin. -->","yoast_head_json":{"title":"PV discute problemas s\u00f3cio-ambientais e pol\u00edticos em Juazeiro e promove filia\u00e7\u00e3o de Wank Medrado - Blog do Farn\u00e9sio","robots":{"index":"index","follow":"follow","max-snippet":"max-snippet:-1","max-image-preview":"max-image-preview:large","max-video-preview":"max-video-preview:-1"},"canonical":"https:\/\/blogdofarnesio.com.br\/?p=5432","og_locale":"pt_BR","og_type":"article","og_title":"PV discute problemas s\u00f3cio-ambientais e pol\u00edticos em Juazeiro e promove filia\u00e7\u00e3o de Wank Medrado - Blog do Farn\u00e9sio","og_description":"&nbsp; Al&eacute;m da confirma&ccedil;&atilde;o de Wank Medrado no Partido Verde, no Congresso da agremia&ccedil;&atilde;o partid&aacute;ria, que aconteceu no &uacute;ltimo s&aacute;bado (30), foram discutidos temas como a M&iacute;dia Eletr&ocirc;nica &#8211; Poder e Revolu&ccedil;&otilde;es&#8221;, sob a &oacute;tica dos jornalistas Farn&eacute;sio Silva, Geraldo Jos&eacute; , M&ocirc;nia Ramos, Vera L&uacute;cia Medeiros e Valterm&aacute;rio Pimentel. Para mostrar a for&ccedil;a da Onda Verde no Estado, o encontro contou com a participa&ccedil;&atilde;o Presidente do PV na Bahia; Andr&eacute; Fraga, que ministrou o tema: &#8220;Onda Verde na Pol&iacute;tica &#8211; Realidade ou Mito?&#8221;; do Secret&aacute;rio Nacional do Partido Verde, Ivanilson Gomes, que discutiu sobre &#8220;Pol&iacute;ticas P&uacute;blicas de Desenvolvimento Sustent&aacute;vel e os Desafios Contempor&acirc;neos para Juazeiro &#8211; &Eacute;tica e Participa&ccedil;&atilde;o Popular&#8221; e do coordenador da Bancada Nacional do partido Edson&hellip;","og_url":"https:\/\/blogdofarnesio.com.br\/?p=5432","og_site_name":"Blog do Farn\u00e9sio","article_publisher":"https:\/\/www.facebook.com\/BlogQuerSaberPolitica\/","article_published_time":"2011-08-01T07:00:01+00:00","og_image":[{"url":"http:\/\/www.quersaberpolitica.com.br\/2016\/wp-content\/uploads\/2012\/12\/blogqspwank1.jpg","type":"","width":"","height":""}],"twitter_card":"summary_large_image","twitter_misc":{"Est. tempo de leitura":"3 minutos"},"schema":{"@context":"https:\/\/schema.org","@graph":[{"@type":"Article","@id":"https:\/\/blogdofarnesio.com.br\/?p=5432#article","isPartOf":{"@id":"https:\/\/blogdofarnesio.com.br\/?p=5432"},"author":{"name":"","@id":""},"headline":"PV discute problemas s\u00f3cio-ambientais e pol\u00edticos em Juazeiro e promove filia\u00e7\u00e3o de Wank Medrado","datePublished":"2011-08-01T07:00:01+00:00","mainEntityOfPage":{"@id":"https:\/\/blogdofarnesio.com.br\/?p=5432"},"wordCount":665,"commentCount":0,"publisher":{"@id":"https:\/\/blogdofarnesio.com.br\/#organization"},"image":{"@id":"https:\/\/blogdofarnesio.com.br\/?p=5432#primaryimage"},"thumbnailUrl":"http:\/\/www.quersaberpolitica.com.br\/2016\/wp-content\/uploads\/2012\/12\/blogqspwank1.jpg","inLanguage":"pt-BR","potentialAction":[{"@type":"CommentAction","name":"Comment","target":["https:\/\/blogdofarnesio.com.br\/?p=5432#respond"]}]},{"@type":"WebPage","@id":"https:\/\/blogdofarnesio.com.br\/?p=5432","url":"https:\/\/blogdofarnesio.com.br\/?p=5432","name":"PV discute problemas s\u00f3cio-ambientais e pol\u00edticos em Juazeiro e promove filia\u00e7\u00e3o de Wank Medrado - Blog do Farn\u00e9sio","isPartOf":{"@id":"https:\/\/blogdofarnesio.com.br\/#website"},"primaryImageOfPage":{"@id":"https:\/\/blogdofarnesio.com.br\/?p=5432#primaryimage"},"image":{"@id":"https:\/\/blogdofarnesio.com.br\/?p=5432#primaryimage"},"thumbnailUrl":"http:\/\/www.quersaberpolitica.com.br\/2016\/wp-content\/uploads\/2012\/12\/blogqspwank1.jpg","datePublished":"2011-08-01T07:00:01+00:00","breadcrumb":{"@id":"https:\/\/blogdofarnesio.com.br\/?p=5432#breadcrumb"},"inLanguage":"pt-BR","potentialAction":[{"@type":"ReadAction","target":["https:\/\/blogdofarnesio.com.br\/?p=5432"]}]},{"@type":"ImageObject","inLanguage":"pt-BR","@id":"https:\/\/blogdofarnesio.com.br\/?p=5432#primaryimage","url":"http:\/\/www.quersaberpolitica.com.br\/2016\/wp-content\/uploads\/2012\/12\/blogqspwank1.jpg","contentUrl":"http:\/\/www.quersaberpolitica.com.br\/2016\/wp-content\/uploads\/2012\/12\/blogqspwank1.jpg"},{"@type":"BreadcrumbList","@id":"https:\/\/blogdofarnesio.com.br\/?p=5432#breadcrumb","itemListElement":[{"@type":"ListItem","position":1,"name":"In\u00edcio","item":"https:\/\/blogdofarnesio.com.br\/"},{"@type":"ListItem","position":2,"name":"PV discute problemas s\u00f3cio-ambientais e pol\u00edticos em Juazeiro e promove filia\u00e7\u00e3o de Wank Medrado"}]},{"@type":"WebSite","@id":"https:\/\/blogdofarnesio.com.br\/#website","url":"https:\/\/blogdofarnesio.com.br\/","name":"Blog do Farn\u00e9sio","description":"Quer Saber Pol\u00edtica?","publisher":{"@id":"https:\/\/blogdofarnesio.com.br\/#organization"},"potentialAction":[{"@type":"SearchAction","target":{"@type":"EntryPoint","urlTemplate":"https:\/\/blogdofarnesio.com.br\/?s={search_term_string}"},"query-input":{"@type":"PropertyValueSpecification","valueRequired":true,"valueName":"search_term_string"}}],"inLanguage":"pt-BR"},{"@type":"Organization","@id":"https:\/\/blogdofarnesio.com.br\/#organization","name":"Blog do Farn\u00e9sio","url":"https:\/\/blogdofarnesio.com.br\/","logo":{"@type":"ImageObject","inLanguage":"pt-BR","@id":"https:\/\/blogdofarnesio.com.br\/#\/schema\/logo\/image\/","url":"https:\/\/blogdofarnesio.com.br\/wp-content\/uploads\/2026\/03\/cropped-logo_new-1.png","contentUrl":"https:\/\/blogdofarnesio.com.br\/wp-content\/uploads\/2026\/03\/cropped-logo_new-1.png","width":881,"height":685,"caption":"Blog do Farn\u00e9sio"},"image":{"@id":"https:\/\/blogdofarnesio.com.br\/#\/schema\/logo\/image\/"},"sameAs":["https:\/\/www.facebook.com\/BlogQuerSaberPolitica\/"]}]}},"_links":{"self":[{"href":"https:\/\/blogdofarnesio.com.br\/index.php?rest_route=\/wp\/v2\/posts\/5432","targetHints":{"allow":["GET"]}}],"collection":[{"href":"https:\/\/blogdofarnesio.com.br\/index.php?rest_route=\/wp\/v2\/posts"}],"about":[{"href":"https:\/\/blogdofarnesio.com.br\/index.php?rest_route=\/wp\/v2\/types\/post"}],"replies":[{"embeddable":true,"href":"https:\/\/blogdofarnesio.com.br\/index.php?rest_route=%2Fwp%2Fv2%2Fcomments&post=5432"}],"version-history":[{"count":0,"href":"https:\/\/blogdofarnesio.com.br\/index.php?rest_route=\/wp\/v2\/posts\/5432\/revisions"}],"wp:attachment":[{"href":"https:\/\/blogdofarnesio.com.br\/index.php?rest_route=%2Fwp%2Fv2%2Fmedia&parent=5432"}],"wp:term":[{"taxonomy":"category","embeddable":true,"href":"https:\/\/blogdofarnesio.com.br\/index.php?rest_route=%2Fwp%2Fv2%2Fcategories&post=5432"},{"taxonomy":"post_tag","embeddable":true,"href":"https:\/\/blogdofarnesio.com.br\/index.php?rest_route=%2Fwp%2Fv2%2Ftags&post=5432"}],"curies":[{"name":"wp","href":"https:\/\/api.w.org\/{rel}","templated":true}]}}