{"id":54048,"date":"2013-08-20T21:04:57","date_gmt":"2013-08-21T00:04:57","guid":{"rendered":"http:\/\/www.quersaberpolitica.com.br\/?p=54048"},"modified":"2013-08-20T19:06:08","modified_gmt":"2013-08-20T22:06:08","slug":"aprovada-mp-que-destina-r-3-bilhoes-a-municipios","status":"publish","type":"post","link":"https:\/\/blogdofarnesio.com.br\/?p=54048","title":{"rendered":"APROVADA MP QUE DESTINA R$ 3 BILH\u00d5ES A MUNIC\u00cdPIOS"},"content":{"rendered":"<p style=\"text-align: justify\"><a href=\"http:\/\/www.quersaberpolitica.com.br\/2016\/wp-content\/uploads\/2013\/08\/Foto_Andre_Correa.jpg\"><img loading=\"lazy\" decoding=\"async\" class=\"alignleft size-medium wp-image-54054\" alt=\"Foto_Andre_Correa\" src=\"http:\/\/www.quersaberpolitica.com.br\/2016\/wp-content\/uploads\/2013\/08\/Foto_Andre_Correa-300x195.jpg\" width=\"300\" height=\"195\" srcset=\"https:\/\/blogdofarnesio.com.br\/wp-content\/uploads\/2013\/08\/Foto_Andre_Correa-300x195.jpg 300w, https:\/\/blogdofarnesio.com.br\/wp-content\/uploads\/2013\/08\/Foto_Andre_Correa-460x300.jpg 460w, https:\/\/blogdofarnesio.com.br\/wp-content\/uploads\/2013\/08\/Foto_Andre_Correa.jpg 500w\" sizes=\"auto, (max-width: 300px) 100vw, 300px\" \/><\/a>A Comiss\u00e3o Mista destinada a analisar a Medida Provis\u00f3ria 613\/2013 aprovou hoje (20) o relat\u00f3rio com parecer favor\u00e1vel do senador Walter Pinheiro (PT\/BA), ap\u00f3s acordo com o PMDB e a oposi\u00e7\u00e3o.<\/p>\n<p style=\"text-align: justify\">A MP trata de incentivos \u00e0 venda de \u00e1lcool e insumos qu\u00edmicos, destina R$ 3 bilh\u00f5es de reais para os munic\u00edpios e traz um novo modelo de regula\u00e7\u00e3o dos chamados portos secos. Com a aprova\u00e7\u00e3o, a medida tem at\u00e9 o dia 4 de setembro para ser votada na C\u00e2mara dos Deputados e no plen\u00e1rio do Senado, para n\u00e3o perder a validade.<\/p>\n<p style=\"text-align: justify\">A inclus\u00e3o na MP dos recursos da ordem de R$ 3 bilh\u00f5es para os munic\u00edpios foi negociada por Pinheiro com o Executivo. \u201cOs recursos ser\u00e3o pagos ainda este ano, sendo metade at\u00e9 o dia 15 de setembro e a outra parcela at\u00e9 abril de 2014. O montante ser\u00e1 rateado conforme coeficientes individuais do Fundo de Participa\u00e7\u00e3o dos Munic\u00edpios, estabelecidos pelo Tribunal de Contas da Uni\u00e3o para cada exerc\u00edcio\u201d, destacou o relator.<!--more--><\/p>\n<p style=\"text-align: justify\">Pinheiro lembrou que as prefeituras sofrem com a queda na arrecada\u00e7\u00e3o com as desonera\u00e7\u00f5es. \u201cForam a\u00e7\u00f5es para enfrentar um momento de crise e incentivar a economia, mas que tiveram um rebate direto na ponta, afetando o repasse do FPM\u201d, afirmou o senador. Esta ajuda financeira incorporada \u00e0 MP foi fruto de um compromisso da presidenta Dilma Rousseff, durante a Marcha dos Prefeitos realizada no m\u00eas de Julho, em Bras\u00edlia.<\/p>\n<p style=\"text-align: justify\">A MP 613 entrou em vigor em maio deste ano com desonera\u00e7\u00e3o da cadeia produtiva do \u00e1lcool e de insumos qu\u00edmicos, beneficiando diretamente o Polo Industrial de Cama\u00e7ari, por exemplo. \u201cA medida provis\u00f3ria trata de ajustar um setor que vinha h\u00e1 muito tempo fazendo negocia\u00e7\u00f5es com o governo em rela\u00e7\u00e3o aos seus cr\u00e9ditos, com possibilidade de amplia\u00e7\u00e3o de prazos, associado \u00e0 redu\u00e7\u00e3o de al\u00edquotas\u201d, destacou Pinheiro.<\/p>\n<p style=\"text-align: justify\">De acordo com a equipe de Economia e Estat\u00edstica da Associa\u00e7\u00e3o Brasileira da Ind\u00fastria Qu\u00edmica (Abiquim), com esta nova medida provis\u00f3ria o setor foi estimulado pela desonera\u00e7\u00e3o de PIS\/Cofins sobre a compra de mat\u00e9rias-primas da primeira e da segunda gera\u00e7\u00e3o petroqu\u00edmica, seguida pela desvaloriza\u00e7\u00e3o do real em rela\u00e7\u00e3o ao d\u00f3lar, que tornou o produto no mercado nacional mais atrativo.<\/p>\n<p style=\"text-align: justify\">Portos Secos<\/p>\n<p style=\"text-align: justify\">O novo modelo de regula\u00e7\u00e3o dos chamados portos secos estava prevista na MP 612\/2013, que perdeu a validade no dia 04 de agosto, e foi inserido nesta nova MP pelo relator. \u201cO objetivo da reforma do atual modelo \u00e9 aumentar a competi\u00e7\u00e3o no setor e incentivar a amplia\u00e7\u00e3o da estrutura de apoio \u00e0 log\u00edstica no Brasil\u201d, destacou Pinheiro.<\/p>\n<p style=\"text-align: justify\">A inclus\u00e3o foi negociada, com um modelo que traz a exig\u00eancia de licita\u00e7\u00e3o para garantir transpar\u00eancia nas novas instala\u00e7\u00f5es. Segundo Pinheiro, os portos secos ajudar\u00e3o no desembara\u00e7o aduaneiro e, consequentemente, promover\u00e3o uma melhor log\u00edstica para o despacho das mercadorias, colocando um fim nas longas filas hoje comuns nos portos mar\u00edtimos.<\/p>\n","protected":false},"excerpt":{"rendered":"<p>A Comiss\u00e3o Mista destinada a analisar a Medida Provis\u00f3ria 613\/2013 aprovou hoje (20) o relat\u00f3rio com parecer favor\u00e1vel do senador Walter Pinheiro (PT\/BA), ap\u00f3s acordo com o PMDB e a oposi\u00e7\u00e3o. A MP trata de incentivos \u00e0 venda de \u00e1lcool e insumos qu\u00edmicos, destina R$ 3 bilh\u00f5es de reais para os munic\u00edpios e traz um novo modelo de regula\u00e7\u00e3o dos chamados portos secos. Com a aprova\u00e7\u00e3o, a medida tem at\u00e9 o dia 4 de setembro para ser votada na C\u00e2mara dos Deputados e no plen\u00e1rio do Senado, para n\u00e3o perder a validade. A inclus\u00e3o na MP dos recursos da ordem de R$ 3 bilh\u00f5es para os munic\u00edpios foi negociada por Pinheiro com o Executivo. \u201cOs recursos ser\u00e3o pagos ainda este&hellip; <\/p>\n","protected":false},"author":3,"featured_media":0,"comment_status":"open","ping_status":"open","sticky":false,"template":"","format":"standard","meta":{"_acf_changed":false,"footnotes":""},"categories":[1],"tags":[],"class_list":["post-54048","post","type-post","status-publish","format-standard","hentry","category-politica"],"acf":[],"yoast_head":"<!-- This site is optimized with the Yoast SEO plugin v27.4 - https:\/\/yoast.com\/product\/yoast-seo-wordpress\/ -->\n<title>APROVADA MP QUE DESTINA R$ 3 BILH\u00d5ES A MUNIC\u00cdPIOS - Blog do Farn\u00e9sio<\/title>\n<meta name=\"robots\" content=\"index, follow, max-snippet:-1, max-image-preview:large, max-video-preview:-1\" \/>\n<link rel=\"canonical\" href=\"https:\/\/blogdofarnesio.com.br\/?p=54048\" \/>\n<meta property=\"og:locale\" content=\"pt_BR\" \/>\n<meta property=\"og:type\" content=\"article\" \/>\n<meta property=\"og:title\" content=\"APROVADA MP QUE DESTINA R$ 3 BILH\u00d5ES A MUNIC\u00cdPIOS - Blog do Farn\u00e9sio\" \/>\n<meta property=\"og:description\" content=\"A Comiss\u00e3o Mista destinada a analisar a Medida Provis\u00f3ria 613\/2013 aprovou hoje (20) o relat\u00f3rio com parecer favor\u00e1vel do senador Walter Pinheiro (PT\/BA), ap\u00f3s acordo com o PMDB e a oposi\u00e7\u00e3o. A MP trata de incentivos \u00e0 venda de \u00e1lcool e insumos qu\u00edmicos, destina R$ 3 bilh\u00f5es de reais para os munic\u00edpios e traz um novo modelo de regula\u00e7\u00e3o dos chamados portos secos. Com a aprova\u00e7\u00e3o, a medida tem at\u00e9 o dia 4 de setembro para ser votada na C\u00e2mara dos Deputados e no plen\u00e1rio do Senado, para n\u00e3o perder a validade. A inclus\u00e3o na MP dos recursos da ordem de R$ 3 bilh\u00f5es para os munic\u00edpios foi negociada por Pinheiro com o Executivo. \u201cOs recursos ser\u00e3o pagos ainda este&hellip;\" \/>\n<meta property=\"og:url\" content=\"https:\/\/blogdofarnesio.com.br\/?p=54048\" \/>\n<meta property=\"og:site_name\" content=\"Blog do Farn\u00e9sio\" \/>\n<meta property=\"article:publisher\" content=\"https:\/\/www.facebook.com\/BlogQuerSaberPolitica\/\" \/>\n<meta property=\"article:published_time\" content=\"2013-08-21T00:04:57+00:00\" \/>\n<meta property=\"og:image\" content=\"http:\/\/www.quersaberpolitica.com.br\/2016\/wp-content\/uploads\/2013\/08\/Foto_Andre_Correa-300x195.jpg\" \/>\n<meta name=\"author\" content=\"teste\" \/>\n<meta name=\"twitter:card\" content=\"summary_large_image\" \/>\n<meta name=\"twitter:label1\" content=\"Escrito por\" \/>\n\t<meta name=\"twitter:data1\" content=\"teste\" \/>\n\t<meta name=\"twitter:label2\" content=\"Est. tempo de leitura\" \/>\n\t<meta name=\"twitter:data2\" content=\"3 minutos\" \/>\n<script type=\"application\/ld+json\" class=\"yoast-schema-graph\">{\"@context\":\"https:\\\/\\\/schema.org\",\"@graph\":[{\"@type\":\"Article\",\"@id\":\"https:\\\/\\\/blogdofarnesio.com.br\\\/?p=54048#article\",\"isPartOf\":{\"@id\":\"https:\\\/\\\/blogdofarnesio.com.br\\\/?p=54048\"},\"author\":{\"name\":\"teste\",\"@id\":\"https:\\\/\\\/blogdofarnesio.com.br\\\/#\\\/schema\\\/person\\\/dd1bf5eba40b687199ba45ca6b97dff9\"},\"headline\":\"APROVADA MP QUE DESTINA R$ 3 BILH\u00d5ES A MUNIC\u00cdPIOS\",\"datePublished\":\"2013-08-21T00:04:57+00:00\",\"mainEntityOfPage\":{\"@id\":\"https:\\\/\\\/blogdofarnesio.com.br\\\/?p=54048\"},\"wordCount\":527,\"commentCount\":0,\"publisher\":{\"@id\":\"https:\\\/\\\/blogdofarnesio.com.br\\\/#organization\"},\"image\":{\"@id\":\"https:\\\/\\\/blogdofarnesio.com.br\\\/?p=54048#primaryimage\"},\"thumbnailUrl\":\"http:\\\/\\\/www.quersaberpolitica.com.br\\\/2016\\\/wp-content\\\/uploads\\\/2013\\\/08\\\/Foto_Andre_Correa-300x195.jpg\",\"articleSection\":[\"Pol\u00edtica\"],\"inLanguage\":\"pt-BR\",\"potentialAction\":[{\"@type\":\"CommentAction\",\"name\":\"Comment\",\"target\":[\"https:\\\/\\\/blogdofarnesio.com.br\\\/?p=54048#respond\"]}]},{\"@type\":\"WebPage\",\"@id\":\"https:\\\/\\\/blogdofarnesio.com.br\\\/?p=54048\",\"url\":\"https:\\\/\\\/blogdofarnesio.com.br\\\/?p=54048\",\"name\":\"APROVADA MP QUE DESTINA R$ 3 BILH\u00d5ES A MUNIC\u00cdPIOS - Blog do Farn\u00e9sio\",\"isPartOf\":{\"@id\":\"https:\\\/\\\/blogdofarnesio.com.br\\\/#website\"},\"primaryImageOfPage\":{\"@id\":\"https:\\\/\\\/blogdofarnesio.com.br\\\/?p=54048#primaryimage\"},\"image\":{\"@id\":\"https:\\\/\\\/blogdofarnesio.com.br\\\/?p=54048#primaryimage\"},\"thumbnailUrl\":\"http:\\\/\\\/www.quersaberpolitica.com.br\\\/2016\\\/wp-content\\\/uploads\\\/2013\\\/08\\\/Foto_Andre_Correa-300x195.jpg\",\"datePublished\":\"2013-08-21T00:04:57+00:00\",\"breadcrumb\":{\"@id\":\"https:\\\/\\\/blogdofarnesio.com.br\\\/?p=54048#breadcrumb\"},\"inLanguage\":\"pt-BR\",\"potentialAction\":[{\"@type\":\"ReadAction\",\"target\":[\"https:\\\/\\\/blogdofarnesio.com.br\\\/?p=54048\"]}]},{\"@type\":\"ImageObject\",\"inLanguage\":\"pt-BR\",\"@id\":\"https:\\\/\\\/blogdofarnesio.com.br\\\/?p=54048#primaryimage\",\"url\":\"http:\\\/\\\/www.quersaberpolitica.com.br\\\/2016\\\/wp-content\\\/uploads\\\/2013\\\/08\\\/Foto_Andre_Correa-300x195.jpg\",\"contentUrl\":\"http:\\\/\\\/www.quersaberpolitica.com.br\\\/2016\\\/wp-content\\\/uploads\\\/2013\\\/08\\\/Foto_Andre_Correa-300x195.jpg\"},{\"@type\":\"BreadcrumbList\",\"@id\":\"https:\\\/\\\/blogdofarnesio.com.br\\\/?p=54048#breadcrumb\",\"itemListElement\":[{\"@type\":\"ListItem\",\"position\":1,\"name\":\"In\u00edcio\",\"item\":\"https:\\\/\\\/blogdofarnesio.com.br\\\/\"},{\"@type\":\"ListItem\",\"position\":2,\"name\":\"APROVADA MP QUE DESTINA R$ 3 BILH\u00d5ES A MUNIC\u00cdPIOS\"}]},{\"@type\":\"WebSite\",\"@id\":\"https:\\\/\\\/blogdofarnesio.com.br\\\/#website\",\"url\":\"https:\\\/\\\/blogdofarnesio.com.br\\\/\",\"name\":\"Blog do Farn\u00e9sio\",\"description\":\"Quer Saber Pol\u00edtica?\",\"publisher\":{\"@id\":\"https:\\\/\\\/blogdofarnesio.com.br\\\/#organization\"},\"potentialAction\":[{\"@type\":\"SearchAction\",\"target\":{\"@type\":\"EntryPoint\",\"urlTemplate\":\"https:\\\/\\\/blogdofarnesio.com.br\\\/?s={search_term_string}\"},\"query-input\":{\"@type\":\"PropertyValueSpecification\",\"valueRequired\":true,\"valueName\":\"search_term_string\"}}],\"inLanguage\":\"pt-BR\"},{\"@type\":\"Organization\",\"@id\":\"https:\\\/\\\/blogdofarnesio.com.br\\\/#organization\",\"name\":\"Blog do Farn\u00e9sio\",\"url\":\"https:\\\/\\\/blogdofarnesio.com.br\\\/\",\"logo\":{\"@type\":\"ImageObject\",\"inLanguage\":\"pt-BR\",\"@id\":\"https:\\\/\\\/blogdofarnesio.com.br\\\/#\\\/schema\\\/logo\\\/image\\\/\",\"url\":\"https:\\\/\\\/blogdofarnesio.com.br\\\/wp-content\\\/uploads\\\/2026\\\/03\\\/cropped-logo_new-1.png\",\"contentUrl\":\"https:\\\/\\\/blogdofarnesio.com.br\\\/wp-content\\\/uploads\\\/2026\\\/03\\\/cropped-logo_new-1.png\",\"width\":881,\"height\":685,\"caption\":\"Blog do Farn\u00e9sio\"},\"image\":{\"@id\":\"https:\\\/\\\/blogdofarnesio.com.br\\\/#\\\/schema\\\/logo\\\/image\\\/\"},\"sameAs\":[\"https:\\\/\\\/www.facebook.com\\\/BlogQuerSaberPolitica\\\/\"]},{\"@type\":\"Person\",\"@id\":\"https:\\\/\\\/blogdofarnesio.com.br\\\/#\\\/schema\\\/person\\\/dd1bf5eba40b687199ba45ca6b97dff9\",\"name\":\"teste\",\"image\":{\"@type\":\"ImageObject\",\"inLanguage\":\"pt-BR\",\"@id\":\"https:\\\/\\\/secure.gravatar.com\\\/avatar\\\/2172498d4914b51e1d89a0f97957b035ac4938723a5cac208135d389b6972a6d?s=96&d=mm&r=g\",\"url\":\"https:\\\/\\\/secure.gravatar.com\\\/avatar\\\/2172498d4914b51e1d89a0f97957b035ac4938723a5cac208135d389b6972a6d?s=96&d=mm&r=g\",\"contentUrl\":\"https:\\\/\\\/secure.gravatar.com\\\/avatar\\\/2172498d4914b51e1d89a0f97957b035ac4938723a5cac208135d389b6972a6d?s=96&d=mm&r=g\",\"caption\":\"teste\"},\"url\":\"https:\\\/\\\/blogdofarnesio.com.br\\\/?author=3\"}]}<\/script>\n<!-- \/ Yoast SEO plugin. -->","yoast_head_json":{"title":"APROVADA MP QUE DESTINA R$ 3 BILH\u00d5ES A MUNIC\u00cdPIOS - Blog do Farn\u00e9sio","robots":{"index":"index","follow":"follow","max-snippet":"max-snippet:-1","max-image-preview":"max-image-preview:large","max-video-preview":"max-video-preview:-1"},"canonical":"https:\/\/blogdofarnesio.com.br\/?p=54048","og_locale":"pt_BR","og_type":"article","og_title":"APROVADA MP QUE DESTINA R$ 3 BILH\u00d5ES A MUNIC\u00cdPIOS - Blog do Farn\u00e9sio","og_description":"A Comiss\u00e3o Mista destinada a analisar a Medida Provis\u00f3ria 613\/2013 aprovou hoje (20) o relat\u00f3rio com parecer favor\u00e1vel do senador Walter Pinheiro (PT\/BA), ap\u00f3s acordo com o PMDB e a oposi\u00e7\u00e3o. A MP trata de incentivos \u00e0 venda de \u00e1lcool e insumos qu\u00edmicos, destina R$ 3 bilh\u00f5es de reais para os munic\u00edpios e traz um novo modelo de regula\u00e7\u00e3o dos chamados portos secos. Com a aprova\u00e7\u00e3o, a medida tem at\u00e9 o dia 4 de setembro para ser votada na C\u00e2mara dos Deputados e no plen\u00e1rio do Senado, para n\u00e3o perder a validade. A inclus\u00e3o na MP dos recursos da ordem de R$ 3 bilh\u00f5es para os munic\u00edpios foi negociada por Pinheiro com o Executivo. \u201cOs recursos ser\u00e3o pagos ainda este&hellip;","og_url":"https:\/\/blogdofarnesio.com.br\/?p=54048","og_site_name":"Blog do Farn\u00e9sio","article_publisher":"https:\/\/www.facebook.com\/BlogQuerSaberPolitica\/","article_published_time":"2013-08-21T00:04:57+00:00","og_image":[{"url":"http:\/\/www.quersaberpolitica.com.br\/2016\/wp-content\/uploads\/2013\/08\/Foto_Andre_Correa-300x195.jpg","type":"","width":"","height":""}],"author":"teste","twitter_card":"summary_large_image","twitter_misc":{"Escrito por":"teste","Est. tempo de leitura":"3 minutos"},"schema":{"@context":"https:\/\/schema.org","@graph":[{"@type":"Article","@id":"https:\/\/blogdofarnesio.com.br\/?p=54048#article","isPartOf":{"@id":"https:\/\/blogdofarnesio.com.br\/?p=54048"},"author":{"name":"teste","@id":"https:\/\/blogdofarnesio.com.br\/#\/schema\/person\/dd1bf5eba40b687199ba45ca6b97dff9"},"headline":"APROVADA MP QUE DESTINA R$ 3 BILH\u00d5ES A MUNIC\u00cdPIOS","datePublished":"2013-08-21T00:04:57+00:00","mainEntityOfPage":{"@id":"https:\/\/blogdofarnesio.com.br\/?p=54048"},"wordCount":527,"commentCount":0,"publisher":{"@id":"https:\/\/blogdofarnesio.com.br\/#organization"},"image":{"@id":"https:\/\/blogdofarnesio.com.br\/?p=54048#primaryimage"},"thumbnailUrl":"http:\/\/www.quersaberpolitica.com.br\/2016\/wp-content\/uploads\/2013\/08\/Foto_Andre_Correa-300x195.jpg","articleSection":["Pol\u00edtica"],"inLanguage":"pt-BR","potentialAction":[{"@type":"CommentAction","name":"Comment","target":["https:\/\/blogdofarnesio.com.br\/?p=54048#respond"]}]},{"@type":"WebPage","@id":"https:\/\/blogdofarnesio.com.br\/?p=54048","url":"https:\/\/blogdofarnesio.com.br\/?p=54048","name":"APROVADA MP QUE DESTINA R$ 3 BILH\u00d5ES A MUNIC\u00cdPIOS - Blog do Farn\u00e9sio","isPartOf":{"@id":"https:\/\/blogdofarnesio.com.br\/#website"},"primaryImageOfPage":{"@id":"https:\/\/blogdofarnesio.com.br\/?p=54048#primaryimage"},"image":{"@id":"https:\/\/blogdofarnesio.com.br\/?p=54048#primaryimage"},"thumbnailUrl":"http:\/\/www.quersaberpolitica.com.br\/2016\/wp-content\/uploads\/2013\/08\/Foto_Andre_Correa-300x195.jpg","datePublished":"2013-08-21T00:04:57+00:00","breadcrumb":{"@id":"https:\/\/blogdofarnesio.com.br\/?p=54048#breadcrumb"},"inLanguage":"pt-BR","potentialAction":[{"@type":"ReadAction","target":["https:\/\/blogdofarnesio.com.br\/?p=54048"]}]},{"@type":"ImageObject","inLanguage":"pt-BR","@id":"https:\/\/blogdofarnesio.com.br\/?p=54048#primaryimage","url":"http:\/\/www.quersaberpolitica.com.br\/2016\/wp-content\/uploads\/2013\/08\/Foto_Andre_Correa-300x195.jpg","contentUrl":"http:\/\/www.quersaberpolitica.com.br\/2016\/wp-content\/uploads\/2013\/08\/Foto_Andre_Correa-300x195.jpg"},{"@type":"BreadcrumbList","@id":"https:\/\/blogdofarnesio.com.br\/?p=54048#breadcrumb","itemListElement":[{"@type":"ListItem","position":1,"name":"In\u00edcio","item":"https:\/\/blogdofarnesio.com.br\/"},{"@type":"ListItem","position":2,"name":"APROVADA MP QUE DESTINA R$ 3 BILH\u00d5ES A MUNIC\u00cdPIOS"}]},{"@type":"WebSite","@id":"https:\/\/blogdofarnesio.com.br\/#website","url":"https:\/\/blogdofarnesio.com.br\/","name":"Blog do Farn\u00e9sio","description":"Quer Saber Pol\u00edtica?","publisher":{"@id":"https:\/\/blogdofarnesio.com.br\/#organization"},"potentialAction":[{"@type":"SearchAction","target":{"@type":"EntryPoint","urlTemplate":"https:\/\/blogdofarnesio.com.br\/?s={search_term_string}"},"query-input":{"@type":"PropertyValueSpecification","valueRequired":true,"valueName":"search_term_string"}}],"inLanguage":"pt-BR"},{"@type":"Organization","@id":"https:\/\/blogdofarnesio.com.br\/#organization","name":"Blog do Farn\u00e9sio","url":"https:\/\/blogdofarnesio.com.br\/","logo":{"@type":"ImageObject","inLanguage":"pt-BR","@id":"https:\/\/blogdofarnesio.com.br\/#\/schema\/logo\/image\/","url":"https:\/\/blogdofarnesio.com.br\/wp-content\/uploads\/2026\/03\/cropped-logo_new-1.png","contentUrl":"https:\/\/blogdofarnesio.com.br\/wp-content\/uploads\/2026\/03\/cropped-logo_new-1.png","width":881,"height":685,"caption":"Blog do Farn\u00e9sio"},"image":{"@id":"https:\/\/blogdofarnesio.com.br\/#\/schema\/logo\/image\/"},"sameAs":["https:\/\/www.facebook.com\/BlogQuerSaberPolitica\/"]},{"@type":"Person","@id":"https:\/\/blogdofarnesio.com.br\/#\/schema\/person\/dd1bf5eba40b687199ba45ca6b97dff9","name":"teste","image":{"@type":"ImageObject","inLanguage":"pt-BR","@id":"https:\/\/secure.gravatar.com\/avatar\/2172498d4914b51e1d89a0f97957b035ac4938723a5cac208135d389b6972a6d?s=96&d=mm&r=g","url":"https:\/\/secure.gravatar.com\/avatar\/2172498d4914b51e1d89a0f97957b035ac4938723a5cac208135d389b6972a6d?s=96&d=mm&r=g","contentUrl":"https:\/\/secure.gravatar.com\/avatar\/2172498d4914b51e1d89a0f97957b035ac4938723a5cac208135d389b6972a6d?s=96&d=mm&r=g","caption":"teste"},"url":"https:\/\/blogdofarnesio.com.br\/?author=3"}]}},"_links":{"self":[{"href":"https:\/\/blogdofarnesio.com.br\/index.php?rest_route=\/wp\/v2\/posts\/54048","targetHints":{"allow":["GET"]}}],"collection":[{"href":"https:\/\/blogdofarnesio.com.br\/index.php?rest_route=\/wp\/v2\/posts"}],"about":[{"href":"https:\/\/blogdofarnesio.com.br\/index.php?rest_route=\/wp\/v2\/types\/post"}],"author":[{"embeddable":true,"href":"https:\/\/blogdofarnesio.com.br\/index.php?rest_route=\/wp\/v2\/users\/3"}],"replies":[{"embeddable":true,"href":"https:\/\/blogdofarnesio.com.br\/index.php?rest_route=%2Fwp%2Fv2%2Fcomments&post=54048"}],"version-history":[{"count":0,"href":"https:\/\/blogdofarnesio.com.br\/index.php?rest_route=\/wp\/v2\/posts\/54048\/revisions"}],"wp:attachment":[{"href":"https:\/\/blogdofarnesio.com.br\/index.php?rest_route=%2Fwp%2Fv2%2Fmedia&parent=54048"}],"wp:term":[{"taxonomy":"category","embeddable":true,"href":"https:\/\/blogdofarnesio.com.br\/index.php?rest_route=%2Fwp%2Fv2%2Fcategories&post=54048"},{"taxonomy":"post_tag","embeddable":true,"href":"https:\/\/blogdofarnesio.com.br\/index.php?rest_route=%2Fwp%2Fv2%2Ftags&post=54048"}],"curies":[{"name":"wp","href":"https:\/\/api.w.org\/{rel}","templated":true}]}}