{"id":53889,"date":"2013-08-20T16:44:15","date_gmt":"2013-08-20T19:44:15","guid":{"rendered":"http:\/\/www.quersaberpolitica.com.br\/?p=53889"},"modified":"2013-08-20T14:58:58","modified_gmt":"2013-08-20T17:58:58","slug":"direto-de-cabrobo-46","status":"publish","type":"post","link":"https:\/\/blogdofarnesio.com.br\/2013\/08\/direto-de-cabrobo-46\/","title":{"rendered":"DIRETO DE CABROB\u00d3"},"content":{"rendered":"<p style=\"text-align: justify\"><strong>PREFEITO ENTREGOU CANOS PARA CONSTRU\u00c7\u00c3O DA ADUTORA DO MURICI<\/strong><\/p>\n<p style=\"text-align: justify\"><a href=\"http:\/\/www.quersaberpolitica.com.br\/2016\/wp-content\/uploads\/2013\/08\/CABROB\u00d3.jpg\"><img loading=\"lazy\" decoding=\"async\" class=\"alignleft size-medium wp-image-53890\" alt=\"CABROB\u00d3\" src=\"http:\/\/www.quersaberpolitica.com.br\/2016\/wp-content\/uploads\/2013\/08\/CABROB\u00d3-300x225.jpg\" width=\"300\" height=\"225\" srcset=\"https:\/\/blogdofarnesio.com.br\/wp-content\/uploads\/2013\/08\/CABROB\u00d3-300x225.jpg 300w, https:\/\/blogdofarnesio.com.br\/wp-content\/uploads\/2013\/08\/CABROB\u00d3-400x300.jpg 400w, https:\/\/blogdofarnesio.com.br\/wp-content\/uploads\/2013\/08\/CABROB\u00d3.jpg 500w\" sizes=\"auto, (max-width: 300px) 100vw, 300px\" \/><\/a>O sonho da \u00e1gua de boa qualidade est\u00e1 mais perto de se tornar uma realidade para v\u00e1rias fam\u00edlias de Cabrob\u00f3 (PE) que ser\u00e3o beneficiadas com a Adutora do Murici.<\/p>\n<p style=\"text-align: justify\">No \u00faltimo s\u00e1bado (17), o prefeito do munic\u00edpio, Dr. Auric\u00e9lio Torres, entregou mais de 8 mil metros de canos que servir\u00e3o para conclus\u00e3o da Adutora que levar\u00e1 \u00e1gua a mais de 60 fam\u00edlias da regi\u00e3o.<\/p>\n<p style=\"text-align: justify\">As obras est\u00e3o em fase final e quando estiver pronta a Adutora dever\u00e1 beneficiar as localidades de\u00a0Murici Velho, Murici Novo, Pedra Mijada, Concei\u00e7\u00e3o e Serrote do Boi.\u00a0\u00a0A \u00a0popula\u00e7\u00e3o est\u00e1 t\u00e3o ansiosa pela conclus\u00e3o das obras, que a entrega do material foi motivo de festa na comunidade.<!--more--><\/p>\n<p style=\"text-align: justify\">De acordo com o Secret\u00e1rio Municipal de Agricultura e Meio Ambiente, Marizan Silva, ap\u00f3s a conclus\u00e3o da Adutora, as fam\u00edlias n\u00e3o precisar\u00e3o mais ser atendidas por carros-pipas.\u00a0<em>A obra est\u00e1 sendo executada com recursos pr\u00f3prios<\/em>\u00a0e deve ser entregue nos pr\u00f3ximos dias \u00e0 popula\u00e7\u00e3o.<\/p>\n<p style=\"text-align: justify\">Assessoria de Comunica\u00e7\u00e3o<\/p>\n","protected":false},"excerpt":{"rendered":"<p>PREFEITO ENTREGOU CANOS PARA CONSTRU\u00c7\u00c3O DA ADUTORA DO MURICI O sonho da \u00e1gua de boa qualidade est\u00e1 mais perto de se tornar uma realidade para v\u00e1rias fam\u00edlias de Cabrob\u00f3 (PE) que ser\u00e3o beneficiadas com a Adutora do Murici. No \u00faltimo s\u00e1bado (17), o prefeito do munic\u00edpio, Dr. Auric\u00e9lio Torres, entregou mais de 8 mil metros de canos que servir\u00e3o para conclus\u00e3o da Adutora que levar\u00e1 \u00e1gua a mais de 60 fam\u00edlias da regi\u00e3o. As obras est\u00e3o em fase final e quando estiver pronta a Adutora dever\u00e1 beneficiar as localidades de\u00a0Murici Velho, Murici Novo, Pedra Mijada, Concei\u00e7\u00e3o e Serrote do Boi.\u00a0\u00a0A \u00a0popula\u00e7\u00e3o est\u00e1 t\u00e3o ansiosa pela conclus\u00e3o das obras, que a entrega do material foi motivo de festa na comunidade.<\/p>\n","protected":false},"author":3,"featured_media":0,"comment_status":"open","ping_status":"open","sticky":false,"template":"","format":"standard","meta":{"_acf_changed":false,"footnotes":""},"categories":[27],"tags":[],"class_list":["post-53889","post","type-post","status-publish","format-standard","hentry","category-cidades"],"acf":[],"yoast_head":"<!-- This site is optimized with the Yoast SEO plugin v27.5 - https:\/\/yoast.com\/product\/yoast-seo-wordpress\/ -->\n<title>DIRETO DE CABROB\u00d3  - Blog do Farn\u00e9sio<\/title>\n<meta name=\"robots\" content=\"index, follow, max-snippet:-1, max-image-preview:large, max-video-preview:-1\" \/>\n<link rel=\"canonical\" href=\"https:\/\/blogdofarnesio.com.br\/2013\/08\/direto-de-cabrobo-46\/\" \/>\n<meta property=\"og:locale\" content=\"pt_BR\" \/>\n<meta property=\"og:type\" content=\"article\" \/>\n<meta property=\"og:title\" content=\"DIRETO DE CABROB\u00d3  - Blog do Farn\u00e9sio\" \/>\n<meta property=\"og:description\" content=\"PREFEITO ENTREGOU CANOS PARA CONSTRU\u00c7\u00c3O DA ADUTORA DO MURICI O sonho da \u00e1gua de boa qualidade est\u00e1 mais perto de se tornar uma realidade para v\u00e1rias fam\u00edlias de Cabrob\u00f3 (PE) que ser\u00e3o beneficiadas com a Adutora do Murici. No \u00faltimo s\u00e1bado (17), o prefeito do munic\u00edpio, Dr. Auric\u00e9lio Torres, entregou mais de 8 mil metros de canos que servir\u00e3o para conclus\u00e3o da Adutora que levar\u00e1 \u00e1gua a mais de 60 fam\u00edlias da regi\u00e3o. As obras est\u00e3o em fase final e quando estiver pronta a Adutora dever\u00e1 beneficiar as localidades de\u00a0Murici Velho, Murici Novo, Pedra Mijada, Concei\u00e7\u00e3o e Serrote do Boi.\u00a0\u00a0A \u00a0popula\u00e7\u00e3o est\u00e1 t\u00e3o ansiosa pela conclus\u00e3o das obras, que a entrega do material foi motivo de festa na comunidade.\" \/>\n<meta property=\"og:url\" content=\"https:\/\/blogdofarnesio.com.br\/2013\/08\/direto-de-cabrobo-46\/\" \/>\n<meta property=\"og:site_name\" content=\"Blog do Farn\u00e9sio\" \/>\n<meta property=\"article:publisher\" content=\"https:\/\/www.facebook.com\/BlogQuerSaberPolitica\/\" \/>\n<meta property=\"article:published_time\" content=\"2013-08-20T19:44:15+00:00\" \/>\n<meta name=\"author\" content=\"teste\" \/>\n<meta name=\"twitter:card\" content=\"summary_large_image\" \/>\n<meta name=\"twitter:label1\" content=\"Escrito por\" \/>\n\t<meta name=\"twitter:data1\" content=\"teste\" \/>\n\t<meta name=\"twitter:label2\" content=\"Est. tempo de leitura\" \/>\n\t<meta name=\"twitter:data2\" content=\"1 minuto\" \/>\n<script type=\"application\/ld+json\" class=\"yoast-schema-graph\">{\"@context\":\"https:\\\/\\\/schema.org\",\"@graph\":[{\"@type\":\"Article\",\"@id\":\"https:\\\/\\\/blogdofarnesio.com.br\\\/2013\\\/08\\\/direto-de-cabrobo-46\\\/#article\",\"isPartOf\":{\"@id\":\"https:\\\/\\\/blogdofarnesio.com.br\\\/2013\\\/08\\\/direto-de-cabrobo-46\\\/\"},\"author\":{\"name\":\"teste\",\"@id\":\"https:\\\/\\\/blogdofarnesio.com.br\\\/#\\\/schema\\\/person\\\/dd1bf5eba40b687199ba45ca6b97dff9\"},\"headline\":\"DIRETO DE CABROB\u00d3\",\"datePublished\":\"2013-08-20T19:44:15+00:00\",\"mainEntityOfPage\":{\"@id\":\"https:\\\/\\\/blogdofarnesio.com.br\\\/2013\\\/08\\\/direto-de-cabrobo-46\\\/\"},\"wordCount\":193,\"commentCount\":0,\"publisher\":{\"@id\":\"https:\\\/\\\/blogdofarnesio.com.br\\\/#organization\"},\"articleSection\":[\"Cidades\"],\"inLanguage\":\"pt-BR\",\"potentialAction\":[{\"@type\":\"CommentAction\",\"name\":\"Comment\",\"target\":[\"https:\\\/\\\/blogdofarnesio.com.br\\\/2013\\\/08\\\/direto-de-cabrobo-46\\\/#respond\"]}]},{\"@type\":\"WebPage\",\"@id\":\"https:\\\/\\\/blogdofarnesio.com.br\\\/2013\\\/08\\\/direto-de-cabrobo-46\\\/\",\"url\":\"https:\\\/\\\/blogdofarnesio.com.br\\\/2013\\\/08\\\/direto-de-cabrobo-46\\\/\",\"name\":\"DIRETO DE CABROB\u00d3 - Blog do Farn\u00e9sio\",\"isPartOf\":{\"@id\":\"https:\\\/\\\/blogdofarnesio.com.br\\\/#website\"},\"datePublished\":\"2013-08-20T19:44:15+00:00\",\"breadcrumb\":{\"@id\":\"https:\\\/\\\/blogdofarnesio.com.br\\\/2013\\\/08\\\/direto-de-cabrobo-46\\\/#breadcrumb\"},\"inLanguage\":\"pt-BR\",\"potentialAction\":[{\"@type\":\"ReadAction\",\"target\":[\"https:\\\/\\\/blogdofarnesio.com.br\\\/2013\\\/08\\\/direto-de-cabrobo-46\\\/\"]}]},{\"@type\":\"BreadcrumbList\",\"@id\":\"https:\\\/\\\/blogdofarnesio.com.br\\\/2013\\\/08\\\/direto-de-cabrobo-46\\\/#breadcrumb\",\"itemListElement\":[{\"@type\":\"ListItem\",\"position\":1,\"name\":\"In\u00edcio\",\"item\":\"https:\\\/\\\/blogdofarnesio.com.br\\\/\"},{\"@type\":\"ListItem\",\"position\":2,\"name\":\"DIRETO DE CABROB\u00d3\"}]},{\"@type\":\"WebSite\",\"@id\":\"https:\\\/\\\/blogdofarnesio.com.br\\\/#website\",\"url\":\"https:\\\/\\\/blogdofarnesio.com.br\\\/\",\"name\":\"Blog do Farn\u00e9sio\",\"description\":\"Quer Saber Pol\u00edtica?\",\"publisher\":{\"@id\":\"https:\\\/\\\/blogdofarnesio.com.br\\\/#organization\"},\"potentialAction\":[{\"@type\":\"SearchAction\",\"target\":{\"@type\":\"EntryPoint\",\"urlTemplate\":\"https:\\\/\\\/blogdofarnesio.com.br\\\/?s={search_term_string}\"},\"query-input\":{\"@type\":\"PropertyValueSpecification\",\"valueRequired\":true,\"valueName\":\"search_term_string\"}}],\"inLanguage\":\"pt-BR\"},{\"@type\":\"Organization\",\"@id\":\"https:\\\/\\\/blogdofarnesio.com.br\\\/#organization\",\"name\":\"Blog do Farn\u00e9sio\",\"url\":\"https:\\\/\\\/blogdofarnesio.com.br\\\/\",\"logo\":{\"@type\":\"ImageObject\",\"inLanguage\":\"pt-BR\",\"@id\":\"https:\\\/\\\/blogdofarnesio.com.br\\\/#\\\/schema\\\/logo\\\/image\\\/\",\"url\":\"https:\\\/\\\/blogdofarnesio.com.br\\\/wp-content\\\/uploads\\\/2026\\\/03\\\/cropped-logo_new-1.png\",\"contentUrl\":\"https:\\\/\\\/blogdofarnesio.com.br\\\/wp-content\\\/uploads\\\/2026\\\/03\\\/cropped-logo_new-1.png\",\"width\":881,\"height\":685,\"caption\":\"Blog do Farn\u00e9sio\"},\"image\":{\"@id\":\"https:\\\/\\\/blogdofarnesio.com.br\\\/#\\\/schema\\\/logo\\\/image\\\/\"},\"sameAs\":[\"https:\\\/\\\/www.facebook.com\\\/BlogQuerSaberPolitica\\\/\"]},{\"@type\":\"Person\",\"@id\":\"https:\\\/\\\/blogdofarnesio.com.br\\\/#\\\/schema\\\/person\\\/dd1bf5eba40b687199ba45ca6b97dff9\",\"name\":\"teste\",\"image\":{\"@type\":\"ImageObject\",\"inLanguage\":\"pt-BR\",\"@id\":\"https:\\\/\\\/secure.gravatar.com\\\/avatar\\\/2172498d4914b51e1d89a0f97957b035ac4938723a5cac208135d389b6972a6d?s=96&d=mm&r=g\",\"url\":\"https:\\\/\\\/secure.gravatar.com\\\/avatar\\\/2172498d4914b51e1d89a0f97957b035ac4938723a5cac208135d389b6972a6d?s=96&d=mm&r=g\",\"contentUrl\":\"https:\\\/\\\/secure.gravatar.com\\\/avatar\\\/2172498d4914b51e1d89a0f97957b035ac4938723a5cac208135d389b6972a6d?s=96&d=mm&r=g\",\"caption\":\"teste\"},\"url\":\"https:\\\/\\\/blogdofarnesio.com.br\\\/author\\\/teste\\\/\"}]}<\/script>\n<!-- \/ Yoast SEO plugin. -->","yoast_head_json":{"title":"DIRETO DE CABROB\u00d3  - Blog do Farn\u00e9sio","robots":{"index":"index","follow":"follow","max-snippet":"max-snippet:-1","max-image-preview":"max-image-preview:large","max-video-preview":"max-video-preview:-1"},"canonical":"https:\/\/blogdofarnesio.com.br\/2013\/08\/direto-de-cabrobo-46\/","og_locale":"pt_BR","og_type":"article","og_title":"DIRETO DE CABROB\u00d3  - Blog do Farn\u00e9sio","og_description":"PREFEITO ENTREGOU CANOS PARA CONSTRU\u00c7\u00c3O DA ADUTORA DO MURICI O sonho da \u00e1gua de boa qualidade est\u00e1 mais perto de se tornar uma realidade para v\u00e1rias fam\u00edlias de Cabrob\u00f3 (PE) que ser\u00e3o beneficiadas com a Adutora do Murici. No \u00faltimo s\u00e1bado (17), o prefeito do munic\u00edpio, Dr. Auric\u00e9lio Torres, entregou mais de 8 mil metros de canos que servir\u00e3o para conclus\u00e3o da Adutora que levar\u00e1 \u00e1gua a mais de 60 fam\u00edlias da regi\u00e3o. As obras est\u00e3o em fase final e quando estiver pronta a Adutora dever\u00e1 beneficiar as localidades de\u00a0Murici Velho, Murici Novo, Pedra Mijada, Concei\u00e7\u00e3o e Serrote do Boi.\u00a0\u00a0A \u00a0popula\u00e7\u00e3o est\u00e1 t\u00e3o ansiosa pela conclus\u00e3o das obras, que a entrega do material foi motivo de festa na comunidade.","og_url":"https:\/\/blogdofarnesio.com.br\/2013\/08\/direto-de-cabrobo-46\/","og_site_name":"Blog do Farn\u00e9sio","article_publisher":"https:\/\/www.facebook.com\/BlogQuerSaberPolitica\/","article_published_time":"2013-08-20T19:44:15+00:00","author":"teste","twitter_card":"summary_large_image","twitter_misc":{"Escrito por":"teste","Est. tempo de leitura":"1 minuto"},"schema":{"@context":"https:\/\/schema.org","@graph":[{"@type":"Article","@id":"https:\/\/blogdofarnesio.com.br\/2013\/08\/direto-de-cabrobo-46\/#article","isPartOf":{"@id":"https:\/\/blogdofarnesio.com.br\/2013\/08\/direto-de-cabrobo-46\/"},"author":{"name":"teste","@id":"https:\/\/blogdofarnesio.com.br\/#\/schema\/person\/dd1bf5eba40b687199ba45ca6b97dff9"},"headline":"DIRETO DE CABROB\u00d3","datePublished":"2013-08-20T19:44:15+00:00","mainEntityOfPage":{"@id":"https:\/\/blogdofarnesio.com.br\/2013\/08\/direto-de-cabrobo-46\/"},"wordCount":193,"commentCount":0,"publisher":{"@id":"https:\/\/blogdofarnesio.com.br\/#organization"},"articleSection":["Cidades"],"inLanguage":"pt-BR","potentialAction":[{"@type":"CommentAction","name":"Comment","target":["https:\/\/blogdofarnesio.com.br\/2013\/08\/direto-de-cabrobo-46\/#respond"]}]},{"@type":"WebPage","@id":"https:\/\/blogdofarnesio.com.br\/2013\/08\/direto-de-cabrobo-46\/","url":"https:\/\/blogdofarnesio.com.br\/2013\/08\/direto-de-cabrobo-46\/","name":"DIRETO DE CABROB\u00d3 - Blog do Farn\u00e9sio","isPartOf":{"@id":"https:\/\/blogdofarnesio.com.br\/#website"},"datePublished":"2013-08-20T19:44:15+00:00","breadcrumb":{"@id":"https:\/\/blogdofarnesio.com.br\/2013\/08\/direto-de-cabrobo-46\/#breadcrumb"},"inLanguage":"pt-BR","potentialAction":[{"@type":"ReadAction","target":["https:\/\/blogdofarnesio.com.br\/2013\/08\/direto-de-cabrobo-46\/"]}]},{"@type":"BreadcrumbList","@id":"https:\/\/blogdofarnesio.com.br\/2013\/08\/direto-de-cabrobo-46\/#breadcrumb","itemListElement":[{"@type":"ListItem","position":1,"name":"In\u00edcio","item":"https:\/\/blogdofarnesio.com.br\/"},{"@type":"ListItem","position":2,"name":"DIRETO DE CABROB\u00d3"}]},{"@type":"WebSite","@id":"https:\/\/blogdofarnesio.com.br\/#website","url":"https:\/\/blogdofarnesio.com.br\/","name":"Blog do Farn\u00e9sio","description":"Quer Saber Pol\u00edtica?","publisher":{"@id":"https:\/\/blogdofarnesio.com.br\/#organization"},"potentialAction":[{"@type":"SearchAction","target":{"@type":"EntryPoint","urlTemplate":"https:\/\/blogdofarnesio.com.br\/?s={search_term_string}"},"query-input":{"@type":"PropertyValueSpecification","valueRequired":true,"valueName":"search_term_string"}}],"inLanguage":"pt-BR"},{"@type":"Organization","@id":"https:\/\/blogdofarnesio.com.br\/#organization","name":"Blog do Farn\u00e9sio","url":"https:\/\/blogdofarnesio.com.br\/","logo":{"@type":"ImageObject","inLanguage":"pt-BR","@id":"https:\/\/blogdofarnesio.com.br\/#\/schema\/logo\/image\/","url":"https:\/\/blogdofarnesio.com.br\/wp-content\/uploads\/2026\/03\/cropped-logo_new-1.png","contentUrl":"https:\/\/blogdofarnesio.com.br\/wp-content\/uploads\/2026\/03\/cropped-logo_new-1.png","width":881,"height":685,"caption":"Blog do Farn\u00e9sio"},"image":{"@id":"https:\/\/blogdofarnesio.com.br\/#\/schema\/logo\/image\/"},"sameAs":["https:\/\/www.facebook.com\/BlogQuerSaberPolitica\/"]},{"@type":"Person","@id":"https:\/\/blogdofarnesio.com.br\/#\/schema\/person\/dd1bf5eba40b687199ba45ca6b97dff9","name":"teste","image":{"@type":"ImageObject","inLanguage":"pt-BR","@id":"https:\/\/secure.gravatar.com\/avatar\/2172498d4914b51e1d89a0f97957b035ac4938723a5cac208135d389b6972a6d?s=96&d=mm&r=g","url":"https:\/\/secure.gravatar.com\/avatar\/2172498d4914b51e1d89a0f97957b035ac4938723a5cac208135d389b6972a6d?s=96&d=mm&r=g","contentUrl":"https:\/\/secure.gravatar.com\/avatar\/2172498d4914b51e1d89a0f97957b035ac4938723a5cac208135d389b6972a6d?s=96&d=mm&r=g","caption":"teste"},"url":"https:\/\/blogdofarnesio.com.br\/author\/teste\/"}]}},"_links":{"self":[{"href":"https:\/\/blogdofarnesio.com.br\/wp-json\/wp\/v2\/posts\/53889","targetHints":{"allow":["GET"]}}],"collection":[{"href":"https:\/\/blogdofarnesio.com.br\/wp-json\/wp\/v2\/posts"}],"about":[{"href":"https:\/\/blogdofarnesio.com.br\/wp-json\/wp\/v2\/types\/post"}],"author":[{"embeddable":true,"href":"https:\/\/blogdofarnesio.com.br\/wp-json\/wp\/v2\/users\/3"}],"replies":[{"embeddable":true,"href":"https:\/\/blogdofarnesio.com.br\/wp-json\/wp\/v2\/comments?post=53889"}],"version-history":[{"count":0,"href":"https:\/\/blogdofarnesio.com.br\/wp-json\/wp\/v2\/posts\/53889\/revisions"}],"wp:attachment":[{"href":"https:\/\/blogdofarnesio.com.br\/wp-json\/wp\/v2\/media?parent=53889"}],"wp:term":[{"taxonomy":"category","embeddable":true,"href":"https:\/\/blogdofarnesio.com.br\/wp-json\/wp\/v2\/categories?post=53889"},{"taxonomy":"post_tag","embeddable":true,"href":"https:\/\/blogdofarnesio.com.br\/wp-json\/wp\/v2\/tags?post=53889"}],"curies":[{"name":"wp","href":"https:\/\/api.w.org\/{rel}","templated":true}]}}