{"id":53768,"date":"2013-08-19T11:04:40","date_gmt":"2013-08-19T14:04:40","guid":{"rendered":"http:\/\/www.quersaberpolitica.com.br\/?p=53768"},"modified":"2013-08-19T09:25:25","modified_gmt":"2013-08-19T12:25:25","slug":"direto-de-casa-nova-44","status":"publish","type":"post","link":"https:\/\/blogdofarnesio.com.br\/2013\/08\/direto-de-casa-nova-44\/","title":{"rendered":"DIRETO DE CASA NOVA"},"content":{"rendered":"<p style=\"text-align: justify\"><strong>ASSEMBLEIA TRATAR\u00c1 DO PROCESSO DE EMANCIPA\u00c7\u00c3O DE SANTANA DO SOBRADO<\/strong><\/p>\n<p style=\"text-align: justify\"><a href=\"http:\/\/www.quersaberpolitica.com.br\/2016\/wp-content\/uploads\/2013\/08\/blogqspIzabelacomissoa-casanova-Foto-Farn\u00e9sio-Silva1.jpg\"><img loading=\"lazy\" decoding=\"async\" class=\"alignleft size-medium wp-image-53785\" alt=\"blogqspIzabelacomissoa casanova Foto Farn\u00e9sio Silva1\" src=\"http:\/\/www.quersaberpolitica.com.br\/2016\/wp-content\/uploads\/2013\/08\/blogqspIzabelacomissoa-casanova-Foto-Farn\u00e9sio-Silva1-300x168.jpg\" width=\"300\" height=\"168\" srcset=\"https:\/\/blogdofarnesio.com.br\/wp-content\/uploads\/2013\/08\/blogqspIzabelacomissoa-casanova-Foto-Farn\u00e9sio-Silva1-300x168.jpg 300w, https:\/\/blogdofarnesio.com.br\/wp-content\/uploads\/2013\/08\/blogqspIzabelacomissoa-casanova-Foto-Farn\u00e9sio-Silva1.jpg 448w\" sizes=\"auto, (max-width: 300px) 100vw, 300px\" \/><\/a>No pr\u00f3ximo dia 24, \u00e0s 16h, acontecer\u00e1 uma assembleia geral, no Kaiac Club em Santana do Sobrado, distrito de Casa Nova, que tratar\u00e1 processo de emancipa\u00e7\u00e3o de Santana. Na ocasi\u00e3o, ser\u00e1 formado um grupo que percorrer\u00e1 todas as comunidades recolhendo assinaturas de 20% dos eleitores de Casa Nova para encaminhar ao TRE para que ele possa convocar o plebiscito no pr\u00f3ximo ano.<\/p>\n<p style=\"text-align: justify\">A presidente da comiss\u00e3o de emancipa\u00e7\u00e3o, Isabela Moreira, convida a todos os representantes, lideran\u00e7as, jovens, toda a popula\u00e7\u00e3o para comparecerem \u00e0 assembleia. \u201c \u00c9 importante a presen\u00e7a de todo o povo, aonde ser\u00e1 aprovado o estatuto social da comiss\u00e3o da emancipa\u00e7\u00e3o de Santana \u00a0e vamos efetivar s\u00f3cios que v\u00e3o fazer parte da coordena\u00e7\u00e3o, o estatuto ser\u00e1 aprovado, registrado em cart\u00f3rio para ser enviado \u00e0 Assembleia\u201d, destacou<\/p>\n<p style=\"text-align: justify\">Em entrevista concedida a este blogueiro, no programa Bastidores da Not\u00edcia da\u00a0Tropical Sat, a presidente destacou que est\u00e1 otimista com o processo, al\u00e9m de destacar o apoio do prefeito de Casa Nova, Wilson Cota. \u201cO momento mais feliz que passamos em Salvador, em assembleia do \u00faltimo dia 15, foi quando o deputado Jo\u00e3o Bonfim falava que o prefeito Wilson Cota \u00e9 favor\u00e1vel e vai emancipar Santana\u201d, ressaltou.<\/p>\n<p style=\"text-align: justify\">\u00c9 importante ressaltar, que Santana do Sobrado j\u00e1 foi cidade, por\u00e9m perdeu a inconstitucionalidade, e hoje a luta para conseguir de volta o t\u00edtulo perdido.<\/p>\n","protected":false},"excerpt":{"rendered":"<p>ASSEMBLEIA TRATAR\u00c1 DO PROCESSO DE EMANCIPA\u00c7\u00c3O DE SANTANA DO SOBRADO No pr\u00f3ximo dia 24, \u00e0s 16h, acontecer\u00e1 uma assembleia geral, no Kaiac Club em Santana do Sobrado, distrito de Casa Nova, que tratar\u00e1 processo de emancipa\u00e7\u00e3o de Santana. Na ocasi\u00e3o, ser\u00e1 formado um grupo que percorrer\u00e1 todas as comunidades recolhendo assinaturas de 20% dos eleitores de Casa Nova para encaminhar ao TRE para que ele possa convocar o plebiscito no pr\u00f3ximo ano. A presidente da comiss\u00e3o de emancipa\u00e7\u00e3o, Isabela Moreira, convida a todos os representantes, lideran\u00e7as, jovens, toda a popula\u00e7\u00e3o para comparecerem \u00e0 assembleia. \u201c \u00c9 importante a presen\u00e7a de todo o povo, aonde ser\u00e1 aprovado o estatuto social da comiss\u00e3o da emancipa\u00e7\u00e3o de Santana \u00a0e vamos efetivar s\u00f3cios que&hellip; <\/p>\n","protected":false},"author":3,"featured_media":0,"comment_status":"open","ping_status":"open","sticky":false,"template":"","format":"standard","meta":{"_acf_changed":false,"footnotes":""},"categories":[27],"tags":[],"class_list":["post-53768","post","type-post","status-publish","format-standard","hentry","category-cidades"],"acf":[],"yoast_head":"<!-- This site is optimized with the Yoast SEO plugin v27.5 - https:\/\/yoast.com\/product\/yoast-seo-wordpress\/ -->\n<title>DIRETO DE CASA NOVA  - Blog do Farn\u00e9sio<\/title>\n<meta name=\"robots\" content=\"index, follow, max-snippet:-1, max-image-preview:large, max-video-preview:-1\" \/>\n<link rel=\"canonical\" href=\"https:\/\/blogdofarnesio.com.br\/2013\/08\/direto-de-casa-nova-44\/\" \/>\n<meta property=\"og:locale\" content=\"pt_BR\" \/>\n<meta property=\"og:type\" content=\"article\" \/>\n<meta property=\"og:title\" content=\"DIRETO DE CASA NOVA  - Blog do Farn\u00e9sio\" \/>\n<meta property=\"og:description\" content=\"ASSEMBLEIA TRATAR\u00c1 DO PROCESSO DE EMANCIPA\u00c7\u00c3O DE SANTANA DO SOBRADO No pr\u00f3ximo dia 24, \u00e0s 16h, acontecer\u00e1 uma assembleia geral, no Kaiac Club em Santana do Sobrado, distrito de Casa Nova, que tratar\u00e1 processo de emancipa\u00e7\u00e3o de Santana. Na ocasi\u00e3o, ser\u00e1 formado um grupo que percorrer\u00e1 todas as comunidades recolhendo assinaturas de 20% dos eleitores de Casa Nova para encaminhar ao TRE para que ele possa convocar o plebiscito no pr\u00f3ximo ano. A presidente da comiss\u00e3o de emancipa\u00e7\u00e3o, Isabela Moreira, convida a todos os representantes, lideran\u00e7as, jovens, toda a popula\u00e7\u00e3o para comparecerem \u00e0 assembleia. \u201c \u00c9 importante a presen\u00e7a de todo o povo, aonde ser\u00e1 aprovado o estatuto social da comiss\u00e3o da emancipa\u00e7\u00e3o de Santana \u00a0e vamos efetivar s\u00f3cios que&hellip;\" \/>\n<meta property=\"og:url\" content=\"https:\/\/blogdofarnesio.com.br\/2013\/08\/direto-de-casa-nova-44\/\" \/>\n<meta property=\"og:site_name\" content=\"Blog do Farn\u00e9sio\" \/>\n<meta property=\"article:publisher\" content=\"https:\/\/www.facebook.com\/BlogQuerSaberPolitica\/\" \/>\n<meta property=\"article:published_time\" content=\"2013-08-19T14:04:40+00:00\" \/>\n<meta name=\"author\" content=\"teste\" \/>\n<meta name=\"twitter:card\" content=\"summary_large_image\" \/>\n<meta name=\"twitter:label1\" content=\"Escrito por\" \/>\n\t<meta name=\"twitter:data1\" content=\"teste\" \/>\n\t<meta name=\"twitter:label2\" content=\"Est. tempo de leitura\" \/>\n\t<meta name=\"twitter:data2\" content=\"1 minuto\" \/>\n<script type=\"application\/ld+json\" class=\"yoast-schema-graph\">{\"@context\":\"https:\\\/\\\/schema.org\",\"@graph\":[{\"@type\":\"Article\",\"@id\":\"https:\\\/\\\/blogdofarnesio.com.br\\\/2013\\\/08\\\/direto-de-casa-nova-44\\\/#article\",\"isPartOf\":{\"@id\":\"https:\\\/\\\/blogdofarnesio.com.br\\\/2013\\\/08\\\/direto-de-casa-nova-44\\\/\"},\"author\":{\"name\":\"teste\",\"@id\":\"https:\\\/\\\/blogdofarnesio.com.br\\\/#\\\/schema\\\/person\\\/dd1bf5eba40b687199ba45ca6b97dff9\"},\"headline\":\"DIRETO DE CASA NOVA\",\"datePublished\":\"2013-08-19T14:04:40+00:00\",\"mainEntityOfPage\":{\"@id\":\"https:\\\/\\\/blogdofarnesio.com.br\\\/2013\\\/08\\\/direto-de-casa-nova-44\\\/\"},\"wordCount\":248,\"commentCount\":1,\"publisher\":{\"@id\":\"https:\\\/\\\/blogdofarnesio.com.br\\\/#organization\"},\"articleSection\":[\"Cidades\"],\"inLanguage\":\"pt-BR\",\"potentialAction\":[{\"@type\":\"CommentAction\",\"name\":\"Comment\",\"target\":[\"https:\\\/\\\/blogdofarnesio.com.br\\\/2013\\\/08\\\/direto-de-casa-nova-44\\\/#respond\"]}]},{\"@type\":\"WebPage\",\"@id\":\"https:\\\/\\\/blogdofarnesio.com.br\\\/2013\\\/08\\\/direto-de-casa-nova-44\\\/\",\"url\":\"https:\\\/\\\/blogdofarnesio.com.br\\\/2013\\\/08\\\/direto-de-casa-nova-44\\\/\",\"name\":\"DIRETO DE CASA NOVA - Blog do Farn\u00e9sio\",\"isPartOf\":{\"@id\":\"https:\\\/\\\/blogdofarnesio.com.br\\\/#website\"},\"datePublished\":\"2013-08-19T14:04:40+00:00\",\"breadcrumb\":{\"@id\":\"https:\\\/\\\/blogdofarnesio.com.br\\\/2013\\\/08\\\/direto-de-casa-nova-44\\\/#breadcrumb\"},\"inLanguage\":\"pt-BR\",\"potentialAction\":[{\"@type\":\"ReadAction\",\"target\":[\"https:\\\/\\\/blogdofarnesio.com.br\\\/2013\\\/08\\\/direto-de-casa-nova-44\\\/\"]}]},{\"@type\":\"BreadcrumbList\",\"@id\":\"https:\\\/\\\/blogdofarnesio.com.br\\\/2013\\\/08\\\/direto-de-casa-nova-44\\\/#breadcrumb\",\"itemListElement\":[{\"@type\":\"ListItem\",\"position\":1,\"name\":\"In\u00edcio\",\"item\":\"https:\\\/\\\/blogdofarnesio.com.br\\\/\"},{\"@type\":\"ListItem\",\"position\":2,\"name\":\"DIRETO DE CASA NOVA\"}]},{\"@type\":\"WebSite\",\"@id\":\"https:\\\/\\\/blogdofarnesio.com.br\\\/#website\",\"url\":\"https:\\\/\\\/blogdofarnesio.com.br\\\/\",\"name\":\"Blog do Farn\u00e9sio\",\"description\":\"Quer Saber Pol\u00edtica?\",\"publisher\":{\"@id\":\"https:\\\/\\\/blogdofarnesio.com.br\\\/#organization\"},\"potentialAction\":[{\"@type\":\"SearchAction\",\"target\":{\"@type\":\"EntryPoint\",\"urlTemplate\":\"https:\\\/\\\/blogdofarnesio.com.br\\\/?s={search_term_string}\"},\"query-input\":{\"@type\":\"PropertyValueSpecification\",\"valueRequired\":true,\"valueName\":\"search_term_string\"}}],\"inLanguage\":\"pt-BR\"},{\"@type\":\"Organization\",\"@id\":\"https:\\\/\\\/blogdofarnesio.com.br\\\/#organization\",\"name\":\"Blog do Farn\u00e9sio\",\"url\":\"https:\\\/\\\/blogdofarnesio.com.br\\\/\",\"logo\":{\"@type\":\"ImageObject\",\"inLanguage\":\"pt-BR\",\"@id\":\"https:\\\/\\\/blogdofarnesio.com.br\\\/#\\\/schema\\\/logo\\\/image\\\/\",\"url\":\"https:\\\/\\\/blogdofarnesio.com.br\\\/wp-content\\\/uploads\\\/2026\\\/03\\\/cropped-logo_new-1.png\",\"contentUrl\":\"https:\\\/\\\/blogdofarnesio.com.br\\\/wp-content\\\/uploads\\\/2026\\\/03\\\/cropped-logo_new-1.png\",\"width\":881,\"height\":685,\"caption\":\"Blog do Farn\u00e9sio\"},\"image\":{\"@id\":\"https:\\\/\\\/blogdofarnesio.com.br\\\/#\\\/schema\\\/logo\\\/image\\\/\"},\"sameAs\":[\"https:\\\/\\\/www.facebook.com\\\/BlogQuerSaberPolitica\\\/\"]},{\"@type\":\"Person\",\"@id\":\"https:\\\/\\\/blogdofarnesio.com.br\\\/#\\\/schema\\\/person\\\/dd1bf5eba40b687199ba45ca6b97dff9\",\"name\":\"teste\",\"image\":{\"@type\":\"ImageObject\",\"inLanguage\":\"pt-BR\",\"@id\":\"https:\\\/\\\/secure.gravatar.com\\\/avatar\\\/2172498d4914b51e1d89a0f97957b035ac4938723a5cac208135d389b6972a6d?s=96&d=mm&r=g\",\"url\":\"https:\\\/\\\/secure.gravatar.com\\\/avatar\\\/2172498d4914b51e1d89a0f97957b035ac4938723a5cac208135d389b6972a6d?s=96&d=mm&r=g\",\"contentUrl\":\"https:\\\/\\\/secure.gravatar.com\\\/avatar\\\/2172498d4914b51e1d89a0f97957b035ac4938723a5cac208135d389b6972a6d?s=96&d=mm&r=g\",\"caption\":\"teste\"},\"url\":\"https:\\\/\\\/blogdofarnesio.com.br\\\/author\\\/teste\\\/\"}]}<\/script>\n<!-- \/ Yoast SEO plugin. -->","yoast_head_json":{"title":"DIRETO DE CASA NOVA  - Blog do Farn\u00e9sio","robots":{"index":"index","follow":"follow","max-snippet":"max-snippet:-1","max-image-preview":"max-image-preview:large","max-video-preview":"max-video-preview:-1"},"canonical":"https:\/\/blogdofarnesio.com.br\/2013\/08\/direto-de-casa-nova-44\/","og_locale":"pt_BR","og_type":"article","og_title":"DIRETO DE CASA NOVA  - Blog do Farn\u00e9sio","og_description":"ASSEMBLEIA TRATAR\u00c1 DO PROCESSO DE EMANCIPA\u00c7\u00c3O DE SANTANA DO SOBRADO No pr\u00f3ximo dia 24, \u00e0s 16h, acontecer\u00e1 uma assembleia geral, no Kaiac Club em Santana do Sobrado, distrito de Casa Nova, que tratar\u00e1 processo de emancipa\u00e7\u00e3o de Santana. Na ocasi\u00e3o, ser\u00e1 formado um grupo que percorrer\u00e1 todas as comunidades recolhendo assinaturas de 20% dos eleitores de Casa Nova para encaminhar ao TRE para que ele possa convocar o plebiscito no pr\u00f3ximo ano. A presidente da comiss\u00e3o de emancipa\u00e7\u00e3o, Isabela Moreira, convida a todos os representantes, lideran\u00e7as, jovens, toda a popula\u00e7\u00e3o para comparecerem \u00e0 assembleia. \u201c \u00c9 importante a presen\u00e7a de todo o povo, aonde ser\u00e1 aprovado o estatuto social da comiss\u00e3o da emancipa\u00e7\u00e3o de Santana \u00a0e vamos efetivar s\u00f3cios que&hellip;","og_url":"https:\/\/blogdofarnesio.com.br\/2013\/08\/direto-de-casa-nova-44\/","og_site_name":"Blog do Farn\u00e9sio","article_publisher":"https:\/\/www.facebook.com\/BlogQuerSaberPolitica\/","article_published_time":"2013-08-19T14:04:40+00:00","author":"teste","twitter_card":"summary_large_image","twitter_misc":{"Escrito por":"teste","Est. tempo de leitura":"1 minuto"},"schema":{"@context":"https:\/\/schema.org","@graph":[{"@type":"Article","@id":"https:\/\/blogdofarnesio.com.br\/2013\/08\/direto-de-casa-nova-44\/#article","isPartOf":{"@id":"https:\/\/blogdofarnesio.com.br\/2013\/08\/direto-de-casa-nova-44\/"},"author":{"name":"teste","@id":"https:\/\/blogdofarnesio.com.br\/#\/schema\/person\/dd1bf5eba40b687199ba45ca6b97dff9"},"headline":"DIRETO DE CASA NOVA","datePublished":"2013-08-19T14:04:40+00:00","mainEntityOfPage":{"@id":"https:\/\/blogdofarnesio.com.br\/2013\/08\/direto-de-casa-nova-44\/"},"wordCount":248,"commentCount":1,"publisher":{"@id":"https:\/\/blogdofarnesio.com.br\/#organization"},"articleSection":["Cidades"],"inLanguage":"pt-BR","potentialAction":[{"@type":"CommentAction","name":"Comment","target":["https:\/\/blogdofarnesio.com.br\/2013\/08\/direto-de-casa-nova-44\/#respond"]}]},{"@type":"WebPage","@id":"https:\/\/blogdofarnesio.com.br\/2013\/08\/direto-de-casa-nova-44\/","url":"https:\/\/blogdofarnesio.com.br\/2013\/08\/direto-de-casa-nova-44\/","name":"DIRETO DE CASA NOVA - Blog do Farn\u00e9sio","isPartOf":{"@id":"https:\/\/blogdofarnesio.com.br\/#website"},"datePublished":"2013-08-19T14:04:40+00:00","breadcrumb":{"@id":"https:\/\/blogdofarnesio.com.br\/2013\/08\/direto-de-casa-nova-44\/#breadcrumb"},"inLanguage":"pt-BR","potentialAction":[{"@type":"ReadAction","target":["https:\/\/blogdofarnesio.com.br\/2013\/08\/direto-de-casa-nova-44\/"]}]},{"@type":"BreadcrumbList","@id":"https:\/\/blogdofarnesio.com.br\/2013\/08\/direto-de-casa-nova-44\/#breadcrumb","itemListElement":[{"@type":"ListItem","position":1,"name":"In\u00edcio","item":"https:\/\/blogdofarnesio.com.br\/"},{"@type":"ListItem","position":2,"name":"DIRETO DE CASA NOVA"}]},{"@type":"WebSite","@id":"https:\/\/blogdofarnesio.com.br\/#website","url":"https:\/\/blogdofarnesio.com.br\/","name":"Blog do Farn\u00e9sio","description":"Quer Saber Pol\u00edtica?","publisher":{"@id":"https:\/\/blogdofarnesio.com.br\/#organization"},"potentialAction":[{"@type":"SearchAction","target":{"@type":"EntryPoint","urlTemplate":"https:\/\/blogdofarnesio.com.br\/?s={search_term_string}"},"query-input":{"@type":"PropertyValueSpecification","valueRequired":true,"valueName":"search_term_string"}}],"inLanguage":"pt-BR"},{"@type":"Organization","@id":"https:\/\/blogdofarnesio.com.br\/#organization","name":"Blog do Farn\u00e9sio","url":"https:\/\/blogdofarnesio.com.br\/","logo":{"@type":"ImageObject","inLanguage":"pt-BR","@id":"https:\/\/blogdofarnesio.com.br\/#\/schema\/logo\/image\/","url":"https:\/\/blogdofarnesio.com.br\/wp-content\/uploads\/2026\/03\/cropped-logo_new-1.png","contentUrl":"https:\/\/blogdofarnesio.com.br\/wp-content\/uploads\/2026\/03\/cropped-logo_new-1.png","width":881,"height":685,"caption":"Blog do Farn\u00e9sio"},"image":{"@id":"https:\/\/blogdofarnesio.com.br\/#\/schema\/logo\/image\/"},"sameAs":["https:\/\/www.facebook.com\/BlogQuerSaberPolitica\/"]},{"@type":"Person","@id":"https:\/\/blogdofarnesio.com.br\/#\/schema\/person\/dd1bf5eba40b687199ba45ca6b97dff9","name":"teste","image":{"@type":"ImageObject","inLanguage":"pt-BR","@id":"https:\/\/secure.gravatar.com\/avatar\/2172498d4914b51e1d89a0f97957b035ac4938723a5cac208135d389b6972a6d?s=96&d=mm&r=g","url":"https:\/\/secure.gravatar.com\/avatar\/2172498d4914b51e1d89a0f97957b035ac4938723a5cac208135d389b6972a6d?s=96&d=mm&r=g","contentUrl":"https:\/\/secure.gravatar.com\/avatar\/2172498d4914b51e1d89a0f97957b035ac4938723a5cac208135d389b6972a6d?s=96&d=mm&r=g","caption":"teste"},"url":"https:\/\/blogdofarnesio.com.br\/author\/teste\/"}]}},"_links":{"self":[{"href":"https:\/\/blogdofarnesio.com.br\/wp-json\/wp\/v2\/posts\/53768","targetHints":{"allow":["GET"]}}],"collection":[{"href":"https:\/\/blogdofarnesio.com.br\/wp-json\/wp\/v2\/posts"}],"about":[{"href":"https:\/\/blogdofarnesio.com.br\/wp-json\/wp\/v2\/types\/post"}],"author":[{"embeddable":true,"href":"https:\/\/blogdofarnesio.com.br\/wp-json\/wp\/v2\/users\/3"}],"replies":[{"embeddable":true,"href":"https:\/\/blogdofarnesio.com.br\/wp-json\/wp\/v2\/comments?post=53768"}],"version-history":[{"count":0,"href":"https:\/\/blogdofarnesio.com.br\/wp-json\/wp\/v2\/posts\/53768\/revisions"}],"wp:attachment":[{"href":"https:\/\/blogdofarnesio.com.br\/wp-json\/wp\/v2\/media?parent=53768"}],"wp:term":[{"taxonomy":"category","embeddable":true,"href":"https:\/\/blogdofarnesio.com.br\/wp-json\/wp\/v2\/categories?post=53768"},{"taxonomy":"post_tag","embeddable":true,"href":"https:\/\/blogdofarnesio.com.br\/wp-json\/wp\/v2\/tags?post=53768"}],"curies":[{"name":"wp","href":"https:\/\/api.w.org\/{rel}","templated":true}]}}