{"id":53755,"date":"2013-08-20T17:35:02","date_gmt":"2013-08-20T20:35:02","guid":{"rendered":"http:\/\/www.quersaberpolitica.com.br\/?p=53755"},"modified":"2013-08-20T15:16:18","modified_gmt":"2013-08-20T18:16:18","slug":"direto-de-ouricuri-14","status":"publish","type":"post","link":"https:\/\/blogdofarnesio.com.br\/?p=53755","title":{"rendered":"DIRETO DE OURICURI"},"content":{"rendered":"<p style=\"text-align: justify\" align=\"center\"><strong>PREFEITURA ENCERRA CICLO DE SEMIN\u00c1RIOS DO PPA\u00a0<\/strong><\/p>\n<p style=\"text-align: justify\"><a href=\"http:\/\/www.quersaberpolitica.com.br\/2016\/wp-content\/uploads\/2013\/08\/Encerramento-PPA-43.jpg\"><img loading=\"lazy\" decoding=\"async\" class=\"alignleft size-medium wp-image-53756\" alt=\"Blogqsp Encerramento-PPA-43\" src=\"http:\/\/www.quersaberpolitica.com.br\/2016\/wp-content\/uploads\/2013\/08\/Encerramento-PPA-43-300x199.jpg\" width=\"300\" height=\"199\" srcset=\"https:\/\/blogdofarnesio.com.br\/wp-content\/uploads\/2013\/08\/Encerramento-PPA-43-300x199.jpg 300w, https:\/\/blogdofarnesio.com.br\/wp-content\/uploads\/2013\/08\/Encerramento-PPA-43-450x300.jpg 450w, https:\/\/blogdofarnesio.com.br\/wp-content\/uploads\/2013\/08\/Encerramento-PPA-43.jpg 500w\" sizes=\"auto, (max-width: 300px) 100vw, 300px\" \/><\/a>Com a participa\u00e7\u00e3o de centenas de pessoas, a Prefeitura de Ouricuri realizou no final de semana (17) o \u00faltimo semin\u00e1rio do Plano Plurianual (PPA 2014\/2017) do munic\u00edpio para apresenta\u00e7\u00e3o das resolu\u00e7\u00f5es e propostas feitas pelas comunidades.<\/p>\n<p style=\"text-align: justify\">As plen\u00e1rias j\u00e1 haviam acontecido tamb\u00e9m nos povoados Jacar\u00e9, Lopes, Jatob\u00e1, Vid\u00e9u, Barra de S\u00e3o Pedro, Santa Rita e no bairro Nossa Senhora de F\u00e1tima. No total, foram realizados oito semin\u00e1rios na zona rural e urbana do munic\u00edpio.<\/p>\n<p style=\"text-align: justify\">Finalizando o ciclo de semin\u00e1rios, o \u00faltimo encontro aconteceu na Escola Fernando Bezerra e contou com a presen\u00e7a do prefeito C\u00e9zar de Preto, do assessor do Or\u00e7amento Participativo, Andr\u00e9 Araripe, do diretor de Sustentabilidade de Assentamentos da Secretaria Estadual de Agricultura, Reginaldo Alves, do secret\u00e1rio Executivo do Cons\u00f3rcio Intermunicipal do Sert\u00e3o do Araripe (Cisape)<!--more-->, Walder Farias, do presidente do Sindicato dos Servidores P\u00fablicos Municipais de Ouricuri (Sindsep), Dhone Monteiro, do presidente do Sindicato dos Trabalhadores Rurais de Ouricuri, Jo\u00e3o Henrique, de secret\u00e1rios municipais, vereadores, al\u00e9m de outras autoridades.<!--more--><\/p>\n<p style=\"text-align: justify\">O assessor do Or\u00e7amento Participativo, Andr\u00e9 Araripe, apresentou aos participantes os resultados da consulta p\u00fablica sobre o PPA 2014\/2017 que refletem os anseios e as necessidades da popula\u00e7\u00e3o ouricuriense. Durante a realiza\u00e7\u00e3o dos semin\u00e1rios, os participantes elencaram entre prioridades para cada pasta do governo municipal as seguintes a\u00e7\u00f5es:<\/p>\n<p style=\"text-align: justify\"><b>Educa\u00e7\u00e3o \u2013 <\/b>Reforma e amplia\u00e7\u00e3o das escolas;<\/p>\n<p style=\"text-align: justify\"><b>Sa\u00fade<\/b> \u2013 Amplia\u00e7\u00e3o das equipes de Sa\u00fade B\u00e1sica;<\/p>\n<p style=\"text-align: justify\"><b>Infraestrutura<\/b> \u2013 Pavimenta\u00e7\u00e3o, ilumina\u00e7\u00e3o e recupera\u00e7\u00e3o das estradas de rodagem;<\/p>\n<p style=\"text-align: justify\"><b>Agricultura <\/b>\u2013 Perfura\u00e7\u00e3o de po\u00e7os artesianos e instala\u00e7\u00e3o de cisternas;<\/p>\n<p style=\"text-align: justify\"><b>Assist\u00eancia Social<\/b> \u2013 Cria\u00e7\u00e3o do programa de distribui\u00e7\u00e3o de cestas b\u00e1sicas para fam\u00edlias carentes;<\/p>\n<p style=\"text-align: justify\"><b>Cultura\/ Esportes<\/b> \u2013 Constru\u00e7\u00e3o de quadras poliesportivas; Realiza\u00e7\u00e3o de eventos culturais e folcl\u00f3ricos do munic\u00edpio;<\/p>\n<p style=\"text-align: justify\">Eleita como representante do povoado do Jacar\u00e9, a delegada Maria Auxiliadora, destacou a import\u00e2ncia do PPA: \u201cPela primeira vez na hist\u00f3ria de Ouricuri est\u00e1 sendo realizado o PPA. Isso representa a import\u00e2ncia do governo em ouvir o que o povo quer. \u00c9 um avan\u00e7o para a organiza\u00e7\u00e3o popular do nosso munic\u00edpio,\u201d afirmou.<\/p>\n<p style=\"text-align: justify\">O PPA organiza as pol\u00edticas p\u00fablicas e as a\u00e7\u00f5es da gest\u00e3o em programas que resultam em bens e servi\u00e7os para a popula\u00e7\u00e3o partindo de um diagn\u00f3stico da situa\u00e7\u00e3o presente, das diretrizes do plano de governo, garantindo a consulta popular no processo. O plano detalha as metas f\u00edsicas e financeiras, o p\u00fablico-alvo das a\u00e7\u00f5es e os produtos que devem resultar delas.<\/p>\n<p style=\"text-align: justify\">A partir do PPA, outras duas leis or\u00e7ament\u00e1rias previstas na Constitui\u00e7\u00e3o s\u00e3o elaboradas: a Lei de Diretrizes Or\u00e7ament\u00e1rias (LDO) e a Lei Or\u00e7ament\u00e1ria Anual (LOA). O conjunto desses instrumentos legais de planejamento \u00e9 fundamental para a efetividade das a\u00e7\u00f5es e para o monitoramento dos resultados, tanto por parte do pr\u00f3prio governo como por parte da sociedade.<\/p>\n<p style=\"text-align: justify\">Em seu pronunciamento, o prefeito C\u00e9zar de Preto destacou a import\u00e2ncia do PPA e disse ao p\u00fablico: \u201cvoc\u00eas elencaram as prioridades que o nosso governo vai seguir. Iniciamos o processo de construir uma nova Ouricuri com um governo atento \u00e0s necessidades do povo. Estamos implantando um novo modelo de gest\u00e3o, onde vamos lutar e trabalhar juntos por um munic\u00edpio mais justo\u201d, afirmou.<\/p>\n<p style=\"text-align: justify\"><strong><i>\u00a0<\/i><i>Assessoria de Imprensa | Prefeitura Municipal de Ouricuri<\/i><\/strong><\/p>\n<p style=\"text-align: justify\">\n","protected":false},"excerpt":{"rendered":"<p>PREFEITURA ENCERRA CICLO DE SEMIN\u00c1RIOS DO PPA\u00a0 Com a participa\u00e7\u00e3o de centenas de pessoas, a Prefeitura de Ouricuri realizou no final de semana (17) o \u00faltimo semin\u00e1rio do Plano Plurianual (PPA 2014\/2017) do munic\u00edpio para apresenta\u00e7\u00e3o das resolu\u00e7\u00f5es e propostas feitas pelas comunidades. As plen\u00e1rias j\u00e1 haviam acontecido tamb\u00e9m nos povoados Jacar\u00e9, Lopes, Jatob\u00e1, Vid\u00e9u, Barra de S\u00e3o Pedro, Santa Rita e no bairro Nossa Senhora de F\u00e1tima. No total, foram realizados oito semin\u00e1rios na zona rural e urbana do munic\u00edpio. Finalizando o ciclo de semin\u00e1rios, o \u00faltimo encontro aconteceu na Escola Fernando Bezerra e contou com a presen\u00e7a do prefeito C\u00e9zar de Preto, do assessor do Or\u00e7amento Participativo, Andr\u00e9 Araripe, do diretor de Sustentabilidade de Assentamentos da Secretaria Estadual&hellip; <\/p>\n","protected":false},"author":3,"featured_media":0,"comment_status":"open","ping_status":"open","sticky":false,"template":"","format":"standard","meta":{"_acf_changed":false,"footnotes":""},"categories":[27],"tags":[],"class_list":["post-53755","post","type-post","status-publish","format-standard","hentry","category-cidades"],"acf":[],"yoast_head":"<!-- This site is optimized with the Yoast SEO plugin v27.4 - https:\/\/yoast.com\/product\/yoast-seo-wordpress\/ -->\n<title>DIRETO DE OURICURI  - Blog do Farn\u00e9sio<\/title>\n<meta name=\"robots\" content=\"index, follow, max-snippet:-1, max-image-preview:large, max-video-preview:-1\" \/>\n<link rel=\"canonical\" href=\"https:\/\/blogdofarnesio.com.br\/?p=53755\" \/>\n<meta property=\"og:locale\" content=\"pt_BR\" \/>\n<meta property=\"og:type\" content=\"article\" \/>\n<meta property=\"og:title\" content=\"DIRETO DE OURICURI  - Blog do Farn\u00e9sio\" \/>\n<meta property=\"og:description\" content=\"PREFEITURA ENCERRA CICLO DE SEMIN\u00c1RIOS DO PPA\u00a0 Com a participa\u00e7\u00e3o de centenas de pessoas, a Prefeitura de Ouricuri realizou no final de semana (17) o \u00faltimo semin\u00e1rio do Plano Plurianual (PPA 2014\/2017) do munic\u00edpio para apresenta\u00e7\u00e3o das resolu\u00e7\u00f5es e propostas feitas pelas comunidades. As plen\u00e1rias j\u00e1 haviam acontecido tamb\u00e9m nos povoados Jacar\u00e9, Lopes, Jatob\u00e1, Vid\u00e9u, Barra de S\u00e3o Pedro, Santa Rita e no bairro Nossa Senhora de F\u00e1tima. No total, foram realizados oito semin\u00e1rios na zona rural e urbana do munic\u00edpio. Finalizando o ciclo de semin\u00e1rios, o \u00faltimo encontro aconteceu na Escola Fernando Bezerra e contou com a presen\u00e7a do prefeito C\u00e9zar de Preto, do assessor do Or\u00e7amento Participativo, Andr\u00e9 Araripe, do diretor de Sustentabilidade de Assentamentos da Secretaria Estadual&hellip;\" \/>\n<meta property=\"og:url\" content=\"https:\/\/blogdofarnesio.com.br\/?p=53755\" \/>\n<meta property=\"og:site_name\" content=\"Blog do Farn\u00e9sio\" \/>\n<meta property=\"article:publisher\" content=\"https:\/\/www.facebook.com\/BlogQuerSaberPolitica\/\" \/>\n<meta property=\"article:published_time\" content=\"2013-08-20T20:35:02+00:00\" \/>\n<meta property=\"og:image\" content=\"http:\/\/www.quersaberpolitica.com.br\/2016\/wp-content\/uploads\/2013\/08\/Encerramento-PPA-43-300x199.jpg\" \/>\n<meta name=\"author\" content=\"teste\" \/>\n<meta name=\"twitter:card\" content=\"summary_large_image\" \/>\n<meta name=\"twitter:label1\" content=\"Escrito por\" \/>\n\t<meta name=\"twitter:data1\" content=\"teste\" \/>\n\t<meta name=\"twitter:label2\" content=\"Est. tempo de leitura\" \/>\n\t<meta name=\"twitter:data2\" content=\"3 minutos\" \/>\n<script type=\"application\/ld+json\" class=\"yoast-schema-graph\">{\"@context\":\"https:\\\/\\\/schema.org\",\"@graph\":[{\"@type\":\"Article\",\"@id\":\"https:\\\/\\\/blogdofarnesio.com.br\\\/?p=53755#article\",\"isPartOf\":{\"@id\":\"https:\\\/\\\/blogdofarnesio.com.br\\\/?p=53755\"},\"author\":{\"name\":\"teste\",\"@id\":\"https:\\\/\\\/blogdofarnesio.com.br\\\/#\\\/schema\\\/person\\\/dd1bf5eba40b687199ba45ca6b97dff9\"},\"headline\":\"DIRETO DE OURICURI\",\"datePublished\":\"2013-08-20T20:35:02+00:00\",\"mainEntityOfPage\":{\"@id\":\"https:\\\/\\\/blogdofarnesio.com.br\\\/?p=53755\"},\"wordCount\":594,\"commentCount\":0,\"publisher\":{\"@id\":\"https:\\\/\\\/blogdofarnesio.com.br\\\/#organization\"},\"image\":{\"@id\":\"https:\\\/\\\/blogdofarnesio.com.br\\\/?p=53755#primaryimage\"},\"thumbnailUrl\":\"http:\\\/\\\/www.quersaberpolitica.com.br\\\/2016\\\/wp-content\\\/uploads\\\/2013\\\/08\\\/Encerramento-PPA-43-300x199.jpg\",\"articleSection\":[\"Cidades\"],\"inLanguage\":\"pt-BR\",\"potentialAction\":[{\"@type\":\"CommentAction\",\"name\":\"Comment\",\"target\":[\"https:\\\/\\\/blogdofarnesio.com.br\\\/?p=53755#respond\"]}]},{\"@type\":\"WebPage\",\"@id\":\"https:\\\/\\\/blogdofarnesio.com.br\\\/?p=53755\",\"url\":\"https:\\\/\\\/blogdofarnesio.com.br\\\/?p=53755\",\"name\":\"DIRETO DE OURICURI - Blog do Farn\u00e9sio\",\"isPartOf\":{\"@id\":\"https:\\\/\\\/blogdofarnesio.com.br\\\/#website\"},\"primaryImageOfPage\":{\"@id\":\"https:\\\/\\\/blogdofarnesio.com.br\\\/?p=53755#primaryimage\"},\"image\":{\"@id\":\"https:\\\/\\\/blogdofarnesio.com.br\\\/?p=53755#primaryimage\"},\"thumbnailUrl\":\"http:\\\/\\\/www.quersaberpolitica.com.br\\\/2016\\\/wp-content\\\/uploads\\\/2013\\\/08\\\/Encerramento-PPA-43-300x199.jpg\",\"datePublished\":\"2013-08-20T20:35:02+00:00\",\"breadcrumb\":{\"@id\":\"https:\\\/\\\/blogdofarnesio.com.br\\\/?p=53755#breadcrumb\"},\"inLanguage\":\"pt-BR\",\"potentialAction\":[{\"@type\":\"ReadAction\",\"target\":[\"https:\\\/\\\/blogdofarnesio.com.br\\\/?p=53755\"]}]},{\"@type\":\"ImageObject\",\"inLanguage\":\"pt-BR\",\"@id\":\"https:\\\/\\\/blogdofarnesio.com.br\\\/?p=53755#primaryimage\",\"url\":\"http:\\\/\\\/www.quersaberpolitica.com.br\\\/2016\\\/wp-content\\\/uploads\\\/2013\\\/08\\\/Encerramento-PPA-43-300x199.jpg\",\"contentUrl\":\"http:\\\/\\\/www.quersaberpolitica.com.br\\\/2016\\\/wp-content\\\/uploads\\\/2013\\\/08\\\/Encerramento-PPA-43-300x199.jpg\"},{\"@type\":\"BreadcrumbList\",\"@id\":\"https:\\\/\\\/blogdofarnesio.com.br\\\/?p=53755#breadcrumb\",\"itemListElement\":[{\"@type\":\"ListItem\",\"position\":1,\"name\":\"In\u00edcio\",\"item\":\"https:\\\/\\\/blogdofarnesio.com.br\\\/\"},{\"@type\":\"ListItem\",\"position\":2,\"name\":\"DIRETO DE OURICURI\"}]},{\"@type\":\"WebSite\",\"@id\":\"https:\\\/\\\/blogdofarnesio.com.br\\\/#website\",\"url\":\"https:\\\/\\\/blogdofarnesio.com.br\\\/\",\"name\":\"Blog do Farn\u00e9sio\",\"description\":\"Quer Saber Pol\u00edtica?\",\"publisher\":{\"@id\":\"https:\\\/\\\/blogdofarnesio.com.br\\\/#organization\"},\"potentialAction\":[{\"@type\":\"SearchAction\",\"target\":{\"@type\":\"EntryPoint\",\"urlTemplate\":\"https:\\\/\\\/blogdofarnesio.com.br\\\/?s={search_term_string}\"},\"query-input\":{\"@type\":\"PropertyValueSpecification\",\"valueRequired\":true,\"valueName\":\"search_term_string\"}}],\"inLanguage\":\"pt-BR\"},{\"@type\":\"Organization\",\"@id\":\"https:\\\/\\\/blogdofarnesio.com.br\\\/#organization\",\"name\":\"Blog do Farn\u00e9sio\",\"url\":\"https:\\\/\\\/blogdofarnesio.com.br\\\/\",\"logo\":{\"@type\":\"ImageObject\",\"inLanguage\":\"pt-BR\",\"@id\":\"https:\\\/\\\/blogdofarnesio.com.br\\\/#\\\/schema\\\/logo\\\/image\\\/\",\"url\":\"https:\\\/\\\/blogdofarnesio.com.br\\\/wp-content\\\/uploads\\\/2026\\\/03\\\/cropped-logo_new-1.png\",\"contentUrl\":\"https:\\\/\\\/blogdofarnesio.com.br\\\/wp-content\\\/uploads\\\/2026\\\/03\\\/cropped-logo_new-1.png\",\"width\":881,\"height\":685,\"caption\":\"Blog do Farn\u00e9sio\"},\"image\":{\"@id\":\"https:\\\/\\\/blogdofarnesio.com.br\\\/#\\\/schema\\\/logo\\\/image\\\/\"},\"sameAs\":[\"https:\\\/\\\/www.facebook.com\\\/BlogQuerSaberPolitica\\\/\"]},{\"@type\":\"Person\",\"@id\":\"https:\\\/\\\/blogdofarnesio.com.br\\\/#\\\/schema\\\/person\\\/dd1bf5eba40b687199ba45ca6b97dff9\",\"name\":\"teste\",\"image\":{\"@type\":\"ImageObject\",\"inLanguage\":\"pt-BR\",\"@id\":\"https:\\\/\\\/secure.gravatar.com\\\/avatar\\\/2172498d4914b51e1d89a0f97957b035ac4938723a5cac208135d389b6972a6d?s=96&d=mm&r=g\",\"url\":\"https:\\\/\\\/secure.gravatar.com\\\/avatar\\\/2172498d4914b51e1d89a0f97957b035ac4938723a5cac208135d389b6972a6d?s=96&d=mm&r=g\",\"contentUrl\":\"https:\\\/\\\/secure.gravatar.com\\\/avatar\\\/2172498d4914b51e1d89a0f97957b035ac4938723a5cac208135d389b6972a6d?s=96&d=mm&r=g\",\"caption\":\"teste\"},\"url\":\"https:\\\/\\\/blogdofarnesio.com.br\\\/?author=3\"}]}<\/script>\n<!-- \/ Yoast SEO plugin. -->","yoast_head_json":{"title":"DIRETO DE OURICURI  - Blog do Farn\u00e9sio","robots":{"index":"index","follow":"follow","max-snippet":"max-snippet:-1","max-image-preview":"max-image-preview:large","max-video-preview":"max-video-preview:-1"},"canonical":"https:\/\/blogdofarnesio.com.br\/?p=53755","og_locale":"pt_BR","og_type":"article","og_title":"DIRETO DE OURICURI  - Blog do Farn\u00e9sio","og_description":"PREFEITURA ENCERRA CICLO DE SEMIN\u00c1RIOS DO PPA\u00a0 Com a participa\u00e7\u00e3o de centenas de pessoas, a Prefeitura de Ouricuri realizou no final de semana (17) o \u00faltimo semin\u00e1rio do Plano Plurianual (PPA 2014\/2017) do munic\u00edpio para apresenta\u00e7\u00e3o das resolu\u00e7\u00f5es e propostas feitas pelas comunidades. As plen\u00e1rias j\u00e1 haviam acontecido tamb\u00e9m nos povoados Jacar\u00e9, Lopes, Jatob\u00e1, Vid\u00e9u, Barra de S\u00e3o Pedro, Santa Rita e no bairro Nossa Senhora de F\u00e1tima. No total, foram realizados oito semin\u00e1rios na zona rural e urbana do munic\u00edpio. Finalizando o ciclo de semin\u00e1rios, o \u00faltimo encontro aconteceu na Escola Fernando Bezerra e contou com a presen\u00e7a do prefeito C\u00e9zar de Preto, do assessor do Or\u00e7amento Participativo, Andr\u00e9 Araripe, do diretor de Sustentabilidade de Assentamentos da Secretaria Estadual&hellip;","og_url":"https:\/\/blogdofarnesio.com.br\/?p=53755","og_site_name":"Blog do Farn\u00e9sio","article_publisher":"https:\/\/www.facebook.com\/BlogQuerSaberPolitica\/","article_published_time":"2013-08-20T20:35:02+00:00","og_image":[{"url":"http:\/\/www.quersaberpolitica.com.br\/2016\/wp-content\/uploads\/2013\/08\/Encerramento-PPA-43-300x199.jpg","type":"","width":"","height":""}],"author":"teste","twitter_card":"summary_large_image","twitter_misc":{"Escrito por":"teste","Est. tempo de leitura":"3 minutos"},"schema":{"@context":"https:\/\/schema.org","@graph":[{"@type":"Article","@id":"https:\/\/blogdofarnesio.com.br\/?p=53755#article","isPartOf":{"@id":"https:\/\/blogdofarnesio.com.br\/?p=53755"},"author":{"name":"teste","@id":"https:\/\/blogdofarnesio.com.br\/#\/schema\/person\/dd1bf5eba40b687199ba45ca6b97dff9"},"headline":"DIRETO DE OURICURI","datePublished":"2013-08-20T20:35:02+00:00","mainEntityOfPage":{"@id":"https:\/\/blogdofarnesio.com.br\/?p=53755"},"wordCount":594,"commentCount":0,"publisher":{"@id":"https:\/\/blogdofarnesio.com.br\/#organization"},"image":{"@id":"https:\/\/blogdofarnesio.com.br\/?p=53755#primaryimage"},"thumbnailUrl":"http:\/\/www.quersaberpolitica.com.br\/2016\/wp-content\/uploads\/2013\/08\/Encerramento-PPA-43-300x199.jpg","articleSection":["Cidades"],"inLanguage":"pt-BR","potentialAction":[{"@type":"CommentAction","name":"Comment","target":["https:\/\/blogdofarnesio.com.br\/?p=53755#respond"]}]},{"@type":"WebPage","@id":"https:\/\/blogdofarnesio.com.br\/?p=53755","url":"https:\/\/blogdofarnesio.com.br\/?p=53755","name":"DIRETO DE OURICURI - Blog do Farn\u00e9sio","isPartOf":{"@id":"https:\/\/blogdofarnesio.com.br\/#website"},"primaryImageOfPage":{"@id":"https:\/\/blogdofarnesio.com.br\/?p=53755#primaryimage"},"image":{"@id":"https:\/\/blogdofarnesio.com.br\/?p=53755#primaryimage"},"thumbnailUrl":"http:\/\/www.quersaberpolitica.com.br\/2016\/wp-content\/uploads\/2013\/08\/Encerramento-PPA-43-300x199.jpg","datePublished":"2013-08-20T20:35:02+00:00","breadcrumb":{"@id":"https:\/\/blogdofarnesio.com.br\/?p=53755#breadcrumb"},"inLanguage":"pt-BR","potentialAction":[{"@type":"ReadAction","target":["https:\/\/blogdofarnesio.com.br\/?p=53755"]}]},{"@type":"ImageObject","inLanguage":"pt-BR","@id":"https:\/\/blogdofarnesio.com.br\/?p=53755#primaryimage","url":"http:\/\/www.quersaberpolitica.com.br\/2016\/wp-content\/uploads\/2013\/08\/Encerramento-PPA-43-300x199.jpg","contentUrl":"http:\/\/www.quersaberpolitica.com.br\/2016\/wp-content\/uploads\/2013\/08\/Encerramento-PPA-43-300x199.jpg"},{"@type":"BreadcrumbList","@id":"https:\/\/blogdofarnesio.com.br\/?p=53755#breadcrumb","itemListElement":[{"@type":"ListItem","position":1,"name":"In\u00edcio","item":"https:\/\/blogdofarnesio.com.br\/"},{"@type":"ListItem","position":2,"name":"DIRETO DE OURICURI"}]},{"@type":"WebSite","@id":"https:\/\/blogdofarnesio.com.br\/#website","url":"https:\/\/blogdofarnesio.com.br\/","name":"Blog do Farn\u00e9sio","description":"Quer Saber Pol\u00edtica?","publisher":{"@id":"https:\/\/blogdofarnesio.com.br\/#organization"},"potentialAction":[{"@type":"SearchAction","target":{"@type":"EntryPoint","urlTemplate":"https:\/\/blogdofarnesio.com.br\/?s={search_term_string}"},"query-input":{"@type":"PropertyValueSpecification","valueRequired":true,"valueName":"search_term_string"}}],"inLanguage":"pt-BR"},{"@type":"Organization","@id":"https:\/\/blogdofarnesio.com.br\/#organization","name":"Blog do Farn\u00e9sio","url":"https:\/\/blogdofarnesio.com.br\/","logo":{"@type":"ImageObject","inLanguage":"pt-BR","@id":"https:\/\/blogdofarnesio.com.br\/#\/schema\/logo\/image\/","url":"https:\/\/blogdofarnesio.com.br\/wp-content\/uploads\/2026\/03\/cropped-logo_new-1.png","contentUrl":"https:\/\/blogdofarnesio.com.br\/wp-content\/uploads\/2026\/03\/cropped-logo_new-1.png","width":881,"height":685,"caption":"Blog do Farn\u00e9sio"},"image":{"@id":"https:\/\/blogdofarnesio.com.br\/#\/schema\/logo\/image\/"},"sameAs":["https:\/\/www.facebook.com\/BlogQuerSaberPolitica\/"]},{"@type":"Person","@id":"https:\/\/blogdofarnesio.com.br\/#\/schema\/person\/dd1bf5eba40b687199ba45ca6b97dff9","name":"teste","image":{"@type":"ImageObject","inLanguage":"pt-BR","@id":"https:\/\/secure.gravatar.com\/avatar\/2172498d4914b51e1d89a0f97957b035ac4938723a5cac208135d389b6972a6d?s=96&d=mm&r=g","url":"https:\/\/secure.gravatar.com\/avatar\/2172498d4914b51e1d89a0f97957b035ac4938723a5cac208135d389b6972a6d?s=96&d=mm&r=g","contentUrl":"https:\/\/secure.gravatar.com\/avatar\/2172498d4914b51e1d89a0f97957b035ac4938723a5cac208135d389b6972a6d?s=96&d=mm&r=g","caption":"teste"},"url":"https:\/\/blogdofarnesio.com.br\/?author=3"}]}},"_links":{"self":[{"href":"https:\/\/blogdofarnesio.com.br\/index.php?rest_route=\/wp\/v2\/posts\/53755","targetHints":{"allow":["GET"]}}],"collection":[{"href":"https:\/\/blogdofarnesio.com.br\/index.php?rest_route=\/wp\/v2\/posts"}],"about":[{"href":"https:\/\/blogdofarnesio.com.br\/index.php?rest_route=\/wp\/v2\/types\/post"}],"author":[{"embeddable":true,"href":"https:\/\/blogdofarnesio.com.br\/index.php?rest_route=\/wp\/v2\/users\/3"}],"replies":[{"embeddable":true,"href":"https:\/\/blogdofarnesio.com.br\/index.php?rest_route=%2Fwp%2Fv2%2Fcomments&post=53755"}],"version-history":[{"count":0,"href":"https:\/\/blogdofarnesio.com.br\/index.php?rest_route=\/wp\/v2\/posts\/53755\/revisions"}],"wp:attachment":[{"href":"https:\/\/blogdofarnesio.com.br\/index.php?rest_route=%2Fwp%2Fv2%2Fmedia&parent=53755"}],"wp:term":[{"taxonomy":"category","embeddable":true,"href":"https:\/\/blogdofarnesio.com.br\/index.php?rest_route=%2Fwp%2Fv2%2Fcategories&post=53755"},{"taxonomy":"post_tag","embeddable":true,"href":"https:\/\/blogdofarnesio.com.br\/index.php?rest_route=%2Fwp%2Fv2%2Ftags&post=53755"}],"curies":[{"name":"wp","href":"https:\/\/api.w.org\/{rel}","templated":true}]}}