{"id":53256,"date":"2013-08-14T21:02:19","date_gmt":"2013-08-15T00:02:19","guid":{"rendered":"http:\/\/www.quersaberpolitica.com.br\/?p=53256"},"modified":"2013-08-14T19:36:13","modified_gmt":"2013-08-14T22:36:13","slug":"filho-de-dominguinhos-pode-ser-despejado-pela-propria-irma","status":"publish","type":"post","link":"https:\/\/blogdofarnesio.com.br\/2013\/08\/filho-de-dominguinhos-pode-ser-despejado-pela-propria-irma\/","title":{"rendered":"FILHO DE DOMINGUINHOS PODE SER DESPEJADO PELA PR\u00d3PRIA IRM\u00c3"},"content":{"rendered":"<div style=\"text-align: justify\">\n<h1><img loading=\"lazy\" decoding=\"async\" class=\"aligncenter\" alt=\"\" src=\"http:\/\/www.tribunadoceara.com.br\/nacaonordestina\/wp-content\/uploads\/2013\/08\/Montagem-r7-700x425.jpg\" width=\"321\" height=\"195\" \/><\/h1>\n<\/div>\n<div style=\"text-align: justify\">\n<p>O filho do cantor Dominguinhos pode ser despejado pela pr\u00f3pria irm\u00e3 nos pr\u00f3ximos dias, caso n\u00e3o saia do apartamento milion\u00e1rio do sanfoneiro no Morumbi, na \u00e1rea nobre de S\u00e3o Paulo.\u00a0O portal R7 conversou com exclusividade com o Mauro Moraes, filho do cantor, ouviu a vi\u00fava Guadalupe Mendon\u00e7a e representante de sua filha, Liv Moraes, para entender essa disputa por dinheiro.<\/p>\n<p>Filho do primeiro casamento de Dominguinhos, Mauro Moraes, de 53 anos, tem uma rela\u00e7\u00e3o delicada com a irm\u00e3 Liv Moraes e a segunda mulher do cantor, Guadalupe Mendon\u00e7a, desde que o pai era vivo.<\/p>\n<p>A rela\u00e7\u00e3o deles azedou de vez com a morte do sanfoneiro, no \u00faltimo dia 23 de julho. O motivo? Dinheiro! Segundo Liv Moraes (foto menor), filha de Dominguinhos, o irm\u00e3o entrou com duas a\u00e7\u00f5es na Justi\u00e7a para prejudic\u00e1-la.<\/p>\n<p>A primeira teria sido uma procura\u00e7\u00e3o pedida por ele para tomar conta dos bens do sanfoneiro, que inclui um apartamento milion\u00e1rio, direitos autorais da obra e at\u00e9 R$ 190 mil arrecadados em um show e que seriam revertidos ao pagamento do tratamento m\u00e9dico do artista. O filho, no entanto, diz que Dominguinhos n\u00e3o precisaria da grana porque tinha bom plano de sa\u00fade e teria insinuado, na imprensa, que o valor iria para bancar as contas da vi\u00fava!<!--more--><\/p>\n<p>Na segunda a\u00e7\u00e3o na Justi\u00e7a, o filho de Dominguinhos alega que Liv Moraes o impedira de entrar no apartamento do pai famoso em S\u00e3o Paulo, no qual ele viveu durante a interna\u00e7\u00e3o do cantor. Nessa \u00e9poca, por sinal, Mauro entrou com a\u00e7\u00e3o de interdi\u00e7\u00e3o para tomar decis\u00f5es pelo pai. Um vai-e-vem fren\u00e9tico pela administra\u00e7\u00e3o da grana! Pouco depois da morte do sanfoneiro, a filha Liv Moraes afirmou que o pai fez quest\u00e3o de nome\u00e1-la, ainda consciente, como respons\u00e1vel por seus bens.<\/p>\n<p>Enquanto isso, Guadalupe Mendon\u00e7a, a segunda mulher do cantor, afirmou ter procura\u00e7\u00f5es para cuidar dos bens do sanfoneiro. As duas, ent\u00e3o, estavam lutando para controlar a grana de direitos autorais, contas correntes, entre outros bens.<\/p>\n<p>Nessa disputa cruzada pelos bens de Dominguinhos, o R7 conversou com exclusividade com cada um dos familiares para ouvir suas vers\u00f5es. Acusada pelo enteado de ter usado R$ 190 mil de um show do marido para benef\u00edcio pr\u00f3prio, a vi\u00fava de Dominguinhos, Guadalupe Mendon\u00e7a, disse que ela e a filha Liv n\u00e3o comentar\u00e3o o caso:<\/p>\n<p>\u2014 O que eu tiver de falar vai ser no momento certo.<\/p>\n<p>Contudo, a advogada de Mauro Moraes, Rita Wiechmann, revelou ao R7 que a disputa est\u00e1 bem mais tensa do que se imagina.<\/p>\n<p>Segundo ela, os irm\u00e3os fizeram um acordo envolvendo o apartamento de Dominguinhos em S\u00e3o Paulo. Entenda a seguir.<\/p>\n<p>De acordo com a advogada, Mauro Moraes fez um acordo judicial com a vi\u00fava de Dominguinhos e sua irm\u00e3 pelo qual est\u00e1 autorizado a ficar no m\u00e1ximo 70 dias no apartamento de Dominguinhos em S\u00e3o Paulo. Se ele n\u00e3o sair ap\u00f3s esse per\u00edodo, ser\u00e1 despejado.<\/p>\n<p>A advogada afirmou ainda que Mauro dever\u00e1 retornar em breve a Recife, onde ser\u00e1 realizado o invent\u00e1rio do cantor. Procurado pelo R7, o filho de Dominguinhos confirmou as informa\u00e7\u00f5es de sua advogada e foi al\u00e9m:<\/p>\n<p>\u2014 Essa disputa est\u00e1 acontecendo antes mesmo do meu pai morrer.<\/p>\n<p>Segundo Mauro, ele tinha entrado com uma a\u00e7\u00e3o de posse do apartamento de Dominguinhos em S\u00e3o Paulo, mas a ju\u00edza refutou o pedido pois tinha em m\u00e3os uma procura\u00e7\u00e3o do seu pai afirmando que o bem deveria ficar com Guadalupe, a vi\u00fava de Dominguinhos. Em entrevista exclusiva ao R7, Mauro reconhece, com uma mistura de revolta e resigna\u00e7\u00e3o, que ser\u00e1 obrigado a sair do apartamento de Dominguinhos. Como o prazo estipulado pela Justi\u00e7a foi de 70 dias e ocorreu por volta do dia 10 de julho, o cantor sair\u00e1 do im\u00f3vel at\u00e9 setembro deste ano :<\/p>\n<p>\u2014 Vou falar o que? Despejado do apartamento do pr\u00f3prio pai.<\/p>\n<p>O filho de Dominguinhos comenta que sua irm\u00e3 alegou \u00e0 ju\u00edza que precisava alugar o apartamento do pai pois precisava de dinheiro. A ju\u00edza, por sua vez, teria permitido que ele ficasse no im\u00f3vel, contanto que arcasse com as despesas.<\/p>\n<p>\u2014 Eu achei isso um absurdo!<\/p>\n<p>Contudo, Mauro Moraes acredita que o caso possa ter uma reviravolta:<\/p>\n<p>\u2014 Vai mudar muita coisa. Ela n\u00e3o vai poder alugar [apartamento] porque a procura\u00e7\u00e3o n\u00e3o vale mais nada. Se o meu pai tivesse vivo ela alugaria, mas \u00e9 mentira\u2026 Ela n\u00e3o ia alugar o apartamento.<\/p>\n<p>O apartamento que est\u00e1 sendo um dos alvos da disputa judicial dos filhos de Dominguinhos est\u00e1 localizado na Avenida Guilherme Dumont Villares, no bairro do Morumbi, zona Oeste da cidade de S\u00e3o Paulo. O im\u00f3vel valeria milh\u00f5es, mas ningu\u00e9m confirma o valor. A fam\u00edlia sabe do valor joia pela qual est\u00e3o em p\u00e9 de guerra.<\/p>\n<p>De acordo com a nova Lei do Inquilinato (8.245\/91), que tornou mais r\u00e1pida a a\u00e7\u00e3o de despejo, o propriet\u00e1rio do im\u00f3vel pode pedir a sua desocupa\u00e7\u00e3o por parte do inquilino em at\u00e9 45 dias \u2014 ante tr\u00eas anos da lei anterior. O acordo entre Liv Moraes (foto) e o irm\u00e3o, por\u00e9m, concedeu a ele 45 dias. A briga em fam\u00edlia atinge at\u00e9 o local em que Dominguinhos est\u00e1 sepultado. Segundo seu filho Mauro, o cantor queria ter sido enterrado no munic\u00edpio de Garanhuns (Pernambuco), onde o sanfoneiro nasceu, e n\u00e3o em Paulista, na Grande Recife:<\/p>\n<p>\u2014 Est\u00e1 acontecendo outra bomba em Recife, meu pai queria ser enterrado em outro lugar.<\/p>\n<p>Na \u00faltima quinta-feira (8), Mauro ganhou na Justi\u00e7a um prazo de dez dias para inserir os outros herdeiros do m\u00fasico no processo que solicita a transfer\u00eancia do corpo para Garanhuns. Para o processo ir pra frente, o filho de Dominguinhos precisar\u00e1 incluir no pedido a irm\u00e3 e a vi\u00fava do sanfoneiro.<\/p>\n<p>Mauro conclui afirmando que vai ser dif\u00edcil chegar a um acordo:<\/p>\n<p>\u2014 Nem isso elas respeitaram, enterraram o meu pai em outro lugar. Eu n\u00e3o quero confus\u00e3o, quero que resolva o mais r\u00e1pido poss\u00edvel.<\/p>\n<\/div>\n","protected":false},"excerpt":{"rendered":"<p>O filho do cantor Dominguinhos pode ser despejado pela pr\u00f3pria irm\u00e3 nos pr\u00f3ximos dias, caso n\u00e3o saia do apartamento milion\u00e1rio do sanfoneiro no Morumbi, na \u00e1rea nobre de S\u00e3o Paulo.\u00a0O portal R7 conversou com exclusividade com o Mauro Moraes, filho do cantor, ouviu a vi\u00fava Guadalupe Mendon\u00e7a e representante de sua filha, Liv Moraes, para entender essa disputa por dinheiro. Filho do primeiro casamento de Dominguinhos, Mauro Moraes, de 53 anos, tem uma rela\u00e7\u00e3o delicada com a irm\u00e3 Liv Moraes e a segunda mulher do cantor, Guadalupe Mendon\u00e7a, desde que o pai era vivo. A rela\u00e7\u00e3o deles azedou de vez com a morte do sanfoneiro, no \u00faltimo dia 23 de julho. O motivo? Dinheiro! Segundo Liv Moraes (foto menor), filha&hellip; <\/p>\n","protected":false},"author":3,"featured_media":0,"comment_status":"open","ping_status":"open","sticky":false,"template":"","format":"standard","meta":{"_acf_changed":false,"footnotes":""},"categories":[3],"tags":[],"class_list":["post-53256","post","type-post","status-publish","format-standard","hentry","category-entretenimento"],"acf":[],"yoast_head":"<!-- This site is optimized with the Yoast SEO plugin v27.5 - https:\/\/yoast.com\/product\/yoast-seo-wordpress\/ -->\n<title>FILHO DE DOMINGUINHOS PODE SER DESPEJADO PELA PR\u00d3PRIA IRM\u00c3 - Blog do Farn\u00e9sio<\/title>\n<meta name=\"robots\" content=\"index, follow, max-snippet:-1, max-image-preview:large, max-video-preview:-1\" \/>\n<link rel=\"canonical\" href=\"https:\/\/blogdofarnesio.com.br\/2013\/08\/filho-de-dominguinhos-pode-ser-despejado-pela-propria-irma\/\" \/>\n<meta property=\"og:locale\" content=\"pt_BR\" \/>\n<meta property=\"og:type\" content=\"article\" \/>\n<meta property=\"og:title\" content=\"FILHO DE DOMINGUINHOS PODE SER DESPEJADO PELA PR\u00d3PRIA IRM\u00c3 - Blog do Farn\u00e9sio\" \/>\n<meta property=\"og:description\" content=\"O filho do cantor Dominguinhos pode ser despejado pela pr\u00f3pria irm\u00e3 nos pr\u00f3ximos dias, caso n\u00e3o saia do apartamento milion\u00e1rio do sanfoneiro no Morumbi, na \u00e1rea nobre de S\u00e3o Paulo.\u00a0O portal R7 conversou com exclusividade com o Mauro Moraes, filho do cantor, ouviu a vi\u00fava Guadalupe Mendon\u00e7a e representante de sua filha, Liv Moraes, para entender essa disputa por dinheiro. Filho do primeiro casamento de Dominguinhos, Mauro Moraes, de 53 anos, tem uma rela\u00e7\u00e3o delicada com a irm\u00e3 Liv Moraes e a segunda mulher do cantor, Guadalupe Mendon\u00e7a, desde que o pai era vivo. A rela\u00e7\u00e3o deles azedou de vez com a morte do sanfoneiro, no \u00faltimo dia 23 de julho. O motivo? Dinheiro! Segundo Liv Moraes (foto menor), filha&hellip;\" \/>\n<meta property=\"og:url\" content=\"https:\/\/blogdofarnesio.com.br\/2013\/08\/filho-de-dominguinhos-pode-ser-despejado-pela-propria-irma\/\" \/>\n<meta property=\"og:site_name\" content=\"Blog do Farn\u00e9sio\" \/>\n<meta property=\"article:publisher\" content=\"https:\/\/www.facebook.com\/BlogQuerSaberPolitica\/\" \/>\n<meta property=\"article:published_time\" content=\"2013-08-15T00:02:19+00:00\" \/>\n<meta property=\"og:image\" content=\"http:\/\/www.tribunadoceara.com.br\/nacaonordestina\/wp-content\/uploads\/2013\/08\/Montagem-r7-700x425.jpg\" \/>\n<meta name=\"author\" content=\"teste\" \/>\n<meta name=\"twitter:card\" content=\"summary_large_image\" \/>\n<meta name=\"twitter:label1\" content=\"Escrito por\" \/>\n\t<meta name=\"twitter:data1\" content=\"teste\" \/>\n\t<meta name=\"twitter:label2\" content=\"Est. tempo de leitura\" \/>\n\t<meta name=\"twitter:data2\" content=\"5 minutos\" \/>\n<script type=\"application\/ld+json\" class=\"yoast-schema-graph\">{\"@context\":\"https:\\\/\\\/schema.org\",\"@graph\":[{\"@type\":\"Article\",\"@id\":\"https:\\\/\\\/blogdofarnesio.com.br\\\/2013\\\/08\\\/filho-de-dominguinhos-pode-ser-despejado-pela-propria-irma\\\/#article\",\"isPartOf\":{\"@id\":\"https:\\\/\\\/blogdofarnesio.com.br\\\/2013\\\/08\\\/filho-de-dominguinhos-pode-ser-despejado-pela-propria-irma\\\/\"},\"author\":{\"name\":\"teste\",\"@id\":\"https:\\\/\\\/blogdofarnesio.com.br\\\/#\\\/schema\\\/person\\\/dd1bf5eba40b687199ba45ca6b97dff9\"},\"headline\":\"FILHO DE DOMINGUINHOS PODE SER DESPEJADO PELA PR\u00d3PRIA IRM\u00c3\",\"datePublished\":\"2013-08-15T00:02:19+00:00\",\"mainEntityOfPage\":{\"@id\":\"https:\\\/\\\/blogdofarnesio.com.br\\\/2013\\\/08\\\/filho-de-dominguinhos-pode-ser-despejado-pela-propria-irma\\\/\"},\"wordCount\":1057,\"commentCount\":0,\"publisher\":{\"@id\":\"https:\\\/\\\/blogdofarnesio.com.br\\\/#organization\"},\"image\":{\"@id\":\"https:\\\/\\\/blogdofarnesio.com.br\\\/2013\\\/08\\\/filho-de-dominguinhos-pode-ser-despejado-pela-propria-irma\\\/#primaryimage\"},\"thumbnailUrl\":\"http:\\\/\\\/www.tribunadoceara.com.br\\\/nacaonordestina\\\/wp-content\\\/uploads\\\/2013\\\/08\\\/Montagem-r7-700x425.jpg\",\"articleSection\":[\"Entretenimento\"],\"inLanguage\":\"pt-BR\",\"potentialAction\":[{\"@type\":\"CommentAction\",\"name\":\"Comment\",\"target\":[\"https:\\\/\\\/blogdofarnesio.com.br\\\/2013\\\/08\\\/filho-de-dominguinhos-pode-ser-despejado-pela-propria-irma\\\/#respond\"]}]},{\"@type\":\"WebPage\",\"@id\":\"https:\\\/\\\/blogdofarnesio.com.br\\\/2013\\\/08\\\/filho-de-dominguinhos-pode-ser-despejado-pela-propria-irma\\\/\",\"url\":\"https:\\\/\\\/blogdofarnesio.com.br\\\/2013\\\/08\\\/filho-de-dominguinhos-pode-ser-despejado-pela-propria-irma\\\/\",\"name\":\"FILHO DE DOMINGUINHOS PODE SER DESPEJADO PELA PR\u00d3PRIA IRM\u00c3 - Blog do Farn\u00e9sio\",\"isPartOf\":{\"@id\":\"https:\\\/\\\/blogdofarnesio.com.br\\\/#website\"},\"primaryImageOfPage\":{\"@id\":\"https:\\\/\\\/blogdofarnesio.com.br\\\/2013\\\/08\\\/filho-de-dominguinhos-pode-ser-despejado-pela-propria-irma\\\/#primaryimage\"},\"image\":{\"@id\":\"https:\\\/\\\/blogdofarnesio.com.br\\\/2013\\\/08\\\/filho-de-dominguinhos-pode-ser-despejado-pela-propria-irma\\\/#primaryimage\"},\"thumbnailUrl\":\"http:\\\/\\\/www.tribunadoceara.com.br\\\/nacaonordestina\\\/wp-content\\\/uploads\\\/2013\\\/08\\\/Montagem-r7-700x425.jpg\",\"datePublished\":\"2013-08-15T00:02:19+00:00\",\"breadcrumb\":{\"@id\":\"https:\\\/\\\/blogdofarnesio.com.br\\\/2013\\\/08\\\/filho-de-dominguinhos-pode-ser-despejado-pela-propria-irma\\\/#breadcrumb\"},\"inLanguage\":\"pt-BR\",\"potentialAction\":[{\"@type\":\"ReadAction\",\"target\":[\"https:\\\/\\\/blogdofarnesio.com.br\\\/2013\\\/08\\\/filho-de-dominguinhos-pode-ser-despejado-pela-propria-irma\\\/\"]}]},{\"@type\":\"ImageObject\",\"inLanguage\":\"pt-BR\",\"@id\":\"https:\\\/\\\/blogdofarnesio.com.br\\\/2013\\\/08\\\/filho-de-dominguinhos-pode-ser-despejado-pela-propria-irma\\\/#primaryimage\",\"url\":\"http:\\\/\\\/www.tribunadoceara.com.br\\\/nacaonordestina\\\/wp-content\\\/uploads\\\/2013\\\/08\\\/Montagem-r7-700x425.jpg\",\"contentUrl\":\"http:\\\/\\\/www.tribunadoceara.com.br\\\/nacaonordestina\\\/wp-content\\\/uploads\\\/2013\\\/08\\\/Montagem-r7-700x425.jpg\"},{\"@type\":\"BreadcrumbList\",\"@id\":\"https:\\\/\\\/blogdofarnesio.com.br\\\/2013\\\/08\\\/filho-de-dominguinhos-pode-ser-despejado-pela-propria-irma\\\/#breadcrumb\",\"itemListElement\":[{\"@type\":\"ListItem\",\"position\":1,\"name\":\"In\u00edcio\",\"item\":\"https:\\\/\\\/blogdofarnesio.com.br\\\/\"},{\"@type\":\"ListItem\",\"position\":2,\"name\":\"FILHO DE DOMINGUINHOS PODE SER DESPEJADO PELA PR\u00d3PRIA IRM\u00c3\"}]},{\"@type\":\"WebSite\",\"@id\":\"https:\\\/\\\/blogdofarnesio.com.br\\\/#website\",\"url\":\"https:\\\/\\\/blogdofarnesio.com.br\\\/\",\"name\":\"Blog do Farn\u00e9sio\",\"description\":\"Quer Saber Pol\u00edtica?\",\"publisher\":{\"@id\":\"https:\\\/\\\/blogdofarnesio.com.br\\\/#organization\"},\"potentialAction\":[{\"@type\":\"SearchAction\",\"target\":{\"@type\":\"EntryPoint\",\"urlTemplate\":\"https:\\\/\\\/blogdofarnesio.com.br\\\/?s={search_term_string}\"},\"query-input\":{\"@type\":\"PropertyValueSpecification\",\"valueRequired\":true,\"valueName\":\"search_term_string\"}}],\"inLanguage\":\"pt-BR\"},{\"@type\":\"Organization\",\"@id\":\"https:\\\/\\\/blogdofarnesio.com.br\\\/#organization\",\"name\":\"Blog do Farn\u00e9sio\",\"url\":\"https:\\\/\\\/blogdofarnesio.com.br\\\/\",\"logo\":{\"@type\":\"ImageObject\",\"inLanguage\":\"pt-BR\",\"@id\":\"https:\\\/\\\/blogdofarnesio.com.br\\\/#\\\/schema\\\/logo\\\/image\\\/\",\"url\":\"https:\\\/\\\/blogdofarnesio.com.br\\\/wp-content\\\/uploads\\\/2026\\\/03\\\/cropped-logo_new-1.png\",\"contentUrl\":\"https:\\\/\\\/blogdofarnesio.com.br\\\/wp-content\\\/uploads\\\/2026\\\/03\\\/cropped-logo_new-1.png\",\"width\":881,\"height\":685,\"caption\":\"Blog do Farn\u00e9sio\"},\"image\":{\"@id\":\"https:\\\/\\\/blogdofarnesio.com.br\\\/#\\\/schema\\\/logo\\\/image\\\/\"},\"sameAs\":[\"https:\\\/\\\/www.facebook.com\\\/BlogQuerSaberPolitica\\\/\"]},{\"@type\":\"Person\",\"@id\":\"https:\\\/\\\/blogdofarnesio.com.br\\\/#\\\/schema\\\/person\\\/dd1bf5eba40b687199ba45ca6b97dff9\",\"name\":\"teste\",\"image\":{\"@type\":\"ImageObject\",\"inLanguage\":\"pt-BR\",\"@id\":\"https:\\\/\\\/secure.gravatar.com\\\/avatar\\\/2172498d4914b51e1d89a0f97957b035ac4938723a5cac208135d389b6972a6d?s=96&d=mm&r=g\",\"url\":\"https:\\\/\\\/secure.gravatar.com\\\/avatar\\\/2172498d4914b51e1d89a0f97957b035ac4938723a5cac208135d389b6972a6d?s=96&d=mm&r=g\",\"contentUrl\":\"https:\\\/\\\/secure.gravatar.com\\\/avatar\\\/2172498d4914b51e1d89a0f97957b035ac4938723a5cac208135d389b6972a6d?s=96&d=mm&r=g\",\"caption\":\"teste\"},\"url\":\"https:\\\/\\\/blogdofarnesio.com.br\\\/author\\\/teste\\\/\"}]}<\/script>\n<!-- \/ Yoast SEO plugin. -->","yoast_head_json":{"title":"FILHO DE DOMINGUINHOS PODE SER DESPEJADO PELA PR\u00d3PRIA IRM\u00c3 - Blog do Farn\u00e9sio","robots":{"index":"index","follow":"follow","max-snippet":"max-snippet:-1","max-image-preview":"max-image-preview:large","max-video-preview":"max-video-preview:-1"},"canonical":"https:\/\/blogdofarnesio.com.br\/2013\/08\/filho-de-dominguinhos-pode-ser-despejado-pela-propria-irma\/","og_locale":"pt_BR","og_type":"article","og_title":"FILHO DE DOMINGUINHOS PODE SER DESPEJADO PELA PR\u00d3PRIA IRM\u00c3 - Blog do Farn\u00e9sio","og_description":"O filho do cantor Dominguinhos pode ser despejado pela pr\u00f3pria irm\u00e3 nos pr\u00f3ximos dias, caso n\u00e3o saia do apartamento milion\u00e1rio do sanfoneiro no Morumbi, na \u00e1rea nobre de S\u00e3o Paulo.\u00a0O portal R7 conversou com exclusividade com o Mauro Moraes, filho do cantor, ouviu a vi\u00fava Guadalupe Mendon\u00e7a e representante de sua filha, Liv Moraes, para entender essa disputa por dinheiro. Filho do primeiro casamento de Dominguinhos, Mauro Moraes, de 53 anos, tem uma rela\u00e7\u00e3o delicada com a irm\u00e3 Liv Moraes e a segunda mulher do cantor, Guadalupe Mendon\u00e7a, desde que o pai era vivo. A rela\u00e7\u00e3o deles azedou de vez com a morte do sanfoneiro, no \u00faltimo dia 23 de julho. O motivo? Dinheiro! Segundo Liv Moraes (foto menor), filha&hellip;","og_url":"https:\/\/blogdofarnesio.com.br\/2013\/08\/filho-de-dominguinhos-pode-ser-despejado-pela-propria-irma\/","og_site_name":"Blog do Farn\u00e9sio","article_publisher":"https:\/\/www.facebook.com\/BlogQuerSaberPolitica\/","article_published_time":"2013-08-15T00:02:19+00:00","og_image":[{"url":"http:\/\/www.tribunadoceara.com.br\/nacaonordestina\/wp-content\/uploads\/2013\/08\/Montagem-r7-700x425.jpg","type":"","width":"","height":""}],"author":"teste","twitter_card":"summary_large_image","twitter_misc":{"Escrito por":"teste","Est. tempo de leitura":"5 minutos"},"schema":{"@context":"https:\/\/schema.org","@graph":[{"@type":"Article","@id":"https:\/\/blogdofarnesio.com.br\/2013\/08\/filho-de-dominguinhos-pode-ser-despejado-pela-propria-irma\/#article","isPartOf":{"@id":"https:\/\/blogdofarnesio.com.br\/2013\/08\/filho-de-dominguinhos-pode-ser-despejado-pela-propria-irma\/"},"author":{"name":"teste","@id":"https:\/\/blogdofarnesio.com.br\/#\/schema\/person\/dd1bf5eba40b687199ba45ca6b97dff9"},"headline":"FILHO DE DOMINGUINHOS PODE SER DESPEJADO PELA PR\u00d3PRIA IRM\u00c3","datePublished":"2013-08-15T00:02:19+00:00","mainEntityOfPage":{"@id":"https:\/\/blogdofarnesio.com.br\/2013\/08\/filho-de-dominguinhos-pode-ser-despejado-pela-propria-irma\/"},"wordCount":1057,"commentCount":0,"publisher":{"@id":"https:\/\/blogdofarnesio.com.br\/#organization"},"image":{"@id":"https:\/\/blogdofarnesio.com.br\/2013\/08\/filho-de-dominguinhos-pode-ser-despejado-pela-propria-irma\/#primaryimage"},"thumbnailUrl":"http:\/\/www.tribunadoceara.com.br\/nacaonordestina\/wp-content\/uploads\/2013\/08\/Montagem-r7-700x425.jpg","articleSection":["Entretenimento"],"inLanguage":"pt-BR","potentialAction":[{"@type":"CommentAction","name":"Comment","target":["https:\/\/blogdofarnesio.com.br\/2013\/08\/filho-de-dominguinhos-pode-ser-despejado-pela-propria-irma\/#respond"]}]},{"@type":"WebPage","@id":"https:\/\/blogdofarnesio.com.br\/2013\/08\/filho-de-dominguinhos-pode-ser-despejado-pela-propria-irma\/","url":"https:\/\/blogdofarnesio.com.br\/2013\/08\/filho-de-dominguinhos-pode-ser-despejado-pela-propria-irma\/","name":"FILHO DE DOMINGUINHOS PODE SER DESPEJADO PELA PR\u00d3PRIA IRM\u00c3 - Blog do Farn\u00e9sio","isPartOf":{"@id":"https:\/\/blogdofarnesio.com.br\/#website"},"primaryImageOfPage":{"@id":"https:\/\/blogdofarnesio.com.br\/2013\/08\/filho-de-dominguinhos-pode-ser-despejado-pela-propria-irma\/#primaryimage"},"image":{"@id":"https:\/\/blogdofarnesio.com.br\/2013\/08\/filho-de-dominguinhos-pode-ser-despejado-pela-propria-irma\/#primaryimage"},"thumbnailUrl":"http:\/\/www.tribunadoceara.com.br\/nacaonordestina\/wp-content\/uploads\/2013\/08\/Montagem-r7-700x425.jpg","datePublished":"2013-08-15T00:02:19+00:00","breadcrumb":{"@id":"https:\/\/blogdofarnesio.com.br\/2013\/08\/filho-de-dominguinhos-pode-ser-despejado-pela-propria-irma\/#breadcrumb"},"inLanguage":"pt-BR","potentialAction":[{"@type":"ReadAction","target":["https:\/\/blogdofarnesio.com.br\/2013\/08\/filho-de-dominguinhos-pode-ser-despejado-pela-propria-irma\/"]}]},{"@type":"ImageObject","inLanguage":"pt-BR","@id":"https:\/\/blogdofarnesio.com.br\/2013\/08\/filho-de-dominguinhos-pode-ser-despejado-pela-propria-irma\/#primaryimage","url":"http:\/\/www.tribunadoceara.com.br\/nacaonordestina\/wp-content\/uploads\/2013\/08\/Montagem-r7-700x425.jpg","contentUrl":"http:\/\/www.tribunadoceara.com.br\/nacaonordestina\/wp-content\/uploads\/2013\/08\/Montagem-r7-700x425.jpg"},{"@type":"BreadcrumbList","@id":"https:\/\/blogdofarnesio.com.br\/2013\/08\/filho-de-dominguinhos-pode-ser-despejado-pela-propria-irma\/#breadcrumb","itemListElement":[{"@type":"ListItem","position":1,"name":"In\u00edcio","item":"https:\/\/blogdofarnesio.com.br\/"},{"@type":"ListItem","position":2,"name":"FILHO DE DOMINGUINHOS PODE SER DESPEJADO PELA PR\u00d3PRIA IRM\u00c3"}]},{"@type":"WebSite","@id":"https:\/\/blogdofarnesio.com.br\/#website","url":"https:\/\/blogdofarnesio.com.br\/","name":"Blog do Farn\u00e9sio","description":"Quer Saber Pol\u00edtica?","publisher":{"@id":"https:\/\/blogdofarnesio.com.br\/#organization"},"potentialAction":[{"@type":"SearchAction","target":{"@type":"EntryPoint","urlTemplate":"https:\/\/blogdofarnesio.com.br\/?s={search_term_string}"},"query-input":{"@type":"PropertyValueSpecification","valueRequired":true,"valueName":"search_term_string"}}],"inLanguage":"pt-BR"},{"@type":"Organization","@id":"https:\/\/blogdofarnesio.com.br\/#organization","name":"Blog do Farn\u00e9sio","url":"https:\/\/blogdofarnesio.com.br\/","logo":{"@type":"ImageObject","inLanguage":"pt-BR","@id":"https:\/\/blogdofarnesio.com.br\/#\/schema\/logo\/image\/","url":"https:\/\/blogdofarnesio.com.br\/wp-content\/uploads\/2026\/03\/cropped-logo_new-1.png","contentUrl":"https:\/\/blogdofarnesio.com.br\/wp-content\/uploads\/2026\/03\/cropped-logo_new-1.png","width":881,"height":685,"caption":"Blog do Farn\u00e9sio"},"image":{"@id":"https:\/\/blogdofarnesio.com.br\/#\/schema\/logo\/image\/"},"sameAs":["https:\/\/www.facebook.com\/BlogQuerSaberPolitica\/"]},{"@type":"Person","@id":"https:\/\/blogdofarnesio.com.br\/#\/schema\/person\/dd1bf5eba40b687199ba45ca6b97dff9","name":"teste","image":{"@type":"ImageObject","inLanguage":"pt-BR","@id":"https:\/\/secure.gravatar.com\/avatar\/2172498d4914b51e1d89a0f97957b035ac4938723a5cac208135d389b6972a6d?s=96&d=mm&r=g","url":"https:\/\/secure.gravatar.com\/avatar\/2172498d4914b51e1d89a0f97957b035ac4938723a5cac208135d389b6972a6d?s=96&d=mm&r=g","contentUrl":"https:\/\/secure.gravatar.com\/avatar\/2172498d4914b51e1d89a0f97957b035ac4938723a5cac208135d389b6972a6d?s=96&d=mm&r=g","caption":"teste"},"url":"https:\/\/blogdofarnesio.com.br\/author\/teste\/"}]}},"_links":{"self":[{"href":"https:\/\/blogdofarnesio.com.br\/wp-json\/wp\/v2\/posts\/53256","targetHints":{"allow":["GET"]}}],"collection":[{"href":"https:\/\/blogdofarnesio.com.br\/wp-json\/wp\/v2\/posts"}],"about":[{"href":"https:\/\/blogdofarnesio.com.br\/wp-json\/wp\/v2\/types\/post"}],"author":[{"embeddable":true,"href":"https:\/\/blogdofarnesio.com.br\/wp-json\/wp\/v2\/users\/3"}],"replies":[{"embeddable":true,"href":"https:\/\/blogdofarnesio.com.br\/wp-json\/wp\/v2\/comments?post=53256"}],"version-history":[{"count":0,"href":"https:\/\/blogdofarnesio.com.br\/wp-json\/wp\/v2\/posts\/53256\/revisions"}],"wp:attachment":[{"href":"https:\/\/blogdofarnesio.com.br\/wp-json\/wp\/v2\/media?parent=53256"}],"wp:term":[{"taxonomy":"category","embeddable":true,"href":"https:\/\/blogdofarnesio.com.br\/wp-json\/wp\/v2\/categories?post=53256"},{"taxonomy":"post_tag","embeddable":true,"href":"https:\/\/blogdofarnesio.com.br\/wp-json\/wp\/v2\/tags?post=53256"}],"curies":[{"name":"wp","href":"https:\/\/api.w.org\/{rel}","templated":true}]}}