{"id":53253,"date":"2013-08-14T20:03:19","date_gmt":"2013-08-14T23:03:19","guid":{"rendered":"http:\/\/www.quersaberpolitica.com.br\/?p=53253"},"modified":"2013-08-14T19:29:17","modified_gmt":"2013-08-14T22:29:17","slug":"por-maioria-stf-rejeita-os-cinco-pontos-dos-recursos-dos-reus-do-mensalao","status":"publish","type":"post","link":"https:\/\/blogdofarnesio.com.br\/?p=53253","title":{"rendered":"Por maioria, STF rejeita os cinco pontos dos recursos dos r\u00e9us do mensal\u00e3o"},"content":{"rendered":"<div style=\"text-align: justify\">\n<div><img loading=\"lazy\" decoding=\"async\" class=\"alignleft\" alt=\"Por maioria, STF rejeita os cinco pontos dos recursos dos r\u00e9us do mensal\u00e3o\" src=\"http:\/\/www.bahianoticias.com.br\/fotos\/justica_noticias\/46802\/IMAGEM_NOTICIA_5.jpg\" width=\"304\" height=\"224\" \/><\/div>\n<\/div>\n<div style=\"text-align: justify\">A maioria dos ministros do Supremo Tribunal Federal (STF) rejeitou as cinco quest\u00f5es preliminares que foram apontadas nos embargos de declara\u00e7\u00e3o apresentados \u00e0 Corte pelas defesas dos r\u00e9us do mensal\u00e3o.<\/div>\n<div style=\"text-align: justify\"><\/div>\n<div style=\"text-align: justify\">Lu\u00eds Roberto Barroso, Rosa Weber, Luiz Fux, Dias Toffoli, C\u00e1rmen L\u00facia e Ricardo Lewandowski acompanharam o voto do relator do processo, Joaquim Barbosa.<\/div>\n<div style=\"text-align: justify\"><\/div>\n<div style=\"text-align: justify\">Foram negadas a redistribui\u00e7\u00e3o dos embargos a outro relator, a alega\u00e7\u00e3o de nulidade devido a retirada de algumas manifesta\u00e7\u00f5es feitas pelos ministros na vers\u00e3o final do texto do ac\u00f3rd\u00e3o, o desmembramento do processo, a revis\u00e3o da metodologia utilizada no julgamento e a anula\u00e7\u00e3o do voto do ministro Ayres Britto que devido \u00e0 aposentadoria n\u00e3o estav presente na dosimetria das penas. Contudo, o ministro Marco Aur\u00e9lio divergiu dos colegas em um ponto espec\u00edfico.<\/div>\n<div style=\"text-align: justify\"><\/div>\n<div style=\"text-align: justify\">O magistrado defendeu o questionamento dos advogados sobre as falas no julgamento que para ele prejudica o direito a ampla defesa.\u00a0\u201cH\u00e1 um descompasso entre a m\u00eddia e o que passou a constar do ac\u00f3rd\u00e3o do tribunal. Os cortes se mostraram substanciais\u201d, disse. Na sess\u00e3o o ministro Lu\u00eds Roberto Barroso falou sobre a necessidade de realiza\u00e7\u00e3o de uma reforma pol\u00edtica no pa\u00eds. \u201c\u00c9 preciso mudar o modelo pol\u00edtico com energia criativa, vis\u00e3o de futuro.<\/div>\n<div style=\"text-align: justify\"><\/div>\n<div style=\"text-align: justify\">Sem reforma pol\u00edtica tudo continuar\u00e1 como sempre foi. A distin\u00e7\u00e3o se dar\u00e1 apenas entre os que foram pegos e os que n\u00e3o foram. O chamado mensal\u00e3o n\u00e3o constituiu um evento isolado na vida nacional. Quer do ponto de vista quantitativo ou qualitativo. Justamente ao contr\u00e1rio. Se insere numa tradi\u00e7\u00e3o lament\u00e1vel, que vem de longe\u201d, afirmou.<\/div>\n<div style=\"text-align: justify\"><\/div>\n<div style=\"text-align: justify\">O STF avalia nesta quarta os embargos de declara\u00e7\u00e3o interportos pelas defesas dos r\u00e9us do mensal\u00e3o. Esse tipo de recurso tem como objetivo elucidar casos de diversidade, contradi\u00e7\u00e3o e omiss\u00e3o no ac\u00f3rd\u00e3o. Informa\u00e7\u00f5es O Globo.<\/div>\n","protected":false},"excerpt":{"rendered":"<p>A maioria dos ministros do Supremo Tribunal Federal (STF) rejeitou as cinco quest\u00f5es preliminares que foram apontadas nos embargos de declara\u00e7\u00e3o apresentados \u00e0 Corte pelas defesas dos r\u00e9us do mensal\u00e3o. Lu\u00eds Roberto Barroso, Rosa Weber, Luiz Fux, Dias Toffoli, C\u00e1rmen L\u00facia e Ricardo Lewandowski acompanharam o voto do relator do processo, Joaquim Barbosa. Foram negadas a redistribui\u00e7\u00e3o dos embargos a outro relator, a alega\u00e7\u00e3o de nulidade devido a retirada de algumas manifesta\u00e7\u00f5es feitas pelos ministros na vers\u00e3o final do texto do ac\u00f3rd\u00e3o, o desmembramento do processo, a revis\u00e3o da metodologia utilizada no julgamento e a anula\u00e7\u00e3o do voto do ministro Ayres Britto que devido \u00e0 aposentadoria n\u00e3o estav presente na dosimetria das penas. Contudo, o ministro Marco Aur\u00e9lio divergiu dos&hellip; <\/p>\n","protected":false},"author":3,"featured_media":0,"comment_status":"open","ping_status":"open","sticky":false,"template":"","format":"standard","meta":{"_acf_changed":false,"footnotes":""},"categories":[1],"tags":[],"class_list":["post-53253","post","type-post","status-publish","format-standard","hentry","category-politica"],"acf":[],"yoast_head":"<!-- This site is optimized with the Yoast SEO plugin v27.4 - https:\/\/yoast.com\/product\/yoast-seo-wordpress\/ -->\n<title>Por maioria, STF rejeita os cinco pontos dos recursos dos r\u00e9us do mensal\u00e3o - Blog do Farn\u00e9sio<\/title>\n<meta name=\"robots\" content=\"index, follow, max-snippet:-1, max-image-preview:large, max-video-preview:-1\" \/>\n<link rel=\"canonical\" href=\"https:\/\/blogdofarnesio.com.br\/?p=53253\" \/>\n<meta property=\"og:locale\" content=\"pt_BR\" \/>\n<meta property=\"og:type\" content=\"article\" \/>\n<meta property=\"og:title\" content=\"Por maioria, STF rejeita os cinco pontos dos recursos dos r\u00e9us do mensal\u00e3o - Blog do Farn\u00e9sio\" \/>\n<meta property=\"og:description\" content=\"A maioria dos ministros do Supremo Tribunal Federal (STF) rejeitou as cinco quest\u00f5es preliminares que foram apontadas nos embargos de declara\u00e7\u00e3o apresentados \u00e0 Corte pelas defesas dos r\u00e9us do mensal\u00e3o. Lu\u00eds Roberto Barroso, Rosa Weber, Luiz Fux, Dias Toffoli, C\u00e1rmen L\u00facia e Ricardo Lewandowski acompanharam o voto do relator do processo, Joaquim Barbosa. Foram negadas a redistribui\u00e7\u00e3o dos embargos a outro relator, a alega\u00e7\u00e3o de nulidade devido a retirada de algumas manifesta\u00e7\u00f5es feitas pelos ministros na vers\u00e3o final do texto do ac\u00f3rd\u00e3o, o desmembramento do processo, a revis\u00e3o da metodologia utilizada no julgamento e a anula\u00e7\u00e3o do voto do ministro Ayres Britto que devido \u00e0 aposentadoria n\u00e3o estav presente na dosimetria das penas. Contudo, o ministro Marco Aur\u00e9lio divergiu dos&hellip;\" \/>\n<meta property=\"og:url\" content=\"https:\/\/blogdofarnesio.com.br\/?p=53253\" \/>\n<meta property=\"og:site_name\" content=\"Blog do Farn\u00e9sio\" \/>\n<meta property=\"article:publisher\" content=\"https:\/\/www.facebook.com\/BlogQuerSaberPolitica\/\" \/>\n<meta property=\"article:published_time\" content=\"2013-08-14T23:03:19+00:00\" \/>\n<meta property=\"og:image\" content=\"http:\/\/www.bahianoticias.com.br\/fotos\/justica_noticias\/46802\/IMAGEM_NOTICIA_5.jpg\" \/>\n<meta name=\"author\" content=\"teste\" \/>\n<meta name=\"twitter:card\" content=\"summary_large_image\" \/>\n<meta name=\"twitter:label1\" content=\"Escrito por\" \/>\n\t<meta name=\"twitter:data1\" content=\"teste\" \/>\n\t<meta name=\"twitter:label2\" content=\"Est. tempo de leitura\" \/>\n\t<meta name=\"twitter:data2\" content=\"2 minutos\" \/>\n<script type=\"application\/ld+json\" class=\"yoast-schema-graph\">{\"@context\":\"https:\\\/\\\/schema.org\",\"@graph\":[{\"@type\":\"Article\",\"@id\":\"https:\\\/\\\/blogdofarnesio.com.br\\\/?p=53253#article\",\"isPartOf\":{\"@id\":\"https:\\\/\\\/blogdofarnesio.com.br\\\/?p=53253\"},\"author\":{\"name\":\"teste\",\"@id\":\"https:\\\/\\\/blogdofarnesio.com.br\\\/#\\\/schema\\\/person\\\/dd1bf5eba40b687199ba45ca6b97dff9\"},\"headline\":\"Por maioria, STF rejeita os cinco pontos dos recursos dos r\u00e9us do mensal\u00e3o\",\"datePublished\":\"2013-08-14T23:03:19+00:00\",\"mainEntityOfPage\":{\"@id\":\"https:\\\/\\\/blogdofarnesio.com.br\\\/?p=53253\"},\"wordCount\":345,\"commentCount\":0,\"publisher\":{\"@id\":\"https:\\\/\\\/blogdofarnesio.com.br\\\/#organization\"},\"image\":{\"@id\":\"https:\\\/\\\/blogdofarnesio.com.br\\\/?p=53253#primaryimage\"},\"thumbnailUrl\":\"http:\\\/\\\/www.bahianoticias.com.br\\\/fotos\\\/justica_noticias\\\/46802\\\/IMAGEM_NOTICIA_5.jpg\",\"articleSection\":[\"Pol\u00edtica\"],\"inLanguage\":\"pt-BR\",\"potentialAction\":[{\"@type\":\"CommentAction\",\"name\":\"Comment\",\"target\":[\"https:\\\/\\\/blogdofarnesio.com.br\\\/?p=53253#respond\"]}]},{\"@type\":\"WebPage\",\"@id\":\"https:\\\/\\\/blogdofarnesio.com.br\\\/?p=53253\",\"url\":\"https:\\\/\\\/blogdofarnesio.com.br\\\/?p=53253\",\"name\":\"Por maioria, STF rejeita os cinco pontos dos recursos dos r\u00e9us do mensal\u00e3o - Blog do Farn\u00e9sio\",\"isPartOf\":{\"@id\":\"https:\\\/\\\/blogdofarnesio.com.br\\\/#website\"},\"primaryImageOfPage\":{\"@id\":\"https:\\\/\\\/blogdofarnesio.com.br\\\/?p=53253#primaryimage\"},\"image\":{\"@id\":\"https:\\\/\\\/blogdofarnesio.com.br\\\/?p=53253#primaryimage\"},\"thumbnailUrl\":\"http:\\\/\\\/www.bahianoticias.com.br\\\/fotos\\\/justica_noticias\\\/46802\\\/IMAGEM_NOTICIA_5.jpg\",\"datePublished\":\"2013-08-14T23:03:19+00:00\",\"breadcrumb\":{\"@id\":\"https:\\\/\\\/blogdofarnesio.com.br\\\/?p=53253#breadcrumb\"},\"inLanguage\":\"pt-BR\",\"potentialAction\":[{\"@type\":\"ReadAction\",\"target\":[\"https:\\\/\\\/blogdofarnesio.com.br\\\/?p=53253\"]}]},{\"@type\":\"ImageObject\",\"inLanguage\":\"pt-BR\",\"@id\":\"https:\\\/\\\/blogdofarnesio.com.br\\\/?p=53253#primaryimage\",\"url\":\"http:\\\/\\\/www.bahianoticias.com.br\\\/fotos\\\/justica_noticias\\\/46802\\\/IMAGEM_NOTICIA_5.jpg\",\"contentUrl\":\"http:\\\/\\\/www.bahianoticias.com.br\\\/fotos\\\/justica_noticias\\\/46802\\\/IMAGEM_NOTICIA_5.jpg\"},{\"@type\":\"BreadcrumbList\",\"@id\":\"https:\\\/\\\/blogdofarnesio.com.br\\\/?p=53253#breadcrumb\",\"itemListElement\":[{\"@type\":\"ListItem\",\"position\":1,\"name\":\"In\u00edcio\",\"item\":\"https:\\\/\\\/blogdofarnesio.com.br\\\/\"},{\"@type\":\"ListItem\",\"position\":2,\"name\":\"Por maioria, STF rejeita os cinco pontos dos recursos dos r\u00e9us do mensal\u00e3o\"}]},{\"@type\":\"WebSite\",\"@id\":\"https:\\\/\\\/blogdofarnesio.com.br\\\/#website\",\"url\":\"https:\\\/\\\/blogdofarnesio.com.br\\\/\",\"name\":\"Blog do Farn\u00e9sio\",\"description\":\"Quer Saber Pol\u00edtica?\",\"publisher\":{\"@id\":\"https:\\\/\\\/blogdofarnesio.com.br\\\/#organization\"},\"potentialAction\":[{\"@type\":\"SearchAction\",\"target\":{\"@type\":\"EntryPoint\",\"urlTemplate\":\"https:\\\/\\\/blogdofarnesio.com.br\\\/?s={search_term_string}\"},\"query-input\":{\"@type\":\"PropertyValueSpecification\",\"valueRequired\":true,\"valueName\":\"search_term_string\"}}],\"inLanguage\":\"pt-BR\"},{\"@type\":\"Organization\",\"@id\":\"https:\\\/\\\/blogdofarnesio.com.br\\\/#organization\",\"name\":\"Blog do Farn\u00e9sio\",\"url\":\"https:\\\/\\\/blogdofarnesio.com.br\\\/\",\"logo\":{\"@type\":\"ImageObject\",\"inLanguage\":\"pt-BR\",\"@id\":\"https:\\\/\\\/blogdofarnesio.com.br\\\/#\\\/schema\\\/logo\\\/image\\\/\",\"url\":\"https:\\\/\\\/blogdofarnesio.com.br\\\/wp-content\\\/uploads\\\/2026\\\/03\\\/cropped-logo_new-1.png\",\"contentUrl\":\"https:\\\/\\\/blogdofarnesio.com.br\\\/wp-content\\\/uploads\\\/2026\\\/03\\\/cropped-logo_new-1.png\",\"width\":881,\"height\":685,\"caption\":\"Blog do Farn\u00e9sio\"},\"image\":{\"@id\":\"https:\\\/\\\/blogdofarnesio.com.br\\\/#\\\/schema\\\/logo\\\/image\\\/\"},\"sameAs\":[\"https:\\\/\\\/www.facebook.com\\\/BlogQuerSaberPolitica\\\/\"]},{\"@type\":\"Person\",\"@id\":\"https:\\\/\\\/blogdofarnesio.com.br\\\/#\\\/schema\\\/person\\\/dd1bf5eba40b687199ba45ca6b97dff9\",\"name\":\"teste\",\"image\":{\"@type\":\"ImageObject\",\"inLanguage\":\"pt-BR\",\"@id\":\"https:\\\/\\\/secure.gravatar.com\\\/avatar\\\/2172498d4914b51e1d89a0f97957b035ac4938723a5cac208135d389b6972a6d?s=96&d=mm&r=g\",\"url\":\"https:\\\/\\\/secure.gravatar.com\\\/avatar\\\/2172498d4914b51e1d89a0f97957b035ac4938723a5cac208135d389b6972a6d?s=96&d=mm&r=g\",\"contentUrl\":\"https:\\\/\\\/secure.gravatar.com\\\/avatar\\\/2172498d4914b51e1d89a0f97957b035ac4938723a5cac208135d389b6972a6d?s=96&d=mm&r=g\",\"caption\":\"teste\"},\"url\":\"https:\\\/\\\/blogdofarnesio.com.br\\\/?author=3\"}]}<\/script>\n<!-- \/ Yoast SEO plugin. -->","yoast_head_json":{"title":"Por maioria, STF rejeita os cinco pontos dos recursos dos r\u00e9us do mensal\u00e3o - Blog do Farn\u00e9sio","robots":{"index":"index","follow":"follow","max-snippet":"max-snippet:-1","max-image-preview":"max-image-preview:large","max-video-preview":"max-video-preview:-1"},"canonical":"https:\/\/blogdofarnesio.com.br\/?p=53253","og_locale":"pt_BR","og_type":"article","og_title":"Por maioria, STF rejeita os cinco pontos dos recursos dos r\u00e9us do mensal\u00e3o - Blog do Farn\u00e9sio","og_description":"A maioria dos ministros do Supremo Tribunal Federal (STF) rejeitou as cinco quest\u00f5es preliminares que foram apontadas nos embargos de declara\u00e7\u00e3o apresentados \u00e0 Corte pelas defesas dos r\u00e9us do mensal\u00e3o. Lu\u00eds Roberto Barroso, Rosa Weber, Luiz Fux, Dias Toffoli, C\u00e1rmen L\u00facia e Ricardo Lewandowski acompanharam o voto do relator do processo, Joaquim Barbosa. Foram negadas a redistribui\u00e7\u00e3o dos embargos a outro relator, a alega\u00e7\u00e3o de nulidade devido a retirada de algumas manifesta\u00e7\u00f5es feitas pelos ministros na vers\u00e3o final do texto do ac\u00f3rd\u00e3o, o desmembramento do processo, a revis\u00e3o da metodologia utilizada no julgamento e a anula\u00e7\u00e3o do voto do ministro Ayres Britto que devido \u00e0 aposentadoria n\u00e3o estav presente na dosimetria das penas. Contudo, o ministro Marco Aur\u00e9lio divergiu dos&hellip;","og_url":"https:\/\/blogdofarnesio.com.br\/?p=53253","og_site_name":"Blog do Farn\u00e9sio","article_publisher":"https:\/\/www.facebook.com\/BlogQuerSaberPolitica\/","article_published_time":"2013-08-14T23:03:19+00:00","og_image":[{"url":"http:\/\/www.bahianoticias.com.br\/fotos\/justica_noticias\/46802\/IMAGEM_NOTICIA_5.jpg","type":"","width":"","height":""}],"author":"teste","twitter_card":"summary_large_image","twitter_misc":{"Escrito por":"teste","Est. tempo de leitura":"2 minutos"},"schema":{"@context":"https:\/\/schema.org","@graph":[{"@type":"Article","@id":"https:\/\/blogdofarnesio.com.br\/?p=53253#article","isPartOf":{"@id":"https:\/\/blogdofarnesio.com.br\/?p=53253"},"author":{"name":"teste","@id":"https:\/\/blogdofarnesio.com.br\/#\/schema\/person\/dd1bf5eba40b687199ba45ca6b97dff9"},"headline":"Por maioria, STF rejeita os cinco pontos dos recursos dos r\u00e9us do mensal\u00e3o","datePublished":"2013-08-14T23:03:19+00:00","mainEntityOfPage":{"@id":"https:\/\/blogdofarnesio.com.br\/?p=53253"},"wordCount":345,"commentCount":0,"publisher":{"@id":"https:\/\/blogdofarnesio.com.br\/#organization"},"image":{"@id":"https:\/\/blogdofarnesio.com.br\/?p=53253#primaryimage"},"thumbnailUrl":"http:\/\/www.bahianoticias.com.br\/fotos\/justica_noticias\/46802\/IMAGEM_NOTICIA_5.jpg","articleSection":["Pol\u00edtica"],"inLanguage":"pt-BR","potentialAction":[{"@type":"CommentAction","name":"Comment","target":["https:\/\/blogdofarnesio.com.br\/?p=53253#respond"]}]},{"@type":"WebPage","@id":"https:\/\/blogdofarnesio.com.br\/?p=53253","url":"https:\/\/blogdofarnesio.com.br\/?p=53253","name":"Por maioria, STF rejeita os cinco pontos dos recursos dos r\u00e9us do mensal\u00e3o - Blog do Farn\u00e9sio","isPartOf":{"@id":"https:\/\/blogdofarnesio.com.br\/#website"},"primaryImageOfPage":{"@id":"https:\/\/blogdofarnesio.com.br\/?p=53253#primaryimage"},"image":{"@id":"https:\/\/blogdofarnesio.com.br\/?p=53253#primaryimage"},"thumbnailUrl":"http:\/\/www.bahianoticias.com.br\/fotos\/justica_noticias\/46802\/IMAGEM_NOTICIA_5.jpg","datePublished":"2013-08-14T23:03:19+00:00","breadcrumb":{"@id":"https:\/\/blogdofarnesio.com.br\/?p=53253#breadcrumb"},"inLanguage":"pt-BR","potentialAction":[{"@type":"ReadAction","target":["https:\/\/blogdofarnesio.com.br\/?p=53253"]}]},{"@type":"ImageObject","inLanguage":"pt-BR","@id":"https:\/\/blogdofarnesio.com.br\/?p=53253#primaryimage","url":"http:\/\/www.bahianoticias.com.br\/fotos\/justica_noticias\/46802\/IMAGEM_NOTICIA_5.jpg","contentUrl":"http:\/\/www.bahianoticias.com.br\/fotos\/justica_noticias\/46802\/IMAGEM_NOTICIA_5.jpg"},{"@type":"BreadcrumbList","@id":"https:\/\/blogdofarnesio.com.br\/?p=53253#breadcrumb","itemListElement":[{"@type":"ListItem","position":1,"name":"In\u00edcio","item":"https:\/\/blogdofarnesio.com.br\/"},{"@type":"ListItem","position":2,"name":"Por maioria, STF rejeita os cinco pontos dos recursos dos r\u00e9us do mensal\u00e3o"}]},{"@type":"WebSite","@id":"https:\/\/blogdofarnesio.com.br\/#website","url":"https:\/\/blogdofarnesio.com.br\/","name":"Blog do Farn\u00e9sio","description":"Quer Saber Pol\u00edtica?","publisher":{"@id":"https:\/\/blogdofarnesio.com.br\/#organization"},"potentialAction":[{"@type":"SearchAction","target":{"@type":"EntryPoint","urlTemplate":"https:\/\/blogdofarnesio.com.br\/?s={search_term_string}"},"query-input":{"@type":"PropertyValueSpecification","valueRequired":true,"valueName":"search_term_string"}}],"inLanguage":"pt-BR"},{"@type":"Organization","@id":"https:\/\/blogdofarnesio.com.br\/#organization","name":"Blog do Farn\u00e9sio","url":"https:\/\/blogdofarnesio.com.br\/","logo":{"@type":"ImageObject","inLanguage":"pt-BR","@id":"https:\/\/blogdofarnesio.com.br\/#\/schema\/logo\/image\/","url":"https:\/\/blogdofarnesio.com.br\/wp-content\/uploads\/2026\/03\/cropped-logo_new-1.png","contentUrl":"https:\/\/blogdofarnesio.com.br\/wp-content\/uploads\/2026\/03\/cropped-logo_new-1.png","width":881,"height":685,"caption":"Blog do Farn\u00e9sio"},"image":{"@id":"https:\/\/blogdofarnesio.com.br\/#\/schema\/logo\/image\/"},"sameAs":["https:\/\/www.facebook.com\/BlogQuerSaberPolitica\/"]},{"@type":"Person","@id":"https:\/\/blogdofarnesio.com.br\/#\/schema\/person\/dd1bf5eba40b687199ba45ca6b97dff9","name":"teste","image":{"@type":"ImageObject","inLanguage":"pt-BR","@id":"https:\/\/secure.gravatar.com\/avatar\/2172498d4914b51e1d89a0f97957b035ac4938723a5cac208135d389b6972a6d?s=96&d=mm&r=g","url":"https:\/\/secure.gravatar.com\/avatar\/2172498d4914b51e1d89a0f97957b035ac4938723a5cac208135d389b6972a6d?s=96&d=mm&r=g","contentUrl":"https:\/\/secure.gravatar.com\/avatar\/2172498d4914b51e1d89a0f97957b035ac4938723a5cac208135d389b6972a6d?s=96&d=mm&r=g","caption":"teste"},"url":"https:\/\/blogdofarnesio.com.br\/?author=3"}]}},"_links":{"self":[{"href":"https:\/\/blogdofarnesio.com.br\/index.php?rest_route=\/wp\/v2\/posts\/53253","targetHints":{"allow":["GET"]}}],"collection":[{"href":"https:\/\/blogdofarnesio.com.br\/index.php?rest_route=\/wp\/v2\/posts"}],"about":[{"href":"https:\/\/blogdofarnesio.com.br\/index.php?rest_route=\/wp\/v2\/types\/post"}],"author":[{"embeddable":true,"href":"https:\/\/blogdofarnesio.com.br\/index.php?rest_route=\/wp\/v2\/users\/3"}],"replies":[{"embeddable":true,"href":"https:\/\/blogdofarnesio.com.br\/index.php?rest_route=%2Fwp%2Fv2%2Fcomments&post=53253"}],"version-history":[{"count":0,"href":"https:\/\/blogdofarnesio.com.br\/index.php?rest_route=\/wp\/v2\/posts\/53253\/revisions"}],"wp:attachment":[{"href":"https:\/\/blogdofarnesio.com.br\/index.php?rest_route=%2Fwp%2Fv2%2Fmedia&parent=53253"}],"wp:term":[{"taxonomy":"category","embeddable":true,"href":"https:\/\/blogdofarnesio.com.br\/index.php?rest_route=%2Fwp%2Fv2%2Fcategories&post=53253"},{"taxonomy":"post_tag","embeddable":true,"href":"https:\/\/blogdofarnesio.com.br\/index.php?rest_route=%2Fwp%2Fv2%2Ftags&post=53253"}],"curies":[{"name":"wp","href":"https:\/\/api.w.org\/{rel}","templated":true}]}}