{"id":53191,"date":"2013-08-14T18:03:05","date_gmt":"2013-08-14T21:03:05","guid":{"rendered":"http:\/\/www.quersaberpolitica.com.br\/?p=53191"},"modified":"2013-08-14T14:37:21","modified_gmt":"2013-08-14T17:37:21","slug":"macons-pregam-mudancas-profundas-na-estrutura-politica-do-pais","status":"publish","type":"post","link":"https:\/\/blogdofarnesio.com.br\/?p=53191","title":{"rendered":"MA\u00c7ONS PREGAM MUDAN\u00c7AS PROFUNDAS NA ESTRUTURA POL\u00cdTICA DO PA\u00cdS"},"content":{"rendered":"<div>\n<div><img decoding=\"async\" class=\"aligncenter\" alt=\"Ma\u00e7onaria prega necessidade de mudan\u00e7as 'profundas' na estrutura pol\u00edtica do pa\u00eds\" src=\"http:\/\/www.bahianoticias.com.br\/fotos\/principal_noticias\/142155\/IMAGEM_NOTICIA_5.jpg\" \/><\/p>\n<h5 style=\"text-align: center\"><strong>Ma\u00e7ons se reuniram em Campo Grande (MS)<\/strong><\/h5>\n<\/div>\n<div><\/div>\n<\/div>\n<div style=\"text-align: justify\">Representantes de cerca de 126 mil ma\u00e7ons espalhados pelo Brasil pregaram a necessidade de mudan\u00e7as profundas na estrutura pol\u00edtica do pa\u00eds. Os 27 gr\u00e3o-mestres das Grandes Lojas Ma\u00e7\u00f4nicas espalhadas pelo pa\u00eds, que representam 2.765 lojas, participaram em julho \u00faltimo, em Campo Grande (MS), da Confedera\u00e7\u00e3o da Ma\u00e7onaria Simb\u00f3lica do Brasil (CMSB), onde foi aprovada uma resolu\u00e7\u00e3o considerada revolucion\u00e1ria, do ponto de vista pol\u00edtico.<\/div>\n<div style=\"text-align: justify\"><\/div>\n<div style=\"text-align: justify\">Os membros trataram de temas diversos da organiza\u00e7\u00e3o social brasileira, como o voto distrital, o fim do foro privilegiado e revis\u00e3o do Pacto Federativo. As considera\u00e7\u00f5es iniciais do \u201cPosicionamento da Ma\u00e7onaria Perante o Povo Brasileiro\u201d fazem refer\u00eancia direta \u00e0 aten\u00e7\u00e3o que os ma\u00e7ons tiveram para com as manifesta\u00e7\u00f5es de rua que tomaram conta do pa\u00eds em junho deste ano, campanhas populares que, para o grupo, s\u00e3o parte da prega\u00e7\u00e3o que a ma\u00e7onaria tem feito nos \u00faltimos anos como \u201c\u00c9tica na Pol\u00edtica\u201d, \u201c Moralidade no Trato da Coisa P\u00fablica\u201d e \u201cContra a Corrup\u00e7\u00e3o e a Impunidade\u201d.<\/div>\n<div style=\"text-align: justify\"><\/div>\n<div style=\"text-align: justify\">\u00a0\u201cTrata-se de um documento discutido \u00e0 exaust\u00e3o, ouvidas as considera\u00e7\u00f5es de forma democr\u00e1tica e respeitando a liberdade de express\u00e3o de todos e visando a produ\u00e7\u00e3o de um documento que represente nossos anseios pela constru\u00e7\u00e3o de uma Na\u00e7\u00e3o mais justa e fraterna. Coisas que todos os homens e mulheres de bem almejam para si e suas fam\u00edlias\u201d, explicou o gr\u00e3o-mestre da Grande Loja de Goi\u00e1s, Ruy Rocha de Macedo. Segundo o m\u00e9dico Syd de Oliveira Reis, ma\u00e7on de reconhecida sabedoria, \u00e9 de solidariedade \u00e0s manifesta\u00e7\u00f5es e \u00e0 insatisfa\u00e7\u00e3o latente na sociedade com tantos casos de corrup\u00e7\u00e3o e impunidade. \u201c\u00c9 preciso dar um basta em tanta desonra e fortalecer os melhores valores que vemos na bela juventude brasileira, que representa com tanto vigor nossa sociedade&#8221;, cobrou.<\/div>\n","protected":false},"excerpt":{"rendered":"<p>Ma\u00e7ons se reuniram em Campo Grande (MS) Representantes de cerca de 126 mil ma\u00e7ons espalhados pelo Brasil pregaram a necessidade de mudan\u00e7as profundas na estrutura pol\u00edtica do pa\u00eds. Os 27 gr\u00e3o-mestres das Grandes Lojas Ma\u00e7\u00f4nicas espalhadas pelo pa\u00eds, que representam 2.765 lojas, participaram em julho \u00faltimo, em Campo Grande (MS), da Confedera\u00e7\u00e3o da Ma\u00e7onaria Simb\u00f3lica do Brasil (CMSB), onde foi aprovada uma resolu\u00e7\u00e3o considerada revolucion\u00e1ria, do ponto de vista pol\u00edtico. Os membros trataram de temas diversos da organiza\u00e7\u00e3o social brasileira, como o voto distrital, o fim do foro privilegiado e revis\u00e3o do Pacto Federativo. As considera\u00e7\u00f5es iniciais do \u201cPosicionamento da Ma\u00e7onaria Perante o Povo Brasileiro\u201d fazem refer\u00eancia direta \u00e0 aten\u00e7\u00e3o que os ma\u00e7ons tiveram para com as manifesta\u00e7\u00f5es de rua&hellip; <\/p>\n","protected":false},"author":3,"featured_media":0,"comment_status":"open","ping_status":"open","sticky":false,"template":"","format":"standard","meta":{"_acf_changed":false,"footnotes":""},"categories":[32],"tags":[],"class_list":["post-53191","post","type-post","status-publish","format-standard","hentry","category-costumes"],"acf":[],"yoast_head":"<!-- This site is optimized with the Yoast SEO plugin v27.4 - https:\/\/yoast.com\/product\/yoast-seo-wordpress\/ -->\n<title>MA\u00c7ONS PREGAM MUDAN\u00c7AS PROFUNDAS NA ESTRUTURA POL\u00cdTICA DO PA\u00cdS - Blog do Farn\u00e9sio<\/title>\n<meta name=\"robots\" content=\"index, follow, max-snippet:-1, max-image-preview:large, max-video-preview:-1\" \/>\n<link rel=\"canonical\" href=\"https:\/\/blogdofarnesio.com.br\/?p=53191\" \/>\n<meta property=\"og:locale\" content=\"pt_BR\" \/>\n<meta property=\"og:type\" content=\"article\" \/>\n<meta property=\"og:title\" content=\"MA\u00c7ONS PREGAM MUDAN\u00c7AS PROFUNDAS NA ESTRUTURA POL\u00cdTICA DO PA\u00cdS - Blog do Farn\u00e9sio\" \/>\n<meta property=\"og:description\" content=\"Ma\u00e7ons se reuniram em Campo Grande (MS) Representantes de cerca de 126 mil ma\u00e7ons espalhados pelo Brasil pregaram a necessidade de mudan\u00e7as profundas na estrutura pol\u00edtica do pa\u00eds. Os 27 gr\u00e3o-mestres das Grandes Lojas Ma\u00e7\u00f4nicas espalhadas pelo pa\u00eds, que representam 2.765 lojas, participaram em julho \u00faltimo, em Campo Grande (MS), da Confedera\u00e7\u00e3o da Ma\u00e7onaria Simb\u00f3lica do Brasil (CMSB), onde foi aprovada uma resolu\u00e7\u00e3o considerada revolucion\u00e1ria, do ponto de vista pol\u00edtico. Os membros trataram de temas diversos da organiza\u00e7\u00e3o social brasileira, como o voto distrital, o fim do foro privilegiado e revis\u00e3o do Pacto Federativo. As considera\u00e7\u00f5es iniciais do \u201cPosicionamento da Ma\u00e7onaria Perante o Povo Brasileiro\u201d fazem refer\u00eancia direta \u00e0 aten\u00e7\u00e3o que os ma\u00e7ons tiveram para com as manifesta\u00e7\u00f5es de rua&hellip;\" \/>\n<meta property=\"og:url\" content=\"https:\/\/blogdofarnesio.com.br\/?p=53191\" \/>\n<meta property=\"og:site_name\" content=\"Blog do Farn\u00e9sio\" \/>\n<meta property=\"article:publisher\" content=\"https:\/\/www.facebook.com\/BlogQuerSaberPolitica\/\" \/>\n<meta property=\"article:published_time\" content=\"2013-08-14T21:03:05+00:00\" \/>\n<meta property=\"og:image\" content=\"http:\/\/www.bahianoticias.com.br\/fotos\/principal_noticias\/142155\/IMAGEM_NOTICIA_5.jpg\" \/>\n<meta name=\"author\" content=\"teste\" \/>\n<meta name=\"twitter:card\" content=\"summary_large_image\" \/>\n<meta name=\"twitter:label1\" content=\"Escrito por\" \/>\n\t<meta name=\"twitter:data1\" content=\"teste\" \/>\n\t<meta name=\"twitter:label2\" content=\"Est. tempo de leitura\" \/>\n\t<meta name=\"twitter:data2\" content=\"2 minutos\" \/>\n<script type=\"application\/ld+json\" class=\"yoast-schema-graph\">{\"@context\":\"https:\\\/\\\/schema.org\",\"@graph\":[{\"@type\":\"Article\",\"@id\":\"https:\\\/\\\/blogdofarnesio.com.br\\\/?p=53191#article\",\"isPartOf\":{\"@id\":\"https:\\\/\\\/blogdofarnesio.com.br\\\/?p=53191\"},\"author\":{\"name\":\"teste\",\"@id\":\"https:\\\/\\\/blogdofarnesio.com.br\\\/#\\\/schema\\\/person\\\/dd1bf5eba40b687199ba45ca6b97dff9\"},\"headline\":\"MA\u00c7ONS PREGAM MUDAN\u00c7AS PROFUNDAS NA ESTRUTURA POL\u00cdTICA DO PA\u00cdS\",\"datePublished\":\"2013-08-14T21:03:05+00:00\",\"mainEntityOfPage\":{\"@id\":\"https:\\\/\\\/blogdofarnesio.com.br\\\/?p=53191\"},\"wordCount\":337,\"commentCount\":0,\"publisher\":{\"@id\":\"https:\\\/\\\/blogdofarnesio.com.br\\\/#organization\"},\"image\":{\"@id\":\"https:\\\/\\\/blogdofarnesio.com.br\\\/?p=53191#primaryimage\"},\"thumbnailUrl\":\"http:\\\/\\\/www.bahianoticias.com.br\\\/fotos\\\/principal_noticias\\\/142155\\\/IMAGEM_NOTICIA_5.jpg\",\"articleSection\":[\"Costumes\"],\"inLanguage\":\"pt-BR\",\"potentialAction\":[{\"@type\":\"CommentAction\",\"name\":\"Comment\",\"target\":[\"https:\\\/\\\/blogdofarnesio.com.br\\\/?p=53191#respond\"]}]},{\"@type\":\"WebPage\",\"@id\":\"https:\\\/\\\/blogdofarnesio.com.br\\\/?p=53191\",\"url\":\"https:\\\/\\\/blogdofarnesio.com.br\\\/?p=53191\",\"name\":\"MA\u00c7ONS PREGAM MUDAN\u00c7AS PROFUNDAS NA ESTRUTURA POL\u00cdTICA DO PA\u00cdS - Blog do Farn\u00e9sio\",\"isPartOf\":{\"@id\":\"https:\\\/\\\/blogdofarnesio.com.br\\\/#website\"},\"primaryImageOfPage\":{\"@id\":\"https:\\\/\\\/blogdofarnesio.com.br\\\/?p=53191#primaryimage\"},\"image\":{\"@id\":\"https:\\\/\\\/blogdofarnesio.com.br\\\/?p=53191#primaryimage\"},\"thumbnailUrl\":\"http:\\\/\\\/www.bahianoticias.com.br\\\/fotos\\\/principal_noticias\\\/142155\\\/IMAGEM_NOTICIA_5.jpg\",\"datePublished\":\"2013-08-14T21:03:05+00:00\",\"breadcrumb\":{\"@id\":\"https:\\\/\\\/blogdofarnesio.com.br\\\/?p=53191#breadcrumb\"},\"inLanguage\":\"pt-BR\",\"potentialAction\":[{\"@type\":\"ReadAction\",\"target\":[\"https:\\\/\\\/blogdofarnesio.com.br\\\/?p=53191\"]}]},{\"@type\":\"ImageObject\",\"inLanguage\":\"pt-BR\",\"@id\":\"https:\\\/\\\/blogdofarnesio.com.br\\\/?p=53191#primaryimage\",\"url\":\"http:\\\/\\\/www.bahianoticias.com.br\\\/fotos\\\/principal_noticias\\\/142155\\\/IMAGEM_NOTICIA_5.jpg\",\"contentUrl\":\"http:\\\/\\\/www.bahianoticias.com.br\\\/fotos\\\/principal_noticias\\\/142155\\\/IMAGEM_NOTICIA_5.jpg\"},{\"@type\":\"BreadcrumbList\",\"@id\":\"https:\\\/\\\/blogdofarnesio.com.br\\\/?p=53191#breadcrumb\",\"itemListElement\":[{\"@type\":\"ListItem\",\"position\":1,\"name\":\"In\u00edcio\",\"item\":\"https:\\\/\\\/blogdofarnesio.com.br\\\/\"},{\"@type\":\"ListItem\",\"position\":2,\"name\":\"MA\u00c7ONS PREGAM MUDAN\u00c7AS PROFUNDAS NA ESTRUTURA POL\u00cdTICA DO PA\u00cdS\"}]},{\"@type\":\"WebSite\",\"@id\":\"https:\\\/\\\/blogdofarnesio.com.br\\\/#website\",\"url\":\"https:\\\/\\\/blogdofarnesio.com.br\\\/\",\"name\":\"Blog do Farn\u00e9sio\",\"description\":\"Quer Saber Pol\u00edtica?\",\"publisher\":{\"@id\":\"https:\\\/\\\/blogdofarnesio.com.br\\\/#organization\"},\"potentialAction\":[{\"@type\":\"SearchAction\",\"target\":{\"@type\":\"EntryPoint\",\"urlTemplate\":\"https:\\\/\\\/blogdofarnesio.com.br\\\/?s={search_term_string}\"},\"query-input\":{\"@type\":\"PropertyValueSpecification\",\"valueRequired\":true,\"valueName\":\"search_term_string\"}}],\"inLanguage\":\"pt-BR\"},{\"@type\":\"Organization\",\"@id\":\"https:\\\/\\\/blogdofarnesio.com.br\\\/#organization\",\"name\":\"Blog do Farn\u00e9sio\",\"url\":\"https:\\\/\\\/blogdofarnesio.com.br\\\/\",\"logo\":{\"@type\":\"ImageObject\",\"inLanguage\":\"pt-BR\",\"@id\":\"https:\\\/\\\/blogdofarnesio.com.br\\\/#\\\/schema\\\/logo\\\/image\\\/\",\"url\":\"https:\\\/\\\/blogdofarnesio.com.br\\\/wp-content\\\/uploads\\\/2026\\\/03\\\/cropped-logo_new-1.png\",\"contentUrl\":\"https:\\\/\\\/blogdofarnesio.com.br\\\/wp-content\\\/uploads\\\/2026\\\/03\\\/cropped-logo_new-1.png\",\"width\":881,\"height\":685,\"caption\":\"Blog do Farn\u00e9sio\"},\"image\":{\"@id\":\"https:\\\/\\\/blogdofarnesio.com.br\\\/#\\\/schema\\\/logo\\\/image\\\/\"},\"sameAs\":[\"https:\\\/\\\/www.facebook.com\\\/BlogQuerSaberPolitica\\\/\"]},{\"@type\":\"Person\",\"@id\":\"https:\\\/\\\/blogdofarnesio.com.br\\\/#\\\/schema\\\/person\\\/dd1bf5eba40b687199ba45ca6b97dff9\",\"name\":\"teste\",\"image\":{\"@type\":\"ImageObject\",\"inLanguage\":\"pt-BR\",\"@id\":\"https:\\\/\\\/secure.gravatar.com\\\/avatar\\\/2172498d4914b51e1d89a0f97957b035ac4938723a5cac208135d389b6972a6d?s=96&d=mm&r=g\",\"url\":\"https:\\\/\\\/secure.gravatar.com\\\/avatar\\\/2172498d4914b51e1d89a0f97957b035ac4938723a5cac208135d389b6972a6d?s=96&d=mm&r=g\",\"contentUrl\":\"https:\\\/\\\/secure.gravatar.com\\\/avatar\\\/2172498d4914b51e1d89a0f97957b035ac4938723a5cac208135d389b6972a6d?s=96&d=mm&r=g\",\"caption\":\"teste\"},\"url\":\"https:\\\/\\\/blogdofarnesio.com.br\\\/?author=3\"}]}<\/script>\n<!-- \/ Yoast SEO plugin. -->","yoast_head_json":{"title":"MA\u00c7ONS PREGAM MUDAN\u00c7AS PROFUNDAS NA ESTRUTURA POL\u00cdTICA DO PA\u00cdS - Blog do Farn\u00e9sio","robots":{"index":"index","follow":"follow","max-snippet":"max-snippet:-1","max-image-preview":"max-image-preview:large","max-video-preview":"max-video-preview:-1"},"canonical":"https:\/\/blogdofarnesio.com.br\/?p=53191","og_locale":"pt_BR","og_type":"article","og_title":"MA\u00c7ONS PREGAM MUDAN\u00c7AS PROFUNDAS NA ESTRUTURA POL\u00cdTICA DO PA\u00cdS - Blog do Farn\u00e9sio","og_description":"Ma\u00e7ons se reuniram em Campo Grande (MS) Representantes de cerca de 126 mil ma\u00e7ons espalhados pelo Brasil pregaram a necessidade de mudan\u00e7as profundas na estrutura pol\u00edtica do pa\u00eds. Os 27 gr\u00e3o-mestres das Grandes Lojas Ma\u00e7\u00f4nicas espalhadas pelo pa\u00eds, que representam 2.765 lojas, participaram em julho \u00faltimo, em Campo Grande (MS), da Confedera\u00e7\u00e3o da Ma\u00e7onaria Simb\u00f3lica do Brasil (CMSB), onde foi aprovada uma resolu\u00e7\u00e3o considerada revolucion\u00e1ria, do ponto de vista pol\u00edtico. Os membros trataram de temas diversos da organiza\u00e7\u00e3o social brasileira, como o voto distrital, o fim do foro privilegiado e revis\u00e3o do Pacto Federativo. As considera\u00e7\u00f5es iniciais do \u201cPosicionamento da Ma\u00e7onaria Perante o Povo Brasileiro\u201d fazem refer\u00eancia direta \u00e0 aten\u00e7\u00e3o que os ma\u00e7ons tiveram para com as manifesta\u00e7\u00f5es de rua&hellip;","og_url":"https:\/\/blogdofarnesio.com.br\/?p=53191","og_site_name":"Blog do Farn\u00e9sio","article_publisher":"https:\/\/www.facebook.com\/BlogQuerSaberPolitica\/","article_published_time":"2013-08-14T21:03:05+00:00","og_image":[{"url":"http:\/\/www.bahianoticias.com.br\/fotos\/principal_noticias\/142155\/IMAGEM_NOTICIA_5.jpg","type":"","width":"","height":""}],"author":"teste","twitter_card":"summary_large_image","twitter_misc":{"Escrito por":"teste","Est. tempo de leitura":"2 minutos"},"schema":{"@context":"https:\/\/schema.org","@graph":[{"@type":"Article","@id":"https:\/\/blogdofarnesio.com.br\/?p=53191#article","isPartOf":{"@id":"https:\/\/blogdofarnesio.com.br\/?p=53191"},"author":{"name":"teste","@id":"https:\/\/blogdofarnesio.com.br\/#\/schema\/person\/dd1bf5eba40b687199ba45ca6b97dff9"},"headline":"MA\u00c7ONS PREGAM MUDAN\u00c7AS PROFUNDAS NA ESTRUTURA POL\u00cdTICA DO PA\u00cdS","datePublished":"2013-08-14T21:03:05+00:00","mainEntityOfPage":{"@id":"https:\/\/blogdofarnesio.com.br\/?p=53191"},"wordCount":337,"commentCount":0,"publisher":{"@id":"https:\/\/blogdofarnesio.com.br\/#organization"},"image":{"@id":"https:\/\/blogdofarnesio.com.br\/?p=53191#primaryimage"},"thumbnailUrl":"http:\/\/www.bahianoticias.com.br\/fotos\/principal_noticias\/142155\/IMAGEM_NOTICIA_5.jpg","articleSection":["Costumes"],"inLanguage":"pt-BR","potentialAction":[{"@type":"CommentAction","name":"Comment","target":["https:\/\/blogdofarnesio.com.br\/?p=53191#respond"]}]},{"@type":"WebPage","@id":"https:\/\/blogdofarnesio.com.br\/?p=53191","url":"https:\/\/blogdofarnesio.com.br\/?p=53191","name":"MA\u00c7ONS PREGAM MUDAN\u00c7AS PROFUNDAS NA ESTRUTURA POL\u00cdTICA DO PA\u00cdS - Blog do Farn\u00e9sio","isPartOf":{"@id":"https:\/\/blogdofarnesio.com.br\/#website"},"primaryImageOfPage":{"@id":"https:\/\/blogdofarnesio.com.br\/?p=53191#primaryimage"},"image":{"@id":"https:\/\/blogdofarnesio.com.br\/?p=53191#primaryimage"},"thumbnailUrl":"http:\/\/www.bahianoticias.com.br\/fotos\/principal_noticias\/142155\/IMAGEM_NOTICIA_5.jpg","datePublished":"2013-08-14T21:03:05+00:00","breadcrumb":{"@id":"https:\/\/blogdofarnesio.com.br\/?p=53191#breadcrumb"},"inLanguage":"pt-BR","potentialAction":[{"@type":"ReadAction","target":["https:\/\/blogdofarnesio.com.br\/?p=53191"]}]},{"@type":"ImageObject","inLanguage":"pt-BR","@id":"https:\/\/blogdofarnesio.com.br\/?p=53191#primaryimage","url":"http:\/\/www.bahianoticias.com.br\/fotos\/principal_noticias\/142155\/IMAGEM_NOTICIA_5.jpg","contentUrl":"http:\/\/www.bahianoticias.com.br\/fotos\/principal_noticias\/142155\/IMAGEM_NOTICIA_5.jpg"},{"@type":"BreadcrumbList","@id":"https:\/\/blogdofarnesio.com.br\/?p=53191#breadcrumb","itemListElement":[{"@type":"ListItem","position":1,"name":"In\u00edcio","item":"https:\/\/blogdofarnesio.com.br\/"},{"@type":"ListItem","position":2,"name":"MA\u00c7ONS PREGAM MUDAN\u00c7AS PROFUNDAS NA ESTRUTURA POL\u00cdTICA DO PA\u00cdS"}]},{"@type":"WebSite","@id":"https:\/\/blogdofarnesio.com.br\/#website","url":"https:\/\/blogdofarnesio.com.br\/","name":"Blog do Farn\u00e9sio","description":"Quer Saber Pol\u00edtica?","publisher":{"@id":"https:\/\/blogdofarnesio.com.br\/#organization"},"potentialAction":[{"@type":"SearchAction","target":{"@type":"EntryPoint","urlTemplate":"https:\/\/blogdofarnesio.com.br\/?s={search_term_string}"},"query-input":{"@type":"PropertyValueSpecification","valueRequired":true,"valueName":"search_term_string"}}],"inLanguage":"pt-BR"},{"@type":"Organization","@id":"https:\/\/blogdofarnesio.com.br\/#organization","name":"Blog do Farn\u00e9sio","url":"https:\/\/blogdofarnesio.com.br\/","logo":{"@type":"ImageObject","inLanguage":"pt-BR","@id":"https:\/\/blogdofarnesio.com.br\/#\/schema\/logo\/image\/","url":"https:\/\/blogdofarnesio.com.br\/wp-content\/uploads\/2026\/03\/cropped-logo_new-1.png","contentUrl":"https:\/\/blogdofarnesio.com.br\/wp-content\/uploads\/2026\/03\/cropped-logo_new-1.png","width":881,"height":685,"caption":"Blog do Farn\u00e9sio"},"image":{"@id":"https:\/\/blogdofarnesio.com.br\/#\/schema\/logo\/image\/"},"sameAs":["https:\/\/www.facebook.com\/BlogQuerSaberPolitica\/"]},{"@type":"Person","@id":"https:\/\/blogdofarnesio.com.br\/#\/schema\/person\/dd1bf5eba40b687199ba45ca6b97dff9","name":"teste","image":{"@type":"ImageObject","inLanguage":"pt-BR","@id":"https:\/\/secure.gravatar.com\/avatar\/2172498d4914b51e1d89a0f97957b035ac4938723a5cac208135d389b6972a6d?s=96&d=mm&r=g","url":"https:\/\/secure.gravatar.com\/avatar\/2172498d4914b51e1d89a0f97957b035ac4938723a5cac208135d389b6972a6d?s=96&d=mm&r=g","contentUrl":"https:\/\/secure.gravatar.com\/avatar\/2172498d4914b51e1d89a0f97957b035ac4938723a5cac208135d389b6972a6d?s=96&d=mm&r=g","caption":"teste"},"url":"https:\/\/blogdofarnesio.com.br\/?author=3"}]}},"_links":{"self":[{"href":"https:\/\/blogdofarnesio.com.br\/index.php?rest_route=\/wp\/v2\/posts\/53191","targetHints":{"allow":["GET"]}}],"collection":[{"href":"https:\/\/blogdofarnesio.com.br\/index.php?rest_route=\/wp\/v2\/posts"}],"about":[{"href":"https:\/\/blogdofarnesio.com.br\/index.php?rest_route=\/wp\/v2\/types\/post"}],"author":[{"embeddable":true,"href":"https:\/\/blogdofarnesio.com.br\/index.php?rest_route=\/wp\/v2\/users\/3"}],"replies":[{"embeddable":true,"href":"https:\/\/blogdofarnesio.com.br\/index.php?rest_route=%2Fwp%2Fv2%2Fcomments&post=53191"}],"version-history":[{"count":0,"href":"https:\/\/blogdofarnesio.com.br\/index.php?rest_route=\/wp\/v2\/posts\/53191\/revisions"}],"wp:attachment":[{"href":"https:\/\/blogdofarnesio.com.br\/index.php?rest_route=%2Fwp%2Fv2%2Fmedia&parent=53191"}],"wp:term":[{"taxonomy":"category","embeddable":true,"href":"https:\/\/blogdofarnesio.com.br\/index.php?rest_route=%2Fwp%2Fv2%2Fcategories&post=53191"},{"taxonomy":"post_tag","embeddable":true,"href":"https:\/\/blogdofarnesio.com.br\/index.php?rest_route=%2Fwp%2Fv2%2Ftags&post=53191"}],"curies":[{"name":"wp","href":"https:\/\/api.w.org\/{rel}","templated":true}]}}