{"id":53167,"date":"2013-08-14T16:21:11","date_gmt":"2013-08-14T19:21:11","guid":{"rendered":"http:\/\/www.quersaberpolitica.com.br\/?p=53167"},"modified":"2013-08-14T14:03:23","modified_gmt":"2013-08-14T17:03:23","slug":"sobre-cpi-do-sao-joao-lider-da-situacao-dispara-nao-temos-o-que-temer","status":"publish","type":"post","link":"https:\/\/blogdofarnesio.com.br\/?p=53167","title":{"rendered":"SOBRE CPI DO S\u00c3O JO\u00c3O, L\u00cdDER DA SITUA\u00c7\u00c3O DISPARA: \u201cN\u00c3O TEMOS O QUE TEMER\u201d"},"content":{"rendered":"<p style=\"text-align: justify\"><a href=\"http:\/\/www.quersaberpolitica.com.br\/2016\/wp-content\/uploads\/2013\/03\/blogqsp.elismarg.jpg\"><img loading=\"lazy\" decoding=\"async\" class=\"alignleft size-medium wp-image-32023\" alt=\"blogqsp.elismarg\" src=\"http:\/\/www.quersaberpolitica.com.br\/2016\/wp-content\/uploads\/2013\/03\/blogqsp.elismarg-300x137.jpg\" width=\"300\" height=\"137\" srcset=\"https:\/\/blogdofarnesio.com.br\/wp-content\/uploads\/2013\/03\/blogqsp.elismarg-300x137.jpg 300w, https:\/\/blogdofarnesio.com.br\/wp-content\/uploads\/2013\/03\/blogqsp.elismarg.jpg 332w\" sizes=\"auto, (max-width: 300px) 100vw, 300px\" \/><\/a>Ao contr\u00e1rio do que muitos esperavam, a bancada de situa\u00e7\u00e3o da C\u00e2mara Municipal de Petrolina assinou e ajudou a aprovar a instaura\u00e7\u00e3o da CPI do S\u00e3o Jo\u00e3o, cujo objetivo \u00e9 investigar os gastos na realiza\u00e7\u00e3o do S\u00e3o Jo\u00e3o do Vale.<\/p>\n<p style=\"text-align: justify\">Seguindo a linha do ditado popular que diz \u201cquem n\u00e3o deve, n\u00e3o teme\u201d, o l\u00edder da situa\u00e7\u00e3o, Elismar Gon\u00e7alves orientou os aliados do governo L\u00f3ssio a apoiarem a iniciativa dos oposicionistas e se mostrou decepcionado com a negativa dos advers\u00e1rios em aprovar a CPI do Traumas, para averiguar ind\u00edcios de superfaturamento nas constru\u00e7\u00e3o e aquisi\u00e7\u00e3o de equipamentos para Hospital de Urg\u00eancias e Traumas.<\/p>\n<p style=\"text-align: justify\">\u201cEstamos tranquilos, tanto que orientei a nossa bancada, inclusive boa parte dos pares j\u00e1 assinaram, eu tamb\u00e9m assinei. Ronaldo Silva entrou com um requerimento hoje solicitando a CPI do Hospital de Traumas. Ent\u00e3o \u00e9 o seguinte, eu assinei a CPI do S\u00e3o Jo\u00e3o e vamos investigar. Acredito que quem n\u00e3o deve n\u00e3o tem o que temer\u201d, afirmou Elismar. Para o parlamentar a resist\u00eancia da bancada de oposi\u00e7\u00e3o em apoiar a CPI do Traumas \u00e9 descabida.<!--more--><\/p>\n<p style=\"text-align: justify\">Ele acredita que, se h\u00e1 disposi\u00e7\u00e3o para apurar a destina\u00e7\u00e3o do dinheiro publico, isso der ser feito em todos os setores. \u201cO que a gente pode observar hoje foram alguns pares da oposi\u00e7\u00e3o foram pegos de surpresa e parece que h\u00e1 uma certa resist\u00eancia em assinar. Eu acho que n\u00e3o devem temer. N\u00f3s assinamos a CPI do S\u00e3o Jo\u00e3o e deveria haver a rec\u00edproca\u201d.<\/p>\n<p style=\"text-align: justify\">O l\u00edder da situa\u00e7\u00e3o garante que n\u00e3o houve repres\u00e1lias na investiga\u00e7\u00e3o dos gastos na constru\u00e7\u00e3o do Hospital de Traumas e revela sua opini\u00e3o sobre a iniciativa oposicionista de instaura\u00e7\u00e3o da CPI do S\u00e3o Jo\u00e3o.<\/p>\n<p style=\"text-align: justify\">\u201cEstamos muito tranq\u00fcilos. O prefeito inclusive postou no seu Face, orientou a bancada e n\u00f3s j\u00e1 hav\u00edamos tomado a decis\u00e3o de assinar a CPI do S\u00e3o Jo\u00e3o. A gente percebe que na verdade h\u00e1 uma certa mira, meio que pessoal, para o prefeito Julio L\u00f3ssio. Alguns componentes da oposi\u00e7\u00e3o passaram os seis meses afirmando que o prefeito era palha\u00e7o, incompetente, quer dizer&#8230; a gente tem lideran\u00e7as que ocupam o cargo de oposi\u00e7\u00e3o e nem por isso falamos deles. A gente sabe que existem falhas deles, sabemos que as a\u00e7\u00f5es n\u00e3o chegaram como deveriam, mas a gente em momento algum partiu para o ataque pessoal\u201d.<\/p>\n<p style=\"text-align: justify\"><strong>Informa\u00e7\u00f5es da ascom<\/strong><\/p>\n","protected":false},"excerpt":{"rendered":"<p>Ao contr\u00e1rio do que muitos esperavam, a bancada de situa\u00e7\u00e3o da C\u00e2mara Municipal de Petrolina assinou e ajudou a aprovar a instaura\u00e7\u00e3o da CPI do S\u00e3o Jo\u00e3o, cujo objetivo \u00e9 investigar os gastos na realiza\u00e7\u00e3o do S\u00e3o Jo\u00e3o do Vale. Seguindo a linha do ditado popular que diz \u201cquem n\u00e3o deve, n\u00e3o teme\u201d, o l\u00edder da situa\u00e7\u00e3o, Elismar Gon\u00e7alves orientou os aliados do governo L\u00f3ssio a apoiarem a iniciativa dos oposicionistas e se mostrou decepcionado com a negativa dos advers\u00e1rios em aprovar a CPI do Traumas, para averiguar ind\u00edcios de superfaturamento nas constru\u00e7\u00e3o e aquisi\u00e7\u00e3o de equipamentos para Hospital de Urg\u00eancias e Traumas. \u201cEstamos tranquilos, tanto que orientei a nossa bancada, inclusive boa parte dos pares j\u00e1 assinaram, eu tamb\u00e9m&hellip; <\/p>\n","protected":false},"author":3,"featured_media":0,"comment_status":"open","ping_status":"open","sticky":false,"template":"","format":"standard","meta":{"_acf_changed":false,"footnotes":""},"categories":[1],"tags":[],"class_list":["post-53167","post","type-post","status-publish","format-standard","hentry","category-politica"],"acf":[],"yoast_head":"<!-- This site is optimized with the Yoast SEO plugin v27.4 - https:\/\/yoast.com\/product\/yoast-seo-wordpress\/ -->\n<title>SOBRE CPI DO S\u00c3O JO\u00c3O, L\u00cdDER DA SITUA\u00c7\u00c3O DISPARA: \u201cN\u00c3O TEMOS O QUE TEMER\u201d  - Blog do Farn\u00e9sio<\/title>\n<meta name=\"robots\" content=\"index, follow, max-snippet:-1, max-image-preview:large, max-video-preview:-1\" \/>\n<link rel=\"canonical\" href=\"https:\/\/blogdofarnesio.com.br\/?p=53167\" \/>\n<meta property=\"og:locale\" content=\"pt_BR\" \/>\n<meta property=\"og:type\" content=\"article\" \/>\n<meta property=\"og:title\" content=\"SOBRE CPI DO S\u00c3O JO\u00c3O, L\u00cdDER DA SITUA\u00c7\u00c3O DISPARA: \u201cN\u00c3O TEMOS O QUE TEMER\u201d  - Blog do Farn\u00e9sio\" \/>\n<meta property=\"og:description\" content=\"Ao contr\u00e1rio do que muitos esperavam, a bancada de situa\u00e7\u00e3o da C\u00e2mara Municipal de Petrolina assinou e ajudou a aprovar a instaura\u00e7\u00e3o da CPI do S\u00e3o Jo\u00e3o, cujo objetivo \u00e9 investigar os gastos na realiza\u00e7\u00e3o do S\u00e3o Jo\u00e3o do Vale. Seguindo a linha do ditado popular que diz \u201cquem n\u00e3o deve, n\u00e3o teme\u201d, o l\u00edder da situa\u00e7\u00e3o, Elismar Gon\u00e7alves orientou os aliados do governo L\u00f3ssio a apoiarem a iniciativa dos oposicionistas e se mostrou decepcionado com a negativa dos advers\u00e1rios em aprovar a CPI do Traumas, para averiguar ind\u00edcios de superfaturamento nas constru\u00e7\u00e3o e aquisi\u00e7\u00e3o de equipamentos para Hospital de Urg\u00eancias e Traumas. \u201cEstamos tranquilos, tanto que orientei a nossa bancada, inclusive boa parte dos pares j\u00e1 assinaram, eu tamb\u00e9m&hellip;\" \/>\n<meta property=\"og:url\" content=\"https:\/\/blogdofarnesio.com.br\/?p=53167\" \/>\n<meta property=\"og:site_name\" content=\"Blog do Farn\u00e9sio\" \/>\n<meta property=\"article:publisher\" content=\"https:\/\/www.facebook.com\/BlogQuerSaberPolitica\/\" \/>\n<meta property=\"article:published_time\" content=\"2013-08-14T19:21:11+00:00\" \/>\n<meta property=\"og:image\" content=\"http:\/\/www.quersaberpolitica.com.br\/2016\/wp-content\/uploads\/2013\/03\/blogqsp.elismarg-300x137.jpg\" \/>\n<meta name=\"author\" content=\"teste\" \/>\n<meta name=\"twitter:card\" content=\"summary_large_image\" \/>\n<meta name=\"twitter:label1\" content=\"Escrito por\" \/>\n\t<meta name=\"twitter:data1\" content=\"teste\" \/>\n\t<meta name=\"twitter:label2\" content=\"Est. tempo de leitura\" \/>\n\t<meta name=\"twitter:data2\" content=\"2 minutos\" \/>\n<script type=\"application\/ld+json\" class=\"yoast-schema-graph\">{\"@context\":\"https:\\\/\\\/schema.org\",\"@graph\":[{\"@type\":\"Article\",\"@id\":\"https:\\\/\\\/blogdofarnesio.com.br\\\/?p=53167#article\",\"isPartOf\":{\"@id\":\"https:\\\/\\\/blogdofarnesio.com.br\\\/?p=53167\"},\"author\":{\"name\":\"teste\",\"@id\":\"https:\\\/\\\/blogdofarnesio.com.br\\\/#\\\/schema\\\/person\\\/dd1bf5eba40b687199ba45ca6b97dff9\"},\"headline\":\"SOBRE CPI DO S\u00c3O JO\u00c3O, L\u00cdDER DA SITUA\u00c7\u00c3O DISPARA: \u201cN\u00c3O TEMOS O QUE TEMER\u201d\",\"datePublished\":\"2013-08-14T19:21:11+00:00\",\"mainEntityOfPage\":{\"@id\":\"https:\\\/\\\/blogdofarnesio.com.br\\\/?p=53167\"},\"wordCount\":460,\"commentCount\":0,\"publisher\":{\"@id\":\"https:\\\/\\\/blogdofarnesio.com.br\\\/#organization\"},\"image\":{\"@id\":\"https:\\\/\\\/blogdofarnesio.com.br\\\/?p=53167#primaryimage\"},\"thumbnailUrl\":\"http:\\\/\\\/www.quersaberpolitica.com.br\\\/2016\\\/wp-content\\\/uploads\\\/2013\\\/03\\\/blogqsp.elismarg-300x137.jpg\",\"articleSection\":[\"Pol\u00edtica\"],\"inLanguage\":\"pt-BR\",\"potentialAction\":[{\"@type\":\"CommentAction\",\"name\":\"Comment\",\"target\":[\"https:\\\/\\\/blogdofarnesio.com.br\\\/?p=53167#respond\"]}]},{\"@type\":\"WebPage\",\"@id\":\"https:\\\/\\\/blogdofarnesio.com.br\\\/?p=53167\",\"url\":\"https:\\\/\\\/blogdofarnesio.com.br\\\/?p=53167\",\"name\":\"SOBRE CPI DO S\u00c3O JO\u00c3O, L\u00cdDER DA SITUA\u00c7\u00c3O DISPARA: \u201cN\u00c3O TEMOS O QUE TEMER\u201d - Blog do Farn\u00e9sio\",\"isPartOf\":{\"@id\":\"https:\\\/\\\/blogdofarnesio.com.br\\\/#website\"},\"primaryImageOfPage\":{\"@id\":\"https:\\\/\\\/blogdofarnesio.com.br\\\/?p=53167#primaryimage\"},\"image\":{\"@id\":\"https:\\\/\\\/blogdofarnesio.com.br\\\/?p=53167#primaryimage\"},\"thumbnailUrl\":\"http:\\\/\\\/www.quersaberpolitica.com.br\\\/2016\\\/wp-content\\\/uploads\\\/2013\\\/03\\\/blogqsp.elismarg-300x137.jpg\",\"datePublished\":\"2013-08-14T19:21:11+00:00\",\"breadcrumb\":{\"@id\":\"https:\\\/\\\/blogdofarnesio.com.br\\\/?p=53167#breadcrumb\"},\"inLanguage\":\"pt-BR\",\"potentialAction\":[{\"@type\":\"ReadAction\",\"target\":[\"https:\\\/\\\/blogdofarnesio.com.br\\\/?p=53167\"]}]},{\"@type\":\"ImageObject\",\"inLanguage\":\"pt-BR\",\"@id\":\"https:\\\/\\\/blogdofarnesio.com.br\\\/?p=53167#primaryimage\",\"url\":\"http:\\\/\\\/www.quersaberpolitica.com.br\\\/2016\\\/wp-content\\\/uploads\\\/2013\\\/03\\\/blogqsp.elismarg-300x137.jpg\",\"contentUrl\":\"http:\\\/\\\/www.quersaberpolitica.com.br\\\/2016\\\/wp-content\\\/uploads\\\/2013\\\/03\\\/blogqsp.elismarg-300x137.jpg\"},{\"@type\":\"BreadcrumbList\",\"@id\":\"https:\\\/\\\/blogdofarnesio.com.br\\\/?p=53167#breadcrumb\",\"itemListElement\":[{\"@type\":\"ListItem\",\"position\":1,\"name\":\"In\u00edcio\",\"item\":\"https:\\\/\\\/blogdofarnesio.com.br\\\/\"},{\"@type\":\"ListItem\",\"position\":2,\"name\":\"SOBRE CPI DO S\u00c3O JO\u00c3O, L\u00cdDER DA SITUA\u00c7\u00c3O DISPARA: \u201cN\u00c3O TEMOS O QUE TEMER\u201d\"}]},{\"@type\":\"WebSite\",\"@id\":\"https:\\\/\\\/blogdofarnesio.com.br\\\/#website\",\"url\":\"https:\\\/\\\/blogdofarnesio.com.br\\\/\",\"name\":\"Blog do Farn\u00e9sio\",\"description\":\"Quer Saber Pol\u00edtica?\",\"publisher\":{\"@id\":\"https:\\\/\\\/blogdofarnesio.com.br\\\/#organization\"},\"potentialAction\":[{\"@type\":\"SearchAction\",\"target\":{\"@type\":\"EntryPoint\",\"urlTemplate\":\"https:\\\/\\\/blogdofarnesio.com.br\\\/?s={search_term_string}\"},\"query-input\":{\"@type\":\"PropertyValueSpecification\",\"valueRequired\":true,\"valueName\":\"search_term_string\"}}],\"inLanguage\":\"pt-BR\"},{\"@type\":\"Organization\",\"@id\":\"https:\\\/\\\/blogdofarnesio.com.br\\\/#organization\",\"name\":\"Blog do Farn\u00e9sio\",\"url\":\"https:\\\/\\\/blogdofarnesio.com.br\\\/\",\"logo\":{\"@type\":\"ImageObject\",\"inLanguage\":\"pt-BR\",\"@id\":\"https:\\\/\\\/blogdofarnesio.com.br\\\/#\\\/schema\\\/logo\\\/image\\\/\",\"url\":\"https:\\\/\\\/blogdofarnesio.com.br\\\/wp-content\\\/uploads\\\/2026\\\/03\\\/cropped-logo_new-1.png\",\"contentUrl\":\"https:\\\/\\\/blogdofarnesio.com.br\\\/wp-content\\\/uploads\\\/2026\\\/03\\\/cropped-logo_new-1.png\",\"width\":881,\"height\":685,\"caption\":\"Blog do Farn\u00e9sio\"},\"image\":{\"@id\":\"https:\\\/\\\/blogdofarnesio.com.br\\\/#\\\/schema\\\/logo\\\/image\\\/\"},\"sameAs\":[\"https:\\\/\\\/www.facebook.com\\\/BlogQuerSaberPolitica\\\/\"]},{\"@type\":\"Person\",\"@id\":\"https:\\\/\\\/blogdofarnesio.com.br\\\/#\\\/schema\\\/person\\\/dd1bf5eba40b687199ba45ca6b97dff9\",\"name\":\"teste\",\"image\":{\"@type\":\"ImageObject\",\"inLanguage\":\"pt-BR\",\"@id\":\"https:\\\/\\\/secure.gravatar.com\\\/avatar\\\/2172498d4914b51e1d89a0f97957b035ac4938723a5cac208135d389b6972a6d?s=96&d=mm&r=g\",\"url\":\"https:\\\/\\\/secure.gravatar.com\\\/avatar\\\/2172498d4914b51e1d89a0f97957b035ac4938723a5cac208135d389b6972a6d?s=96&d=mm&r=g\",\"contentUrl\":\"https:\\\/\\\/secure.gravatar.com\\\/avatar\\\/2172498d4914b51e1d89a0f97957b035ac4938723a5cac208135d389b6972a6d?s=96&d=mm&r=g\",\"caption\":\"teste\"},\"url\":\"https:\\\/\\\/blogdofarnesio.com.br\\\/?author=3\"}]}<\/script>\n<!-- \/ Yoast SEO plugin. -->","yoast_head_json":{"title":"SOBRE CPI DO S\u00c3O JO\u00c3O, L\u00cdDER DA SITUA\u00c7\u00c3O DISPARA: \u201cN\u00c3O TEMOS O QUE TEMER\u201d  - Blog do Farn\u00e9sio","robots":{"index":"index","follow":"follow","max-snippet":"max-snippet:-1","max-image-preview":"max-image-preview:large","max-video-preview":"max-video-preview:-1"},"canonical":"https:\/\/blogdofarnesio.com.br\/?p=53167","og_locale":"pt_BR","og_type":"article","og_title":"SOBRE CPI DO S\u00c3O JO\u00c3O, L\u00cdDER DA SITUA\u00c7\u00c3O DISPARA: \u201cN\u00c3O TEMOS O QUE TEMER\u201d  - Blog do Farn\u00e9sio","og_description":"Ao contr\u00e1rio do que muitos esperavam, a bancada de situa\u00e7\u00e3o da C\u00e2mara Municipal de Petrolina assinou e ajudou a aprovar a instaura\u00e7\u00e3o da CPI do S\u00e3o Jo\u00e3o, cujo objetivo \u00e9 investigar os gastos na realiza\u00e7\u00e3o do S\u00e3o Jo\u00e3o do Vale. Seguindo a linha do ditado popular que diz \u201cquem n\u00e3o deve, n\u00e3o teme\u201d, o l\u00edder da situa\u00e7\u00e3o, Elismar Gon\u00e7alves orientou os aliados do governo L\u00f3ssio a apoiarem a iniciativa dos oposicionistas e se mostrou decepcionado com a negativa dos advers\u00e1rios em aprovar a CPI do Traumas, para averiguar ind\u00edcios de superfaturamento nas constru\u00e7\u00e3o e aquisi\u00e7\u00e3o de equipamentos para Hospital de Urg\u00eancias e Traumas. \u201cEstamos tranquilos, tanto que orientei a nossa bancada, inclusive boa parte dos pares j\u00e1 assinaram, eu tamb\u00e9m&hellip;","og_url":"https:\/\/blogdofarnesio.com.br\/?p=53167","og_site_name":"Blog do Farn\u00e9sio","article_publisher":"https:\/\/www.facebook.com\/BlogQuerSaberPolitica\/","article_published_time":"2013-08-14T19:21:11+00:00","og_image":[{"url":"http:\/\/www.quersaberpolitica.com.br\/2016\/wp-content\/uploads\/2013\/03\/blogqsp.elismarg-300x137.jpg","type":"","width":"","height":""}],"author":"teste","twitter_card":"summary_large_image","twitter_misc":{"Escrito por":"teste","Est. tempo de leitura":"2 minutos"},"schema":{"@context":"https:\/\/schema.org","@graph":[{"@type":"Article","@id":"https:\/\/blogdofarnesio.com.br\/?p=53167#article","isPartOf":{"@id":"https:\/\/blogdofarnesio.com.br\/?p=53167"},"author":{"name":"teste","@id":"https:\/\/blogdofarnesio.com.br\/#\/schema\/person\/dd1bf5eba40b687199ba45ca6b97dff9"},"headline":"SOBRE CPI DO S\u00c3O JO\u00c3O, L\u00cdDER DA SITUA\u00c7\u00c3O DISPARA: \u201cN\u00c3O TEMOS O QUE TEMER\u201d","datePublished":"2013-08-14T19:21:11+00:00","mainEntityOfPage":{"@id":"https:\/\/blogdofarnesio.com.br\/?p=53167"},"wordCount":460,"commentCount":0,"publisher":{"@id":"https:\/\/blogdofarnesio.com.br\/#organization"},"image":{"@id":"https:\/\/blogdofarnesio.com.br\/?p=53167#primaryimage"},"thumbnailUrl":"http:\/\/www.quersaberpolitica.com.br\/2016\/wp-content\/uploads\/2013\/03\/blogqsp.elismarg-300x137.jpg","articleSection":["Pol\u00edtica"],"inLanguage":"pt-BR","potentialAction":[{"@type":"CommentAction","name":"Comment","target":["https:\/\/blogdofarnesio.com.br\/?p=53167#respond"]}]},{"@type":"WebPage","@id":"https:\/\/blogdofarnesio.com.br\/?p=53167","url":"https:\/\/blogdofarnesio.com.br\/?p=53167","name":"SOBRE CPI DO S\u00c3O JO\u00c3O, L\u00cdDER DA SITUA\u00c7\u00c3O DISPARA: \u201cN\u00c3O TEMOS O QUE TEMER\u201d - Blog do Farn\u00e9sio","isPartOf":{"@id":"https:\/\/blogdofarnesio.com.br\/#website"},"primaryImageOfPage":{"@id":"https:\/\/blogdofarnesio.com.br\/?p=53167#primaryimage"},"image":{"@id":"https:\/\/blogdofarnesio.com.br\/?p=53167#primaryimage"},"thumbnailUrl":"http:\/\/www.quersaberpolitica.com.br\/2016\/wp-content\/uploads\/2013\/03\/blogqsp.elismarg-300x137.jpg","datePublished":"2013-08-14T19:21:11+00:00","breadcrumb":{"@id":"https:\/\/blogdofarnesio.com.br\/?p=53167#breadcrumb"},"inLanguage":"pt-BR","potentialAction":[{"@type":"ReadAction","target":["https:\/\/blogdofarnesio.com.br\/?p=53167"]}]},{"@type":"ImageObject","inLanguage":"pt-BR","@id":"https:\/\/blogdofarnesio.com.br\/?p=53167#primaryimage","url":"http:\/\/www.quersaberpolitica.com.br\/2016\/wp-content\/uploads\/2013\/03\/blogqsp.elismarg-300x137.jpg","contentUrl":"http:\/\/www.quersaberpolitica.com.br\/2016\/wp-content\/uploads\/2013\/03\/blogqsp.elismarg-300x137.jpg"},{"@type":"BreadcrumbList","@id":"https:\/\/blogdofarnesio.com.br\/?p=53167#breadcrumb","itemListElement":[{"@type":"ListItem","position":1,"name":"In\u00edcio","item":"https:\/\/blogdofarnesio.com.br\/"},{"@type":"ListItem","position":2,"name":"SOBRE CPI DO S\u00c3O JO\u00c3O, L\u00cdDER DA SITUA\u00c7\u00c3O DISPARA: \u201cN\u00c3O TEMOS O QUE TEMER\u201d"}]},{"@type":"WebSite","@id":"https:\/\/blogdofarnesio.com.br\/#website","url":"https:\/\/blogdofarnesio.com.br\/","name":"Blog do Farn\u00e9sio","description":"Quer Saber Pol\u00edtica?","publisher":{"@id":"https:\/\/blogdofarnesio.com.br\/#organization"},"potentialAction":[{"@type":"SearchAction","target":{"@type":"EntryPoint","urlTemplate":"https:\/\/blogdofarnesio.com.br\/?s={search_term_string}"},"query-input":{"@type":"PropertyValueSpecification","valueRequired":true,"valueName":"search_term_string"}}],"inLanguage":"pt-BR"},{"@type":"Organization","@id":"https:\/\/blogdofarnesio.com.br\/#organization","name":"Blog do Farn\u00e9sio","url":"https:\/\/blogdofarnesio.com.br\/","logo":{"@type":"ImageObject","inLanguage":"pt-BR","@id":"https:\/\/blogdofarnesio.com.br\/#\/schema\/logo\/image\/","url":"https:\/\/blogdofarnesio.com.br\/wp-content\/uploads\/2026\/03\/cropped-logo_new-1.png","contentUrl":"https:\/\/blogdofarnesio.com.br\/wp-content\/uploads\/2026\/03\/cropped-logo_new-1.png","width":881,"height":685,"caption":"Blog do Farn\u00e9sio"},"image":{"@id":"https:\/\/blogdofarnesio.com.br\/#\/schema\/logo\/image\/"},"sameAs":["https:\/\/www.facebook.com\/BlogQuerSaberPolitica\/"]},{"@type":"Person","@id":"https:\/\/blogdofarnesio.com.br\/#\/schema\/person\/dd1bf5eba40b687199ba45ca6b97dff9","name":"teste","image":{"@type":"ImageObject","inLanguage":"pt-BR","@id":"https:\/\/secure.gravatar.com\/avatar\/2172498d4914b51e1d89a0f97957b035ac4938723a5cac208135d389b6972a6d?s=96&d=mm&r=g","url":"https:\/\/secure.gravatar.com\/avatar\/2172498d4914b51e1d89a0f97957b035ac4938723a5cac208135d389b6972a6d?s=96&d=mm&r=g","contentUrl":"https:\/\/secure.gravatar.com\/avatar\/2172498d4914b51e1d89a0f97957b035ac4938723a5cac208135d389b6972a6d?s=96&d=mm&r=g","caption":"teste"},"url":"https:\/\/blogdofarnesio.com.br\/?author=3"}]}},"_links":{"self":[{"href":"https:\/\/blogdofarnesio.com.br\/index.php?rest_route=\/wp\/v2\/posts\/53167","targetHints":{"allow":["GET"]}}],"collection":[{"href":"https:\/\/blogdofarnesio.com.br\/index.php?rest_route=\/wp\/v2\/posts"}],"about":[{"href":"https:\/\/blogdofarnesio.com.br\/index.php?rest_route=\/wp\/v2\/types\/post"}],"author":[{"embeddable":true,"href":"https:\/\/blogdofarnesio.com.br\/index.php?rest_route=\/wp\/v2\/users\/3"}],"replies":[{"embeddable":true,"href":"https:\/\/blogdofarnesio.com.br\/index.php?rest_route=%2Fwp%2Fv2%2Fcomments&post=53167"}],"version-history":[{"count":0,"href":"https:\/\/blogdofarnesio.com.br\/index.php?rest_route=\/wp\/v2\/posts\/53167\/revisions"}],"wp:attachment":[{"href":"https:\/\/blogdofarnesio.com.br\/index.php?rest_route=%2Fwp%2Fv2%2Fmedia&parent=53167"}],"wp:term":[{"taxonomy":"category","embeddable":true,"href":"https:\/\/blogdofarnesio.com.br\/index.php?rest_route=%2Fwp%2Fv2%2Fcategories&post=53167"},{"taxonomy":"post_tag","embeddable":true,"href":"https:\/\/blogdofarnesio.com.br\/index.php?rest_route=%2Fwp%2Fv2%2Ftags&post=53167"}],"curies":[{"name":"wp","href":"https:\/\/api.w.org\/{rel}","templated":true}]}}