{"id":51735,"date":"2013-08-04T08:01:32","date_gmt":"2013-08-04T11:01:32","guid":{"rendered":"http:\/\/www.quersaberpolitica.com.br\/?p=51735"},"modified":"2013-08-03T15:10:00","modified_gmt":"2013-08-03T18:10:00","slug":"estuprador-com-ficha-criminal-de-mais-de-um-metro-pode-estar-escondido-em-juazeiro","status":"publish","type":"post","link":"https:\/\/blogdofarnesio.com.br\/?p=51735","title":{"rendered":"ESTUPRADOR COM FICHA CRIMINAL DE MAIS DE UM METRO, PODE ESTAR ESCONDIDO EM JUAZEIRO"},"content":{"rendered":"<h3><a href=\"http:\/\/4.bp.blogspot.com\/-SbgCgERmQIU\/Ucd_vsMFKDI\/AAAAAAAAB98\/kU2uhpv9_-0\/s1600\/CAM00010_1.jpg\"><img loading=\"lazy\" decoding=\"async\" class=\"alignleft\" alt=\"\" src=\"http:\/\/4.bp.blogspot.com\/-SbgCgERmQIU\/Ucd_vsMFKDI\/AAAAAAAAB98\/kU2uhpv9_-0\/s400\/CAM00010_1.jpg\" width=\"286\" height=\"400\" border=\"0\" \/><\/a><\/h3>\n<div id=\"post-body-710831683434103192\">\n<div style=\"text-align: justify\">Mais uma jovem foi vitima de abuso sexual em Lagoa Grande. Nesta sexta por volta de uma hora da madrugada, o meliante conhecido como\u00a0<b>Alb\u00e9rio do Vale Maciel<\/b>\u00a0(FOTO), de aproximadamente 28 anos abusou de uma jovem de 21 anos, no Bairro da Estatua estando foragido juntamente com sua esposa e dois filhos, com fortes suspeitas de estar escondido em Juazeiro.<\/div>\n<div style=\"text-align: justify\"><\/div>\n<div style=\"text-align: justify\">O foragido tamb\u00e9m possui outros documentos no qual se apresenta com Agamenon do Vale Maciel, segundo informa\u00e7\u00f5es esse seria o verdadeiro nome, mais depende \u00a0de no ato da pris\u00e3o saber qual o documento ele esteja portando. \u00a0Impossibilitado de volta a sua terra natal, ele deve estar escondido em Juazeiro, segundo informa\u00e7\u00f5es da pol\u00edcia, j\u00e1 que seu pai reside na cidade. Segundo informa\u00e7\u00e3o o\u00a0mesmo emp\u00f3s\u00a0fuga\u00a0na sua pr\u00f3pria moto.<\/div>\n<div><\/div>\n<div style=\"text-align: justify\">O meliante que responde processo na 1\u00aa Vara Criminal em Euclides da Cunha &#8211; BA desde 2003, (n\u00fameros: 0000.402947-6\/0020.04, 2004004029476_SAIPRO), por SEQUESTRO E C\u00c1RCERE PRIVADO e que tem mandato de apreens\u00e3o expedido pela comarca da cidade para os Estados de S\u00e3o Paulo, Rio de Janeiro e todo o Estado da Bahia.<\/div>\n<div align=\"JUSTIFY\">Com uma ficha corrida extensa ele responde por outros crimes. Veja detalhes do Processo:<!--more--><\/p>\n<table border=\"0\" cellspacing=\"0\" cellpadding=\"0\">\n<tbody>\n<tr valign=\"top\">\n<td valign=\"top\" nowrap=\"nowrap\" height=\"21\"><b>Dados para Pesquisa<\/b><\/td>\n<td valign=\"top\" width=\"90%\"><\/td>\n<\/tr>\n<\/tbody>\n<\/table>\n<table id=\"secaoFormConsulta\" border=\"0\" cellspacing=\"0\" cellpadding=\"2\">\n<tbody>\n<tr>\n<td id=\"\" valign=\"\" width=\"150\">\n<div>Foro:<\/div>\n<\/td>\n<td valign=\"\"><\/td>\n<\/tr>\n<tr>\n<td id=\"\" valign=\"\" width=\"150\">\n<div>Pesquisar por:<\/div>\n<\/td>\n<td valign=\"\">\n<table width=\"\" border=\"0\" cellspacing=\"0\" cellpadding=\"0\">\n<tbody>\n<tr>\n<td><\/td>\n<\/tr>\n<\/tbody>\n<\/table>\n<\/td>\n<\/tr>\n<tr id=\"NMPARTE\">\n<td id=\"\" valign=\"\" width=\"150\">\n<div>Nome da parte:<\/div>\n<\/td>\n<td valign=\"\">\n<table width=\"\" border=\"0\" cellspacing=\"0\" cellpadding=\"0\">\n<tbody>\n<tr>\n<td>\u00a0\u00a0<label>Pesquisar por nome completo<\/label><\/td>\n<\/tr>\n<\/tbody>\n<\/table>\n<\/td>\n<\/tr>\n<\/tbody>\n<\/table>\n<table id=\"\" border=\"0\" cellspacing=\"0\" cellpadding=\"2\">\n<tbody>\n<tr>\n<td width=\"150\"><\/td>\n<td align=\"\"><\/td>\n<\/tr>\n<\/tbody>\n<\/table>\n<table border=\"0\" cellspacing=\"0\" cellpadding=\"0\">\n<tbody>\n<tr valign=\"top\">\n<td valign=\"top\" nowrap=\"nowrap\" height=\"21\"><b>Dados do Processo<\/b><\/td>\n<td valign=\"top\" width=\"90%\"><\/td>\n<\/tr>\n<\/tbody>\n<\/table>\n<table id=\"\" border=\"0\" cellspacing=\"0\" cellpadding=\"2\">\n<tbody>\n<tr>\n<td id=\"\" valign=\"\" width=\"150\">\n<div>Processo:<\/div>\n<\/td>\n<td valign=\"\">\n<table width=\"\" border=\"0\" cellspacing=\"0\" cellpadding=\"0\">\n<tbody>\n<tr>\n<td>0000751-30.2003.8.05.0078<\/td>\n<\/tr>\n<\/tbody>\n<\/table>\n<\/td>\n<\/tr>\n<tr>\n<td id=\"\" valign=\"\" width=\"150\">\n<div>Classe:<\/div>\n<\/td>\n<td valign=\"\">\n<table width=\"\" border=\"0\" cellspacing=\"0\" cellpadding=\"0\">\n<tbody>\n<tr>\n<td>Sequestro e carcere privado<\/td>\n<\/tr>\n<\/tbody>\n<\/table>\n<\/td>\n<\/tr>\n<tr>\n<td id=\"\" valign=\"\" width=\"150\"><\/td>\n<td valign=\"\">\n<table width=\"\" border=\"0\" cellspacing=\"0\" cellpadding=\"0\">\n<tbody>\n<tr>\n<td>\u00c1rea:\u00a0Criminal<\/td>\n<\/tr>\n<\/tbody>\n<\/table>\n<\/td>\n<\/tr>\n<tr>\n<td id=\"\" valign=\"\" width=\"150\">\n<div>Local F\u00edsico:<\/div>\n<\/td>\n<td valign=\"\">07\/05\/2013 12:57 &#8211; Cart\u00f3rio &#8211; 1-I<\/td>\n<\/tr>\n<tr>\n<td id=\"\" valign=\"\" width=\"150\">\n<div>Distribui\u00e7\u00e3o:<\/div>\n<\/td>\n<td valign=\"\">Sorteio &#8211; 22\/10\/2003 \u00e0s 00:00<\/td>\n<\/tr>\n<tr>\n<td id=\"\" valign=\"\" width=\"150\"><\/td>\n<td valign=\"\">1\u00aa Vara Criminal &#8211; Euclides da Cunha<\/td>\n<\/tr>\n<tr>\n<td id=\"\" valign=\"\" width=\"150\">\n<div>Outros n\u00fameros:<\/div>\n<\/td>\n<td valign=\"\">0000.402947-6\/0020.04, 2004004029476_SAIPRO<\/td>\n<\/tr>\n<\/tbody>\n<\/table>\n<div>\n<table border=\"0\" cellspacing=\"0\" cellpadding=\"0\">\n<tbody>\n<tr valign=\"top\">\n<td valign=\"top\" nowrap=\"nowrap\" height=\"21\"><b>Partes do Processo<\/b><\/td>\n<td valign=\"top\" width=\"90%\"><\/td>\n<\/tr>\n<\/tbody>\n<\/table>\n<\/div>\n<table id=\"tablePartesPrincipais\" border=\"0\" cellspacing=\"0\" cellpadding=\"0\" align=\"center\">\n<tbody>\n<tr>\n<td align=\"right\" valign=\"top\" width=\"141\">Autor:<\/td>\n<td align=\"left\" width=\"*\">&#8216;Minist\u00e9rio P\u00fablico do Estado da Bahia<\/td>\n<\/tr>\n<tr>\n<td align=\"right\" valign=\"top\" width=\"141\">R\u00e9u:<\/td>\n<td align=\"left\" width=\"*\">Alb\u00e9rio do Vale Maciel<br \/>\nAdvogado:\u00a0ALEXANDRE COSTA DE QUEIROZ<\/td>\n<\/tr>\n<tr>\n<td align=\"right\" valign=\"top\" width=\"141\">V\u00edtima:<\/td>\n<td align=\"left\" width=\"*\">C. R. da S.<\/td>\n<\/tr>\n<\/tbody>\n<\/table>\n<div>\n<div id=\"divLinksTituloBlocoMovimentacoes\">Exibindo todas as movimenta\u00e7\u00f5es.\u00a0\u00a0\u00a0<a id=\"linkmovimentacoes\" href=\"http:\/\/esaj.tjba.jus.br\/cpopg\/show.do?processo.codigo=26Z0300KV0000&amp;processo.foro=78#\">&gt;&gt;Listar somente as 5 \u00faltimas.<\/a><\/div>\n<table border=\"0\" cellspacing=\"0\" cellpadding=\"0\">\n<tbody>\n<tr valign=\"top\">\n<td valign=\"top\" nowrap=\"nowrap\" height=\"21\">Movimenta\u00e7\u00f5es<\/td>\n<td valign=\"top\" width=\"90%\"><img loading=\"lazy\" decoding=\"async\" alt=\"\" src=\"http:\/\/esaj.tjba.jus.br\/cpopg\/imagens\/spw\/final_subtitulo.gif\" width=\"16\" height=\"20\" \/><\/td>\n<\/tr>\n<\/tbody>\n<\/table>\n<\/div>\n<table border=\"0\" cellspacing=\"0\" cellpadding=\"0\" align=\"center\">\n<tbody>\n<tr>\n<td width=\"120\">Data<\/td>\n<td valign=\"middle\" width=\"20\"><\/td>\n<td valign=\"middle\">Movimento<\/td>\n<\/tr>\n<tr>\n<td><\/td>\n<td><\/td>\n<td><\/td>\n<\/tr>\n<\/tbody>\n<\/table>\n<table id=\"tabelaTodasMovimentacoes\" border=\"0\" cellspacing=\"0\" cellpadding=\"0\" align=\"center\">\n<tbody>\n<tr>\n<td width=\"120\">09\/10\/2009<\/td>\n<td valign=\"top\" width=\"20\"><\/td>\n<td>Expedi\u00e7\u00e3o de documento\u00a0TIPO DE DOCUMENTO: OFICIO Observa\u00e7\u00e3o: of n\u00ba 1197\/2009, POLINTER da Bahia, encaminhando mandado de captura Usu\u00e1rio: MSMSILVA<\/td>\n<\/tr>\n<tr>\n<td width=\"120\">09\/10\/2009<\/td>\n<td valign=\"top\" width=\"20\"><\/td>\n<td>Expedi\u00e7\u00e3o de documento\u00a0TIPO DE DOCUMENTO: OFICIO Observa\u00e7\u00e3o: POLINTER S\u00c3O PAULO\/SP &#8211; encaminha mandado de captura (of 1195\/09) Usu\u00e1rio: EARAO<\/td>\n<\/tr>\n<tr>\n<td width=\"120\">09\/10\/2009<\/td>\n<td valign=\"top\" width=\"20\"><\/td>\n<td>Expedi\u00e7\u00e3o de documento\u00a0TIPO DE DOCUMENTO: OFICIO Observa\u00e7\u00e3o: POLINTER Rio de Janeiro encaminha mandado de captura (of 1196\/09) Usu\u00e1rio: EARAO<\/td>\n<\/tr>\n<tr>\n<td width=\"120\">09\/10\/2009<\/td>\n<td valign=\"top\" width=\"20\"><\/td>\n<td>Expedi\u00e7\u00e3o de documento\u00a0TIPO DE DOCUMENTO: OFICIO Observa\u00e7\u00e3o: Delegado de Pol\u00edcia Federal SALVADOR\/BA encaminha mandado de captura (of 1193\/09) Usu\u00e1rio: EARAO<\/td>\n<\/tr>\n<tr>\n<td width=\"120\">09\/10\/2009<\/td>\n<td valign=\"top\" width=\"20\"><\/td>\n<td>Expedi\u00e7\u00e3o de documento\u00a0TIPO DE DOCUMENTO: OFICIO Observa\u00e7\u00e3o: DEPOL Canudos\/BA encaminha mandado de captura (of 1192\/09) Usu\u00e1rio: EARAO<\/td>\n<\/tr>\n<tr>\n<td width=\"120\">09\/10\/2009<\/td>\n<td valign=\"top\" width=\"20\"><\/td>\n<td>Expedi\u00e7\u00e3o de documento\u00a0TIPO DE DOCUMENTO: OFICIO Observa\u00e7\u00e3o: DEPOL Quijingue &#8211; encaminha mandado de captura (of 1191\/09) Usu\u00e1rio: EARAO<\/td>\n<\/tr>\n<tr>\n<td width=\"120\">09\/10\/2009<\/td>\n<td valign=\"top\" width=\"20\"><\/td>\n<td>Expedi\u00e7\u00e3o de documento\u00a0TIPO DE DOCUMENTO: OFICIO Observa\u00e7\u00e3o: DEPOL E da CUNHA &#8211; encaminha Mandado de Captura(of 1190\/09) Usu\u00e1rio: EARAO<\/td>\n<\/tr>\n<tr>\n<td width=\"120\">09\/10\/2009<\/td>\n<td valign=\"top\" width=\"20\"><\/td>\n<td>Expedi\u00e7\u00e3o de documento\u00a0TIPO DE DOCUMENTO: MANDADO Observa\u00e7\u00e3o: MANDADO DE CAPTURA Usu\u00e1rio: EARAO<\/td>\n<\/tr>\n<tr>\n<td width=\"120\">18\/09\/2009<\/td>\n<td valign=\"top\" width=\"20\"><\/td>\n<td>Despacho do juiz\u00a0JUIZ: RICARDO JOSE VIEIRA DE SANTANA Observa\u00e7\u00e3o: para cumprir Usu\u00e1rio: MSMSILVA<\/td>\n<\/tr>\n<tr>\n<td width=\"120\">22\/11\/2008<\/td>\n<td valign=\"top\" width=\"20\"><\/td>\n<td>Conclusos\u00a0TIPO DE CONCLUS\u00c3O: PARA DESPACHO\/DECIS\u00c3O Usu\u00e1rio: MSMSILVA<\/td>\n<\/tr>\n<tr>\n<td width=\"120\">21\/11\/2008<\/td>\n<td valign=\"top\" width=\"20\"><\/td>\n<td>Expedi\u00e7\u00e3o de documento\u00a0TIPO DE DOCUMENTO: CERTID\u00c3O Observa\u00e7\u00e3o: Transitada em julgada a senten\u00e7a condenatoria Usu\u00e1rio: MFMSILVA<\/td>\n<\/tr>\n<tr>\n<td width=\"120\">23\/04\/2008<\/td>\n<td valign=\"top\" width=\"20\"><\/td>\n<td>Juntada de documento\u00a0TIPO DE DOCUMENTO: PUBLICA\u00c7\u00c3O NO DI\u00c1RIO OFICIAL Observa\u00e7\u00e3o: c\u00f3pia de edital Usu\u00e1rio: MSMSILVA<\/td>\n<\/tr>\n<tr>\n<td width=\"120\">31\/03\/2008<\/td>\n<td valign=\"top\" width=\"20\"><\/td>\n<td>Of\u00edcio expedido\u00a0Observa\u00e7\u00e3o: encaminha Mandado Captura DELEGADO POLICIA FEDERAL\/BA (of 320\/2008) Usu\u00e1rio: EARAO &lt;SEQMV&gt;1662057&lt;\/SEQMV&gt;<\/td>\n<\/tr>\n<tr>\n<td width=\"120\">31\/03\/2008<\/td>\n<td valign=\"top\" width=\"20\"><\/td>\n<td>Of\u00edcio expedido\u00a0Observa\u00e7\u00e3o: encaminha Mandado Captura DEPOL CANUDOS\/BA (of 319\/2008) Usu\u00e1rio: EARAO &lt;SEQMV&gt;263741&lt;\/SEQMV&gt;<\/td>\n<\/tr>\n<tr>\n<td width=\"120\">31\/03\/2008<\/td>\n<td valign=\"top\" width=\"20\"><\/td>\n<td>Of\u00edcio expedido\u00a0Observa\u00e7\u00e3o: encaminha Mandado Captura DEPOL E DA CUNHA\/BA (of 318\/2008) Usu\u00e1rio: EARAO &lt;SEQMV&gt;627406&lt;\/SEQMV&gt;<\/td>\n<\/tr>\n<tr>\n<td width=\"120\">31\/03\/2008<\/td>\n<td valign=\"top\" width=\"20\"><\/td>\n<td>Of\u00edcio expedido\u00a0Observa\u00e7\u00e3o: encaminha Mandado Captura SSP\/BA (of 317\/2008) Usu\u00e1rio: EARAO &lt;SEQMV&gt;263741&lt;\/SEQMV&gt;<\/td>\n<\/tr>\n<tr>\n<td width=\"120\">31\/03\/2008<\/td>\n<td valign=\"top\" width=\"20\"><\/td>\n<td>Of\u00edcio expedido\u00a0Observa\u00e7\u00e3o: encaminha Mandado Captura DEPOL E da Cunha\/BA (of 316\/2008) Usu\u00e1rio: EARAO &lt;SEQMV&gt;263741&lt;\/SEQMV&gt;<\/td>\n<\/tr>\n<tr>\n<td width=\"120\">31\/03\/2008<\/td>\n<td valign=\"top\" width=\"20\"><\/td>\n<td>Of\u00edcio expedido\u00a0Observa\u00e7\u00e3o: encaminha Mandado Captura POLINTER\/BA (of 315\/2008) Usu\u00e1rio: EARAO &lt;SEQMV&gt;263741&lt;\/SEQMV&gt;<\/td>\n<\/tr>\n<tr>\n<td width=\"120\">31\/03\/2008<\/td>\n<td valign=\"top\" width=\"20\"><\/td>\n<td>Mandado expedido\u00a0Observa\u00e7\u00e3o: de Captura: Usu\u00e1rio: EARAO &lt;SEQMV&gt;554575&lt;\/SEQMV&gt;<\/td>\n<\/tr>\n<tr>\n<td width=\"120\">31\/03\/2008<\/td>\n<td valign=\"top\" width=\"20\"><\/td>\n<td>Of\u00edcio expedido\u00a0Observa\u00e7\u00e3o: encaminha Edital a Corregedoria (of 314\/08) Usu\u00e1rio: EARAO &lt;SEQMV&gt;1229187&lt;\/SEQMV&gt;<\/td>\n<\/tr>\n<tr>\n<td width=\"120\">31\/03\/2008<\/td>\n<td valign=\"top\" width=\"20\"><\/td>\n<td>Edital expedido\u00a0Observa\u00e7\u00e3o: Intimacao do reu (ciente senten\u00e7a) Usu\u00e1rio: EARAO &lt;SEQMV&gt;1229143&lt;\/SEQMV&gt;<\/td>\n<\/tr>\n<tr>\n<td width=\"120\">25\/03\/2008<\/td>\n<td valign=\"top\" width=\"20\"><\/td>\n<td>Autos devolvidos ao cart\u00f3rio\u00a0Usu\u00e1rio: MSMSILVA<\/td>\n<\/tr>\n<tr>\n<td width=\"120\">14\/03\/2008<\/td>\n<td valign=\"top\" width=\"20\"><\/td>\n<td>Autos conclusos\u00a0Usu\u00e1rio: MSMSILVA<\/td>\n<\/tr>\n<tr>\n<td width=\"120\">13\/03\/2008<\/td>\n<td valign=\"top\" width=\"20\"><\/td>\n<td>Autos devolvidos ao cart\u00f3rio\u00a0Usu\u00e1rio: MSMSILVA<\/td>\n<\/tr>\n<tr>\n<td width=\"120\">11\/03\/2008<\/td>\n<td valign=\"top\" width=\"20\"><\/td>\n<td>Autos vista minist\u00e9rio p\u00fablico\u00a0Usu\u00e1rio: MSMSILVA<\/td>\n<\/tr>\n<tr>\n<td width=\"120\">05\/03\/2008<\/td>\n<td valign=\"top\" width=\"20\"><\/td>\n<td>Autos devolvidos ao cart\u00f3rio\u00a0Usu\u00e1rio: MSMSILVA<\/td>\n<\/tr>\n<tr>\n<td width=\"120\">20\/11\/2007<\/td>\n<td valign=\"top\" width=\"20\"><\/td>\n<td>Autos conclusos\u00a0Usu\u00e1rio: MSMSILVA<\/td>\n<\/tr>\n<tr>\n<td width=\"120\">20\/11\/2007<\/td>\n<td valign=\"top\" width=\"20\"><\/td>\n<td>Carta precat\u00f3ria juntada\u00a0Observa\u00e7\u00e3o: oriunda da Comarca de Canudos-B\u00aa Usu\u00e1rio: MSMSILVA<\/td>\n<\/tr>\n<tr>\n<td width=\"120\">24\/09\/2007<\/td>\n<td valign=\"top\" width=\"20\"><\/td>\n<td>Carta precat\u00f3ria expedida\u00a0Observa\u00e7\u00e3o: A Comarca de Canudos\/BA dando ci\u00eancia o r\u00e9u da senten\u00e7a Usu\u00e1rio: MFMSILVA &lt;SEQMV&gt;1416374&lt;\/SEQMV&gt;<\/td>\n<\/tr>\n<tr>\n<td width=\"120\">05\/09\/2007<\/td>\n<td valign=\"top\" width=\"20\"><\/td>\n<td>Despacho do juiz\u00a0JUIZ: MARINEIS FREITAS CERQUEIRA Observa\u00e7\u00e3o: cumprir despacho da Juiza Usu\u00e1rio: MSMSILVA<\/td>\n<\/tr>\n<tr>\n<td width=\"120\">04\/09\/2007<\/td>\n<td valign=\"top\" width=\"20\"><\/td>\n<td>Autos conclusos\u00a0Observa\u00e7\u00e3o: em,05\/09\/2007,devolvido ao Cart\u00f3rio Usu\u00e1rio: MSMSILVA<\/td>\n<\/tr>\n<tr>\n<td width=\"120\">30\/08\/2007<\/td>\n<td valign=\"top\" width=\"20\"><\/td>\n<td>Mandado juntado\u00a0Usu\u00e1rio: MSMSILVA<\/td>\n<\/tr>\n<tr>\n<td width=\"120\">24\/07\/2007<\/td>\n<td valign=\"top\" width=\"20\"><\/td>\n<td>Mandado expedido\u00a0Observa\u00e7\u00e3o: Intima\u00e7\u00e3o do r\u00e9u para ciente da senten\u00e7a Usu\u00e1rio: MFMSILVA &lt;SEQMV&gt;1312963&lt;\/SEQMV&gt;<\/td>\n<\/tr>\n<tr>\n<td width=\"120\">23\/07\/2007<\/td>\n<td valign=\"top\" width=\"20\"><\/td>\n<td>Despacho do juiz\u00a0JUIZ: MARINEIS FREITAS CERQUEIRA Observa\u00e7\u00e3o: cumprir despacho da Juiza Usu\u00e1rio: MSMSILVA<\/td>\n<\/tr>\n<tr>\n<td width=\"120\">23\/07\/2007<\/td>\n<td valign=\"top\" width=\"20\"><\/td>\n<td>Autos devolvidos ao cart\u00f3rio\u00a0Usu\u00e1rio: MSMSILVA<\/td>\n<\/tr>\n<tr>\n<td width=\"120\">17\/07\/2007<\/td>\n<td valign=\"top\" width=\"20\"><\/td>\n<td>Autos conclusos\u00a0Usu\u00e1rio: MSMSILVA<\/td>\n<\/tr>\n<tr>\n<td width=\"120\">17\/07\/2007<\/td>\n<td valign=\"top\" width=\"20\"><\/td>\n<td>Certid\u00e3o\u00a0Observa\u00e7\u00e3o: Cumprindo despacho judicial Usu\u00e1rio: MFMSILVA &lt;SEQMV&gt;442822&lt;\/SEQMV&gt;<\/td>\n<\/tr>\n<tr>\n<td width=\"120\">13\/07\/2007<\/td>\n<td valign=\"top\" width=\"20\"><\/td>\n<td>Despacho do juiz\u00a0JUIZ: MARINEIS FREITAS CERQUEIRA Observa\u00e7\u00e3o: cumprir despacho da Juiza Usu\u00e1rio: MSMSILVA<\/td>\n<\/tr>\n<tr>\n<td width=\"120\">13\/07\/2007<\/td>\n<td valign=\"top\" width=\"20\"><\/td>\n<td>Autos devolvidos ao cart\u00f3rio\u00a0Usu\u00e1rio: MSMSILVA<\/td>\n<\/tr>\n<tr>\n<td width=\"120\">06\/07\/2007<\/td>\n<td valign=\"top\" width=\"20\"><\/td>\n<td>Autos conclusos\u00a0Usu\u00e1rio: MSMSILVA<\/td>\n<\/tr>\n<tr>\n<td width=\"120\">05\/07\/2007<\/td>\n<td valign=\"top\" width=\"20\"><\/td>\n<td>Juntada\u00a0Observa\u00e7\u00e3o: c\u00f3pia de Edital Usu\u00e1rio: MSMSILVA<\/td>\n<\/tr>\n<tr>\n<td width=\"120\">29\/05\/2007<\/td>\n<td valign=\"top\" width=\"20\"><\/td>\n<td>Of\u00edcio expedido\u00a0Observa\u00e7\u00e3o: of n\u00ba894\/2007,Se\u00e7\u00e3o de Expedi\u00e7\u00e3o e Publica\u00e7\u00e3o da Corregedoria para publicar edital intimando R\u00e9u da senten\u00e7a Usu\u00e1rio: MSMSILVA<\/td>\n<\/tr>\n<tr>\n<td width=\"120\">11\/05\/2007<\/td>\n<td valign=\"top\" width=\"20\"><\/td>\n<td>Senten\u00e7a de m\u00e9rito\u00a0JUIZ: ANDRE ANDRADE VIEIRA Observa\u00e7\u00e3o: condenado a pena de 16 (dezesseis)anos de Reclus\u00e3o a ser cumprida em Regime Fechado no Pres\u00eddio Regional de Serrinha-Bahia Usu\u00e1rio: MSMSILVA<\/td>\n<\/tr>\n<tr>\n<td width=\"120\">06\/06\/2006<\/td>\n<td valign=\"top\" width=\"20\"><\/td>\n<td>Autos conclusos para senten\u00e7a\u00a0Usu\u00e1rio: MSMSILVA<\/td>\n<\/tr>\n<tr>\n<td width=\"120\">30\/05\/2006<\/td>\n<td valign=\"top\" width=\"20\"><\/td>\n<td>Declarac\u00f5es finais prestadas\u00a0Usu\u00e1rio: MSMSILVA<\/td>\n<\/tr>\n<tr>\n<td width=\"120\">11\/05\/2006<\/td>\n<td valign=\"top\" width=\"20\"><\/td>\n<td>Of\u00edcio expedido\u00a0Observa\u00e7\u00e3o: Of. n\u00ba 957\/06, Nomeando advogado para alega\u00e7\u00f5es finais Usu\u00e1rio: MFMSILVA<\/td>\n<\/tr>\n<tr>\n<td width=\"120\">26\/04\/2006<\/td>\n<td valign=\"top\" width=\"20\"><\/td>\n<td>Autos devolvidos ao cart\u00f3rio\u00a0Observa\u00e7\u00e3o: para cumprir despacho da Juiza Usu\u00e1rio: MSMSILVA<\/td>\n<\/tr>\n<tr>\n<td width=\"120\">26\/04\/2006<\/td>\n<td valign=\"top\" width=\"20\"><\/td>\n<td>Autos conclusos\u00a0Usu\u00e1rio: MSMSILVA<\/td>\n<\/tr>\n<tr>\n<td width=\"120\">19\/04\/2006<\/td>\n<td valign=\"top\" width=\"20\"><\/td>\n<td>Juntada\u00a0Observa\u00e7\u00e3o: peti\u00e7\u00e3o advogada- Ren\u00fancia Usu\u00e1rio: MSMSILVA<\/td>\n<\/tr>\n<tr>\n<td width=\"120\">10\/04\/2006<\/td>\n<td valign=\"top\" width=\"20\"><\/td>\n<td>Autos vista defensor\u00a0Observa\u00e7\u00e3o: of n\u00ba 680\/2006 Usu\u00e1rio: MSMSILVA<\/td>\n<\/tr>\n<tr>\n<td width=\"120\">29\/03\/2006<\/td>\n<td valign=\"top\" width=\"20\"><\/td>\n<td>Autos conclusos\u00a0Observa\u00e7\u00e3o: em,10\/04\/2006,devolvido ao Cart\u00f3rio Usu\u00e1rio: MSMSILVA<\/td>\n<\/tr>\n<tr>\n<td width=\"120\">29\/03\/2006<\/td>\n<td valign=\"top\" width=\"20\"><\/td>\n<td>Juntada\u00a0Observa\u00e7\u00e3o: certid\u00e3o do Cart\u00f3rio Usu\u00e1rio: MSMSILVA<\/td>\n<\/tr>\n<tr>\n<td width=\"120\">06\/02\/2006<\/td>\n<td valign=\"top\" width=\"20\"><\/td>\n<td>Of\u00edcio expedido\u00a0Observa\u00e7\u00e3o: Of. n\u00ba 140\/06, nomeando Dr. Abra\u00e2o Albuquerque, para apresentar alega\u00e7\u00f5es Usu\u00e1rio: MFMSILVA<\/td>\n<\/tr>\n<tr>\n<td width=\"120\">02\/02\/2006<\/td>\n<td valign=\"top\" width=\"20\"><\/td>\n<td>Autos conclusos\u00a0Observa\u00e7\u00e3o: Em 02\/02\/2006, devolvida ao cartorio para reiterar oficio Usu\u00e1rio: MFMSILVA<\/td>\n<\/tr>\n<tr>\n<td width=\"120\">27\/07\/2005<\/td>\n<td valign=\"top\" width=\"20\"><\/td>\n<td>Autos vista defensor\u00a0Usu\u00e1rio: MSMSILVA<\/td>\n<\/tr>\n<tr>\n<td width=\"120\">25\/07\/2005<\/td>\n<td valign=\"top\" width=\"20\"><\/td>\n<td>Autos conclusos\u00a0Observa\u00e7\u00e3o: em 25 de julho de 2005, devolvido ao Cart\u00f3rio Usu\u00e1rio: MSMSILVA<\/td>\n<\/tr>\n<tr>\n<td width=\"120\">14\/06\/2005<\/td>\n<td valign=\"top\" width=\"20\"><\/td>\n<td>Autos vista defensor\u00a0Usu\u00e1rio: MSMSILVA<\/td>\n<\/tr>\n<tr>\n<td width=\"120\">07\/06\/2005<\/td>\n<td valign=\"top\" width=\"20\"><\/td>\n<td>Autos vista minist\u00e9rio p\u00fablico\u00a0Observa\u00e7\u00e3o: devolvido ao Cart\u00f3rio, em 14\/06\/05 Usu\u00e1rio: MSMSILVA<\/td>\n<\/tr>\n<tr>\n<td width=\"120\">06\/06\/2005<\/td>\n<td valign=\"top\" width=\"20\"><\/td>\n<td>Autos conclusos\u00a0Observa\u00e7\u00e3o: em,06\/06\/2005, devolvido ao Cart\u00f3rio Usu\u00e1rio: MSMSILVA<\/td>\n<\/tr>\n<tr>\n<td width=\"120\">23\/05\/2005<\/td>\n<td valign=\"top\" width=\"20\"><\/td>\n<td>Of\u00edcio juntada\u00a0Observa\u00e7\u00e3o: oficio oriundo da delegacia de policia local of. n\u00ba 260\/2005, antecedentes criminais Usu\u00e1rio: MSMSILVA<\/td>\n<\/tr>\n<tr>\n<td width=\"120\">12\/04\/2005<\/td>\n<td valign=\"top\" width=\"20\"><\/td>\n<td>Autos vista defensor\u00a0Observa\u00e7\u00e3o: fins art. 499 Usu\u00e1rio: MSMSILVA<\/td>\n<\/tr>\n<tr>\n<td width=\"120\">07\/04\/2005<\/td>\n<td valign=\"top\" width=\"20\"><\/td>\n<td>Autos vista minist\u00e9rio p\u00fablico\u00a0Observa\u00e7\u00e3o: Devolvido ao cart\u00f3rio em 11\/04\/2005 Usu\u00e1rio: MSMSILVA<\/td>\n<\/tr>\n<tr>\n<td width=\"120\">28\/03\/2005<\/td>\n<td valign=\"top\" width=\"20\"><\/td>\n<td>Autos conclusos\u00a0Observa\u00e7\u00e3o: em, 07\/04\/2005, devolvido ao Cart\u00f3rio Usu\u00e1rio: MSMSILVA<\/td>\n<\/tr>\n<tr>\n<td width=\"120\">28\/03\/2005<\/td>\n<td valign=\"top\" width=\"20\"><\/td>\n<td>Carta precat\u00f3ria juntada\u00a0Observa\u00e7\u00e3o: oriunda da Comarca de Canudos-Bahia Usu\u00e1rio: MSMSILVA<\/td>\n<\/tr>\n<tr>\n<td width=\"120\">09\/03\/2005<\/td>\n<td valign=\"top\" width=\"20\"><\/td>\n<td>Of\u00edcio expedido\u00a0Observa\u00e7\u00e3o: para comarca de Canudos -Oficio n\u00ba 190\/2005 Usu\u00e1rio: MSMSILVA<\/td>\n<\/tr>\n<tr>\n<td width=\"120\">04\/03\/2005<\/td>\n<td valign=\"top\" width=\"20\"><\/td>\n<td>Autos devolvidos ao cart\u00f3rio\u00a0Observa\u00e7\u00e3o: para cumprir determina\u00e7\u00e3o da Juiza Usu\u00e1rio: MSMSILVA<\/td>\n<\/tr>\n<tr>\n<td width=\"120\">03\/03\/2005<\/td>\n<td valign=\"top\" width=\"20\"><\/td>\n<td>Autos conclusos\u00a0Usu\u00e1rio: MSMSILVA<\/td>\n<\/tr>\n<tr>\n<td width=\"120\">03\/03\/2005<\/td>\n<td valign=\"top\" width=\"20\"><\/td>\n<td>Juntada\u00a0Observa\u00e7\u00e3o: certid\u00e3o do Cart\u00f3rio Usu\u00e1rio: MSMSILVA<\/td>\n<\/tr>\n<tr>\n<td width=\"120\">03\/11\/2004<\/td>\n<td valign=\"top\" width=\"20\"><\/td>\n<td>Of\u00edcio expedido\u00a0Observa\u00e7\u00e3o: Comarca de Canudos solicitado devolu\u00e7\u00e3o de Carta Precat\u00f3ria Usu\u00e1rio: MSMSILVA<\/td>\n<\/tr>\n<tr>\n<td width=\"120\">28\/10\/2004<\/td>\n<td valign=\"top\" width=\"20\"><\/td>\n<td>Autos devolvidos ao cart\u00f3rio\u00a0Observa\u00e7\u00e3o: para cumprir determina\u00e7\u00e3o da Juiza Usu\u00e1rio: MSMSILVA<\/td>\n<\/tr>\n<tr>\n<td width=\"120\">28\/10\/2004<\/td>\n<td valign=\"top\" width=\"20\"><\/td>\n<td>Autos conclusos\u00a0Usu\u00e1rio: EARAO<\/td>\n<\/tr>\n<tr>\n<td width=\"120\">20\/10\/2004<\/td>\n<td valign=\"top\" width=\"20\"><\/td>\n<td>Autos vista minist\u00e9rio p\u00fablico\u00a0Observa\u00e7\u00e3o: devolvido ao Cart\u00f3rio em 27\/10\/2004 Usu\u00e1rio: MSMSILVA<\/td>\n<\/tr>\n<tr>\n<td width=\"120\">07\/06\/2004<\/td>\n<td valign=\"top\" width=\"20\"><\/td>\n<td>Aguardando devolu\u00e7\u00e3o de precat\u00f3ria\u00a0Observa\u00e7\u00e3o: Exp em 25\/02\/2004 &#8211; Comarca Canudos\/BA fin: Inq test defesa pr\u00e9via Usu\u00e1rio: EARAO<\/td>\n<\/tr>\n<tr>\n<td width=\"120\">23\/04\/2004<\/td>\n<td valign=\"top\" width=\"20\"><\/td>\n<td>Oferecimento de den\u00fancia\u00a0NOME DO PROMOTOR: DAVI GALLO BAROUH Observa\u00e7\u00e3o: EM 21\/10\/2003 Usu\u00e1rio: EARAO<\/td>\n<\/tr>\n<tr>\n<td width=\"120\">22\/10\/2003<\/td>\n<td valign=\"top\" width=\"20\"><\/td>\n<td>Processo autuado\u00a0Usu\u00e1rio: EARAO<\/td>\n<\/tr>\n<tr>\n<td width=\"120\">22\/10\/2003<\/td>\n<td valign=\"top\" width=\"20\"><\/td>\n<td>Processo distribu\u00eddo manualmente\u00a0VARA: VARA CRIMINAL Usu\u00e1rio: EARAO<\/td>\n<\/tr>\n<\/tbody>\n<\/table>\n<div>\n<table border=\"0\" cellspacing=\"0\" cellpadding=\"0\">\n<tbody>\n<tr valign=\"top\">\n<td valign=\"top\" nowrap=\"nowrap\" height=\"21\">Peti\u00e7\u00f5es diversas<\/td>\n<td valign=\"top\" width=\"90%\"><\/td>\n<\/tr>\n<\/tbody>\n<\/table>\n<\/div>\n<table border=\"0\" cellspacing=\"0\" cellpadding=\"1\" align=\"center\">\n<tbody>\n<tr>\n<td colspan=\"2\" align=\"left\">N\u00e3o h\u00e1 peti\u00e7\u00f5es diversas vinculadas a este processo.<\/td>\n<\/tr>\n<\/tbody>\n<\/table>\n<div>\n<table border=\"0\" cellspacing=\"0\" cellpadding=\"0\">\n<tbody>\n<tr valign=\"top\">\n<td valign=\"top\" nowrap=\"nowrap\" height=\"21\">Incidentes, a\u00e7\u00f5es incidentais, recursos e execu\u00e7\u00f5es de senten\u00e7as<\/td>\n<td valign=\"top\" width=\"90%\"><\/td>\n<\/tr>\n<\/tbody>\n<\/table>\n<\/div>\n<table border=\"0\" cellspacing=\"0\" cellpadding=\"1\" align=\"center\">\n<tbody>\n<tr>\n<td colspan=\"3\" align=\"left\">N\u00e3o h\u00e1 incidentes, a\u00e7\u00f5es incidentais, recursos ou execu\u00e7\u00f5es de senten\u00e7as vinculados a este processo.<\/td>\n<\/tr>\n<\/tbody>\n<\/table>\n<div>\n<table border=\"0\" cellspacing=\"0\" cellpadding=\"0\">\n<tbody>\n<tr valign=\"top\">\n<td valign=\"top\" nowrap=\"nowrap\" height=\"21\">Audi\u00eancias<\/td>\n<td valign=\"top\" width=\"90%\"><\/td>\n<\/tr>\n<\/tbody>\n<\/table>\n<\/div>\n<p>N\u00e3o h\u00e1 Audi\u00eancias futuras vinculadas a este processo.<\/p>\n<\/div>\n<div align=\"JUSTIFY\"><\/div>\n<div align=\"JUSTIFY\">Fonte: Blogdaregi\u00e3o\/\u00a0<a href=\"http:\/\/www2.tjba.jus.br\/consultaprocessual\/primeirograu\/numero.wsp\">http:\/\/www2.tjba.jus.br\/consultaprocessual\/primeirograu\/numero.<\/a><\/div>\n<\/div>\n","protected":false},"excerpt":{"rendered":"<p>Mais uma jovem foi vitima de abuso sexual em Lagoa Grande. Nesta sexta por volta de uma hora da madrugada, o meliante conhecido como\u00a0Alb\u00e9rio do Vale Maciel\u00a0(FOTO), de aproximadamente 28 anos abusou de uma jovem de 21 anos, no Bairro da Estatua estando foragido juntamente com sua esposa e dois filhos, com fortes suspeitas de estar escondido em Juazeiro. O foragido tamb\u00e9m possui outros documentos no qual se apresenta com Agamenon do Vale Maciel, segundo informa\u00e7\u00f5es esse seria o verdadeiro nome, mais depende \u00a0de no ato da pris\u00e3o saber qual o documento ele esteja portando. \u00a0Impossibilitado de volta a sua terra natal, ele deve estar escondido em Juazeiro, segundo informa\u00e7\u00f5es da pol\u00edcia, j\u00e1 que seu pai reside na cidade. Segundo&hellip; <\/p>\n","protected":false},"author":3,"featured_media":0,"comment_status":"open","ping_status":"open","sticky":false,"template":"","format":"standard","meta":{"_acf_changed":false,"footnotes":""},"categories":[9],"tags":[],"class_list":["post-51735","post","type-post","status-publish","format-standard","hentry","category-policia"],"acf":[],"yoast_head":"<!-- This site is optimized with the Yoast SEO plugin v27.4 - https:\/\/yoast.com\/product\/yoast-seo-wordpress\/ -->\n<title>ESTUPRADOR COM FICHA CRIMINAL DE MAIS DE UM METRO, PODE ESTAR ESCONDIDO EM JUAZEIRO - Blog do Farn\u00e9sio<\/title>\n<meta name=\"robots\" content=\"index, follow, max-snippet:-1, max-image-preview:large, max-video-preview:-1\" \/>\n<link rel=\"canonical\" href=\"https:\/\/blogdofarnesio.com.br\/?p=51735\" \/>\n<meta property=\"og:locale\" content=\"pt_BR\" \/>\n<meta property=\"og:type\" content=\"article\" \/>\n<meta property=\"og:title\" content=\"ESTUPRADOR COM FICHA CRIMINAL DE MAIS DE UM METRO, PODE ESTAR ESCONDIDO EM JUAZEIRO - Blog do Farn\u00e9sio\" \/>\n<meta property=\"og:description\" content=\"Mais uma jovem foi vitima de abuso sexual em Lagoa Grande. Nesta sexta por volta de uma hora da madrugada, o meliante conhecido como\u00a0Alb\u00e9rio do Vale Maciel\u00a0(FOTO), de aproximadamente 28 anos abusou de uma jovem de 21 anos, no Bairro da Estatua estando foragido juntamente com sua esposa e dois filhos, com fortes suspeitas de estar escondido em Juazeiro. O foragido tamb\u00e9m possui outros documentos no qual se apresenta com Agamenon do Vale Maciel, segundo informa\u00e7\u00f5es esse seria o verdadeiro nome, mais depende \u00a0de no ato da pris\u00e3o saber qual o documento ele esteja portando. \u00a0Impossibilitado de volta a sua terra natal, ele deve estar escondido em Juazeiro, segundo informa\u00e7\u00f5es da pol\u00edcia, j\u00e1 que seu pai reside na cidade. Segundo&hellip;\" \/>\n<meta property=\"og:url\" content=\"https:\/\/blogdofarnesio.com.br\/?p=51735\" \/>\n<meta property=\"og:site_name\" content=\"Blog do Farn\u00e9sio\" \/>\n<meta property=\"article:publisher\" content=\"https:\/\/www.facebook.com\/BlogQuerSaberPolitica\/\" \/>\n<meta property=\"article:published_time\" content=\"2013-08-04T11:01:32+00:00\" \/>\n<meta property=\"og:image\" content=\"http:\/\/4.bp.blogspot.com\/-SbgCgERmQIU\/Ucd_vsMFKDI\/AAAAAAAAB98\/kU2uhpv9_-0\/s400\/CAM00010_1.jpg\" \/>\n<meta name=\"author\" content=\"teste\" \/>\n<meta name=\"twitter:card\" content=\"summary_large_image\" \/>\n<meta name=\"twitter:label1\" content=\"Escrito por\" \/>\n\t<meta name=\"twitter:data1\" content=\"teste\" \/>\n\t<meta name=\"twitter:label2\" content=\"Est. tempo de leitura\" \/>\n\t<meta name=\"twitter:data2\" content=\"7 minutos\" \/>\n<script type=\"application\/ld+json\" class=\"yoast-schema-graph\">{\"@context\":\"https:\\\/\\\/schema.org\",\"@graph\":[{\"@type\":\"Article\",\"@id\":\"https:\\\/\\\/blogdofarnesio.com.br\\\/?p=51735#article\",\"isPartOf\":{\"@id\":\"https:\\\/\\\/blogdofarnesio.com.br\\\/?p=51735\"},\"author\":{\"name\":\"teste\",\"@id\":\"https:\\\/\\\/blogdofarnesio.com.br\\\/#\\\/schema\\\/person\\\/dd1bf5eba40b687199ba45ca6b97dff9\"},\"headline\":\"ESTUPRADOR COM FICHA CRIMINAL DE MAIS DE UM METRO, PODE ESTAR ESCONDIDO EM JUAZEIRO\",\"datePublished\":\"2013-08-04T11:01:32+00:00\",\"mainEntityOfPage\":{\"@id\":\"https:\\\/\\\/blogdofarnesio.com.br\\\/?p=51735\"},\"wordCount\":1503,\"commentCount\":0,\"publisher\":{\"@id\":\"https:\\\/\\\/blogdofarnesio.com.br\\\/#organization\"},\"image\":{\"@id\":\"https:\\\/\\\/blogdofarnesio.com.br\\\/?p=51735#primaryimage\"},\"thumbnailUrl\":\"http:\\\/\\\/4.bp.blogspot.com\\\/-SbgCgERmQIU\\\/Ucd_vsMFKDI\\\/AAAAAAAAB98\\\/kU2uhpv9_-0\\\/s400\\\/CAM00010_1.jpg\",\"articleSection\":[\"Pol\u00edcia\"],\"inLanguage\":\"pt-BR\",\"potentialAction\":[{\"@type\":\"CommentAction\",\"name\":\"Comment\",\"target\":[\"https:\\\/\\\/blogdofarnesio.com.br\\\/?p=51735#respond\"]}]},{\"@type\":\"WebPage\",\"@id\":\"https:\\\/\\\/blogdofarnesio.com.br\\\/?p=51735\",\"url\":\"https:\\\/\\\/blogdofarnesio.com.br\\\/?p=51735\",\"name\":\"ESTUPRADOR COM FICHA CRIMINAL DE MAIS DE UM METRO, PODE ESTAR ESCONDIDO EM JUAZEIRO - Blog do Farn\u00e9sio\",\"isPartOf\":{\"@id\":\"https:\\\/\\\/blogdofarnesio.com.br\\\/#website\"},\"primaryImageOfPage\":{\"@id\":\"https:\\\/\\\/blogdofarnesio.com.br\\\/?p=51735#primaryimage\"},\"image\":{\"@id\":\"https:\\\/\\\/blogdofarnesio.com.br\\\/?p=51735#primaryimage\"},\"thumbnailUrl\":\"http:\\\/\\\/4.bp.blogspot.com\\\/-SbgCgERmQIU\\\/Ucd_vsMFKDI\\\/AAAAAAAAB98\\\/kU2uhpv9_-0\\\/s400\\\/CAM00010_1.jpg\",\"datePublished\":\"2013-08-04T11:01:32+00:00\",\"breadcrumb\":{\"@id\":\"https:\\\/\\\/blogdofarnesio.com.br\\\/?p=51735#breadcrumb\"},\"inLanguage\":\"pt-BR\",\"potentialAction\":[{\"@type\":\"ReadAction\",\"target\":[\"https:\\\/\\\/blogdofarnesio.com.br\\\/?p=51735\"]}]},{\"@type\":\"ImageObject\",\"inLanguage\":\"pt-BR\",\"@id\":\"https:\\\/\\\/blogdofarnesio.com.br\\\/?p=51735#primaryimage\",\"url\":\"http:\\\/\\\/4.bp.blogspot.com\\\/-SbgCgERmQIU\\\/Ucd_vsMFKDI\\\/AAAAAAAAB98\\\/kU2uhpv9_-0\\\/s400\\\/CAM00010_1.jpg\",\"contentUrl\":\"http:\\\/\\\/4.bp.blogspot.com\\\/-SbgCgERmQIU\\\/Ucd_vsMFKDI\\\/AAAAAAAAB98\\\/kU2uhpv9_-0\\\/s400\\\/CAM00010_1.jpg\"},{\"@type\":\"BreadcrumbList\",\"@id\":\"https:\\\/\\\/blogdofarnesio.com.br\\\/?p=51735#breadcrumb\",\"itemListElement\":[{\"@type\":\"ListItem\",\"position\":1,\"name\":\"In\u00edcio\",\"item\":\"https:\\\/\\\/blogdofarnesio.com.br\\\/\"},{\"@type\":\"ListItem\",\"position\":2,\"name\":\"ESTUPRADOR COM FICHA CRIMINAL DE MAIS DE UM METRO, PODE ESTAR ESCONDIDO EM JUAZEIRO\"}]},{\"@type\":\"WebSite\",\"@id\":\"https:\\\/\\\/blogdofarnesio.com.br\\\/#website\",\"url\":\"https:\\\/\\\/blogdofarnesio.com.br\\\/\",\"name\":\"Blog do Farn\u00e9sio\",\"description\":\"Quer Saber Pol\u00edtica?\",\"publisher\":{\"@id\":\"https:\\\/\\\/blogdofarnesio.com.br\\\/#organization\"},\"potentialAction\":[{\"@type\":\"SearchAction\",\"target\":{\"@type\":\"EntryPoint\",\"urlTemplate\":\"https:\\\/\\\/blogdofarnesio.com.br\\\/?s={search_term_string}\"},\"query-input\":{\"@type\":\"PropertyValueSpecification\",\"valueRequired\":true,\"valueName\":\"search_term_string\"}}],\"inLanguage\":\"pt-BR\"},{\"@type\":\"Organization\",\"@id\":\"https:\\\/\\\/blogdofarnesio.com.br\\\/#organization\",\"name\":\"Blog do Farn\u00e9sio\",\"url\":\"https:\\\/\\\/blogdofarnesio.com.br\\\/\",\"logo\":{\"@type\":\"ImageObject\",\"inLanguage\":\"pt-BR\",\"@id\":\"https:\\\/\\\/blogdofarnesio.com.br\\\/#\\\/schema\\\/logo\\\/image\\\/\",\"url\":\"https:\\\/\\\/blogdofarnesio.com.br\\\/wp-content\\\/uploads\\\/2026\\\/03\\\/cropped-logo_new-1.png\",\"contentUrl\":\"https:\\\/\\\/blogdofarnesio.com.br\\\/wp-content\\\/uploads\\\/2026\\\/03\\\/cropped-logo_new-1.png\",\"width\":881,\"height\":685,\"caption\":\"Blog do Farn\u00e9sio\"},\"image\":{\"@id\":\"https:\\\/\\\/blogdofarnesio.com.br\\\/#\\\/schema\\\/logo\\\/image\\\/\"},\"sameAs\":[\"https:\\\/\\\/www.facebook.com\\\/BlogQuerSaberPolitica\\\/\"]},{\"@type\":\"Person\",\"@id\":\"https:\\\/\\\/blogdofarnesio.com.br\\\/#\\\/schema\\\/person\\\/dd1bf5eba40b687199ba45ca6b97dff9\",\"name\":\"teste\",\"image\":{\"@type\":\"ImageObject\",\"inLanguage\":\"pt-BR\",\"@id\":\"https:\\\/\\\/secure.gravatar.com\\\/avatar\\\/2172498d4914b51e1d89a0f97957b035ac4938723a5cac208135d389b6972a6d?s=96&d=mm&r=g\",\"url\":\"https:\\\/\\\/secure.gravatar.com\\\/avatar\\\/2172498d4914b51e1d89a0f97957b035ac4938723a5cac208135d389b6972a6d?s=96&d=mm&r=g\",\"contentUrl\":\"https:\\\/\\\/secure.gravatar.com\\\/avatar\\\/2172498d4914b51e1d89a0f97957b035ac4938723a5cac208135d389b6972a6d?s=96&d=mm&r=g\",\"caption\":\"teste\"},\"url\":\"https:\\\/\\\/blogdofarnesio.com.br\\\/?author=3\"}]}<\/script>\n<!-- \/ Yoast SEO plugin. -->","yoast_head_json":{"title":"ESTUPRADOR COM FICHA CRIMINAL DE MAIS DE UM METRO, PODE ESTAR ESCONDIDO EM JUAZEIRO - Blog do Farn\u00e9sio","robots":{"index":"index","follow":"follow","max-snippet":"max-snippet:-1","max-image-preview":"max-image-preview:large","max-video-preview":"max-video-preview:-1"},"canonical":"https:\/\/blogdofarnesio.com.br\/?p=51735","og_locale":"pt_BR","og_type":"article","og_title":"ESTUPRADOR COM FICHA CRIMINAL DE MAIS DE UM METRO, PODE ESTAR ESCONDIDO EM JUAZEIRO - Blog do Farn\u00e9sio","og_description":"Mais uma jovem foi vitima de abuso sexual em Lagoa Grande. Nesta sexta por volta de uma hora da madrugada, o meliante conhecido como\u00a0Alb\u00e9rio do Vale Maciel\u00a0(FOTO), de aproximadamente 28 anos abusou de uma jovem de 21 anos, no Bairro da Estatua estando foragido juntamente com sua esposa e dois filhos, com fortes suspeitas de estar escondido em Juazeiro. O foragido tamb\u00e9m possui outros documentos no qual se apresenta com Agamenon do Vale Maciel, segundo informa\u00e7\u00f5es esse seria o verdadeiro nome, mais depende \u00a0de no ato da pris\u00e3o saber qual o documento ele esteja portando. \u00a0Impossibilitado de volta a sua terra natal, ele deve estar escondido em Juazeiro, segundo informa\u00e7\u00f5es da pol\u00edcia, j\u00e1 que seu pai reside na cidade. Segundo&hellip;","og_url":"https:\/\/blogdofarnesio.com.br\/?p=51735","og_site_name":"Blog do Farn\u00e9sio","article_publisher":"https:\/\/www.facebook.com\/BlogQuerSaberPolitica\/","article_published_time":"2013-08-04T11:01:32+00:00","og_image":[{"url":"http:\/\/4.bp.blogspot.com\/-SbgCgERmQIU\/Ucd_vsMFKDI\/AAAAAAAAB98\/kU2uhpv9_-0\/s400\/CAM00010_1.jpg","type":"","width":"","height":""}],"author":"teste","twitter_card":"summary_large_image","twitter_misc":{"Escrito por":"teste","Est. tempo de leitura":"7 minutos"},"schema":{"@context":"https:\/\/schema.org","@graph":[{"@type":"Article","@id":"https:\/\/blogdofarnesio.com.br\/?p=51735#article","isPartOf":{"@id":"https:\/\/blogdofarnesio.com.br\/?p=51735"},"author":{"name":"teste","@id":"https:\/\/blogdofarnesio.com.br\/#\/schema\/person\/dd1bf5eba40b687199ba45ca6b97dff9"},"headline":"ESTUPRADOR COM FICHA CRIMINAL DE MAIS DE UM METRO, PODE ESTAR ESCONDIDO EM JUAZEIRO","datePublished":"2013-08-04T11:01:32+00:00","mainEntityOfPage":{"@id":"https:\/\/blogdofarnesio.com.br\/?p=51735"},"wordCount":1503,"commentCount":0,"publisher":{"@id":"https:\/\/blogdofarnesio.com.br\/#organization"},"image":{"@id":"https:\/\/blogdofarnesio.com.br\/?p=51735#primaryimage"},"thumbnailUrl":"http:\/\/4.bp.blogspot.com\/-SbgCgERmQIU\/Ucd_vsMFKDI\/AAAAAAAAB98\/kU2uhpv9_-0\/s400\/CAM00010_1.jpg","articleSection":["Pol\u00edcia"],"inLanguage":"pt-BR","potentialAction":[{"@type":"CommentAction","name":"Comment","target":["https:\/\/blogdofarnesio.com.br\/?p=51735#respond"]}]},{"@type":"WebPage","@id":"https:\/\/blogdofarnesio.com.br\/?p=51735","url":"https:\/\/blogdofarnesio.com.br\/?p=51735","name":"ESTUPRADOR COM FICHA CRIMINAL DE MAIS DE UM METRO, PODE ESTAR ESCONDIDO EM JUAZEIRO - Blog do Farn\u00e9sio","isPartOf":{"@id":"https:\/\/blogdofarnesio.com.br\/#website"},"primaryImageOfPage":{"@id":"https:\/\/blogdofarnesio.com.br\/?p=51735#primaryimage"},"image":{"@id":"https:\/\/blogdofarnesio.com.br\/?p=51735#primaryimage"},"thumbnailUrl":"http:\/\/4.bp.blogspot.com\/-SbgCgERmQIU\/Ucd_vsMFKDI\/AAAAAAAAB98\/kU2uhpv9_-0\/s400\/CAM00010_1.jpg","datePublished":"2013-08-04T11:01:32+00:00","breadcrumb":{"@id":"https:\/\/blogdofarnesio.com.br\/?p=51735#breadcrumb"},"inLanguage":"pt-BR","potentialAction":[{"@type":"ReadAction","target":["https:\/\/blogdofarnesio.com.br\/?p=51735"]}]},{"@type":"ImageObject","inLanguage":"pt-BR","@id":"https:\/\/blogdofarnesio.com.br\/?p=51735#primaryimage","url":"http:\/\/4.bp.blogspot.com\/-SbgCgERmQIU\/Ucd_vsMFKDI\/AAAAAAAAB98\/kU2uhpv9_-0\/s400\/CAM00010_1.jpg","contentUrl":"http:\/\/4.bp.blogspot.com\/-SbgCgERmQIU\/Ucd_vsMFKDI\/AAAAAAAAB98\/kU2uhpv9_-0\/s400\/CAM00010_1.jpg"},{"@type":"BreadcrumbList","@id":"https:\/\/blogdofarnesio.com.br\/?p=51735#breadcrumb","itemListElement":[{"@type":"ListItem","position":1,"name":"In\u00edcio","item":"https:\/\/blogdofarnesio.com.br\/"},{"@type":"ListItem","position":2,"name":"ESTUPRADOR COM FICHA CRIMINAL DE MAIS DE UM METRO, PODE ESTAR ESCONDIDO EM JUAZEIRO"}]},{"@type":"WebSite","@id":"https:\/\/blogdofarnesio.com.br\/#website","url":"https:\/\/blogdofarnesio.com.br\/","name":"Blog do Farn\u00e9sio","description":"Quer Saber Pol\u00edtica?","publisher":{"@id":"https:\/\/blogdofarnesio.com.br\/#organization"},"potentialAction":[{"@type":"SearchAction","target":{"@type":"EntryPoint","urlTemplate":"https:\/\/blogdofarnesio.com.br\/?s={search_term_string}"},"query-input":{"@type":"PropertyValueSpecification","valueRequired":true,"valueName":"search_term_string"}}],"inLanguage":"pt-BR"},{"@type":"Organization","@id":"https:\/\/blogdofarnesio.com.br\/#organization","name":"Blog do Farn\u00e9sio","url":"https:\/\/blogdofarnesio.com.br\/","logo":{"@type":"ImageObject","inLanguage":"pt-BR","@id":"https:\/\/blogdofarnesio.com.br\/#\/schema\/logo\/image\/","url":"https:\/\/blogdofarnesio.com.br\/wp-content\/uploads\/2026\/03\/cropped-logo_new-1.png","contentUrl":"https:\/\/blogdofarnesio.com.br\/wp-content\/uploads\/2026\/03\/cropped-logo_new-1.png","width":881,"height":685,"caption":"Blog do Farn\u00e9sio"},"image":{"@id":"https:\/\/blogdofarnesio.com.br\/#\/schema\/logo\/image\/"},"sameAs":["https:\/\/www.facebook.com\/BlogQuerSaberPolitica\/"]},{"@type":"Person","@id":"https:\/\/blogdofarnesio.com.br\/#\/schema\/person\/dd1bf5eba40b687199ba45ca6b97dff9","name":"teste","image":{"@type":"ImageObject","inLanguage":"pt-BR","@id":"https:\/\/secure.gravatar.com\/avatar\/2172498d4914b51e1d89a0f97957b035ac4938723a5cac208135d389b6972a6d?s=96&d=mm&r=g","url":"https:\/\/secure.gravatar.com\/avatar\/2172498d4914b51e1d89a0f97957b035ac4938723a5cac208135d389b6972a6d?s=96&d=mm&r=g","contentUrl":"https:\/\/secure.gravatar.com\/avatar\/2172498d4914b51e1d89a0f97957b035ac4938723a5cac208135d389b6972a6d?s=96&d=mm&r=g","caption":"teste"},"url":"https:\/\/blogdofarnesio.com.br\/?author=3"}]}},"_links":{"self":[{"href":"https:\/\/blogdofarnesio.com.br\/index.php?rest_route=\/wp\/v2\/posts\/51735","targetHints":{"allow":["GET"]}}],"collection":[{"href":"https:\/\/blogdofarnesio.com.br\/index.php?rest_route=\/wp\/v2\/posts"}],"about":[{"href":"https:\/\/blogdofarnesio.com.br\/index.php?rest_route=\/wp\/v2\/types\/post"}],"author":[{"embeddable":true,"href":"https:\/\/blogdofarnesio.com.br\/index.php?rest_route=\/wp\/v2\/users\/3"}],"replies":[{"embeddable":true,"href":"https:\/\/blogdofarnesio.com.br\/index.php?rest_route=%2Fwp%2Fv2%2Fcomments&post=51735"}],"version-history":[{"count":0,"href":"https:\/\/blogdofarnesio.com.br\/index.php?rest_route=\/wp\/v2\/posts\/51735\/revisions"}],"wp:attachment":[{"href":"https:\/\/blogdofarnesio.com.br\/index.php?rest_route=%2Fwp%2Fv2%2Fmedia&parent=51735"}],"wp:term":[{"taxonomy":"category","embeddable":true,"href":"https:\/\/blogdofarnesio.com.br\/index.php?rest_route=%2Fwp%2Fv2%2Fcategories&post=51735"},{"taxonomy":"post_tag","embeddable":true,"href":"https:\/\/blogdofarnesio.com.br\/index.php?rest_route=%2Fwp%2Fv2%2Ftags&post=51735"}],"curies":[{"name":"wp","href":"https:\/\/api.w.org\/{rel}","templated":true}]}}