{"id":50576,"date":"2013-07-25T17:00:16","date_gmt":"2013-07-25T20:00:16","guid":{"rendered":"http:\/\/www.quersaberpolitica.com.br\/?p=50576"},"modified":"2013-07-25T14:28:32","modified_gmt":"2013-07-25T17:28:32","slug":"lossio-participa-de-reuniao-de-pais-e-mestres-na-agrovila-massangano","status":"publish","type":"post","link":"https:\/\/blogdofarnesio.com.br\/2013\/07\/lossio-participa-de-reuniao-de-pais-e-mestres-na-agrovila-massangano\/","title":{"rendered":"LOSSIO PARTICIPA DE REUNI\u00c3O DE PAIS E MESTRES NA AGROVILA MASSANGANO"},"content":{"rendered":"<p style=\"text-align: justify\"><a href=\"http:\/\/www.quersaberpolitica.com.br\/2016\/wp-content\/uploads\/2013\/07\/BLOGQSP.JULIO-LOSSIO.jpg\"><img loading=\"lazy\" decoding=\"async\" class=\"alignleft size-medium wp-image-50577\" alt=\"BLOGQSP.JULIO LOSSIO\" src=\"http:\/\/www.quersaberpolitica.com.br\/2016\/wp-content\/uploads\/2013\/07\/BLOGQSP.JULIO-LOSSIO-300x214.jpg\" width=\"300\" height=\"214\" srcset=\"https:\/\/blogdofarnesio.com.br\/wp-content\/uploads\/2013\/07\/BLOGQSP.JULIO-LOSSIO-300x214.jpg 300w, https:\/\/blogdofarnesio.com.br\/wp-content\/uploads\/2013\/07\/BLOGQSP.JULIO-LOSSIO.jpg 400w\" sizes=\"auto, (max-width: 300px) 100vw, 300px\" \/><\/a>Professores e pais das escolas Mois\u00e9s Barreto Santos e Irm\u00e3 Luzia Gomes, situadas na Agrovila Massangano, em Petrolina, participaram na noite desta quarta-feira (24), da segunda reuni\u00e3o escolar entre pais e mestres das institui\u00e7\u00f5es.<\/p>\n<p style=\"text-align: justify\">O encontro foi prestigiado pelo prefeito Julio Lossio, pelo secret\u00e1rio de Educa\u00e7\u00e3o do munic\u00edpio, Heitor Leite, e teve como prop\u00f3sito discutir o relacionamento familiar. A conversa foi intermediada pela psic\u00f3loga Isabel Passos.<\/p>\n<p style=\"text-align: justify\">\u201c\u00c9 importante que os pais tenham ci\u00eancia de como educar seus filhos. Uma boa educa\u00e7\u00e3o em casa melhora consideravelmente o desempenho escolar das crian\u00e7as. Essa reuni\u00e3o \u00e9 uma forma de incentivar o di\u00e1logo no ambiente familiar e as atividades escolares para os pr\u00f3ximos seis meses\u201d, ressalta a gestora das institui\u00e7\u00f5es, Janice Oliveira.<!--more--><\/p>\n<p style=\"text-align: justify\">O secret\u00e1rio de Educa\u00e7\u00e3o de Petrolina, Heitor Leite, refor\u00e7a a import\u00e2ncia do acompanhamento dos pais na educa\u00e7\u00e3o das crian\u00e7as. \u201cQuando os pais acompanham os filhos nas atividades escolares a tend\u00eancia \u00e9 termos uma educa\u00e7\u00e3o de qualidade. Continuem fazendo o melhor pelos seus filhos que n\u00f3s, enquanto educadores, continuaremos fazendo o melhor por eles\u201d.<\/p>\n<p style=\"text-align: justify\">A Escola Municipal Moises Barreto Santos \u00e9 um dos pr\u00e9dios escolares de Petrolina que receberam recentemente obras de reformas. A institui\u00e7\u00e3o, que atende 254 crian\u00e7as do Pr\u00e9 I ao 5\u00b0 ano do Ensino Fundamental, conta com um novo visual atrav\u00e9s da pintura e reforma das salas de aulas que tamb\u00e9m ganharam instala\u00e7\u00f5es de acordo com as regras de acessibilidade.<\/p>\n<p style=\"text-align: justify\">\u201cUma das prioridades da nossa gest\u00e3o \u00e9 a Educa\u00e7\u00e3o e para isso sempre estamos buscando recursos para a realiza\u00e7\u00e3o de diversas atividades. Um dos nossos projetos de sucesso foi a implanta\u00e7\u00e3o das cem unidades do Programa Nova Semente. Al\u00e9m disso, fizemos a entrega de netbooks e fardamento nas escolas. Agora queremos expandir o di\u00e1logo entre os pais e professores para que possamos dar continuidade aos nossos trabalhos com mais qualidade\u201d, frisa o gestor municipal Julio Lossio.<\/p>\n<p style=\"text-align: justify\">Texto: Alinne Torres<\/p>\n<p style=\"text-align: justify\">Fotos: Gilson Santos<\/p>\n<p style=\"text-align: justify\">\n","protected":false},"excerpt":{"rendered":"<p>Professores e pais das escolas Mois\u00e9s Barreto Santos e Irm\u00e3 Luzia Gomes, situadas na Agrovila Massangano, em Petrolina, participaram na noite desta quarta-feira (24), da segunda reuni\u00e3o escolar entre pais e mestres das institui\u00e7\u00f5es. O encontro foi prestigiado pelo prefeito Julio Lossio, pelo secret\u00e1rio de Educa\u00e7\u00e3o do munic\u00edpio, Heitor Leite, e teve como prop\u00f3sito discutir o relacionamento familiar. A conversa foi intermediada pela psic\u00f3loga Isabel Passos. \u201c\u00c9 importante que os pais tenham ci\u00eancia de como educar seus filhos. Uma boa educa\u00e7\u00e3o em casa melhora consideravelmente o desempenho escolar das crian\u00e7as. Essa reuni\u00e3o \u00e9 uma forma de incentivar o di\u00e1logo no ambiente familiar e as atividades escolares para os pr\u00f3ximos seis meses\u201d, ressalta a gestora das institui\u00e7\u00f5es, Janice Oliveira.<\/p>\n","protected":false},"author":3,"featured_media":0,"comment_status":"open","ping_status":"open","sticky":false,"template":"","format":"standard","meta":{"_acf_changed":false,"footnotes":""},"categories":[6],"tags":[],"class_list":["post-50576","post","type-post","status-publish","format-standard","hentry","category-educacao"],"acf":[],"yoast_head":"<!-- This site is optimized with the Yoast SEO plugin v27.5 - https:\/\/yoast.com\/product\/yoast-seo-wordpress\/ -->\n<title>LOSSIO PARTICIPA DE REUNI\u00c3O DE PAIS E MESTRES NA AGROVILA MASSANGANO - Blog do Farn\u00e9sio<\/title>\n<meta name=\"robots\" content=\"index, follow, max-snippet:-1, max-image-preview:large, max-video-preview:-1\" \/>\n<link rel=\"canonical\" href=\"https:\/\/blogdofarnesio.com.br\/2013\/07\/lossio-participa-de-reuniao-de-pais-e-mestres-na-agrovila-massangano\/\" \/>\n<meta property=\"og:locale\" content=\"pt_BR\" \/>\n<meta property=\"og:type\" content=\"article\" \/>\n<meta property=\"og:title\" content=\"LOSSIO PARTICIPA DE REUNI\u00c3O DE PAIS E MESTRES NA AGROVILA MASSANGANO - Blog do Farn\u00e9sio\" \/>\n<meta property=\"og:description\" content=\"Professores e pais das escolas Mois\u00e9s Barreto Santos e Irm\u00e3 Luzia Gomes, situadas na Agrovila Massangano, em Petrolina, participaram na noite desta quarta-feira (24), da segunda reuni\u00e3o escolar entre pais e mestres das institui\u00e7\u00f5es. O encontro foi prestigiado pelo prefeito Julio Lossio, pelo secret\u00e1rio de Educa\u00e7\u00e3o do munic\u00edpio, Heitor Leite, e teve como prop\u00f3sito discutir o relacionamento familiar. A conversa foi intermediada pela psic\u00f3loga Isabel Passos. \u201c\u00c9 importante que os pais tenham ci\u00eancia de como educar seus filhos. Uma boa educa\u00e7\u00e3o em casa melhora consideravelmente o desempenho escolar das crian\u00e7as. Essa reuni\u00e3o \u00e9 uma forma de incentivar o di\u00e1logo no ambiente familiar e as atividades escolares para os pr\u00f3ximos seis meses\u201d, ressalta a gestora das institui\u00e7\u00f5es, Janice Oliveira.\" \/>\n<meta property=\"og:url\" content=\"https:\/\/blogdofarnesio.com.br\/2013\/07\/lossio-participa-de-reuniao-de-pais-e-mestres-na-agrovila-massangano\/\" \/>\n<meta property=\"og:site_name\" content=\"Blog do Farn\u00e9sio\" \/>\n<meta property=\"article:publisher\" content=\"https:\/\/www.facebook.com\/BlogQuerSaberPolitica\/\" \/>\n<meta property=\"article:published_time\" content=\"2013-07-25T20:00:16+00:00\" \/>\n<meta property=\"og:image\" content=\"http:\/\/www.quersaberpolitica.com.br\/2016\/wp-content\/uploads\/2013\/07\/BLOGQSP.JULIO-LOSSIO-300x214.jpg\" \/>\n<meta name=\"author\" content=\"teste\" \/>\n<meta name=\"twitter:card\" content=\"summary_large_image\" \/>\n<meta name=\"twitter:label1\" content=\"Escrito por\" \/>\n\t<meta name=\"twitter:data1\" content=\"teste\" \/>\n\t<meta name=\"twitter:label2\" content=\"Est. tempo de leitura\" \/>\n\t<meta name=\"twitter:data2\" content=\"2 minutos\" \/>\n<script type=\"application\/ld+json\" class=\"yoast-schema-graph\">{\"@context\":\"https:\\\/\\\/schema.org\",\"@graph\":[{\"@type\":\"Article\",\"@id\":\"https:\\\/\\\/blogdofarnesio.com.br\\\/2013\\\/07\\\/lossio-participa-de-reuniao-de-pais-e-mestres-na-agrovila-massangano\\\/#article\",\"isPartOf\":{\"@id\":\"https:\\\/\\\/blogdofarnesio.com.br\\\/2013\\\/07\\\/lossio-participa-de-reuniao-de-pais-e-mestres-na-agrovila-massangano\\\/\"},\"author\":{\"name\":\"teste\",\"@id\":\"https:\\\/\\\/blogdofarnesio.com.br\\\/#\\\/schema\\\/person\\\/dd1bf5eba40b687199ba45ca6b97dff9\"},\"headline\":\"LOSSIO PARTICIPA DE REUNI\u00c3O DE PAIS E MESTRES NA AGROVILA MASSANGANO\",\"datePublished\":\"2013-07-25T20:00:16+00:00\",\"mainEntityOfPage\":{\"@id\":\"https:\\\/\\\/blogdofarnesio.com.br\\\/2013\\\/07\\\/lossio-participa-de-reuniao-de-pais-e-mestres-na-agrovila-massangano\\\/\"},\"wordCount\":352,\"commentCount\":0,\"publisher\":{\"@id\":\"https:\\\/\\\/blogdofarnesio.com.br\\\/#organization\"},\"image\":{\"@id\":\"https:\\\/\\\/blogdofarnesio.com.br\\\/2013\\\/07\\\/lossio-participa-de-reuniao-de-pais-e-mestres-na-agrovila-massangano\\\/#primaryimage\"},\"thumbnailUrl\":\"http:\\\/\\\/www.quersaberpolitica.com.br\\\/2016\\\/wp-content\\\/uploads\\\/2013\\\/07\\\/BLOGQSP.JULIO-LOSSIO-300x214.jpg\",\"articleSection\":[\"Educa\u00e7\u00e3o\"],\"inLanguage\":\"pt-BR\",\"potentialAction\":[{\"@type\":\"CommentAction\",\"name\":\"Comment\",\"target\":[\"https:\\\/\\\/blogdofarnesio.com.br\\\/2013\\\/07\\\/lossio-participa-de-reuniao-de-pais-e-mestres-na-agrovila-massangano\\\/#respond\"]}]},{\"@type\":\"WebPage\",\"@id\":\"https:\\\/\\\/blogdofarnesio.com.br\\\/2013\\\/07\\\/lossio-participa-de-reuniao-de-pais-e-mestres-na-agrovila-massangano\\\/\",\"url\":\"https:\\\/\\\/blogdofarnesio.com.br\\\/2013\\\/07\\\/lossio-participa-de-reuniao-de-pais-e-mestres-na-agrovila-massangano\\\/\",\"name\":\"LOSSIO PARTICIPA DE REUNI\u00c3O DE PAIS E MESTRES NA AGROVILA MASSANGANO - Blog do Farn\u00e9sio\",\"isPartOf\":{\"@id\":\"https:\\\/\\\/blogdofarnesio.com.br\\\/#website\"},\"primaryImageOfPage\":{\"@id\":\"https:\\\/\\\/blogdofarnesio.com.br\\\/2013\\\/07\\\/lossio-participa-de-reuniao-de-pais-e-mestres-na-agrovila-massangano\\\/#primaryimage\"},\"image\":{\"@id\":\"https:\\\/\\\/blogdofarnesio.com.br\\\/2013\\\/07\\\/lossio-participa-de-reuniao-de-pais-e-mestres-na-agrovila-massangano\\\/#primaryimage\"},\"thumbnailUrl\":\"http:\\\/\\\/www.quersaberpolitica.com.br\\\/2016\\\/wp-content\\\/uploads\\\/2013\\\/07\\\/BLOGQSP.JULIO-LOSSIO-300x214.jpg\",\"datePublished\":\"2013-07-25T20:00:16+00:00\",\"breadcrumb\":{\"@id\":\"https:\\\/\\\/blogdofarnesio.com.br\\\/2013\\\/07\\\/lossio-participa-de-reuniao-de-pais-e-mestres-na-agrovila-massangano\\\/#breadcrumb\"},\"inLanguage\":\"pt-BR\",\"potentialAction\":[{\"@type\":\"ReadAction\",\"target\":[\"https:\\\/\\\/blogdofarnesio.com.br\\\/2013\\\/07\\\/lossio-participa-de-reuniao-de-pais-e-mestres-na-agrovila-massangano\\\/\"]}]},{\"@type\":\"ImageObject\",\"inLanguage\":\"pt-BR\",\"@id\":\"https:\\\/\\\/blogdofarnesio.com.br\\\/2013\\\/07\\\/lossio-participa-de-reuniao-de-pais-e-mestres-na-agrovila-massangano\\\/#primaryimage\",\"url\":\"http:\\\/\\\/www.quersaberpolitica.com.br\\\/2016\\\/wp-content\\\/uploads\\\/2013\\\/07\\\/BLOGQSP.JULIO-LOSSIO-300x214.jpg\",\"contentUrl\":\"http:\\\/\\\/www.quersaberpolitica.com.br\\\/2016\\\/wp-content\\\/uploads\\\/2013\\\/07\\\/BLOGQSP.JULIO-LOSSIO-300x214.jpg\"},{\"@type\":\"BreadcrumbList\",\"@id\":\"https:\\\/\\\/blogdofarnesio.com.br\\\/2013\\\/07\\\/lossio-participa-de-reuniao-de-pais-e-mestres-na-agrovila-massangano\\\/#breadcrumb\",\"itemListElement\":[{\"@type\":\"ListItem\",\"position\":1,\"name\":\"In\u00edcio\",\"item\":\"https:\\\/\\\/blogdofarnesio.com.br\\\/\"},{\"@type\":\"ListItem\",\"position\":2,\"name\":\"LOSSIO PARTICIPA DE REUNI\u00c3O DE PAIS E MESTRES NA AGROVILA MASSANGANO\"}]},{\"@type\":\"WebSite\",\"@id\":\"https:\\\/\\\/blogdofarnesio.com.br\\\/#website\",\"url\":\"https:\\\/\\\/blogdofarnesio.com.br\\\/\",\"name\":\"Blog do Farn\u00e9sio\",\"description\":\"Quer Saber Pol\u00edtica?\",\"publisher\":{\"@id\":\"https:\\\/\\\/blogdofarnesio.com.br\\\/#organization\"},\"potentialAction\":[{\"@type\":\"SearchAction\",\"target\":{\"@type\":\"EntryPoint\",\"urlTemplate\":\"https:\\\/\\\/blogdofarnesio.com.br\\\/?s={search_term_string}\"},\"query-input\":{\"@type\":\"PropertyValueSpecification\",\"valueRequired\":true,\"valueName\":\"search_term_string\"}}],\"inLanguage\":\"pt-BR\"},{\"@type\":\"Organization\",\"@id\":\"https:\\\/\\\/blogdofarnesio.com.br\\\/#organization\",\"name\":\"Blog do Farn\u00e9sio\",\"url\":\"https:\\\/\\\/blogdofarnesio.com.br\\\/\",\"logo\":{\"@type\":\"ImageObject\",\"inLanguage\":\"pt-BR\",\"@id\":\"https:\\\/\\\/blogdofarnesio.com.br\\\/#\\\/schema\\\/logo\\\/image\\\/\",\"url\":\"https:\\\/\\\/blogdofarnesio.com.br\\\/wp-content\\\/uploads\\\/2026\\\/03\\\/cropped-logo_new-1.png\",\"contentUrl\":\"https:\\\/\\\/blogdofarnesio.com.br\\\/wp-content\\\/uploads\\\/2026\\\/03\\\/cropped-logo_new-1.png\",\"width\":881,\"height\":685,\"caption\":\"Blog do Farn\u00e9sio\"},\"image\":{\"@id\":\"https:\\\/\\\/blogdofarnesio.com.br\\\/#\\\/schema\\\/logo\\\/image\\\/\"},\"sameAs\":[\"https:\\\/\\\/www.facebook.com\\\/BlogQuerSaberPolitica\\\/\"]},{\"@type\":\"Person\",\"@id\":\"https:\\\/\\\/blogdofarnesio.com.br\\\/#\\\/schema\\\/person\\\/dd1bf5eba40b687199ba45ca6b97dff9\",\"name\":\"teste\",\"image\":{\"@type\":\"ImageObject\",\"inLanguage\":\"pt-BR\",\"@id\":\"https:\\\/\\\/secure.gravatar.com\\\/avatar\\\/2172498d4914b51e1d89a0f97957b035ac4938723a5cac208135d389b6972a6d?s=96&d=mm&r=g\",\"url\":\"https:\\\/\\\/secure.gravatar.com\\\/avatar\\\/2172498d4914b51e1d89a0f97957b035ac4938723a5cac208135d389b6972a6d?s=96&d=mm&r=g\",\"contentUrl\":\"https:\\\/\\\/secure.gravatar.com\\\/avatar\\\/2172498d4914b51e1d89a0f97957b035ac4938723a5cac208135d389b6972a6d?s=96&d=mm&r=g\",\"caption\":\"teste\"},\"url\":\"https:\\\/\\\/blogdofarnesio.com.br\\\/author\\\/teste\\\/\"}]}<\/script>\n<!-- \/ Yoast SEO plugin. -->","yoast_head_json":{"title":"LOSSIO PARTICIPA DE REUNI\u00c3O DE PAIS E MESTRES NA AGROVILA MASSANGANO - Blog do Farn\u00e9sio","robots":{"index":"index","follow":"follow","max-snippet":"max-snippet:-1","max-image-preview":"max-image-preview:large","max-video-preview":"max-video-preview:-1"},"canonical":"https:\/\/blogdofarnesio.com.br\/2013\/07\/lossio-participa-de-reuniao-de-pais-e-mestres-na-agrovila-massangano\/","og_locale":"pt_BR","og_type":"article","og_title":"LOSSIO PARTICIPA DE REUNI\u00c3O DE PAIS E MESTRES NA AGROVILA MASSANGANO - Blog do Farn\u00e9sio","og_description":"Professores e pais das escolas Mois\u00e9s Barreto Santos e Irm\u00e3 Luzia Gomes, situadas na Agrovila Massangano, em Petrolina, participaram na noite desta quarta-feira (24), da segunda reuni\u00e3o escolar entre pais e mestres das institui\u00e7\u00f5es. O encontro foi prestigiado pelo prefeito Julio Lossio, pelo secret\u00e1rio de Educa\u00e7\u00e3o do munic\u00edpio, Heitor Leite, e teve como prop\u00f3sito discutir o relacionamento familiar. A conversa foi intermediada pela psic\u00f3loga Isabel Passos. \u201c\u00c9 importante que os pais tenham ci\u00eancia de como educar seus filhos. Uma boa educa\u00e7\u00e3o em casa melhora consideravelmente o desempenho escolar das crian\u00e7as. Essa reuni\u00e3o \u00e9 uma forma de incentivar o di\u00e1logo no ambiente familiar e as atividades escolares para os pr\u00f3ximos seis meses\u201d, ressalta a gestora das institui\u00e7\u00f5es, Janice Oliveira.","og_url":"https:\/\/blogdofarnesio.com.br\/2013\/07\/lossio-participa-de-reuniao-de-pais-e-mestres-na-agrovila-massangano\/","og_site_name":"Blog do Farn\u00e9sio","article_publisher":"https:\/\/www.facebook.com\/BlogQuerSaberPolitica\/","article_published_time":"2013-07-25T20:00:16+00:00","og_image":[{"url":"http:\/\/www.quersaberpolitica.com.br\/2016\/wp-content\/uploads\/2013\/07\/BLOGQSP.JULIO-LOSSIO-300x214.jpg","type":"","width":"","height":""}],"author":"teste","twitter_card":"summary_large_image","twitter_misc":{"Escrito por":"teste","Est. tempo de leitura":"2 minutos"},"schema":{"@context":"https:\/\/schema.org","@graph":[{"@type":"Article","@id":"https:\/\/blogdofarnesio.com.br\/2013\/07\/lossio-participa-de-reuniao-de-pais-e-mestres-na-agrovila-massangano\/#article","isPartOf":{"@id":"https:\/\/blogdofarnesio.com.br\/2013\/07\/lossio-participa-de-reuniao-de-pais-e-mestres-na-agrovila-massangano\/"},"author":{"name":"teste","@id":"https:\/\/blogdofarnesio.com.br\/#\/schema\/person\/dd1bf5eba40b687199ba45ca6b97dff9"},"headline":"LOSSIO PARTICIPA DE REUNI\u00c3O DE PAIS E MESTRES NA AGROVILA MASSANGANO","datePublished":"2013-07-25T20:00:16+00:00","mainEntityOfPage":{"@id":"https:\/\/blogdofarnesio.com.br\/2013\/07\/lossio-participa-de-reuniao-de-pais-e-mestres-na-agrovila-massangano\/"},"wordCount":352,"commentCount":0,"publisher":{"@id":"https:\/\/blogdofarnesio.com.br\/#organization"},"image":{"@id":"https:\/\/blogdofarnesio.com.br\/2013\/07\/lossio-participa-de-reuniao-de-pais-e-mestres-na-agrovila-massangano\/#primaryimage"},"thumbnailUrl":"http:\/\/www.quersaberpolitica.com.br\/2016\/wp-content\/uploads\/2013\/07\/BLOGQSP.JULIO-LOSSIO-300x214.jpg","articleSection":["Educa\u00e7\u00e3o"],"inLanguage":"pt-BR","potentialAction":[{"@type":"CommentAction","name":"Comment","target":["https:\/\/blogdofarnesio.com.br\/2013\/07\/lossio-participa-de-reuniao-de-pais-e-mestres-na-agrovila-massangano\/#respond"]}]},{"@type":"WebPage","@id":"https:\/\/blogdofarnesio.com.br\/2013\/07\/lossio-participa-de-reuniao-de-pais-e-mestres-na-agrovila-massangano\/","url":"https:\/\/blogdofarnesio.com.br\/2013\/07\/lossio-participa-de-reuniao-de-pais-e-mestres-na-agrovila-massangano\/","name":"LOSSIO PARTICIPA DE REUNI\u00c3O DE PAIS E MESTRES NA AGROVILA MASSANGANO - Blog do Farn\u00e9sio","isPartOf":{"@id":"https:\/\/blogdofarnesio.com.br\/#website"},"primaryImageOfPage":{"@id":"https:\/\/blogdofarnesio.com.br\/2013\/07\/lossio-participa-de-reuniao-de-pais-e-mestres-na-agrovila-massangano\/#primaryimage"},"image":{"@id":"https:\/\/blogdofarnesio.com.br\/2013\/07\/lossio-participa-de-reuniao-de-pais-e-mestres-na-agrovila-massangano\/#primaryimage"},"thumbnailUrl":"http:\/\/www.quersaberpolitica.com.br\/2016\/wp-content\/uploads\/2013\/07\/BLOGQSP.JULIO-LOSSIO-300x214.jpg","datePublished":"2013-07-25T20:00:16+00:00","breadcrumb":{"@id":"https:\/\/blogdofarnesio.com.br\/2013\/07\/lossio-participa-de-reuniao-de-pais-e-mestres-na-agrovila-massangano\/#breadcrumb"},"inLanguage":"pt-BR","potentialAction":[{"@type":"ReadAction","target":["https:\/\/blogdofarnesio.com.br\/2013\/07\/lossio-participa-de-reuniao-de-pais-e-mestres-na-agrovila-massangano\/"]}]},{"@type":"ImageObject","inLanguage":"pt-BR","@id":"https:\/\/blogdofarnesio.com.br\/2013\/07\/lossio-participa-de-reuniao-de-pais-e-mestres-na-agrovila-massangano\/#primaryimage","url":"http:\/\/www.quersaberpolitica.com.br\/2016\/wp-content\/uploads\/2013\/07\/BLOGQSP.JULIO-LOSSIO-300x214.jpg","contentUrl":"http:\/\/www.quersaberpolitica.com.br\/2016\/wp-content\/uploads\/2013\/07\/BLOGQSP.JULIO-LOSSIO-300x214.jpg"},{"@type":"BreadcrumbList","@id":"https:\/\/blogdofarnesio.com.br\/2013\/07\/lossio-participa-de-reuniao-de-pais-e-mestres-na-agrovila-massangano\/#breadcrumb","itemListElement":[{"@type":"ListItem","position":1,"name":"In\u00edcio","item":"https:\/\/blogdofarnesio.com.br\/"},{"@type":"ListItem","position":2,"name":"LOSSIO PARTICIPA DE REUNI\u00c3O DE PAIS E MESTRES NA AGROVILA MASSANGANO"}]},{"@type":"WebSite","@id":"https:\/\/blogdofarnesio.com.br\/#website","url":"https:\/\/blogdofarnesio.com.br\/","name":"Blog do Farn\u00e9sio","description":"Quer Saber Pol\u00edtica?","publisher":{"@id":"https:\/\/blogdofarnesio.com.br\/#organization"},"potentialAction":[{"@type":"SearchAction","target":{"@type":"EntryPoint","urlTemplate":"https:\/\/blogdofarnesio.com.br\/?s={search_term_string}"},"query-input":{"@type":"PropertyValueSpecification","valueRequired":true,"valueName":"search_term_string"}}],"inLanguage":"pt-BR"},{"@type":"Organization","@id":"https:\/\/blogdofarnesio.com.br\/#organization","name":"Blog do Farn\u00e9sio","url":"https:\/\/blogdofarnesio.com.br\/","logo":{"@type":"ImageObject","inLanguage":"pt-BR","@id":"https:\/\/blogdofarnesio.com.br\/#\/schema\/logo\/image\/","url":"https:\/\/blogdofarnesio.com.br\/wp-content\/uploads\/2026\/03\/cropped-logo_new-1.png","contentUrl":"https:\/\/blogdofarnesio.com.br\/wp-content\/uploads\/2026\/03\/cropped-logo_new-1.png","width":881,"height":685,"caption":"Blog do Farn\u00e9sio"},"image":{"@id":"https:\/\/blogdofarnesio.com.br\/#\/schema\/logo\/image\/"},"sameAs":["https:\/\/www.facebook.com\/BlogQuerSaberPolitica\/"]},{"@type":"Person","@id":"https:\/\/blogdofarnesio.com.br\/#\/schema\/person\/dd1bf5eba40b687199ba45ca6b97dff9","name":"teste","image":{"@type":"ImageObject","inLanguage":"pt-BR","@id":"https:\/\/secure.gravatar.com\/avatar\/2172498d4914b51e1d89a0f97957b035ac4938723a5cac208135d389b6972a6d?s=96&d=mm&r=g","url":"https:\/\/secure.gravatar.com\/avatar\/2172498d4914b51e1d89a0f97957b035ac4938723a5cac208135d389b6972a6d?s=96&d=mm&r=g","contentUrl":"https:\/\/secure.gravatar.com\/avatar\/2172498d4914b51e1d89a0f97957b035ac4938723a5cac208135d389b6972a6d?s=96&d=mm&r=g","caption":"teste"},"url":"https:\/\/blogdofarnesio.com.br\/author\/teste\/"}]}},"_links":{"self":[{"href":"https:\/\/blogdofarnesio.com.br\/wp-json\/wp\/v2\/posts\/50576","targetHints":{"allow":["GET"]}}],"collection":[{"href":"https:\/\/blogdofarnesio.com.br\/wp-json\/wp\/v2\/posts"}],"about":[{"href":"https:\/\/blogdofarnesio.com.br\/wp-json\/wp\/v2\/types\/post"}],"author":[{"embeddable":true,"href":"https:\/\/blogdofarnesio.com.br\/wp-json\/wp\/v2\/users\/3"}],"replies":[{"embeddable":true,"href":"https:\/\/blogdofarnesio.com.br\/wp-json\/wp\/v2\/comments?post=50576"}],"version-history":[{"count":0,"href":"https:\/\/blogdofarnesio.com.br\/wp-json\/wp\/v2\/posts\/50576\/revisions"}],"wp:attachment":[{"href":"https:\/\/blogdofarnesio.com.br\/wp-json\/wp\/v2\/media?parent=50576"}],"wp:term":[{"taxonomy":"category","embeddable":true,"href":"https:\/\/blogdofarnesio.com.br\/wp-json\/wp\/v2\/categories?post=50576"},{"taxonomy":"post_tag","embeddable":true,"href":"https:\/\/blogdofarnesio.com.br\/wp-json\/wp\/v2\/tags?post=50576"}],"curies":[{"name":"wp","href":"https:\/\/api.w.org\/{rel}","templated":true}]}}