{"id":4887,"date":"2011-07-11T09:30:04","date_gmt":"2011-07-11T09:30:04","guid":{"rendered":"http:\/\/www.quersaberpolitica.com.br?p=4887"},"modified":"2011-07-11T09:36:08","modified_gmt":"2011-07-11T09:36:08","slug":"comecam-hoje-inscricoes-para-programa-do-primeiro-emprego-da-camara-de-juazeiro","status":"publish","type":"post","link":"https:\/\/blogdofarnesio.com.br\/?p=4887","title":{"rendered":"Come\u00e7am hoje inscri\u00e7\u00f5es para programa do primeiro emprego da c\u00e2mara de Juazeiro"},"content":{"rendered":"<p>&nbsp;<\/p>\n<div><span><a rel=\"lightbox\" href=\"http:\/\/www.quersaberpolitica.com.br\/2016\/wp-content\/uploads\/2012\/12\/blogqsp_camarajua_pnilson02.jpg\"><img loading=\"lazy\" decoding=\"async\" style=\"float: left; margin-top: 5px; margin-bottom: 5px; margin-left: 10px; margin-right: 10px;\" src=\"http:\/\/www.quersaberpolitica.com.br\/2016\/wp-content\/uploads\/2012\/12\/blogqsp_camarajua_pnilson02.jpg\" alt=\"\" width=\"200\" height=\"103\" \/><\/a><\/span><\/p>\n<p style=\"text-align: justify;\"><span style=\"font-size: small;\">A partir desta segunda-feira, 11, at&eacute; o dia 25, estar&atilde;o abertas as inscri&ccedil;&otilde;es para processo seletivo para o programa primeiro emprego na C&acirc;mara de Juazeiro. Este ano, a sele&ccedil;&atilde;o de estagi&aacute;rios ser&aacute; feita em parceria com Universidade do Estado da Bahia (Uneb) que vai realizar todo processo seletivo. A realiza&ccedil;&atilde;o da sele&ccedil;&atilde;o atende a um projeto de resolu&ccedil;&atilde;o de autoria do ex-vereador Charles Leal. O programa &eacute; destinado a alunos do ensino m&eacute;dio da rede p&uacute;blica. Para efetuar a inscri&ccedil;&atilde;o, o candidato deve se dirigir a C&acirc;mara de Vereadores das 8h &agrave;s 12h com c&oacute;pia do RG e CPF, uma foto 3X4 atual, declara&ccedil;&atilde;o escolar ou hist&oacute;rico escolar informando o v&iacute;nculo com a institui&ccedil;&atilde;o de ensino durante o ano de 2011 e uma declara&ccedil;&atilde;o de que n&atilde;o estar veiculado em outro programa de est&aacute;gio.<\/span><\/p>\n<p style=\"text-align: justify;\"><span style=\"font-size: small;\"><br \/><\/span><\/p>\n<p style=\"text-align: justify;\"><span style=\"font-size: small;\">Est&atilde;o sendo oferecidas 13 vagas e o estagi&aacute;rio ter&aacute; direito a uma bolsa no valor de R$ 300,00 para uma a carga de quatro horas di&aacute;rias, compatibilizando-se com o hor&aacute;rio oficial do expediente da C&acirc;mara de Juazeiro (turno vespertino).<\/span><\/p>\n<p style=\"text-align: justify;\"><span style=\"font-size: small;\"><br \/><\/span><\/p>\n<p style=\"text-align: justify;\"><span style=\"font-size: small;\">Segundo o edital, dispon&iacute;vel no site da C&acirc;mara (www.cmj.ba.gov.br), a prova acontecer&aacute; dia 07 de agosto, no audit&oacute;rio do Departamento de Tecnologia e Ci&ecirc;ncias Sociais da Uneb e contar&aacute; com 40 quest&otilde;es divididas nas disciplinas de matem&aacute;tica do 1&ordm; e 2&ordm; graus, portugu&ecirc;s, conhecimentos gerais e atualidades e inform&aacute;tica. O conte&uacute;do exigido para a prova tamb&eacute;m est&aacute; dispon&iacute;vel no edital.<\/span><\/p>\n<\/div>\n<div style=\"text-align: justify;\">&nbsp;<\/div>\n<div style=\"text-align: justify;\"><span style=\"font-size: xx-small;\">&nbsp;Ascom\/CMJ<\/span><\/div>\n<p>&nbsp;<\/p>\n","protected":false},"excerpt":{"rendered":"<p>&nbsp; A partir desta segunda-feira, 11, at&eacute; o dia 25, estar&atilde;o abertas as inscri&ccedil;&otilde;es para processo seletivo para o programa primeiro emprego na C&acirc;mara de Juazeiro. Este ano, a sele&ccedil;&atilde;o de estagi&aacute;rios ser&aacute; feita em parceria com Universidade do Estado da Bahia (Uneb) que vai realizar todo processo seletivo. A realiza&ccedil;&atilde;o da sele&ccedil;&atilde;o atende a um projeto de resolu&ccedil;&atilde;o de autoria do ex-vereador Charles Leal. O programa &eacute; destinado a alunos do ensino m&eacute;dio da rede p&uacute;blica. Para efetuar a inscri&ccedil;&atilde;o, o candidato deve se dirigir a C&acirc;mara de Vereadores das 8h &agrave;s 12h com c&oacute;pia do RG e CPF, uma foto 3X4 atual, declara&ccedil;&atilde;o escolar ou hist&oacute;rico escolar informando o v&iacute;nculo com a institui&ccedil;&atilde;o de ensino durante o ano&hellip; <\/p>\n","protected":false},"author":0,"featured_media":0,"comment_status":"open","ping_status":"open","sticky":false,"template":"","format":"standard","meta":{"_acf_changed":false,"footnotes":""},"categories":[5],"tags":[],"class_list":["post-4887","post","type-post","status-publish","format-standard","hentry","category-seguranca"],"acf":[],"yoast_head":"<!-- This site is optimized with the Yoast SEO plugin v27.4 - https:\/\/yoast.com\/product\/yoast-seo-wordpress\/ -->\n<title>Come\u00e7am hoje inscri\u00e7\u00f5es para programa do primeiro emprego da c\u00e2mara de Juazeiro - Blog do Farn\u00e9sio<\/title>\n<meta name=\"robots\" content=\"index, follow, max-snippet:-1, max-image-preview:large, max-video-preview:-1\" \/>\n<link rel=\"canonical\" href=\"https:\/\/blogdofarnesio.com.br\/?p=4887\" \/>\n<meta property=\"og:locale\" content=\"pt_BR\" \/>\n<meta property=\"og:type\" content=\"article\" \/>\n<meta property=\"og:title\" content=\"Come\u00e7am hoje inscri\u00e7\u00f5es para programa do primeiro emprego da c\u00e2mara de Juazeiro - Blog do Farn\u00e9sio\" \/>\n<meta property=\"og:description\" content=\"&nbsp; A partir desta segunda-feira, 11, at&eacute; o dia 25, estar&atilde;o abertas as inscri&ccedil;&otilde;es para processo seletivo para o programa primeiro emprego na C&acirc;mara de Juazeiro. Este ano, a sele&ccedil;&atilde;o de estagi&aacute;rios ser&aacute; feita em parceria com Universidade do Estado da Bahia (Uneb) que vai realizar todo processo seletivo. A realiza&ccedil;&atilde;o da sele&ccedil;&atilde;o atende a um projeto de resolu&ccedil;&atilde;o de autoria do ex-vereador Charles Leal. O programa &eacute; destinado a alunos do ensino m&eacute;dio da rede p&uacute;blica. Para efetuar a inscri&ccedil;&atilde;o, o candidato deve se dirigir a C&acirc;mara de Vereadores das 8h &agrave;s 12h com c&oacute;pia do RG e CPF, uma foto 3X4 atual, declara&ccedil;&atilde;o escolar ou hist&oacute;rico escolar informando o v&iacute;nculo com a institui&ccedil;&atilde;o de ensino durante o ano&hellip;\" \/>\n<meta property=\"og:url\" content=\"https:\/\/blogdofarnesio.com.br\/?p=4887\" \/>\n<meta property=\"og:site_name\" content=\"Blog do Farn\u00e9sio\" \/>\n<meta property=\"article:publisher\" content=\"https:\/\/www.facebook.com\/BlogQuerSaberPolitica\/\" \/>\n<meta property=\"article:published_time\" content=\"2011-07-11T09:30:04+00:00\" \/>\n<meta property=\"article:modified_time\" content=\"2011-07-11T09:36:08+00:00\" \/>\n<meta property=\"og:image\" content=\"http:\/\/www.quersaberpolitica.com.br\/2016\/wp-content\/uploads\/2012\/12\/blogqsp_camarajua_pnilson02.jpg\" \/>\n<meta name=\"twitter:card\" content=\"summary_large_image\" \/>\n<meta name=\"twitter:label1\" content=\"Est. tempo de leitura\" \/>\n\t<meta name=\"twitter:data1\" content=\"2 minutos\" \/>\n<script type=\"application\/ld+json\" class=\"yoast-schema-graph\">{\"@context\":\"https:\\\/\\\/schema.org\",\"@graph\":[{\"@type\":\"Article\",\"@id\":\"https:\\\/\\\/blogdofarnesio.com.br\\\/?p=4887#article\",\"isPartOf\":{\"@id\":\"https:\\\/\\\/blogdofarnesio.com.br\\\/?p=4887\"},\"author\":{\"name\":\"\",\"@id\":\"\"},\"headline\":\"Come\u00e7am hoje inscri\u00e7\u00f5es para programa do primeiro emprego da c\u00e2mara de Juazeiro\",\"datePublished\":\"2011-07-11T09:30:04+00:00\",\"dateModified\":\"2011-07-11T09:36:08+00:00\",\"mainEntityOfPage\":{\"@id\":\"https:\\\/\\\/blogdofarnesio.com.br\\\/?p=4887\"},\"wordCount\":339,\"commentCount\":0,\"publisher\":{\"@id\":\"https:\\\/\\\/blogdofarnesio.com.br\\\/#organization\"},\"image\":{\"@id\":\"https:\\\/\\\/blogdofarnesio.com.br\\\/?p=4887#primaryimage\"},\"thumbnailUrl\":\"http:\\\/\\\/www.quersaberpolitica.com.br\\\/2016\\\/wp-content\\\/uploads\\\/2012\\\/12\\\/blogqsp_camarajua_pnilson02.jpg\",\"articleSection\":[\"Seguran\u00e7a\"],\"inLanguage\":\"pt-BR\",\"potentialAction\":[{\"@type\":\"CommentAction\",\"name\":\"Comment\",\"target\":[\"https:\\\/\\\/blogdofarnesio.com.br\\\/?p=4887#respond\"]}]},{\"@type\":\"WebPage\",\"@id\":\"https:\\\/\\\/blogdofarnesio.com.br\\\/?p=4887\",\"url\":\"https:\\\/\\\/blogdofarnesio.com.br\\\/?p=4887\",\"name\":\"Come\u00e7am hoje inscri\u00e7\u00f5es para programa do primeiro emprego da c\u00e2mara de Juazeiro - Blog do Farn\u00e9sio\",\"isPartOf\":{\"@id\":\"https:\\\/\\\/blogdofarnesio.com.br\\\/#website\"},\"primaryImageOfPage\":{\"@id\":\"https:\\\/\\\/blogdofarnesio.com.br\\\/?p=4887#primaryimage\"},\"image\":{\"@id\":\"https:\\\/\\\/blogdofarnesio.com.br\\\/?p=4887#primaryimage\"},\"thumbnailUrl\":\"http:\\\/\\\/www.quersaberpolitica.com.br\\\/2016\\\/wp-content\\\/uploads\\\/2012\\\/12\\\/blogqsp_camarajua_pnilson02.jpg\",\"datePublished\":\"2011-07-11T09:30:04+00:00\",\"dateModified\":\"2011-07-11T09:36:08+00:00\",\"breadcrumb\":{\"@id\":\"https:\\\/\\\/blogdofarnesio.com.br\\\/?p=4887#breadcrumb\"},\"inLanguage\":\"pt-BR\",\"potentialAction\":[{\"@type\":\"ReadAction\",\"target\":[\"https:\\\/\\\/blogdofarnesio.com.br\\\/?p=4887\"]}]},{\"@type\":\"ImageObject\",\"inLanguage\":\"pt-BR\",\"@id\":\"https:\\\/\\\/blogdofarnesio.com.br\\\/?p=4887#primaryimage\",\"url\":\"http:\\\/\\\/www.quersaberpolitica.com.br\\\/2016\\\/wp-content\\\/uploads\\\/2012\\\/12\\\/blogqsp_camarajua_pnilson02.jpg\",\"contentUrl\":\"http:\\\/\\\/www.quersaberpolitica.com.br\\\/2016\\\/wp-content\\\/uploads\\\/2012\\\/12\\\/blogqsp_camarajua_pnilson02.jpg\"},{\"@type\":\"BreadcrumbList\",\"@id\":\"https:\\\/\\\/blogdofarnesio.com.br\\\/?p=4887#breadcrumb\",\"itemListElement\":[{\"@type\":\"ListItem\",\"position\":1,\"name\":\"In\u00edcio\",\"item\":\"https:\\\/\\\/blogdofarnesio.com.br\\\/\"},{\"@type\":\"ListItem\",\"position\":2,\"name\":\"Come\u00e7am hoje inscri\u00e7\u00f5es para programa do primeiro emprego da c\u00e2mara de Juazeiro\"}]},{\"@type\":\"WebSite\",\"@id\":\"https:\\\/\\\/blogdofarnesio.com.br\\\/#website\",\"url\":\"https:\\\/\\\/blogdofarnesio.com.br\\\/\",\"name\":\"Blog do Farn\u00e9sio\",\"description\":\"Quer Saber Pol\u00edtica?\",\"publisher\":{\"@id\":\"https:\\\/\\\/blogdofarnesio.com.br\\\/#organization\"},\"potentialAction\":[{\"@type\":\"SearchAction\",\"target\":{\"@type\":\"EntryPoint\",\"urlTemplate\":\"https:\\\/\\\/blogdofarnesio.com.br\\\/?s={search_term_string}\"},\"query-input\":{\"@type\":\"PropertyValueSpecification\",\"valueRequired\":true,\"valueName\":\"search_term_string\"}}],\"inLanguage\":\"pt-BR\"},{\"@type\":\"Organization\",\"@id\":\"https:\\\/\\\/blogdofarnesio.com.br\\\/#organization\",\"name\":\"Blog do Farn\u00e9sio\",\"url\":\"https:\\\/\\\/blogdofarnesio.com.br\\\/\",\"logo\":{\"@type\":\"ImageObject\",\"inLanguage\":\"pt-BR\",\"@id\":\"https:\\\/\\\/blogdofarnesio.com.br\\\/#\\\/schema\\\/logo\\\/image\\\/\",\"url\":\"https:\\\/\\\/blogdofarnesio.com.br\\\/wp-content\\\/uploads\\\/2026\\\/03\\\/cropped-logo_new-1.png\",\"contentUrl\":\"https:\\\/\\\/blogdofarnesio.com.br\\\/wp-content\\\/uploads\\\/2026\\\/03\\\/cropped-logo_new-1.png\",\"width\":881,\"height\":685,\"caption\":\"Blog do Farn\u00e9sio\"},\"image\":{\"@id\":\"https:\\\/\\\/blogdofarnesio.com.br\\\/#\\\/schema\\\/logo\\\/image\\\/\"},\"sameAs\":[\"https:\\\/\\\/www.facebook.com\\\/BlogQuerSaberPolitica\\\/\"]}]}<\/script>\n<!-- \/ Yoast SEO plugin. -->","yoast_head_json":{"title":"Come\u00e7am hoje inscri\u00e7\u00f5es para programa do primeiro emprego da c\u00e2mara de Juazeiro - Blog do Farn\u00e9sio","robots":{"index":"index","follow":"follow","max-snippet":"max-snippet:-1","max-image-preview":"max-image-preview:large","max-video-preview":"max-video-preview:-1"},"canonical":"https:\/\/blogdofarnesio.com.br\/?p=4887","og_locale":"pt_BR","og_type":"article","og_title":"Come\u00e7am hoje inscri\u00e7\u00f5es para programa do primeiro emprego da c\u00e2mara de Juazeiro - Blog do Farn\u00e9sio","og_description":"&nbsp; A partir desta segunda-feira, 11, at&eacute; o dia 25, estar&atilde;o abertas as inscri&ccedil;&otilde;es para processo seletivo para o programa primeiro emprego na C&acirc;mara de Juazeiro. Este ano, a sele&ccedil;&atilde;o de estagi&aacute;rios ser&aacute; feita em parceria com Universidade do Estado da Bahia (Uneb) que vai realizar todo processo seletivo. A realiza&ccedil;&atilde;o da sele&ccedil;&atilde;o atende a um projeto de resolu&ccedil;&atilde;o de autoria do ex-vereador Charles Leal. O programa &eacute; destinado a alunos do ensino m&eacute;dio da rede p&uacute;blica. Para efetuar a inscri&ccedil;&atilde;o, o candidato deve se dirigir a C&acirc;mara de Vereadores das 8h &agrave;s 12h com c&oacute;pia do RG e CPF, uma foto 3X4 atual, declara&ccedil;&atilde;o escolar ou hist&oacute;rico escolar informando o v&iacute;nculo com a institui&ccedil;&atilde;o de ensino durante o ano&hellip;","og_url":"https:\/\/blogdofarnesio.com.br\/?p=4887","og_site_name":"Blog do Farn\u00e9sio","article_publisher":"https:\/\/www.facebook.com\/BlogQuerSaberPolitica\/","article_published_time":"2011-07-11T09:30:04+00:00","article_modified_time":"2011-07-11T09:36:08+00:00","og_image":[{"url":"http:\/\/www.quersaberpolitica.com.br\/2016\/wp-content\/uploads\/2012\/12\/blogqsp_camarajua_pnilson02.jpg","type":"","width":"","height":""}],"twitter_card":"summary_large_image","twitter_misc":{"Est. tempo de leitura":"2 minutos"},"schema":{"@context":"https:\/\/schema.org","@graph":[{"@type":"Article","@id":"https:\/\/blogdofarnesio.com.br\/?p=4887#article","isPartOf":{"@id":"https:\/\/blogdofarnesio.com.br\/?p=4887"},"author":{"name":"","@id":""},"headline":"Come\u00e7am hoje inscri\u00e7\u00f5es para programa do primeiro emprego da c\u00e2mara de Juazeiro","datePublished":"2011-07-11T09:30:04+00:00","dateModified":"2011-07-11T09:36:08+00:00","mainEntityOfPage":{"@id":"https:\/\/blogdofarnesio.com.br\/?p=4887"},"wordCount":339,"commentCount":0,"publisher":{"@id":"https:\/\/blogdofarnesio.com.br\/#organization"},"image":{"@id":"https:\/\/blogdofarnesio.com.br\/?p=4887#primaryimage"},"thumbnailUrl":"http:\/\/www.quersaberpolitica.com.br\/2016\/wp-content\/uploads\/2012\/12\/blogqsp_camarajua_pnilson02.jpg","articleSection":["Seguran\u00e7a"],"inLanguage":"pt-BR","potentialAction":[{"@type":"CommentAction","name":"Comment","target":["https:\/\/blogdofarnesio.com.br\/?p=4887#respond"]}]},{"@type":"WebPage","@id":"https:\/\/blogdofarnesio.com.br\/?p=4887","url":"https:\/\/blogdofarnesio.com.br\/?p=4887","name":"Come\u00e7am hoje inscri\u00e7\u00f5es para programa do primeiro emprego da c\u00e2mara de Juazeiro - Blog do Farn\u00e9sio","isPartOf":{"@id":"https:\/\/blogdofarnesio.com.br\/#website"},"primaryImageOfPage":{"@id":"https:\/\/blogdofarnesio.com.br\/?p=4887#primaryimage"},"image":{"@id":"https:\/\/blogdofarnesio.com.br\/?p=4887#primaryimage"},"thumbnailUrl":"http:\/\/www.quersaberpolitica.com.br\/2016\/wp-content\/uploads\/2012\/12\/blogqsp_camarajua_pnilson02.jpg","datePublished":"2011-07-11T09:30:04+00:00","dateModified":"2011-07-11T09:36:08+00:00","breadcrumb":{"@id":"https:\/\/blogdofarnesio.com.br\/?p=4887#breadcrumb"},"inLanguage":"pt-BR","potentialAction":[{"@type":"ReadAction","target":["https:\/\/blogdofarnesio.com.br\/?p=4887"]}]},{"@type":"ImageObject","inLanguage":"pt-BR","@id":"https:\/\/blogdofarnesio.com.br\/?p=4887#primaryimage","url":"http:\/\/www.quersaberpolitica.com.br\/2016\/wp-content\/uploads\/2012\/12\/blogqsp_camarajua_pnilson02.jpg","contentUrl":"http:\/\/www.quersaberpolitica.com.br\/2016\/wp-content\/uploads\/2012\/12\/blogqsp_camarajua_pnilson02.jpg"},{"@type":"BreadcrumbList","@id":"https:\/\/blogdofarnesio.com.br\/?p=4887#breadcrumb","itemListElement":[{"@type":"ListItem","position":1,"name":"In\u00edcio","item":"https:\/\/blogdofarnesio.com.br\/"},{"@type":"ListItem","position":2,"name":"Come\u00e7am hoje inscri\u00e7\u00f5es para programa do primeiro emprego da c\u00e2mara de Juazeiro"}]},{"@type":"WebSite","@id":"https:\/\/blogdofarnesio.com.br\/#website","url":"https:\/\/blogdofarnesio.com.br\/","name":"Blog do Farn\u00e9sio","description":"Quer Saber Pol\u00edtica?","publisher":{"@id":"https:\/\/blogdofarnesio.com.br\/#organization"},"potentialAction":[{"@type":"SearchAction","target":{"@type":"EntryPoint","urlTemplate":"https:\/\/blogdofarnesio.com.br\/?s={search_term_string}"},"query-input":{"@type":"PropertyValueSpecification","valueRequired":true,"valueName":"search_term_string"}}],"inLanguage":"pt-BR"},{"@type":"Organization","@id":"https:\/\/blogdofarnesio.com.br\/#organization","name":"Blog do Farn\u00e9sio","url":"https:\/\/blogdofarnesio.com.br\/","logo":{"@type":"ImageObject","inLanguage":"pt-BR","@id":"https:\/\/blogdofarnesio.com.br\/#\/schema\/logo\/image\/","url":"https:\/\/blogdofarnesio.com.br\/wp-content\/uploads\/2026\/03\/cropped-logo_new-1.png","contentUrl":"https:\/\/blogdofarnesio.com.br\/wp-content\/uploads\/2026\/03\/cropped-logo_new-1.png","width":881,"height":685,"caption":"Blog do Farn\u00e9sio"},"image":{"@id":"https:\/\/blogdofarnesio.com.br\/#\/schema\/logo\/image\/"},"sameAs":["https:\/\/www.facebook.com\/BlogQuerSaberPolitica\/"]}]}},"_links":{"self":[{"href":"https:\/\/blogdofarnesio.com.br\/index.php?rest_route=\/wp\/v2\/posts\/4887","targetHints":{"allow":["GET"]}}],"collection":[{"href":"https:\/\/blogdofarnesio.com.br\/index.php?rest_route=\/wp\/v2\/posts"}],"about":[{"href":"https:\/\/blogdofarnesio.com.br\/index.php?rest_route=\/wp\/v2\/types\/post"}],"replies":[{"embeddable":true,"href":"https:\/\/blogdofarnesio.com.br\/index.php?rest_route=%2Fwp%2Fv2%2Fcomments&post=4887"}],"version-history":[{"count":0,"href":"https:\/\/blogdofarnesio.com.br\/index.php?rest_route=\/wp\/v2\/posts\/4887\/revisions"}],"wp:attachment":[{"href":"https:\/\/blogdofarnesio.com.br\/index.php?rest_route=%2Fwp%2Fv2%2Fmedia&parent=4887"}],"wp:term":[{"taxonomy":"category","embeddable":true,"href":"https:\/\/blogdofarnesio.com.br\/index.php?rest_route=%2Fwp%2Fv2%2Fcategories&post=4887"},{"taxonomy":"post_tag","embeddable":true,"href":"https:\/\/blogdofarnesio.com.br\/index.php?rest_route=%2Fwp%2Fv2%2Ftags&post=4887"}],"curies":[{"name":"wp","href":"https:\/\/api.w.org\/{rel}","templated":true}]}}