{"id":47791,"date":"2013-07-09T10:40:19","date_gmt":"2013-07-09T13:40:19","guid":{"rendered":"http:\/\/www.quersaberpolitica.com.br\/?p=47791"},"modified":"2013-07-09T08:44:37","modified_gmt":"2013-07-09T11:44:37","slug":"odacy-volta-a-cobrar-solucao-para-animais-soltos-em-estradas-sertanejas-e-se-posiciona-contra-a-venda-do-paulo-coelho","status":"publish","type":"post","link":"https:\/\/blogdofarnesio.com.br\/?p=47791","title":{"rendered":"ODACY VOLTA A COBRAR SOLU\u00c7\u00c3O PARA ANIMAIS SOLTOS EM ESTRADAS SERTANEJAS E SE POSICIONA CONTRA A VENDA DO PAULO COELHO"},"content":{"rendered":"<p style=\"text-align: justify\"><a href=\"http:\/\/www.quersaberpolitica.com.br\/2016\/wp-content\/uploads\/2013\/06\/blogqsp.odacy-poruncimmento-alepe-dia-14-do-11-2012.gif\"><img loading=\"lazy\" decoding=\"async\" class=\"alignleft size-medium wp-image-43253\" alt=\"blogqsp.odacy poruncimmento alepe dia 14 do 11 2012\" src=\"http:\/\/www.quersaberpolitica.com.br\/2016\/wp-content\/uploads\/2013\/06\/blogqsp.odacy-poruncimmento-alepe-dia-14-do-11-2012-300x200.gif\" width=\"300\" height=\"200\" srcset=\"https:\/\/blogdofarnesio.com.br\/wp-content\/uploads\/2013\/06\/blogqsp.odacy-poruncimmento-alepe-dia-14-do-11-2012-300x200.gif 300w, https:\/\/blogdofarnesio.com.br\/wp-content\/uploads\/2013\/06\/blogqsp.odacy-poruncimmento-alepe-dia-14-do-11-2012-450x300.gif 450w\" sizes=\"auto, (max-width: 300px) 100vw, 300px\" \/><\/a>Em entrevista \u00e0 r\u00e1dio Grande Rio AM nesta segunda-feira, dia 8 de julho, o deputado estadual Odacy Amorim (PT-PE) lamentou mais um acidente que pode ter sido causado por animal na pista.<\/p>\n<p style=\"text-align: justify\">Desta vez o saldo tr\u00e1gico foi a morte de uma crian\u00e7a de 10 anos. O fato aconteceu pr\u00f3ximo ao munic\u00edpio de Lagoa Grande na PE-122, rodovia estadual que liga os sert\u00f5es do S\u00e3o Francisco e Araripe. O acidente envolvendo um carro Gol que vinha com cinco passageiros ocorreu nas proximidades da localidade de Barra Bonita, caminho do distrito de Juta\u00ed, interior de Lagoa Grande.<\/p>\n<p style=\"text-align: justify\">\u201cEu tenho dito isso em todos os cantos, se eu n\u00e3o conseguir pelo menos amenizar esses acidentes com a retirada dos animais das nossas estradas, vou me sentir frustrado. Estou nessa luta desde o come\u00e7o do meu mandato\u201d, resumiu o deputado.<!--more--><\/p>\n<p style=\"text-align: justify\">Odacy revelou ainda na entrevista realizada dentro do programa Opini\u00e3o, que j\u00e1 obteve por parte do presidente da Codevasf, Elmo Vaz, uma resposta positiva sobre ceder \u00e1reas de reserva legal da institui\u00e7\u00e3o localizadas nos per\u00edmetros irrigados para receber os jumentos. S\u00e3o mais de 18 mil hectares na regi\u00e3o do Salitre, em Juazeiro\/BA e mais de 3 mil hectares entre os per\u00edmetros irrigados em Petrolina.<\/p>\n<p style=\"text-align: justify\">\u201cMas o presidente me disse que depende do parecer do Minist\u00e9rio Publico Federal para poder autorizar a libera\u00e7\u00e3o dessas \u00e1reas, porque existe a alega\u00e7\u00e3o que o jumento n\u00e3o \u00e9 esp\u00e9cie nativa da caatinga e que poder\u00e1 danificar a vegeta\u00e7\u00e3o, mas pior ainda \u00e9 continuar morrendo gente por causa desse perigo que virou a nossa regi\u00e3o ao transitar por essas estradas\u201d, declarou Odacy.<\/p>\n<p style=\"text-align: justify\">Paulo Coelho \u2013 O deputado petista tamb\u00e9m aproveitou para emitir sua opini\u00e3o sobre a poss\u00edvel venda do Est\u00e1dio Municipal Paulo Coelho, cujo projeto encontras-se tramitando na C\u00e2mara de Vereadores e caso seja aprovada os recursos ser\u00e3o utilizados para a constru\u00e7\u00e3o de uma arena multiuso em Petrolina.<\/p>\n<p style=\"text-align: justify\">\u201cA princ\u00edpio sou contra a venda do est\u00e1dio, mas essa discuss\u00e3o tem que deixar fora a emo\u00e7\u00e3o e prevalecer a raz\u00e3o. Uma arena \u00e9 importante, mas mais importante para mim \u00e9 preservar os campos de futebol amador que nossa cidade disp\u00f5e, apoiar esses campeonatos que s\u00e3o amadores e que revelam talentos para o nosso futebol, tem que se garantir tudo isso. E ouvir o prefeito J\u00falio L\u00f3ssio sobre esse projeto tamb\u00e9m se faz necess\u00e1rio\u201d, avaliou Odacy Amorim.<\/p>\n<p style=\"text-align: justify\">\n","protected":false},"excerpt":{"rendered":"<p>Em entrevista \u00e0 r\u00e1dio Grande Rio AM nesta segunda-feira, dia 8 de julho, o deputado estadual Odacy Amorim (PT-PE) lamentou mais um acidente que pode ter sido causado por animal na pista. Desta vez o saldo tr\u00e1gico foi a morte de uma crian\u00e7a de 10 anos. O fato aconteceu pr\u00f3ximo ao munic\u00edpio de Lagoa Grande na PE-122, rodovia estadual que liga os sert\u00f5es do S\u00e3o Francisco e Araripe. O acidente envolvendo um carro Gol que vinha com cinco passageiros ocorreu nas proximidades da localidade de Barra Bonita, caminho do distrito de Juta\u00ed, interior de Lagoa Grande. \u201cEu tenho dito isso em todos os cantos, se eu n\u00e3o conseguir pelo menos amenizar esses acidentes com a retirada dos animais das nossas&hellip; <\/p>\n","protected":false},"author":3,"featured_media":0,"comment_status":"open","ping_status":"open","sticky":false,"template":"","format":"standard","meta":{"_acf_changed":false,"footnotes":""},"categories":[1],"tags":[],"class_list":["post-47791","post","type-post","status-publish","format-standard","hentry","category-politica"],"acf":[],"yoast_head":"<!-- This site is optimized with the Yoast SEO plugin v27.4 - https:\/\/yoast.com\/product\/yoast-seo-wordpress\/ -->\n<title>ODACY VOLTA A COBRAR SOLU\u00c7\u00c3O PARA ANIMAIS SOLTOS EM ESTRADAS SERTANEJAS E SE POSICIONA CONTRA A VENDA DO PAULO COELHO - Blog do Farn\u00e9sio<\/title>\n<meta name=\"robots\" content=\"index, follow, max-snippet:-1, max-image-preview:large, max-video-preview:-1\" \/>\n<link rel=\"canonical\" href=\"https:\/\/blogdofarnesio.com.br\/?p=47791\" \/>\n<meta property=\"og:locale\" content=\"pt_BR\" \/>\n<meta property=\"og:type\" content=\"article\" \/>\n<meta property=\"og:title\" content=\"ODACY VOLTA A COBRAR SOLU\u00c7\u00c3O PARA ANIMAIS SOLTOS EM ESTRADAS SERTANEJAS E SE POSICIONA CONTRA A VENDA DO PAULO COELHO - Blog do Farn\u00e9sio\" \/>\n<meta property=\"og:description\" content=\"Em entrevista \u00e0 r\u00e1dio Grande Rio AM nesta segunda-feira, dia 8 de julho, o deputado estadual Odacy Amorim (PT-PE) lamentou mais um acidente que pode ter sido causado por animal na pista. Desta vez o saldo tr\u00e1gico foi a morte de uma crian\u00e7a de 10 anos. O fato aconteceu pr\u00f3ximo ao munic\u00edpio de Lagoa Grande na PE-122, rodovia estadual que liga os sert\u00f5es do S\u00e3o Francisco e Araripe. O acidente envolvendo um carro Gol que vinha com cinco passageiros ocorreu nas proximidades da localidade de Barra Bonita, caminho do distrito de Juta\u00ed, interior de Lagoa Grande. \u201cEu tenho dito isso em todos os cantos, se eu n\u00e3o conseguir pelo menos amenizar esses acidentes com a retirada dos animais das nossas&hellip;\" \/>\n<meta property=\"og:url\" content=\"https:\/\/blogdofarnesio.com.br\/?p=47791\" \/>\n<meta property=\"og:site_name\" content=\"Blog do Farn\u00e9sio\" \/>\n<meta property=\"article:publisher\" content=\"https:\/\/www.facebook.com\/BlogQuerSaberPolitica\/\" \/>\n<meta property=\"article:published_time\" content=\"2013-07-09T13:40:19+00:00\" \/>\n<meta property=\"og:image\" content=\"http:\/\/www.quersaberpolitica.com.br\/2016\/wp-content\/uploads\/2013\/06\/blogqsp.odacy-poruncimmento-alepe-dia-14-do-11-2012-300x200.gif\" \/>\n<meta name=\"author\" content=\"teste\" \/>\n<meta name=\"twitter:card\" content=\"summary_large_image\" \/>\n<meta name=\"twitter:label1\" content=\"Escrito por\" \/>\n\t<meta name=\"twitter:data1\" content=\"teste\" \/>\n\t<meta name=\"twitter:label2\" content=\"Est. tempo de leitura\" \/>\n\t<meta name=\"twitter:data2\" content=\"2 minutos\" \/>\n<script type=\"application\/ld+json\" class=\"yoast-schema-graph\">{\"@context\":\"https:\\\/\\\/schema.org\",\"@graph\":[{\"@type\":\"Article\",\"@id\":\"https:\\\/\\\/blogdofarnesio.com.br\\\/?p=47791#article\",\"isPartOf\":{\"@id\":\"https:\\\/\\\/blogdofarnesio.com.br\\\/?p=47791\"},\"author\":{\"name\":\"teste\",\"@id\":\"https:\\\/\\\/blogdofarnesio.com.br\\\/#\\\/schema\\\/person\\\/dd1bf5eba40b687199ba45ca6b97dff9\"},\"headline\":\"ODACY VOLTA A COBRAR SOLU\u00c7\u00c3O PARA ANIMAIS SOLTOS EM ESTRADAS SERTANEJAS E SE POSICIONA CONTRA A VENDA DO PAULO COELHO\",\"datePublished\":\"2013-07-09T13:40:19+00:00\",\"mainEntityOfPage\":{\"@id\":\"https:\\\/\\\/blogdofarnesio.com.br\\\/?p=47791\"},\"wordCount\":438,\"commentCount\":0,\"publisher\":{\"@id\":\"https:\\\/\\\/blogdofarnesio.com.br\\\/#organization\"},\"image\":{\"@id\":\"https:\\\/\\\/blogdofarnesio.com.br\\\/?p=47791#primaryimage\"},\"thumbnailUrl\":\"http:\\\/\\\/www.quersaberpolitica.com.br\\\/2016\\\/wp-content\\\/uploads\\\/2013\\\/06\\\/blogqsp.odacy-poruncimmento-alepe-dia-14-do-11-2012-300x200.gif\",\"articleSection\":[\"Pol\u00edtica\"],\"inLanguage\":\"pt-BR\",\"potentialAction\":[{\"@type\":\"CommentAction\",\"name\":\"Comment\",\"target\":[\"https:\\\/\\\/blogdofarnesio.com.br\\\/?p=47791#respond\"]}]},{\"@type\":\"WebPage\",\"@id\":\"https:\\\/\\\/blogdofarnesio.com.br\\\/?p=47791\",\"url\":\"https:\\\/\\\/blogdofarnesio.com.br\\\/?p=47791\",\"name\":\"ODACY VOLTA A COBRAR SOLU\u00c7\u00c3O PARA ANIMAIS SOLTOS EM ESTRADAS SERTANEJAS E SE POSICIONA CONTRA A VENDA DO PAULO COELHO - Blog do Farn\u00e9sio\",\"isPartOf\":{\"@id\":\"https:\\\/\\\/blogdofarnesio.com.br\\\/#website\"},\"primaryImageOfPage\":{\"@id\":\"https:\\\/\\\/blogdofarnesio.com.br\\\/?p=47791#primaryimage\"},\"image\":{\"@id\":\"https:\\\/\\\/blogdofarnesio.com.br\\\/?p=47791#primaryimage\"},\"thumbnailUrl\":\"http:\\\/\\\/www.quersaberpolitica.com.br\\\/2016\\\/wp-content\\\/uploads\\\/2013\\\/06\\\/blogqsp.odacy-poruncimmento-alepe-dia-14-do-11-2012-300x200.gif\",\"datePublished\":\"2013-07-09T13:40:19+00:00\",\"breadcrumb\":{\"@id\":\"https:\\\/\\\/blogdofarnesio.com.br\\\/?p=47791#breadcrumb\"},\"inLanguage\":\"pt-BR\",\"potentialAction\":[{\"@type\":\"ReadAction\",\"target\":[\"https:\\\/\\\/blogdofarnesio.com.br\\\/?p=47791\"]}]},{\"@type\":\"ImageObject\",\"inLanguage\":\"pt-BR\",\"@id\":\"https:\\\/\\\/blogdofarnesio.com.br\\\/?p=47791#primaryimage\",\"url\":\"http:\\\/\\\/www.quersaberpolitica.com.br\\\/2016\\\/wp-content\\\/uploads\\\/2013\\\/06\\\/blogqsp.odacy-poruncimmento-alepe-dia-14-do-11-2012-300x200.gif\",\"contentUrl\":\"http:\\\/\\\/www.quersaberpolitica.com.br\\\/2016\\\/wp-content\\\/uploads\\\/2013\\\/06\\\/blogqsp.odacy-poruncimmento-alepe-dia-14-do-11-2012-300x200.gif\"},{\"@type\":\"BreadcrumbList\",\"@id\":\"https:\\\/\\\/blogdofarnesio.com.br\\\/?p=47791#breadcrumb\",\"itemListElement\":[{\"@type\":\"ListItem\",\"position\":1,\"name\":\"In\u00edcio\",\"item\":\"https:\\\/\\\/blogdofarnesio.com.br\\\/\"},{\"@type\":\"ListItem\",\"position\":2,\"name\":\"ODACY VOLTA A COBRAR SOLU\u00c7\u00c3O PARA ANIMAIS SOLTOS EM ESTRADAS SERTANEJAS E SE POSICIONA CONTRA A VENDA DO PAULO COELHO\"}]},{\"@type\":\"WebSite\",\"@id\":\"https:\\\/\\\/blogdofarnesio.com.br\\\/#website\",\"url\":\"https:\\\/\\\/blogdofarnesio.com.br\\\/\",\"name\":\"Blog do Farn\u00e9sio\",\"description\":\"Quer Saber Pol\u00edtica?\",\"publisher\":{\"@id\":\"https:\\\/\\\/blogdofarnesio.com.br\\\/#organization\"},\"potentialAction\":[{\"@type\":\"SearchAction\",\"target\":{\"@type\":\"EntryPoint\",\"urlTemplate\":\"https:\\\/\\\/blogdofarnesio.com.br\\\/?s={search_term_string}\"},\"query-input\":{\"@type\":\"PropertyValueSpecification\",\"valueRequired\":true,\"valueName\":\"search_term_string\"}}],\"inLanguage\":\"pt-BR\"},{\"@type\":\"Organization\",\"@id\":\"https:\\\/\\\/blogdofarnesio.com.br\\\/#organization\",\"name\":\"Blog do Farn\u00e9sio\",\"url\":\"https:\\\/\\\/blogdofarnesio.com.br\\\/\",\"logo\":{\"@type\":\"ImageObject\",\"inLanguage\":\"pt-BR\",\"@id\":\"https:\\\/\\\/blogdofarnesio.com.br\\\/#\\\/schema\\\/logo\\\/image\\\/\",\"url\":\"https:\\\/\\\/blogdofarnesio.com.br\\\/wp-content\\\/uploads\\\/2026\\\/03\\\/cropped-logo_new-1.png\",\"contentUrl\":\"https:\\\/\\\/blogdofarnesio.com.br\\\/wp-content\\\/uploads\\\/2026\\\/03\\\/cropped-logo_new-1.png\",\"width\":881,\"height\":685,\"caption\":\"Blog do Farn\u00e9sio\"},\"image\":{\"@id\":\"https:\\\/\\\/blogdofarnesio.com.br\\\/#\\\/schema\\\/logo\\\/image\\\/\"},\"sameAs\":[\"https:\\\/\\\/www.facebook.com\\\/BlogQuerSaberPolitica\\\/\"]},{\"@type\":\"Person\",\"@id\":\"https:\\\/\\\/blogdofarnesio.com.br\\\/#\\\/schema\\\/person\\\/dd1bf5eba40b687199ba45ca6b97dff9\",\"name\":\"teste\",\"image\":{\"@type\":\"ImageObject\",\"inLanguage\":\"pt-BR\",\"@id\":\"https:\\\/\\\/secure.gravatar.com\\\/avatar\\\/2172498d4914b51e1d89a0f97957b035ac4938723a5cac208135d389b6972a6d?s=96&d=mm&r=g\",\"url\":\"https:\\\/\\\/secure.gravatar.com\\\/avatar\\\/2172498d4914b51e1d89a0f97957b035ac4938723a5cac208135d389b6972a6d?s=96&d=mm&r=g\",\"contentUrl\":\"https:\\\/\\\/secure.gravatar.com\\\/avatar\\\/2172498d4914b51e1d89a0f97957b035ac4938723a5cac208135d389b6972a6d?s=96&d=mm&r=g\",\"caption\":\"teste\"},\"url\":\"https:\\\/\\\/blogdofarnesio.com.br\\\/?author=3\"}]}<\/script>\n<!-- \/ Yoast SEO plugin. -->","yoast_head_json":{"title":"ODACY VOLTA A COBRAR SOLU\u00c7\u00c3O PARA ANIMAIS SOLTOS EM ESTRADAS SERTANEJAS E SE POSICIONA CONTRA A VENDA DO PAULO COELHO - Blog do Farn\u00e9sio","robots":{"index":"index","follow":"follow","max-snippet":"max-snippet:-1","max-image-preview":"max-image-preview:large","max-video-preview":"max-video-preview:-1"},"canonical":"https:\/\/blogdofarnesio.com.br\/?p=47791","og_locale":"pt_BR","og_type":"article","og_title":"ODACY VOLTA A COBRAR SOLU\u00c7\u00c3O PARA ANIMAIS SOLTOS EM ESTRADAS SERTANEJAS E SE POSICIONA CONTRA A VENDA DO PAULO COELHO - Blog do Farn\u00e9sio","og_description":"Em entrevista \u00e0 r\u00e1dio Grande Rio AM nesta segunda-feira, dia 8 de julho, o deputado estadual Odacy Amorim (PT-PE) lamentou mais um acidente que pode ter sido causado por animal na pista. Desta vez o saldo tr\u00e1gico foi a morte de uma crian\u00e7a de 10 anos. O fato aconteceu pr\u00f3ximo ao munic\u00edpio de Lagoa Grande na PE-122, rodovia estadual que liga os sert\u00f5es do S\u00e3o Francisco e Araripe. O acidente envolvendo um carro Gol que vinha com cinco passageiros ocorreu nas proximidades da localidade de Barra Bonita, caminho do distrito de Juta\u00ed, interior de Lagoa Grande. \u201cEu tenho dito isso em todos os cantos, se eu n\u00e3o conseguir pelo menos amenizar esses acidentes com a retirada dos animais das nossas&hellip;","og_url":"https:\/\/blogdofarnesio.com.br\/?p=47791","og_site_name":"Blog do Farn\u00e9sio","article_publisher":"https:\/\/www.facebook.com\/BlogQuerSaberPolitica\/","article_published_time":"2013-07-09T13:40:19+00:00","og_image":[{"url":"http:\/\/www.quersaberpolitica.com.br\/2016\/wp-content\/uploads\/2013\/06\/blogqsp.odacy-poruncimmento-alepe-dia-14-do-11-2012-300x200.gif","type":"","width":"","height":""}],"author":"teste","twitter_card":"summary_large_image","twitter_misc":{"Escrito por":"teste","Est. tempo de leitura":"2 minutos"},"schema":{"@context":"https:\/\/schema.org","@graph":[{"@type":"Article","@id":"https:\/\/blogdofarnesio.com.br\/?p=47791#article","isPartOf":{"@id":"https:\/\/blogdofarnesio.com.br\/?p=47791"},"author":{"name":"teste","@id":"https:\/\/blogdofarnesio.com.br\/#\/schema\/person\/dd1bf5eba40b687199ba45ca6b97dff9"},"headline":"ODACY VOLTA A COBRAR SOLU\u00c7\u00c3O PARA ANIMAIS SOLTOS EM ESTRADAS SERTANEJAS E SE POSICIONA CONTRA A VENDA DO PAULO COELHO","datePublished":"2013-07-09T13:40:19+00:00","mainEntityOfPage":{"@id":"https:\/\/blogdofarnesio.com.br\/?p=47791"},"wordCount":438,"commentCount":0,"publisher":{"@id":"https:\/\/blogdofarnesio.com.br\/#organization"},"image":{"@id":"https:\/\/blogdofarnesio.com.br\/?p=47791#primaryimage"},"thumbnailUrl":"http:\/\/www.quersaberpolitica.com.br\/2016\/wp-content\/uploads\/2013\/06\/blogqsp.odacy-poruncimmento-alepe-dia-14-do-11-2012-300x200.gif","articleSection":["Pol\u00edtica"],"inLanguage":"pt-BR","potentialAction":[{"@type":"CommentAction","name":"Comment","target":["https:\/\/blogdofarnesio.com.br\/?p=47791#respond"]}]},{"@type":"WebPage","@id":"https:\/\/blogdofarnesio.com.br\/?p=47791","url":"https:\/\/blogdofarnesio.com.br\/?p=47791","name":"ODACY VOLTA A COBRAR SOLU\u00c7\u00c3O PARA ANIMAIS SOLTOS EM ESTRADAS SERTANEJAS E SE POSICIONA CONTRA A VENDA DO PAULO COELHO - Blog do Farn\u00e9sio","isPartOf":{"@id":"https:\/\/blogdofarnesio.com.br\/#website"},"primaryImageOfPage":{"@id":"https:\/\/blogdofarnesio.com.br\/?p=47791#primaryimage"},"image":{"@id":"https:\/\/blogdofarnesio.com.br\/?p=47791#primaryimage"},"thumbnailUrl":"http:\/\/www.quersaberpolitica.com.br\/2016\/wp-content\/uploads\/2013\/06\/blogqsp.odacy-poruncimmento-alepe-dia-14-do-11-2012-300x200.gif","datePublished":"2013-07-09T13:40:19+00:00","breadcrumb":{"@id":"https:\/\/blogdofarnesio.com.br\/?p=47791#breadcrumb"},"inLanguage":"pt-BR","potentialAction":[{"@type":"ReadAction","target":["https:\/\/blogdofarnesio.com.br\/?p=47791"]}]},{"@type":"ImageObject","inLanguage":"pt-BR","@id":"https:\/\/blogdofarnesio.com.br\/?p=47791#primaryimage","url":"http:\/\/www.quersaberpolitica.com.br\/2016\/wp-content\/uploads\/2013\/06\/blogqsp.odacy-poruncimmento-alepe-dia-14-do-11-2012-300x200.gif","contentUrl":"http:\/\/www.quersaberpolitica.com.br\/2016\/wp-content\/uploads\/2013\/06\/blogqsp.odacy-poruncimmento-alepe-dia-14-do-11-2012-300x200.gif"},{"@type":"BreadcrumbList","@id":"https:\/\/blogdofarnesio.com.br\/?p=47791#breadcrumb","itemListElement":[{"@type":"ListItem","position":1,"name":"In\u00edcio","item":"https:\/\/blogdofarnesio.com.br\/"},{"@type":"ListItem","position":2,"name":"ODACY VOLTA A COBRAR SOLU\u00c7\u00c3O PARA ANIMAIS SOLTOS EM ESTRADAS SERTANEJAS E SE POSICIONA CONTRA A VENDA DO PAULO COELHO"}]},{"@type":"WebSite","@id":"https:\/\/blogdofarnesio.com.br\/#website","url":"https:\/\/blogdofarnesio.com.br\/","name":"Blog do Farn\u00e9sio","description":"Quer Saber Pol\u00edtica?","publisher":{"@id":"https:\/\/blogdofarnesio.com.br\/#organization"},"potentialAction":[{"@type":"SearchAction","target":{"@type":"EntryPoint","urlTemplate":"https:\/\/blogdofarnesio.com.br\/?s={search_term_string}"},"query-input":{"@type":"PropertyValueSpecification","valueRequired":true,"valueName":"search_term_string"}}],"inLanguage":"pt-BR"},{"@type":"Organization","@id":"https:\/\/blogdofarnesio.com.br\/#organization","name":"Blog do Farn\u00e9sio","url":"https:\/\/blogdofarnesio.com.br\/","logo":{"@type":"ImageObject","inLanguage":"pt-BR","@id":"https:\/\/blogdofarnesio.com.br\/#\/schema\/logo\/image\/","url":"https:\/\/blogdofarnesio.com.br\/wp-content\/uploads\/2026\/03\/cropped-logo_new-1.png","contentUrl":"https:\/\/blogdofarnesio.com.br\/wp-content\/uploads\/2026\/03\/cropped-logo_new-1.png","width":881,"height":685,"caption":"Blog do Farn\u00e9sio"},"image":{"@id":"https:\/\/blogdofarnesio.com.br\/#\/schema\/logo\/image\/"},"sameAs":["https:\/\/www.facebook.com\/BlogQuerSaberPolitica\/"]},{"@type":"Person","@id":"https:\/\/blogdofarnesio.com.br\/#\/schema\/person\/dd1bf5eba40b687199ba45ca6b97dff9","name":"teste","image":{"@type":"ImageObject","inLanguage":"pt-BR","@id":"https:\/\/secure.gravatar.com\/avatar\/2172498d4914b51e1d89a0f97957b035ac4938723a5cac208135d389b6972a6d?s=96&d=mm&r=g","url":"https:\/\/secure.gravatar.com\/avatar\/2172498d4914b51e1d89a0f97957b035ac4938723a5cac208135d389b6972a6d?s=96&d=mm&r=g","contentUrl":"https:\/\/secure.gravatar.com\/avatar\/2172498d4914b51e1d89a0f97957b035ac4938723a5cac208135d389b6972a6d?s=96&d=mm&r=g","caption":"teste"},"url":"https:\/\/blogdofarnesio.com.br\/?author=3"}]}},"_links":{"self":[{"href":"https:\/\/blogdofarnesio.com.br\/index.php?rest_route=\/wp\/v2\/posts\/47791","targetHints":{"allow":["GET"]}}],"collection":[{"href":"https:\/\/blogdofarnesio.com.br\/index.php?rest_route=\/wp\/v2\/posts"}],"about":[{"href":"https:\/\/blogdofarnesio.com.br\/index.php?rest_route=\/wp\/v2\/types\/post"}],"author":[{"embeddable":true,"href":"https:\/\/blogdofarnesio.com.br\/index.php?rest_route=\/wp\/v2\/users\/3"}],"replies":[{"embeddable":true,"href":"https:\/\/blogdofarnesio.com.br\/index.php?rest_route=%2Fwp%2Fv2%2Fcomments&post=47791"}],"version-history":[{"count":0,"href":"https:\/\/blogdofarnesio.com.br\/index.php?rest_route=\/wp\/v2\/posts\/47791\/revisions"}],"wp:attachment":[{"href":"https:\/\/blogdofarnesio.com.br\/index.php?rest_route=%2Fwp%2Fv2%2Fmedia&parent=47791"}],"wp:term":[{"taxonomy":"category","embeddable":true,"href":"https:\/\/blogdofarnesio.com.br\/index.php?rest_route=%2Fwp%2Fv2%2Fcategories&post=47791"},{"taxonomy":"post_tag","embeddable":true,"href":"https:\/\/blogdofarnesio.com.br\/index.php?rest_route=%2Fwp%2Fv2%2Ftags&post=47791"}],"curies":[{"name":"wp","href":"https:\/\/api.w.org\/{rel}","templated":true}]}}