{"id":47766,"date":"2013-07-09T11:04:26","date_gmt":"2013-07-09T14:04:26","guid":{"rendered":"http:\/\/www.quersaberpolitica.com.br\/?p=47766"},"modified":"2013-07-09T09:11:46","modified_gmt":"2013-07-09T12:11:46","slug":"estacao-junina-do-dom-jose-rodrigues-fechou-o-sao-joao-nas-comunidades-de-juazeiro","status":"publish","type":"post","link":"https:\/\/blogdofarnesio.com.br\/?p=47766","title":{"rendered":"ESTA\u00c7\u00c3O JUNINA DO DOM JOS\u00c9 RODRIGUES FECHOU O S\u00c3O JO\u00c3O NAS COMUNIDADES DE JUAZEIRO"},"content":{"rendered":"<p style=\"text-align: justify\"><a href=\"http:\/\/www.quersaberpolitica.com.br\/2016\/wp-content\/uploads\/2013\/07\/BLOGQSP.ESTA\u00c7\u00c3O-JUNINA-DO-DOM-JOS\u00c9-RODRIGUES-FECHA-O-S\u00c3O-JO\u00c3O-NAS-COMUNIDADES-EM-JUAZEIRO.jpg\"><img loading=\"lazy\" decoding=\"async\" class=\"alignleft size-medium wp-image-47770\" alt=\"BLOGQSP.ESTA\u00c7\u00c3O JUNINA DO DOM JOS\u00c9 RODRIGUES FECHA O S\u00c3O JO\u00c3O NAS COMUNIDADES EM JUAZEIRO\" src=\"http:\/\/www.quersaberpolitica.com.br\/2016\/wp-content\/uploads\/2013\/07\/BLOGQSP.ESTA\u00c7\u00c3O-JUNINA-DO-DOM-JOS\u00c9-RODRIGUES-FECHA-O-S\u00c3O-JO\u00c3O-NAS-COMUNIDADES-EM-JUAZEIRO-300x199.jpg\" width=\"300\" height=\"199\" srcset=\"https:\/\/blogdofarnesio.com.br\/wp-content\/uploads\/2013\/07\/BLOGQSP.ESTA\u00c7\u00c3O-JUNINA-DO-DOM-JOS\u00c9-RODRIGUES-FECHA-O-S\u00c3O-JO\u00c3O-NAS-COMUNIDADES-EM-JUAZEIRO-300x199.jpg 300w, https:\/\/blogdofarnesio.com.br\/wp-content\/uploads\/2013\/07\/BLOGQSP.ESTA\u00c7\u00c3O-JUNINA-DO-DOM-JOS\u00c9-RODRIGUES-FECHA-O-S\u00c3O-JO\u00c3O-NAS-COMUNIDADES-EM-JUAZEIRO-1024x680.jpg 1024w, https:\/\/blogdofarnesio.com.br\/wp-content\/uploads\/2013\/07\/BLOGQSP.ESTA\u00c7\u00c3O-JUNINA-DO-DOM-JOS\u00c9-RODRIGUES-FECHA-O-S\u00c3O-JO\u00c3O-NAS-COMUNIDADES-EM-JUAZEIRO-451x300.jpg 451w\" sizes=\"auto, (max-width: 300px) 100vw, 300px\" \/><\/a><\/p>\n<p style=\"text-align: justify\">O projeto S\u00e3o Jo\u00e3o nas Comunidades, uma parceria da Prefeitura de Juazeiro com as Associa\u00e7\u00f5es de Moradores, encerrou as atividades no \u00faltimo fim de semana com um p\u00fablico de mais de 5 mil pessoas na esta\u00e7\u00e3o junina do bairro Dom Jos\u00e9 Rodrigues. Anteriormente, os bairros Jo\u00e3o XXIII, Quid\u00e9 e Lomanto J\u00fanior tamb\u00e9m fizeram parte da festa.<\/p>\n<p style=\"text-align: justify\">De acordo com o presidente da Associa\u00e7\u00e3o de Moradores do bairro Dom Jos\u00e9 Rodrigues, Jutahy Xavier, h\u00e1 23 anos que a festa junina \u00e9 realizada na comunidade. \u201cEste ano foi especial, porque com o apoio da prefeitura a festa cresceu, ampliou toda sua estrutura e estava muito organizada, al\u00e9m de grandes atra\u00e7\u00f5es. Agradecemos ao prefeito Isaac pelo apoio que tanto precisamos, resgatando as tradi\u00e7\u00f5es juninas aqui em Juazeiro\u201d, agradeceu o presidente.<!--more--><\/p>\n<p style=\"text-align: justify\">A comerciante Maria do Socorro foi a ganhadora da barraca mais organizada e enfeitada da esta\u00e7\u00e3o do Dom Jos\u00e9 Rodrigues. Para ela, a festa superou todas as expectativas. \u201cTivemos um S\u00e3o Jo\u00e3o maravilhoso, as vendas foram acima do que esper\u00e1vamos. Isso de fato aconteceu porque a festa foi muito bem organizada, com grandes atra\u00e7\u00f5es e com isso atraiu pessoas de outros bairros. Temos que agradecer o apoio da prefeitura, pois sem ela nada disso teria acontecido\u201d, destacou Maria.<\/p>\n<p style=\"text-align: justify\">O casal de amigos, Henrique Manoel e Zuleide de Ara\u00fajo, que residem em Petrolina, parabenizaram o munic\u00edpio. \u201cEstamos muito felizes porque Juazeiro est\u00e1 tendo a preocupa\u00e7\u00e3o de resgatar as tradi\u00e7\u00f5es juninas nos bairros. Viemos para c\u00e1 por causa das atra\u00e7\u00f5es e ficamos surpresos com a organiza\u00e7\u00e3o da festa, est\u00e1 tudo muito bonito\u201d.<\/p>\n<p style=\"text-align: justify\">Entre as atra\u00e7\u00f5es que fizeram o p\u00fablico dan\u00e7ar o tradicional forr\u00f3 nas quatro arraias esteve: Nilton Freitas, Sergio do Forr\u00f3, Flavio Bai\u00e3o, Silas, Chamego Tropical, Targino Gondim, Tinho do Acordeon, Jo\u00e3o Sereno, Renan Mendes, entre outras atra\u00e7\u00f5es. \u201cA resposta da popula\u00e7\u00e3o em rela\u00e7\u00e3o ao S\u00e3o Jo\u00e3o nas Comunidades foi muito positiva, pois as pessoas lotaram todos os finais de semana em cada bairro onde o projeto passou. As lideran\u00e7as comunit\u00e1rias foram importantes neste processo, porque em parceria com a Secretaria de Cultura conseguimos realizar um grande evento em Juazeiro\u201d, pontuou o gerente de cultura do munic\u00edpio, Wellington Monteclaro.<\/p>\n<p style=\"text-align: justify\">O prefeito Isaac Carvalho reiterou a import\u00e2ncia de fazer com que as festas sejam voltadas para as fam\u00edlias. \u201cAcredito que acertamos ao fazermos a parceria com as Associa\u00e7\u00f5es. Foram dias tranq\u00fcilos, sem viol\u00eancia, onde as fam\u00edlias participaram, se divertindo e fomentando a tradi\u00e7\u00e3o dos festejos juninos. Estamos felizes com o resultado\u201d, declarou.<\/p>\n<p style=\"text-align: justify\">No domingo (7) houve a premia\u00e7\u00e3o e a reapresenta\u00e7\u00e3o das quadrilhas campe\u00e3s no tradicional e estilizado, da rainha e princesas do milho, das brincadeiras populares, da carro\u00e7a mais enfeitada e da barraca mais organizada.<\/p>\n<p style=\"text-align: justify\">Os vencedores das quadrilhas tradicional e estilizado foram:<\/p>\n<p style=\"text-align: justify\">Tradicional<\/p>\n<p style=\"text-align: justify\">1\u00aa lugar &#8211; Quadrilha Buscap\u00e9 \u2013 bairro Quid\u00e9<\/p>\n<p style=\"text-align: justify\">2\u00aa lugar \u2013 Quadrilha do Dom Jos\u00e9 Rodrigues<\/p>\n<p style=\"text-align: justify\">Estilizado<\/p>\n<p style=\"text-align: justify\">1\u00aa lugar \u2013 Quadrilha Junina do GDEC (Cura\u00e7\u00e1)<\/p>\n<p style=\"text-align: justify\">2\u00aa lugar \u2013 Quadrilha Amor Junino \u2013 Lomanto Junior<\/p>\n<p style=\"text-align: justify\">3\u00aa lugar \u2013 Quadrilha Talento \u2013 Alto da Maravilha<\/p>\n<p style=\"text-align: justify\">4\u00aa lugar \u2013 Quadrilha Luar do Sert\u00e3o \u2013 Mani\u00e7oba<\/p>\n<p style=\"text-align: justify\">Por Luzete Nobre\/ SAAE<\/p>\n<p style=\"text-align: justify\">\n","protected":false},"excerpt":{"rendered":"<p>O projeto S\u00e3o Jo\u00e3o nas Comunidades, uma parceria da Prefeitura de Juazeiro com as Associa\u00e7\u00f5es de Moradores, encerrou as atividades no \u00faltimo fim de semana com um p\u00fablico de mais de 5 mil pessoas na esta\u00e7\u00e3o junina do bairro Dom Jos\u00e9 Rodrigues. Anteriormente, os bairros Jo\u00e3o XXIII, Quid\u00e9 e Lomanto J\u00fanior tamb\u00e9m fizeram parte da festa. De acordo com o presidente da Associa\u00e7\u00e3o de Moradores do bairro Dom Jos\u00e9 Rodrigues, Jutahy Xavier, h\u00e1 23 anos que a festa junina \u00e9 realizada na comunidade. \u201cEste ano foi especial, porque com o apoio da prefeitura a festa cresceu, ampliou toda sua estrutura e estava muito organizada, al\u00e9m de grandes atra\u00e7\u00f5es. Agradecemos ao prefeito Isaac pelo apoio que tanto precisamos, resgatando as tradi\u00e7\u00f5es&hellip; <\/p>\n","protected":false},"author":3,"featured_media":0,"comment_status":"open","ping_status":"open","sticky":false,"template":"","format":"standard","meta":{"_acf_changed":false,"footnotes":""},"categories":[3],"tags":[],"class_list":["post-47766","post","type-post","status-publish","format-standard","hentry","category-entretenimento"],"acf":[],"yoast_head":"<!-- This site is optimized with the Yoast SEO plugin v27.4 - https:\/\/yoast.com\/product\/yoast-seo-wordpress\/ -->\n<title>ESTA\u00c7\u00c3O JUNINA DO DOM JOS\u00c9 RODRIGUES FECHOU O S\u00c3O JO\u00c3O NAS COMUNIDADES DE JUAZEIRO - Blog do Farn\u00e9sio<\/title>\n<meta name=\"robots\" content=\"index, follow, max-snippet:-1, max-image-preview:large, max-video-preview:-1\" \/>\n<link rel=\"canonical\" href=\"https:\/\/blogdofarnesio.com.br\/?p=47766\" \/>\n<meta property=\"og:locale\" content=\"pt_BR\" \/>\n<meta property=\"og:type\" content=\"article\" \/>\n<meta property=\"og:title\" content=\"ESTA\u00c7\u00c3O JUNINA DO DOM JOS\u00c9 RODRIGUES FECHOU O S\u00c3O JO\u00c3O NAS COMUNIDADES DE JUAZEIRO - Blog do Farn\u00e9sio\" \/>\n<meta property=\"og:description\" content=\"O projeto S\u00e3o Jo\u00e3o nas Comunidades, uma parceria da Prefeitura de Juazeiro com as Associa\u00e7\u00f5es de Moradores, encerrou as atividades no \u00faltimo fim de semana com um p\u00fablico de mais de 5 mil pessoas na esta\u00e7\u00e3o junina do bairro Dom Jos\u00e9 Rodrigues. Anteriormente, os bairros Jo\u00e3o XXIII, Quid\u00e9 e Lomanto J\u00fanior tamb\u00e9m fizeram parte da festa. De acordo com o presidente da Associa\u00e7\u00e3o de Moradores do bairro Dom Jos\u00e9 Rodrigues, Jutahy Xavier, h\u00e1 23 anos que a festa junina \u00e9 realizada na comunidade. \u201cEste ano foi especial, porque com o apoio da prefeitura a festa cresceu, ampliou toda sua estrutura e estava muito organizada, al\u00e9m de grandes atra\u00e7\u00f5es. Agradecemos ao prefeito Isaac pelo apoio que tanto precisamos, resgatando as tradi\u00e7\u00f5es&hellip;\" \/>\n<meta property=\"og:url\" content=\"https:\/\/blogdofarnesio.com.br\/?p=47766\" \/>\n<meta property=\"og:site_name\" content=\"Blog do Farn\u00e9sio\" \/>\n<meta property=\"article:publisher\" content=\"https:\/\/www.facebook.com\/BlogQuerSaberPolitica\/\" \/>\n<meta property=\"article:published_time\" content=\"2013-07-09T14:04:26+00:00\" \/>\n<meta name=\"author\" content=\"teste\" \/>\n<meta name=\"twitter:card\" content=\"summary_large_image\" \/>\n<meta name=\"twitter:label1\" content=\"Escrito por\" \/>\n\t<meta name=\"twitter:data1\" content=\"teste\" \/>\n\t<meta name=\"twitter:label2\" content=\"Est. tempo de leitura\" \/>\n\t<meta name=\"twitter:data2\" content=\"3 minutos\" \/>\n<script type=\"application\/ld+json\" class=\"yoast-schema-graph\">{\"@context\":\"https:\\\/\\\/schema.org\",\"@graph\":[{\"@type\":\"Article\",\"@id\":\"https:\\\/\\\/blogdofarnesio.com.br\\\/?p=47766#article\",\"isPartOf\":{\"@id\":\"https:\\\/\\\/blogdofarnesio.com.br\\\/?p=47766\"},\"author\":{\"name\":\"teste\",\"@id\":\"https:\\\/\\\/blogdofarnesio.com.br\\\/#\\\/schema\\\/person\\\/dd1bf5eba40b687199ba45ca6b97dff9\"},\"headline\":\"ESTA\u00c7\u00c3O JUNINA DO DOM JOS\u00c9 RODRIGUES FECHOU O S\u00c3O JO\u00c3O NAS COMUNIDADES DE JUAZEIRO\",\"datePublished\":\"2013-07-09T14:04:26+00:00\",\"mainEntityOfPage\":{\"@id\":\"https:\\\/\\\/blogdofarnesio.com.br\\\/?p=47766\"},\"wordCount\":553,\"commentCount\":0,\"publisher\":{\"@id\":\"https:\\\/\\\/blogdofarnesio.com.br\\\/#organization\"},\"articleSection\":[\"Entretenimento\"],\"inLanguage\":\"pt-BR\",\"potentialAction\":[{\"@type\":\"CommentAction\",\"name\":\"Comment\",\"target\":[\"https:\\\/\\\/blogdofarnesio.com.br\\\/?p=47766#respond\"]}]},{\"@type\":\"WebPage\",\"@id\":\"https:\\\/\\\/blogdofarnesio.com.br\\\/?p=47766\",\"url\":\"https:\\\/\\\/blogdofarnesio.com.br\\\/?p=47766\",\"name\":\"ESTA\u00c7\u00c3O JUNINA DO DOM JOS\u00c9 RODRIGUES FECHOU O S\u00c3O JO\u00c3O NAS COMUNIDADES DE JUAZEIRO - Blog do Farn\u00e9sio\",\"isPartOf\":{\"@id\":\"https:\\\/\\\/blogdofarnesio.com.br\\\/#website\"},\"datePublished\":\"2013-07-09T14:04:26+00:00\",\"breadcrumb\":{\"@id\":\"https:\\\/\\\/blogdofarnesio.com.br\\\/?p=47766#breadcrumb\"},\"inLanguage\":\"pt-BR\",\"potentialAction\":[{\"@type\":\"ReadAction\",\"target\":[\"https:\\\/\\\/blogdofarnesio.com.br\\\/?p=47766\"]}]},{\"@type\":\"BreadcrumbList\",\"@id\":\"https:\\\/\\\/blogdofarnesio.com.br\\\/?p=47766#breadcrumb\",\"itemListElement\":[{\"@type\":\"ListItem\",\"position\":1,\"name\":\"In\u00edcio\",\"item\":\"https:\\\/\\\/blogdofarnesio.com.br\\\/\"},{\"@type\":\"ListItem\",\"position\":2,\"name\":\"ESTA\u00c7\u00c3O JUNINA DO DOM JOS\u00c9 RODRIGUES FECHOU O S\u00c3O JO\u00c3O NAS COMUNIDADES DE JUAZEIRO\"}]},{\"@type\":\"WebSite\",\"@id\":\"https:\\\/\\\/blogdofarnesio.com.br\\\/#website\",\"url\":\"https:\\\/\\\/blogdofarnesio.com.br\\\/\",\"name\":\"Blog do Farn\u00e9sio\",\"description\":\"Quer Saber Pol\u00edtica?\",\"publisher\":{\"@id\":\"https:\\\/\\\/blogdofarnesio.com.br\\\/#organization\"},\"potentialAction\":[{\"@type\":\"SearchAction\",\"target\":{\"@type\":\"EntryPoint\",\"urlTemplate\":\"https:\\\/\\\/blogdofarnesio.com.br\\\/?s={search_term_string}\"},\"query-input\":{\"@type\":\"PropertyValueSpecification\",\"valueRequired\":true,\"valueName\":\"search_term_string\"}}],\"inLanguage\":\"pt-BR\"},{\"@type\":\"Organization\",\"@id\":\"https:\\\/\\\/blogdofarnesio.com.br\\\/#organization\",\"name\":\"Blog do Farn\u00e9sio\",\"url\":\"https:\\\/\\\/blogdofarnesio.com.br\\\/\",\"logo\":{\"@type\":\"ImageObject\",\"inLanguage\":\"pt-BR\",\"@id\":\"https:\\\/\\\/blogdofarnesio.com.br\\\/#\\\/schema\\\/logo\\\/image\\\/\",\"url\":\"https:\\\/\\\/blogdofarnesio.com.br\\\/wp-content\\\/uploads\\\/2026\\\/03\\\/cropped-logo_new-1.png\",\"contentUrl\":\"https:\\\/\\\/blogdofarnesio.com.br\\\/wp-content\\\/uploads\\\/2026\\\/03\\\/cropped-logo_new-1.png\",\"width\":881,\"height\":685,\"caption\":\"Blog do Farn\u00e9sio\"},\"image\":{\"@id\":\"https:\\\/\\\/blogdofarnesio.com.br\\\/#\\\/schema\\\/logo\\\/image\\\/\"},\"sameAs\":[\"https:\\\/\\\/www.facebook.com\\\/BlogQuerSaberPolitica\\\/\"]},{\"@type\":\"Person\",\"@id\":\"https:\\\/\\\/blogdofarnesio.com.br\\\/#\\\/schema\\\/person\\\/dd1bf5eba40b687199ba45ca6b97dff9\",\"name\":\"teste\",\"image\":{\"@type\":\"ImageObject\",\"inLanguage\":\"pt-BR\",\"@id\":\"https:\\\/\\\/secure.gravatar.com\\\/avatar\\\/2172498d4914b51e1d89a0f97957b035ac4938723a5cac208135d389b6972a6d?s=96&d=mm&r=g\",\"url\":\"https:\\\/\\\/secure.gravatar.com\\\/avatar\\\/2172498d4914b51e1d89a0f97957b035ac4938723a5cac208135d389b6972a6d?s=96&d=mm&r=g\",\"contentUrl\":\"https:\\\/\\\/secure.gravatar.com\\\/avatar\\\/2172498d4914b51e1d89a0f97957b035ac4938723a5cac208135d389b6972a6d?s=96&d=mm&r=g\",\"caption\":\"teste\"},\"url\":\"https:\\\/\\\/blogdofarnesio.com.br\\\/?author=3\"}]}<\/script>\n<!-- \/ Yoast SEO plugin. -->","yoast_head_json":{"title":"ESTA\u00c7\u00c3O JUNINA DO DOM JOS\u00c9 RODRIGUES FECHOU O S\u00c3O JO\u00c3O NAS COMUNIDADES DE JUAZEIRO - Blog do Farn\u00e9sio","robots":{"index":"index","follow":"follow","max-snippet":"max-snippet:-1","max-image-preview":"max-image-preview:large","max-video-preview":"max-video-preview:-1"},"canonical":"https:\/\/blogdofarnesio.com.br\/?p=47766","og_locale":"pt_BR","og_type":"article","og_title":"ESTA\u00c7\u00c3O JUNINA DO DOM JOS\u00c9 RODRIGUES FECHOU O S\u00c3O JO\u00c3O NAS COMUNIDADES DE JUAZEIRO - Blog do Farn\u00e9sio","og_description":"O projeto S\u00e3o Jo\u00e3o nas Comunidades, uma parceria da Prefeitura de Juazeiro com as Associa\u00e7\u00f5es de Moradores, encerrou as atividades no \u00faltimo fim de semana com um p\u00fablico de mais de 5 mil pessoas na esta\u00e7\u00e3o junina do bairro Dom Jos\u00e9 Rodrigues. Anteriormente, os bairros Jo\u00e3o XXIII, Quid\u00e9 e Lomanto J\u00fanior tamb\u00e9m fizeram parte da festa. De acordo com o presidente da Associa\u00e7\u00e3o de Moradores do bairro Dom Jos\u00e9 Rodrigues, Jutahy Xavier, h\u00e1 23 anos que a festa junina \u00e9 realizada na comunidade. \u201cEste ano foi especial, porque com o apoio da prefeitura a festa cresceu, ampliou toda sua estrutura e estava muito organizada, al\u00e9m de grandes atra\u00e7\u00f5es. Agradecemos ao prefeito Isaac pelo apoio que tanto precisamos, resgatando as tradi\u00e7\u00f5es&hellip;","og_url":"https:\/\/blogdofarnesio.com.br\/?p=47766","og_site_name":"Blog do Farn\u00e9sio","article_publisher":"https:\/\/www.facebook.com\/BlogQuerSaberPolitica\/","article_published_time":"2013-07-09T14:04:26+00:00","author":"teste","twitter_card":"summary_large_image","twitter_misc":{"Escrito por":"teste","Est. tempo de leitura":"3 minutos"},"schema":{"@context":"https:\/\/schema.org","@graph":[{"@type":"Article","@id":"https:\/\/blogdofarnesio.com.br\/?p=47766#article","isPartOf":{"@id":"https:\/\/blogdofarnesio.com.br\/?p=47766"},"author":{"name":"teste","@id":"https:\/\/blogdofarnesio.com.br\/#\/schema\/person\/dd1bf5eba40b687199ba45ca6b97dff9"},"headline":"ESTA\u00c7\u00c3O JUNINA DO DOM JOS\u00c9 RODRIGUES FECHOU O S\u00c3O JO\u00c3O NAS COMUNIDADES DE JUAZEIRO","datePublished":"2013-07-09T14:04:26+00:00","mainEntityOfPage":{"@id":"https:\/\/blogdofarnesio.com.br\/?p=47766"},"wordCount":553,"commentCount":0,"publisher":{"@id":"https:\/\/blogdofarnesio.com.br\/#organization"},"articleSection":["Entretenimento"],"inLanguage":"pt-BR","potentialAction":[{"@type":"CommentAction","name":"Comment","target":["https:\/\/blogdofarnesio.com.br\/?p=47766#respond"]}]},{"@type":"WebPage","@id":"https:\/\/blogdofarnesio.com.br\/?p=47766","url":"https:\/\/blogdofarnesio.com.br\/?p=47766","name":"ESTA\u00c7\u00c3O JUNINA DO DOM JOS\u00c9 RODRIGUES FECHOU O S\u00c3O JO\u00c3O NAS COMUNIDADES DE JUAZEIRO - Blog do Farn\u00e9sio","isPartOf":{"@id":"https:\/\/blogdofarnesio.com.br\/#website"},"datePublished":"2013-07-09T14:04:26+00:00","breadcrumb":{"@id":"https:\/\/blogdofarnesio.com.br\/?p=47766#breadcrumb"},"inLanguage":"pt-BR","potentialAction":[{"@type":"ReadAction","target":["https:\/\/blogdofarnesio.com.br\/?p=47766"]}]},{"@type":"BreadcrumbList","@id":"https:\/\/blogdofarnesio.com.br\/?p=47766#breadcrumb","itemListElement":[{"@type":"ListItem","position":1,"name":"In\u00edcio","item":"https:\/\/blogdofarnesio.com.br\/"},{"@type":"ListItem","position":2,"name":"ESTA\u00c7\u00c3O JUNINA DO DOM JOS\u00c9 RODRIGUES FECHOU O S\u00c3O JO\u00c3O NAS COMUNIDADES DE JUAZEIRO"}]},{"@type":"WebSite","@id":"https:\/\/blogdofarnesio.com.br\/#website","url":"https:\/\/blogdofarnesio.com.br\/","name":"Blog do Farn\u00e9sio","description":"Quer Saber Pol\u00edtica?","publisher":{"@id":"https:\/\/blogdofarnesio.com.br\/#organization"},"potentialAction":[{"@type":"SearchAction","target":{"@type":"EntryPoint","urlTemplate":"https:\/\/blogdofarnesio.com.br\/?s={search_term_string}"},"query-input":{"@type":"PropertyValueSpecification","valueRequired":true,"valueName":"search_term_string"}}],"inLanguage":"pt-BR"},{"@type":"Organization","@id":"https:\/\/blogdofarnesio.com.br\/#organization","name":"Blog do Farn\u00e9sio","url":"https:\/\/blogdofarnesio.com.br\/","logo":{"@type":"ImageObject","inLanguage":"pt-BR","@id":"https:\/\/blogdofarnesio.com.br\/#\/schema\/logo\/image\/","url":"https:\/\/blogdofarnesio.com.br\/wp-content\/uploads\/2026\/03\/cropped-logo_new-1.png","contentUrl":"https:\/\/blogdofarnesio.com.br\/wp-content\/uploads\/2026\/03\/cropped-logo_new-1.png","width":881,"height":685,"caption":"Blog do Farn\u00e9sio"},"image":{"@id":"https:\/\/blogdofarnesio.com.br\/#\/schema\/logo\/image\/"},"sameAs":["https:\/\/www.facebook.com\/BlogQuerSaberPolitica\/"]},{"@type":"Person","@id":"https:\/\/blogdofarnesio.com.br\/#\/schema\/person\/dd1bf5eba40b687199ba45ca6b97dff9","name":"teste","image":{"@type":"ImageObject","inLanguage":"pt-BR","@id":"https:\/\/secure.gravatar.com\/avatar\/2172498d4914b51e1d89a0f97957b035ac4938723a5cac208135d389b6972a6d?s=96&d=mm&r=g","url":"https:\/\/secure.gravatar.com\/avatar\/2172498d4914b51e1d89a0f97957b035ac4938723a5cac208135d389b6972a6d?s=96&d=mm&r=g","contentUrl":"https:\/\/secure.gravatar.com\/avatar\/2172498d4914b51e1d89a0f97957b035ac4938723a5cac208135d389b6972a6d?s=96&d=mm&r=g","caption":"teste"},"url":"https:\/\/blogdofarnesio.com.br\/?author=3"}]}},"_links":{"self":[{"href":"https:\/\/blogdofarnesio.com.br\/index.php?rest_route=\/wp\/v2\/posts\/47766","targetHints":{"allow":["GET"]}}],"collection":[{"href":"https:\/\/blogdofarnesio.com.br\/index.php?rest_route=\/wp\/v2\/posts"}],"about":[{"href":"https:\/\/blogdofarnesio.com.br\/index.php?rest_route=\/wp\/v2\/types\/post"}],"author":[{"embeddable":true,"href":"https:\/\/blogdofarnesio.com.br\/index.php?rest_route=\/wp\/v2\/users\/3"}],"replies":[{"embeddable":true,"href":"https:\/\/blogdofarnesio.com.br\/index.php?rest_route=%2Fwp%2Fv2%2Fcomments&post=47766"}],"version-history":[{"count":0,"href":"https:\/\/blogdofarnesio.com.br\/index.php?rest_route=\/wp\/v2\/posts\/47766\/revisions"}],"wp:attachment":[{"href":"https:\/\/blogdofarnesio.com.br\/index.php?rest_route=%2Fwp%2Fv2%2Fmedia&parent=47766"}],"wp:term":[{"taxonomy":"category","embeddable":true,"href":"https:\/\/blogdofarnesio.com.br\/index.php?rest_route=%2Fwp%2Fv2%2Fcategories&post=47766"},{"taxonomy":"post_tag","embeddable":true,"href":"https:\/\/blogdofarnesio.com.br\/index.php?rest_route=%2Fwp%2Fv2%2Ftags&post=47766"}],"curies":[{"name":"wp","href":"https:\/\/api.w.org\/{rel}","templated":true}]}}