{"id":47706,"date":"2013-07-09T15:02:22","date_gmt":"2013-07-09T18:02:22","guid":{"rendered":"http:\/\/www.quersaberpolitica.com.br\/?p=47706"},"modified":"2013-07-09T13:04:34","modified_gmt":"2013-07-09T16:04:34","slug":"campanha-pretende-conscientizar-sobre-os-direitos-da-pessoa-com-deficiencia-no-transitosem-foto","status":"publish","type":"post","link":"https:\/\/blogdofarnesio.com.br\/?p=47706","title":{"rendered":"CAMPANHA PRETENDE CONSCIENTIZAR SOBRE OS DIREITOS DA PESSOA COM DEFICI\u00caNCIA NO TR\u00c2NSITO"},"content":{"rendered":"<p style=\"text-align: justify\"><a href=\"http:\/\/www.quersaberpolitica.com.br\/2016\/wp-content\/uploads\/2013\/05\/blogqsp.acessibilidade.jpg\"><img loading=\"lazy\" decoding=\"async\" class=\"alignleft size-medium wp-image-40638\" alt=\"blogqsp.acessibilidade\" src=\"http:\/\/www.quersaberpolitica.com.br\/2016\/wp-content\/uploads\/2013\/05\/blogqsp.acessibilidade-300x139.jpg\" width=\"300\" height=\"139\" srcset=\"https:\/\/blogdofarnesio.com.br\/wp-content\/uploads\/2013\/05\/blogqsp.acessibilidade-300x139.jpg 300w, https:\/\/blogdofarnesio.com.br\/wp-content\/uploads\/2013\/05\/blogqsp.acessibilidade.jpg 329w\" sizes=\"auto, (max-width: 300px) 100vw, 300px\" \/><\/a>Uma cena que infelizmente \u00e9 registrada no tr\u00e2nsito de cidades de m\u00e9dio e grande porte diz respeito \u00e0 ocupa\u00e7\u00e3o ilegal de vagas de estacionamento que s\u00e3o destinadas \u00e0s pessoas com defici\u00eancia.<\/p>\n<p style=\"text-align: justify\">Outra situa\u00e7\u00e3o que tamb\u00e9m se observa \u00e9 o fato de muitos motoristas n\u00e3o esperarem a passagem de pessoas com mobilidade reduzida em faixas de pedestres.<\/p>\n<p style=\"text-align: justify\">Com o objetivo de evitar que cenas como estas aconte\u00e7am com freq\u00fc\u00eancia em Petrolina, a Empresa Petrolinense de Tr\u00e2nsito e Transporte Coletivo (EPTTC) &#8211; em parceria com a Secretaria de Acessibilidade, Pol\u00edcia Militar, Setransvaf e empresas privadas da regi\u00e3o \u2013 lan\u00e7a nesta ter\u00e7a (09), a campanha &#8216; T\u00e1 Dif\u00edcil para voc\u00ea? Imagine para n\u00f3s!&#8217;. A primeira blitz de conscientiza\u00e7\u00e3o acontece \u00e0s 7h30, na avenida Guararapes, nas imedia\u00e7\u00f5es da Pra\u00e7a das Algarobas.<!--more--><\/p>\n<p style=\"text-align: justify\">A id\u00e9ia dos \u00f3rg\u00e3os envolvidos \u00e9 conversar e tirar d\u00favidas da popula\u00e7\u00e3o, al\u00e9m de distribuir panfletos e outros materiais de divulga\u00e7\u00e3o. \u201cA maior queixa que recebemos \u00e9 sobre o uso indevido do estacionamento para deficientes e isso tanto no centro da cidade como nos estacionamentos de empresas privadas. Esperamos que o saldo da campanha seja bastante positivo, pois atrav\u00e9s do conhecimento das leis as pessoas poder\u00e3o nos ajudar a promover o bem estar de toda a comunidade\u201d, frisa a secret\u00e1ria de Acessibilidade de Petrolina, Rosemary Andrade.<\/p>\n<p style=\"text-align: justify\">Devem participar desta iniciativa, agentes de tr\u00e2nsito, policiais militares, equipe da secretaria de Acessibilidade e fiscais de tr\u00e2nsito. \u201cPretendemos sensibilizar a popula\u00e7\u00e3o de Petrolina quanto ao respeito \u00e0s leis de tr\u00e2nsito e ao atendimento \u00e0s pessoas com defici\u00eancia nos sinais, nas faixas de pedestres e nos estacionamentos distribu\u00eddos na cidade\u201d, ressalta o coordenador de Educa\u00e7\u00e3o para o Tr\u00e2nsito da EPTTC, Jilmar Barros.<\/p>\n<p style=\"text-align: justify\">As pr\u00f3ximas mobiliza\u00e7\u00f5es da campanha est\u00e3o marcadas para acontecer no dia 15, na Avenida Monsenhor \u00c2ngelo Sampaio pr\u00f3ximo ao Col\u00e9gio Adelina Almeida; dia 23 na Avenida da Integra\u00e7\u00e3o nas imedia\u00e7\u00f5es da secretaria de Obras; e dia 29 na Avenida Jos\u00e9 de S\u00e1 Mani\u00e7oba, pr\u00f3ximo ao Centro de Reabilita\u00e7\u00e3o Visual.<\/p>\n","protected":false},"excerpt":{"rendered":"<p>Uma cena que infelizmente \u00e9 registrada no tr\u00e2nsito de cidades de m\u00e9dio e grande porte diz respeito \u00e0 ocupa\u00e7\u00e3o ilegal de vagas de estacionamento que s\u00e3o destinadas \u00e0s pessoas com defici\u00eancia. Outra situa\u00e7\u00e3o que tamb\u00e9m se observa \u00e9 o fato de muitos motoristas n\u00e3o esperarem a passagem de pessoas com mobilidade reduzida em faixas de pedestres. Com o objetivo de evitar que cenas como estas aconte\u00e7am com freq\u00fc\u00eancia em Petrolina, a Empresa Petrolinense de Tr\u00e2nsito e Transporte Coletivo (EPTTC) &#8211; em parceria com a Secretaria de Acessibilidade, Pol\u00edcia Militar, Setransvaf e empresas privadas da regi\u00e3o \u2013 lan\u00e7a nesta ter\u00e7a (09), a campanha &#8216; T\u00e1 Dif\u00edcil para voc\u00ea? Imagine para n\u00f3s!&#8217;. A primeira blitz de conscientiza\u00e7\u00e3o acontece \u00e0s 7h30, na avenida&hellip; <\/p>\n","protected":false},"author":3,"featured_media":0,"comment_status":"open","ping_status":"open","sticky":false,"template":"","format":"standard","meta":{"_acf_changed":false,"footnotes":""},"categories":[22,21],"tags":[],"class_list":["post-47706","post","type-post","status-publish","format-standard","hentry","category-acao-social","category-transito"],"acf":[],"yoast_head":"<!-- This site is optimized with the Yoast SEO plugin v27.4 - https:\/\/yoast.com\/product\/yoast-seo-wordpress\/ -->\n<title>CAMPANHA PRETENDE CONSCIENTIZAR SOBRE OS DIREITOS DA PESSOA COM DEFICI\u00caNCIA NO TR\u00c2NSITO - Blog do Farn\u00e9sio<\/title>\n<meta name=\"robots\" content=\"index, follow, max-snippet:-1, max-image-preview:large, max-video-preview:-1\" \/>\n<link rel=\"canonical\" href=\"https:\/\/blogdofarnesio.com.br\/?p=47706\" \/>\n<meta property=\"og:locale\" content=\"pt_BR\" \/>\n<meta property=\"og:type\" content=\"article\" \/>\n<meta property=\"og:title\" content=\"CAMPANHA PRETENDE CONSCIENTIZAR SOBRE OS DIREITOS DA PESSOA COM DEFICI\u00caNCIA NO TR\u00c2NSITO - Blog do Farn\u00e9sio\" \/>\n<meta property=\"og:description\" content=\"Uma cena que infelizmente \u00e9 registrada no tr\u00e2nsito de cidades de m\u00e9dio e grande porte diz respeito \u00e0 ocupa\u00e7\u00e3o ilegal de vagas de estacionamento que s\u00e3o destinadas \u00e0s pessoas com defici\u00eancia. Outra situa\u00e7\u00e3o que tamb\u00e9m se observa \u00e9 o fato de muitos motoristas n\u00e3o esperarem a passagem de pessoas com mobilidade reduzida em faixas de pedestres. Com o objetivo de evitar que cenas como estas aconte\u00e7am com freq\u00fc\u00eancia em Petrolina, a Empresa Petrolinense de Tr\u00e2nsito e Transporte Coletivo (EPTTC) &#8211; em parceria com a Secretaria de Acessibilidade, Pol\u00edcia Militar, Setransvaf e empresas privadas da regi\u00e3o \u2013 lan\u00e7a nesta ter\u00e7a (09), a campanha &#8216; T\u00e1 Dif\u00edcil para voc\u00ea? Imagine para n\u00f3s!&#8217;. A primeira blitz de conscientiza\u00e7\u00e3o acontece \u00e0s 7h30, na avenida&hellip;\" \/>\n<meta property=\"og:url\" content=\"https:\/\/blogdofarnesio.com.br\/?p=47706\" \/>\n<meta property=\"og:site_name\" content=\"Blog do Farn\u00e9sio\" \/>\n<meta property=\"article:publisher\" content=\"https:\/\/www.facebook.com\/BlogQuerSaberPolitica\/\" \/>\n<meta property=\"article:published_time\" content=\"2013-07-09T18:02:22+00:00\" \/>\n<meta property=\"og:image\" content=\"http:\/\/www.quersaberpolitica.com.br\/2016\/wp-content\/uploads\/2013\/05\/blogqsp.acessibilidade-300x139.jpg\" \/>\n<meta name=\"author\" content=\"teste\" \/>\n<meta name=\"twitter:card\" content=\"summary_large_image\" \/>\n<meta name=\"twitter:label1\" content=\"Escrito por\" \/>\n\t<meta name=\"twitter:data1\" content=\"teste\" \/>\n\t<meta name=\"twitter:label2\" content=\"Est. tempo de leitura\" \/>\n\t<meta name=\"twitter:data2\" content=\"2 minutos\" \/>\n<script type=\"application\/ld+json\" class=\"yoast-schema-graph\">{\"@context\":\"https:\\\/\\\/schema.org\",\"@graph\":[{\"@type\":\"Article\",\"@id\":\"https:\\\/\\\/blogdofarnesio.com.br\\\/?p=47706#article\",\"isPartOf\":{\"@id\":\"https:\\\/\\\/blogdofarnesio.com.br\\\/?p=47706\"},\"author\":{\"name\":\"teste\",\"@id\":\"https:\\\/\\\/blogdofarnesio.com.br\\\/#\\\/schema\\\/person\\\/dd1bf5eba40b687199ba45ca6b97dff9\"},\"headline\":\"CAMPANHA PRETENDE CONSCIENTIZAR SOBRE OS DIREITOS DA PESSOA COM DEFICI\u00caNCIA NO TR\u00c2NSITO\",\"datePublished\":\"2013-07-09T18:02:22+00:00\",\"mainEntityOfPage\":{\"@id\":\"https:\\\/\\\/blogdofarnesio.com.br\\\/?p=47706\"},\"wordCount\":374,\"commentCount\":0,\"publisher\":{\"@id\":\"https:\\\/\\\/blogdofarnesio.com.br\\\/#organization\"},\"image\":{\"@id\":\"https:\\\/\\\/blogdofarnesio.com.br\\\/?p=47706#primaryimage\"},\"thumbnailUrl\":\"http:\\\/\\\/www.quersaberpolitica.com.br\\\/2016\\\/wp-content\\\/uploads\\\/2013\\\/05\\\/blogqsp.acessibilidade-300x139.jpg\",\"articleSection\":[\"A\u00e7\u00e3o Social\",\"Tr\u00e2nsito\"],\"inLanguage\":\"pt-BR\",\"potentialAction\":[{\"@type\":\"CommentAction\",\"name\":\"Comment\",\"target\":[\"https:\\\/\\\/blogdofarnesio.com.br\\\/?p=47706#respond\"]}]},{\"@type\":\"WebPage\",\"@id\":\"https:\\\/\\\/blogdofarnesio.com.br\\\/?p=47706\",\"url\":\"https:\\\/\\\/blogdofarnesio.com.br\\\/?p=47706\",\"name\":\"CAMPANHA PRETENDE CONSCIENTIZAR SOBRE OS DIREITOS DA PESSOA COM DEFICI\u00caNCIA NO TR\u00c2NSITO - Blog do Farn\u00e9sio\",\"isPartOf\":{\"@id\":\"https:\\\/\\\/blogdofarnesio.com.br\\\/#website\"},\"primaryImageOfPage\":{\"@id\":\"https:\\\/\\\/blogdofarnesio.com.br\\\/?p=47706#primaryimage\"},\"image\":{\"@id\":\"https:\\\/\\\/blogdofarnesio.com.br\\\/?p=47706#primaryimage\"},\"thumbnailUrl\":\"http:\\\/\\\/www.quersaberpolitica.com.br\\\/2016\\\/wp-content\\\/uploads\\\/2013\\\/05\\\/blogqsp.acessibilidade-300x139.jpg\",\"datePublished\":\"2013-07-09T18:02:22+00:00\",\"breadcrumb\":{\"@id\":\"https:\\\/\\\/blogdofarnesio.com.br\\\/?p=47706#breadcrumb\"},\"inLanguage\":\"pt-BR\",\"potentialAction\":[{\"@type\":\"ReadAction\",\"target\":[\"https:\\\/\\\/blogdofarnesio.com.br\\\/?p=47706\"]}]},{\"@type\":\"ImageObject\",\"inLanguage\":\"pt-BR\",\"@id\":\"https:\\\/\\\/blogdofarnesio.com.br\\\/?p=47706#primaryimage\",\"url\":\"http:\\\/\\\/www.quersaberpolitica.com.br\\\/2016\\\/wp-content\\\/uploads\\\/2013\\\/05\\\/blogqsp.acessibilidade-300x139.jpg\",\"contentUrl\":\"http:\\\/\\\/www.quersaberpolitica.com.br\\\/2016\\\/wp-content\\\/uploads\\\/2013\\\/05\\\/blogqsp.acessibilidade-300x139.jpg\"},{\"@type\":\"BreadcrumbList\",\"@id\":\"https:\\\/\\\/blogdofarnesio.com.br\\\/?p=47706#breadcrumb\",\"itemListElement\":[{\"@type\":\"ListItem\",\"position\":1,\"name\":\"In\u00edcio\",\"item\":\"https:\\\/\\\/blogdofarnesio.com.br\\\/\"},{\"@type\":\"ListItem\",\"position\":2,\"name\":\"CAMPANHA PRETENDE CONSCIENTIZAR SOBRE OS DIREITOS DA PESSOA COM DEFICI\u00caNCIA NO TR\u00c2NSITO\"}]},{\"@type\":\"WebSite\",\"@id\":\"https:\\\/\\\/blogdofarnesio.com.br\\\/#website\",\"url\":\"https:\\\/\\\/blogdofarnesio.com.br\\\/\",\"name\":\"Blog do Farn\u00e9sio\",\"description\":\"Quer Saber Pol\u00edtica?\",\"publisher\":{\"@id\":\"https:\\\/\\\/blogdofarnesio.com.br\\\/#organization\"},\"potentialAction\":[{\"@type\":\"SearchAction\",\"target\":{\"@type\":\"EntryPoint\",\"urlTemplate\":\"https:\\\/\\\/blogdofarnesio.com.br\\\/?s={search_term_string}\"},\"query-input\":{\"@type\":\"PropertyValueSpecification\",\"valueRequired\":true,\"valueName\":\"search_term_string\"}}],\"inLanguage\":\"pt-BR\"},{\"@type\":\"Organization\",\"@id\":\"https:\\\/\\\/blogdofarnesio.com.br\\\/#organization\",\"name\":\"Blog do Farn\u00e9sio\",\"url\":\"https:\\\/\\\/blogdofarnesio.com.br\\\/\",\"logo\":{\"@type\":\"ImageObject\",\"inLanguage\":\"pt-BR\",\"@id\":\"https:\\\/\\\/blogdofarnesio.com.br\\\/#\\\/schema\\\/logo\\\/image\\\/\",\"url\":\"https:\\\/\\\/blogdofarnesio.com.br\\\/wp-content\\\/uploads\\\/2026\\\/03\\\/cropped-logo_new-1.png\",\"contentUrl\":\"https:\\\/\\\/blogdofarnesio.com.br\\\/wp-content\\\/uploads\\\/2026\\\/03\\\/cropped-logo_new-1.png\",\"width\":881,\"height\":685,\"caption\":\"Blog do Farn\u00e9sio\"},\"image\":{\"@id\":\"https:\\\/\\\/blogdofarnesio.com.br\\\/#\\\/schema\\\/logo\\\/image\\\/\"},\"sameAs\":[\"https:\\\/\\\/www.facebook.com\\\/BlogQuerSaberPolitica\\\/\"]},{\"@type\":\"Person\",\"@id\":\"https:\\\/\\\/blogdofarnesio.com.br\\\/#\\\/schema\\\/person\\\/dd1bf5eba40b687199ba45ca6b97dff9\",\"name\":\"teste\",\"image\":{\"@type\":\"ImageObject\",\"inLanguage\":\"pt-BR\",\"@id\":\"https:\\\/\\\/secure.gravatar.com\\\/avatar\\\/2172498d4914b51e1d89a0f97957b035ac4938723a5cac208135d389b6972a6d?s=96&d=mm&r=g\",\"url\":\"https:\\\/\\\/secure.gravatar.com\\\/avatar\\\/2172498d4914b51e1d89a0f97957b035ac4938723a5cac208135d389b6972a6d?s=96&d=mm&r=g\",\"contentUrl\":\"https:\\\/\\\/secure.gravatar.com\\\/avatar\\\/2172498d4914b51e1d89a0f97957b035ac4938723a5cac208135d389b6972a6d?s=96&d=mm&r=g\",\"caption\":\"teste\"},\"url\":\"https:\\\/\\\/blogdofarnesio.com.br\\\/?author=3\"}]}<\/script>\n<!-- \/ Yoast SEO plugin. -->","yoast_head_json":{"title":"CAMPANHA PRETENDE CONSCIENTIZAR SOBRE OS DIREITOS DA PESSOA COM DEFICI\u00caNCIA NO TR\u00c2NSITO - Blog do Farn\u00e9sio","robots":{"index":"index","follow":"follow","max-snippet":"max-snippet:-1","max-image-preview":"max-image-preview:large","max-video-preview":"max-video-preview:-1"},"canonical":"https:\/\/blogdofarnesio.com.br\/?p=47706","og_locale":"pt_BR","og_type":"article","og_title":"CAMPANHA PRETENDE CONSCIENTIZAR SOBRE OS DIREITOS DA PESSOA COM DEFICI\u00caNCIA NO TR\u00c2NSITO - Blog do Farn\u00e9sio","og_description":"Uma cena que infelizmente \u00e9 registrada no tr\u00e2nsito de cidades de m\u00e9dio e grande porte diz respeito \u00e0 ocupa\u00e7\u00e3o ilegal de vagas de estacionamento que s\u00e3o destinadas \u00e0s pessoas com defici\u00eancia. Outra situa\u00e7\u00e3o que tamb\u00e9m se observa \u00e9 o fato de muitos motoristas n\u00e3o esperarem a passagem de pessoas com mobilidade reduzida em faixas de pedestres. Com o objetivo de evitar que cenas como estas aconte\u00e7am com freq\u00fc\u00eancia em Petrolina, a Empresa Petrolinense de Tr\u00e2nsito e Transporte Coletivo (EPTTC) &#8211; em parceria com a Secretaria de Acessibilidade, Pol\u00edcia Militar, Setransvaf e empresas privadas da regi\u00e3o \u2013 lan\u00e7a nesta ter\u00e7a (09), a campanha &#8216; T\u00e1 Dif\u00edcil para voc\u00ea? Imagine para n\u00f3s!&#8217;. A primeira blitz de conscientiza\u00e7\u00e3o acontece \u00e0s 7h30, na avenida&hellip;","og_url":"https:\/\/blogdofarnesio.com.br\/?p=47706","og_site_name":"Blog do Farn\u00e9sio","article_publisher":"https:\/\/www.facebook.com\/BlogQuerSaberPolitica\/","article_published_time":"2013-07-09T18:02:22+00:00","og_image":[{"url":"http:\/\/www.quersaberpolitica.com.br\/2016\/wp-content\/uploads\/2013\/05\/blogqsp.acessibilidade-300x139.jpg","type":"","width":"","height":""}],"author":"teste","twitter_card":"summary_large_image","twitter_misc":{"Escrito por":"teste","Est. tempo de leitura":"2 minutos"},"schema":{"@context":"https:\/\/schema.org","@graph":[{"@type":"Article","@id":"https:\/\/blogdofarnesio.com.br\/?p=47706#article","isPartOf":{"@id":"https:\/\/blogdofarnesio.com.br\/?p=47706"},"author":{"name":"teste","@id":"https:\/\/blogdofarnesio.com.br\/#\/schema\/person\/dd1bf5eba40b687199ba45ca6b97dff9"},"headline":"CAMPANHA PRETENDE CONSCIENTIZAR SOBRE OS DIREITOS DA PESSOA COM DEFICI\u00caNCIA NO TR\u00c2NSITO","datePublished":"2013-07-09T18:02:22+00:00","mainEntityOfPage":{"@id":"https:\/\/blogdofarnesio.com.br\/?p=47706"},"wordCount":374,"commentCount":0,"publisher":{"@id":"https:\/\/blogdofarnesio.com.br\/#organization"},"image":{"@id":"https:\/\/blogdofarnesio.com.br\/?p=47706#primaryimage"},"thumbnailUrl":"http:\/\/www.quersaberpolitica.com.br\/2016\/wp-content\/uploads\/2013\/05\/blogqsp.acessibilidade-300x139.jpg","articleSection":["A\u00e7\u00e3o Social","Tr\u00e2nsito"],"inLanguage":"pt-BR","potentialAction":[{"@type":"CommentAction","name":"Comment","target":["https:\/\/blogdofarnesio.com.br\/?p=47706#respond"]}]},{"@type":"WebPage","@id":"https:\/\/blogdofarnesio.com.br\/?p=47706","url":"https:\/\/blogdofarnesio.com.br\/?p=47706","name":"CAMPANHA PRETENDE CONSCIENTIZAR SOBRE OS DIREITOS DA PESSOA COM DEFICI\u00caNCIA NO TR\u00c2NSITO - Blog do Farn\u00e9sio","isPartOf":{"@id":"https:\/\/blogdofarnesio.com.br\/#website"},"primaryImageOfPage":{"@id":"https:\/\/blogdofarnesio.com.br\/?p=47706#primaryimage"},"image":{"@id":"https:\/\/blogdofarnesio.com.br\/?p=47706#primaryimage"},"thumbnailUrl":"http:\/\/www.quersaberpolitica.com.br\/2016\/wp-content\/uploads\/2013\/05\/blogqsp.acessibilidade-300x139.jpg","datePublished":"2013-07-09T18:02:22+00:00","breadcrumb":{"@id":"https:\/\/blogdofarnesio.com.br\/?p=47706#breadcrumb"},"inLanguage":"pt-BR","potentialAction":[{"@type":"ReadAction","target":["https:\/\/blogdofarnesio.com.br\/?p=47706"]}]},{"@type":"ImageObject","inLanguage":"pt-BR","@id":"https:\/\/blogdofarnesio.com.br\/?p=47706#primaryimage","url":"http:\/\/www.quersaberpolitica.com.br\/2016\/wp-content\/uploads\/2013\/05\/blogqsp.acessibilidade-300x139.jpg","contentUrl":"http:\/\/www.quersaberpolitica.com.br\/2016\/wp-content\/uploads\/2013\/05\/blogqsp.acessibilidade-300x139.jpg"},{"@type":"BreadcrumbList","@id":"https:\/\/blogdofarnesio.com.br\/?p=47706#breadcrumb","itemListElement":[{"@type":"ListItem","position":1,"name":"In\u00edcio","item":"https:\/\/blogdofarnesio.com.br\/"},{"@type":"ListItem","position":2,"name":"CAMPANHA PRETENDE CONSCIENTIZAR SOBRE OS DIREITOS DA PESSOA COM DEFICI\u00caNCIA NO TR\u00c2NSITO"}]},{"@type":"WebSite","@id":"https:\/\/blogdofarnesio.com.br\/#website","url":"https:\/\/blogdofarnesio.com.br\/","name":"Blog do Farn\u00e9sio","description":"Quer Saber Pol\u00edtica?","publisher":{"@id":"https:\/\/blogdofarnesio.com.br\/#organization"},"potentialAction":[{"@type":"SearchAction","target":{"@type":"EntryPoint","urlTemplate":"https:\/\/blogdofarnesio.com.br\/?s={search_term_string}"},"query-input":{"@type":"PropertyValueSpecification","valueRequired":true,"valueName":"search_term_string"}}],"inLanguage":"pt-BR"},{"@type":"Organization","@id":"https:\/\/blogdofarnesio.com.br\/#organization","name":"Blog do Farn\u00e9sio","url":"https:\/\/blogdofarnesio.com.br\/","logo":{"@type":"ImageObject","inLanguage":"pt-BR","@id":"https:\/\/blogdofarnesio.com.br\/#\/schema\/logo\/image\/","url":"https:\/\/blogdofarnesio.com.br\/wp-content\/uploads\/2026\/03\/cropped-logo_new-1.png","contentUrl":"https:\/\/blogdofarnesio.com.br\/wp-content\/uploads\/2026\/03\/cropped-logo_new-1.png","width":881,"height":685,"caption":"Blog do Farn\u00e9sio"},"image":{"@id":"https:\/\/blogdofarnesio.com.br\/#\/schema\/logo\/image\/"},"sameAs":["https:\/\/www.facebook.com\/BlogQuerSaberPolitica\/"]},{"@type":"Person","@id":"https:\/\/blogdofarnesio.com.br\/#\/schema\/person\/dd1bf5eba40b687199ba45ca6b97dff9","name":"teste","image":{"@type":"ImageObject","inLanguage":"pt-BR","@id":"https:\/\/secure.gravatar.com\/avatar\/2172498d4914b51e1d89a0f97957b035ac4938723a5cac208135d389b6972a6d?s=96&d=mm&r=g","url":"https:\/\/secure.gravatar.com\/avatar\/2172498d4914b51e1d89a0f97957b035ac4938723a5cac208135d389b6972a6d?s=96&d=mm&r=g","contentUrl":"https:\/\/secure.gravatar.com\/avatar\/2172498d4914b51e1d89a0f97957b035ac4938723a5cac208135d389b6972a6d?s=96&d=mm&r=g","caption":"teste"},"url":"https:\/\/blogdofarnesio.com.br\/?author=3"}]}},"_links":{"self":[{"href":"https:\/\/blogdofarnesio.com.br\/index.php?rest_route=\/wp\/v2\/posts\/47706","targetHints":{"allow":["GET"]}}],"collection":[{"href":"https:\/\/blogdofarnesio.com.br\/index.php?rest_route=\/wp\/v2\/posts"}],"about":[{"href":"https:\/\/blogdofarnesio.com.br\/index.php?rest_route=\/wp\/v2\/types\/post"}],"author":[{"embeddable":true,"href":"https:\/\/blogdofarnesio.com.br\/index.php?rest_route=\/wp\/v2\/users\/3"}],"replies":[{"embeddable":true,"href":"https:\/\/blogdofarnesio.com.br\/index.php?rest_route=%2Fwp%2Fv2%2Fcomments&post=47706"}],"version-history":[{"count":0,"href":"https:\/\/blogdofarnesio.com.br\/index.php?rest_route=\/wp\/v2\/posts\/47706\/revisions"}],"wp:attachment":[{"href":"https:\/\/blogdofarnesio.com.br\/index.php?rest_route=%2Fwp%2Fv2%2Fmedia&parent=47706"}],"wp:term":[{"taxonomy":"category","embeddable":true,"href":"https:\/\/blogdofarnesio.com.br\/index.php?rest_route=%2Fwp%2Fv2%2Fcategories&post=47706"},{"taxonomy":"post_tag","embeddable":true,"href":"https:\/\/blogdofarnesio.com.br\/index.php?rest_route=%2Fwp%2Fv2%2Ftags&post=47706"}],"curies":[{"name":"wp","href":"https:\/\/api.w.org\/{rel}","templated":true}]}}