{"id":46493,"date":"2013-06-30T10:31:25","date_gmt":"2013-06-30T13:31:25","guid":{"rendered":"http:\/\/www.quersaberpolitica.com.br\/?p=46493"},"modified":"2013-06-30T09:20:25","modified_gmt":"2013-06-30T12:20:25","slug":"queda-de-dilma-nas-pesquisas-levaria-eleicao-para-segundo-turno","status":"publish","type":"post","link":"https:\/\/blogdofarnesio.com.br\/?p=46493","title":{"rendered":"QUEDA DE DILMA NAS PESQUISAS LEVARIA ELEI\u00c7\u00c3O PARA SEGUNDO TURNO"},"content":{"rendered":"<p style=\"text-align: justify\">Fernando Rodrigues\/Folha<\/p>\n<p style=\"text-align: justify\"><span style=\"color: black;font-family: Arial, Helvetica, sans-serif\"><a href=\"http:\/\/www.quersaberpolitica.com.br\/2016\/wp-content\/uploads\/2013\/06\/\u00b4blogqspchargedilmalula.jpg\"><img loading=\"lazy\" decoding=\"async\" class=\"alignleft size-medium wp-image-46497\" alt=\"\u00b4blogqspchargedilmalula\" src=\"http:\/\/www.quersaberpolitica.com.br\/2016\/wp-content\/uploads\/2013\/06\/\u00b4blogqspchargedilmalula-300x218.jpg\" width=\"300\" height=\"218\" srcset=\"https:\/\/blogdofarnesio.com.br\/wp-content\/uploads\/2013\/06\/\u00b4blogqspchargedilmalula-300x218.jpg 300w, https:\/\/blogdofarnesio.com.br\/wp-content\/uploads\/2013\/06\/\u00b4blogqspchargedilmalula.jpg 380w\" sizes=\"auto, (max-width: 300px) 100vw, 300px\" \/><\/a>Depois de tr\u00eas semanas de manifesta\u00e7\u00f5es de rua em todo o pa\u00eds, a presidente Dilma Rousseff \u00e9 a pr\u00e9-candidata que mais perdeu apoio na corrida pelo Planalto.\u00a0<\/span><\/p>\n<p style=\"text-align: justify\"><span style=\"color: black;font-family: Arial, Helvetica, sans-serif\">Sua taxa de inten\u00e7\u00e3o de votos caiu at\u00e9 21 pontos percentuais. Embora ainda lidere a disputa de 2014, a queda indica que hoje ela teria de enfrentar um segundo turno.<\/span><span style=\"color: black;font-family: Arial, Helvetica, sans-serif\">Para piorar a situa\u00e7\u00e3o da presidente, seu antecessor, Luiz In\u00e1cio Lula da Silva, se mostrou bem mais resiliente \u00e0 insatisfa\u00e7\u00e3o geral dos eleitores com os pol\u00edticos.<\/span><\/p>\n<p style=\"text-align: justify\"><span style=\"color: black;font-family: Arial, Helvetica, sans-serif\">Al\u00e9m de ter perdido s\u00f3 dez pontos percentuais, o petista ainda ganharia no primeiro turno a elei\u00e7\u00e3o hoje em um dos cen\u00e1rios apresentados.\u00a0<\/span><span style=\"color: black;font-family: Arial, Helvetica, sans-serif\">H\u00e1 um crescente movimento dentro do PT que pede a volta de Lula em 2014.<\/span><\/p>\n<p style=\"text-align: justify\"><span style=\"color: black;font-family: Arial, Helvetica, sans-serif\">O cen\u00e1rio hoje mais prov\u00e1vel para a sucess\u00e3o inclui Dilma, Marina Silva (Rede), A\u00e9cio Neves (PSDB) e Eduardo Campos (PSB). Nessa simula\u00e7\u00e3o, a petista tinha 51% das inten\u00e7\u00f5es de voto nos dias 6 e 7 deste m\u00eas. Agora, desceu para 30%. Esse \u00e9 o mesmo percentual da aprova\u00e7\u00e3o de seu governo, apurada no mesmo levantamento e divulgada ontem pela\u00a0<b>Folha<\/b>.<\/span><\/p>\n<p style=\"text-align: justify\"><span style=\"color: black;font-family: Arial, Helvetica, sans-serif\">Nesse mesmo cen\u00e1rio, Marina Silva subiu de 16% para 23%. A\u00e9cio Neves foi de 14% para 17%. Campos oscilou de 6% para 7%.<\/span><\/p>\n<p style=\"text-align: justify\"><span style=\"color: black;font-family: Arial, Helvetica, sans-serif\">Os tr\u00eas advers\u00e1rios juntos pularam de 36% para 47%. Nessa hip\u00f3tese, seria realizado um segundo turno entre a petista e Marina.<!--more--><\/span><\/p>\n<p style=\"text-align: justify\"><span style=\"color: black;font-family: Arial, Helvetica, sans-serif\">Impressiona o aumento de eleitores sem candidato &#8211;que dizem n\u00e3o saber quem escolher ou que afirmam votar em branco, nulo ou nenhum. No in\u00edcio do m\u00eas, eram 12%. Agora, s\u00e3o 24%.<\/span><\/p>\n<p style=\"text-align: justify\"><span style=\"color: black;font-family: Arial, Helvetica, sans-serif\">No outro cen\u00e1rio no qual Dilma aparece como candidata \u00e9 inclu\u00eddo tamb\u00e9m o presidente do Supremo Tribunal Federal, Joaquim Barbosa &#8211;que tem negado inten\u00e7\u00e3o de disputar elei\u00e7\u00f5es. Nessa hip\u00f3tese, a petista tem 29% e h\u00e1 tr\u00eas nomes empatados em segundo lugar: Marina (18%), A\u00e9cio e Joaquim (15% cada um). Campos pontua 5%.<\/span><\/p>\n<p style=\"text-align: justify\"><span style=\"color: black;font-family: Arial, Helvetica, sans-serif\">Lula \u00e9 testado em duas simula\u00e7\u00f5es. Numa delas, vai a 45%. Nesse cen\u00e1rio, Marina, Joaquim, A\u00e9cio e Campos somam juntos 43% e ficam empatados tecnicamente com o ex-presidente. Haveria possibilidade de segundo turno.<\/span><\/p>\n<p style=\"text-align: justify\"><span style=\"color: black;font-family: Arial, Helvetica, sans-serif\">Em outra cartela, quando o nome de Joaquim n\u00e3o \u00e9 inclu\u00eddo, Lula tem 46% contra 37% de Marina, A\u00e9cio e Campos somados &#8211;a\u00ed o petista venceria no primeiro turno.<\/span><\/p>\n<p style=\"text-align: justify\"><span style=\"color: black;font-family: Arial, Helvetica, sans-serif\">No geral, \u00e9 poss\u00edvel dizer que os votos perdidos por Dilma foram, em parte, herdados por Marina e Joaquim. Um outro segmento de ex-dilmistas preferiu fazer um &#8216;pit stop&#8217; no grupo dos que n\u00e3o t\u00eam candidato. A\u00e9cio e Campos n\u00e3o se beneficiaram da desidrata\u00e7\u00e3o de Dilma.<\/span><\/p>\n<p style=\"text-align: justify\"><span style=\"color: black;font-family: Arial, Helvetica, sans-serif\">Outro indicador duro com a atual presidente \u00e9 na pesquisa espont\u00e2nea, aquela na qual o entrevistado n\u00e3o \u00e9 confrontado com uma lista de nomes. A petista j\u00e1 havia ca\u00eddo de 35% para 27% de mar\u00e7o para o in\u00edcio de junho. Agora, bateu em 16%. Lula se manteve est\u00e1vel, com 6%. Joaquim Barbosa, que nunca aparecia na pesquisa espont\u00e2nea, surge com 2%.<\/span><\/p>\n<p style=\"text-align: justify\"><span style=\"color: black;font-family: Arial, Helvetica, sans-serif\">H\u00e1 oscila\u00e7\u00f5es nas inten\u00e7\u00f5es de voto quando se comparam as taxas do interior do pa\u00eds e de \u00e1reas urbanas. Dilma vai melhor no interior.<\/span><\/p>\n","protected":false},"excerpt":{"rendered":"<p>Fernando Rodrigues\/Folha Depois de tr\u00eas semanas de manifesta\u00e7\u00f5es de rua em todo o pa\u00eds, a presidente Dilma Rousseff \u00e9 a pr\u00e9-candidata que mais perdeu apoio na corrida pelo Planalto.\u00a0 Sua taxa de inten\u00e7\u00e3o de votos caiu at\u00e9 21 pontos percentuais. Embora ainda lidere a disputa de 2014, a queda indica que hoje ela teria de enfrentar um segundo turno.Para piorar a situa\u00e7\u00e3o da presidente, seu antecessor, Luiz In\u00e1cio Lula da Silva, se mostrou bem mais resiliente \u00e0 insatisfa\u00e7\u00e3o geral dos eleitores com os pol\u00edticos. Al\u00e9m de ter perdido s\u00f3 dez pontos percentuais, o petista ainda ganharia no primeiro turno a elei\u00e7\u00e3o hoje em um dos cen\u00e1rios apresentados.\u00a0H\u00e1 um crescente movimento dentro do PT que pede a volta de Lula em&hellip; <\/p>\n","protected":false},"author":3,"featured_media":0,"comment_status":"open","ping_status":"open","sticky":false,"template":"","format":"standard","meta":{"_acf_changed":false,"footnotes":""},"categories":[34],"tags":[],"class_list":["post-46493","post","type-post","status-publish","format-standard","hentry","category-eleicoes"],"acf":[],"yoast_head":"<!-- This site is optimized with the Yoast SEO plugin v27.4 - https:\/\/yoast.com\/product\/yoast-seo-wordpress\/ -->\n<title>QUEDA DE DILMA NAS PESQUISAS LEVARIA ELEI\u00c7\u00c3O PARA SEGUNDO TURNO - Blog do Farn\u00e9sio<\/title>\n<meta name=\"robots\" content=\"index, follow, max-snippet:-1, max-image-preview:large, max-video-preview:-1\" \/>\n<link rel=\"canonical\" href=\"https:\/\/blogdofarnesio.com.br\/?p=46493\" \/>\n<meta property=\"og:locale\" content=\"pt_BR\" \/>\n<meta property=\"og:type\" content=\"article\" \/>\n<meta property=\"og:title\" content=\"QUEDA DE DILMA NAS PESQUISAS LEVARIA ELEI\u00c7\u00c3O PARA SEGUNDO TURNO - Blog do Farn\u00e9sio\" \/>\n<meta property=\"og:description\" content=\"Fernando Rodrigues\/Folha Depois de tr\u00eas semanas de manifesta\u00e7\u00f5es de rua em todo o pa\u00eds, a presidente Dilma Rousseff \u00e9 a pr\u00e9-candidata que mais perdeu apoio na corrida pelo Planalto.\u00a0 Sua taxa de inten\u00e7\u00e3o de votos caiu at\u00e9 21 pontos percentuais. Embora ainda lidere a disputa de 2014, a queda indica que hoje ela teria de enfrentar um segundo turno.Para piorar a situa\u00e7\u00e3o da presidente, seu antecessor, Luiz In\u00e1cio Lula da Silva, se mostrou bem mais resiliente \u00e0 insatisfa\u00e7\u00e3o geral dos eleitores com os pol\u00edticos. Al\u00e9m de ter perdido s\u00f3 dez pontos percentuais, o petista ainda ganharia no primeiro turno a elei\u00e7\u00e3o hoje em um dos cen\u00e1rios apresentados.\u00a0H\u00e1 um crescente movimento dentro do PT que pede a volta de Lula em&hellip;\" \/>\n<meta property=\"og:url\" content=\"https:\/\/blogdofarnesio.com.br\/?p=46493\" \/>\n<meta property=\"og:site_name\" content=\"Blog do Farn\u00e9sio\" \/>\n<meta property=\"article:publisher\" content=\"https:\/\/www.facebook.com\/BlogQuerSaberPolitica\/\" \/>\n<meta property=\"article:published_time\" content=\"2013-06-30T13:31:25+00:00\" \/>\n<meta name=\"author\" content=\"teste\" \/>\n<meta name=\"twitter:card\" content=\"summary_large_image\" \/>\n<meta name=\"twitter:label1\" content=\"Escrito por\" \/>\n\t<meta name=\"twitter:data1\" content=\"teste\" \/>\n\t<meta name=\"twitter:label2\" content=\"Est. tempo de leitura\" \/>\n\t<meta name=\"twitter:data2\" content=\"3 minutos\" \/>\n<script type=\"application\/ld+json\" class=\"yoast-schema-graph\">{\"@context\":\"https:\\\/\\\/schema.org\",\"@graph\":[{\"@type\":\"Article\",\"@id\":\"https:\\\/\\\/blogdofarnesio.com.br\\\/?p=46493#article\",\"isPartOf\":{\"@id\":\"https:\\\/\\\/blogdofarnesio.com.br\\\/?p=46493\"},\"author\":{\"name\":\"teste\",\"@id\":\"https:\\\/\\\/blogdofarnesio.com.br\\\/#\\\/schema\\\/person\\\/dd1bf5eba40b687199ba45ca6b97dff9\"},\"headline\":\"QUEDA DE DILMA NAS PESQUISAS LEVARIA ELEI\u00c7\u00c3O PARA SEGUNDO TURNO\",\"datePublished\":\"2013-06-30T13:31:25+00:00\",\"mainEntityOfPage\":{\"@id\":\"https:\\\/\\\/blogdofarnesio.com.br\\\/?p=46493\"},\"wordCount\":535,\"commentCount\":1,\"publisher\":{\"@id\":\"https:\\\/\\\/blogdofarnesio.com.br\\\/#organization\"},\"articleSection\":[\"Elei\u00e7\u00f5es\"],\"inLanguage\":\"pt-BR\",\"potentialAction\":[{\"@type\":\"CommentAction\",\"name\":\"Comment\",\"target\":[\"https:\\\/\\\/blogdofarnesio.com.br\\\/?p=46493#respond\"]}]},{\"@type\":\"WebPage\",\"@id\":\"https:\\\/\\\/blogdofarnesio.com.br\\\/?p=46493\",\"url\":\"https:\\\/\\\/blogdofarnesio.com.br\\\/?p=46493\",\"name\":\"QUEDA DE DILMA NAS PESQUISAS LEVARIA ELEI\u00c7\u00c3O PARA SEGUNDO TURNO - Blog do Farn\u00e9sio\",\"isPartOf\":{\"@id\":\"https:\\\/\\\/blogdofarnesio.com.br\\\/#website\"},\"datePublished\":\"2013-06-30T13:31:25+00:00\",\"breadcrumb\":{\"@id\":\"https:\\\/\\\/blogdofarnesio.com.br\\\/?p=46493#breadcrumb\"},\"inLanguage\":\"pt-BR\",\"potentialAction\":[{\"@type\":\"ReadAction\",\"target\":[\"https:\\\/\\\/blogdofarnesio.com.br\\\/?p=46493\"]}]},{\"@type\":\"BreadcrumbList\",\"@id\":\"https:\\\/\\\/blogdofarnesio.com.br\\\/?p=46493#breadcrumb\",\"itemListElement\":[{\"@type\":\"ListItem\",\"position\":1,\"name\":\"In\u00edcio\",\"item\":\"https:\\\/\\\/blogdofarnesio.com.br\\\/\"},{\"@type\":\"ListItem\",\"position\":2,\"name\":\"QUEDA DE DILMA NAS PESQUISAS LEVARIA ELEI\u00c7\u00c3O PARA SEGUNDO TURNO\"}]},{\"@type\":\"WebSite\",\"@id\":\"https:\\\/\\\/blogdofarnesio.com.br\\\/#website\",\"url\":\"https:\\\/\\\/blogdofarnesio.com.br\\\/\",\"name\":\"Blog do Farn\u00e9sio\",\"description\":\"Quer Saber Pol\u00edtica?\",\"publisher\":{\"@id\":\"https:\\\/\\\/blogdofarnesio.com.br\\\/#organization\"},\"potentialAction\":[{\"@type\":\"SearchAction\",\"target\":{\"@type\":\"EntryPoint\",\"urlTemplate\":\"https:\\\/\\\/blogdofarnesio.com.br\\\/?s={search_term_string}\"},\"query-input\":{\"@type\":\"PropertyValueSpecification\",\"valueRequired\":true,\"valueName\":\"search_term_string\"}}],\"inLanguage\":\"pt-BR\"},{\"@type\":\"Organization\",\"@id\":\"https:\\\/\\\/blogdofarnesio.com.br\\\/#organization\",\"name\":\"Blog do Farn\u00e9sio\",\"url\":\"https:\\\/\\\/blogdofarnesio.com.br\\\/\",\"logo\":{\"@type\":\"ImageObject\",\"inLanguage\":\"pt-BR\",\"@id\":\"https:\\\/\\\/blogdofarnesio.com.br\\\/#\\\/schema\\\/logo\\\/image\\\/\",\"url\":\"https:\\\/\\\/blogdofarnesio.com.br\\\/wp-content\\\/uploads\\\/2026\\\/03\\\/cropped-logo_new-1.png\",\"contentUrl\":\"https:\\\/\\\/blogdofarnesio.com.br\\\/wp-content\\\/uploads\\\/2026\\\/03\\\/cropped-logo_new-1.png\",\"width\":881,\"height\":685,\"caption\":\"Blog do Farn\u00e9sio\"},\"image\":{\"@id\":\"https:\\\/\\\/blogdofarnesio.com.br\\\/#\\\/schema\\\/logo\\\/image\\\/\"},\"sameAs\":[\"https:\\\/\\\/www.facebook.com\\\/BlogQuerSaberPolitica\\\/\"]},{\"@type\":\"Person\",\"@id\":\"https:\\\/\\\/blogdofarnesio.com.br\\\/#\\\/schema\\\/person\\\/dd1bf5eba40b687199ba45ca6b97dff9\",\"name\":\"teste\",\"image\":{\"@type\":\"ImageObject\",\"inLanguage\":\"pt-BR\",\"@id\":\"https:\\\/\\\/secure.gravatar.com\\\/avatar\\\/2172498d4914b51e1d89a0f97957b035ac4938723a5cac208135d389b6972a6d?s=96&d=mm&r=g\",\"url\":\"https:\\\/\\\/secure.gravatar.com\\\/avatar\\\/2172498d4914b51e1d89a0f97957b035ac4938723a5cac208135d389b6972a6d?s=96&d=mm&r=g\",\"contentUrl\":\"https:\\\/\\\/secure.gravatar.com\\\/avatar\\\/2172498d4914b51e1d89a0f97957b035ac4938723a5cac208135d389b6972a6d?s=96&d=mm&r=g\",\"caption\":\"teste\"},\"url\":\"https:\\\/\\\/blogdofarnesio.com.br\\\/?author=3\"}]}<\/script>\n<!-- \/ Yoast SEO plugin. -->","yoast_head_json":{"title":"QUEDA DE DILMA NAS PESQUISAS LEVARIA ELEI\u00c7\u00c3O PARA SEGUNDO TURNO - Blog do Farn\u00e9sio","robots":{"index":"index","follow":"follow","max-snippet":"max-snippet:-1","max-image-preview":"max-image-preview:large","max-video-preview":"max-video-preview:-1"},"canonical":"https:\/\/blogdofarnesio.com.br\/?p=46493","og_locale":"pt_BR","og_type":"article","og_title":"QUEDA DE DILMA NAS PESQUISAS LEVARIA ELEI\u00c7\u00c3O PARA SEGUNDO TURNO - Blog do Farn\u00e9sio","og_description":"Fernando Rodrigues\/Folha Depois de tr\u00eas semanas de manifesta\u00e7\u00f5es de rua em todo o pa\u00eds, a presidente Dilma Rousseff \u00e9 a pr\u00e9-candidata que mais perdeu apoio na corrida pelo Planalto.\u00a0 Sua taxa de inten\u00e7\u00e3o de votos caiu at\u00e9 21 pontos percentuais. Embora ainda lidere a disputa de 2014, a queda indica que hoje ela teria de enfrentar um segundo turno.Para piorar a situa\u00e7\u00e3o da presidente, seu antecessor, Luiz In\u00e1cio Lula da Silva, se mostrou bem mais resiliente \u00e0 insatisfa\u00e7\u00e3o geral dos eleitores com os pol\u00edticos. Al\u00e9m de ter perdido s\u00f3 dez pontos percentuais, o petista ainda ganharia no primeiro turno a elei\u00e7\u00e3o hoje em um dos cen\u00e1rios apresentados.\u00a0H\u00e1 um crescente movimento dentro do PT que pede a volta de Lula em&hellip;","og_url":"https:\/\/blogdofarnesio.com.br\/?p=46493","og_site_name":"Blog do Farn\u00e9sio","article_publisher":"https:\/\/www.facebook.com\/BlogQuerSaberPolitica\/","article_published_time":"2013-06-30T13:31:25+00:00","author":"teste","twitter_card":"summary_large_image","twitter_misc":{"Escrito por":"teste","Est. tempo de leitura":"3 minutos"},"schema":{"@context":"https:\/\/schema.org","@graph":[{"@type":"Article","@id":"https:\/\/blogdofarnesio.com.br\/?p=46493#article","isPartOf":{"@id":"https:\/\/blogdofarnesio.com.br\/?p=46493"},"author":{"name":"teste","@id":"https:\/\/blogdofarnesio.com.br\/#\/schema\/person\/dd1bf5eba40b687199ba45ca6b97dff9"},"headline":"QUEDA DE DILMA NAS PESQUISAS LEVARIA ELEI\u00c7\u00c3O PARA SEGUNDO TURNO","datePublished":"2013-06-30T13:31:25+00:00","mainEntityOfPage":{"@id":"https:\/\/blogdofarnesio.com.br\/?p=46493"},"wordCount":535,"commentCount":1,"publisher":{"@id":"https:\/\/blogdofarnesio.com.br\/#organization"},"articleSection":["Elei\u00e7\u00f5es"],"inLanguage":"pt-BR","potentialAction":[{"@type":"CommentAction","name":"Comment","target":["https:\/\/blogdofarnesio.com.br\/?p=46493#respond"]}]},{"@type":"WebPage","@id":"https:\/\/blogdofarnesio.com.br\/?p=46493","url":"https:\/\/blogdofarnesio.com.br\/?p=46493","name":"QUEDA DE DILMA NAS PESQUISAS LEVARIA ELEI\u00c7\u00c3O PARA SEGUNDO TURNO - Blog do Farn\u00e9sio","isPartOf":{"@id":"https:\/\/blogdofarnesio.com.br\/#website"},"datePublished":"2013-06-30T13:31:25+00:00","breadcrumb":{"@id":"https:\/\/blogdofarnesio.com.br\/?p=46493#breadcrumb"},"inLanguage":"pt-BR","potentialAction":[{"@type":"ReadAction","target":["https:\/\/blogdofarnesio.com.br\/?p=46493"]}]},{"@type":"BreadcrumbList","@id":"https:\/\/blogdofarnesio.com.br\/?p=46493#breadcrumb","itemListElement":[{"@type":"ListItem","position":1,"name":"In\u00edcio","item":"https:\/\/blogdofarnesio.com.br\/"},{"@type":"ListItem","position":2,"name":"QUEDA DE DILMA NAS PESQUISAS LEVARIA ELEI\u00c7\u00c3O PARA SEGUNDO TURNO"}]},{"@type":"WebSite","@id":"https:\/\/blogdofarnesio.com.br\/#website","url":"https:\/\/blogdofarnesio.com.br\/","name":"Blog do Farn\u00e9sio","description":"Quer Saber Pol\u00edtica?","publisher":{"@id":"https:\/\/blogdofarnesio.com.br\/#organization"},"potentialAction":[{"@type":"SearchAction","target":{"@type":"EntryPoint","urlTemplate":"https:\/\/blogdofarnesio.com.br\/?s={search_term_string}"},"query-input":{"@type":"PropertyValueSpecification","valueRequired":true,"valueName":"search_term_string"}}],"inLanguage":"pt-BR"},{"@type":"Organization","@id":"https:\/\/blogdofarnesio.com.br\/#organization","name":"Blog do Farn\u00e9sio","url":"https:\/\/blogdofarnesio.com.br\/","logo":{"@type":"ImageObject","inLanguage":"pt-BR","@id":"https:\/\/blogdofarnesio.com.br\/#\/schema\/logo\/image\/","url":"https:\/\/blogdofarnesio.com.br\/wp-content\/uploads\/2026\/03\/cropped-logo_new-1.png","contentUrl":"https:\/\/blogdofarnesio.com.br\/wp-content\/uploads\/2026\/03\/cropped-logo_new-1.png","width":881,"height":685,"caption":"Blog do Farn\u00e9sio"},"image":{"@id":"https:\/\/blogdofarnesio.com.br\/#\/schema\/logo\/image\/"},"sameAs":["https:\/\/www.facebook.com\/BlogQuerSaberPolitica\/"]},{"@type":"Person","@id":"https:\/\/blogdofarnesio.com.br\/#\/schema\/person\/dd1bf5eba40b687199ba45ca6b97dff9","name":"teste","image":{"@type":"ImageObject","inLanguage":"pt-BR","@id":"https:\/\/secure.gravatar.com\/avatar\/2172498d4914b51e1d89a0f97957b035ac4938723a5cac208135d389b6972a6d?s=96&d=mm&r=g","url":"https:\/\/secure.gravatar.com\/avatar\/2172498d4914b51e1d89a0f97957b035ac4938723a5cac208135d389b6972a6d?s=96&d=mm&r=g","contentUrl":"https:\/\/secure.gravatar.com\/avatar\/2172498d4914b51e1d89a0f97957b035ac4938723a5cac208135d389b6972a6d?s=96&d=mm&r=g","caption":"teste"},"url":"https:\/\/blogdofarnesio.com.br\/?author=3"}]}},"_links":{"self":[{"href":"https:\/\/blogdofarnesio.com.br\/index.php?rest_route=\/wp\/v2\/posts\/46493","targetHints":{"allow":["GET"]}}],"collection":[{"href":"https:\/\/blogdofarnesio.com.br\/index.php?rest_route=\/wp\/v2\/posts"}],"about":[{"href":"https:\/\/blogdofarnesio.com.br\/index.php?rest_route=\/wp\/v2\/types\/post"}],"author":[{"embeddable":true,"href":"https:\/\/blogdofarnesio.com.br\/index.php?rest_route=\/wp\/v2\/users\/3"}],"replies":[{"embeddable":true,"href":"https:\/\/blogdofarnesio.com.br\/index.php?rest_route=%2Fwp%2Fv2%2Fcomments&post=46493"}],"version-history":[{"count":0,"href":"https:\/\/blogdofarnesio.com.br\/index.php?rest_route=\/wp\/v2\/posts\/46493\/revisions"}],"wp:attachment":[{"href":"https:\/\/blogdofarnesio.com.br\/index.php?rest_route=%2Fwp%2Fv2%2Fmedia&parent=46493"}],"wp:term":[{"taxonomy":"category","embeddable":true,"href":"https:\/\/blogdofarnesio.com.br\/index.php?rest_route=%2Fwp%2Fv2%2Fcategories&post=46493"},{"taxonomy":"post_tag","embeddable":true,"href":"https:\/\/blogdofarnesio.com.br\/index.php?rest_route=%2Fwp%2Fv2%2Ftags&post=46493"}],"curies":[{"name":"wp","href":"https:\/\/api.w.org\/{rel}","templated":true}]}}