{"id":46436,"date":"2013-06-29T16:00:15","date_gmt":"2013-06-29T19:00:15","guid":{"rendered":"http:\/\/www.quersaberpolitica.com.br\/?p=46436"},"modified":"2013-06-29T10:04:48","modified_gmt":"2013-06-29T13:04:48","slug":"geddel-admite-ser-candidato-a-sucessao-de-jaques-wagner","status":"publish","type":"post","link":"https:\/\/blogdofarnesio.com.br\/?p=46436","title":{"rendered":"GEDDEL ADMITE SER CANDIDATO A SUCESS\u00c3O DE JAQUES WAGNER"},"content":{"rendered":"<p style=\"text-align: justify\"><a href=\"http:\/\/www.quersaberpolitica.com.br\/2016\/wp-content\/uploads\/2013\/06\/blogqspgeddel.jpg\"><img loading=\"lazy\" decoding=\"async\" class=\"alignleft size-full wp-image-46439\" alt=\"blogqspgeddel\" src=\"http:\/\/www.quersaberpolitica.com.br\/2016\/wp-content\/uploads\/2013\/06\/blogqspgeddel.jpg\" width=\"275\" height=\"184\" \/><\/a>A possibilidade de sair candidato ao governo do Estado, em 2014, foi enfatizada pelo presidente do PMDB na Bahia, Geddel Vieira Lima, durante entrevista na r\u00e1dio CBN nessa quinta-feira (27\/6).<\/p>\n<p style=\"text-align: justify\">De acordo com o peemedebista, h\u00e1 conversas com setores da sociedade, mas a resposta vir\u00e1 das ruas. \u201cEstou tratando de conversar com a sociedade com clareza e transpar\u00eancia e falando de ideias, projetos e atitudes. Falando o que est\u00e1 de errado na sa\u00fade, educa\u00e7\u00e3o e seguran\u00e7a p\u00fablica\u201d, disse.<\/p>\n<p style=\"text-align: justify\">Geddel reafirmou ainda o desejo ser candidato e disse que isso dependia da resposta da pr\u00f3pria popula\u00e7\u00e3o para liderar um projeto alternativo. \u201cO PT na Bahia j\u00e1 deu o que tinha que dar. [ACM] Neto aparece nas pesquisas, mas ele tem dito que pretende honrar a cidade e cumprir o mandato.<!--more-->Se ele desejasse ser candidato, seria o primeiro da fila, como n\u00e3o ser\u00e1, vou buscar apoio de todos os partidos, mas se n\u00e3o puder ser, apoio o nome que vir\u00e1. N\u00e3o serei candidato pisando no pesco\u00e7o de ningu\u00e9m\u201d, afirmou o presidente do PMDB baiano.<\/p>\n<p style=\"text-align: justify\">Na semana passada, o vice-presidente de Pessoa Jur\u00eddica da Caixa chegou a admitir, em conversa com a Tribuna, que se o entendimento entre as siglas oposicionistas fosse para que ele ocupe outra fun\u00e7\u00e3o, que n\u00e3o a de cabe\u00e7a da chapa majorit\u00e1ria, tamb\u00e9m n\u00e3o haveria impedimento. \u201cSe, em nome da unidade, eu tiver que ser vice do Jo\u00e3o Gualberto, eu serei\u201d, sugeriu o peemedebista.<\/p>\n<p style=\"text-align: justify\">A afirma\u00e7\u00e3o foi dada quando Geddel foi instado a avaliar o tom adotado por Gualberto em entrevistas recentes, que negou a hip\u00f3tese de ser vice tendo o presidente estadual do PMDB como l\u00edder da chapa. \u201cEu enxergo com absoluta naturalidade a posi\u00e7\u00e3o do Jo\u00e3o Gualberto. Ele tem que defender a candidatura dele, tem que defender as ideias dele. \u00c9 leg\u00edtimo\u201d, apontou. Na opini\u00e3o dele, n\u00e3o existe qualquer constrangimento para compor uma chapa de oposi\u00e7\u00e3o que possa enfrentar as representa\u00e7\u00f5es do atual governo nas elei\u00e7\u00f5es de 2014.<\/p>\n<p style=\"text-align: justify\">A tentativa de unir as oposi\u00e7\u00f5es n\u00e3o \u00e9 novidade. O esfor\u00e7o iniciado no come\u00e7o de 2012, no entanto, n\u00e3o foi poss\u00edvel em um primeiro momento da elei\u00e7\u00e3o de Salvador. Pr\u00f3ximo ao momento de defini\u00e7\u00e3o, PMDB, DEM e PSDB, que capitaneavam o movimento, n\u00e3o chegaram a um entendimento e duas chapas nasceram dos partidos que fazem oposi\u00e7\u00e3o ao governador Jaques Wagner, uma liderada pelo atual prefeito de Salvador, ACM Neto (DEM), com apoio do PSDB, e outra com o ent\u00e3o peemedebista M\u00e1rio Kert\u00e9sz.<\/p>\n<p style=\"text-align: justify\"><b>\u201cManifesta\u00e7\u00f5es v\u00e3o zerar disputa\u201d<\/b><\/p>\n<p style=\"text-align: justify\">Em entrevista \u00e1 CBN, Geddel disse que as manifesta\u00e7\u00f5es que est\u00e3o ocorrendo em todo o Pa\u00eds v\u00e3o zerar a disputa em 2014. Al\u00e9m disso, o presidente do PMDB disse acreditar que a iniciativa da presidente Dilma Rousseff de promover uma Constituinte n\u00e3o foi boa. \u201c\u00c9 uma invers\u00e3o das prioridades. O povo n\u00e3o quer a reforma pol\u00edtica, apesar dela ser necess\u00e1ria. O povo pede gest\u00e3o, posto de sa\u00fade, seguran\u00e7a p\u00fablica e transporte de qualidade\u201d, explicou Geddel.<\/p>\n<p style=\"text-align: justify\">O vice-presidente de Pessoa F\u00edsica da Caixa tamb\u00e9m disse que acredita que a democracia est\u00e1 fortalecida com as manifesta\u00e7\u00f5es. \u201cSe dizia sempre que no Brasil n\u00e3o tinha terremoto, vulc\u00e3o, nem manifesta\u00e7\u00e3o. Acho que n\u00e3o tem nada de difuso, a pauta est\u00e1 clara. O povo quer pol\u00edtica sem corrup\u00e7\u00e3o\u201d, contou.<\/p>\n<p style=\"text-align: justify\">Questionado sobre a obra da Transposi\u00e7\u00e3o do S\u00e3o Francisco e os motivos para que esteja parada, Geddel disse que n\u00e3o poderia falar sobre o assunto, pois n\u00e3o tem conhecimento, mas afirmou que \u201calgo est\u00e1 errado\u201d. \u201cFui ministro por 3 anos. Quando cheguei, as obras tinham acabado de ser licitadas\u201d.<\/p>\n","protected":false},"excerpt":{"rendered":"<p>A possibilidade de sair candidato ao governo do Estado, em 2014, foi enfatizada pelo presidente do PMDB na Bahia, Geddel Vieira Lima, durante entrevista na r\u00e1dio CBN nessa quinta-feira (27\/6). De acordo com o peemedebista, h\u00e1 conversas com setores da sociedade, mas a resposta vir\u00e1 das ruas. \u201cEstou tratando de conversar com a sociedade com clareza e transpar\u00eancia e falando de ideias, projetos e atitudes. Falando o que est\u00e1 de errado na sa\u00fade, educa\u00e7\u00e3o e seguran\u00e7a p\u00fablica\u201d, disse. Geddel reafirmou ainda o desejo ser candidato e disse que isso dependia da resposta da pr\u00f3pria popula\u00e7\u00e3o para liderar um projeto alternativo. \u201cO PT na Bahia j\u00e1 deu o que tinha que dar. [ACM] Neto aparece nas pesquisas, mas ele tem dito&hellip; <\/p>\n","protected":false},"author":3,"featured_media":0,"comment_status":"open","ping_status":"open","sticky":false,"template":"","format":"standard","meta":{"_acf_changed":false,"footnotes":""},"categories":[34],"tags":[],"class_list":["post-46436","post","type-post","status-publish","format-standard","hentry","category-eleicoes"],"acf":[],"yoast_head":"<!-- This site is optimized with the Yoast SEO plugin v27.4 - https:\/\/yoast.com\/product\/yoast-seo-wordpress\/ -->\n<title>GEDDEL ADMITE SER CANDIDATO A SUCESS\u00c3O DE JAQUES WAGNER - Blog do Farn\u00e9sio<\/title>\n<meta name=\"robots\" content=\"index, follow, max-snippet:-1, max-image-preview:large, max-video-preview:-1\" \/>\n<link rel=\"canonical\" href=\"https:\/\/blogdofarnesio.com.br\/?p=46436\" \/>\n<meta property=\"og:locale\" content=\"pt_BR\" \/>\n<meta property=\"og:type\" content=\"article\" \/>\n<meta property=\"og:title\" content=\"GEDDEL ADMITE SER CANDIDATO A SUCESS\u00c3O DE JAQUES WAGNER - Blog do Farn\u00e9sio\" \/>\n<meta property=\"og:description\" content=\"A possibilidade de sair candidato ao governo do Estado, em 2014, foi enfatizada pelo presidente do PMDB na Bahia, Geddel Vieira Lima, durante entrevista na r\u00e1dio CBN nessa quinta-feira (27\/6). De acordo com o peemedebista, h\u00e1 conversas com setores da sociedade, mas a resposta vir\u00e1 das ruas. \u201cEstou tratando de conversar com a sociedade com clareza e transpar\u00eancia e falando de ideias, projetos e atitudes. Falando o que est\u00e1 de errado na sa\u00fade, educa\u00e7\u00e3o e seguran\u00e7a p\u00fablica\u201d, disse. Geddel reafirmou ainda o desejo ser candidato e disse que isso dependia da resposta da pr\u00f3pria popula\u00e7\u00e3o para liderar um projeto alternativo. \u201cO PT na Bahia j\u00e1 deu o que tinha que dar. [ACM] Neto aparece nas pesquisas, mas ele tem dito&hellip;\" \/>\n<meta property=\"og:url\" content=\"https:\/\/blogdofarnesio.com.br\/?p=46436\" \/>\n<meta property=\"og:site_name\" content=\"Blog do Farn\u00e9sio\" \/>\n<meta property=\"article:publisher\" content=\"https:\/\/www.facebook.com\/BlogQuerSaberPolitica\/\" \/>\n<meta property=\"article:published_time\" content=\"2013-06-29T19:00:15+00:00\" \/>\n<meta property=\"og:image\" content=\"http:\/\/www.quersaberpolitica.com.br\/2016\/wp-content\/uploads\/2013\/06\/blogqspgeddel.jpg\" \/>\n<meta name=\"author\" content=\"teste\" \/>\n<meta name=\"twitter:card\" content=\"summary_large_image\" \/>\n<meta name=\"twitter:label1\" content=\"Escrito por\" \/>\n\t<meta name=\"twitter:data1\" content=\"teste\" \/>\n\t<meta name=\"twitter:label2\" content=\"Est. tempo de leitura\" \/>\n\t<meta name=\"twitter:data2\" content=\"3 minutos\" \/>\n<script type=\"application\/ld+json\" class=\"yoast-schema-graph\">{\"@context\":\"https:\\\/\\\/schema.org\",\"@graph\":[{\"@type\":\"Article\",\"@id\":\"https:\\\/\\\/blogdofarnesio.com.br\\\/?p=46436#article\",\"isPartOf\":{\"@id\":\"https:\\\/\\\/blogdofarnesio.com.br\\\/?p=46436\"},\"author\":{\"name\":\"teste\",\"@id\":\"https:\\\/\\\/blogdofarnesio.com.br\\\/#\\\/schema\\\/person\\\/dd1bf5eba40b687199ba45ca6b97dff9\"},\"headline\":\"GEDDEL ADMITE SER CANDIDATO A SUCESS\u00c3O DE JAQUES WAGNER\",\"datePublished\":\"2013-06-29T19:00:15+00:00\",\"mainEntityOfPage\":{\"@id\":\"https:\\\/\\\/blogdofarnesio.com.br\\\/?p=46436\"},\"wordCount\":656,\"commentCount\":1,\"publisher\":{\"@id\":\"https:\\\/\\\/blogdofarnesio.com.br\\\/#organization\"},\"image\":{\"@id\":\"https:\\\/\\\/blogdofarnesio.com.br\\\/?p=46436#primaryimage\"},\"thumbnailUrl\":\"http:\\\/\\\/www.quersaberpolitica.com.br\\\/2016\\\/wp-content\\\/uploads\\\/2013\\\/06\\\/blogqspgeddel.jpg\",\"articleSection\":[\"Elei\u00e7\u00f5es\"],\"inLanguage\":\"pt-BR\",\"potentialAction\":[{\"@type\":\"CommentAction\",\"name\":\"Comment\",\"target\":[\"https:\\\/\\\/blogdofarnesio.com.br\\\/?p=46436#respond\"]}]},{\"@type\":\"WebPage\",\"@id\":\"https:\\\/\\\/blogdofarnesio.com.br\\\/?p=46436\",\"url\":\"https:\\\/\\\/blogdofarnesio.com.br\\\/?p=46436\",\"name\":\"GEDDEL ADMITE SER CANDIDATO A SUCESS\u00c3O DE JAQUES WAGNER - Blog do Farn\u00e9sio\",\"isPartOf\":{\"@id\":\"https:\\\/\\\/blogdofarnesio.com.br\\\/#website\"},\"primaryImageOfPage\":{\"@id\":\"https:\\\/\\\/blogdofarnesio.com.br\\\/?p=46436#primaryimage\"},\"image\":{\"@id\":\"https:\\\/\\\/blogdofarnesio.com.br\\\/?p=46436#primaryimage\"},\"thumbnailUrl\":\"http:\\\/\\\/www.quersaberpolitica.com.br\\\/2016\\\/wp-content\\\/uploads\\\/2013\\\/06\\\/blogqspgeddel.jpg\",\"datePublished\":\"2013-06-29T19:00:15+00:00\",\"breadcrumb\":{\"@id\":\"https:\\\/\\\/blogdofarnesio.com.br\\\/?p=46436#breadcrumb\"},\"inLanguage\":\"pt-BR\",\"potentialAction\":[{\"@type\":\"ReadAction\",\"target\":[\"https:\\\/\\\/blogdofarnesio.com.br\\\/?p=46436\"]}]},{\"@type\":\"ImageObject\",\"inLanguage\":\"pt-BR\",\"@id\":\"https:\\\/\\\/blogdofarnesio.com.br\\\/?p=46436#primaryimage\",\"url\":\"http:\\\/\\\/www.quersaberpolitica.com.br\\\/2016\\\/wp-content\\\/uploads\\\/2013\\\/06\\\/blogqspgeddel.jpg\",\"contentUrl\":\"http:\\\/\\\/www.quersaberpolitica.com.br\\\/2016\\\/wp-content\\\/uploads\\\/2013\\\/06\\\/blogqspgeddel.jpg\"},{\"@type\":\"BreadcrumbList\",\"@id\":\"https:\\\/\\\/blogdofarnesio.com.br\\\/?p=46436#breadcrumb\",\"itemListElement\":[{\"@type\":\"ListItem\",\"position\":1,\"name\":\"In\u00edcio\",\"item\":\"https:\\\/\\\/blogdofarnesio.com.br\\\/\"},{\"@type\":\"ListItem\",\"position\":2,\"name\":\"GEDDEL ADMITE SER CANDIDATO A SUCESS\u00c3O DE JAQUES WAGNER\"}]},{\"@type\":\"WebSite\",\"@id\":\"https:\\\/\\\/blogdofarnesio.com.br\\\/#website\",\"url\":\"https:\\\/\\\/blogdofarnesio.com.br\\\/\",\"name\":\"Blog do Farn\u00e9sio\",\"description\":\"Quer Saber Pol\u00edtica?\",\"publisher\":{\"@id\":\"https:\\\/\\\/blogdofarnesio.com.br\\\/#organization\"},\"potentialAction\":[{\"@type\":\"SearchAction\",\"target\":{\"@type\":\"EntryPoint\",\"urlTemplate\":\"https:\\\/\\\/blogdofarnesio.com.br\\\/?s={search_term_string}\"},\"query-input\":{\"@type\":\"PropertyValueSpecification\",\"valueRequired\":true,\"valueName\":\"search_term_string\"}}],\"inLanguage\":\"pt-BR\"},{\"@type\":\"Organization\",\"@id\":\"https:\\\/\\\/blogdofarnesio.com.br\\\/#organization\",\"name\":\"Blog do Farn\u00e9sio\",\"url\":\"https:\\\/\\\/blogdofarnesio.com.br\\\/\",\"logo\":{\"@type\":\"ImageObject\",\"inLanguage\":\"pt-BR\",\"@id\":\"https:\\\/\\\/blogdofarnesio.com.br\\\/#\\\/schema\\\/logo\\\/image\\\/\",\"url\":\"https:\\\/\\\/blogdofarnesio.com.br\\\/wp-content\\\/uploads\\\/2026\\\/03\\\/cropped-logo_new-1.png\",\"contentUrl\":\"https:\\\/\\\/blogdofarnesio.com.br\\\/wp-content\\\/uploads\\\/2026\\\/03\\\/cropped-logo_new-1.png\",\"width\":881,\"height\":685,\"caption\":\"Blog do Farn\u00e9sio\"},\"image\":{\"@id\":\"https:\\\/\\\/blogdofarnesio.com.br\\\/#\\\/schema\\\/logo\\\/image\\\/\"},\"sameAs\":[\"https:\\\/\\\/www.facebook.com\\\/BlogQuerSaberPolitica\\\/\"]},{\"@type\":\"Person\",\"@id\":\"https:\\\/\\\/blogdofarnesio.com.br\\\/#\\\/schema\\\/person\\\/dd1bf5eba40b687199ba45ca6b97dff9\",\"name\":\"teste\",\"image\":{\"@type\":\"ImageObject\",\"inLanguage\":\"pt-BR\",\"@id\":\"https:\\\/\\\/secure.gravatar.com\\\/avatar\\\/2172498d4914b51e1d89a0f97957b035ac4938723a5cac208135d389b6972a6d?s=96&d=mm&r=g\",\"url\":\"https:\\\/\\\/secure.gravatar.com\\\/avatar\\\/2172498d4914b51e1d89a0f97957b035ac4938723a5cac208135d389b6972a6d?s=96&d=mm&r=g\",\"contentUrl\":\"https:\\\/\\\/secure.gravatar.com\\\/avatar\\\/2172498d4914b51e1d89a0f97957b035ac4938723a5cac208135d389b6972a6d?s=96&d=mm&r=g\",\"caption\":\"teste\"},\"url\":\"https:\\\/\\\/blogdofarnesio.com.br\\\/?author=3\"}]}<\/script>\n<!-- \/ Yoast SEO plugin. -->","yoast_head_json":{"title":"GEDDEL ADMITE SER CANDIDATO A SUCESS\u00c3O DE JAQUES WAGNER - Blog do Farn\u00e9sio","robots":{"index":"index","follow":"follow","max-snippet":"max-snippet:-1","max-image-preview":"max-image-preview:large","max-video-preview":"max-video-preview:-1"},"canonical":"https:\/\/blogdofarnesio.com.br\/?p=46436","og_locale":"pt_BR","og_type":"article","og_title":"GEDDEL ADMITE SER CANDIDATO A SUCESS\u00c3O DE JAQUES WAGNER - Blog do Farn\u00e9sio","og_description":"A possibilidade de sair candidato ao governo do Estado, em 2014, foi enfatizada pelo presidente do PMDB na Bahia, Geddel Vieira Lima, durante entrevista na r\u00e1dio CBN nessa quinta-feira (27\/6). De acordo com o peemedebista, h\u00e1 conversas com setores da sociedade, mas a resposta vir\u00e1 das ruas. \u201cEstou tratando de conversar com a sociedade com clareza e transpar\u00eancia e falando de ideias, projetos e atitudes. Falando o que est\u00e1 de errado na sa\u00fade, educa\u00e7\u00e3o e seguran\u00e7a p\u00fablica\u201d, disse. Geddel reafirmou ainda o desejo ser candidato e disse que isso dependia da resposta da pr\u00f3pria popula\u00e7\u00e3o para liderar um projeto alternativo. \u201cO PT na Bahia j\u00e1 deu o que tinha que dar. [ACM] Neto aparece nas pesquisas, mas ele tem dito&hellip;","og_url":"https:\/\/blogdofarnesio.com.br\/?p=46436","og_site_name":"Blog do Farn\u00e9sio","article_publisher":"https:\/\/www.facebook.com\/BlogQuerSaberPolitica\/","article_published_time":"2013-06-29T19:00:15+00:00","og_image":[{"url":"http:\/\/www.quersaberpolitica.com.br\/2016\/wp-content\/uploads\/2013\/06\/blogqspgeddel.jpg","type":"","width":"","height":""}],"author":"teste","twitter_card":"summary_large_image","twitter_misc":{"Escrito por":"teste","Est. tempo de leitura":"3 minutos"},"schema":{"@context":"https:\/\/schema.org","@graph":[{"@type":"Article","@id":"https:\/\/blogdofarnesio.com.br\/?p=46436#article","isPartOf":{"@id":"https:\/\/blogdofarnesio.com.br\/?p=46436"},"author":{"name":"teste","@id":"https:\/\/blogdofarnesio.com.br\/#\/schema\/person\/dd1bf5eba40b687199ba45ca6b97dff9"},"headline":"GEDDEL ADMITE SER CANDIDATO A SUCESS\u00c3O DE JAQUES WAGNER","datePublished":"2013-06-29T19:00:15+00:00","mainEntityOfPage":{"@id":"https:\/\/blogdofarnesio.com.br\/?p=46436"},"wordCount":656,"commentCount":1,"publisher":{"@id":"https:\/\/blogdofarnesio.com.br\/#organization"},"image":{"@id":"https:\/\/blogdofarnesio.com.br\/?p=46436#primaryimage"},"thumbnailUrl":"http:\/\/www.quersaberpolitica.com.br\/2016\/wp-content\/uploads\/2013\/06\/blogqspgeddel.jpg","articleSection":["Elei\u00e7\u00f5es"],"inLanguage":"pt-BR","potentialAction":[{"@type":"CommentAction","name":"Comment","target":["https:\/\/blogdofarnesio.com.br\/?p=46436#respond"]}]},{"@type":"WebPage","@id":"https:\/\/blogdofarnesio.com.br\/?p=46436","url":"https:\/\/blogdofarnesio.com.br\/?p=46436","name":"GEDDEL ADMITE SER CANDIDATO A SUCESS\u00c3O DE JAQUES WAGNER - Blog do Farn\u00e9sio","isPartOf":{"@id":"https:\/\/blogdofarnesio.com.br\/#website"},"primaryImageOfPage":{"@id":"https:\/\/blogdofarnesio.com.br\/?p=46436#primaryimage"},"image":{"@id":"https:\/\/blogdofarnesio.com.br\/?p=46436#primaryimage"},"thumbnailUrl":"http:\/\/www.quersaberpolitica.com.br\/2016\/wp-content\/uploads\/2013\/06\/blogqspgeddel.jpg","datePublished":"2013-06-29T19:00:15+00:00","breadcrumb":{"@id":"https:\/\/blogdofarnesio.com.br\/?p=46436#breadcrumb"},"inLanguage":"pt-BR","potentialAction":[{"@type":"ReadAction","target":["https:\/\/blogdofarnesio.com.br\/?p=46436"]}]},{"@type":"ImageObject","inLanguage":"pt-BR","@id":"https:\/\/blogdofarnesio.com.br\/?p=46436#primaryimage","url":"http:\/\/www.quersaberpolitica.com.br\/2016\/wp-content\/uploads\/2013\/06\/blogqspgeddel.jpg","contentUrl":"http:\/\/www.quersaberpolitica.com.br\/2016\/wp-content\/uploads\/2013\/06\/blogqspgeddel.jpg"},{"@type":"BreadcrumbList","@id":"https:\/\/blogdofarnesio.com.br\/?p=46436#breadcrumb","itemListElement":[{"@type":"ListItem","position":1,"name":"In\u00edcio","item":"https:\/\/blogdofarnesio.com.br\/"},{"@type":"ListItem","position":2,"name":"GEDDEL ADMITE SER CANDIDATO A SUCESS\u00c3O DE JAQUES WAGNER"}]},{"@type":"WebSite","@id":"https:\/\/blogdofarnesio.com.br\/#website","url":"https:\/\/blogdofarnesio.com.br\/","name":"Blog do Farn\u00e9sio","description":"Quer Saber Pol\u00edtica?","publisher":{"@id":"https:\/\/blogdofarnesio.com.br\/#organization"},"potentialAction":[{"@type":"SearchAction","target":{"@type":"EntryPoint","urlTemplate":"https:\/\/blogdofarnesio.com.br\/?s={search_term_string}"},"query-input":{"@type":"PropertyValueSpecification","valueRequired":true,"valueName":"search_term_string"}}],"inLanguage":"pt-BR"},{"@type":"Organization","@id":"https:\/\/blogdofarnesio.com.br\/#organization","name":"Blog do Farn\u00e9sio","url":"https:\/\/blogdofarnesio.com.br\/","logo":{"@type":"ImageObject","inLanguage":"pt-BR","@id":"https:\/\/blogdofarnesio.com.br\/#\/schema\/logo\/image\/","url":"https:\/\/blogdofarnesio.com.br\/wp-content\/uploads\/2026\/03\/cropped-logo_new-1.png","contentUrl":"https:\/\/blogdofarnesio.com.br\/wp-content\/uploads\/2026\/03\/cropped-logo_new-1.png","width":881,"height":685,"caption":"Blog do Farn\u00e9sio"},"image":{"@id":"https:\/\/blogdofarnesio.com.br\/#\/schema\/logo\/image\/"},"sameAs":["https:\/\/www.facebook.com\/BlogQuerSaberPolitica\/"]},{"@type":"Person","@id":"https:\/\/blogdofarnesio.com.br\/#\/schema\/person\/dd1bf5eba40b687199ba45ca6b97dff9","name":"teste","image":{"@type":"ImageObject","inLanguage":"pt-BR","@id":"https:\/\/secure.gravatar.com\/avatar\/2172498d4914b51e1d89a0f97957b035ac4938723a5cac208135d389b6972a6d?s=96&d=mm&r=g","url":"https:\/\/secure.gravatar.com\/avatar\/2172498d4914b51e1d89a0f97957b035ac4938723a5cac208135d389b6972a6d?s=96&d=mm&r=g","contentUrl":"https:\/\/secure.gravatar.com\/avatar\/2172498d4914b51e1d89a0f97957b035ac4938723a5cac208135d389b6972a6d?s=96&d=mm&r=g","caption":"teste"},"url":"https:\/\/blogdofarnesio.com.br\/?author=3"}]}},"_links":{"self":[{"href":"https:\/\/blogdofarnesio.com.br\/index.php?rest_route=\/wp\/v2\/posts\/46436","targetHints":{"allow":["GET"]}}],"collection":[{"href":"https:\/\/blogdofarnesio.com.br\/index.php?rest_route=\/wp\/v2\/posts"}],"about":[{"href":"https:\/\/blogdofarnesio.com.br\/index.php?rest_route=\/wp\/v2\/types\/post"}],"author":[{"embeddable":true,"href":"https:\/\/blogdofarnesio.com.br\/index.php?rest_route=\/wp\/v2\/users\/3"}],"replies":[{"embeddable":true,"href":"https:\/\/blogdofarnesio.com.br\/index.php?rest_route=%2Fwp%2Fv2%2Fcomments&post=46436"}],"version-history":[{"count":0,"href":"https:\/\/blogdofarnesio.com.br\/index.php?rest_route=\/wp\/v2\/posts\/46436\/revisions"}],"wp:attachment":[{"href":"https:\/\/blogdofarnesio.com.br\/index.php?rest_route=%2Fwp%2Fv2%2Fmedia&parent=46436"}],"wp:term":[{"taxonomy":"category","embeddable":true,"href":"https:\/\/blogdofarnesio.com.br\/index.php?rest_route=%2Fwp%2Fv2%2Fcategories&post=46436"},{"taxonomy":"post_tag","embeddable":true,"href":"https:\/\/blogdofarnesio.com.br\/index.php?rest_route=%2Fwp%2Fv2%2Ftags&post=46436"}],"curies":[{"name":"wp","href":"https:\/\/api.w.org\/{rel}","templated":true}]}}