{"id":46368,"date":"2013-06-28T16:00:53","date_gmt":"2013-06-28T19:00:53","guid":{"rendered":"http:\/\/www.quersaberpolitica.com.br\/?p=46368"},"modified":"2013-06-28T14:04:19","modified_gmt":"2013-06-28T17:04:19","slug":"seduh-planeja-acoes-para-os-bairros-que-receberao-a-intervencao-urbana","status":"publish","type":"post","link":"https:\/\/blogdofarnesio.com.br\/?p=46368","title":{"rendered":"SEDUH PLANEJA A\u00c7\u00d5ES PARA OS BAIRROS QUE RECEBER\u00c3O A INTERVEN\u00c7\u00c3O URBANA"},"content":{"rendered":"<p style=\"text-align: justify\"><img decoding=\"async\" class=\"alignleft\" alt=\"DSCN1822.JPG\" src=\"https:\/\/mail.google.com\/mail\/u\/0\/?ui=2&amp;ik=0c26d17bef&amp;view=att&amp;th=13f8b5a56ec129bc&amp;attid=0.1&amp;disp=thd&amp;realattid=f_hihj24ru0&amp;zw\" \/>A secret\u00e1ria de Desenvolvimento Urbano e Habita\u00e7\u00e3o, C\u00e9lia Regina Carvalho, reuniu-se nesta quinta-feira (27) com a equipe t\u00e9cnica para planejar as a\u00e7\u00f5es a serem desenvolvidas nos 12 bairros que ser\u00e3o beneficiados com as obras de Interven\u00e7\u00e3o Urbana do PAC 2.<\/p>\n<p style=\"text-align: justify\">De acordo com a secret\u00e1ria, a primeira etapa do trabalho t\u00e9cnico social foi realizada em 2010, onde foi feito um diagn\u00f3stico socioecon\u00f4mico em toda a \u00e1rea. \u201cNo momento, estamos planejando diversas a\u00e7\u00f5es em todos os bairros com as equipes do PAC2, antes da execu\u00e7\u00e3o das obras.<\/p>\n<p style=\"text-align: justify\">A equipe de engenharia, junto \u00e0 empresa contratada, est\u00e1 fazendo an\u00e1lise de todos os projetos que contemplam a \u00e1rea, priorizando os bairros que receber\u00e3o as primeiras interven\u00e7\u00f5es, enquanto a Equipe T\u00e9cnica Social deve preparar a popula\u00e7\u00e3o para receber todos os benef\u00edcios aprovados. O trabalho das duas equipes \u00e9 indispens\u00e1vel e muito importante para o \u00eaxito das obras\u201d, afirmou C\u00e9lia Regina.<!--more--><\/p>\n<p style=\"text-align: justify\">A equipe do PAC2 ser\u00e1 composta por profissionais de diversas \u00e1reas, dentre elas, Engenharia Civil, Servi\u00e7o Social, Ci\u00eancias Sociais, Pedagogia, Comunica\u00e7\u00e3o Social, Economia, Administra\u00e7\u00e3o e Educa\u00e7\u00e3o Ambiental. Profissionais especializados realizar\u00e3o o Trabalho T\u00e9cnico Social (TTS) em uma \u00e1rea compreendendo 12 bairros, que receber\u00e1 a maior interven\u00e7\u00e3o urbana da hist\u00f3ria de Juazeiro. S\u00e3o estes profissionais que far\u00e3o o TTS antes, durante e ap\u00f3s as obras do PAC2, e acompanhar\u00e3o as fam\u00edlias beneficiadas dos bairros, Alto da Alian\u00e7a; Ant\u00f4nio Conselheiro; Codevasf; Malhada da Areia; Argemiro; Nova Esperan\u00e7a; Vila Tiradentes; ; Piranga; Piranga I e II; Jardim S\u00e3o Paulo e Jardim das Ac\u00e1cias.<\/p>\n<p style=\"text-align: justify\">O secret\u00e1rio de Desenvolvimento Econ\u00f4mico e Turismo, Juvenilson Passos, participou da reuni\u00e3o e disse que foi importante conhecer detalhes do Projeto. \u201cA regi\u00e3o passar\u00e1 por uma mudan\u00e7a significativa e \u00e9 necess\u00e1rio que o Governo desenvolva a\u00e7\u00f5es para promover o desenvolvimento econ\u00f4mico em toda poligonal. Precisamos trabalhar para o fortalecimento dos pequenos empres\u00e1rios que j\u00e1 est\u00e3o instalados na \u00e1rea e atrair investidores da nossa cidade, detentores de empreendimentos de m\u00e9dio e grande porte\u201d, ressaltou o secret\u00e1rio.<\/p>\n<p style=\"text-align: justify\">O conv\u00eanio de R$ 48 milh\u00f5es para o Projeto de Interven\u00e7\u00e3o Urbana &#8211; PAC2, foi assinado pela presidente Dilma em Juazeiro e compreende obras de pavimenta\u00e7\u00e3o asf\u00e1ltica, saneamento, constru\u00e7\u00e3o de pra\u00e7as, feira livre, constru\u00e7\u00e3o de creches, escolas, unidades de sa\u00fade (UBS), UPA, cine teatro, revestimento de canais, Parque da Cidade, al\u00e9m, de mais de R$ 50 milh\u00f5es para constru\u00e7\u00e3o de 1200 unidades habitacionais.<\/p>\n","protected":false},"excerpt":{"rendered":"<p>A secret\u00e1ria de Desenvolvimento Urbano e Habita\u00e7\u00e3o, C\u00e9lia Regina Carvalho, reuniu-se nesta quinta-feira (27) com a equipe t\u00e9cnica para planejar as a\u00e7\u00f5es a serem desenvolvidas nos 12 bairros que ser\u00e3o beneficiados com as obras de Interven\u00e7\u00e3o Urbana do PAC 2. De acordo com a secret\u00e1ria, a primeira etapa do trabalho t\u00e9cnico social foi realizada em 2010, onde foi feito um diagn\u00f3stico socioecon\u00f4mico em toda a \u00e1rea. \u201cNo momento, estamos planejando diversas a\u00e7\u00f5es em todos os bairros com as equipes do PAC2, antes da execu\u00e7\u00e3o das obras. A equipe de engenharia, junto \u00e0 empresa contratada, est\u00e1 fazendo an\u00e1lise de todos os projetos que contemplam a \u00e1rea, priorizando os bairros que receber\u00e3o as primeiras interven\u00e7\u00f5es, enquanto a Equipe T\u00e9cnica Social deve preparar&hellip; <\/p>\n","protected":false},"author":3,"featured_media":0,"comment_status":"open","ping_status":"open","sticky":false,"template":"","format":"standard","meta":{"_acf_changed":false,"footnotes":""},"categories":[14],"tags":[],"class_list":["post-46368","post","type-post","status-publish","format-standard","hentry","category-infraestrutura"],"acf":[],"yoast_head":"<!-- This site is optimized with the Yoast SEO plugin v27.4 - https:\/\/yoast.com\/product\/yoast-seo-wordpress\/ -->\n<title>SEDUH PLANEJA A\u00c7\u00d5ES PARA OS BAIRROS QUE RECEBER\u00c3O A INTERVEN\u00c7\u00c3O URBANA - Blog do Farn\u00e9sio<\/title>\n<meta name=\"robots\" content=\"index, follow, max-snippet:-1, max-image-preview:large, max-video-preview:-1\" \/>\n<link rel=\"canonical\" href=\"https:\/\/blogdofarnesio.com.br\/?p=46368\" \/>\n<meta property=\"og:locale\" content=\"pt_BR\" \/>\n<meta property=\"og:type\" content=\"article\" \/>\n<meta property=\"og:title\" content=\"SEDUH PLANEJA A\u00c7\u00d5ES PARA OS BAIRROS QUE RECEBER\u00c3O A INTERVEN\u00c7\u00c3O URBANA - Blog do Farn\u00e9sio\" \/>\n<meta property=\"og:description\" content=\"A secret\u00e1ria de Desenvolvimento Urbano e Habita\u00e7\u00e3o, C\u00e9lia Regina Carvalho, reuniu-se nesta quinta-feira (27) com a equipe t\u00e9cnica para planejar as a\u00e7\u00f5es a serem desenvolvidas nos 12 bairros que ser\u00e3o beneficiados com as obras de Interven\u00e7\u00e3o Urbana do PAC 2. De acordo com a secret\u00e1ria, a primeira etapa do trabalho t\u00e9cnico social foi realizada em 2010, onde foi feito um diagn\u00f3stico socioecon\u00f4mico em toda a \u00e1rea. \u201cNo momento, estamos planejando diversas a\u00e7\u00f5es em todos os bairros com as equipes do PAC2, antes da execu\u00e7\u00e3o das obras. A equipe de engenharia, junto \u00e0 empresa contratada, est\u00e1 fazendo an\u00e1lise de todos os projetos que contemplam a \u00e1rea, priorizando os bairros que receber\u00e3o as primeiras interven\u00e7\u00f5es, enquanto a Equipe T\u00e9cnica Social deve preparar&hellip;\" \/>\n<meta property=\"og:url\" content=\"https:\/\/blogdofarnesio.com.br\/?p=46368\" \/>\n<meta property=\"og:site_name\" content=\"Blog do Farn\u00e9sio\" \/>\n<meta property=\"article:publisher\" content=\"https:\/\/www.facebook.com\/BlogQuerSaberPolitica\/\" \/>\n<meta property=\"article:published_time\" content=\"2013-06-28T19:00:53+00:00\" \/>\n<meta property=\"og:image\" content=\"https:\/\/mail.google.com\/mail\/u\/0\/?ui=2&amp;ik=0c26d17bef&amp;view=att&amp;th=13f8b5a56ec129bc&amp;attid=0.1&amp;disp=thd&amp;realattid=f_hihj24ru0&amp;zw\" \/>\n<meta name=\"author\" content=\"teste\" \/>\n<meta name=\"twitter:card\" content=\"summary_large_image\" \/>\n<meta name=\"twitter:label1\" content=\"Escrito por\" \/>\n\t<meta name=\"twitter:data1\" content=\"teste\" \/>\n\t<meta name=\"twitter:label2\" content=\"Est. tempo de leitura\" \/>\n\t<meta name=\"twitter:data2\" content=\"2 minutos\" \/>\n<script type=\"application\/ld+json\" class=\"yoast-schema-graph\">{\"@context\":\"https:\\\/\\\/schema.org\",\"@graph\":[{\"@type\":\"Article\",\"@id\":\"https:\\\/\\\/blogdofarnesio.com.br\\\/?p=46368#article\",\"isPartOf\":{\"@id\":\"https:\\\/\\\/blogdofarnesio.com.br\\\/?p=46368\"},\"author\":{\"name\":\"teste\",\"@id\":\"https:\\\/\\\/blogdofarnesio.com.br\\\/#\\\/schema\\\/person\\\/dd1bf5eba40b687199ba45ca6b97dff9\"},\"headline\":\"SEDUH PLANEJA A\u00c7\u00d5ES PARA OS BAIRROS QUE RECEBER\u00c3O A INTERVEN\u00c7\u00c3O URBANA\",\"datePublished\":\"2013-06-28T19:00:53+00:00\",\"mainEntityOfPage\":{\"@id\":\"https:\\\/\\\/blogdofarnesio.com.br\\\/?p=46368\"},\"wordCount\":450,\"commentCount\":0,\"publisher\":{\"@id\":\"https:\\\/\\\/blogdofarnesio.com.br\\\/#organization\"},\"image\":{\"@id\":\"https:\\\/\\\/blogdofarnesio.com.br\\\/?p=46368#primaryimage\"},\"thumbnailUrl\":\"https:\\\/\\\/mail.google.com\\\/mail\\\/u\\\/0\\\/?ui=2&amp;ik=0c26d17bef&amp;view=att&amp;th=13f8b5a56ec129bc&amp;attid=0.1&amp;disp=thd&amp;realattid=f_hihj24ru0&amp;zw\",\"articleSection\":[\"Infraestrutura\"],\"inLanguage\":\"pt-BR\",\"potentialAction\":[{\"@type\":\"CommentAction\",\"name\":\"Comment\",\"target\":[\"https:\\\/\\\/blogdofarnesio.com.br\\\/?p=46368#respond\"]}]},{\"@type\":\"WebPage\",\"@id\":\"https:\\\/\\\/blogdofarnesio.com.br\\\/?p=46368\",\"url\":\"https:\\\/\\\/blogdofarnesio.com.br\\\/?p=46368\",\"name\":\"SEDUH PLANEJA A\u00c7\u00d5ES PARA OS BAIRROS QUE RECEBER\u00c3O A INTERVEN\u00c7\u00c3O URBANA - Blog do Farn\u00e9sio\",\"isPartOf\":{\"@id\":\"https:\\\/\\\/blogdofarnesio.com.br\\\/#website\"},\"primaryImageOfPage\":{\"@id\":\"https:\\\/\\\/blogdofarnesio.com.br\\\/?p=46368#primaryimage\"},\"image\":{\"@id\":\"https:\\\/\\\/blogdofarnesio.com.br\\\/?p=46368#primaryimage\"},\"thumbnailUrl\":\"https:\\\/\\\/mail.google.com\\\/mail\\\/u\\\/0\\\/?ui=2&amp;ik=0c26d17bef&amp;view=att&amp;th=13f8b5a56ec129bc&amp;attid=0.1&amp;disp=thd&amp;realattid=f_hihj24ru0&amp;zw\",\"datePublished\":\"2013-06-28T19:00:53+00:00\",\"breadcrumb\":{\"@id\":\"https:\\\/\\\/blogdofarnesio.com.br\\\/?p=46368#breadcrumb\"},\"inLanguage\":\"pt-BR\",\"potentialAction\":[{\"@type\":\"ReadAction\",\"target\":[\"https:\\\/\\\/blogdofarnesio.com.br\\\/?p=46368\"]}]},{\"@type\":\"ImageObject\",\"inLanguage\":\"pt-BR\",\"@id\":\"https:\\\/\\\/blogdofarnesio.com.br\\\/?p=46368#primaryimage\",\"url\":\"https:\\\/\\\/mail.google.com\\\/mail\\\/u\\\/0\\\/?ui=2&amp;ik=0c26d17bef&amp;view=att&amp;th=13f8b5a56ec129bc&amp;attid=0.1&amp;disp=thd&amp;realattid=f_hihj24ru0&amp;zw\",\"contentUrl\":\"https:\\\/\\\/mail.google.com\\\/mail\\\/u\\\/0\\\/?ui=2&amp;ik=0c26d17bef&amp;view=att&amp;th=13f8b5a56ec129bc&amp;attid=0.1&amp;disp=thd&amp;realattid=f_hihj24ru0&amp;zw\"},{\"@type\":\"BreadcrumbList\",\"@id\":\"https:\\\/\\\/blogdofarnesio.com.br\\\/?p=46368#breadcrumb\",\"itemListElement\":[{\"@type\":\"ListItem\",\"position\":1,\"name\":\"In\u00edcio\",\"item\":\"https:\\\/\\\/blogdofarnesio.com.br\\\/\"},{\"@type\":\"ListItem\",\"position\":2,\"name\":\"SEDUH PLANEJA A\u00c7\u00d5ES PARA OS BAIRROS QUE RECEBER\u00c3O A INTERVEN\u00c7\u00c3O URBANA\"}]},{\"@type\":\"WebSite\",\"@id\":\"https:\\\/\\\/blogdofarnesio.com.br\\\/#website\",\"url\":\"https:\\\/\\\/blogdofarnesio.com.br\\\/\",\"name\":\"Blog do Farn\u00e9sio\",\"description\":\"Quer Saber Pol\u00edtica?\",\"publisher\":{\"@id\":\"https:\\\/\\\/blogdofarnesio.com.br\\\/#organization\"},\"potentialAction\":[{\"@type\":\"SearchAction\",\"target\":{\"@type\":\"EntryPoint\",\"urlTemplate\":\"https:\\\/\\\/blogdofarnesio.com.br\\\/?s={search_term_string}\"},\"query-input\":{\"@type\":\"PropertyValueSpecification\",\"valueRequired\":true,\"valueName\":\"search_term_string\"}}],\"inLanguage\":\"pt-BR\"},{\"@type\":\"Organization\",\"@id\":\"https:\\\/\\\/blogdofarnesio.com.br\\\/#organization\",\"name\":\"Blog do Farn\u00e9sio\",\"url\":\"https:\\\/\\\/blogdofarnesio.com.br\\\/\",\"logo\":{\"@type\":\"ImageObject\",\"inLanguage\":\"pt-BR\",\"@id\":\"https:\\\/\\\/blogdofarnesio.com.br\\\/#\\\/schema\\\/logo\\\/image\\\/\",\"url\":\"https:\\\/\\\/blogdofarnesio.com.br\\\/wp-content\\\/uploads\\\/2026\\\/03\\\/cropped-logo_new-1.png\",\"contentUrl\":\"https:\\\/\\\/blogdofarnesio.com.br\\\/wp-content\\\/uploads\\\/2026\\\/03\\\/cropped-logo_new-1.png\",\"width\":881,\"height\":685,\"caption\":\"Blog do Farn\u00e9sio\"},\"image\":{\"@id\":\"https:\\\/\\\/blogdofarnesio.com.br\\\/#\\\/schema\\\/logo\\\/image\\\/\"},\"sameAs\":[\"https:\\\/\\\/www.facebook.com\\\/BlogQuerSaberPolitica\\\/\"]},{\"@type\":\"Person\",\"@id\":\"https:\\\/\\\/blogdofarnesio.com.br\\\/#\\\/schema\\\/person\\\/dd1bf5eba40b687199ba45ca6b97dff9\",\"name\":\"teste\",\"image\":{\"@type\":\"ImageObject\",\"inLanguage\":\"pt-BR\",\"@id\":\"https:\\\/\\\/secure.gravatar.com\\\/avatar\\\/2172498d4914b51e1d89a0f97957b035ac4938723a5cac208135d389b6972a6d?s=96&d=mm&r=g\",\"url\":\"https:\\\/\\\/secure.gravatar.com\\\/avatar\\\/2172498d4914b51e1d89a0f97957b035ac4938723a5cac208135d389b6972a6d?s=96&d=mm&r=g\",\"contentUrl\":\"https:\\\/\\\/secure.gravatar.com\\\/avatar\\\/2172498d4914b51e1d89a0f97957b035ac4938723a5cac208135d389b6972a6d?s=96&d=mm&r=g\",\"caption\":\"teste\"},\"url\":\"https:\\\/\\\/blogdofarnesio.com.br\\\/?author=3\"}]}<\/script>\n<!-- \/ Yoast SEO plugin. -->","yoast_head_json":{"title":"SEDUH PLANEJA A\u00c7\u00d5ES PARA OS BAIRROS QUE RECEBER\u00c3O A INTERVEN\u00c7\u00c3O URBANA - Blog do Farn\u00e9sio","robots":{"index":"index","follow":"follow","max-snippet":"max-snippet:-1","max-image-preview":"max-image-preview:large","max-video-preview":"max-video-preview:-1"},"canonical":"https:\/\/blogdofarnesio.com.br\/?p=46368","og_locale":"pt_BR","og_type":"article","og_title":"SEDUH PLANEJA A\u00c7\u00d5ES PARA OS BAIRROS QUE RECEBER\u00c3O A INTERVEN\u00c7\u00c3O URBANA - Blog do Farn\u00e9sio","og_description":"A secret\u00e1ria de Desenvolvimento Urbano e Habita\u00e7\u00e3o, C\u00e9lia Regina Carvalho, reuniu-se nesta quinta-feira (27) com a equipe t\u00e9cnica para planejar as a\u00e7\u00f5es a serem desenvolvidas nos 12 bairros que ser\u00e3o beneficiados com as obras de Interven\u00e7\u00e3o Urbana do PAC 2. De acordo com a secret\u00e1ria, a primeira etapa do trabalho t\u00e9cnico social foi realizada em 2010, onde foi feito um diagn\u00f3stico socioecon\u00f4mico em toda a \u00e1rea. \u201cNo momento, estamos planejando diversas a\u00e7\u00f5es em todos os bairros com as equipes do PAC2, antes da execu\u00e7\u00e3o das obras. A equipe de engenharia, junto \u00e0 empresa contratada, est\u00e1 fazendo an\u00e1lise de todos os projetos que contemplam a \u00e1rea, priorizando os bairros que receber\u00e3o as primeiras interven\u00e7\u00f5es, enquanto a Equipe T\u00e9cnica Social deve preparar&hellip;","og_url":"https:\/\/blogdofarnesio.com.br\/?p=46368","og_site_name":"Blog do Farn\u00e9sio","article_publisher":"https:\/\/www.facebook.com\/BlogQuerSaberPolitica\/","article_published_time":"2013-06-28T19:00:53+00:00","og_image":[{"url":"https:\/\/mail.google.com\/mail\/u\/0\/?ui=2&amp;ik=0c26d17bef&amp;view=att&amp;th=13f8b5a56ec129bc&amp;attid=0.1&amp;disp=thd&amp;realattid=f_hihj24ru0&amp;zw","type":"","width":"","height":""}],"author":"teste","twitter_card":"summary_large_image","twitter_misc":{"Escrito por":"teste","Est. tempo de leitura":"2 minutos"},"schema":{"@context":"https:\/\/schema.org","@graph":[{"@type":"Article","@id":"https:\/\/blogdofarnesio.com.br\/?p=46368#article","isPartOf":{"@id":"https:\/\/blogdofarnesio.com.br\/?p=46368"},"author":{"name":"teste","@id":"https:\/\/blogdofarnesio.com.br\/#\/schema\/person\/dd1bf5eba40b687199ba45ca6b97dff9"},"headline":"SEDUH PLANEJA A\u00c7\u00d5ES PARA OS BAIRROS QUE RECEBER\u00c3O A INTERVEN\u00c7\u00c3O URBANA","datePublished":"2013-06-28T19:00:53+00:00","mainEntityOfPage":{"@id":"https:\/\/blogdofarnesio.com.br\/?p=46368"},"wordCount":450,"commentCount":0,"publisher":{"@id":"https:\/\/blogdofarnesio.com.br\/#organization"},"image":{"@id":"https:\/\/blogdofarnesio.com.br\/?p=46368#primaryimage"},"thumbnailUrl":"https:\/\/mail.google.com\/mail\/u\/0\/?ui=2&amp;ik=0c26d17bef&amp;view=att&amp;th=13f8b5a56ec129bc&amp;attid=0.1&amp;disp=thd&amp;realattid=f_hihj24ru0&amp;zw","articleSection":["Infraestrutura"],"inLanguage":"pt-BR","potentialAction":[{"@type":"CommentAction","name":"Comment","target":["https:\/\/blogdofarnesio.com.br\/?p=46368#respond"]}]},{"@type":"WebPage","@id":"https:\/\/blogdofarnesio.com.br\/?p=46368","url":"https:\/\/blogdofarnesio.com.br\/?p=46368","name":"SEDUH PLANEJA A\u00c7\u00d5ES PARA OS BAIRROS QUE RECEBER\u00c3O A INTERVEN\u00c7\u00c3O URBANA - Blog do Farn\u00e9sio","isPartOf":{"@id":"https:\/\/blogdofarnesio.com.br\/#website"},"primaryImageOfPage":{"@id":"https:\/\/blogdofarnesio.com.br\/?p=46368#primaryimage"},"image":{"@id":"https:\/\/blogdofarnesio.com.br\/?p=46368#primaryimage"},"thumbnailUrl":"https:\/\/mail.google.com\/mail\/u\/0\/?ui=2&amp;ik=0c26d17bef&amp;view=att&amp;th=13f8b5a56ec129bc&amp;attid=0.1&amp;disp=thd&amp;realattid=f_hihj24ru0&amp;zw","datePublished":"2013-06-28T19:00:53+00:00","breadcrumb":{"@id":"https:\/\/blogdofarnesio.com.br\/?p=46368#breadcrumb"},"inLanguage":"pt-BR","potentialAction":[{"@type":"ReadAction","target":["https:\/\/blogdofarnesio.com.br\/?p=46368"]}]},{"@type":"ImageObject","inLanguage":"pt-BR","@id":"https:\/\/blogdofarnesio.com.br\/?p=46368#primaryimage","url":"https:\/\/mail.google.com\/mail\/u\/0\/?ui=2&amp;ik=0c26d17bef&amp;view=att&amp;th=13f8b5a56ec129bc&amp;attid=0.1&amp;disp=thd&amp;realattid=f_hihj24ru0&amp;zw","contentUrl":"https:\/\/mail.google.com\/mail\/u\/0\/?ui=2&amp;ik=0c26d17bef&amp;view=att&amp;th=13f8b5a56ec129bc&amp;attid=0.1&amp;disp=thd&amp;realattid=f_hihj24ru0&amp;zw"},{"@type":"BreadcrumbList","@id":"https:\/\/blogdofarnesio.com.br\/?p=46368#breadcrumb","itemListElement":[{"@type":"ListItem","position":1,"name":"In\u00edcio","item":"https:\/\/blogdofarnesio.com.br\/"},{"@type":"ListItem","position":2,"name":"SEDUH PLANEJA A\u00c7\u00d5ES PARA OS BAIRROS QUE RECEBER\u00c3O A INTERVEN\u00c7\u00c3O URBANA"}]},{"@type":"WebSite","@id":"https:\/\/blogdofarnesio.com.br\/#website","url":"https:\/\/blogdofarnesio.com.br\/","name":"Blog do Farn\u00e9sio","description":"Quer Saber Pol\u00edtica?","publisher":{"@id":"https:\/\/blogdofarnesio.com.br\/#organization"},"potentialAction":[{"@type":"SearchAction","target":{"@type":"EntryPoint","urlTemplate":"https:\/\/blogdofarnesio.com.br\/?s={search_term_string}"},"query-input":{"@type":"PropertyValueSpecification","valueRequired":true,"valueName":"search_term_string"}}],"inLanguage":"pt-BR"},{"@type":"Organization","@id":"https:\/\/blogdofarnesio.com.br\/#organization","name":"Blog do Farn\u00e9sio","url":"https:\/\/blogdofarnesio.com.br\/","logo":{"@type":"ImageObject","inLanguage":"pt-BR","@id":"https:\/\/blogdofarnesio.com.br\/#\/schema\/logo\/image\/","url":"https:\/\/blogdofarnesio.com.br\/wp-content\/uploads\/2026\/03\/cropped-logo_new-1.png","contentUrl":"https:\/\/blogdofarnesio.com.br\/wp-content\/uploads\/2026\/03\/cropped-logo_new-1.png","width":881,"height":685,"caption":"Blog do Farn\u00e9sio"},"image":{"@id":"https:\/\/blogdofarnesio.com.br\/#\/schema\/logo\/image\/"},"sameAs":["https:\/\/www.facebook.com\/BlogQuerSaberPolitica\/"]},{"@type":"Person","@id":"https:\/\/blogdofarnesio.com.br\/#\/schema\/person\/dd1bf5eba40b687199ba45ca6b97dff9","name":"teste","image":{"@type":"ImageObject","inLanguage":"pt-BR","@id":"https:\/\/secure.gravatar.com\/avatar\/2172498d4914b51e1d89a0f97957b035ac4938723a5cac208135d389b6972a6d?s=96&d=mm&r=g","url":"https:\/\/secure.gravatar.com\/avatar\/2172498d4914b51e1d89a0f97957b035ac4938723a5cac208135d389b6972a6d?s=96&d=mm&r=g","contentUrl":"https:\/\/secure.gravatar.com\/avatar\/2172498d4914b51e1d89a0f97957b035ac4938723a5cac208135d389b6972a6d?s=96&d=mm&r=g","caption":"teste"},"url":"https:\/\/blogdofarnesio.com.br\/?author=3"}]}},"_links":{"self":[{"href":"https:\/\/blogdofarnesio.com.br\/index.php?rest_route=\/wp\/v2\/posts\/46368","targetHints":{"allow":["GET"]}}],"collection":[{"href":"https:\/\/blogdofarnesio.com.br\/index.php?rest_route=\/wp\/v2\/posts"}],"about":[{"href":"https:\/\/blogdofarnesio.com.br\/index.php?rest_route=\/wp\/v2\/types\/post"}],"author":[{"embeddable":true,"href":"https:\/\/blogdofarnesio.com.br\/index.php?rest_route=\/wp\/v2\/users\/3"}],"replies":[{"embeddable":true,"href":"https:\/\/blogdofarnesio.com.br\/index.php?rest_route=%2Fwp%2Fv2%2Fcomments&post=46368"}],"version-history":[{"count":0,"href":"https:\/\/blogdofarnesio.com.br\/index.php?rest_route=\/wp\/v2\/posts\/46368\/revisions"}],"wp:attachment":[{"href":"https:\/\/blogdofarnesio.com.br\/index.php?rest_route=%2Fwp%2Fv2%2Fmedia&parent=46368"}],"wp:term":[{"taxonomy":"category","embeddable":true,"href":"https:\/\/blogdofarnesio.com.br\/index.php?rest_route=%2Fwp%2Fv2%2Fcategories&post=46368"},{"taxonomy":"post_tag","embeddable":true,"href":"https:\/\/blogdofarnesio.com.br\/index.php?rest_route=%2Fwp%2Fv2%2Ftags&post=46368"}],"curies":[{"name":"wp","href":"https:\/\/api.w.org\/{rel}","templated":true}]}}