{"id":46170,"date":"2013-06-28T10:20:58","date_gmt":"2013-06-28T13:20:58","guid":{"rendered":"http:\/\/www.quersaberpolitica.com.br\/?p=46170"},"modified":"2013-06-28T09:56:06","modified_gmt":"2013-06-28T12:56:06","slug":"governo-federal-reforca-apoio-ao-desenvolvimento-da-agricultura-irrigada","status":"publish","type":"post","link":"https:\/\/blogdofarnesio.com.br\/?p=46170","title":{"rendered":"GOVERNO FEDERAL REFOR\u00c7A APOIO AO DESENVOLVIMENTO DA AGRICULTURA IRRIGADA"},"content":{"rendered":"<p style=\"text-align: justify\">\n<a href=\"http:\/\/www.quersaberpolitica.com.br\/2016\/wp-content\/uploads\/2013\/01\/blogqsp.irriga\u00e7\u00e3o.jpg\"><img loading=\"lazy\" decoding=\"async\" class=\"alignleft size-medium wp-image-23620\" alt=\"blogqsp.irriga\u00e7\u00e3o\" src=\"http:\/\/www.quersaberpolitica.com.br\/2016\/wp-content\/uploads\/2013\/01\/blogqsp.irriga\u00e7\u00e3o-300x213.jpg\" width=\"300\" height=\"213\" srcset=\"https:\/\/blogdofarnesio.com.br\/wp-content\/uploads\/2013\/01\/blogqsp.irriga\u00e7\u00e3o-300x213.jpg 300w, https:\/\/blogdofarnesio.com.br\/wp-content\/uploads\/2013\/01\/blogqsp.irriga\u00e7\u00e3o-421x300.jpg 421w, https:\/\/blogdofarnesio.com.br\/wp-content\/uploads\/2013\/01\/blogqsp.irriga\u00e7\u00e3o.jpg 448w\" sizes=\"auto, (max-width: 300px) 100vw, 300px\" \/><\/a>Nos \u00faltimos dois anos, as pol\u00edticas p\u00fablicas de irriga\u00e7\u00e3o ganharam for\u00e7a e passaram a figurar, cada vez mais, entre as prioridades para expans\u00e3o da atividade agr\u00edcola<\/p>\n<p style=\"text-align: justify\">Nos \u00faltimos dois anos, o Governo Federal tem refor\u00e7ado a\u00e7\u00f5es em v\u00e1rias frentes para incentivar a agricultura irrigada no Brasil. O primeiro grande passo nesta dire\u00e7\u00e3o foi dado, em 2011, pelo ministro da Integra\u00e7\u00e3o Nacional, Fernando Bezerra Coelho, com a cria\u00e7\u00e3o da Secretaria Nacional de Irriga\u00e7\u00e3o. A partir de ent\u00e3o o fomento \u00e0 pr\u00e1tica da irriga\u00e7\u00e3o passou a figurar, cada vez mais, entre as prioridades federais para o setor agr\u00edcola.<\/p>\n<p style=\"text-align: justify\">De acordo com o secret\u00e1rio Nacional de Irriga\u00e7\u00e3o, Guilherme Orair, uma das ambi\u00e7\u00f5es do setor \u00e9 ampliar a \u00e1rea irrigada, que hoje abrange cerca de 5 milh\u00f5es de hectares, por meio de projetos p\u00fablicos e privados e tamb\u00e9m usar de forma eficiente os recursos h\u00eddricos. \u201c\u00c9 urgente maximizar a ocupa\u00e7\u00e3o e aumentar a produtividade nas \u00e1reas irrigadas do pa\u00eds, com sustentabilidade ambiental\u201d, defende Orair.<!--more--><\/p>\n<p style=\"text-align: justify\">Com esse objetivo, o Minist\u00e9rio da Integra\u00e7\u00e3o Nacional lan\u00e7ou, em novembro de 2012, o Mais Irriga\u00e7\u00e3o. O programa, considerado estrat\u00e9gico para a irriga\u00e7\u00e3o p\u00fablica, prev\u00ea investimentos de R$ 10 bilh\u00f5es para aumentar a efici\u00eancia das \u00e1reas irrig\u00e1veis, al\u00e9m de incentivar a cria\u00e7\u00e3o de polos de desenvolvimento. Do valor total, R$ 3 bilh\u00f5es s\u00e3o do Programa de Acelera\u00e7\u00e3o do Crescimento (PAC) e outros R$ 7 bilh\u00f5es de parcerias com a iniciativa privada. \u201cO Mais Irriga\u00e7\u00e3o tem um forte olhar no semi\u00e1rido brasileiro e tamb\u00e9m em todo o debate do desenvolvimento regional, voltado a levar essa tecnologia para a produ\u00e7\u00e3o agropecu\u00e1ria a partir da irriga\u00e7\u00e3o\u201d, avalia o secret\u00e1rio Nacional de Irriga\u00e7\u00e3o, Guilherme Orair.<\/p>\n<p style=\"text-align: justify\">Entre os per\u00edmetros p\u00fablicos incentivados pelo Mais Irriga\u00e7\u00e3o est\u00e3o o Pontal, em Petrolina (PE), e o Baixio de Irec\u00ea, na Bahia, projetos que incentivam a integra\u00e7\u00e3o entre grandes empresas e produtores locais, com foco no aumento da produtividade a partir do uso de tecnologias mais eficientes e ambientalmente sustent\u00e1veis.<\/p>\n<p style=\"text-align: justify\">Em abril, o Minist\u00e9rio da Integra\u00e7\u00e3o Nacional finalizou o processo de licita\u00e7\u00e3o da Concess\u00e3o de Direito Real de Uso (CDRU) do Per\u00edmetro de Irriga\u00e7\u00e3o do Pontal. A \u00e1rea de mais de 10 mil hectares \u2013 7,8 mil hectares irrig\u00e1veis \u2013 ter\u00e1 como atividade principal a cajucultura. A proposta \u00e9 fomentar a produ\u00e7\u00e3o integrada com agricultores locais e suas fam\u00edlias, por isso, pelo menos 25% da \u00e1rea irrigada do Pontal ser\u00e1 destinada \u00e0 inclus\u00e3o de pequenos produtores rurais. A expectativa \u00e9 de que sejam criados mais de 7 mil empregos diretos e 15 mil indiretos no per\u00edmetro.<\/p>\n<p style=\"text-align: justify\">Outra nova \u00e1rea de desenvolvimento da agricultura irrigada come\u00e7ou a se concretizar em maio deste ano. O ministro Fernando Bezerra Coelho autorizou a licita\u00e7\u00e3o, por meio de CDRU, da ocupa\u00e7\u00e3o de 250 lotes irrig\u00e1veis do Baixio de Irec\u00ea, localizado nos munic\u00edpios baianos de Itagua\u00e7u da Bahia e Xique-Xique, regi\u00e3o central do estado. Os agricultores do semi\u00e1rido baiano poder\u00e3o concorrer ao direito real de uso de quase 4,3 mil hectares. O empreendimento ter\u00e1 capacidade de gerar 4,5 mil empregos diretos e 8,5 mil empregos indiretos.<\/p>\n<p style=\"text-align: justify\">Pol\u00edtica Nacional \u2013 Depois de 17 anos tramitando no Congresso Nacional, a Pol\u00edtica Nacional de Irriga\u00e7\u00e3o(Lei n\u00ba 12.787\/2013) foi aprovada pelo Legislativo e sancionada, em janeiro deste ano, pela presidenta Dilma Rousseff. \u201cIsso representou para n\u00f3s a retomada do planejamento na atividade irrigada e um forte indicativo para a sociedade de que o setor p\u00fablico se estrutura para dar respostas ao setor produtivo da irriga\u00e7\u00e3o\u201d, enfatiza o secret\u00e1rio.<\/p>\n<p style=\"text-align: justify\">Ao organizar o marco legal para gest\u00e3o de projetos p\u00fablicos de irriga\u00e7\u00e3o, a Pol\u00edtica Nacional busca modernizar as diretrizes para o desenvolvimento da agricultura irrigada no pa\u00eds, incentivando parcerias entre setores p\u00fablico e privado para aumentar a produtividade de forma sustent\u00e1vel.<\/p>\n<p style=\"text-align: justify\">Entre os instrumentos estabelecidos pela nova pol\u00edtica para melhorar o planejamento estrat\u00e9gico do setor, est\u00e3o os planos diretores de agricultura irrigada, com indicadores, metas e prioridades de abrang\u00eancia estadual e nacional. Atualmente, est\u00e1 em elabora\u00e7\u00e3o, sob coordena\u00e7\u00e3o da Secretaria Nacional de Irriga\u00e7\u00e3o, um estudo de tend\u00eancias e oportunidades que vai subsidiar a elabora\u00e7\u00e3o doPlano Diretor Nacional de Irriga\u00e7\u00e3o.<\/p>\n<p style=\"text-align: justify\">O Minist\u00e9rio da Integra\u00e7\u00e3o Nacional tamb\u00e9m tem incentivado os estados a criar esses planos, com linhas estrat\u00e9gicas de a\u00e7\u00e3o e arranjos institucionais adequados que permitam o desenvolvimento sustent\u00e1vel da agricultura irrigada. Ao todo, sete planos diretores estaduais (Cear\u00e1, Pernambuco, Bahia, Esp\u00edrito Santo, Distrito Federal, Mato Grosso do Sul e Paran\u00e1) est\u00e3o sendo desenvolvidos, com apoio do Minist\u00e9rio da Integra\u00e7\u00e3o Nacional. Em Minas Gerais, o plano diretor, elaborado em parceria com o Governo Federal, j\u00e1 est\u00e1 em execu\u00e7\u00e3o.<\/p>\n<p style=\"text-align: justify\">Minist\u00e9rio da Integra\u00e7\u00e3o Nacional<\/p>\n<p style=\"text-align: justify\">Assessoria de Comunica\u00e7\u00e3o Social<\/p>\n<p style=\"text-align: justify\">\n","protected":false},"excerpt":{"rendered":"<p>Nos \u00faltimos dois anos, as pol\u00edticas p\u00fablicas de irriga\u00e7\u00e3o ganharam for\u00e7a e passaram a figurar, cada vez mais, entre as prioridades para expans\u00e3o da atividade agr\u00edcola Nos \u00faltimos dois anos, o Governo Federal tem refor\u00e7ado a\u00e7\u00f5es em v\u00e1rias frentes para incentivar a agricultura irrigada no Brasil. O primeiro grande passo nesta dire\u00e7\u00e3o foi dado, em 2011, pelo ministro da Integra\u00e7\u00e3o Nacional, Fernando Bezerra Coelho, com a cria\u00e7\u00e3o da Secretaria Nacional de Irriga\u00e7\u00e3o. A partir de ent\u00e3o o fomento \u00e0 pr\u00e1tica da irriga\u00e7\u00e3o passou a figurar, cada vez mais, entre as prioridades federais para o setor agr\u00edcola. De acordo com o secret\u00e1rio Nacional de Irriga\u00e7\u00e3o, Guilherme Orair, uma das ambi\u00e7\u00f5es do setor \u00e9 ampliar a \u00e1rea irrigada, que hoje abrange cerca&hellip; <\/p>\n","protected":false},"author":3,"featured_media":0,"comment_status":"open","ping_status":"open","sticky":false,"template":"","format":"standard","meta":{"_acf_changed":false,"footnotes":""},"categories":[26],"tags":[],"class_list":["post-46170","post","type-post","status-publish","format-standard","hentry","category-agricultura"],"acf":[],"yoast_head":"<!-- This site is optimized with the Yoast SEO plugin v27.4 - https:\/\/yoast.com\/product\/yoast-seo-wordpress\/ -->\n<title>GOVERNO FEDERAL REFOR\u00c7A APOIO AO DESENVOLVIMENTO DA AGRICULTURA IRRIGADA - Blog do Farn\u00e9sio<\/title>\n<meta name=\"robots\" content=\"index, follow, max-snippet:-1, max-image-preview:large, max-video-preview:-1\" \/>\n<link rel=\"canonical\" href=\"https:\/\/blogdofarnesio.com.br\/?p=46170\" \/>\n<meta property=\"og:locale\" content=\"pt_BR\" \/>\n<meta property=\"og:type\" content=\"article\" \/>\n<meta property=\"og:title\" content=\"GOVERNO FEDERAL REFOR\u00c7A APOIO AO DESENVOLVIMENTO DA AGRICULTURA IRRIGADA - Blog do Farn\u00e9sio\" \/>\n<meta property=\"og:description\" content=\"Nos \u00faltimos dois anos, as pol\u00edticas p\u00fablicas de irriga\u00e7\u00e3o ganharam for\u00e7a e passaram a figurar, cada vez mais, entre as prioridades para expans\u00e3o da atividade agr\u00edcola Nos \u00faltimos dois anos, o Governo Federal tem refor\u00e7ado a\u00e7\u00f5es em v\u00e1rias frentes para incentivar a agricultura irrigada no Brasil. O primeiro grande passo nesta dire\u00e7\u00e3o foi dado, em 2011, pelo ministro da Integra\u00e7\u00e3o Nacional, Fernando Bezerra Coelho, com a cria\u00e7\u00e3o da Secretaria Nacional de Irriga\u00e7\u00e3o. A partir de ent\u00e3o o fomento \u00e0 pr\u00e1tica da irriga\u00e7\u00e3o passou a figurar, cada vez mais, entre as prioridades federais para o setor agr\u00edcola. De acordo com o secret\u00e1rio Nacional de Irriga\u00e7\u00e3o, Guilherme Orair, uma das ambi\u00e7\u00f5es do setor \u00e9 ampliar a \u00e1rea irrigada, que hoje abrange cerca&hellip;\" \/>\n<meta property=\"og:url\" content=\"https:\/\/blogdofarnesio.com.br\/?p=46170\" \/>\n<meta property=\"og:site_name\" content=\"Blog do Farn\u00e9sio\" \/>\n<meta property=\"article:publisher\" content=\"https:\/\/www.facebook.com\/BlogQuerSaberPolitica\/\" \/>\n<meta property=\"article:published_time\" content=\"2013-06-28T13:20:58+00:00\" \/>\n<meta name=\"author\" content=\"teste\" \/>\n<meta name=\"twitter:card\" content=\"summary_large_image\" \/>\n<meta name=\"twitter:label1\" content=\"Escrito por\" \/>\n\t<meta name=\"twitter:data1\" content=\"teste\" \/>\n\t<meta name=\"twitter:label2\" content=\"Est. tempo de leitura\" \/>\n\t<meta name=\"twitter:data2\" content=\"4 minutos\" \/>\n<script type=\"application\/ld+json\" class=\"yoast-schema-graph\">{\"@context\":\"https:\\\/\\\/schema.org\",\"@graph\":[{\"@type\":\"Article\",\"@id\":\"https:\\\/\\\/blogdofarnesio.com.br\\\/?p=46170#article\",\"isPartOf\":{\"@id\":\"https:\\\/\\\/blogdofarnesio.com.br\\\/?p=46170\"},\"author\":{\"name\":\"teste\",\"@id\":\"https:\\\/\\\/blogdofarnesio.com.br\\\/#\\\/schema\\\/person\\\/dd1bf5eba40b687199ba45ca6b97dff9\"},\"headline\":\"GOVERNO FEDERAL REFOR\u00c7A APOIO AO DESENVOLVIMENTO DA AGRICULTURA IRRIGADA\",\"datePublished\":\"2013-06-28T13:20:58+00:00\",\"mainEntityOfPage\":{\"@id\":\"https:\\\/\\\/blogdofarnesio.com.br\\\/?p=46170\"},\"wordCount\":851,\"commentCount\":0,\"publisher\":{\"@id\":\"https:\\\/\\\/blogdofarnesio.com.br\\\/#organization\"},\"articleSection\":[\"Agricultura\"],\"inLanguage\":\"pt-BR\",\"potentialAction\":[{\"@type\":\"CommentAction\",\"name\":\"Comment\",\"target\":[\"https:\\\/\\\/blogdofarnesio.com.br\\\/?p=46170#respond\"]}]},{\"@type\":\"WebPage\",\"@id\":\"https:\\\/\\\/blogdofarnesio.com.br\\\/?p=46170\",\"url\":\"https:\\\/\\\/blogdofarnesio.com.br\\\/?p=46170\",\"name\":\"GOVERNO FEDERAL REFOR\u00c7A APOIO AO DESENVOLVIMENTO DA AGRICULTURA IRRIGADA - Blog do Farn\u00e9sio\",\"isPartOf\":{\"@id\":\"https:\\\/\\\/blogdofarnesio.com.br\\\/#website\"},\"datePublished\":\"2013-06-28T13:20:58+00:00\",\"breadcrumb\":{\"@id\":\"https:\\\/\\\/blogdofarnesio.com.br\\\/?p=46170#breadcrumb\"},\"inLanguage\":\"pt-BR\",\"potentialAction\":[{\"@type\":\"ReadAction\",\"target\":[\"https:\\\/\\\/blogdofarnesio.com.br\\\/?p=46170\"]}]},{\"@type\":\"BreadcrumbList\",\"@id\":\"https:\\\/\\\/blogdofarnesio.com.br\\\/?p=46170#breadcrumb\",\"itemListElement\":[{\"@type\":\"ListItem\",\"position\":1,\"name\":\"In\u00edcio\",\"item\":\"https:\\\/\\\/blogdofarnesio.com.br\\\/\"},{\"@type\":\"ListItem\",\"position\":2,\"name\":\"GOVERNO FEDERAL REFOR\u00c7A APOIO AO DESENVOLVIMENTO DA AGRICULTURA IRRIGADA\"}]},{\"@type\":\"WebSite\",\"@id\":\"https:\\\/\\\/blogdofarnesio.com.br\\\/#website\",\"url\":\"https:\\\/\\\/blogdofarnesio.com.br\\\/\",\"name\":\"Blog do Farn\u00e9sio\",\"description\":\"Quer Saber Pol\u00edtica?\",\"publisher\":{\"@id\":\"https:\\\/\\\/blogdofarnesio.com.br\\\/#organization\"},\"potentialAction\":[{\"@type\":\"SearchAction\",\"target\":{\"@type\":\"EntryPoint\",\"urlTemplate\":\"https:\\\/\\\/blogdofarnesio.com.br\\\/?s={search_term_string}\"},\"query-input\":{\"@type\":\"PropertyValueSpecification\",\"valueRequired\":true,\"valueName\":\"search_term_string\"}}],\"inLanguage\":\"pt-BR\"},{\"@type\":\"Organization\",\"@id\":\"https:\\\/\\\/blogdofarnesio.com.br\\\/#organization\",\"name\":\"Blog do Farn\u00e9sio\",\"url\":\"https:\\\/\\\/blogdofarnesio.com.br\\\/\",\"logo\":{\"@type\":\"ImageObject\",\"inLanguage\":\"pt-BR\",\"@id\":\"https:\\\/\\\/blogdofarnesio.com.br\\\/#\\\/schema\\\/logo\\\/image\\\/\",\"url\":\"https:\\\/\\\/blogdofarnesio.com.br\\\/wp-content\\\/uploads\\\/2026\\\/03\\\/cropped-logo_new-1.png\",\"contentUrl\":\"https:\\\/\\\/blogdofarnesio.com.br\\\/wp-content\\\/uploads\\\/2026\\\/03\\\/cropped-logo_new-1.png\",\"width\":881,\"height\":685,\"caption\":\"Blog do Farn\u00e9sio\"},\"image\":{\"@id\":\"https:\\\/\\\/blogdofarnesio.com.br\\\/#\\\/schema\\\/logo\\\/image\\\/\"},\"sameAs\":[\"https:\\\/\\\/www.facebook.com\\\/BlogQuerSaberPolitica\\\/\"]},{\"@type\":\"Person\",\"@id\":\"https:\\\/\\\/blogdofarnesio.com.br\\\/#\\\/schema\\\/person\\\/dd1bf5eba40b687199ba45ca6b97dff9\",\"name\":\"teste\",\"image\":{\"@type\":\"ImageObject\",\"inLanguage\":\"pt-BR\",\"@id\":\"https:\\\/\\\/secure.gravatar.com\\\/avatar\\\/2172498d4914b51e1d89a0f97957b035ac4938723a5cac208135d389b6972a6d?s=96&d=mm&r=g\",\"url\":\"https:\\\/\\\/secure.gravatar.com\\\/avatar\\\/2172498d4914b51e1d89a0f97957b035ac4938723a5cac208135d389b6972a6d?s=96&d=mm&r=g\",\"contentUrl\":\"https:\\\/\\\/secure.gravatar.com\\\/avatar\\\/2172498d4914b51e1d89a0f97957b035ac4938723a5cac208135d389b6972a6d?s=96&d=mm&r=g\",\"caption\":\"teste\"},\"url\":\"https:\\\/\\\/blogdofarnesio.com.br\\\/?author=3\"}]}<\/script>\n<!-- \/ Yoast SEO plugin. -->","yoast_head_json":{"title":"GOVERNO FEDERAL REFOR\u00c7A APOIO AO DESENVOLVIMENTO DA AGRICULTURA IRRIGADA - Blog do Farn\u00e9sio","robots":{"index":"index","follow":"follow","max-snippet":"max-snippet:-1","max-image-preview":"max-image-preview:large","max-video-preview":"max-video-preview:-1"},"canonical":"https:\/\/blogdofarnesio.com.br\/?p=46170","og_locale":"pt_BR","og_type":"article","og_title":"GOVERNO FEDERAL REFOR\u00c7A APOIO AO DESENVOLVIMENTO DA AGRICULTURA IRRIGADA - Blog do Farn\u00e9sio","og_description":"Nos \u00faltimos dois anos, as pol\u00edticas p\u00fablicas de irriga\u00e7\u00e3o ganharam for\u00e7a e passaram a figurar, cada vez mais, entre as prioridades para expans\u00e3o da atividade agr\u00edcola Nos \u00faltimos dois anos, o Governo Federal tem refor\u00e7ado a\u00e7\u00f5es em v\u00e1rias frentes para incentivar a agricultura irrigada no Brasil. O primeiro grande passo nesta dire\u00e7\u00e3o foi dado, em 2011, pelo ministro da Integra\u00e7\u00e3o Nacional, Fernando Bezerra Coelho, com a cria\u00e7\u00e3o da Secretaria Nacional de Irriga\u00e7\u00e3o. A partir de ent\u00e3o o fomento \u00e0 pr\u00e1tica da irriga\u00e7\u00e3o passou a figurar, cada vez mais, entre as prioridades federais para o setor agr\u00edcola. De acordo com o secret\u00e1rio Nacional de Irriga\u00e7\u00e3o, Guilherme Orair, uma das ambi\u00e7\u00f5es do setor \u00e9 ampliar a \u00e1rea irrigada, que hoje abrange cerca&hellip;","og_url":"https:\/\/blogdofarnesio.com.br\/?p=46170","og_site_name":"Blog do Farn\u00e9sio","article_publisher":"https:\/\/www.facebook.com\/BlogQuerSaberPolitica\/","article_published_time":"2013-06-28T13:20:58+00:00","author":"teste","twitter_card":"summary_large_image","twitter_misc":{"Escrito por":"teste","Est. tempo de leitura":"4 minutos"},"schema":{"@context":"https:\/\/schema.org","@graph":[{"@type":"Article","@id":"https:\/\/blogdofarnesio.com.br\/?p=46170#article","isPartOf":{"@id":"https:\/\/blogdofarnesio.com.br\/?p=46170"},"author":{"name":"teste","@id":"https:\/\/blogdofarnesio.com.br\/#\/schema\/person\/dd1bf5eba40b687199ba45ca6b97dff9"},"headline":"GOVERNO FEDERAL REFOR\u00c7A APOIO AO DESENVOLVIMENTO DA AGRICULTURA IRRIGADA","datePublished":"2013-06-28T13:20:58+00:00","mainEntityOfPage":{"@id":"https:\/\/blogdofarnesio.com.br\/?p=46170"},"wordCount":851,"commentCount":0,"publisher":{"@id":"https:\/\/blogdofarnesio.com.br\/#organization"},"articleSection":["Agricultura"],"inLanguage":"pt-BR","potentialAction":[{"@type":"CommentAction","name":"Comment","target":["https:\/\/blogdofarnesio.com.br\/?p=46170#respond"]}]},{"@type":"WebPage","@id":"https:\/\/blogdofarnesio.com.br\/?p=46170","url":"https:\/\/blogdofarnesio.com.br\/?p=46170","name":"GOVERNO FEDERAL REFOR\u00c7A APOIO AO DESENVOLVIMENTO DA AGRICULTURA IRRIGADA - Blog do Farn\u00e9sio","isPartOf":{"@id":"https:\/\/blogdofarnesio.com.br\/#website"},"datePublished":"2013-06-28T13:20:58+00:00","breadcrumb":{"@id":"https:\/\/blogdofarnesio.com.br\/?p=46170#breadcrumb"},"inLanguage":"pt-BR","potentialAction":[{"@type":"ReadAction","target":["https:\/\/blogdofarnesio.com.br\/?p=46170"]}]},{"@type":"BreadcrumbList","@id":"https:\/\/blogdofarnesio.com.br\/?p=46170#breadcrumb","itemListElement":[{"@type":"ListItem","position":1,"name":"In\u00edcio","item":"https:\/\/blogdofarnesio.com.br\/"},{"@type":"ListItem","position":2,"name":"GOVERNO FEDERAL REFOR\u00c7A APOIO AO DESENVOLVIMENTO DA AGRICULTURA IRRIGADA"}]},{"@type":"WebSite","@id":"https:\/\/blogdofarnesio.com.br\/#website","url":"https:\/\/blogdofarnesio.com.br\/","name":"Blog do Farn\u00e9sio","description":"Quer Saber Pol\u00edtica?","publisher":{"@id":"https:\/\/blogdofarnesio.com.br\/#organization"},"potentialAction":[{"@type":"SearchAction","target":{"@type":"EntryPoint","urlTemplate":"https:\/\/blogdofarnesio.com.br\/?s={search_term_string}"},"query-input":{"@type":"PropertyValueSpecification","valueRequired":true,"valueName":"search_term_string"}}],"inLanguage":"pt-BR"},{"@type":"Organization","@id":"https:\/\/blogdofarnesio.com.br\/#organization","name":"Blog do Farn\u00e9sio","url":"https:\/\/blogdofarnesio.com.br\/","logo":{"@type":"ImageObject","inLanguage":"pt-BR","@id":"https:\/\/blogdofarnesio.com.br\/#\/schema\/logo\/image\/","url":"https:\/\/blogdofarnesio.com.br\/wp-content\/uploads\/2026\/03\/cropped-logo_new-1.png","contentUrl":"https:\/\/blogdofarnesio.com.br\/wp-content\/uploads\/2026\/03\/cropped-logo_new-1.png","width":881,"height":685,"caption":"Blog do Farn\u00e9sio"},"image":{"@id":"https:\/\/blogdofarnesio.com.br\/#\/schema\/logo\/image\/"},"sameAs":["https:\/\/www.facebook.com\/BlogQuerSaberPolitica\/"]},{"@type":"Person","@id":"https:\/\/blogdofarnesio.com.br\/#\/schema\/person\/dd1bf5eba40b687199ba45ca6b97dff9","name":"teste","image":{"@type":"ImageObject","inLanguage":"pt-BR","@id":"https:\/\/secure.gravatar.com\/avatar\/2172498d4914b51e1d89a0f97957b035ac4938723a5cac208135d389b6972a6d?s=96&d=mm&r=g","url":"https:\/\/secure.gravatar.com\/avatar\/2172498d4914b51e1d89a0f97957b035ac4938723a5cac208135d389b6972a6d?s=96&d=mm&r=g","contentUrl":"https:\/\/secure.gravatar.com\/avatar\/2172498d4914b51e1d89a0f97957b035ac4938723a5cac208135d389b6972a6d?s=96&d=mm&r=g","caption":"teste"},"url":"https:\/\/blogdofarnesio.com.br\/?author=3"}]}},"_links":{"self":[{"href":"https:\/\/blogdofarnesio.com.br\/index.php?rest_route=\/wp\/v2\/posts\/46170","targetHints":{"allow":["GET"]}}],"collection":[{"href":"https:\/\/blogdofarnesio.com.br\/index.php?rest_route=\/wp\/v2\/posts"}],"about":[{"href":"https:\/\/blogdofarnesio.com.br\/index.php?rest_route=\/wp\/v2\/types\/post"}],"author":[{"embeddable":true,"href":"https:\/\/blogdofarnesio.com.br\/index.php?rest_route=\/wp\/v2\/users\/3"}],"replies":[{"embeddable":true,"href":"https:\/\/blogdofarnesio.com.br\/index.php?rest_route=%2Fwp%2Fv2%2Fcomments&post=46170"}],"version-history":[{"count":0,"href":"https:\/\/blogdofarnesio.com.br\/index.php?rest_route=\/wp\/v2\/posts\/46170\/revisions"}],"wp:attachment":[{"href":"https:\/\/blogdofarnesio.com.br\/index.php?rest_route=%2Fwp%2Fv2%2Fmedia&parent=46170"}],"wp:term":[{"taxonomy":"category","embeddable":true,"href":"https:\/\/blogdofarnesio.com.br\/index.php?rest_route=%2Fwp%2Fv2%2Fcategories&post=46170"},{"taxonomy":"post_tag","embeddable":true,"href":"https:\/\/blogdofarnesio.com.br\/index.php?rest_route=%2Fwp%2Fv2%2Ftags&post=46170"}],"curies":[{"name":"wp","href":"https:\/\/api.w.org\/{rel}","templated":true}]}}