{"id":44718,"date":"2013-06-15T15:00:19","date_gmt":"2013-06-15T18:00:19","guid":{"rendered":"http:\/\/www.quersaberpolitica.com.br\/?p=44718"},"modified":"2013-06-15T10:11:51","modified_gmt":"2013-06-15T13:11:51","slug":"torcedor-tera-esquema-especial-para-onibus-na-copa-das-confederacoes","status":"publish","type":"post","link":"https:\/\/blogdofarnesio.com.br\/?p=44718","title":{"rendered":"TORCEDOR TER\u00c1 ESQUEMA ESPECIAL PARA \u00d4NIBUS NA COPA DAS CONFEDERA\u00c7\u00d5ES"},"content":{"rendered":"<p style=\"text-align: justify\"><a href=\"http:\/\/www.quersaberpolitica.com.br\/2016\/wp-content\/uploads\/2013\/06\/BLOGQSP.Mapa-Guia-do-Torcedor-1.jpg\"><img loading=\"lazy\" decoding=\"async\" class=\"alignleft size-medium wp-image-44721\" alt=\"BLOGQSP.Mapa Guia do Torcedor 1\" src=\"http:\/\/www.quersaberpolitica.com.br\/2016\/wp-content\/uploads\/2013\/06\/BLOGQSP.Mapa-Guia-do-Torcedor-1-300x205.jpg\" width=\"300\" height=\"205\" srcset=\"https:\/\/blogdofarnesio.com.br\/wp-content\/uploads\/2013\/06\/BLOGQSP.Mapa-Guia-do-Torcedor-1-300x205.jpg 300w, https:\/\/blogdofarnesio.com.br\/wp-content\/uploads\/2013\/06\/BLOGQSP.Mapa-Guia-do-Torcedor-1-1024x701.jpg 1024w, https:\/\/blogdofarnesio.com.br\/wp-content\/uploads\/2013\/06\/BLOGQSP.Mapa-Guia-do-Torcedor-1-438x300.jpg 438w\" sizes=\"auto, (max-width: 300px) 100vw, 300px\" \/><\/a>A Transalvador preparou um esquema especial para quem vai \u00e0 Arena Fonte Nova nos dias de jogos da Copa das Confedera\u00e7\u00f5es.<\/p>\n<p style=\"text-align: justify\">O entorno do est\u00e1dio estar\u00e1 com acesso controlado por exig\u00eancia da FIFA, por isso quem pretende assistir aos jogos precisa chegar com bastante anteced\u00eancia. Para quem vai de \u00f4nibus, a Transalvador lembra que \u00e9 proibido fumar, consumir bebida alco\u00f3lica e ouvir som alto nos coletivos. O pre\u00e7o do transporte nos dias de jogos n\u00e3o vai ser alterado: R$ 2,80 para as linhas convencionais. Apenas os \u00f4nibus especiais custar\u00e3o R$ 20,00.<!--more--><\/p>\n<p style=\"text-align: justify\">As esta\u00e7\u00f5es da Lapa e Barroquinha estar\u00e3o fechadas nos dias de jogos e suas linhas ter\u00e3o seus itiner\u00e1rios circulares de acordo com as interdi\u00e7\u00f5es do anel de seguran\u00e7a da Arena Fonte Nova. Nos dias 20 e 22, os \u00f4nibus v\u00e3o rodar com programa\u00e7\u00e3o de feriado. Com rela\u00e7\u00e3o ao \u00f4nibus que v\u00e3o atender pessoas com defici\u00eancia, a Transalvador informa que toda a frota adaptada dever\u00e1 estar operando nas linhas onde esses ve\u00edculos est\u00e3o alocados. Quem tiver alguma d\u00favida pode ligar para a Transalvador nos n\u00fameros (71) 2109\/3641\/3685.<\/p>\n<p style=\"text-align: justify\">Op\u00e7\u00f5es de pontos de parada para linhas convencionais urbanas e linhas metropolitanas no entorno da Arena Fonte Nova:<\/p>\n<p style=\"text-align: justify\">Avenida Bonoc\u00f4\/Ogunj\u00e1<\/p>\n<p style=\"text-align: justify\">Avenida Bonoc\u00f4 (ponto da passarela em frente \u00e0 Casa Eloy) e Avenida Ogunj\u00e1 (ponto em frente \u00e0 Cesta do Povo)<\/p>\n<p style=\"text-align: justify\">Avenida Vasco da Gama<\/p>\n<p style=\"text-align: justify\">Pontos da passarela em frente ao Shopping Vasco da Gama<\/p>\n<p style=\"text-align: justify\">Avenida Centen\u00e1rio<\/p>\n<p style=\"text-align: justify\">Em frente ao Hospital Santo Amaro<\/p>\n<p style=\"text-align: justify\">Avenida Vale do Canela<\/p>\n<p style=\"text-align: justify\">Avenida Reitor Miguel Calmon nos pontos da Faculdade de Administra\u00e7\u00e3o da UFBA (sentido Pra\u00e7a Lord Cochrane) ou Centro M\u00e9dico do Vale (sentido centro)<\/p>\n<p style=\"text-align: justify\">Campo Grande<\/p>\n<p style=\"text-align: justify\">Teatro Castro Alves e Pal\u00e1cio da Aclama\u00e7\u00e3o<\/p>\n<p style=\"text-align: justify\">Rua Carlos Gomes<\/p>\n<p style=\"text-align: justify\">Entrada da Rua do Cabe\u00e7a ou ap\u00f3s Rua da Forca<\/p>\n<p style=\"text-align: justify\">Pra\u00e7a da S\u00e9<\/p>\n<p style=\"text-align: justify\">Rua das Vassouras<\/p>\n<p style=\"text-align: justify\">Avenida da Fran\u00e7a<\/p>\n<p style=\"text-align: justify\">Terminal da Fran\u00e7a (sentido centro) e parte baixa do Elevador;<\/p>\n<p style=\"text-align: justify\">Lacerda (sentido T\u00fanel\/Cal\u00e7ada)<\/p>\n<p style=\"text-align: justify\">Sete Portas<\/p>\n<p style=\"text-align: justify\">Largo das Sete Portas (sentido Av. Barros Reis) e ponto da Farm\u00e1cia Galdino (sentido centro)<\/p>\n<p style=\"text-align: justify\">Viaduto de Nazar\u00e9<\/p>\n<p style=\"text-align: justify\">Em frente ao Col\u00e9gio Severino Vieira<\/p>\n<p style=\"text-align: justify\">Viaduto de Brotas (parte alta)<\/p>\n<p style=\"text-align: justify\">Ponto sobre o viaduto (sentido Largo dos Paranhos)<\/p>\n<p style=\"text-align: justify\">Shuttle Executivo<\/p>\n<p style=\"text-align: justify\">(Especial para a Copa das Confedera\u00e7\u00f5es): Linha S6 (Aeroporto \u2013 Pra\u00e7a da S\u00e9). Exclusiva para atendimento a hot\u00e9is. A linha opera diariamente desde o dia 8 de junho at\u00e9 5 de julho, com 30 minutos de intervalo. Sempre das 6h \u00e0s 20h30 nos dias em que n\u00e3o houver jogos e das 6h \u00e0s 23h nos dias de jogos. A tarifa \u00e9 de R$ 20,00.<\/p>\n<p style=\"text-align: justify\">Agecom<\/p>\n<p style=\"text-align: justify\">Sara\/Telma<\/p>\n","protected":false},"excerpt":{"rendered":"<p>A Transalvador preparou um esquema especial para quem vai \u00e0 Arena Fonte Nova nos dias de jogos da Copa das Confedera\u00e7\u00f5es. O entorno do est\u00e1dio estar\u00e1 com acesso controlado por exig\u00eancia da FIFA, por isso quem pretende assistir aos jogos precisa chegar com bastante anteced\u00eancia. Para quem vai de \u00f4nibus, a Transalvador lembra que \u00e9 proibido fumar, consumir bebida alco\u00f3lica e ouvir som alto nos coletivos. O pre\u00e7o do transporte nos dias de jogos n\u00e3o vai ser alterado: R$ 2,80 para as linhas convencionais. Apenas os \u00f4nibus especiais custar\u00e3o R$ 20,00.<\/p>\n","protected":false},"author":3,"featured_media":0,"comment_status":"open","ping_status":"open","sticky":false,"template":"","format":"standard","meta":{"_acf_changed":false,"footnotes":""},"categories":[27,8],"tags":[],"class_list":["post-44718","post","type-post","status-publish","format-standard","hentry","category-cidades","category-esportes"],"acf":[],"yoast_head":"<!-- This site is optimized with the Yoast SEO plugin v27.4 - https:\/\/yoast.com\/product\/yoast-seo-wordpress\/ -->\n<title>TORCEDOR TER\u00c1 ESQUEMA ESPECIAL PARA \u00d4NIBUS NA COPA DAS CONFEDERA\u00c7\u00d5ES - Blog do Farn\u00e9sio<\/title>\n<meta name=\"robots\" content=\"index, follow, max-snippet:-1, max-image-preview:large, max-video-preview:-1\" \/>\n<link rel=\"canonical\" href=\"https:\/\/blogdofarnesio.com.br\/?p=44718\" \/>\n<meta property=\"og:locale\" content=\"pt_BR\" \/>\n<meta property=\"og:type\" content=\"article\" \/>\n<meta property=\"og:title\" content=\"TORCEDOR TER\u00c1 ESQUEMA ESPECIAL PARA \u00d4NIBUS NA COPA DAS CONFEDERA\u00c7\u00d5ES - Blog do Farn\u00e9sio\" \/>\n<meta property=\"og:description\" content=\"A Transalvador preparou um esquema especial para quem vai \u00e0 Arena Fonte Nova nos dias de jogos da Copa das Confedera\u00e7\u00f5es. O entorno do est\u00e1dio estar\u00e1 com acesso controlado por exig\u00eancia da FIFA, por isso quem pretende assistir aos jogos precisa chegar com bastante anteced\u00eancia. Para quem vai de \u00f4nibus, a Transalvador lembra que \u00e9 proibido fumar, consumir bebida alco\u00f3lica e ouvir som alto nos coletivos. O pre\u00e7o do transporte nos dias de jogos n\u00e3o vai ser alterado: R$ 2,80 para as linhas convencionais. Apenas os \u00f4nibus especiais custar\u00e3o R$ 20,00.\" \/>\n<meta property=\"og:url\" content=\"https:\/\/blogdofarnesio.com.br\/?p=44718\" \/>\n<meta property=\"og:site_name\" content=\"Blog do Farn\u00e9sio\" \/>\n<meta property=\"article:publisher\" content=\"https:\/\/www.facebook.com\/BlogQuerSaberPolitica\/\" \/>\n<meta property=\"article:published_time\" content=\"2013-06-15T18:00:19+00:00\" \/>\n<meta property=\"og:image\" content=\"http:\/\/www.quersaberpolitica.com.br\/2016\/wp-content\/uploads\/2013\/06\/BLOGQSP.Mapa-Guia-do-Torcedor-1-300x205.jpg\" \/>\n<meta name=\"author\" content=\"teste\" \/>\n<meta name=\"twitter:card\" content=\"summary_large_image\" \/>\n<meta name=\"twitter:label1\" content=\"Escrito por\" \/>\n\t<meta name=\"twitter:data1\" content=\"teste\" \/>\n\t<meta name=\"twitter:label2\" content=\"Est. tempo de leitura\" \/>\n\t<meta name=\"twitter:data2\" content=\"2 minutos\" \/>\n<script type=\"application\/ld+json\" class=\"yoast-schema-graph\">{\"@context\":\"https:\\\/\\\/schema.org\",\"@graph\":[{\"@type\":\"Article\",\"@id\":\"https:\\\/\\\/blogdofarnesio.com.br\\\/?p=44718#article\",\"isPartOf\":{\"@id\":\"https:\\\/\\\/blogdofarnesio.com.br\\\/?p=44718\"},\"author\":{\"name\":\"teste\",\"@id\":\"https:\\\/\\\/blogdofarnesio.com.br\\\/#\\\/schema\\\/person\\\/dd1bf5eba40b687199ba45ca6b97dff9\"},\"headline\":\"TORCEDOR TER\u00c1 ESQUEMA ESPECIAL PARA \u00d4NIBUS NA COPA DAS CONFEDERA\u00c7\u00d5ES\",\"datePublished\":\"2013-06-15T18:00:19+00:00\",\"mainEntityOfPage\":{\"@id\":\"https:\\\/\\\/blogdofarnesio.com.br\\\/?p=44718\"},\"wordCount\":458,\"commentCount\":0,\"publisher\":{\"@id\":\"https:\\\/\\\/blogdofarnesio.com.br\\\/#organization\"},\"image\":{\"@id\":\"https:\\\/\\\/blogdofarnesio.com.br\\\/?p=44718#primaryimage\"},\"thumbnailUrl\":\"http:\\\/\\\/www.quersaberpolitica.com.br\\\/2016\\\/wp-content\\\/uploads\\\/2013\\\/06\\\/BLOGQSP.Mapa-Guia-do-Torcedor-1-300x205.jpg\",\"articleSection\":[\"Cidades\",\"Esportes\"],\"inLanguage\":\"pt-BR\",\"potentialAction\":[{\"@type\":\"CommentAction\",\"name\":\"Comment\",\"target\":[\"https:\\\/\\\/blogdofarnesio.com.br\\\/?p=44718#respond\"]}]},{\"@type\":\"WebPage\",\"@id\":\"https:\\\/\\\/blogdofarnesio.com.br\\\/?p=44718\",\"url\":\"https:\\\/\\\/blogdofarnesio.com.br\\\/?p=44718\",\"name\":\"TORCEDOR TER\u00c1 ESQUEMA ESPECIAL PARA \u00d4NIBUS NA COPA DAS CONFEDERA\u00c7\u00d5ES - Blog do Farn\u00e9sio\",\"isPartOf\":{\"@id\":\"https:\\\/\\\/blogdofarnesio.com.br\\\/#website\"},\"primaryImageOfPage\":{\"@id\":\"https:\\\/\\\/blogdofarnesio.com.br\\\/?p=44718#primaryimage\"},\"image\":{\"@id\":\"https:\\\/\\\/blogdofarnesio.com.br\\\/?p=44718#primaryimage\"},\"thumbnailUrl\":\"http:\\\/\\\/www.quersaberpolitica.com.br\\\/2016\\\/wp-content\\\/uploads\\\/2013\\\/06\\\/BLOGQSP.Mapa-Guia-do-Torcedor-1-300x205.jpg\",\"datePublished\":\"2013-06-15T18:00:19+00:00\",\"breadcrumb\":{\"@id\":\"https:\\\/\\\/blogdofarnesio.com.br\\\/?p=44718#breadcrumb\"},\"inLanguage\":\"pt-BR\",\"potentialAction\":[{\"@type\":\"ReadAction\",\"target\":[\"https:\\\/\\\/blogdofarnesio.com.br\\\/?p=44718\"]}]},{\"@type\":\"ImageObject\",\"inLanguage\":\"pt-BR\",\"@id\":\"https:\\\/\\\/blogdofarnesio.com.br\\\/?p=44718#primaryimage\",\"url\":\"http:\\\/\\\/www.quersaberpolitica.com.br\\\/2016\\\/wp-content\\\/uploads\\\/2013\\\/06\\\/BLOGQSP.Mapa-Guia-do-Torcedor-1-300x205.jpg\",\"contentUrl\":\"http:\\\/\\\/www.quersaberpolitica.com.br\\\/2016\\\/wp-content\\\/uploads\\\/2013\\\/06\\\/BLOGQSP.Mapa-Guia-do-Torcedor-1-300x205.jpg\"},{\"@type\":\"BreadcrumbList\",\"@id\":\"https:\\\/\\\/blogdofarnesio.com.br\\\/?p=44718#breadcrumb\",\"itemListElement\":[{\"@type\":\"ListItem\",\"position\":1,\"name\":\"In\u00edcio\",\"item\":\"https:\\\/\\\/blogdofarnesio.com.br\\\/\"},{\"@type\":\"ListItem\",\"position\":2,\"name\":\"TORCEDOR TER\u00c1 ESQUEMA ESPECIAL PARA \u00d4NIBUS NA COPA DAS CONFEDERA\u00c7\u00d5ES\"}]},{\"@type\":\"WebSite\",\"@id\":\"https:\\\/\\\/blogdofarnesio.com.br\\\/#website\",\"url\":\"https:\\\/\\\/blogdofarnesio.com.br\\\/\",\"name\":\"Blog do Farn\u00e9sio\",\"description\":\"Quer Saber Pol\u00edtica?\",\"publisher\":{\"@id\":\"https:\\\/\\\/blogdofarnesio.com.br\\\/#organization\"},\"potentialAction\":[{\"@type\":\"SearchAction\",\"target\":{\"@type\":\"EntryPoint\",\"urlTemplate\":\"https:\\\/\\\/blogdofarnesio.com.br\\\/?s={search_term_string}\"},\"query-input\":{\"@type\":\"PropertyValueSpecification\",\"valueRequired\":true,\"valueName\":\"search_term_string\"}}],\"inLanguage\":\"pt-BR\"},{\"@type\":\"Organization\",\"@id\":\"https:\\\/\\\/blogdofarnesio.com.br\\\/#organization\",\"name\":\"Blog do Farn\u00e9sio\",\"url\":\"https:\\\/\\\/blogdofarnesio.com.br\\\/\",\"logo\":{\"@type\":\"ImageObject\",\"inLanguage\":\"pt-BR\",\"@id\":\"https:\\\/\\\/blogdofarnesio.com.br\\\/#\\\/schema\\\/logo\\\/image\\\/\",\"url\":\"https:\\\/\\\/blogdofarnesio.com.br\\\/wp-content\\\/uploads\\\/2026\\\/03\\\/cropped-logo_new-1.png\",\"contentUrl\":\"https:\\\/\\\/blogdofarnesio.com.br\\\/wp-content\\\/uploads\\\/2026\\\/03\\\/cropped-logo_new-1.png\",\"width\":881,\"height\":685,\"caption\":\"Blog do Farn\u00e9sio\"},\"image\":{\"@id\":\"https:\\\/\\\/blogdofarnesio.com.br\\\/#\\\/schema\\\/logo\\\/image\\\/\"},\"sameAs\":[\"https:\\\/\\\/www.facebook.com\\\/BlogQuerSaberPolitica\\\/\"]},{\"@type\":\"Person\",\"@id\":\"https:\\\/\\\/blogdofarnesio.com.br\\\/#\\\/schema\\\/person\\\/dd1bf5eba40b687199ba45ca6b97dff9\",\"name\":\"teste\",\"image\":{\"@type\":\"ImageObject\",\"inLanguage\":\"pt-BR\",\"@id\":\"https:\\\/\\\/secure.gravatar.com\\\/avatar\\\/2172498d4914b51e1d89a0f97957b035ac4938723a5cac208135d389b6972a6d?s=96&d=mm&r=g\",\"url\":\"https:\\\/\\\/secure.gravatar.com\\\/avatar\\\/2172498d4914b51e1d89a0f97957b035ac4938723a5cac208135d389b6972a6d?s=96&d=mm&r=g\",\"contentUrl\":\"https:\\\/\\\/secure.gravatar.com\\\/avatar\\\/2172498d4914b51e1d89a0f97957b035ac4938723a5cac208135d389b6972a6d?s=96&d=mm&r=g\",\"caption\":\"teste\"},\"url\":\"https:\\\/\\\/blogdofarnesio.com.br\\\/?author=3\"}]}<\/script>\n<!-- \/ Yoast SEO plugin. -->","yoast_head_json":{"title":"TORCEDOR TER\u00c1 ESQUEMA ESPECIAL PARA \u00d4NIBUS NA COPA DAS CONFEDERA\u00c7\u00d5ES - Blog do Farn\u00e9sio","robots":{"index":"index","follow":"follow","max-snippet":"max-snippet:-1","max-image-preview":"max-image-preview:large","max-video-preview":"max-video-preview:-1"},"canonical":"https:\/\/blogdofarnesio.com.br\/?p=44718","og_locale":"pt_BR","og_type":"article","og_title":"TORCEDOR TER\u00c1 ESQUEMA ESPECIAL PARA \u00d4NIBUS NA COPA DAS CONFEDERA\u00c7\u00d5ES - Blog do Farn\u00e9sio","og_description":"A Transalvador preparou um esquema especial para quem vai \u00e0 Arena Fonte Nova nos dias de jogos da Copa das Confedera\u00e7\u00f5es. O entorno do est\u00e1dio estar\u00e1 com acesso controlado por exig\u00eancia da FIFA, por isso quem pretende assistir aos jogos precisa chegar com bastante anteced\u00eancia. Para quem vai de \u00f4nibus, a Transalvador lembra que \u00e9 proibido fumar, consumir bebida alco\u00f3lica e ouvir som alto nos coletivos. O pre\u00e7o do transporte nos dias de jogos n\u00e3o vai ser alterado: R$ 2,80 para as linhas convencionais. Apenas os \u00f4nibus especiais custar\u00e3o R$ 20,00.","og_url":"https:\/\/blogdofarnesio.com.br\/?p=44718","og_site_name":"Blog do Farn\u00e9sio","article_publisher":"https:\/\/www.facebook.com\/BlogQuerSaberPolitica\/","article_published_time":"2013-06-15T18:00:19+00:00","og_image":[{"url":"http:\/\/www.quersaberpolitica.com.br\/2016\/wp-content\/uploads\/2013\/06\/BLOGQSP.Mapa-Guia-do-Torcedor-1-300x205.jpg","type":"","width":"","height":""}],"author":"teste","twitter_card":"summary_large_image","twitter_misc":{"Escrito por":"teste","Est. tempo de leitura":"2 minutos"},"schema":{"@context":"https:\/\/schema.org","@graph":[{"@type":"Article","@id":"https:\/\/blogdofarnesio.com.br\/?p=44718#article","isPartOf":{"@id":"https:\/\/blogdofarnesio.com.br\/?p=44718"},"author":{"name":"teste","@id":"https:\/\/blogdofarnesio.com.br\/#\/schema\/person\/dd1bf5eba40b687199ba45ca6b97dff9"},"headline":"TORCEDOR TER\u00c1 ESQUEMA ESPECIAL PARA \u00d4NIBUS NA COPA DAS CONFEDERA\u00c7\u00d5ES","datePublished":"2013-06-15T18:00:19+00:00","mainEntityOfPage":{"@id":"https:\/\/blogdofarnesio.com.br\/?p=44718"},"wordCount":458,"commentCount":0,"publisher":{"@id":"https:\/\/blogdofarnesio.com.br\/#organization"},"image":{"@id":"https:\/\/blogdofarnesio.com.br\/?p=44718#primaryimage"},"thumbnailUrl":"http:\/\/www.quersaberpolitica.com.br\/2016\/wp-content\/uploads\/2013\/06\/BLOGQSP.Mapa-Guia-do-Torcedor-1-300x205.jpg","articleSection":["Cidades","Esportes"],"inLanguage":"pt-BR","potentialAction":[{"@type":"CommentAction","name":"Comment","target":["https:\/\/blogdofarnesio.com.br\/?p=44718#respond"]}]},{"@type":"WebPage","@id":"https:\/\/blogdofarnesio.com.br\/?p=44718","url":"https:\/\/blogdofarnesio.com.br\/?p=44718","name":"TORCEDOR TER\u00c1 ESQUEMA ESPECIAL PARA \u00d4NIBUS NA COPA DAS CONFEDERA\u00c7\u00d5ES - Blog do Farn\u00e9sio","isPartOf":{"@id":"https:\/\/blogdofarnesio.com.br\/#website"},"primaryImageOfPage":{"@id":"https:\/\/blogdofarnesio.com.br\/?p=44718#primaryimage"},"image":{"@id":"https:\/\/blogdofarnesio.com.br\/?p=44718#primaryimage"},"thumbnailUrl":"http:\/\/www.quersaberpolitica.com.br\/2016\/wp-content\/uploads\/2013\/06\/BLOGQSP.Mapa-Guia-do-Torcedor-1-300x205.jpg","datePublished":"2013-06-15T18:00:19+00:00","breadcrumb":{"@id":"https:\/\/blogdofarnesio.com.br\/?p=44718#breadcrumb"},"inLanguage":"pt-BR","potentialAction":[{"@type":"ReadAction","target":["https:\/\/blogdofarnesio.com.br\/?p=44718"]}]},{"@type":"ImageObject","inLanguage":"pt-BR","@id":"https:\/\/blogdofarnesio.com.br\/?p=44718#primaryimage","url":"http:\/\/www.quersaberpolitica.com.br\/2016\/wp-content\/uploads\/2013\/06\/BLOGQSP.Mapa-Guia-do-Torcedor-1-300x205.jpg","contentUrl":"http:\/\/www.quersaberpolitica.com.br\/2016\/wp-content\/uploads\/2013\/06\/BLOGQSP.Mapa-Guia-do-Torcedor-1-300x205.jpg"},{"@type":"BreadcrumbList","@id":"https:\/\/blogdofarnesio.com.br\/?p=44718#breadcrumb","itemListElement":[{"@type":"ListItem","position":1,"name":"In\u00edcio","item":"https:\/\/blogdofarnesio.com.br\/"},{"@type":"ListItem","position":2,"name":"TORCEDOR TER\u00c1 ESQUEMA ESPECIAL PARA \u00d4NIBUS NA COPA DAS CONFEDERA\u00c7\u00d5ES"}]},{"@type":"WebSite","@id":"https:\/\/blogdofarnesio.com.br\/#website","url":"https:\/\/blogdofarnesio.com.br\/","name":"Blog do Farn\u00e9sio","description":"Quer Saber Pol\u00edtica?","publisher":{"@id":"https:\/\/blogdofarnesio.com.br\/#organization"},"potentialAction":[{"@type":"SearchAction","target":{"@type":"EntryPoint","urlTemplate":"https:\/\/blogdofarnesio.com.br\/?s={search_term_string}"},"query-input":{"@type":"PropertyValueSpecification","valueRequired":true,"valueName":"search_term_string"}}],"inLanguage":"pt-BR"},{"@type":"Organization","@id":"https:\/\/blogdofarnesio.com.br\/#organization","name":"Blog do Farn\u00e9sio","url":"https:\/\/blogdofarnesio.com.br\/","logo":{"@type":"ImageObject","inLanguage":"pt-BR","@id":"https:\/\/blogdofarnesio.com.br\/#\/schema\/logo\/image\/","url":"https:\/\/blogdofarnesio.com.br\/wp-content\/uploads\/2026\/03\/cropped-logo_new-1.png","contentUrl":"https:\/\/blogdofarnesio.com.br\/wp-content\/uploads\/2026\/03\/cropped-logo_new-1.png","width":881,"height":685,"caption":"Blog do Farn\u00e9sio"},"image":{"@id":"https:\/\/blogdofarnesio.com.br\/#\/schema\/logo\/image\/"},"sameAs":["https:\/\/www.facebook.com\/BlogQuerSaberPolitica\/"]},{"@type":"Person","@id":"https:\/\/blogdofarnesio.com.br\/#\/schema\/person\/dd1bf5eba40b687199ba45ca6b97dff9","name":"teste","image":{"@type":"ImageObject","inLanguage":"pt-BR","@id":"https:\/\/secure.gravatar.com\/avatar\/2172498d4914b51e1d89a0f97957b035ac4938723a5cac208135d389b6972a6d?s=96&d=mm&r=g","url":"https:\/\/secure.gravatar.com\/avatar\/2172498d4914b51e1d89a0f97957b035ac4938723a5cac208135d389b6972a6d?s=96&d=mm&r=g","contentUrl":"https:\/\/secure.gravatar.com\/avatar\/2172498d4914b51e1d89a0f97957b035ac4938723a5cac208135d389b6972a6d?s=96&d=mm&r=g","caption":"teste"},"url":"https:\/\/blogdofarnesio.com.br\/?author=3"}]}},"_links":{"self":[{"href":"https:\/\/blogdofarnesio.com.br\/index.php?rest_route=\/wp\/v2\/posts\/44718","targetHints":{"allow":["GET"]}}],"collection":[{"href":"https:\/\/blogdofarnesio.com.br\/index.php?rest_route=\/wp\/v2\/posts"}],"about":[{"href":"https:\/\/blogdofarnesio.com.br\/index.php?rest_route=\/wp\/v2\/types\/post"}],"author":[{"embeddable":true,"href":"https:\/\/blogdofarnesio.com.br\/index.php?rest_route=\/wp\/v2\/users\/3"}],"replies":[{"embeddable":true,"href":"https:\/\/blogdofarnesio.com.br\/index.php?rest_route=%2Fwp%2Fv2%2Fcomments&post=44718"}],"version-history":[{"count":0,"href":"https:\/\/blogdofarnesio.com.br\/index.php?rest_route=\/wp\/v2\/posts\/44718\/revisions"}],"wp:attachment":[{"href":"https:\/\/blogdofarnesio.com.br\/index.php?rest_route=%2Fwp%2Fv2%2Fmedia&parent=44718"}],"wp:term":[{"taxonomy":"category","embeddable":true,"href":"https:\/\/blogdofarnesio.com.br\/index.php?rest_route=%2Fwp%2Fv2%2Fcategories&post=44718"},{"taxonomy":"post_tag","embeddable":true,"href":"https:\/\/blogdofarnesio.com.br\/index.php?rest_route=%2Fwp%2Fv2%2Ftags&post=44718"}],"curies":[{"name":"wp","href":"https:\/\/api.w.org\/{rel}","templated":true}]}}