{"id":44694,"date":"2013-06-15T14:00:03","date_gmt":"2013-06-15T17:00:03","guid":{"rendered":"http:\/\/www.quersaberpolitica.com.br\/?p=44694"},"modified":"2013-06-15T09:55:24","modified_gmt":"2013-06-15T12:55:24","slug":"sao-joao-hdm-e-hrj-gestao-imip-festejam-o-arraia-da-integracao-ano-iv","status":"publish","type":"post","link":"https:\/\/blogdofarnesio.com.br\/?p=44694","title":{"rendered":"S\u00c3O JO\u00c3O: HDM E HRJ GEST\u00c3O IMIP, FESTEJAM O ARRAI\u00c1 DA INTEGRA\u00c7\u00c3O ANO IV"},"content":{"rendered":"<p style=\"text-align: justify\"><a href=\"http:\/\/www.quersaberpolitica.com.br\/2016\/wp-content\/uploads\/2013\/06\/BLOGQSP.Vinheta2_face-IMIP13-prod.jpg\"><img loading=\"lazy\" decoding=\"async\" class=\"alignleft size-medium wp-image-44696\" alt=\"BLOGQSP.Vinheta2_face-IMIP13-prod\" src=\"http:\/\/www.quersaberpolitica.com.br\/2016\/wp-content\/uploads\/2013\/06\/BLOGQSP.Vinheta2_face-IMIP13-prod-297x300.jpg\" width=\"297\" height=\"300\" srcset=\"https:\/\/blogdofarnesio.com.br\/wp-content\/uploads\/2013\/06\/BLOGQSP.Vinheta2_face-IMIP13-prod-297x300.jpg 297w, https:\/\/blogdofarnesio.com.br\/wp-content\/uploads\/2013\/06\/BLOGQSP.Vinheta2_face-IMIP13-prod-1014x1024.jpg 1014w, https:\/\/blogdofarnesio.com.br\/wp-content\/uploads\/2013\/06\/BLOGQSP.Vinheta2_face-IMIP13-prod.jpg 1633w\" sizes=\"auto, (max-width: 297px) 100vw, 297px\" \/><\/a>Neste s\u00e1bado (15), os Hospitais Dom Malan\/IMIP, de Petrolina (PE), e Regional de Juazeiro\/IMIP, de Juazeiro (BA), v\u00e3o realizar o Arrai\u00e1 da Integra\u00e7\u00e3o Ano IV, festa voltada para funcion\u00e1rios, colaboradores, familiares e amigos. Este ano, a programa\u00e7\u00e3o incluir\u00e1 tr\u00eas atra\u00e7\u00f5es regionais, Gean Mota, Playboy Sertanejo e Ana Costa.<\/p>\n<p style=\"text-align: justify\">Com o objetivo principal de integrar os funcion\u00e1rios e suas fam\u00edlias, o evento j\u00e1 est\u00e1 na sua quarta edi\u00e7\u00e3o. \u00c9 uma importante a\u00e7\u00e3o que ambas institui\u00e7\u00f5es realizam em prol da valoriza\u00e7\u00e3o dos seus colaboradores, al\u00e9m de contribuir para fortalecimento das ra\u00edzes juninas na regi\u00e3o.<\/p>\n<p style=\"text-align: justify\">Para o Superintendente do Hospital Dom Malan, Marcelo Marques, &#8220;a festa representa um momento bastante aguardado pelos colaboradores, que aproveitam o m\u00e1ximo da programa\u00e7\u00e3o com muita descontra\u00e7\u00e3o e alegria. O ambiente familiar tamb\u00e9m \u00e9 um atrativo, que faz com que esta confraterniza\u00e7\u00e3o esteja entrando, com sucesso, no seu quarto ano consecutivo&#8221;, declara.<!--more--><\/p>\n<p style=\"text-align: justify\">J\u00e1 a superintendente do Hospital Regional de Juazeiro, Ana Beatriz Mota Aguiar, pontua que o HRJ segue a filosofia do IMIP de valoriza\u00e7\u00e3o dos colaboradores. \u201cNosso intuito \u00e9 promover al\u00e9m de um momento de alegria e descontra\u00e7\u00e3o, a integra\u00e7\u00e3o entre as diversas equipes de trabalho atuante no HRJ e seus familiares\u201d, ressalta.<\/p>\n<p style=\"text-align: justify\">O IMIP no Arrai\u00e1 da Integra\u00e7\u00e3o Ano IV acontece a partir das 21h no Armaz\u00e9m Caff\u00e9 em Juazeiro (BA).<\/p>\n<p style=\"text-align: justify\">Eudes Sampaio<\/p>\n","protected":false},"excerpt":{"rendered":"<p>Neste s\u00e1bado (15), os Hospitais Dom Malan\/IMIP, de Petrolina (PE), e Regional de Juazeiro\/IMIP, de Juazeiro (BA), v\u00e3o realizar o Arrai\u00e1 da Integra\u00e7\u00e3o Ano IV, festa voltada para funcion\u00e1rios, colaboradores, familiares e amigos. Este ano, a programa\u00e7\u00e3o incluir\u00e1 tr\u00eas atra\u00e7\u00f5es regionais, Gean Mota, Playboy Sertanejo e Ana Costa. Com o objetivo principal de integrar os funcion\u00e1rios e suas fam\u00edlias, o evento j\u00e1 est\u00e1 na sua quarta edi\u00e7\u00e3o. \u00c9 uma importante a\u00e7\u00e3o que ambas institui\u00e7\u00f5es realizam em prol da valoriza\u00e7\u00e3o dos seus colaboradores, al\u00e9m de contribuir para fortalecimento das ra\u00edzes juninas na regi\u00e3o. Para o Superintendente do Hospital Dom Malan, Marcelo Marques, &#8220;a festa representa um momento bastante aguardado pelos colaboradores, que aproveitam o m\u00e1ximo da programa\u00e7\u00e3o com muita descontra\u00e7\u00e3o e&hellip; <\/p>\n","protected":false},"author":3,"featured_media":0,"comment_status":"open","ping_status":"open","sticky":false,"template":"","format":"standard","meta":{"_acf_changed":false,"footnotes":""},"categories":[32],"tags":[],"class_list":["post-44694","post","type-post","status-publish","format-standard","hentry","category-costumes"],"acf":[],"yoast_head":"<!-- This site is optimized with the Yoast SEO plugin v27.4 - https:\/\/yoast.com\/product\/yoast-seo-wordpress\/ -->\n<title>S\u00c3O JO\u00c3O: HDM E HRJ GEST\u00c3O IMIP, FESTEJAM O ARRAI\u00c1 DA INTEGRA\u00c7\u00c3O ANO IV - Blog do Farn\u00e9sio<\/title>\n<meta name=\"robots\" content=\"index, follow, max-snippet:-1, max-image-preview:large, max-video-preview:-1\" \/>\n<link rel=\"canonical\" href=\"https:\/\/blogdofarnesio.com.br\/?p=44694\" \/>\n<meta property=\"og:locale\" content=\"pt_BR\" \/>\n<meta property=\"og:type\" content=\"article\" \/>\n<meta property=\"og:title\" content=\"S\u00c3O JO\u00c3O: HDM E HRJ GEST\u00c3O IMIP, FESTEJAM O ARRAI\u00c1 DA INTEGRA\u00c7\u00c3O ANO IV - Blog do Farn\u00e9sio\" \/>\n<meta property=\"og:description\" content=\"Neste s\u00e1bado (15), os Hospitais Dom Malan\/IMIP, de Petrolina (PE), e Regional de Juazeiro\/IMIP, de Juazeiro (BA), v\u00e3o realizar o Arrai\u00e1 da Integra\u00e7\u00e3o Ano IV, festa voltada para funcion\u00e1rios, colaboradores, familiares e amigos. Este ano, a programa\u00e7\u00e3o incluir\u00e1 tr\u00eas atra\u00e7\u00f5es regionais, Gean Mota, Playboy Sertanejo e Ana Costa. Com o objetivo principal de integrar os funcion\u00e1rios e suas fam\u00edlias, o evento j\u00e1 est\u00e1 na sua quarta edi\u00e7\u00e3o. \u00c9 uma importante a\u00e7\u00e3o que ambas institui\u00e7\u00f5es realizam em prol da valoriza\u00e7\u00e3o dos seus colaboradores, al\u00e9m de contribuir para fortalecimento das ra\u00edzes juninas na regi\u00e3o. Para o Superintendente do Hospital Dom Malan, Marcelo Marques, &#8220;a festa representa um momento bastante aguardado pelos colaboradores, que aproveitam o m\u00e1ximo da programa\u00e7\u00e3o com muita descontra\u00e7\u00e3o e&hellip;\" \/>\n<meta property=\"og:url\" content=\"https:\/\/blogdofarnesio.com.br\/?p=44694\" \/>\n<meta property=\"og:site_name\" content=\"Blog do Farn\u00e9sio\" \/>\n<meta property=\"article:publisher\" content=\"https:\/\/www.facebook.com\/BlogQuerSaberPolitica\/\" \/>\n<meta property=\"article:published_time\" content=\"2013-06-15T17:00:03+00:00\" \/>\n<meta property=\"og:image\" content=\"http:\/\/www.quersaberpolitica.com.br\/2016\/wp-content\/uploads\/2013\/06\/BLOGQSP.Vinheta2_face-IMIP13-prod-297x300.jpg\" \/>\n<meta name=\"author\" content=\"teste\" \/>\n<meta name=\"twitter:card\" content=\"summary_large_image\" \/>\n<meta name=\"twitter:label1\" content=\"Escrito por\" \/>\n\t<meta name=\"twitter:data1\" content=\"teste\" \/>\n\t<meta name=\"twitter:label2\" content=\"Est. tempo de leitura\" \/>\n\t<meta name=\"twitter:data2\" content=\"1 minuto\" \/>\n<script type=\"application\/ld+json\" class=\"yoast-schema-graph\">{\"@context\":\"https:\\\/\\\/schema.org\",\"@graph\":[{\"@type\":\"Article\",\"@id\":\"https:\\\/\\\/blogdofarnesio.com.br\\\/?p=44694#article\",\"isPartOf\":{\"@id\":\"https:\\\/\\\/blogdofarnesio.com.br\\\/?p=44694\"},\"author\":{\"name\":\"teste\",\"@id\":\"https:\\\/\\\/blogdofarnesio.com.br\\\/#\\\/schema\\\/person\\\/dd1bf5eba40b687199ba45ca6b97dff9\"},\"headline\":\"S\u00c3O JO\u00c3O: HDM E HRJ GEST\u00c3O IMIP, FESTEJAM O ARRAI\u00c1 DA INTEGRA\u00c7\u00c3O ANO IV\",\"datePublished\":\"2013-06-15T17:00:03+00:00\",\"mainEntityOfPage\":{\"@id\":\"https:\\\/\\\/blogdofarnesio.com.br\\\/?p=44694\"},\"wordCount\":260,\"commentCount\":0,\"publisher\":{\"@id\":\"https:\\\/\\\/blogdofarnesio.com.br\\\/#organization\"},\"image\":{\"@id\":\"https:\\\/\\\/blogdofarnesio.com.br\\\/?p=44694#primaryimage\"},\"thumbnailUrl\":\"http:\\\/\\\/www.quersaberpolitica.com.br\\\/2016\\\/wp-content\\\/uploads\\\/2013\\\/06\\\/BLOGQSP.Vinheta2_face-IMIP13-prod-297x300.jpg\",\"articleSection\":[\"Costumes\"],\"inLanguage\":\"pt-BR\",\"potentialAction\":[{\"@type\":\"CommentAction\",\"name\":\"Comment\",\"target\":[\"https:\\\/\\\/blogdofarnesio.com.br\\\/?p=44694#respond\"]}]},{\"@type\":\"WebPage\",\"@id\":\"https:\\\/\\\/blogdofarnesio.com.br\\\/?p=44694\",\"url\":\"https:\\\/\\\/blogdofarnesio.com.br\\\/?p=44694\",\"name\":\"S\u00c3O JO\u00c3O: HDM E HRJ GEST\u00c3O IMIP, FESTEJAM O ARRAI\u00c1 DA INTEGRA\u00c7\u00c3O ANO IV - Blog do Farn\u00e9sio\",\"isPartOf\":{\"@id\":\"https:\\\/\\\/blogdofarnesio.com.br\\\/#website\"},\"primaryImageOfPage\":{\"@id\":\"https:\\\/\\\/blogdofarnesio.com.br\\\/?p=44694#primaryimage\"},\"image\":{\"@id\":\"https:\\\/\\\/blogdofarnesio.com.br\\\/?p=44694#primaryimage\"},\"thumbnailUrl\":\"http:\\\/\\\/www.quersaberpolitica.com.br\\\/2016\\\/wp-content\\\/uploads\\\/2013\\\/06\\\/BLOGQSP.Vinheta2_face-IMIP13-prod-297x300.jpg\",\"datePublished\":\"2013-06-15T17:00:03+00:00\",\"breadcrumb\":{\"@id\":\"https:\\\/\\\/blogdofarnesio.com.br\\\/?p=44694#breadcrumb\"},\"inLanguage\":\"pt-BR\",\"potentialAction\":[{\"@type\":\"ReadAction\",\"target\":[\"https:\\\/\\\/blogdofarnesio.com.br\\\/?p=44694\"]}]},{\"@type\":\"ImageObject\",\"inLanguage\":\"pt-BR\",\"@id\":\"https:\\\/\\\/blogdofarnesio.com.br\\\/?p=44694#primaryimage\",\"url\":\"http:\\\/\\\/www.quersaberpolitica.com.br\\\/2016\\\/wp-content\\\/uploads\\\/2013\\\/06\\\/BLOGQSP.Vinheta2_face-IMIP13-prod-297x300.jpg\",\"contentUrl\":\"http:\\\/\\\/www.quersaberpolitica.com.br\\\/2016\\\/wp-content\\\/uploads\\\/2013\\\/06\\\/BLOGQSP.Vinheta2_face-IMIP13-prod-297x300.jpg\"},{\"@type\":\"BreadcrumbList\",\"@id\":\"https:\\\/\\\/blogdofarnesio.com.br\\\/?p=44694#breadcrumb\",\"itemListElement\":[{\"@type\":\"ListItem\",\"position\":1,\"name\":\"In\u00edcio\",\"item\":\"https:\\\/\\\/blogdofarnesio.com.br\\\/\"},{\"@type\":\"ListItem\",\"position\":2,\"name\":\"S\u00c3O JO\u00c3O: HDM E HRJ GEST\u00c3O IMIP, FESTEJAM O ARRAI\u00c1 DA INTEGRA\u00c7\u00c3O ANO IV\"}]},{\"@type\":\"WebSite\",\"@id\":\"https:\\\/\\\/blogdofarnesio.com.br\\\/#website\",\"url\":\"https:\\\/\\\/blogdofarnesio.com.br\\\/\",\"name\":\"Blog do Farn\u00e9sio\",\"description\":\"Quer Saber Pol\u00edtica?\",\"publisher\":{\"@id\":\"https:\\\/\\\/blogdofarnesio.com.br\\\/#organization\"},\"potentialAction\":[{\"@type\":\"SearchAction\",\"target\":{\"@type\":\"EntryPoint\",\"urlTemplate\":\"https:\\\/\\\/blogdofarnesio.com.br\\\/?s={search_term_string}\"},\"query-input\":{\"@type\":\"PropertyValueSpecification\",\"valueRequired\":true,\"valueName\":\"search_term_string\"}}],\"inLanguage\":\"pt-BR\"},{\"@type\":\"Organization\",\"@id\":\"https:\\\/\\\/blogdofarnesio.com.br\\\/#organization\",\"name\":\"Blog do Farn\u00e9sio\",\"url\":\"https:\\\/\\\/blogdofarnesio.com.br\\\/\",\"logo\":{\"@type\":\"ImageObject\",\"inLanguage\":\"pt-BR\",\"@id\":\"https:\\\/\\\/blogdofarnesio.com.br\\\/#\\\/schema\\\/logo\\\/image\\\/\",\"url\":\"https:\\\/\\\/blogdofarnesio.com.br\\\/wp-content\\\/uploads\\\/2026\\\/03\\\/cropped-logo_new-1.png\",\"contentUrl\":\"https:\\\/\\\/blogdofarnesio.com.br\\\/wp-content\\\/uploads\\\/2026\\\/03\\\/cropped-logo_new-1.png\",\"width\":881,\"height\":685,\"caption\":\"Blog do Farn\u00e9sio\"},\"image\":{\"@id\":\"https:\\\/\\\/blogdofarnesio.com.br\\\/#\\\/schema\\\/logo\\\/image\\\/\"},\"sameAs\":[\"https:\\\/\\\/www.facebook.com\\\/BlogQuerSaberPolitica\\\/\"]},{\"@type\":\"Person\",\"@id\":\"https:\\\/\\\/blogdofarnesio.com.br\\\/#\\\/schema\\\/person\\\/dd1bf5eba40b687199ba45ca6b97dff9\",\"name\":\"teste\",\"image\":{\"@type\":\"ImageObject\",\"inLanguage\":\"pt-BR\",\"@id\":\"https:\\\/\\\/secure.gravatar.com\\\/avatar\\\/2172498d4914b51e1d89a0f97957b035ac4938723a5cac208135d389b6972a6d?s=96&d=mm&r=g\",\"url\":\"https:\\\/\\\/secure.gravatar.com\\\/avatar\\\/2172498d4914b51e1d89a0f97957b035ac4938723a5cac208135d389b6972a6d?s=96&d=mm&r=g\",\"contentUrl\":\"https:\\\/\\\/secure.gravatar.com\\\/avatar\\\/2172498d4914b51e1d89a0f97957b035ac4938723a5cac208135d389b6972a6d?s=96&d=mm&r=g\",\"caption\":\"teste\"},\"url\":\"https:\\\/\\\/blogdofarnesio.com.br\\\/?author=3\"}]}<\/script>\n<!-- \/ Yoast SEO plugin. -->","yoast_head_json":{"title":"S\u00c3O JO\u00c3O: HDM E HRJ GEST\u00c3O IMIP, FESTEJAM O ARRAI\u00c1 DA INTEGRA\u00c7\u00c3O ANO IV - Blog do Farn\u00e9sio","robots":{"index":"index","follow":"follow","max-snippet":"max-snippet:-1","max-image-preview":"max-image-preview:large","max-video-preview":"max-video-preview:-1"},"canonical":"https:\/\/blogdofarnesio.com.br\/?p=44694","og_locale":"pt_BR","og_type":"article","og_title":"S\u00c3O JO\u00c3O: HDM E HRJ GEST\u00c3O IMIP, FESTEJAM O ARRAI\u00c1 DA INTEGRA\u00c7\u00c3O ANO IV - Blog do Farn\u00e9sio","og_description":"Neste s\u00e1bado (15), os Hospitais Dom Malan\/IMIP, de Petrolina (PE), e Regional de Juazeiro\/IMIP, de Juazeiro (BA), v\u00e3o realizar o Arrai\u00e1 da Integra\u00e7\u00e3o Ano IV, festa voltada para funcion\u00e1rios, colaboradores, familiares e amigos. Este ano, a programa\u00e7\u00e3o incluir\u00e1 tr\u00eas atra\u00e7\u00f5es regionais, Gean Mota, Playboy Sertanejo e Ana Costa. Com o objetivo principal de integrar os funcion\u00e1rios e suas fam\u00edlias, o evento j\u00e1 est\u00e1 na sua quarta edi\u00e7\u00e3o. \u00c9 uma importante a\u00e7\u00e3o que ambas institui\u00e7\u00f5es realizam em prol da valoriza\u00e7\u00e3o dos seus colaboradores, al\u00e9m de contribuir para fortalecimento das ra\u00edzes juninas na regi\u00e3o. Para o Superintendente do Hospital Dom Malan, Marcelo Marques, &#8220;a festa representa um momento bastante aguardado pelos colaboradores, que aproveitam o m\u00e1ximo da programa\u00e7\u00e3o com muita descontra\u00e7\u00e3o e&hellip;","og_url":"https:\/\/blogdofarnesio.com.br\/?p=44694","og_site_name":"Blog do Farn\u00e9sio","article_publisher":"https:\/\/www.facebook.com\/BlogQuerSaberPolitica\/","article_published_time":"2013-06-15T17:00:03+00:00","og_image":[{"url":"http:\/\/www.quersaberpolitica.com.br\/2016\/wp-content\/uploads\/2013\/06\/BLOGQSP.Vinheta2_face-IMIP13-prod-297x300.jpg","type":"","width":"","height":""}],"author":"teste","twitter_card":"summary_large_image","twitter_misc":{"Escrito por":"teste","Est. tempo de leitura":"1 minuto"},"schema":{"@context":"https:\/\/schema.org","@graph":[{"@type":"Article","@id":"https:\/\/blogdofarnesio.com.br\/?p=44694#article","isPartOf":{"@id":"https:\/\/blogdofarnesio.com.br\/?p=44694"},"author":{"name":"teste","@id":"https:\/\/blogdofarnesio.com.br\/#\/schema\/person\/dd1bf5eba40b687199ba45ca6b97dff9"},"headline":"S\u00c3O JO\u00c3O: HDM E HRJ GEST\u00c3O IMIP, FESTEJAM O ARRAI\u00c1 DA INTEGRA\u00c7\u00c3O ANO IV","datePublished":"2013-06-15T17:00:03+00:00","mainEntityOfPage":{"@id":"https:\/\/blogdofarnesio.com.br\/?p=44694"},"wordCount":260,"commentCount":0,"publisher":{"@id":"https:\/\/blogdofarnesio.com.br\/#organization"},"image":{"@id":"https:\/\/blogdofarnesio.com.br\/?p=44694#primaryimage"},"thumbnailUrl":"http:\/\/www.quersaberpolitica.com.br\/2016\/wp-content\/uploads\/2013\/06\/BLOGQSP.Vinheta2_face-IMIP13-prod-297x300.jpg","articleSection":["Costumes"],"inLanguage":"pt-BR","potentialAction":[{"@type":"CommentAction","name":"Comment","target":["https:\/\/blogdofarnesio.com.br\/?p=44694#respond"]}]},{"@type":"WebPage","@id":"https:\/\/blogdofarnesio.com.br\/?p=44694","url":"https:\/\/blogdofarnesio.com.br\/?p=44694","name":"S\u00c3O JO\u00c3O: HDM E HRJ GEST\u00c3O IMIP, FESTEJAM O ARRAI\u00c1 DA INTEGRA\u00c7\u00c3O ANO IV - Blog do Farn\u00e9sio","isPartOf":{"@id":"https:\/\/blogdofarnesio.com.br\/#website"},"primaryImageOfPage":{"@id":"https:\/\/blogdofarnesio.com.br\/?p=44694#primaryimage"},"image":{"@id":"https:\/\/blogdofarnesio.com.br\/?p=44694#primaryimage"},"thumbnailUrl":"http:\/\/www.quersaberpolitica.com.br\/2016\/wp-content\/uploads\/2013\/06\/BLOGQSP.Vinheta2_face-IMIP13-prod-297x300.jpg","datePublished":"2013-06-15T17:00:03+00:00","breadcrumb":{"@id":"https:\/\/blogdofarnesio.com.br\/?p=44694#breadcrumb"},"inLanguage":"pt-BR","potentialAction":[{"@type":"ReadAction","target":["https:\/\/blogdofarnesio.com.br\/?p=44694"]}]},{"@type":"ImageObject","inLanguage":"pt-BR","@id":"https:\/\/blogdofarnesio.com.br\/?p=44694#primaryimage","url":"http:\/\/www.quersaberpolitica.com.br\/2016\/wp-content\/uploads\/2013\/06\/BLOGQSP.Vinheta2_face-IMIP13-prod-297x300.jpg","contentUrl":"http:\/\/www.quersaberpolitica.com.br\/2016\/wp-content\/uploads\/2013\/06\/BLOGQSP.Vinheta2_face-IMIP13-prod-297x300.jpg"},{"@type":"BreadcrumbList","@id":"https:\/\/blogdofarnesio.com.br\/?p=44694#breadcrumb","itemListElement":[{"@type":"ListItem","position":1,"name":"In\u00edcio","item":"https:\/\/blogdofarnesio.com.br\/"},{"@type":"ListItem","position":2,"name":"S\u00c3O JO\u00c3O: HDM E HRJ GEST\u00c3O IMIP, FESTEJAM O ARRAI\u00c1 DA INTEGRA\u00c7\u00c3O ANO IV"}]},{"@type":"WebSite","@id":"https:\/\/blogdofarnesio.com.br\/#website","url":"https:\/\/blogdofarnesio.com.br\/","name":"Blog do Farn\u00e9sio","description":"Quer Saber Pol\u00edtica?","publisher":{"@id":"https:\/\/blogdofarnesio.com.br\/#organization"},"potentialAction":[{"@type":"SearchAction","target":{"@type":"EntryPoint","urlTemplate":"https:\/\/blogdofarnesio.com.br\/?s={search_term_string}"},"query-input":{"@type":"PropertyValueSpecification","valueRequired":true,"valueName":"search_term_string"}}],"inLanguage":"pt-BR"},{"@type":"Organization","@id":"https:\/\/blogdofarnesio.com.br\/#organization","name":"Blog do Farn\u00e9sio","url":"https:\/\/blogdofarnesio.com.br\/","logo":{"@type":"ImageObject","inLanguage":"pt-BR","@id":"https:\/\/blogdofarnesio.com.br\/#\/schema\/logo\/image\/","url":"https:\/\/blogdofarnesio.com.br\/wp-content\/uploads\/2026\/03\/cropped-logo_new-1.png","contentUrl":"https:\/\/blogdofarnesio.com.br\/wp-content\/uploads\/2026\/03\/cropped-logo_new-1.png","width":881,"height":685,"caption":"Blog do Farn\u00e9sio"},"image":{"@id":"https:\/\/blogdofarnesio.com.br\/#\/schema\/logo\/image\/"},"sameAs":["https:\/\/www.facebook.com\/BlogQuerSaberPolitica\/"]},{"@type":"Person","@id":"https:\/\/blogdofarnesio.com.br\/#\/schema\/person\/dd1bf5eba40b687199ba45ca6b97dff9","name":"teste","image":{"@type":"ImageObject","inLanguage":"pt-BR","@id":"https:\/\/secure.gravatar.com\/avatar\/2172498d4914b51e1d89a0f97957b035ac4938723a5cac208135d389b6972a6d?s=96&d=mm&r=g","url":"https:\/\/secure.gravatar.com\/avatar\/2172498d4914b51e1d89a0f97957b035ac4938723a5cac208135d389b6972a6d?s=96&d=mm&r=g","contentUrl":"https:\/\/secure.gravatar.com\/avatar\/2172498d4914b51e1d89a0f97957b035ac4938723a5cac208135d389b6972a6d?s=96&d=mm&r=g","caption":"teste"},"url":"https:\/\/blogdofarnesio.com.br\/?author=3"}]}},"_links":{"self":[{"href":"https:\/\/blogdofarnesio.com.br\/index.php?rest_route=\/wp\/v2\/posts\/44694","targetHints":{"allow":["GET"]}}],"collection":[{"href":"https:\/\/blogdofarnesio.com.br\/index.php?rest_route=\/wp\/v2\/posts"}],"about":[{"href":"https:\/\/blogdofarnesio.com.br\/index.php?rest_route=\/wp\/v2\/types\/post"}],"author":[{"embeddable":true,"href":"https:\/\/blogdofarnesio.com.br\/index.php?rest_route=\/wp\/v2\/users\/3"}],"replies":[{"embeddable":true,"href":"https:\/\/blogdofarnesio.com.br\/index.php?rest_route=%2Fwp%2Fv2%2Fcomments&post=44694"}],"version-history":[{"count":0,"href":"https:\/\/blogdofarnesio.com.br\/index.php?rest_route=\/wp\/v2\/posts\/44694\/revisions"}],"wp:attachment":[{"href":"https:\/\/blogdofarnesio.com.br\/index.php?rest_route=%2Fwp%2Fv2%2Fmedia&parent=44694"}],"wp:term":[{"taxonomy":"category","embeddable":true,"href":"https:\/\/blogdofarnesio.com.br\/index.php?rest_route=%2Fwp%2Fv2%2Fcategories&post=44694"},{"taxonomy":"post_tag","embeddable":true,"href":"https:\/\/blogdofarnesio.com.br\/index.php?rest_route=%2Fwp%2Fv2%2Ftags&post=44694"}],"curies":[{"name":"wp","href":"https:\/\/api.w.org\/{rel}","templated":true}]}}