{"id":44419,"date":"2013-06-13T15:00:56","date_gmt":"2013-06-13T18:00:56","guid":{"rendered":"http:\/\/www.quersaberpolitica.com.br\/?p=44419"},"modified":"2013-06-13T11:09:17","modified_gmt":"2013-06-13T14:09:17","slug":"areas-sociais-do-municipio-participam-de-workshop-sobre-intersetorialidade-em-juazeiro","status":"publish","type":"post","link":"https:\/\/blogdofarnesio.com.br\/?p=44419","title":{"rendered":"\u00c1REAS SOCIAIS DO MUNIC\u00cdPIO PARTICIPAM DE WORKSHOP SOBRE INTERSETORIALIDADE EM JUAZEIRO"},"content":{"rendered":"<figure id=\"attachment_37901\" aria-describedby=\"caption-attachment-37901\" style=\"width: 300px\" class=\"wp-caption alignleft\"><img loading=\"lazy\" decoding=\"async\" class=\"size-medium wp-image-37901\" alt=\"Carlos Neiva\" src=\"http:\/\/www.quersaberpolitica.com.br\/2016\/wp-content\/uploads\/2013\/04\/blogqspcarlosneiva-Foto-Farn\u00e9sio-Silva-300x224.jpg\" width=\"300\" height=\"224\" srcset=\"https:\/\/blogdofarnesio.com.br\/wp-content\/uploads\/2013\/04\/blogqspcarlosneiva-Foto-Farn\u00e9sio-Silva-300x224.jpg 300w, https:\/\/blogdofarnesio.com.br\/wp-content\/uploads\/2013\/04\/blogqspcarlosneiva-Foto-Farn\u00e9sio-Silva-400x300.jpg 400w, https:\/\/blogdofarnesio.com.br\/wp-content\/uploads\/2013\/04\/blogqspcarlosneiva-Foto-Farn\u00e9sio-Silva.jpg 448w\" sizes=\"auto, (max-width: 300px) 100vw, 300px\" \/><\/a><figcaption id=\"caption-attachment-37901\" class=\"wp-caption-text\">Carlos Neiva<\/figcaption><\/figure>\n<p style=\"text-align: justify\">Criada pelo prefeito Isaac Carvalho na \u00faltima reforma administrativa, a Assessoria Especial de Articula\u00e7\u00e3o de Pol\u00edticas Sociais tem como uma das principais miss\u00f5es intensificar a intersetorialidade entre as secretarias de Desenvolvimento Social, de Sa\u00fade e de Educa\u00e7\u00e3o e Esportes, proporcionando uma maior intera\u00e7\u00e3o entre v\u00e1rios servi\u00e7os afins que as mesmas oferecem.<\/p>\n<p style=\"text-align: justify\">A primeira a\u00e7\u00e3o do plano de trabalho da Assessoria Especial de Pol\u00edticas Sociais teve in\u00edcio na manh\u00e3 de quarta-feira (12), no CIAM, com a realiza\u00e7\u00e3o de um workshop sobre Estrutura, Funcionamento e Intersetorialidade, o qual contou com as participa\u00e7\u00f5es de funcion\u00e1rios das tr\u00eas secretarias. O assessor Carlos Neiva enfatizou o empenho dos respectivos gestores das pastas e explicou o objetivo dos workshops.<!--more--><\/p>\n<p style=\"text-align: justify\">\u201cEstamos visando interagir com cada pasta, buscando maximizar as atua\u00e7\u00f5es de cada uma e melhorar ainda mais a qualidade da aplica\u00e7\u00e3o das pol\u00edticas p\u00fablicas que englobam os diversos programas existentes no munic\u00edpio. Neste primeiro encontro tivemos contato com os programas do social e ainda teremos mais dois workshops, o de educa\u00e7\u00e3o e o de sa\u00fade\u201d, disse Neiva.<\/p>\n<p style=\"text-align: justify\">Nesse primeiro workshop foram tratadas as quest\u00f5es da Secretaria de Desenvolvimento Social, especificamente dos programas em parceria com os governos federal e estadual, que atendem p\u00fablicos diversos e cujas demandas tamb\u00e9m est\u00e3o ligadas \u00e0s \u00e1reas da sa\u00fade e da educa\u00e7\u00e3o. A gerente de Prote\u00e7\u00e3o Social Especial, F\u00e1tima Carvalho, que coordena os trabalhos de programas como o PETI, o CIAM e o CREAS, ressaltou a import\u00e2ncia de uma maior intera\u00e7\u00e3o entre as secretarias.<\/p>\n<p style=\"text-align: justify\">\u201cEsse trabalho de assessoramento possibilitar\u00e1 uma dinamiza\u00e7\u00e3o para ampliarmos o trabalho em rede e com isso melhorarmos ainda mais o atendimento \u00e0 popula\u00e7\u00e3o\u201d. A gerente de Prote\u00e7\u00e3o Social B\u00e1sica, que compreende o Projovem Adolescente, o Melhor Idade e os CRAS, Jussara Rego, lembrou que a intersetorialidade entre os programas sociais como os de sa\u00fade e de educa\u00e7\u00e3o j\u00e1 existe, mas que ainda pode ser melhorada.<\/p>\n<p style=\"text-align: justify\">\u201cCom certeza esses workshops e mais todo o acompanhamento que teremos do assessor de Articula\u00e7\u00e3o de Pol\u00edticas Sociais, Carlos Neiva, far\u00e1 com que as contribui\u00e7\u00f5es de cada secretaria sejam ampliadas. E com isso ganharemos no sentido de oferecer uma maior qualidade nos servi\u00e7os prestados aos nossos p\u00fablicos\u201d.<\/p>\n<p style=\"text-align: justify\">Nos dias 18 de junho e 04 de julho acontecer\u00e3o, respectivamente, os workshops das secretarias de Educa\u00e7\u00e3o e de Sa\u00fade.<\/p>\n<p style=\"text-align: justify\">ASCOM PMJ<\/p>\n","protected":false},"excerpt":{"rendered":"<p>Criada pelo prefeito Isaac Carvalho na \u00faltima reforma administrativa, a Assessoria Especial de Articula\u00e7\u00e3o de Pol\u00edticas Sociais tem como uma das principais miss\u00f5es intensificar a intersetorialidade entre as secretarias de Desenvolvimento Social, de Sa\u00fade e de Educa\u00e7\u00e3o e Esportes, proporcionando uma maior intera\u00e7\u00e3o entre v\u00e1rios servi\u00e7os afins que as mesmas oferecem. A primeira a\u00e7\u00e3o do plano de trabalho da Assessoria Especial de Pol\u00edticas Sociais teve in\u00edcio na manh\u00e3 de quarta-feira (12), no CIAM, com a realiza\u00e7\u00e3o de um workshop sobre Estrutura, Funcionamento e Intersetorialidade, o qual contou com as participa\u00e7\u00f5es de funcion\u00e1rios das tr\u00eas secretarias. O assessor Carlos Neiva enfatizou o empenho dos respectivos gestores das pastas e explicou o objetivo dos workshops.<\/p>\n","protected":false},"author":3,"featured_media":0,"comment_status":"open","ping_status":"open","sticky":false,"template":"","format":"standard","meta":{"_acf_changed":false,"footnotes":""},"categories":[14],"tags":[],"class_list":["post-44419","post","type-post","status-publish","format-standard","hentry","category-infraestrutura"],"acf":[],"yoast_head":"<!-- This site is optimized with the Yoast SEO plugin v27.4 - https:\/\/yoast.com\/product\/yoast-seo-wordpress\/ -->\n<title>\u00c1REAS SOCIAIS DO MUNIC\u00cdPIO PARTICIPAM DE WORKSHOP SOBRE INTERSETORIALIDADE EM JUAZEIRO - Blog do Farn\u00e9sio<\/title>\n<meta name=\"robots\" content=\"index, follow, max-snippet:-1, max-image-preview:large, max-video-preview:-1\" \/>\n<link rel=\"canonical\" href=\"https:\/\/blogdofarnesio.com.br\/?p=44419\" \/>\n<meta property=\"og:locale\" content=\"pt_BR\" \/>\n<meta property=\"og:type\" content=\"article\" \/>\n<meta property=\"og:title\" content=\"\u00c1REAS SOCIAIS DO MUNIC\u00cdPIO PARTICIPAM DE WORKSHOP SOBRE INTERSETORIALIDADE EM JUAZEIRO - Blog do Farn\u00e9sio\" \/>\n<meta property=\"og:description\" content=\"Criada pelo prefeito Isaac Carvalho na \u00faltima reforma administrativa, a Assessoria Especial de Articula\u00e7\u00e3o de Pol\u00edticas Sociais tem como uma das principais miss\u00f5es intensificar a intersetorialidade entre as secretarias de Desenvolvimento Social, de Sa\u00fade e de Educa\u00e7\u00e3o e Esportes, proporcionando uma maior intera\u00e7\u00e3o entre v\u00e1rios servi\u00e7os afins que as mesmas oferecem. A primeira a\u00e7\u00e3o do plano de trabalho da Assessoria Especial de Pol\u00edticas Sociais teve in\u00edcio na manh\u00e3 de quarta-feira (12), no CIAM, com a realiza\u00e7\u00e3o de um workshop sobre Estrutura, Funcionamento e Intersetorialidade, o qual contou com as participa\u00e7\u00f5es de funcion\u00e1rios das tr\u00eas secretarias. O assessor Carlos Neiva enfatizou o empenho dos respectivos gestores das pastas e explicou o objetivo dos workshops.\" \/>\n<meta property=\"og:url\" content=\"https:\/\/blogdofarnesio.com.br\/?p=44419\" \/>\n<meta property=\"og:site_name\" content=\"Blog do Farn\u00e9sio\" \/>\n<meta property=\"article:publisher\" content=\"https:\/\/www.facebook.com\/BlogQuerSaberPolitica\/\" \/>\n<meta property=\"article:published_time\" content=\"2013-06-13T18:00:56+00:00\" \/>\n<meta name=\"author\" content=\"teste\" \/>\n<meta name=\"twitter:card\" content=\"summary_large_image\" \/>\n<meta name=\"twitter:label1\" content=\"Escrito por\" \/>\n\t<meta name=\"twitter:data1\" content=\"teste\" \/>\n\t<meta name=\"twitter:label2\" content=\"Est. tempo de leitura\" \/>\n\t<meta name=\"twitter:data2\" content=\"2 minutos\" \/>\n<script type=\"application\/ld+json\" class=\"yoast-schema-graph\">{\"@context\":\"https:\\\/\\\/schema.org\",\"@graph\":[{\"@type\":\"Article\",\"@id\":\"https:\\\/\\\/blogdofarnesio.com.br\\\/?p=44419#article\",\"isPartOf\":{\"@id\":\"https:\\\/\\\/blogdofarnesio.com.br\\\/?p=44419\"},\"author\":{\"name\":\"teste\",\"@id\":\"https:\\\/\\\/blogdofarnesio.com.br\\\/#\\\/schema\\\/person\\\/dd1bf5eba40b687199ba45ca6b97dff9\"},\"headline\":\"\u00c1REAS SOCIAIS DO MUNIC\u00cdPIO PARTICIPAM DE WORKSHOP SOBRE INTERSETORIALIDADE EM JUAZEIRO\",\"datePublished\":\"2013-06-13T18:00:56+00:00\",\"mainEntityOfPage\":{\"@id\":\"https:\\\/\\\/blogdofarnesio.com.br\\\/?p=44419\"},\"wordCount\":439,\"commentCount\":0,\"publisher\":{\"@id\":\"https:\\\/\\\/blogdofarnesio.com.br\\\/#organization\"},\"articleSection\":[\"Infraestrutura\"],\"inLanguage\":\"pt-BR\",\"potentialAction\":[{\"@type\":\"CommentAction\",\"name\":\"Comment\",\"target\":[\"https:\\\/\\\/blogdofarnesio.com.br\\\/?p=44419#respond\"]}]},{\"@type\":\"WebPage\",\"@id\":\"https:\\\/\\\/blogdofarnesio.com.br\\\/?p=44419\",\"url\":\"https:\\\/\\\/blogdofarnesio.com.br\\\/?p=44419\",\"name\":\"\u00c1REAS SOCIAIS DO MUNIC\u00cdPIO PARTICIPAM DE WORKSHOP SOBRE INTERSETORIALIDADE EM JUAZEIRO - Blog do Farn\u00e9sio\",\"isPartOf\":{\"@id\":\"https:\\\/\\\/blogdofarnesio.com.br\\\/#website\"},\"datePublished\":\"2013-06-13T18:00:56+00:00\",\"breadcrumb\":{\"@id\":\"https:\\\/\\\/blogdofarnesio.com.br\\\/?p=44419#breadcrumb\"},\"inLanguage\":\"pt-BR\",\"potentialAction\":[{\"@type\":\"ReadAction\",\"target\":[\"https:\\\/\\\/blogdofarnesio.com.br\\\/?p=44419\"]}]},{\"@type\":\"BreadcrumbList\",\"@id\":\"https:\\\/\\\/blogdofarnesio.com.br\\\/?p=44419#breadcrumb\",\"itemListElement\":[{\"@type\":\"ListItem\",\"position\":1,\"name\":\"In\u00edcio\",\"item\":\"https:\\\/\\\/blogdofarnesio.com.br\\\/\"},{\"@type\":\"ListItem\",\"position\":2,\"name\":\"\u00c1REAS SOCIAIS DO MUNIC\u00cdPIO PARTICIPAM DE WORKSHOP SOBRE INTERSETORIALIDADE EM JUAZEIRO\"}]},{\"@type\":\"WebSite\",\"@id\":\"https:\\\/\\\/blogdofarnesio.com.br\\\/#website\",\"url\":\"https:\\\/\\\/blogdofarnesio.com.br\\\/\",\"name\":\"Blog do Farn\u00e9sio\",\"description\":\"Quer Saber Pol\u00edtica?\",\"publisher\":{\"@id\":\"https:\\\/\\\/blogdofarnesio.com.br\\\/#organization\"},\"potentialAction\":[{\"@type\":\"SearchAction\",\"target\":{\"@type\":\"EntryPoint\",\"urlTemplate\":\"https:\\\/\\\/blogdofarnesio.com.br\\\/?s={search_term_string}\"},\"query-input\":{\"@type\":\"PropertyValueSpecification\",\"valueRequired\":true,\"valueName\":\"search_term_string\"}}],\"inLanguage\":\"pt-BR\"},{\"@type\":\"Organization\",\"@id\":\"https:\\\/\\\/blogdofarnesio.com.br\\\/#organization\",\"name\":\"Blog do Farn\u00e9sio\",\"url\":\"https:\\\/\\\/blogdofarnesio.com.br\\\/\",\"logo\":{\"@type\":\"ImageObject\",\"inLanguage\":\"pt-BR\",\"@id\":\"https:\\\/\\\/blogdofarnesio.com.br\\\/#\\\/schema\\\/logo\\\/image\\\/\",\"url\":\"https:\\\/\\\/blogdofarnesio.com.br\\\/wp-content\\\/uploads\\\/2026\\\/03\\\/cropped-logo_new-1.png\",\"contentUrl\":\"https:\\\/\\\/blogdofarnesio.com.br\\\/wp-content\\\/uploads\\\/2026\\\/03\\\/cropped-logo_new-1.png\",\"width\":881,\"height\":685,\"caption\":\"Blog do Farn\u00e9sio\"},\"image\":{\"@id\":\"https:\\\/\\\/blogdofarnesio.com.br\\\/#\\\/schema\\\/logo\\\/image\\\/\"},\"sameAs\":[\"https:\\\/\\\/www.facebook.com\\\/BlogQuerSaberPolitica\\\/\"]},{\"@type\":\"Person\",\"@id\":\"https:\\\/\\\/blogdofarnesio.com.br\\\/#\\\/schema\\\/person\\\/dd1bf5eba40b687199ba45ca6b97dff9\",\"name\":\"teste\",\"image\":{\"@type\":\"ImageObject\",\"inLanguage\":\"pt-BR\",\"@id\":\"https:\\\/\\\/secure.gravatar.com\\\/avatar\\\/2172498d4914b51e1d89a0f97957b035ac4938723a5cac208135d389b6972a6d?s=96&d=mm&r=g\",\"url\":\"https:\\\/\\\/secure.gravatar.com\\\/avatar\\\/2172498d4914b51e1d89a0f97957b035ac4938723a5cac208135d389b6972a6d?s=96&d=mm&r=g\",\"contentUrl\":\"https:\\\/\\\/secure.gravatar.com\\\/avatar\\\/2172498d4914b51e1d89a0f97957b035ac4938723a5cac208135d389b6972a6d?s=96&d=mm&r=g\",\"caption\":\"teste\"},\"url\":\"https:\\\/\\\/blogdofarnesio.com.br\\\/?author=3\"}]}<\/script>\n<!-- \/ Yoast SEO plugin. -->","yoast_head_json":{"title":"\u00c1REAS SOCIAIS DO MUNIC\u00cdPIO PARTICIPAM DE WORKSHOP SOBRE INTERSETORIALIDADE EM JUAZEIRO - Blog do Farn\u00e9sio","robots":{"index":"index","follow":"follow","max-snippet":"max-snippet:-1","max-image-preview":"max-image-preview:large","max-video-preview":"max-video-preview:-1"},"canonical":"https:\/\/blogdofarnesio.com.br\/?p=44419","og_locale":"pt_BR","og_type":"article","og_title":"\u00c1REAS SOCIAIS DO MUNIC\u00cdPIO PARTICIPAM DE WORKSHOP SOBRE INTERSETORIALIDADE EM JUAZEIRO - Blog do Farn\u00e9sio","og_description":"Criada pelo prefeito Isaac Carvalho na \u00faltima reforma administrativa, a Assessoria Especial de Articula\u00e7\u00e3o de Pol\u00edticas Sociais tem como uma das principais miss\u00f5es intensificar a intersetorialidade entre as secretarias de Desenvolvimento Social, de Sa\u00fade e de Educa\u00e7\u00e3o e Esportes, proporcionando uma maior intera\u00e7\u00e3o entre v\u00e1rios servi\u00e7os afins que as mesmas oferecem. A primeira a\u00e7\u00e3o do plano de trabalho da Assessoria Especial de Pol\u00edticas Sociais teve in\u00edcio na manh\u00e3 de quarta-feira (12), no CIAM, com a realiza\u00e7\u00e3o de um workshop sobre Estrutura, Funcionamento e Intersetorialidade, o qual contou com as participa\u00e7\u00f5es de funcion\u00e1rios das tr\u00eas secretarias. O assessor Carlos Neiva enfatizou o empenho dos respectivos gestores das pastas e explicou o objetivo dos workshops.","og_url":"https:\/\/blogdofarnesio.com.br\/?p=44419","og_site_name":"Blog do Farn\u00e9sio","article_publisher":"https:\/\/www.facebook.com\/BlogQuerSaberPolitica\/","article_published_time":"2013-06-13T18:00:56+00:00","author":"teste","twitter_card":"summary_large_image","twitter_misc":{"Escrito por":"teste","Est. tempo de leitura":"2 minutos"},"schema":{"@context":"https:\/\/schema.org","@graph":[{"@type":"Article","@id":"https:\/\/blogdofarnesio.com.br\/?p=44419#article","isPartOf":{"@id":"https:\/\/blogdofarnesio.com.br\/?p=44419"},"author":{"name":"teste","@id":"https:\/\/blogdofarnesio.com.br\/#\/schema\/person\/dd1bf5eba40b687199ba45ca6b97dff9"},"headline":"\u00c1REAS SOCIAIS DO MUNIC\u00cdPIO PARTICIPAM DE WORKSHOP SOBRE INTERSETORIALIDADE EM JUAZEIRO","datePublished":"2013-06-13T18:00:56+00:00","mainEntityOfPage":{"@id":"https:\/\/blogdofarnesio.com.br\/?p=44419"},"wordCount":439,"commentCount":0,"publisher":{"@id":"https:\/\/blogdofarnesio.com.br\/#organization"},"articleSection":["Infraestrutura"],"inLanguage":"pt-BR","potentialAction":[{"@type":"CommentAction","name":"Comment","target":["https:\/\/blogdofarnesio.com.br\/?p=44419#respond"]}]},{"@type":"WebPage","@id":"https:\/\/blogdofarnesio.com.br\/?p=44419","url":"https:\/\/blogdofarnesio.com.br\/?p=44419","name":"\u00c1REAS SOCIAIS DO MUNIC\u00cdPIO PARTICIPAM DE WORKSHOP SOBRE INTERSETORIALIDADE EM JUAZEIRO - Blog do Farn\u00e9sio","isPartOf":{"@id":"https:\/\/blogdofarnesio.com.br\/#website"},"datePublished":"2013-06-13T18:00:56+00:00","breadcrumb":{"@id":"https:\/\/blogdofarnesio.com.br\/?p=44419#breadcrumb"},"inLanguage":"pt-BR","potentialAction":[{"@type":"ReadAction","target":["https:\/\/blogdofarnesio.com.br\/?p=44419"]}]},{"@type":"BreadcrumbList","@id":"https:\/\/blogdofarnesio.com.br\/?p=44419#breadcrumb","itemListElement":[{"@type":"ListItem","position":1,"name":"In\u00edcio","item":"https:\/\/blogdofarnesio.com.br\/"},{"@type":"ListItem","position":2,"name":"\u00c1REAS SOCIAIS DO MUNIC\u00cdPIO PARTICIPAM DE WORKSHOP SOBRE INTERSETORIALIDADE EM JUAZEIRO"}]},{"@type":"WebSite","@id":"https:\/\/blogdofarnesio.com.br\/#website","url":"https:\/\/blogdofarnesio.com.br\/","name":"Blog do Farn\u00e9sio","description":"Quer Saber Pol\u00edtica?","publisher":{"@id":"https:\/\/blogdofarnesio.com.br\/#organization"},"potentialAction":[{"@type":"SearchAction","target":{"@type":"EntryPoint","urlTemplate":"https:\/\/blogdofarnesio.com.br\/?s={search_term_string}"},"query-input":{"@type":"PropertyValueSpecification","valueRequired":true,"valueName":"search_term_string"}}],"inLanguage":"pt-BR"},{"@type":"Organization","@id":"https:\/\/blogdofarnesio.com.br\/#organization","name":"Blog do Farn\u00e9sio","url":"https:\/\/blogdofarnesio.com.br\/","logo":{"@type":"ImageObject","inLanguage":"pt-BR","@id":"https:\/\/blogdofarnesio.com.br\/#\/schema\/logo\/image\/","url":"https:\/\/blogdofarnesio.com.br\/wp-content\/uploads\/2026\/03\/cropped-logo_new-1.png","contentUrl":"https:\/\/blogdofarnesio.com.br\/wp-content\/uploads\/2026\/03\/cropped-logo_new-1.png","width":881,"height":685,"caption":"Blog do Farn\u00e9sio"},"image":{"@id":"https:\/\/blogdofarnesio.com.br\/#\/schema\/logo\/image\/"},"sameAs":["https:\/\/www.facebook.com\/BlogQuerSaberPolitica\/"]},{"@type":"Person","@id":"https:\/\/blogdofarnesio.com.br\/#\/schema\/person\/dd1bf5eba40b687199ba45ca6b97dff9","name":"teste","image":{"@type":"ImageObject","inLanguage":"pt-BR","@id":"https:\/\/secure.gravatar.com\/avatar\/2172498d4914b51e1d89a0f97957b035ac4938723a5cac208135d389b6972a6d?s=96&d=mm&r=g","url":"https:\/\/secure.gravatar.com\/avatar\/2172498d4914b51e1d89a0f97957b035ac4938723a5cac208135d389b6972a6d?s=96&d=mm&r=g","contentUrl":"https:\/\/secure.gravatar.com\/avatar\/2172498d4914b51e1d89a0f97957b035ac4938723a5cac208135d389b6972a6d?s=96&d=mm&r=g","caption":"teste"},"url":"https:\/\/blogdofarnesio.com.br\/?author=3"}]}},"_links":{"self":[{"href":"https:\/\/blogdofarnesio.com.br\/index.php?rest_route=\/wp\/v2\/posts\/44419","targetHints":{"allow":["GET"]}}],"collection":[{"href":"https:\/\/blogdofarnesio.com.br\/index.php?rest_route=\/wp\/v2\/posts"}],"about":[{"href":"https:\/\/blogdofarnesio.com.br\/index.php?rest_route=\/wp\/v2\/types\/post"}],"author":[{"embeddable":true,"href":"https:\/\/blogdofarnesio.com.br\/index.php?rest_route=\/wp\/v2\/users\/3"}],"replies":[{"embeddable":true,"href":"https:\/\/blogdofarnesio.com.br\/index.php?rest_route=%2Fwp%2Fv2%2Fcomments&post=44419"}],"version-history":[{"count":0,"href":"https:\/\/blogdofarnesio.com.br\/index.php?rest_route=\/wp\/v2\/posts\/44419\/revisions"}],"wp:attachment":[{"href":"https:\/\/blogdofarnesio.com.br\/index.php?rest_route=%2Fwp%2Fv2%2Fmedia&parent=44419"}],"wp:term":[{"taxonomy":"category","embeddable":true,"href":"https:\/\/blogdofarnesio.com.br\/index.php?rest_route=%2Fwp%2Fv2%2Fcategories&post=44419"},{"taxonomy":"post_tag","embeddable":true,"href":"https:\/\/blogdofarnesio.com.br\/index.php?rest_route=%2Fwp%2Fv2%2Ftags&post=44419"}],"curies":[{"name":"wp","href":"https:\/\/api.w.org\/{rel}","templated":true}]}}