{"id":44243,"date":"2013-06-12T11:30:13","date_gmt":"2013-06-12T14:30:13","guid":{"rendered":"http:\/\/www.quersaberpolitica.com.br\/?p=44243"},"modified":"2013-06-12T13:36:30","modified_gmt":"2013-06-12T16:36:30","slug":"44243","status":"publish","type":"post","link":"https:\/\/blogdofarnesio.com.br\/?p=44243","title":{"rendered":"PRESIDENTE ESTADUAL DO PT CHEGA A JUAZEIRO PARA DISCUTIR PARTICIPA\u00c7\u00c3O DO PARTIDO NO GOVERNO MUNICIPAL"},"content":{"rendered":"<p style=\"text-align: justify\"><a href=\"http:\/\/www.quersaberpolitica.com.br\/2016\/wp-content\/uploads\/2013\/06\/blogqspptjonas2.jpg\"><img loading=\"lazy\" decoding=\"async\" class=\"alignleft size-medium wp-image-44261\" alt=\"blogqspptjonas2\" src=\"http:\/\/www.quersaberpolitica.com.br\/2016\/wp-content\/uploads\/2013\/06\/blogqspptjonas2-300x155.jpg\" width=\"300\" height=\"155\" srcset=\"https:\/\/blogdofarnesio.com.br\/wp-content\/uploads\/2013\/06\/blogqspptjonas2-300x155.jpg 300w, https:\/\/blogdofarnesio.com.br\/wp-content\/uploads\/2013\/06\/blogqspptjonas2.jpg 448w\" sizes=\"auto, (max-width: 300px) 100vw, 300px\" \/><\/a>Em participa\u00e7\u00e3o esta manh\u00e3 por telefone, no programa Bastidores da Not\u00edcia, na r\u00e1dio Tropical Sat FM, o presidente estadual do Partido dos Trabalhadores, Jonas Paulo, confirmou encontro que ter\u00e1 com o prefeito Isaac Carvalho na noite de hoje e amanh\u00e3 (13) pela manh\u00e3, ocasi\u00e3o em que estar\u00e3o discutindo a participa\u00e7\u00e3o do PT no governo municipal.<\/p>\n<p style=\"text-align: justify\">Segundo Jonas, as conversa\u00e7\u00f5es est\u00e3o bem encaminhadas e os nomes para ocupa\u00e7\u00e3o dos cargos dever\u00e3o ser definidos no mais tardar at\u00e9 amanh\u00e3.<\/p>\n<p style=\"text-align: justify\">O presidente tamb\u00e9m falou sobre o PED, (elei\u00e7\u00f5es internas no partido), quando os diret\u00f3rios, em todas suas instancias estar\u00e3o sendo renovados. Segundo Jonas Paulo, no que diz respeito a sua sucess\u00e3o, j\u00e1 existe \u00a0uma converg\u00eancia em torno do nome do secret\u00e1rio de organiza\u00e7\u00e3o, Everaldo anuncia\u00e7\u00e3o.<\/p>\n<p style=\"text-align: justify\">Quanto ao diret\u00f3rio municipal do PT em Juazeiro, escorregando na resposta, o presidente Jonas Paulo disse desconhecer qualquer problema, n\u00e3o querendo falar sobre a disputa entre a tendencia do secret\u00e1rio de organiza\u00e7\u00e3o local, Paulo Enrique Galdino, que recentemente foi desautorizado pelo diret\u00f3rio estadual de promover uma reuni\u00e3o sem a presen\u00e7a do presidente Clemmes, ocasi\u00e3o em que se quer o vice prefeito Francisco Oliveira (PT) e outros membros, tenham sido convidados.<\/p>\n<p style=\"text-align: justify\">Perguntado sobre o julgamento pela comiss\u00e3o de \u00e9tica do partido de antigos membros \u00a0do diret\u00f3rio municipal de Juazeiro, dentre eles o ex-prefeito e suplente de deputado federal Joseph Bandeira, Josimeire Pinheiro (Meirinha), Advogada Flor de Maria e a Senhora Ana Ang\u00e9lica, Jonas Paulo informou que a comiss\u00e3o tem seu pr\u00f3prio ritmo de trabalho e que portanto n\u00e3o saberia precisar quando ocorrer\u00e1 o julgamento.<\/p>\n<p style=\"text-align: justify\">Contudo, disse que o diret\u00f3rio estadual do PT vai continuar o seu apoio a administra\u00e7\u00e3o Isaac Carvalho, e que \u00e0queles que remaram contra as determina\u00e7\u00f5es do partido quanto a alian\u00e7as nas ultimas elei\u00e7\u00f5es, caso de Joseph Bandeira e seguidores, \u00a0estes ter\u00e3o que responder por seus atos.<\/p>\n<p style=\"text-align: justify\">Prosseguindo, Jones foi enf\u00e1tico: o povo reconheceu que est\u00e1vamos certos e reelegeu Isaac tendo o PT na vice com Irm\u00e3o Francisco, com uma ampla vantagem, e, que eles estavam errados<\/p>\n<p style=\"text-align: justify\">\n","protected":false},"excerpt":{"rendered":"<p>Em participa\u00e7\u00e3o esta manh\u00e3 por telefone, no programa Bastidores da Not\u00edcia, na r\u00e1dio Tropical Sat FM, o presidente estadual do Partido dos Trabalhadores, Jonas Paulo, confirmou encontro que ter\u00e1 com o prefeito Isaac Carvalho na noite de hoje e amanh\u00e3 (13) pela manh\u00e3, ocasi\u00e3o em que estar\u00e3o discutindo a participa\u00e7\u00e3o do PT no governo municipal. Segundo Jonas, as conversa\u00e7\u00f5es est\u00e3o bem encaminhadas e os nomes para ocupa\u00e7\u00e3o dos cargos dever\u00e3o ser definidos no mais tardar at\u00e9 amanh\u00e3. O presidente tamb\u00e9m falou sobre o PED, (elei\u00e7\u00f5es internas no partido), quando os diret\u00f3rios, em todas suas instancias estar\u00e3o sendo renovados. Segundo Jonas Paulo, no que diz respeito a sua sucess\u00e3o, j\u00e1 existe \u00a0uma converg\u00eancia em torno do nome do secret\u00e1rio de organiza\u00e7\u00e3o,&hellip; <\/p>\n","protected":false},"author":3,"featured_media":0,"comment_status":"open","ping_status":"open","sticky":false,"template":"","format":"standard","meta":{"_acf_changed":false,"footnotes":""},"categories":[1],"tags":[],"class_list":["post-44243","post","type-post","status-publish","format-standard","hentry","category-politica"],"acf":[],"yoast_head":"<!-- This site is optimized with the Yoast SEO plugin v27.4 - https:\/\/yoast.com\/product\/yoast-seo-wordpress\/ -->\n<title>PRESIDENTE ESTADUAL DO PT CHEGA A JUAZEIRO PARA DISCUTIR PARTICIPA\u00c7\u00c3O DO PARTIDO NO GOVERNO MUNICIPAL - Blog do Farn\u00e9sio<\/title>\n<meta name=\"robots\" content=\"index, follow, max-snippet:-1, max-image-preview:large, max-video-preview:-1\" \/>\n<link rel=\"canonical\" href=\"https:\/\/blogdofarnesio.com.br\/?p=44243\" \/>\n<meta property=\"og:locale\" content=\"pt_BR\" \/>\n<meta property=\"og:type\" content=\"article\" \/>\n<meta property=\"og:title\" content=\"PRESIDENTE ESTADUAL DO PT CHEGA A JUAZEIRO PARA DISCUTIR PARTICIPA\u00c7\u00c3O DO PARTIDO NO GOVERNO MUNICIPAL - Blog do Farn\u00e9sio\" \/>\n<meta property=\"og:description\" content=\"Em participa\u00e7\u00e3o esta manh\u00e3 por telefone, no programa Bastidores da Not\u00edcia, na r\u00e1dio Tropical Sat FM, o presidente estadual do Partido dos Trabalhadores, Jonas Paulo, confirmou encontro que ter\u00e1 com o prefeito Isaac Carvalho na noite de hoje e amanh\u00e3 (13) pela manh\u00e3, ocasi\u00e3o em que estar\u00e3o discutindo a participa\u00e7\u00e3o do PT no governo municipal. Segundo Jonas, as conversa\u00e7\u00f5es est\u00e3o bem encaminhadas e os nomes para ocupa\u00e7\u00e3o dos cargos dever\u00e3o ser definidos no mais tardar at\u00e9 amanh\u00e3. O presidente tamb\u00e9m falou sobre o PED, (elei\u00e7\u00f5es internas no partido), quando os diret\u00f3rios, em todas suas instancias estar\u00e3o sendo renovados. Segundo Jonas Paulo, no que diz respeito a sua sucess\u00e3o, j\u00e1 existe \u00a0uma converg\u00eancia em torno do nome do secret\u00e1rio de organiza\u00e7\u00e3o,&hellip;\" \/>\n<meta property=\"og:url\" content=\"https:\/\/blogdofarnesio.com.br\/?p=44243\" \/>\n<meta property=\"og:site_name\" content=\"Blog do Farn\u00e9sio\" \/>\n<meta property=\"article:publisher\" content=\"https:\/\/www.facebook.com\/BlogQuerSaberPolitica\/\" \/>\n<meta property=\"article:published_time\" content=\"2013-06-12T14:30:13+00:00\" \/>\n<meta property=\"article:modified_time\" content=\"2013-06-12T16:36:30+00:00\" \/>\n<meta property=\"og:image\" content=\"http:\/\/www.quersaberpolitica.com.br\/2016\/wp-content\/uploads\/2013\/06\/blogqspptjonas2-300x155.jpg\" \/>\n<meta name=\"author\" content=\"teste\" \/>\n<meta name=\"twitter:card\" content=\"summary_large_image\" \/>\n<meta name=\"twitter:label1\" content=\"Escrito por\" \/>\n\t<meta name=\"twitter:data1\" content=\"teste\" \/>\n\t<meta name=\"twitter:label2\" content=\"Est. tempo de leitura\" \/>\n\t<meta name=\"twitter:data2\" content=\"2 minutos\" \/>\n<script type=\"application\/ld+json\" class=\"yoast-schema-graph\">{\"@context\":\"https:\\\/\\\/schema.org\",\"@graph\":[{\"@type\":\"Article\",\"@id\":\"https:\\\/\\\/blogdofarnesio.com.br\\\/?p=44243#article\",\"isPartOf\":{\"@id\":\"https:\\\/\\\/blogdofarnesio.com.br\\\/?p=44243\"},\"author\":{\"name\":\"teste\",\"@id\":\"https:\\\/\\\/blogdofarnesio.com.br\\\/#\\\/schema\\\/person\\\/dd1bf5eba40b687199ba45ca6b97dff9\"},\"headline\":\"PRESIDENTE ESTADUAL DO PT CHEGA A JUAZEIRO PARA DISCUTIR PARTICIPA\u00c7\u00c3O DO PARTIDO NO GOVERNO MUNICIPAL\",\"datePublished\":\"2013-06-12T14:30:13+00:00\",\"dateModified\":\"2013-06-12T16:36:30+00:00\",\"mainEntityOfPage\":{\"@id\":\"https:\\\/\\\/blogdofarnesio.com.br\\\/?p=44243\"},\"wordCount\":388,\"commentCount\":0,\"publisher\":{\"@id\":\"https:\\\/\\\/blogdofarnesio.com.br\\\/#organization\"},\"image\":{\"@id\":\"https:\\\/\\\/blogdofarnesio.com.br\\\/?p=44243#primaryimage\"},\"thumbnailUrl\":\"http:\\\/\\\/www.quersaberpolitica.com.br\\\/2016\\\/wp-content\\\/uploads\\\/2013\\\/06\\\/blogqspptjonas2-300x155.jpg\",\"articleSection\":[\"Pol\u00edtica\"],\"inLanguage\":\"pt-BR\",\"potentialAction\":[{\"@type\":\"CommentAction\",\"name\":\"Comment\",\"target\":[\"https:\\\/\\\/blogdofarnesio.com.br\\\/?p=44243#respond\"]}]},{\"@type\":\"WebPage\",\"@id\":\"https:\\\/\\\/blogdofarnesio.com.br\\\/?p=44243\",\"url\":\"https:\\\/\\\/blogdofarnesio.com.br\\\/?p=44243\",\"name\":\"PRESIDENTE ESTADUAL DO PT CHEGA A JUAZEIRO PARA DISCUTIR PARTICIPA\u00c7\u00c3O DO PARTIDO NO GOVERNO MUNICIPAL - Blog do Farn\u00e9sio\",\"isPartOf\":{\"@id\":\"https:\\\/\\\/blogdofarnesio.com.br\\\/#website\"},\"primaryImageOfPage\":{\"@id\":\"https:\\\/\\\/blogdofarnesio.com.br\\\/?p=44243#primaryimage\"},\"image\":{\"@id\":\"https:\\\/\\\/blogdofarnesio.com.br\\\/?p=44243#primaryimage\"},\"thumbnailUrl\":\"http:\\\/\\\/www.quersaberpolitica.com.br\\\/2016\\\/wp-content\\\/uploads\\\/2013\\\/06\\\/blogqspptjonas2-300x155.jpg\",\"datePublished\":\"2013-06-12T14:30:13+00:00\",\"dateModified\":\"2013-06-12T16:36:30+00:00\",\"breadcrumb\":{\"@id\":\"https:\\\/\\\/blogdofarnesio.com.br\\\/?p=44243#breadcrumb\"},\"inLanguage\":\"pt-BR\",\"potentialAction\":[{\"@type\":\"ReadAction\",\"target\":[\"https:\\\/\\\/blogdofarnesio.com.br\\\/?p=44243\"]}]},{\"@type\":\"ImageObject\",\"inLanguage\":\"pt-BR\",\"@id\":\"https:\\\/\\\/blogdofarnesio.com.br\\\/?p=44243#primaryimage\",\"url\":\"http:\\\/\\\/www.quersaberpolitica.com.br\\\/2016\\\/wp-content\\\/uploads\\\/2013\\\/06\\\/blogqspptjonas2-300x155.jpg\",\"contentUrl\":\"http:\\\/\\\/www.quersaberpolitica.com.br\\\/2016\\\/wp-content\\\/uploads\\\/2013\\\/06\\\/blogqspptjonas2-300x155.jpg\"},{\"@type\":\"BreadcrumbList\",\"@id\":\"https:\\\/\\\/blogdofarnesio.com.br\\\/?p=44243#breadcrumb\",\"itemListElement\":[{\"@type\":\"ListItem\",\"position\":1,\"name\":\"In\u00edcio\",\"item\":\"https:\\\/\\\/blogdofarnesio.com.br\\\/\"},{\"@type\":\"ListItem\",\"position\":2,\"name\":\"PRESIDENTE ESTADUAL DO PT CHEGA A JUAZEIRO PARA DISCUTIR PARTICIPA\u00c7\u00c3O DO PARTIDO NO GOVERNO MUNICIPAL\"}]},{\"@type\":\"WebSite\",\"@id\":\"https:\\\/\\\/blogdofarnesio.com.br\\\/#website\",\"url\":\"https:\\\/\\\/blogdofarnesio.com.br\\\/\",\"name\":\"Blog do Farn\u00e9sio\",\"description\":\"Quer Saber Pol\u00edtica?\",\"publisher\":{\"@id\":\"https:\\\/\\\/blogdofarnesio.com.br\\\/#organization\"},\"potentialAction\":[{\"@type\":\"SearchAction\",\"target\":{\"@type\":\"EntryPoint\",\"urlTemplate\":\"https:\\\/\\\/blogdofarnesio.com.br\\\/?s={search_term_string}\"},\"query-input\":{\"@type\":\"PropertyValueSpecification\",\"valueRequired\":true,\"valueName\":\"search_term_string\"}}],\"inLanguage\":\"pt-BR\"},{\"@type\":\"Organization\",\"@id\":\"https:\\\/\\\/blogdofarnesio.com.br\\\/#organization\",\"name\":\"Blog do Farn\u00e9sio\",\"url\":\"https:\\\/\\\/blogdofarnesio.com.br\\\/\",\"logo\":{\"@type\":\"ImageObject\",\"inLanguage\":\"pt-BR\",\"@id\":\"https:\\\/\\\/blogdofarnesio.com.br\\\/#\\\/schema\\\/logo\\\/image\\\/\",\"url\":\"https:\\\/\\\/blogdofarnesio.com.br\\\/wp-content\\\/uploads\\\/2026\\\/03\\\/cropped-logo_new-1.png\",\"contentUrl\":\"https:\\\/\\\/blogdofarnesio.com.br\\\/wp-content\\\/uploads\\\/2026\\\/03\\\/cropped-logo_new-1.png\",\"width\":881,\"height\":685,\"caption\":\"Blog do Farn\u00e9sio\"},\"image\":{\"@id\":\"https:\\\/\\\/blogdofarnesio.com.br\\\/#\\\/schema\\\/logo\\\/image\\\/\"},\"sameAs\":[\"https:\\\/\\\/www.facebook.com\\\/BlogQuerSaberPolitica\\\/\"]},{\"@type\":\"Person\",\"@id\":\"https:\\\/\\\/blogdofarnesio.com.br\\\/#\\\/schema\\\/person\\\/dd1bf5eba40b687199ba45ca6b97dff9\",\"name\":\"teste\",\"image\":{\"@type\":\"ImageObject\",\"inLanguage\":\"pt-BR\",\"@id\":\"https:\\\/\\\/secure.gravatar.com\\\/avatar\\\/2172498d4914b51e1d89a0f97957b035ac4938723a5cac208135d389b6972a6d?s=96&d=mm&r=g\",\"url\":\"https:\\\/\\\/secure.gravatar.com\\\/avatar\\\/2172498d4914b51e1d89a0f97957b035ac4938723a5cac208135d389b6972a6d?s=96&d=mm&r=g\",\"contentUrl\":\"https:\\\/\\\/secure.gravatar.com\\\/avatar\\\/2172498d4914b51e1d89a0f97957b035ac4938723a5cac208135d389b6972a6d?s=96&d=mm&r=g\",\"caption\":\"teste\"},\"url\":\"https:\\\/\\\/blogdofarnesio.com.br\\\/?author=3\"}]}<\/script>\n<!-- \/ Yoast SEO plugin. -->","yoast_head_json":{"title":"PRESIDENTE ESTADUAL DO PT CHEGA A JUAZEIRO PARA DISCUTIR PARTICIPA\u00c7\u00c3O DO PARTIDO NO GOVERNO MUNICIPAL - Blog do Farn\u00e9sio","robots":{"index":"index","follow":"follow","max-snippet":"max-snippet:-1","max-image-preview":"max-image-preview:large","max-video-preview":"max-video-preview:-1"},"canonical":"https:\/\/blogdofarnesio.com.br\/?p=44243","og_locale":"pt_BR","og_type":"article","og_title":"PRESIDENTE ESTADUAL DO PT CHEGA A JUAZEIRO PARA DISCUTIR PARTICIPA\u00c7\u00c3O DO PARTIDO NO GOVERNO MUNICIPAL - Blog do Farn\u00e9sio","og_description":"Em participa\u00e7\u00e3o esta manh\u00e3 por telefone, no programa Bastidores da Not\u00edcia, na r\u00e1dio Tropical Sat FM, o presidente estadual do Partido dos Trabalhadores, Jonas Paulo, confirmou encontro que ter\u00e1 com o prefeito Isaac Carvalho na noite de hoje e amanh\u00e3 (13) pela manh\u00e3, ocasi\u00e3o em que estar\u00e3o discutindo a participa\u00e7\u00e3o do PT no governo municipal. Segundo Jonas, as conversa\u00e7\u00f5es est\u00e3o bem encaminhadas e os nomes para ocupa\u00e7\u00e3o dos cargos dever\u00e3o ser definidos no mais tardar at\u00e9 amanh\u00e3. O presidente tamb\u00e9m falou sobre o PED, (elei\u00e7\u00f5es internas no partido), quando os diret\u00f3rios, em todas suas instancias estar\u00e3o sendo renovados. Segundo Jonas Paulo, no que diz respeito a sua sucess\u00e3o, j\u00e1 existe \u00a0uma converg\u00eancia em torno do nome do secret\u00e1rio de organiza\u00e7\u00e3o,&hellip;","og_url":"https:\/\/blogdofarnesio.com.br\/?p=44243","og_site_name":"Blog do Farn\u00e9sio","article_publisher":"https:\/\/www.facebook.com\/BlogQuerSaberPolitica\/","article_published_time":"2013-06-12T14:30:13+00:00","article_modified_time":"2013-06-12T16:36:30+00:00","og_image":[{"url":"http:\/\/www.quersaberpolitica.com.br\/2016\/wp-content\/uploads\/2013\/06\/blogqspptjonas2-300x155.jpg","type":"","width":"","height":""}],"author":"teste","twitter_card":"summary_large_image","twitter_misc":{"Escrito por":"teste","Est. tempo de leitura":"2 minutos"},"schema":{"@context":"https:\/\/schema.org","@graph":[{"@type":"Article","@id":"https:\/\/blogdofarnesio.com.br\/?p=44243#article","isPartOf":{"@id":"https:\/\/blogdofarnesio.com.br\/?p=44243"},"author":{"name":"teste","@id":"https:\/\/blogdofarnesio.com.br\/#\/schema\/person\/dd1bf5eba40b687199ba45ca6b97dff9"},"headline":"PRESIDENTE ESTADUAL DO PT CHEGA A JUAZEIRO PARA DISCUTIR PARTICIPA\u00c7\u00c3O DO PARTIDO NO GOVERNO MUNICIPAL","datePublished":"2013-06-12T14:30:13+00:00","dateModified":"2013-06-12T16:36:30+00:00","mainEntityOfPage":{"@id":"https:\/\/blogdofarnesio.com.br\/?p=44243"},"wordCount":388,"commentCount":0,"publisher":{"@id":"https:\/\/blogdofarnesio.com.br\/#organization"},"image":{"@id":"https:\/\/blogdofarnesio.com.br\/?p=44243#primaryimage"},"thumbnailUrl":"http:\/\/www.quersaberpolitica.com.br\/2016\/wp-content\/uploads\/2013\/06\/blogqspptjonas2-300x155.jpg","articleSection":["Pol\u00edtica"],"inLanguage":"pt-BR","potentialAction":[{"@type":"CommentAction","name":"Comment","target":["https:\/\/blogdofarnesio.com.br\/?p=44243#respond"]}]},{"@type":"WebPage","@id":"https:\/\/blogdofarnesio.com.br\/?p=44243","url":"https:\/\/blogdofarnesio.com.br\/?p=44243","name":"PRESIDENTE ESTADUAL DO PT CHEGA A JUAZEIRO PARA DISCUTIR PARTICIPA\u00c7\u00c3O DO PARTIDO NO GOVERNO MUNICIPAL - Blog do Farn\u00e9sio","isPartOf":{"@id":"https:\/\/blogdofarnesio.com.br\/#website"},"primaryImageOfPage":{"@id":"https:\/\/blogdofarnesio.com.br\/?p=44243#primaryimage"},"image":{"@id":"https:\/\/blogdofarnesio.com.br\/?p=44243#primaryimage"},"thumbnailUrl":"http:\/\/www.quersaberpolitica.com.br\/2016\/wp-content\/uploads\/2013\/06\/blogqspptjonas2-300x155.jpg","datePublished":"2013-06-12T14:30:13+00:00","dateModified":"2013-06-12T16:36:30+00:00","breadcrumb":{"@id":"https:\/\/blogdofarnesio.com.br\/?p=44243#breadcrumb"},"inLanguage":"pt-BR","potentialAction":[{"@type":"ReadAction","target":["https:\/\/blogdofarnesio.com.br\/?p=44243"]}]},{"@type":"ImageObject","inLanguage":"pt-BR","@id":"https:\/\/blogdofarnesio.com.br\/?p=44243#primaryimage","url":"http:\/\/www.quersaberpolitica.com.br\/2016\/wp-content\/uploads\/2013\/06\/blogqspptjonas2-300x155.jpg","contentUrl":"http:\/\/www.quersaberpolitica.com.br\/2016\/wp-content\/uploads\/2013\/06\/blogqspptjonas2-300x155.jpg"},{"@type":"BreadcrumbList","@id":"https:\/\/blogdofarnesio.com.br\/?p=44243#breadcrumb","itemListElement":[{"@type":"ListItem","position":1,"name":"In\u00edcio","item":"https:\/\/blogdofarnesio.com.br\/"},{"@type":"ListItem","position":2,"name":"PRESIDENTE ESTADUAL DO PT CHEGA A JUAZEIRO PARA DISCUTIR PARTICIPA\u00c7\u00c3O DO PARTIDO NO GOVERNO MUNICIPAL"}]},{"@type":"WebSite","@id":"https:\/\/blogdofarnesio.com.br\/#website","url":"https:\/\/blogdofarnesio.com.br\/","name":"Blog do Farn\u00e9sio","description":"Quer Saber Pol\u00edtica?","publisher":{"@id":"https:\/\/blogdofarnesio.com.br\/#organization"},"potentialAction":[{"@type":"SearchAction","target":{"@type":"EntryPoint","urlTemplate":"https:\/\/blogdofarnesio.com.br\/?s={search_term_string}"},"query-input":{"@type":"PropertyValueSpecification","valueRequired":true,"valueName":"search_term_string"}}],"inLanguage":"pt-BR"},{"@type":"Organization","@id":"https:\/\/blogdofarnesio.com.br\/#organization","name":"Blog do Farn\u00e9sio","url":"https:\/\/blogdofarnesio.com.br\/","logo":{"@type":"ImageObject","inLanguage":"pt-BR","@id":"https:\/\/blogdofarnesio.com.br\/#\/schema\/logo\/image\/","url":"https:\/\/blogdofarnesio.com.br\/wp-content\/uploads\/2026\/03\/cropped-logo_new-1.png","contentUrl":"https:\/\/blogdofarnesio.com.br\/wp-content\/uploads\/2026\/03\/cropped-logo_new-1.png","width":881,"height":685,"caption":"Blog do Farn\u00e9sio"},"image":{"@id":"https:\/\/blogdofarnesio.com.br\/#\/schema\/logo\/image\/"},"sameAs":["https:\/\/www.facebook.com\/BlogQuerSaberPolitica\/"]},{"@type":"Person","@id":"https:\/\/blogdofarnesio.com.br\/#\/schema\/person\/dd1bf5eba40b687199ba45ca6b97dff9","name":"teste","image":{"@type":"ImageObject","inLanguage":"pt-BR","@id":"https:\/\/secure.gravatar.com\/avatar\/2172498d4914b51e1d89a0f97957b035ac4938723a5cac208135d389b6972a6d?s=96&d=mm&r=g","url":"https:\/\/secure.gravatar.com\/avatar\/2172498d4914b51e1d89a0f97957b035ac4938723a5cac208135d389b6972a6d?s=96&d=mm&r=g","contentUrl":"https:\/\/secure.gravatar.com\/avatar\/2172498d4914b51e1d89a0f97957b035ac4938723a5cac208135d389b6972a6d?s=96&d=mm&r=g","caption":"teste"},"url":"https:\/\/blogdofarnesio.com.br\/?author=3"}]}},"_links":{"self":[{"href":"https:\/\/blogdofarnesio.com.br\/index.php?rest_route=\/wp\/v2\/posts\/44243","targetHints":{"allow":["GET"]}}],"collection":[{"href":"https:\/\/blogdofarnesio.com.br\/index.php?rest_route=\/wp\/v2\/posts"}],"about":[{"href":"https:\/\/blogdofarnesio.com.br\/index.php?rest_route=\/wp\/v2\/types\/post"}],"author":[{"embeddable":true,"href":"https:\/\/blogdofarnesio.com.br\/index.php?rest_route=\/wp\/v2\/users\/3"}],"replies":[{"embeddable":true,"href":"https:\/\/blogdofarnesio.com.br\/index.php?rest_route=%2Fwp%2Fv2%2Fcomments&post=44243"}],"version-history":[{"count":0,"href":"https:\/\/blogdofarnesio.com.br\/index.php?rest_route=\/wp\/v2\/posts\/44243\/revisions"}],"wp:attachment":[{"href":"https:\/\/blogdofarnesio.com.br\/index.php?rest_route=%2Fwp%2Fv2%2Fmedia&parent=44243"}],"wp:term":[{"taxonomy":"category","embeddable":true,"href":"https:\/\/blogdofarnesio.com.br\/index.php?rest_route=%2Fwp%2Fv2%2Fcategories&post=44243"},{"taxonomy":"post_tag","embeddable":true,"href":"https:\/\/blogdofarnesio.com.br\/index.php?rest_route=%2Fwp%2Fv2%2Ftags&post=44243"}],"curies":[{"name":"wp","href":"https:\/\/api.w.org\/{rel}","templated":true}]}}