{"id":44217,"date":"2013-06-12T10:41:16","date_gmt":"2013-06-12T13:41:16","guid":{"rendered":"http:\/\/www.quersaberpolitica.com.br\/?p=44217"},"modified":"2013-06-12T09:45:48","modified_gmt":"2013-06-12T12:45:48","slug":"epttc-atende-892-criancas-e-adolescentes-com-palestras-educativas-em-petrolina","status":"publish","type":"post","link":"https:\/\/blogdofarnesio.com.br\/?p=44217","title":{"rendered":"EPTTC ATENDE 892 CRIAN\u00c7AS E ADOLESCENTES COM PALESTRAS EDUCATIVAS EM PETROLINA"},"content":{"rendered":"<p style=\"text-align: justify\"><a href=\"http:\/\/www.quersaberpolitica.com.br\/2016\/wp-content\/uploads\/2013\/01\/blogqsp.epttc_.jpg\"><img loading=\"lazy\" decoding=\"async\" class=\"alignleft size-medium wp-image-23200\" alt=\"blogqsp.epttc\" src=\"http:\/\/www.quersaberpolitica.com.br\/2016\/wp-content\/uploads\/2013\/01\/blogqsp.epttc_-300x184.jpg\" width=\"300\" height=\"184\" srcset=\"https:\/\/blogdofarnesio.com.br\/wp-content\/uploads\/2013\/01\/blogqsp.epttc_-300x184.jpg 300w, https:\/\/blogdofarnesio.com.br\/wp-content\/uploads\/2013\/01\/blogqsp.epttc_-487x300.jpg 487w, https:\/\/blogdofarnesio.com.br\/wp-content\/uploads\/2013\/01\/blogqsp.epttc_.jpg 500w\" sizes=\"auto, (max-width: 300px) 100vw, 300px\" \/><\/a>Uso correto do cinto de seguran\u00e7a, import\u00e2ncia da Carteira Nacional de Habilita\u00e7\u00e3o, como atravessar na faixa de pedestre, os perigos do \u00e1lcool no tr\u00e2nsito, entre outros, s\u00e3o alguns dos temas abordados pela coordena\u00e7\u00e3o de Educa\u00e7\u00e3o para o Tr\u00e2nsito da Empresa Petrolinense de Tr\u00e2nsito e Transporte Coletivo (EPTTC) durante palestras com crian\u00e7as e adolescentes no munic\u00edpio de Petrolina.<\/p>\n<p style=\"text-align: justify\">No m\u00eas de maio, cinco institui\u00e7\u00f5es escolares foram contempladas com as atividades do grupo, somando um total de 892 crian\u00e7as e adolescentes atendidas.<\/p>\n<p style=\"text-align: justify\">Esta a\u00e7\u00e3o, que acontece em parceria com a secretaria municipal de Educa\u00e7\u00e3o, conta com uma metodologia bastante ilustrativa atrav\u00e9s de panfletos, folders, filmes, participa\u00e7\u00e3o do Palha\u00e7o Pirulito e sorteio de brindes.<!--more--><\/p>\n<p style=\"text-align: justify\">\u201cAtrav\u00e9s dessas palestras conseguimos educar os adultos. Orientamos sempre que as crian\u00e7as repassem os assuntos discutidos para suas fam\u00edlias, para que assim possamos conscientizar os condutores e ter um tr\u00e2nsito mais seguro e tranquilo em Petrolina\u201d, ressalta o coordenador de Educa\u00e7\u00e3o para o Tr\u00e2nsito da EPTTC, Jilmar Barros.<\/p>\n<p style=\"text-align: justify\">As escolas que queiram agendar palestras devem entrar em contato com a EPTTC atrav\u00e9s do telefone 2101-5300 ou acessar o endere\u00e7o http:\/\/educacaoepttc.blogspot.com.br\/.<\/p>\n<p style=\"text-align: justify\">Texto: Alinne Torres<\/p>\n","protected":false},"excerpt":{"rendered":"<p>Uso correto do cinto de seguran\u00e7a, import\u00e2ncia da Carteira Nacional de Habilita\u00e7\u00e3o, como atravessar na faixa de pedestre, os perigos do \u00e1lcool no tr\u00e2nsito, entre outros, s\u00e3o alguns dos temas abordados pela coordena\u00e7\u00e3o de Educa\u00e7\u00e3o para o Tr\u00e2nsito da Empresa Petrolinense de Tr\u00e2nsito e Transporte Coletivo (EPTTC) durante palestras com crian\u00e7as e adolescentes no munic\u00edpio de Petrolina. No m\u00eas de maio, cinco institui\u00e7\u00f5es escolares foram contempladas com as atividades do grupo, somando um total de 892 crian\u00e7as e adolescentes atendidas. Esta a\u00e7\u00e3o, que acontece em parceria com a secretaria municipal de Educa\u00e7\u00e3o, conta com uma metodologia bastante ilustrativa atrav\u00e9s de panfletos, folders, filmes, participa\u00e7\u00e3o do Palha\u00e7o Pirulito e sorteio de brindes.<\/p>\n","protected":false},"author":3,"featured_media":0,"comment_status":"open","ping_status":"open","sticky":false,"template":"","format":"standard","meta":{"_acf_changed":false,"footnotes":""},"categories":[21],"tags":[],"class_list":["post-44217","post","type-post","status-publish","format-standard","hentry","category-transito"],"acf":[],"yoast_head":"<!-- This site is optimized with the Yoast SEO plugin v27.4 - https:\/\/yoast.com\/product\/yoast-seo-wordpress\/ -->\n<title>EPTTC ATENDE 892 CRIAN\u00c7AS E ADOLESCENTES COM PALESTRAS EDUCATIVAS EM PETROLINA - Blog do Farn\u00e9sio<\/title>\n<meta name=\"robots\" content=\"index, follow, max-snippet:-1, max-image-preview:large, max-video-preview:-1\" \/>\n<link rel=\"canonical\" href=\"https:\/\/blogdofarnesio.com.br\/?p=44217\" \/>\n<meta property=\"og:locale\" content=\"pt_BR\" \/>\n<meta property=\"og:type\" content=\"article\" \/>\n<meta property=\"og:title\" content=\"EPTTC ATENDE 892 CRIAN\u00c7AS E ADOLESCENTES COM PALESTRAS EDUCATIVAS EM PETROLINA - Blog do Farn\u00e9sio\" \/>\n<meta property=\"og:description\" content=\"Uso correto do cinto de seguran\u00e7a, import\u00e2ncia da Carteira Nacional de Habilita\u00e7\u00e3o, como atravessar na faixa de pedestre, os perigos do \u00e1lcool no tr\u00e2nsito, entre outros, s\u00e3o alguns dos temas abordados pela coordena\u00e7\u00e3o de Educa\u00e7\u00e3o para o Tr\u00e2nsito da Empresa Petrolinense de Tr\u00e2nsito e Transporte Coletivo (EPTTC) durante palestras com crian\u00e7as e adolescentes no munic\u00edpio de Petrolina. No m\u00eas de maio, cinco institui\u00e7\u00f5es escolares foram contempladas com as atividades do grupo, somando um total de 892 crian\u00e7as e adolescentes atendidas. Esta a\u00e7\u00e3o, que acontece em parceria com a secretaria municipal de Educa\u00e7\u00e3o, conta com uma metodologia bastante ilustrativa atrav\u00e9s de panfletos, folders, filmes, participa\u00e7\u00e3o do Palha\u00e7o Pirulito e sorteio de brindes.\" \/>\n<meta property=\"og:url\" content=\"https:\/\/blogdofarnesio.com.br\/?p=44217\" \/>\n<meta property=\"og:site_name\" content=\"Blog do Farn\u00e9sio\" \/>\n<meta property=\"article:publisher\" content=\"https:\/\/www.facebook.com\/BlogQuerSaberPolitica\/\" \/>\n<meta property=\"article:published_time\" content=\"2013-06-12T13:41:16+00:00\" \/>\n<meta property=\"og:image\" content=\"http:\/\/www.quersaberpolitica.com.br\/2016\/wp-content\/uploads\/2013\/01\/blogqsp.epttc_-300x184.jpg\" \/>\n<meta name=\"author\" content=\"teste\" \/>\n<meta name=\"twitter:card\" content=\"summary_large_image\" \/>\n<meta name=\"twitter:label1\" content=\"Escrito por\" \/>\n\t<meta name=\"twitter:data1\" content=\"teste\" \/>\n\t<meta name=\"twitter:label2\" content=\"Est. tempo de leitura\" \/>\n\t<meta name=\"twitter:data2\" content=\"1 minuto\" \/>\n<script type=\"application\/ld+json\" class=\"yoast-schema-graph\">{\"@context\":\"https:\\\/\\\/schema.org\",\"@graph\":[{\"@type\":\"Article\",\"@id\":\"https:\\\/\\\/blogdofarnesio.com.br\\\/?p=44217#article\",\"isPartOf\":{\"@id\":\"https:\\\/\\\/blogdofarnesio.com.br\\\/?p=44217\"},\"author\":{\"name\":\"teste\",\"@id\":\"https:\\\/\\\/blogdofarnesio.com.br\\\/#\\\/schema\\\/person\\\/dd1bf5eba40b687199ba45ca6b97dff9\"},\"headline\":\"EPTTC ATENDE 892 CRIAN\u00c7AS E ADOLESCENTES COM PALESTRAS EDUCATIVAS EM PETROLINA\",\"datePublished\":\"2013-06-12T13:41:16+00:00\",\"mainEntityOfPage\":{\"@id\":\"https:\\\/\\\/blogdofarnesio.com.br\\\/?p=44217\"},\"wordCount\":225,\"commentCount\":0,\"publisher\":{\"@id\":\"https:\\\/\\\/blogdofarnesio.com.br\\\/#organization\"},\"image\":{\"@id\":\"https:\\\/\\\/blogdofarnesio.com.br\\\/?p=44217#primaryimage\"},\"thumbnailUrl\":\"http:\\\/\\\/www.quersaberpolitica.com.br\\\/2016\\\/wp-content\\\/uploads\\\/2013\\\/01\\\/blogqsp.epttc_-300x184.jpg\",\"articleSection\":[\"Tr\u00e2nsito\"],\"inLanguage\":\"pt-BR\",\"potentialAction\":[{\"@type\":\"CommentAction\",\"name\":\"Comment\",\"target\":[\"https:\\\/\\\/blogdofarnesio.com.br\\\/?p=44217#respond\"]}]},{\"@type\":\"WebPage\",\"@id\":\"https:\\\/\\\/blogdofarnesio.com.br\\\/?p=44217\",\"url\":\"https:\\\/\\\/blogdofarnesio.com.br\\\/?p=44217\",\"name\":\"EPTTC ATENDE 892 CRIAN\u00c7AS E ADOLESCENTES COM PALESTRAS EDUCATIVAS EM PETROLINA - Blog do Farn\u00e9sio\",\"isPartOf\":{\"@id\":\"https:\\\/\\\/blogdofarnesio.com.br\\\/#website\"},\"primaryImageOfPage\":{\"@id\":\"https:\\\/\\\/blogdofarnesio.com.br\\\/?p=44217#primaryimage\"},\"image\":{\"@id\":\"https:\\\/\\\/blogdofarnesio.com.br\\\/?p=44217#primaryimage\"},\"thumbnailUrl\":\"http:\\\/\\\/www.quersaberpolitica.com.br\\\/2016\\\/wp-content\\\/uploads\\\/2013\\\/01\\\/blogqsp.epttc_-300x184.jpg\",\"datePublished\":\"2013-06-12T13:41:16+00:00\",\"breadcrumb\":{\"@id\":\"https:\\\/\\\/blogdofarnesio.com.br\\\/?p=44217#breadcrumb\"},\"inLanguage\":\"pt-BR\",\"potentialAction\":[{\"@type\":\"ReadAction\",\"target\":[\"https:\\\/\\\/blogdofarnesio.com.br\\\/?p=44217\"]}]},{\"@type\":\"ImageObject\",\"inLanguage\":\"pt-BR\",\"@id\":\"https:\\\/\\\/blogdofarnesio.com.br\\\/?p=44217#primaryimage\",\"url\":\"http:\\\/\\\/www.quersaberpolitica.com.br\\\/2016\\\/wp-content\\\/uploads\\\/2013\\\/01\\\/blogqsp.epttc_-300x184.jpg\",\"contentUrl\":\"http:\\\/\\\/www.quersaberpolitica.com.br\\\/2016\\\/wp-content\\\/uploads\\\/2013\\\/01\\\/blogqsp.epttc_-300x184.jpg\"},{\"@type\":\"BreadcrumbList\",\"@id\":\"https:\\\/\\\/blogdofarnesio.com.br\\\/?p=44217#breadcrumb\",\"itemListElement\":[{\"@type\":\"ListItem\",\"position\":1,\"name\":\"In\u00edcio\",\"item\":\"https:\\\/\\\/blogdofarnesio.com.br\\\/\"},{\"@type\":\"ListItem\",\"position\":2,\"name\":\"EPTTC ATENDE 892 CRIAN\u00c7AS E ADOLESCENTES COM PALESTRAS EDUCATIVAS EM PETROLINA\"}]},{\"@type\":\"WebSite\",\"@id\":\"https:\\\/\\\/blogdofarnesio.com.br\\\/#website\",\"url\":\"https:\\\/\\\/blogdofarnesio.com.br\\\/\",\"name\":\"Blog do Farn\u00e9sio\",\"description\":\"Quer Saber Pol\u00edtica?\",\"publisher\":{\"@id\":\"https:\\\/\\\/blogdofarnesio.com.br\\\/#organization\"},\"potentialAction\":[{\"@type\":\"SearchAction\",\"target\":{\"@type\":\"EntryPoint\",\"urlTemplate\":\"https:\\\/\\\/blogdofarnesio.com.br\\\/?s={search_term_string}\"},\"query-input\":{\"@type\":\"PropertyValueSpecification\",\"valueRequired\":true,\"valueName\":\"search_term_string\"}}],\"inLanguage\":\"pt-BR\"},{\"@type\":\"Organization\",\"@id\":\"https:\\\/\\\/blogdofarnesio.com.br\\\/#organization\",\"name\":\"Blog do Farn\u00e9sio\",\"url\":\"https:\\\/\\\/blogdofarnesio.com.br\\\/\",\"logo\":{\"@type\":\"ImageObject\",\"inLanguage\":\"pt-BR\",\"@id\":\"https:\\\/\\\/blogdofarnesio.com.br\\\/#\\\/schema\\\/logo\\\/image\\\/\",\"url\":\"https:\\\/\\\/blogdofarnesio.com.br\\\/wp-content\\\/uploads\\\/2026\\\/03\\\/cropped-logo_new-1.png\",\"contentUrl\":\"https:\\\/\\\/blogdofarnesio.com.br\\\/wp-content\\\/uploads\\\/2026\\\/03\\\/cropped-logo_new-1.png\",\"width\":881,\"height\":685,\"caption\":\"Blog do Farn\u00e9sio\"},\"image\":{\"@id\":\"https:\\\/\\\/blogdofarnesio.com.br\\\/#\\\/schema\\\/logo\\\/image\\\/\"},\"sameAs\":[\"https:\\\/\\\/www.facebook.com\\\/BlogQuerSaberPolitica\\\/\"]},{\"@type\":\"Person\",\"@id\":\"https:\\\/\\\/blogdofarnesio.com.br\\\/#\\\/schema\\\/person\\\/dd1bf5eba40b687199ba45ca6b97dff9\",\"name\":\"teste\",\"image\":{\"@type\":\"ImageObject\",\"inLanguage\":\"pt-BR\",\"@id\":\"https:\\\/\\\/secure.gravatar.com\\\/avatar\\\/2172498d4914b51e1d89a0f97957b035ac4938723a5cac208135d389b6972a6d?s=96&d=mm&r=g\",\"url\":\"https:\\\/\\\/secure.gravatar.com\\\/avatar\\\/2172498d4914b51e1d89a0f97957b035ac4938723a5cac208135d389b6972a6d?s=96&d=mm&r=g\",\"contentUrl\":\"https:\\\/\\\/secure.gravatar.com\\\/avatar\\\/2172498d4914b51e1d89a0f97957b035ac4938723a5cac208135d389b6972a6d?s=96&d=mm&r=g\",\"caption\":\"teste\"},\"url\":\"https:\\\/\\\/blogdofarnesio.com.br\\\/?author=3\"}]}<\/script>\n<!-- \/ Yoast SEO plugin. -->","yoast_head_json":{"title":"EPTTC ATENDE 892 CRIAN\u00c7AS E ADOLESCENTES COM PALESTRAS EDUCATIVAS EM PETROLINA - Blog do Farn\u00e9sio","robots":{"index":"index","follow":"follow","max-snippet":"max-snippet:-1","max-image-preview":"max-image-preview:large","max-video-preview":"max-video-preview:-1"},"canonical":"https:\/\/blogdofarnesio.com.br\/?p=44217","og_locale":"pt_BR","og_type":"article","og_title":"EPTTC ATENDE 892 CRIAN\u00c7AS E ADOLESCENTES COM PALESTRAS EDUCATIVAS EM PETROLINA - Blog do Farn\u00e9sio","og_description":"Uso correto do cinto de seguran\u00e7a, import\u00e2ncia da Carteira Nacional de Habilita\u00e7\u00e3o, como atravessar na faixa de pedestre, os perigos do \u00e1lcool no tr\u00e2nsito, entre outros, s\u00e3o alguns dos temas abordados pela coordena\u00e7\u00e3o de Educa\u00e7\u00e3o para o Tr\u00e2nsito da Empresa Petrolinense de Tr\u00e2nsito e Transporte Coletivo (EPTTC) durante palestras com crian\u00e7as e adolescentes no munic\u00edpio de Petrolina. No m\u00eas de maio, cinco institui\u00e7\u00f5es escolares foram contempladas com as atividades do grupo, somando um total de 892 crian\u00e7as e adolescentes atendidas. Esta a\u00e7\u00e3o, que acontece em parceria com a secretaria municipal de Educa\u00e7\u00e3o, conta com uma metodologia bastante ilustrativa atrav\u00e9s de panfletos, folders, filmes, participa\u00e7\u00e3o do Palha\u00e7o Pirulito e sorteio de brindes.","og_url":"https:\/\/blogdofarnesio.com.br\/?p=44217","og_site_name":"Blog do Farn\u00e9sio","article_publisher":"https:\/\/www.facebook.com\/BlogQuerSaberPolitica\/","article_published_time":"2013-06-12T13:41:16+00:00","og_image":[{"url":"http:\/\/www.quersaberpolitica.com.br\/2016\/wp-content\/uploads\/2013\/01\/blogqsp.epttc_-300x184.jpg","type":"","width":"","height":""}],"author":"teste","twitter_card":"summary_large_image","twitter_misc":{"Escrito por":"teste","Est. tempo de leitura":"1 minuto"},"schema":{"@context":"https:\/\/schema.org","@graph":[{"@type":"Article","@id":"https:\/\/blogdofarnesio.com.br\/?p=44217#article","isPartOf":{"@id":"https:\/\/blogdofarnesio.com.br\/?p=44217"},"author":{"name":"teste","@id":"https:\/\/blogdofarnesio.com.br\/#\/schema\/person\/dd1bf5eba40b687199ba45ca6b97dff9"},"headline":"EPTTC ATENDE 892 CRIAN\u00c7AS E ADOLESCENTES COM PALESTRAS EDUCATIVAS EM PETROLINA","datePublished":"2013-06-12T13:41:16+00:00","mainEntityOfPage":{"@id":"https:\/\/blogdofarnesio.com.br\/?p=44217"},"wordCount":225,"commentCount":0,"publisher":{"@id":"https:\/\/blogdofarnesio.com.br\/#organization"},"image":{"@id":"https:\/\/blogdofarnesio.com.br\/?p=44217#primaryimage"},"thumbnailUrl":"http:\/\/www.quersaberpolitica.com.br\/2016\/wp-content\/uploads\/2013\/01\/blogqsp.epttc_-300x184.jpg","articleSection":["Tr\u00e2nsito"],"inLanguage":"pt-BR","potentialAction":[{"@type":"CommentAction","name":"Comment","target":["https:\/\/blogdofarnesio.com.br\/?p=44217#respond"]}]},{"@type":"WebPage","@id":"https:\/\/blogdofarnesio.com.br\/?p=44217","url":"https:\/\/blogdofarnesio.com.br\/?p=44217","name":"EPTTC ATENDE 892 CRIAN\u00c7AS E ADOLESCENTES COM PALESTRAS EDUCATIVAS EM PETROLINA - Blog do Farn\u00e9sio","isPartOf":{"@id":"https:\/\/blogdofarnesio.com.br\/#website"},"primaryImageOfPage":{"@id":"https:\/\/blogdofarnesio.com.br\/?p=44217#primaryimage"},"image":{"@id":"https:\/\/blogdofarnesio.com.br\/?p=44217#primaryimage"},"thumbnailUrl":"http:\/\/www.quersaberpolitica.com.br\/2016\/wp-content\/uploads\/2013\/01\/blogqsp.epttc_-300x184.jpg","datePublished":"2013-06-12T13:41:16+00:00","breadcrumb":{"@id":"https:\/\/blogdofarnesio.com.br\/?p=44217#breadcrumb"},"inLanguage":"pt-BR","potentialAction":[{"@type":"ReadAction","target":["https:\/\/blogdofarnesio.com.br\/?p=44217"]}]},{"@type":"ImageObject","inLanguage":"pt-BR","@id":"https:\/\/blogdofarnesio.com.br\/?p=44217#primaryimage","url":"http:\/\/www.quersaberpolitica.com.br\/2016\/wp-content\/uploads\/2013\/01\/blogqsp.epttc_-300x184.jpg","contentUrl":"http:\/\/www.quersaberpolitica.com.br\/2016\/wp-content\/uploads\/2013\/01\/blogqsp.epttc_-300x184.jpg"},{"@type":"BreadcrumbList","@id":"https:\/\/blogdofarnesio.com.br\/?p=44217#breadcrumb","itemListElement":[{"@type":"ListItem","position":1,"name":"In\u00edcio","item":"https:\/\/blogdofarnesio.com.br\/"},{"@type":"ListItem","position":2,"name":"EPTTC ATENDE 892 CRIAN\u00c7AS E ADOLESCENTES COM PALESTRAS EDUCATIVAS EM PETROLINA"}]},{"@type":"WebSite","@id":"https:\/\/blogdofarnesio.com.br\/#website","url":"https:\/\/blogdofarnesio.com.br\/","name":"Blog do Farn\u00e9sio","description":"Quer Saber Pol\u00edtica?","publisher":{"@id":"https:\/\/blogdofarnesio.com.br\/#organization"},"potentialAction":[{"@type":"SearchAction","target":{"@type":"EntryPoint","urlTemplate":"https:\/\/blogdofarnesio.com.br\/?s={search_term_string}"},"query-input":{"@type":"PropertyValueSpecification","valueRequired":true,"valueName":"search_term_string"}}],"inLanguage":"pt-BR"},{"@type":"Organization","@id":"https:\/\/blogdofarnesio.com.br\/#organization","name":"Blog do Farn\u00e9sio","url":"https:\/\/blogdofarnesio.com.br\/","logo":{"@type":"ImageObject","inLanguage":"pt-BR","@id":"https:\/\/blogdofarnesio.com.br\/#\/schema\/logo\/image\/","url":"https:\/\/blogdofarnesio.com.br\/wp-content\/uploads\/2026\/03\/cropped-logo_new-1.png","contentUrl":"https:\/\/blogdofarnesio.com.br\/wp-content\/uploads\/2026\/03\/cropped-logo_new-1.png","width":881,"height":685,"caption":"Blog do Farn\u00e9sio"},"image":{"@id":"https:\/\/blogdofarnesio.com.br\/#\/schema\/logo\/image\/"},"sameAs":["https:\/\/www.facebook.com\/BlogQuerSaberPolitica\/"]},{"@type":"Person","@id":"https:\/\/blogdofarnesio.com.br\/#\/schema\/person\/dd1bf5eba40b687199ba45ca6b97dff9","name":"teste","image":{"@type":"ImageObject","inLanguage":"pt-BR","@id":"https:\/\/secure.gravatar.com\/avatar\/2172498d4914b51e1d89a0f97957b035ac4938723a5cac208135d389b6972a6d?s=96&d=mm&r=g","url":"https:\/\/secure.gravatar.com\/avatar\/2172498d4914b51e1d89a0f97957b035ac4938723a5cac208135d389b6972a6d?s=96&d=mm&r=g","contentUrl":"https:\/\/secure.gravatar.com\/avatar\/2172498d4914b51e1d89a0f97957b035ac4938723a5cac208135d389b6972a6d?s=96&d=mm&r=g","caption":"teste"},"url":"https:\/\/blogdofarnesio.com.br\/?author=3"}]}},"_links":{"self":[{"href":"https:\/\/blogdofarnesio.com.br\/index.php?rest_route=\/wp\/v2\/posts\/44217","targetHints":{"allow":["GET"]}}],"collection":[{"href":"https:\/\/blogdofarnesio.com.br\/index.php?rest_route=\/wp\/v2\/posts"}],"about":[{"href":"https:\/\/blogdofarnesio.com.br\/index.php?rest_route=\/wp\/v2\/types\/post"}],"author":[{"embeddable":true,"href":"https:\/\/blogdofarnesio.com.br\/index.php?rest_route=\/wp\/v2\/users\/3"}],"replies":[{"embeddable":true,"href":"https:\/\/blogdofarnesio.com.br\/index.php?rest_route=%2Fwp%2Fv2%2Fcomments&post=44217"}],"version-history":[{"count":0,"href":"https:\/\/blogdofarnesio.com.br\/index.php?rest_route=\/wp\/v2\/posts\/44217\/revisions"}],"wp:attachment":[{"href":"https:\/\/blogdofarnesio.com.br\/index.php?rest_route=%2Fwp%2Fv2%2Fmedia&parent=44217"}],"wp:term":[{"taxonomy":"category","embeddable":true,"href":"https:\/\/blogdofarnesio.com.br\/index.php?rest_route=%2Fwp%2Fv2%2Fcategories&post=44217"},{"taxonomy":"post_tag","embeddable":true,"href":"https:\/\/blogdofarnesio.com.br\/index.php?rest_route=%2Fwp%2Fv2%2Ftags&post=44217"}],"curies":[{"name":"wp","href":"https:\/\/api.w.org\/{rel}","templated":true}]}}