{"id":44212,"date":"2013-06-12T14:21:30","date_gmt":"2013-06-12T17:21:30","guid":{"rendered":"http:\/\/www.quersaberpolitica.com.br\/?p=44212"},"modified":"2013-06-12T14:51:14","modified_gmt":"2013-06-12T17:51:14","slug":"secretaria-de-turismo-realiza-hoje-aula-magna-do-programa-qualitur-petrolina","status":"publish","type":"post","link":"https:\/\/blogdofarnesio.com.br\/?p=44212","title":{"rendered":"SECRETARIA DE TURISMO REALIZOU AULA MAGNA DO PROGRAMA QUALITUR PETROLINA"},"content":{"rendered":"<p style=\"text-align: justify\"><a href=\"http:\/\/www.quersaberpolitica.com.br\/2016\/wp-content\/uploads\/2013\/03\/blogqsppanoramicapetro-a-6.jpg\"><img loading=\"lazy\" decoding=\"async\" class=\"alignleft size-full wp-image-29524\" alt=\"blogqsppanoramicapetro a (6)\" src=\"http:\/\/www.quersaberpolitica.com.br\/2016\/wp-content\/uploads\/2013\/03\/blogqsppanoramicapetro-a-6.jpg\" width=\"194\" height=\"260\" \/><\/a>Foi realizada, na noite de ontem (11\/06), \u00a0no audit\u00f3rio da Faculdade de Ci\u00eancias Aplicadas e Sociais de Petrolina &#8211; Facape, a aula magna \u2018Turismo: uma oportunidade de neg\u00f3cios\u2019. A apresenta\u00e7\u00e3o \u00e9 uma a\u00e7\u00e3o da Secretaria de Turismo e faz parte do Programa de Qualifica\u00e7\u00e3o para o Desenvolvimento do Turismo &#8211; Qualitur Petrolina.<\/p>\n<p style=\"text-align: justify\">A palestra foi realizada pelo instrutor do Sebrae, Leonarth Pianc\u00f3. A solenidade foi voltada ao p\u00fablico alvo do programa Qualitur (guardas municipais, taxistas, mototaxistas, motoristas de \u00f4nibus, motoristas de transporte alternativo, cobrador, fiscais, barqueiros, recepcionistas, gar\u00e7ons, camareiras, artes\u00e3os). Al\u00e9m de profissionais do trade tur\u00edstico, empres\u00e1rios, estudantes do curso de turismo e a sociedade em geral.<\/p>\n<p style=\"text-align: justify\">De acordo com o secret\u00e1rio de Turismo de Petrolina, Iuric Pires, a proposta foi fazer uma aula inaugural para conscientizar as pessoas da import\u00e2ncia do turismo, e enxerg\u00e1-lo como oportunidade de neg\u00f3cio e um estrat\u00e9gico provedor de emprego e renda. \u201cQueremos mostrar que o turismo \u00e9 um instrumento de desenvolvimento econ\u00f4mico, que atua na atra\u00e7\u00e3o de turistas, mas tamb\u00e9m no aquecimento do com\u00e9rcio, no aumento do movimento de clientes nos hot\u00e9is e restaurantes, aeroportos e rodovi\u00e1rias\u201d, frisa Iuric.<!--more--><\/p>\n<p style=\"text-align: justify\">Programa Qualitur<\/p>\n<p style=\"text-align: justify\">O Qualitur tem como objetivo promover a qualifica\u00e7\u00e3o dos profissionais que atendem ao turista na cidade, preparando-os para oferecer melhores servi\u00e7os de recep\u00e7\u00e3o em bares, restaurantes e hot\u00e9is. Al\u00e9m disso, estar preparados para dispor de informa\u00e7\u00f5es tur\u00edsticas acerca dos atrativos da regi\u00e3o como, pontos tur\u00edsticos, passeios e demais op\u00e7\u00f5es de lazer.<\/p>\n<p style=\"text-align: justify\">As pr\u00e9-inscri\u00e7\u00f5es para o Qualitur ainda est\u00e3o abertas e podem ser realizadas na Secretaria de Turismo, situada no Centro de Conven\u00e7\u00f5es de Petrolina. Entre os cursos ofertados est\u00e3o: Uma oportunidade de neg\u00f3cio, qualidade de servi\u00e7os de atendimento ao turista, marketing de servi\u00e7os, juntos somos fortes, atendimento ao cliente, artesanato, associativismo, gest\u00e3o financeira, elabora\u00e7\u00e3o de projetos para capta\u00e7\u00e3o de recursos, qualidade de atendimento, entre outros.<\/p>\n<p style=\"text-align: justify\">O programa tem parceria com o Sebrae, e contar\u00e1 com o apoio da Secretaria de Desenvolvimento Econ\u00f4mico e Eventos, Secretaria de Seguran\u00e7a Cidad\u00e3, EPTTC, Secretaria de Governo, FACAPE, SEST\/SENAT, INCRA, EMBRAPA, Conselho Municipal de Turismo, associa\u00e7\u00f5es, sindicatos e o trade tur\u00edstico.<\/p>\n<p style=\"text-align: justify\">Texto: Juliane Peixinho (Ascom PMP)<\/p>\n<p style=\"text-align: justify\">\n","protected":false},"excerpt":{"rendered":"<p>Foi realizada, na noite de ontem (11\/06), \u00a0no audit\u00f3rio da Faculdade de Ci\u00eancias Aplicadas e Sociais de Petrolina &#8211; Facape, a aula magna \u2018Turismo: uma oportunidade de neg\u00f3cios\u2019. A apresenta\u00e7\u00e3o \u00e9 uma a\u00e7\u00e3o da Secretaria de Turismo e faz parte do Programa de Qualifica\u00e7\u00e3o para o Desenvolvimento do Turismo &#8211; Qualitur Petrolina. A palestra foi realizada pelo instrutor do Sebrae, Leonarth Pianc\u00f3. A solenidade foi voltada ao p\u00fablico alvo do programa Qualitur (guardas municipais, taxistas, mototaxistas, motoristas de \u00f4nibus, motoristas de transporte alternativo, cobrador, fiscais, barqueiros, recepcionistas, gar\u00e7ons, camareiras, artes\u00e3os). Al\u00e9m de profissionais do trade tur\u00edstico, empres\u00e1rios, estudantes do curso de turismo e a sociedade em geral. De acordo com o secret\u00e1rio de Turismo de Petrolina, Iuric Pires, a proposta&hellip; <\/p>\n","protected":false},"author":3,"featured_media":0,"comment_status":"open","ping_status":"open","sticky":false,"template":"","format":"standard","meta":{"_acf_changed":false,"footnotes":""},"categories":[11],"tags":[],"class_list":["post-44212","post","type-post","status-publish","format-standard","hentry","category-turismo"],"acf":[],"yoast_head":"<!-- This site is optimized with the Yoast SEO plugin v27.4 - https:\/\/yoast.com\/product\/yoast-seo-wordpress\/ -->\n<title>SECRETARIA DE TURISMO REALIZOU AULA MAGNA DO PROGRAMA QUALITUR PETROLINA - Blog do Farn\u00e9sio<\/title>\n<meta name=\"robots\" content=\"index, follow, max-snippet:-1, max-image-preview:large, max-video-preview:-1\" \/>\n<link rel=\"canonical\" href=\"https:\/\/blogdofarnesio.com.br\/?p=44212\" \/>\n<meta property=\"og:locale\" content=\"pt_BR\" \/>\n<meta property=\"og:type\" content=\"article\" \/>\n<meta property=\"og:title\" content=\"SECRETARIA DE TURISMO REALIZOU AULA MAGNA DO PROGRAMA QUALITUR PETROLINA - Blog do Farn\u00e9sio\" \/>\n<meta property=\"og:description\" content=\"Foi realizada, na noite de ontem (11\/06), \u00a0no audit\u00f3rio da Faculdade de Ci\u00eancias Aplicadas e Sociais de Petrolina &#8211; Facape, a aula magna \u2018Turismo: uma oportunidade de neg\u00f3cios\u2019. A apresenta\u00e7\u00e3o \u00e9 uma a\u00e7\u00e3o da Secretaria de Turismo e faz parte do Programa de Qualifica\u00e7\u00e3o para o Desenvolvimento do Turismo &#8211; Qualitur Petrolina. A palestra foi realizada pelo instrutor do Sebrae, Leonarth Pianc\u00f3. A solenidade foi voltada ao p\u00fablico alvo do programa Qualitur (guardas municipais, taxistas, mototaxistas, motoristas de \u00f4nibus, motoristas de transporte alternativo, cobrador, fiscais, barqueiros, recepcionistas, gar\u00e7ons, camareiras, artes\u00e3os). Al\u00e9m de profissionais do trade tur\u00edstico, empres\u00e1rios, estudantes do curso de turismo e a sociedade em geral. De acordo com o secret\u00e1rio de Turismo de Petrolina, Iuric Pires, a proposta&hellip;\" \/>\n<meta property=\"og:url\" content=\"https:\/\/blogdofarnesio.com.br\/?p=44212\" \/>\n<meta property=\"og:site_name\" content=\"Blog do Farn\u00e9sio\" \/>\n<meta property=\"article:publisher\" content=\"https:\/\/www.facebook.com\/BlogQuerSaberPolitica\/\" \/>\n<meta property=\"article:published_time\" content=\"2013-06-12T17:21:30+00:00\" \/>\n<meta property=\"article:modified_time\" content=\"2013-06-12T17:51:14+00:00\" \/>\n<meta property=\"og:image\" content=\"http:\/\/www.quersaberpolitica.com.br\/2016\/wp-content\/uploads\/2013\/03\/blogqsppanoramicapetro-a-6.jpg\" \/>\n<meta name=\"author\" content=\"teste\" \/>\n<meta name=\"twitter:card\" content=\"summary_large_image\" \/>\n<meta name=\"twitter:label1\" content=\"Escrito por\" \/>\n\t<meta name=\"twitter:data1\" content=\"teste\" \/>\n\t<meta name=\"twitter:label2\" content=\"Est. tempo de leitura\" \/>\n\t<meta name=\"twitter:data2\" content=\"2 minutos\" \/>\n<script type=\"application\/ld+json\" class=\"yoast-schema-graph\">{\"@context\":\"https:\\\/\\\/schema.org\",\"@graph\":[{\"@type\":\"Article\",\"@id\":\"https:\\\/\\\/blogdofarnesio.com.br\\\/?p=44212#article\",\"isPartOf\":{\"@id\":\"https:\\\/\\\/blogdofarnesio.com.br\\\/?p=44212\"},\"author\":{\"name\":\"teste\",\"@id\":\"https:\\\/\\\/blogdofarnesio.com.br\\\/#\\\/schema\\\/person\\\/dd1bf5eba40b687199ba45ca6b97dff9\"},\"headline\":\"SECRETARIA DE TURISMO REALIZOU AULA MAGNA DO PROGRAMA QUALITUR PETROLINA\",\"datePublished\":\"2013-06-12T17:21:30+00:00\",\"dateModified\":\"2013-06-12T17:51:14+00:00\",\"mainEntityOfPage\":{\"@id\":\"https:\\\/\\\/blogdofarnesio.com.br\\\/?p=44212\"},\"wordCount\":404,\"commentCount\":0,\"publisher\":{\"@id\":\"https:\\\/\\\/blogdofarnesio.com.br\\\/#organization\"},\"image\":{\"@id\":\"https:\\\/\\\/blogdofarnesio.com.br\\\/?p=44212#primaryimage\"},\"thumbnailUrl\":\"http:\\\/\\\/www.quersaberpolitica.com.br\\\/2016\\\/wp-content\\\/uploads\\\/2013\\\/03\\\/blogqsppanoramicapetro-a-6.jpg\",\"articleSection\":[\"Turismo\"],\"inLanguage\":\"pt-BR\",\"potentialAction\":[{\"@type\":\"CommentAction\",\"name\":\"Comment\",\"target\":[\"https:\\\/\\\/blogdofarnesio.com.br\\\/?p=44212#respond\"]}]},{\"@type\":\"WebPage\",\"@id\":\"https:\\\/\\\/blogdofarnesio.com.br\\\/?p=44212\",\"url\":\"https:\\\/\\\/blogdofarnesio.com.br\\\/?p=44212\",\"name\":\"SECRETARIA DE TURISMO REALIZOU AULA MAGNA DO PROGRAMA QUALITUR PETROLINA - Blog do Farn\u00e9sio\",\"isPartOf\":{\"@id\":\"https:\\\/\\\/blogdofarnesio.com.br\\\/#website\"},\"primaryImageOfPage\":{\"@id\":\"https:\\\/\\\/blogdofarnesio.com.br\\\/?p=44212#primaryimage\"},\"image\":{\"@id\":\"https:\\\/\\\/blogdofarnesio.com.br\\\/?p=44212#primaryimage\"},\"thumbnailUrl\":\"http:\\\/\\\/www.quersaberpolitica.com.br\\\/2016\\\/wp-content\\\/uploads\\\/2013\\\/03\\\/blogqsppanoramicapetro-a-6.jpg\",\"datePublished\":\"2013-06-12T17:21:30+00:00\",\"dateModified\":\"2013-06-12T17:51:14+00:00\",\"breadcrumb\":{\"@id\":\"https:\\\/\\\/blogdofarnesio.com.br\\\/?p=44212#breadcrumb\"},\"inLanguage\":\"pt-BR\",\"potentialAction\":[{\"@type\":\"ReadAction\",\"target\":[\"https:\\\/\\\/blogdofarnesio.com.br\\\/?p=44212\"]}]},{\"@type\":\"ImageObject\",\"inLanguage\":\"pt-BR\",\"@id\":\"https:\\\/\\\/blogdofarnesio.com.br\\\/?p=44212#primaryimage\",\"url\":\"http:\\\/\\\/www.quersaberpolitica.com.br\\\/2016\\\/wp-content\\\/uploads\\\/2013\\\/03\\\/blogqsppanoramicapetro-a-6.jpg\",\"contentUrl\":\"http:\\\/\\\/www.quersaberpolitica.com.br\\\/2016\\\/wp-content\\\/uploads\\\/2013\\\/03\\\/blogqsppanoramicapetro-a-6.jpg\"},{\"@type\":\"BreadcrumbList\",\"@id\":\"https:\\\/\\\/blogdofarnesio.com.br\\\/?p=44212#breadcrumb\",\"itemListElement\":[{\"@type\":\"ListItem\",\"position\":1,\"name\":\"In\u00edcio\",\"item\":\"https:\\\/\\\/blogdofarnesio.com.br\\\/\"},{\"@type\":\"ListItem\",\"position\":2,\"name\":\"SECRETARIA DE TURISMO REALIZOU AULA MAGNA DO PROGRAMA QUALITUR PETROLINA\"}]},{\"@type\":\"WebSite\",\"@id\":\"https:\\\/\\\/blogdofarnesio.com.br\\\/#website\",\"url\":\"https:\\\/\\\/blogdofarnesio.com.br\\\/\",\"name\":\"Blog do Farn\u00e9sio\",\"description\":\"Quer Saber Pol\u00edtica?\",\"publisher\":{\"@id\":\"https:\\\/\\\/blogdofarnesio.com.br\\\/#organization\"},\"potentialAction\":[{\"@type\":\"SearchAction\",\"target\":{\"@type\":\"EntryPoint\",\"urlTemplate\":\"https:\\\/\\\/blogdofarnesio.com.br\\\/?s={search_term_string}\"},\"query-input\":{\"@type\":\"PropertyValueSpecification\",\"valueRequired\":true,\"valueName\":\"search_term_string\"}}],\"inLanguage\":\"pt-BR\"},{\"@type\":\"Organization\",\"@id\":\"https:\\\/\\\/blogdofarnesio.com.br\\\/#organization\",\"name\":\"Blog do Farn\u00e9sio\",\"url\":\"https:\\\/\\\/blogdofarnesio.com.br\\\/\",\"logo\":{\"@type\":\"ImageObject\",\"inLanguage\":\"pt-BR\",\"@id\":\"https:\\\/\\\/blogdofarnesio.com.br\\\/#\\\/schema\\\/logo\\\/image\\\/\",\"url\":\"https:\\\/\\\/blogdofarnesio.com.br\\\/wp-content\\\/uploads\\\/2026\\\/03\\\/cropped-logo_new-1.png\",\"contentUrl\":\"https:\\\/\\\/blogdofarnesio.com.br\\\/wp-content\\\/uploads\\\/2026\\\/03\\\/cropped-logo_new-1.png\",\"width\":881,\"height\":685,\"caption\":\"Blog do Farn\u00e9sio\"},\"image\":{\"@id\":\"https:\\\/\\\/blogdofarnesio.com.br\\\/#\\\/schema\\\/logo\\\/image\\\/\"},\"sameAs\":[\"https:\\\/\\\/www.facebook.com\\\/BlogQuerSaberPolitica\\\/\"]},{\"@type\":\"Person\",\"@id\":\"https:\\\/\\\/blogdofarnesio.com.br\\\/#\\\/schema\\\/person\\\/dd1bf5eba40b687199ba45ca6b97dff9\",\"name\":\"teste\",\"image\":{\"@type\":\"ImageObject\",\"inLanguage\":\"pt-BR\",\"@id\":\"https:\\\/\\\/secure.gravatar.com\\\/avatar\\\/2172498d4914b51e1d89a0f97957b035ac4938723a5cac208135d389b6972a6d?s=96&d=mm&r=g\",\"url\":\"https:\\\/\\\/secure.gravatar.com\\\/avatar\\\/2172498d4914b51e1d89a0f97957b035ac4938723a5cac208135d389b6972a6d?s=96&d=mm&r=g\",\"contentUrl\":\"https:\\\/\\\/secure.gravatar.com\\\/avatar\\\/2172498d4914b51e1d89a0f97957b035ac4938723a5cac208135d389b6972a6d?s=96&d=mm&r=g\",\"caption\":\"teste\"},\"url\":\"https:\\\/\\\/blogdofarnesio.com.br\\\/?author=3\"}]}<\/script>\n<!-- \/ Yoast SEO plugin. -->","yoast_head_json":{"title":"SECRETARIA DE TURISMO REALIZOU AULA MAGNA DO PROGRAMA QUALITUR PETROLINA - Blog do Farn\u00e9sio","robots":{"index":"index","follow":"follow","max-snippet":"max-snippet:-1","max-image-preview":"max-image-preview:large","max-video-preview":"max-video-preview:-1"},"canonical":"https:\/\/blogdofarnesio.com.br\/?p=44212","og_locale":"pt_BR","og_type":"article","og_title":"SECRETARIA DE TURISMO REALIZOU AULA MAGNA DO PROGRAMA QUALITUR PETROLINA - Blog do Farn\u00e9sio","og_description":"Foi realizada, na noite de ontem (11\/06), \u00a0no audit\u00f3rio da Faculdade de Ci\u00eancias Aplicadas e Sociais de Petrolina &#8211; Facape, a aula magna \u2018Turismo: uma oportunidade de neg\u00f3cios\u2019. A apresenta\u00e7\u00e3o \u00e9 uma a\u00e7\u00e3o da Secretaria de Turismo e faz parte do Programa de Qualifica\u00e7\u00e3o para o Desenvolvimento do Turismo &#8211; Qualitur Petrolina. A palestra foi realizada pelo instrutor do Sebrae, Leonarth Pianc\u00f3. A solenidade foi voltada ao p\u00fablico alvo do programa Qualitur (guardas municipais, taxistas, mototaxistas, motoristas de \u00f4nibus, motoristas de transporte alternativo, cobrador, fiscais, barqueiros, recepcionistas, gar\u00e7ons, camareiras, artes\u00e3os). Al\u00e9m de profissionais do trade tur\u00edstico, empres\u00e1rios, estudantes do curso de turismo e a sociedade em geral. De acordo com o secret\u00e1rio de Turismo de Petrolina, Iuric Pires, a proposta&hellip;","og_url":"https:\/\/blogdofarnesio.com.br\/?p=44212","og_site_name":"Blog do Farn\u00e9sio","article_publisher":"https:\/\/www.facebook.com\/BlogQuerSaberPolitica\/","article_published_time":"2013-06-12T17:21:30+00:00","article_modified_time":"2013-06-12T17:51:14+00:00","og_image":[{"url":"http:\/\/www.quersaberpolitica.com.br\/2016\/wp-content\/uploads\/2013\/03\/blogqsppanoramicapetro-a-6.jpg","type":"","width":"","height":""}],"author":"teste","twitter_card":"summary_large_image","twitter_misc":{"Escrito por":"teste","Est. tempo de leitura":"2 minutos"},"schema":{"@context":"https:\/\/schema.org","@graph":[{"@type":"Article","@id":"https:\/\/blogdofarnesio.com.br\/?p=44212#article","isPartOf":{"@id":"https:\/\/blogdofarnesio.com.br\/?p=44212"},"author":{"name":"teste","@id":"https:\/\/blogdofarnesio.com.br\/#\/schema\/person\/dd1bf5eba40b687199ba45ca6b97dff9"},"headline":"SECRETARIA DE TURISMO REALIZOU AULA MAGNA DO PROGRAMA QUALITUR PETROLINA","datePublished":"2013-06-12T17:21:30+00:00","dateModified":"2013-06-12T17:51:14+00:00","mainEntityOfPage":{"@id":"https:\/\/blogdofarnesio.com.br\/?p=44212"},"wordCount":404,"commentCount":0,"publisher":{"@id":"https:\/\/blogdofarnesio.com.br\/#organization"},"image":{"@id":"https:\/\/blogdofarnesio.com.br\/?p=44212#primaryimage"},"thumbnailUrl":"http:\/\/www.quersaberpolitica.com.br\/2016\/wp-content\/uploads\/2013\/03\/blogqsppanoramicapetro-a-6.jpg","articleSection":["Turismo"],"inLanguage":"pt-BR","potentialAction":[{"@type":"CommentAction","name":"Comment","target":["https:\/\/blogdofarnesio.com.br\/?p=44212#respond"]}]},{"@type":"WebPage","@id":"https:\/\/blogdofarnesio.com.br\/?p=44212","url":"https:\/\/blogdofarnesio.com.br\/?p=44212","name":"SECRETARIA DE TURISMO REALIZOU AULA MAGNA DO PROGRAMA QUALITUR PETROLINA - Blog do Farn\u00e9sio","isPartOf":{"@id":"https:\/\/blogdofarnesio.com.br\/#website"},"primaryImageOfPage":{"@id":"https:\/\/blogdofarnesio.com.br\/?p=44212#primaryimage"},"image":{"@id":"https:\/\/blogdofarnesio.com.br\/?p=44212#primaryimage"},"thumbnailUrl":"http:\/\/www.quersaberpolitica.com.br\/2016\/wp-content\/uploads\/2013\/03\/blogqsppanoramicapetro-a-6.jpg","datePublished":"2013-06-12T17:21:30+00:00","dateModified":"2013-06-12T17:51:14+00:00","breadcrumb":{"@id":"https:\/\/blogdofarnesio.com.br\/?p=44212#breadcrumb"},"inLanguage":"pt-BR","potentialAction":[{"@type":"ReadAction","target":["https:\/\/blogdofarnesio.com.br\/?p=44212"]}]},{"@type":"ImageObject","inLanguage":"pt-BR","@id":"https:\/\/blogdofarnesio.com.br\/?p=44212#primaryimage","url":"http:\/\/www.quersaberpolitica.com.br\/2016\/wp-content\/uploads\/2013\/03\/blogqsppanoramicapetro-a-6.jpg","contentUrl":"http:\/\/www.quersaberpolitica.com.br\/2016\/wp-content\/uploads\/2013\/03\/blogqsppanoramicapetro-a-6.jpg"},{"@type":"BreadcrumbList","@id":"https:\/\/blogdofarnesio.com.br\/?p=44212#breadcrumb","itemListElement":[{"@type":"ListItem","position":1,"name":"In\u00edcio","item":"https:\/\/blogdofarnesio.com.br\/"},{"@type":"ListItem","position":2,"name":"SECRETARIA DE TURISMO REALIZOU AULA MAGNA DO PROGRAMA QUALITUR PETROLINA"}]},{"@type":"WebSite","@id":"https:\/\/blogdofarnesio.com.br\/#website","url":"https:\/\/blogdofarnesio.com.br\/","name":"Blog do Farn\u00e9sio","description":"Quer Saber Pol\u00edtica?","publisher":{"@id":"https:\/\/blogdofarnesio.com.br\/#organization"},"potentialAction":[{"@type":"SearchAction","target":{"@type":"EntryPoint","urlTemplate":"https:\/\/blogdofarnesio.com.br\/?s={search_term_string}"},"query-input":{"@type":"PropertyValueSpecification","valueRequired":true,"valueName":"search_term_string"}}],"inLanguage":"pt-BR"},{"@type":"Organization","@id":"https:\/\/blogdofarnesio.com.br\/#organization","name":"Blog do Farn\u00e9sio","url":"https:\/\/blogdofarnesio.com.br\/","logo":{"@type":"ImageObject","inLanguage":"pt-BR","@id":"https:\/\/blogdofarnesio.com.br\/#\/schema\/logo\/image\/","url":"https:\/\/blogdofarnesio.com.br\/wp-content\/uploads\/2026\/03\/cropped-logo_new-1.png","contentUrl":"https:\/\/blogdofarnesio.com.br\/wp-content\/uploads\/2026\/03\/cropped-logo_new-1.png","width":881,"height":685,"caption":"Blog do Farn\u00e9sio"},"image":{"@id":"https:\/\/blogdofarnesio.com.br\/#\/schema\/logo\/image\/"},"sameAs":["https:\/\/www.facebook.com\/BlogQuerSaberPolitica\/"]},{"@type":"Person","@id":"https:\/\/blogdofarnesio.com.br\/#\/schema\/person\/dd1bf5eba40b687199ba45ca6b97dff9","name":"teste","image":{"@type":"ImageObject","inLanguage":"pt-BR","@id":"https:\/\/secure.gravatar.com\/avatar\/2172498d4914b51e1d89a0f97957b035ac4938723a5cac208135d389b6972a6d?s=96&d=mm&r=g","url":"https:\/\/secure.gravatar.com\/avatar\/2172498d4914b51e1d89a0f97957b035ac4938723a5cac208135d389b6972a6d?s=96&d=mm&r=g","contentUrl":"https:\/\/secure.gravatar.com\/avatar\/2172498d4914b51e1d89a0f97957b035ac4938723a5cac208135d389b6972a6d?s=96&d=mm&r=g","caption":"teste"},"url":"https:\/\/blogdofarnesio.com.br\/?author=3"}]}},"_links":{"self":[{"href":"https:\/\/blogdofarnesio.com.br\/index.php?rest_route=\/wp\/v2\/posts\/44212","targetHints":{"allow":["GET"]}}],"collection":[{"href":"https:\/\/blogdofarnesio.com.br\/index.php?rest_route=\/wp\/v2\/posts"}],"about":[{"href":"https:\/\/blogdofarnesio.com.br\/index.php?rest_route=\/wp\/v2\/types\/post"}],"author":[{"embeddable":true,"href":"https:\/\/blogdofarnesio.com.br\/index.php?rest_route=\/wp\/v2\/users\/3"}],"replies":[{"embeddable":true,"href":"https:\/\/blogdofarnesio.com.br\/index.php?rest_route=%2Fwp%2Fv2%2Fcomments&post=44212"}],"version-history":[{"count":0,"href":"https:\/\/blogdofarnesio.com.br\/index.php?rest_route=\/wp\/v2\/posts\/44212\/revisions"}],"wp:attachment":[{"href":"https:\/\/blogdofarnesio.com.br\/index.php?rest_route=%2Fwp%2Fv2%2Fmedia&parent=44212"}],"wp:term":[{"taxonomy":"category","embeddable":true,"href":"https:\/\/blogdofarnesio.com.br\/index.php?rest_route=%2Fwp%2Fv2%2Fcategories&post=44212"},{"taxonomy":"post_tag","embeddable":true,"href":"https:\/\/blogdofarnesio.com.br\/index.php?rest_route=%2Fwp%2Fv2%2Ftags&post=44212"}],"curies":[{"name":"wp","href":"https:\/\/api.w.org\/{rel}","templated":true}]}}