{"id":44131,"date":"2013-06-12T14:00:41","date_gmt":"2013-06-12T17:00:41","guid":{"rendered":"http:\/\/www.quersaberpolitica.com.br\/?p=44131"},"modified":"2013-06-12T11:14:01","modified_gmt":"2013-06-12T14:14:01","slug":"nova-comissao-municipal-do-controle-social-do-bolsa-familia-e-definida-em-reuniao","status":"publish","type":"post","link":"https:\/\/blogdofarnesio.com.br\/?p=44131","title":{"rendered":"NOVA COMISS\u00c3O MUNICIPAL DO CONTROLE SOCIAL DO BOLSA FAM\u00cdLIA \u00c9 DEFINIDA EM REUNI\u00c3O"},"content":{"rendered":"<p style=\"text-align: justify\">\n<a href=\"http:\/\/www.quersaberpolitica.com.br\/2016\/wp-content\/uploads\/2013\/01\/blogqsp.bolsafamilia.jpg\"><img loading=\"lazy\" decoding=\"async\" class=\"alignleft size-medium wp-image-23439\" alt=\"blogqsp.bolsafamilia\" src=\"http:\/\/www.quersaberpolitica.com.br\/2016\/wp-content\/uploads\/2013\/01\/blogqsp.bolsafamilia-300x199.jpg\" width=\"300\" height=\"199\" srcset=\"https:\/\/blogdofarnesio.com.br\/wp-content\/uploads\/2013\/01\/blogqsp.bolsafamilia-300x199.jpg 300w, https:\/\/blogdofarnesio.com.br\/wp-content\/uploads\/2013\/01\/blogqsp.bolsafamilia.jpg 448w\" sizes=\"auto, (max-width: 300px) 100vw, 300px\" \/><\/a>Uma reuni\u00e3o da Inst\u00e2ncia de Controle Social do programa Bolsa Fam\u00edlia (ICS\/PBF) realizada na \u00faltima semana, na Casa dos Conselhos, definiu a nova Comiss\u00e3o Municipal do ICS\/PBF, que conta com membros das secretarias de Desenvolvimento Social e Trabalho (Sedest), Educa\u00e7\u00e3o, Sa\u00fade (SMS) e dos conselhos municipais de Defesa dos Direitos da Crian\u00e7a e do Adolescente e de Assist\u00eancia Social (CMAS), al\u00e9m de representantes dos usu\u00e1rios do Bolsa Fam\u00edlia.<\/p>\n<p style=\"text-align: justify\">A Inst\u00e2ncia de Controle Social do Programa Bolsa Fam\u00edlia tem como fun\u00e7\u00e3o apoiar o poder p\u00fablico na fiscaliza\u00e7\u00e3o do recebimento de benef\u00edcios do PBF, contribuir para a manuten\u00e7\u00e3o da qualidade do Cadastro \u00danico para Programas Sociais (Cad\u00danico), auxiliar na identifica\u00e7\u00e3o de potenciais usu\u00e1rios do Bolsa Fam\u00edlia.<!--more--><\/p>\n<p style=\"text-align: justify\">O objetivo \u00e9 apoiar o munic\u00edpio a estabelecer e aplicar estrat\u00e9gias de a\u00e7\u00e3o que garantam o cadastramento preferencial das fam\u00edlias em n\u00edveis cr\u00edticos de exist\u00eancia, atentar para as implica\u00e7\u00f5es \u00e9tico-legais relativas ao uso das informa\u00e7\u00f5es a quem tiver conhecimento, no exerc\u00edcio da fun\u00e7\u00e3o a que lhe for atribu\u00edda. A ICS\/PBF tem ainda o poder de denunciar, apurar e fiscalizar a\u00e7\u00f5es relativas ao Bolsa Fam\u00edlia.<\/p>\n<p style=\"text-align: justify\">A ICS\/PBF est\u00e1 composta por: Albany Pereira (titular) e Adinair Viana (suplente), representando a Sedest; Na\u00edra Santos (titular) e Anna Larissa Dias (suplente), representando a Secretaria de Sa\u00fade; Nara Siqueira (titular) e Z\u00e9lia Suely Lopes (suplente), representando a Secretaria de Educa\u00e7\u00e3o; Vanda Ferreira (titular) e Maria das Gra\u00e7as Perez (suplente), representando o Conselho Municipal de Assist\u00eancia Social (CMAS); Ne\u00eamia S\u00e1 (titular) e Neuza Cristina Alves (suplente), representando os usu\u00e1rios do Programa Bolsa Fam\u00edlia; Rozinete Coelho (titular) e Lurdineide Soares (suplente), representando o Conselho Municipal de Defesa dos Direitos da Crian\u00e7a e do Adolescente.<\/p>\n<p style=\"text-align: justify\">Na pr\u00f3xima reuni\u00e3o, no dia 18 de junho, ser\u00e1 realizada a vota\u00e7\u00e3o entre os representantes para definir o presidente, vice-presidente e secret\u00e1rio da ICS\/PBF.<\/p>\n<p style=\"text-align: justify\">Raoni Santos<\/p>\n","protected":false},"excerpt":{"rendered":"<p>Uma reuni\u00e3o da Inst\u00e2ncia de Controle Social do programa Bolsa Fam\u00edlia (ICS\/PBF) realizada na \u00faltima semana, na Casa dos Conselhos, definiu a nova Comiss\u00e3o Municipal do ICS\/PBF, que conta com membros das secretarias de Desenvolvimento Social e Trabalho (Sedest), Educa\u00e7\u00e3o, Sa\u00fade (SMS) e dos conselhos municipais de Defesa dos Direitos da Crian\u00e7a e do Adolescente e de Assist\u00eancia Social (CMAS), al\u00e9m de representantes dos usu\u00e1rios do Bolsa Fam\u00edlia. A Inst\u00e2ncia de Controle Social do Programa Bolsa Fam\u00edlia tem como fun\u00e7\u00e3o apoiar o poder p\u00fablico na fiscaliza\u00e7\u00e3o do recebimento de benef\u00edcios do PBF, contribuir para a manuten\u00e7\u00e3o da qualidade do Cadastro \u00danico para Programas Sociais (Cad\u00danico), auxiliar na identifica\u00e7\u00e3o de potenciais usu\u00e1rios do Bolsa Fam\u00edlia.<\/p>\n","protected":false},"author":3,"featured_media":0,"comment_status":"open","ping_status":"open","sticky":false,"template":"","format":"standard","meta":{"_acf_changed":false,"footnotes":""},"categories":[22],"tags":[],"class_list":["post-44131","post","type-post","status-publish","format-standard","hentry","category-acao-social"],"acf":[],"yoast_head":"<!-- This site is optimized with the Yoast SEO plugin v27.4 - https:\/\/yoast.com\/product\/yoast-seo-wordpress\/ -->\n<title>NOVA COMISS\u00c3O MUNICIPAL DO CONTROLE SOCIAL DO BOLSA FAM\u00cdLIA \u00c9 DEFINIDA EM REUNI\u00c3O - Blog do Farn\u00e9sio<\/title>\n<meta name=\"robots\" content=\"index, follow, max-snippet:-1, max-image-preview:large, max-video-preview:-1\" \/>\n<link rel=\"canonical\" href=\"https:\/\/blogdofarnesio.com.br\/?p=44131\" \/>\n<meta property=\"og:locale\" content=\"pt_BR\" \/>\n<meta property=\"og:type\" content=\"article\" \/>\n<meta property=\"og:title\" content=\"NOVA COMISS\u00c3O MUNICIPAL DO CONTROLE SOCIAL DO BOLSA FAM\u00cdLIA \u00c9 DEFINIDA EM REUNI\u00c3O - Blog do Farn\u00e9sio\" \/>\n<meta property=\"og:description\" content=\"Uma reuni\u00e3o da Inst\u00e2ncia de Controle Social do programa Bolsa Fam\u00edlia (ICS\/PBF) realizada na \u00faltima semana, na Casa dos Conselhos, definiu a nova Comiss\u00e3o Municipal do ICS\/PBF, que conta com membros das secretarias de Desenvolvimento Social e Trabalho (Sedest), Educa\u00e7\u00e3o, Sa\u00fade (SMS) e dos conselhos municipais de Defesa dos Direitos da Crian\u00e7a e do Adolescente e de Assist\u00eancia Social (CMAS), al\u00e9m de representantes dos usu\u00e1rios do Bolsa Fam\u00edlia. A Inst\u00e2ncia de Controle Social do Programa Bolsa Fam\u00edlia tem como fun\u00e7\u00e3o apoiar o poder p\u00fablico na fiscaliza\u00e7\u00e3o do recebimento de benef\u00edcios do PBF, contribuir para a manuten\u00e7\u00e3o da qualidade do Cadastro \u00danico para Programas Sociais (Cad\u00danico), auxiliar na identifica\u00e7\u00e3o de potenciais usu\u00e1rios do Bolsa Fam\u00edlia.\" \/>\n<meta property=\"og:url\" content=\"https:\/\/blogdofarnesio.com.br\/?p=44131\" \/>\n<meta property=\"og:site_name\" content=\"Blog do Farn\u00e9sio\" \/>\n<meta property=\"article:publisher\" content=\"https:\/\/www.facebook.com\/BlogQuerSaberPolitica\/\" \/>\n<meta property=\"article:published_time\" content=\"2013-06-12T17:00:41+00:00\" \/>\n<meta property=\"og:image\" content=\"http:\/\/www.quersaberpolitica.com.br\/2016\/wp-content\/uploads\/2013\/01\/blogqsp.bolsafamilia-300x199.jpg\" \/>\n<meta name=\"author\" content=\"teste\" \/>\n<meta name=\"twitter:card\" content=\"summary_large_image\" \/>\n<meta name=\"twitter:label1\" content=\"Escrito por\" \/>\n\t<meta name=\"twitter:data1\" content=\"teste\" \/>\n\t<meta name=\"twitter:label2\" content=\"Est. tempo de leitura\" \/>\n\t<meta name=\"twitter:data2\" content=\"2 minutos\" \/>\n<script type=\"application\/ld+json\" class=\"yoast-schema-graph\">{\"@context\":\"https:\\\/\\\/schema.org\",\"@graph\":[{\"@type\":\"Article\",\"@id\":\"https:\\\/\\\/blogdofarnesio.com.br\\\/?p=44131#article\",\"isPartOf\":{\"@id\":\"https:\\\/\\\/blogdofarnesio.com.br\\\/?p=44131\"},\"author\":{\"name\":\"teste\",\"@id\":\"https:\\\/\\\/blogdofarnesio.com.br\\\/#\\\/schema\\\/person\\\/dd1bf5eba40b687199ba45ca6b97dff9\"},\"headline\":\"NOVA COMISS\u00c3O MUNICIPAL DO CONTROLE SOCIAL DO BOLSA FAM\u00cdLIA \u00c9 DEFINIDA EM REUNI\u00c3O\",\"datePublished\":\"2013-06-12T17:00:41+00:00\",\"mainEntityOfPage\":{\"@id\":\"https:\\\/\\\/blogdofarnesio.com.br\\\/?p=44131\"},\"wordCount\":365,\"commentCount\":0,\"publisher\":{\"@id\":\"https:\\\/\\\/blogdofarnesio.com.br\\\/#organization\"},\"image\":{\"@id\":\"https:\\\/\\\/blogdofarnesio.com.br\\\/?p=44131#primaryimage\"},\"thumbnailUrl\":\"http:\\\/\\\/www.quersaberpolitica.com.br\\\/2016\\\/wp-content\\\/uploads\\\/2013\\\/01\\\/blogqsp.bolsafamilia-300x199.jpg\",\"articleSection\":[\"A\u00e7\u00e3o Social\"],\"inLanguage\":\"pt-BR\",\"potentialAction\":[{\"@type\":\"CommentAction\",\"name\":\"Comment\",\"target\":[\"https:\\\/\\\/blogdofarnesio.com.br\\\/?p=44131#respond\"]}]},{\"@type\":\"WebPage\",\"@id\":\"https:\\\/\\\/blogdofarnesio.com.br\\\/?p=44131\",\"url\":\"https:\\\/\\\/blogdofarnesio.com.br\\\/?p=44131\",\"name\":\"NOVA COMISS\u00c3O MUNICIPAL DO CONTROLE SOCIAL DO BOLSA FAM\u00cdLIA \u00c9 DEFINIDA EM REUNI\u00c3O - Blog do Farn\u00e9sio\",\"isPartOf\":{\"@id\":\"https:\\\/\\\/blogdofarnesio.com.br\\\/#website\"},\"primaryImageOfPage\":{\"@id\":\"https:\\\/\\\/blogdofarnesio.com.br\\\/?p=44131#primaryimage\"},\"image\":{\"@id\":\"https:\\\/\\\/blogdofarnesio.com.br\\\/?p=44131#primaryimage\"},\"thumbnailUrl\":\"http:\\\/\\\/www.quersaberpolitica.com.br\\\/2016\\\/wp-content\\\/uploads\\\/2013\\\/01\\\/blogqsp.bolsafamilia-300x199.jpg\",\"datePublished\":\"2013-06-12T17:00:41+00:00\",\"breadcrumb\":{\"@id\":\"https:\\\/\\\/blogdofarnesio.com.br\\\/?p=44131#breadcrumb\"},\"inLanguage\":\"pt-BR\",\"potentialAction\":[{\"@type\":\"ReadAction\",\"target\":[\"https:\\\/\\\/blogdofarnesio.com.br\\\/?p=44131\"]}]},{\"@type\":\"ImageObject\",\"inLanguage\":\"pt-BR\",\"@id\":\"https:\\\/\\\/blogdofarnesio.com.br\\\/?p=44131#primaryimage\",\"url\":\"http:\\\/\\\/www.quersaberpolitica.com.br\\\/2016\\\/wp-content\\\/uploads\\\/2013\\\/01\\\/blogqsp.bolsafamilia-300x199.jpg\",\"contentUrl\":\"http:\\\/\\\/www.quersaberpolitica.com.br\\\/2016\\\/wp-content\\\/uploads\\\/2013\\\/01\\\/blogqsp.bolsafamilia-300x199.jpg\"},{\"@type\":\"BreadcrumbList\",\"@id\":\"https:\\\/\\\/blogdofarnesio.com.br\\\/?p=44131#breadcrumb\",\"itemListElement\":[{\"@type\":\"ListItem\",\"position\":1,\"name\":\"In\u00edcio\",\"item\":\"https:\\\/\\\/blogdofarnesio.com.br\\\/\"},{\"@type\":\"ListItem\",\"position\":2,\"name\":\"NOVA COMISS\u00c3O MUNICIPAL DO CONTROLE SOCIAL DO BOLSA FAM\u00cdLIA \u00c9 DEFINIDA EM REUNI\u00c3O\"}]},{\"@type\":\"WebSite\",\"@id\":\"https:\\\/\\\/blogdofarnesio.com.br\\\/#website\",\"url\":\"https:\\\/\\\/blogdofarnesio.com.br\\\/\",\"name\":\"Blog do Farn\u00e9sio\",\"description\":\"Quer Saber Pol\u00edtica?\",\"publisher\":{\"@id\":\"https:\\\/\\\/blogdofarnesio.com.br\\\/#organization\"},\"potentialAction\":[{\"@type\":\"SearchAction\",\"target\":{\"@type\":\"EntryPoint\",\"urlTemplate\":\"https:\\\/\\\/blogdofarnesio.com.br\\\/?s={search_term_string}\"},\"query-input\":{\"@type\":\"PropertyValueSpecification\",\"valueRequired\":true,\"valueName\":\"search_term_string\"}}],\"inLanguage\":\"pt-BR\"},{\"@type\":\"Organization\",\"@id\":\"https:\\\/\\\/blogdofarnesio.com.br\\\/#organization\",\"name\":\"Blog do Farn\u00e9sio\",\"url\":\"https:\\\/\\\/blogdofarnesio.com.br\\\/\",\"logo\":{\"@type\":\"ImageObject\",\"inLanguage\":\"pt-BR\",\"@id\":\"https:\\\/\\\/blogdofarnesio.com.br\\\/#\\\/schema\\\/logo\\\/image\\\/\",\"url\":\"https:\\\/\\\/blogdofarnesio.com.br\\\/wp-content\\\/uploads\\\/2026\\\/03\\\/cropped-logo_new-1.png\",\"contentUrl\":\"https:\\\/\\\/blogdofarnesio.com.br\\\/wp-content\\\/uploads\\\/2026\\\/03\\\/cropped-logo_new-1.png\",\"width\":881,\"height\":685,\"caption\":\"Blog do Farn\u00e9sio\"},\"image\":{\"@id\":\"https:\\\/\\\/blogdofarnesio.com.br\\\/#\\\/schema\\\/logo\\\/image\\\/\"},\"sameAs\":[\"https:\\\/\\\/www.facebook.com\\\/BlogQuerSaberPolitica\\\/\"]},{\"@type\":\"Person\",\"@id\":\"https:\\\/\\\/blogdofarnesio.com.br\\\/#\\\/schema\\\/person\\\/dd1bf5eba40b687199ba45ca6b97dff9\",\"name\":\"teste\",\"image\":{\"@type\":\"ImageObject\",\"inLanguage\":\"pt-BR\",\"@id\":\"https:\\\/\\\/secure.gravatar.com\\\/avatar\\\/2172498d4914b51e1d89a0f97957b035ac4938723a5cac208135d389b6972a6d?s=96&d=mm&r=g\",\"url\":\"https:\\\/\\\/secure.gravatar.com\\\/avatar\\\/2172498d4914b51e1d89a0f97957b035ac4938723a5cac208135d389b6972a6d?s=96&d=mm&r=g\",\"contentUrl\":\"https:\\\/\\\/secure.gravatar.com\\\/avatar\\\/2172498d4914b51e1d89a0f97957b035ac4938723a5cac208135d389b6972a6d?s=96&d=mm&r=g\",\"caption\":\"teste\"},\"url\":\"https:\\\/\\\/blogdofarnesio.com.br\\\/?author=3\"}]}<\/script>\n<!-- \/ Yoast SEO plugin. -->","yoast_head_json":{"title":"NOVA COMISS\u00c3O MUNICIPAL DO CONTROLE SOCIAL DO BOLSA FAM\u00cdLIA \u00c9 DEFINIDA EM REUNI\u00c3O - Blog do Farn\u00e9sio","robots":{"index":"index","follow":"follow","max-snippet":"max-snippet:-1","max-image-preview":"max-image-preview:large","max-video-preview":"max-video-preview:-1"},"canonical":"https:\/\/blogdofarnesio.com.br\/?p=44131","og_locale":"pt_BR","og_type":"article","og_title":"NOVA COMISS\u00c3O MUNICIPAL DO CONTROLE SOCIAL DO BOLSA FAM\u00cdLIA \u00c9 DEFINIDA EM REUNI\u00c3O - Blog do Farn\u00e9sio","og_description":"Uma reuni\u00e3o da Inst\u00e2ncia de Controle Social do programa Bolsa Fam\u00edlia (ICS\/PBF) realizada na \u00faltima semana, na Casa dos Conselhos, definiu a nova Comiss\u00e3o Municipal do ICS\/PBF, que conta com membros das secretarias de Desenvolvimento Social e Trabalho (Sedest), Educa\u00e7\u00e3o, Sa\u00fade (SMS) e dos conselhos municipais de Defesa dos Direitos da Crian\u00e7a e do Adolescente e de Assist\u00eancia Social (CMAS), al\u00e9m de representantes dos usu\u00e1rios do Bolsa Fam\u00edlia. A Inst\u00e2ncia de Controle Social do Programa Bolsa Fam\u00edlia tem como fun\u00e7\u00e3o apoiar o poder p\u00fablico na fiscaliza\u00e7\u00e3o do recebimento de benef\u00edcios do PBF, contribuir para a manuten\u00e7\u00e3o da qualidade do Cadastro \u00danico para Programas Sociais (Cad\u00danico), auxiliar na identifica\u00e7\u00e3o de potenciais usu\u00e1rios do Bolsa Fam\u00edlia.","og_url":"https:\/\/blogdofarnesio.com.br\/?p=44131","og_site_name":"Blog do Farn\u00e9sio","article_publisher":"https:\/\/www.facebook.com\/BlogQuerSaberPolitica\/","article_published_time":"2013-06-12T17:00:41+00:00","og_image":[{"url":"http:\/\/www.quersaberpolitica.com.br\/2016\/wp-content\/uploads\/2013\/01\/blogqsp.bolsafamilia-300x199.jpg","type":"","width":"","height":""}],"author":"teste","twitter_card":"summary_large_image","twitter_misc":{"Escrito por":"teste","Est. tempo de leitura":"2 minutos"},"schema":{"@context":"https:\/\/schema.org","@graph":[{"@type":"Article","@id":"https:\/\/blogdofarnesio.com.br\/?p=44131#article","isPartOf":{"@id":"https:\/\/blogdofarnesio.com.br\/?p=44131"},"author":{"name":"teste","@id":"https:\/\/blogdofarnesio.com.br\/#\/schema\/person\/dd1bf5eba40b687199ba45ca6b97dff9"},"headline":"NOVA COMISS\u00c3O MUNICIPAL DO CONTROLE SOCIAL DO BOLSA FAM\u00cdLIA \u00c9 DEFINIDA EM REUNI\u00c3O","datePublished":"2013-06-12T17:00:41+00:00","mainEntityOfPage":{"@id":"https:\/\/blogdofarnesio.com.br\/?p=44131"},"wordCount":365,"commentCount":0,"publisher":{"@id":"https:\/\/blogdofarnesio.com.br\/#organization"},"image":{"@id":"https:\/\/blogdofarnesio.com.br\/?p=44131#primaryimage"},"thumbnailUrl":"http:\/\/www.quersaberpolitica.com.br\/2016\/wp-content\/uploads\/2013\/01\/blogqsp.bolsafamilia-300x199.jpg","articleSection":["A\u00e7\u00e3o Social"],"inLanguage":"pt-BR","potentialAction":[{"@type":"CommentAction","name":"Comment","target":["https:\/\/blogdofarnesio.com.br\/?p=44131#respond"]}]},{"@type":"WebPage","@id":"https:\/\/blogdofarnesio.com.br\/?p=44131","url":"https:\/\/blogdofarnesio.com.br\/?p=44131","name":"NOVA COMISS\u00c3O MUNICIPAL DO CONTROLE SOCIAL DO BOLSA FAM\u00cdLIA \u00c9 DEFINIDA EM REUNI\u00c3O - Blog do Farn\u00e9sio","isPartOf":{"@id":"https:\/\/blogdofarnesio.com.br\/#website"},"primaryImageOfPage":{"@id":"https:\/\/blogdofarnesio.com.br\/?p=44131#primaryimage"},"image":{"@id":"https:\/\/blogdofarnesio.com.br\/?p=44131#primaryimage"},"thumbnailUrl":"http:\/\/www.quersaberpolitica.com.br\/2016\/wp-content\/uploads\/2013\/01\/blogqsp.bolsafamilia-300x199.jpg","datePublished":"2013-06-12T17:00:41+00:00","breadcrumb":{"@id":"https:\/\/blogdofarnesio.com.br\/?p=44131#breadcrumb"},"inLanguage":"pt-BR","potentialAction":[{"@type":"ReadAction","target":["https:\/\/blogdofarnesio.com.br\/?p=44131"]}]},{"@type":"ImageObject","inLanguage":"pt-BR","@id":"https:\/\/blogdofarnesio.com.br\/?p=44131#primaryimage","url":"http:\/\/www.quersaberpolitica.com.br\/2016\/wp-content\/uploads\/2013\/01\/blogqsp.bolsafamilia-300x199.jpg","contentUrl":"http:\/\/www.quersaberpolitica.com.br\/2016\/wp-content\/uploads\/2013\/01\/blogqsp.bolsafamilia-300x199.jpg"},{"@type":"BreadcrumbList","@id":"https:\/\/blogdofarnesio.com.br\/?p=44131#breadcrumb","itemListElement":[{"@type":"ListItem","position":1,"name":"In\u00edcio","item":"https:\/\/blogdofarnesio.com.br\/"},{"@type":"ListItem","position":2,"name":"NOVA COMISS\u00c3O MUNICIPAL DO CONTROLE SOCIAL DO BOLSA FAM\u00cdLIA \u00c9 DEFINIDA EM REUNI\u00c3O"}]},{"@type":"WebSite","@id":"https:\/\/blogdofarnesio.com.br\/#website","url":"https:\/\/blogdofarnesio.com.br\/","name":"Blog do Farn\u00e9sio","description":"Quer Saber Pol\u00edtica?","publisher":{"@id":"https:\/\/blogdofarnesio.com.br\/#organization"},"potentialAction":[{"@type":"SearchAction","target":{"@type":"EntryPoint","urlTemplate":"https:\/\/blogdofarnesio.com.br\/?s={search_term_string}"},"query-input":{"@type":"PropertyValueSpecification","valueRequired":true,"valueName":"search_term_string"}}],"inLanguage":"pt-BR"},{"@type":"Organization","@id":"https:\/\/blogdofarnesio.com.br\/#organization","name":"Blog do Farn\u00e9sio","url":"https:\/\/blogdofarnesio.com.br\/","logo":{"@type":"ImageObject","inLanguage":"pt-BR","@id":"https:\/\/blogdofarnesio.com.br\/#\/schema\/logo\/image\/","url":"https:\/\/blogdofarnesio.com.br\/wp-content\/uploads\/2026\/03\/cropped-logo_new-1.png","contentUrl":"https:\/\/blogdofarnesio.com.br\/wp-content\/uploads\/2026\/03\/cropped-logo_new-1.png","width":881,"height":685,"caption":"Blog do Farn\u00e9sio"},"image":{"@id":"https:\/\/blogdofarnesio.com.br\/#\/schema\/logo\/image\/"},"sameAs":["https:\/\/www.facebook.com\/BlogQuerSaberPolitica\/"]},{"@type":"Person","@id":"https:\/\/blogdofarnesio.com.br\/#\/schema\/person\/dd1bf5eba40b687199ba45ca6b97dff9","name":"teste","image":{"@type":"ImageObject","inLanguage":"pt-BR","@id":"https:\/\/secure.gravatar.com\/avatar\/2172498d4914b51e1d89a0f97957b035ac4938723a5cac208135d389b6972a6d?s=96&d=mm&r=g","url":"https:\/\/secure.gravatar.com\/avatar\/2172498d4914b51e1d89a0f97957b035ac4938723a5cac208135d389b6972a6d?s=96&d=mm&r=g","contentUrl":"https:\/\/secure.gravatar.com\/avatar\/2172498d4914b51e1d89a0f97957b035ac4938723a5cac208135d389b6972a6d?s=96&d=mm&r=g","caption":"teste"},"url":"https:\/\/blogdofarnesio.com.br\/?author=3"}]}},"_links":{"self":[{"href":"https:\/\/blogdofarnesio.com.br\/index.php?rest_route=\/wp\/v2\/posts\/44131","targetHints":{"allow":["GET"]}}],"collection":[{"href":"https:\/\/blogdofarnesio.com.br\/index.php?rest_route=\/wp\/v2\/posts"}],"about":[{"href":"https:\/\/blogdofarnesio.com.br\/index.php?rest_route=\/wp\/v2\/types\/post"}],"author":[{"embeddable":true,"href":"https:\/\/blogdofarnesio.com.br\/index.php?rest_route=\/wp\/v2\/users\/3"}],"replies":[{"embeddable":true,"href":"https:\/\/blogdofarnesio.com.br\/index.php?rest_route=%2Fwp%2Fv2%2Fcomments&post=44131"}],"version-history":[{"count":0,"href":"https:\/\/blogdofarnesio.com.br\/index.php?rest_route=\/wp\/v2\/posts\/44131\/revisions"}],"wp:attachment":[{"href":"https:\/\/blogdofarnesio.com.br\/index.php?rest_route=%2Fwp%2Fv2%2Fmedia&parent=44131"}],"wp:term":[{"taxonomy":"category","embeddable":true,"href":"https:\/\/blogdofarnesio.com.br\/index.php?rest_route=%2Fwp%2Fv2%2Fcategories&post=44131"},{"taxonomy":"post_tag","embeddable":true,"href":"https:\/\/blogdofarnesio.com.br\/index.php?rest_route=%2Fwp%2Fv2%2Ftags&post=44131"}],"curies":[{"name":"wp","href":"https:\/\/api.w.org\/{rel}","templated":true}]}}