{"id":43843,"date":"2013-06-10T09:42:12","date_gmt":"2013-06-10T12:42:12","guid":{"rendered":"http:\/\/www.quersaberpolitica.com.br\/?p=43843"},"modified":"2013-06-10T09:02:43","modified_gmt":"2013-06-10T12:02:43","slug":"governo-diz-que-queda-na-aprovacao-de-dilma-foi-oscilacao-normal","status":"publish","type":"post","link":"https:\/\/blogdofarnesio.com.br\/?p=43843","title":{"rendered":"GOVERNO DIZ QUE QUEDA NA APROVA\u00c7\u00c3O DE DILMA FOI &#8220;OSCILA\u00c7\u00c3O NORMAL&#8221;"},"content":{"rendered":"<p style=\"text-align: justify\"><a href=\"http:\/\/www.quersaberpolitica.com.br\/2016\/wp-content\/uploads\/2013\/06\/BLOGQSP.DILMAROUSSEFF.jpg\"><img loading=\"lazy\" decoding=\"async\" class=\"alignleft size-full wp-image-43844\" alt=\"BLOGQSP.DILMAROUSSEFF\" src=\"http:\/\/www.quersaberpolitica.com.br\/2016\/wp-content\/uploads\/2013\/06\/BLOGQSP.DILMAROUSSEFF.jpg\" width=\"300\" height=\"300\" srcset=\"https:\/\/blogdofarnesio.com.br\/wp-content\/uploads\/2013\/06\/BLOGQSP.DILMAROUSSEFF.jpg 300w, https:\/\/blogdofarnesio.com.br\/wp-content\/uploads\/2013\/06\/BLOGQSP.DILMAROUSSEFF-150x150.jpg 150w\" sizes=\"auto, (max-width: 300px) 100vw, 300px\" \/><\/a>O governo afirmou que a primeira queda na popularidade da presidente Dilma Rousseff desde sua posse, h\u00e1 dois anos e meio, \u00e9 uma &#8220;oscila\u00e7\u00e3o normal&#8221; e sem relev\u00e2ncia.<\/p>\n<p style=\"text-align: justify\">Considera ainda que a infla\u00e7\u00e3o, os problemas com os boatos sobre o fim do Bolsa Fam\u00edlia e a seca no Nordeste, que causaram essa queda, j\u00e1 est\u00e3o praticamente normalizados.<\/p>\n<p style=\"text-align: justify\">A vis\u00e3o do governo \u00e9 de uma atividade econ\u00f4mica &#8220;muito forte&#8221; no segundo semestre, o que estima dar &#8220;muita seguran\u00e7a para 2014&#8221;, o ano da elei\u00e7\u00e3o presidencial.<\/p>\n<p style=\"text-align: justify\">Ao desembarcar hoje cedo em Lisboa, Portugal, a presidente foi confrontada com a pesquisa da Datafolha, mostrando que 57% da popula\u00e7\u00e3o avalia seu governo como bom ou \u00f3timo, uma queda de oito pontos em rela\u00e7\u00e3o ao levantamento feito em mar\u00e7o.<!--more--><\/p>\n<p style=\"text-align: justify\">Pouco depois da chegada da delega\u00e7\u00e3o em Lisboa, o assessor internacional do Pal\u00e1cio do Planalto, Marco Aur\u00e9lio Garcia, hesitou em comentar a pesquisa, dizendo que precisava analisar melhor e ver qual a margem de erro, mas concluiu: &#8220;Sinceramente, n\u00e3o acho que seja relevante&#8221;.<\/p>\n<p style=\"text-align: justify\">Mais tarde, cercado por televis\u00f5es, o ministro da Educa\u00e7\u00e3o, Aloizio Mercadante, desceu ao hall do hotel para dar a resposta do Pal\u00e1cio do Planalto sobre a pesquisa que, em todo caso, ainda mant\u00e9m Dilma como a favorita para ganhar a elei\u00e7\u00e3o presidencial do ano que vem.<\/p>\n<p style=\"text-align: justify\">&#8220;A pesquisa mostra oscila\u00e7\u00e3o que \u00e9 normal para uma pesquisa de opini\u00e3o&#8221;, disse. &#8220;Ela mant\u00e9m a presidente no melhor patamar de apoio popular de inten\u00e7\u00f5es de votos para 2014, quando comparamos com qualquer outro presidente&#8221;.<\/p>\n<p style=\"text-align: justify\">O ministro apontou o que na vis\u00e3o do governo reflete essa oscila\u00e7\u00e3o. Primeiro, disse que a infla\u00e7\u00e3o j\u00e1 est\u00e1 em trajet\u00f3ria de queda e &#8220;completamente normalizada&#8221;. E que o tomate, que ele chama de &#8220;vil\u00e3o da infla\u00e7\u00e3o&#8221;, estar\u00e1 na mesa de todo brasileiro at\u00e9 o fim do ano. Al\u00e9m disso, disse que o pa\u00eds ter\u00e1 a maior safra de alimentos da hist\u00f3ria do Brasil.<\/p>\n<p style=\"text-align: justify\">Mercadante citou tamb\u00e9m o incidente sobre os boatos que apontavam o fim do Bolsa Fam\u00edlia, outra quest\u00e3o que, segundo ele, est\u00e1 &#8220;totalmente superada&#8221;. Quanto ao problema da seca no Nordeste, Mercadante afirmou que o governo est\u00e1 preparando plano espec\u00edfico para amenizar o impacto desse fen\u00f4meno.<\/p>\n<p style=\"text-align: justify\">O pessimismo da popula\u00e7\u00e3o em rela\u00e7\u00e3o a economia tamb\u00e9m parece n\u00e3o ter sido sentido, na vis\u00e3o do governo. O ministro disse que a produ\u00e7\u00e3o industrial veio muito forte em abril e dever\u00e1 permanecer assim em maio. &#8220;J\u00e1 temos super\u00e1vit comercial em maio e o emprego tamb\u00e9m crescendo fortemente. Em abril, tivemos mais emprego do que a pr\u00f3pria economia dos EUA&#8221;, observou.<\/p>\n<p style=\"text-align: justify\">Al\u00e9m disso, com vistas na elei\u00e7\u00e3o do ano que vem, Mercadante v\u00ea &#8220;excelentes perspectivas, com pacote &#8220;muito grande&#8221; de investimentos no segundo semestre que &#8220;nos d\u00e1 muita seguran\u00e7a para 2014&#8221;.<\/p>\n<p style=\"text-align: justify\">O governo trabalha com a expectativa de receita l\u00edquida extraordin\u00e1ria neste ano, vinda tanto dos R$ 2,6 bilh\u00f5es com concess\u00f5es j\u00e1 feitas na \u00e1rea de petr\u00f3leo e g\u00e1s, como tamb\u00e9m das concess\u00f5es no campo de Libra com as quais o Pal\u00e1cio do Planalto espera arrecadar R$ 10 bilh\u00f5es neste ano.<\/p>\n<p style=\"text-align: justify\">&#8220;Alavancando investimento privado, vamos ter um segundo semestre muito forte e terminar o ano com taxa de crescimento bastante significativa quando comparamos com o cen\u00e1rio de crise internacional&#8221;, completou o ministro, antes de partir para almo\u00e7ar com a presidente Dilma.<\/p>\n<p style=\"text-align: justify\">FONTE: UOL<\/p>\n","protected":false},"excerpt":{"rendered":"<p>O governo afirmou que a primeira queda na popularidade da presidente Dilma Rousseff desde sua posse, h\u00e1 dois anos e meio, \u00e9 uma &#8220;oscila\u00e7\u00e3o normal&#8221; e sem relev\u00e2ncia. Considera ainda que a infla\u00e7\u00e3o, os problemas com os boatos sobre o fim do Bolsa Fam\u00edlia e a seca no Nordeste, que causaram essa queda, j\u00e1 est\u00e3o praticamente normalizados. A vis\u00e3o do governo \u00e9 de uma atividade econ\u00f4mica &#8220;muito forte&#8221; no segundo semestre, o que estima dar &#8220;muita seguran\u00e7a para 2014&#8221;, o ano da elei\u00e7\u00e3o presidencial. Ao desembarcar hoje cedo em Lisboa, Portugal, a presidente foi confrontada com a pesquisa da Datafolha, mostrando que 57% da popula\u00e7\u00e3o avalia seu governo como bom ou \u00f3timo, uma queda de oito pontos em rela\u00e7\u00e3o ao&hellip; <\/p>\n","protected":false},"author":3,"featured_media":0,"comment_status":"open","ping_status":"open","sticky":false,"template":"","format":"standard","meta":{"_acf_changed":false,"footnotes":""},"categories":[1],"tags":[],"class_list":["post-43843","post","type-post","status-publish","format-standard","hentry","category-politica"],"acf":[],"yoast_head":"<!-- This site is optimized with the Yoast SEO plugin v27.4 - https:\/\/yoast.com\/product\/yoast-seo-wordpress\/ -->\n<title>GOVERNO DIZ QUE QUEDA NA APROVA\u00c7\u00c3O DE DILMA FOI &quot;OSCILA\u00c7\u00c3O NORMAL&quot; - Blog do Farn\u00e9sio<\/title>\n<meta name=\"robots\" content=\"index, follow, max-snippet:-1, max-image-preview:large, max-video-preview:-1\" \/>\n<link rel=\"canonical\" href=\"https:\/\/blogdofarnesio.com.br\/?p=43843\" \/>\n<meta property=\"og:locale\" content=\"pt_BR\" \/>\n<meta property=\"og:type\" content=\"article\" \/>\n<meta property=\"og:title\" content=\"GOVERNO DIZ QUE QUEDA NA APROVA\u00c7\u00c3O DE DILMA FOI &quot;OSCILA\u00c7\u00c3O NORMAL&quot; - Blog do Farn\u00e9sio\" \/>\n<meta property=\"og:description\" content=\"O governo afirmou que a primeira queda na popularidade da presidente Dilma Rousseff desde sua posse, h\u00e1 dois anos e meio, \u00e9 uma &#8220;oscila\u00e7\u00e3o normal&#8221; e sem relev\u00e2ncia. Considera ainda que a infla\u00e7\u00e3o, os problemas com os boatos sobre o fim do Bolsa Fam\u00edlia e a seca no Nordeste, que causaram essa queda, j\u00e1 est\u00e3o praticamente normalizados. A vis\u00e3o do governo \u00e9 de uma atividade econ\u00f4mica &#8220;muito forte&#8221; no segundo semestre, o que estima dar &#8220;muita seguran\u00e7a para 2014&#8221;, o ano da elei\u00e7\u00e3o presidencial. Ao desembarcar hoje cedo em Lisboa, Portugal, a presidente foi confrontada com a pesquisa da Datafolha, mostrando que 57% da popula\u00e7\u00e3o avalia seu governo como bom ou \u00f3timo, uma queda de oito pontos em rela\u00e7\u00e3o ao&hellip;\" \/>\n<meta property=\"og:url\" content=\"https:\/\/blogdofarnesio.com.br\/?p=43843\" \/>\n<meta property=\"og:site_name\" content=\"Blog do Farn\u00e9sio\" \/>\n<meta property=\"article:publisher\" content=\"https:\/\/www.facebook.com\/BlogQuerSaberPolitica\/\" \/>\n<meta property=\"article:published_time\" content=\"2013-06-10T12:42:12+00:00\" \/>\n<meta property=\"og:image\" content=\"http:\/\/www.quersaberpolitica.com.br\/2016\/wp-content\/uploads\/2013\/06\/BLOGQSP.DILMAROUSSEFF.jpg\" \/>\n<meta name=\"author\" content=\"teste\" \/>\n<meta name=\"twitter:card\" content=\"summary_large_image\" \/>\n<meta name=\"twitter:label1\" content=\"Escrito por\" \/>\n\t<meta name=\"twitter:data1\" content=\"teste\" \/>\n\t<meta name=\"twitter:label2\" content=\"Est. tempo de leitura\" \/>\n\t<meta name=\"twitter:data2\" content=\"3 minutos\" \/>\n<script type=\"application\/ld+json\" class=\"yoast-schema-graph\">{\"@context\":\"https:\\\/\\\/schema.org\",\"@graph\":[{\"@type\":\"Article\",\"@id\":\"https:\\\/\\\/blogdofarnesio.com.br\\\/?p=43843#article\",\"isPartOf\":{\"@id\":\"https:\\\/\\\/blogdofarnesio.com.br\\\/?p=43843\"},\"author\":{\"name\":\"teste\",\"@id\":\"https:\\\/\\\/blogdofarnesio.com.br\\\/#\\\/schema\\\/person\\\/dd1bf5eba40b687199ba45ca6b97dff9\"},\"headline\":\"GOVERNO DIZ QUE QUEDA NA APROVA\u00c7\u00c3O DE DILMA FOI &#8220;OSCILA\u00c7\u00c3O NORMAL&#8221;\",\"datePublished\":\"2013-06-10T12:42:12+00:00\",\"mainEntityOfPage\":{\"@id\":\"https:\\\/\\\/blogdofarnesio.com.br\\\/?p=43843\"},\"wordCount\":607,\"commentCount\":0,\"publisher\":{\"@id\":\"https:\\\/\\\/blogdofarnesio.com.br\\\/#organization\"},\"image\":{\"@id\":\"https:\\\/\\\/blogdofarnesio.com.br\\\/?p=43843#primaryimage\"},\"thumbnailUrl\":\"http:\\\/\\\/www.quersaberpolitica.com.br\\\/2016\\\/wp-content\\\/uploads\\\/2013\\\/06\\\/BLOGQSP.DILMAROUSSEFF.jpg\",\"articleSection\":[\"Pol\u00edtica\"],\"inLanguage\":\"pt-BR\",\"potentialAction\":[{\"@type\":\"CommentAction\",\"name\":\"Comment\",\"target\":[\"https:\\\/\\\/blogdofarnesio.com.br\\\/?p=43843#respond\"]}]},{\"@type\":\"WebPage\",\"@id\":\"https:\\\/\\\/blogdofarnesio.com.br\\\/?p=43843\",\"url\":\"https:\\\/\\\/blogdofarnesio.com.br\\\/?p=43843\",\"name\":\"GOVERNO DIZ QUE QUEDA NA APROVA\u00c7\u00c3O DE DILMA FOI \\\"OSCILA\u00c7\u00c3O NORMAL\\\" - Blog do Farn\u00e9sio\",\"isPartOf\":{\"@id\":\"https:\\\/\\\/blogdofarnesio.com.br\\\/#website\"},\"primaryImageOfPage\":{\"@id\":\"https:\\\/\\\/blogdofarnesio.com.br\\\/?p=43843#primaryimage\"},\"image\":{\"@id\":\"https:\\\/\\\/blogdofarnesio.com.br\\\/?p=43843#primaryimage\"},\"thumbnailUrl\":\"http:\\\/\\\/www.quersaberpolitica.com.br\\\/2016\\\/wp-content\\\/uploads\\\/2013\\\/06\\\/BLOGQSP.DILMAROUSSEFF.jpg\",\"datePublished\":\"2013-06-10T12:42:12+00:00\",\"breadcrumb\":{\"@id\":\"https:\\\/\\\/blogdofarnesio.com.br\\\/?p=43843#breadcrumb\"},\"inLanguage\":\"pt-BR\",\"potentialAction\":[{\"@type\":\"ReadAction\",\"target\":[\"https:\\\/\\\/blogdofarnesio.com.br\\\/?p=43843\"]}]},{\"@type\":\"ImageObject\",\"inLanguage\":\"pt-BR\",\"@id\":\"https:\\\/\\\/blogdofarnesio.com.br\\\/?p=43843#primaryimage\",\"url\":\"http:\\\/\\\/www.quersaberpolitica.com.br\\\/2016\\\/wp-content\\\/uploads\\\/2013\\\/06\\\/BLOGQSP.DILMAROUSSEFF.jpg\",\"contentUrl\":\"http:\\\/\\\/www.quersaberpolitica.com.br\\\/2016\\\/wp-content\\\/uploads\\\/2013\\\/06\\\/BLOGQSP.DILMAROUSSEFF.jpg\"},{\"@type\":\"BreadcrumbList\",\"@id\":\"https:\\\/\\\/blogdofarnesio.com.br\\\/?p=43843#breadcrumb\",\"itemListElement\":[{\"@type\":\"ListItem\",\"position\":1,\"name\":\"In\u00edcio\",\"item\":\"https:\\\/\\\/blogdofarnesio.com.br\\\/\"},{\"@type\":\"ListItem\",\"position\":2,\"name\":\"GOVERNO DIZ QUE QUEDA NA APROVA\u00c7\u00c3O DE DILMA FOI &#8220;OSCILA\u00c7\u00c3O NORMAL&#8221;\"}]},{\"@type\":\"WebSite\",\"@id\":\"https:\\\/\\\/blogdofarnesio.com.br\\\/#website\",\"url\":\"https:\\\/\\\/blogdofarnesio.com.br\\\/\",\"name\":\"Blog do Farn\u00e9sio\",\"description\":\"Quer Saber Pol\u00edtica?\",\"publisher\":{\"@id\":\"https:\\\/\\\/blogdofarnesio.com.br\\\/#organization\"},\"potentialAction\":[{\"@type\":\"SearchAction\",\"target\":{\"@type\":\"EntryPoint\",\"urlTemplate\":\"https:\\\/\\\/blogdofarnesio.com.br\\\/?s={search_term_string}\"},\"query-input\":{\"@type\":\"PropertyValueSpecification\",\"valueRequired\":true,\"valueName\":\"search_term_string\"}}],\"inLanguage\":\"pt-BR\"},{\"@type\":\"Organization\",\"@id\":\"https:\\\/\\\/blogdofarnesio.com.br\\\/#organization\",\"name\":\"Blog do Farn\u00e9sio\",\"url\":\"https:\\\/\\\/blogdofarnesio.com.br\\\/\",\"logo\":{\"@type\":\"ImageObject\",\"inLanguage\":\"pt-BR\",\"@id\":\"https:\\\/\\\/blogdofarnesio.com.br\\\/#\\\/schema\\\/logo\\\/image\\\/\",\"url\":\"https:\\\/\\\/blogdofarnesio.com.br\\\/wp-content\\\/uploads\\\/2026\\\/03\\\/cropped-logo_new-1.png\",\"contentUrl\":\"https:\\\/\\\/blogdofarnesio.com.br\\\/wp-content\\\/uploads\\\/2026\\\/03\\\/cropped-logo_new-1.png\",\"width\":881,\"height\":685,\"caption\":\"Blog do Farn\u00e9sio\"},\"image\":{\"@id\":\"https:\\\/\\\/blogdofarnesio.com.br\\\/#\\\/schema\\\/logo\\\/image\\\/\"},\"sameAs\":[\"https:\\\/\\\/www.facebook.com\\\/BlogQuerSaberPolitica\\\/\"]},{\"@type\":\"Person\",\"@id\":\"https:\\\/\\\/blogdofarnesio.com.br\\\/#\\\/schema\\\/person\\\/dd1bf5eba40b687199ba45ca6b97dff9\",\"name\":\"teste\",\"image\":{\"@type\":\"ImageObject\",\"inLanguage\":\"pt-BR\",\"@id\":\"https:\\\/\\\/secure.gravatar.com\\\/avatar\\\/2172498d4914b51e1d89a0f97957b035ac4938723a5cac208135d389b6972a6d?s=96&d=mm&r=g\",\"url\":\"https:\\\/\\\/secure.gravatar.com\\\/avatar\\\/2172498d4914b51e1d89a0f97957b035ac4938723a5cac208135d389b6972a6d?s=96&d=mm&r=g\",\"contentUrl\":\"https:\\\/\\\/secure.gravatar.com\\\/avatar\\\/2172498d4914b51e1d89a0f97957b035ac4938723a5cac208135d389b6972a6d?s=96&d=mm&r=g\",\"caption\":\"teste\"},\"url\":\"https:\\\/\\\/blogdofarnesio.com.br\\\/?author=3\"}]}<\/script>\n<!-- \/ Yoast SEO plugin. -->","yoast_head_json":{"title":"GOVERNO DIZ QUE QUEDA NA APROVA\u00c7\u00c3O DE DILMA FOI \"OSCILA\u00c7\u00c3O NORMAL\" - Blog do Farn\u00e9sio","robots":{"index":"index","follow":"follow","max-snippet":"max-snippet:-1","max-image-preview":"max-image-preview:large","max-video-preview":"max-video-preview:-1"},"canonical":"https:\/\/blogdofarnesio.com.br\/?p=43843","og_locale":"pt_BR","og_type":"article","og_title":"GOVERNO DIZ QUE QUEDA NA APROVA\u00c7\u00c3O DE DILMA FOI \"OSCILA\u00c7\u00c3O NORMAL\" - Blog do Farn\u00e9sio","og_description":"O governo afirmou que a primeira queda na popularidade da presidente Dilma Rousseff desde sua posse, h\u00e1 dois anos e meio, \u00e9 uma &#8220;oscila\u00e7\u00e3o normal&#8221; e sem relev\u00e2ncia. Considera ainda que a infla\u00e7\u00e3o, os problemas com os boatos sobre o fim do Bolsa Fam\u00edlia e a seca no Nordeste, que causaram essa queda, j\u00e1 est\u00e3o praticamente normalizados. A vis\u00e3o do governo \u00e9 de uma atividade econ\u00f4mica &#8220;muito forte&#8221; no segundo semestre, o que estima dar &#8220;muita seguran\u00e7a para 2014&#8221;, o ano da elei\u00e7\u00e3o presidencial. Ao desembarcar hoje cedo em Lisboa, Portugal, a presidente foi confrontada com a pesquisa da Datafolha, mostrando que 57% da popula\u00e7\u00e3o avalia seu governo como bom ou \u00f3timo, uma queda de oito pontos em rela\u00e7\u00e3o ao&hellip;","og_url":"https:\/\/blogdofarnesio.com.br\/?p=43843","og_site_name":"Blog do Farn\u00e9sio","article_publisher":"https:\/\/www.facebook.com\/BlogQuerSaberPolitica\/","article_published_time":"2013-06-10T12:42:12+00:00","og_image":[{"url":"http:\/\/www.quersaberpolitica.com.br\/2016\/wp-content\/uploads\/2013\/06\/BLOGQSP.DILMAROUSSEFF.jpg","type":"","width":"","height":""}],"author":"teste","twitter_card":"summary_large_image","twitter_misc":{"Escrito por":"teste","Est. tempo de leitura":"3 minutos"},"schema":{"@context":"https:\/\/schema.org","@graph":[{"@type":"Article","@id":"https:\/\/blogdofarnesio.com.br\/?p=43843#article","isPartOf":{"@id":"https:\/\/blogdofarnesio.com.br\/?p=43843"},"author":{"name":"teste","@id":"https:\/\/blogdofarnesio.com.br\/#\/schema\/person\/dd1bf5eba40b687199ba45ca6b97dff9"},"headline":"GOVERNO DIZ QUE QUEDA NA APROVA\u00c7\u00c3O DE DILMA FOI &#8220;OSCILA\u00c7\u00c3O NORMAL&#8221;","datePublished":"2013-06-10T12:42:12+00:00","mainEntityOfPage":{"@id":"https:\/\/blogdofarnesio.com.br\/?p=43843"},"wordCount":607,"commentCount":0,"publisher":{"@id":"https:\/\/blogdofarnesio.com.br\/#organization"},"image":{"@id":"https:\/\/blogdofarnesio.com.br\/?p=43843#primaryimage"},"thumbnailUrl":"http:\/\/www.quersaberpolitica.com.br\/2016\/wp-content\/uploads\/2013\/06\/BLOGQSP.DILMAROUSSEFF.jpg","articleSection":["Pol\u00edtica"],"inLanguage":"pt-BR","potentialAction":[{"@type":"CommentAction","name":"Comment","target":["https:\/\/blogdofarnesio.com.br\/?p=43843#respond"]}]},{"@type":"WebPage","@id":"https:\/\/blogdofarnesio.com.br\/?p=43843","url":"https:\/\/blogdofarnesio.com.br\/?p=43843","name":"GOVERNO DIZ QUE QUEDA NA APROVA\u00c7\u00c3O DE DILMA FOI \"OSCILA\u00c7\u00c3O NORMAL\" - Blog do Farn\u00e9sio","isPartOf":{"@id":"https:\/\/blogdofarnesio.com.br\/#website"},"primaryImageOfPage":{"@id":"https:\/\/blogdofarnesio.com.br\/?p=43843#primaryimage"},"image":{"@id":"https:\/\/blogdofarnesio.com.br\/?p=43843#primaryimage"},"thumbnailUrl":"http:\/\/www.quersaberpolitica.com.br\/2016\/wp-content\/uploads\/2013\/06\/BLOGQSP.DILMAROUSSEFF.jpg","datePublished":"2013-06-10T12:42:12+00:00","breadcrumb":{"@id":"https:\/\/blogdofarnesio.com.br\/?p=43843#breadcrumb"},"inLanguage":"pt-BR","potentialAction":[{"@type":"ReadAction","target":["https:\/\/blogdofarnesio.com.br\/?p=43843"]}]},{"@type":"ImageObject","inLanguage":"pt-BR","@id":"https:\/\/blogdofarnesio.com.br\/?p=43843#primaryimage","url":"http:\/\/www.quersaberpolitica.com.br\/2016\/wp-content\/uploads\/2013\/06\/BLOGQSP.DILMAROUSSEFF.jpg","contentUrl":"http:\/\/www.quersaberpolitica.com.br\/2016\/wp-content\/uploads\/2013\/06\/BLOGQSP.DILMAROUSSEFF.jpg"},{"@type":"BreadcrumbList","@id":"https:\/\/blogdofarnesio.com.br\/?p=43843#breadcrumb","itemListElement":[{"@type":"ListItem","position":1,"name":"In\u00edcio","item":"https:\/\/blogdofarnesio.com.br\/"},{"@type":"ListItem","position":2,"name":"GOVERNO DIZ QUE QUEDA NA APROVA\u00c7\u00c3O DE DILMA FOI &#8220;OSCILA\u00c7\u00c3O NORMAL&#8221;"}]},{"@type":"WebSite","@id":"https:\/\/blogdofarnesio.com.br\/#website","url":"https:\/\/blogdofarnesio.com.br\/","name":"Blog do Farn\u00e9sio","description":"Quer Saber Pol\u00edtica?","publisher":{"@id":"https:\/\/blogdofarnesio.com.br\/#organization"},"potentialAction":[{"@type":"SearchAction","target":{"@type":"EntryPoint","urlTemplate":"https:\/\/blogdofarnesio.com.br\/?s={search_term_string}"},"query-input":{"@type":"PropertyValueSpecification","valueRequired":true,"valueName":"search_term_string"}}],"inLanguage":"pt-BR"},{"@type":"Organization","@id":"https:\/\/blogdofarnesio.com.br\/#organization","name":"Blog do Farn\u00e9sio","url":"https:\/\/blogdofarnesio.com.br\/","logo":{"@type":"ImageObject","inLanguage":"pt-BR","@id":"https:\/\/blogdofarnesio.com.br\/#\/schema\/logo\/image\/","url":"https:\/\/blogdofarnesio.com.br\/wp-content\/uploads\/2026\/03\/cropped-logo_new-1.png","contentUrl":"https:\/\/blogdofarnesio.com.br\/wp-content\/uploads\/2026\/03\/cropped-logo_new-1.png","width":881,"height":685,"caption":"Blog do Farn\u00e9sio"},"image":{"@id":"https:\/\/blogdofarnesio.com.br\/#\/schema\/logo\/image\/"},"sameAs":["https:\/\/www.facebook.com\/BlogQuerSaberPolitica\/"]},{"@type":"Person","@id":"https:\/\/blogdofarnesio.com.br\/#\/schema\/person\/dd1bf5eba40b687199ba45ca6b97dff9","name":"teste","image":{"@type":"ImageObject","inLanguage":"pt-BR","@id":"https:\/\/secure.gravatar.com\/avatar\/2172498d4914b51e1d89a0f97957b035ac4938723a5cac208135d389b6972a6d?s=96&d=mm&r=g","url":"https:\/\/secure.gravatar.com\/avatar\/2172498d4914b51e1d89a0f97957b035ac4938723a5cac208135d389b6972a6d?s=96&d=mm&r=g","contentUrl":"https:\/\/secure.gravatar.com\/avatar\/2172498d4914b51e1d89a0f97957b035ac4938723a5cac208135d389b6972a6d?s=96&d=mm&r=g","caption":"teste"},"url":"https:\/\/blogdofarnesio.com.br\/?author=3"}]}},"_links":{"self":[{"href":"https:\/\/blogdofarnesio.com.br\/index.php?rest_route=\/wp\/v2\/posts\/43843","targetHints":{"allow":["GET"]}}],"collection":[{"href":"https:\/\/blogdofarnesio.com.br\/index.php?rest_route=\/wp\/v2\/posts"}],"about":[{"href":"https:\/\/blogdofarnesio.com.br\/index.php?rest_route=\/wp\/v2\/types\/post"}],"author":[{"embeddable":true,"href":"https:\/\/blogdofarnesio.com.br\/index.php?rest_route=\/wp\/v2\/users\/3"}],"replies":[{"embeddable":true,"href":"https:\/\/blogdofarnesio.com.br\/index.php?rest_route=%2Fwp%2Fv2%2Fcomments&post=43843"}],"version-history":[{"count":0,"href":"https:\/\/blogdofarnesio.com.br\/index.php?rest_route=\/wp\/v2\/posts\/43843\/revisions"}],"wp:attachment":[{"href":"https:\/\/blogdofarnesio.com.br\/index.php?rest_route=%2Fwp%2Fv2%2Fmedia&parent=43843"}],"wp:term":[{"taxonomy":"category","embeddable":true,"href":"https:\/\/blogdofarnesio.com.br\/index.php?rest_route=%2Fwp%2Fv2%2Fcategories&post=43843"},{"taxonomy":"post_tag","embeddable":true,"href":"https:\/\/blogdofarnesio.com.br\/index.php?rest_route=%2Fwp%2Fv2%2Ftags&post=43843"}],"curies":[{"name":"wp","href":"https:\/\/api.w.org\/{rel}","templated":true}]}}