{"id":43840,"date":"2013-06-10T10:20:01","date_gmt":"2013-06-10T13:20:01","guid":{"rendered":"http:\/\/www.quersaberpolitica.com.br\/?p=43840"},"modified":"2013-06-10T09:48:25","modified_gmt":"2013-06-10T12:48:25","slug":"odacy-lamenta-mais-uma-morte-provocada-por-animal-solto-em-vias-de-transito-no-sertao","status":"publish","type":"post","link":"https:\/\/blogdofarnesio.com.br\/?p=43840","title":{"rendered":"ODACY LAMENTA MAIS UMA MORTE PROVOCADA POR ANIMAL SOLTO EM VIAS DE TRANSITO NO SERT\u00c3O"},"content":{"rendered":"<p style=\"text-align: justify\"><a href=\"http:\/\/www.quersaberpolitica.com.br\/2016\/wp-content\/uploads\/2013\/03\/blogqspodacy2.jpg\"><img loading=\"lazy\" decoding=\"async\" class=\"alignleft size-full wp-image-31516\" alt=\"blogqspodacy2\" src=\"http:\/\/www.quersaberpolitica.com.br\/2016\/wp-content\/uploads\/2013\/03\/blogqspodacy2.jpg\" width=\"116\" height=\"106\" \/><\/a>O deputado estadual Odacy Amorim, do PT-PE, postou neste domingo (9 de junho) em sua p\u00e1gina do facebook nota lamentando mais uma morte provocada por causa de animal. Desta vez o a vitima, um jovem de apenas 18 anos, morreu numa avenida da \u00e1rea urbana de Petrolina (Sert\u00e3o do S\u00e3o Francisco), de grande movimento. Veja o que o deputado postou:<\/p>\n<p style=\"text-align: justify\">\u201cInfelizmente mais uma v\u00edtima com animais. Desta vez quem perdeu a vida foi um jovem 18 anos. Ele era morador do N-9, filho do senhor Ronaldo. O jovem Gabriel morreu nas proximidades da Vila Esperan\u00e7a, bateu em um cavalo.\u00a0O jovem morreu e o animal que provocou o acidente tamb\u00e9m. Mais uma fatalidade que poderia ter sido evitada.<!--more--><\/p>\n<p style=\"text-align: justify\">Deixo aqui meus sentimentos \u00e0 fam\u00edlia de Gabriel e certo que \u00e9 preciso termos aten\u00e7\u00e3o nessa quest\u00e3o de animais soltos em \u00e1reas urbanas e nas rodovias da nossa regi\u00e3o\u201d.<\/p>\n<p style=\"text-align: justify\">IMPRENSA ODACY AMORIM &#8211; PT-PE<\/p>\n","protected":false},"excerpt":{"rendered":"<p>O deputado estadual Odacy Amorim, do PT-PE, postou neste domingo (9 de junho) em sua p\u00e1gina do facebook nota lamentando mais uma morte provocada por causa de animal. Desta vez o a vitima, um jovem de apenas 18 anos, morreu numa avenida da \u00e1rea urbana de Petrolina (Sert\u00e3o do S\u00e3o Francisco), de grande movimento. Veja o que o deputado postou: \u201cInfelizmente mais uma v\u00edtima com animais. Desta vez quem perdeu a vida foi um jovem 18 anos. Ele era morador do N-9, filho do senhor Ronaldo. O jovem Gabriel morreu nas proximidades da Vila Esperan\u00e7a, bateu em um cavalo.\u00a0O jovem morreu e o animal que provocou o acidente tamb\u00e9m. Mais uma fatalidade que poderia ter sido evitada.<\/p>\n","protected":false},"author":3,"featured_media":0,"comment_status":"open","ping_status":"open","sticky":false,"template":"","format":"standard","meta":{"_acf_changed":false,"footnotes":""},"categories":[17,1],"tags":[],"class_list":["post-43840","post","type-post","status-publish","format-standard","hentry","category-estradas","category-politica"],"acf":[],"yoast_head":"<!-- This site is optimized with the Yoast SEO plugin v27.4 - https:\/\/yoast.com\/product\/yoast-seo-wordpress\/ -->\n<title>ODACY LAMENTA MAIS UMA MORTE PROVOCADA POR ANIMAL SOLTO EM VIAS DE TRANSITO NO SERT\u00c3O - Blog do Farn\u00e9sio<\/title>\n<meta name=\"robots\" content=\"index, follow, max-snippet:-1, max-image-preview:large, max-video-preview:-1\" \/>\n<link rel=\"canonical\" href=\"https:\/\/blogdofarnesio.com.br\/?p=43840\" \/>\n<meta property=\"og:locale\" content=\"pt_BR\" \/>\n<meta property=\"og:type\" content=\"article\" \/>\n<meta property=\"og:title\" content=\"ODACY LAMENTA MAIS UMA MORTE PROVOCADA POR ANIMAL SOLTO EM VIAS DE TRANSITO NO SERT\u00c3O - Blog do Farn\u00e9sio\" \/>\n<meta property=\"og:description\" content=\"O deputado estadual Odacy Amorim, do PT-PE, postou neste domingo (9 de junho) em sua p\u00e1gina do facebook nota lamentando mais uma morte provocada por causa de animal. Desta vez o a vitima, um jovem de apenas 18 anos, morreu numa avenida da \u00e1rea urbana de Petrolina (Sert\u00e3o do S\u00e3o Francisco), de grande movimento. Veja o que o deputado postou: \u201cInfelizmente mais uma v\u00edtima com animais. Desta vez quem perdeu a vida foi um jovem 18 anos. Ele era morador do N-9, filho do senhor Ronaldo. O jovem Gabriel morreu nas proximidades da Vila Esperan\u00e7a, bateu em um cavalo.\u00a0O jovem morreu e o animal que provocou o acidente tamb\u00e9m. Mais uma fatalidade que poderia ter sido evitada.\" \/>\n<meta property=\"og:url\" content=\"https:\/\/blogdofarnesio.com.br\/?p=43840\" \/>\n<meta property=\"og:site_name\" content=\"Blog do Farn\u00e9sio\" \/>\n<meta property=\"article:publisher\" content=\"https:\/\/www.facebook.com\/BlogQuerSaberPolitica\/\" \/>\n<meta property=\"article:published_time\" content=\"2013-06-10T13:20:01+00:00\" \/>\n<meta property=\"og:image\" content=\"http:\/\/www.quersaberpolitica.com.br\/2016\/wp-content\/uploads\/2013\/03\/blogqspodacy2.jpg\" \/>\n<meta name=\"author\" content=\"teste\" \/>\n<meta name=\"twitter:card\" content=\"summary_large_image\" \/>\n<meta name=\"twitter:label1\" content=\"Escrito por\" \/>\n\t<meta name=\"twitter:data1\" content=\"teste\" \/>\n\t<meta name=\"twitter:label2\" content=\"Est. tempo de leitura\" \/>\n\t<meta name=\"twitter:data2\" content=\"1 minuto\" \/>\n<script type=\"application\/ld+json\" class=\"yoast-schema-graph\">{\"@context\":\"https:\\\/\\\/schema.org\",\"@graph\":[{\"@type\":\"Article\",\"@id\":\"https:\\\/\\\/blogdofarnesio.com.br\\\/?p=43840#article\",\"isPartOf\":{\"@id\":\"https:\\\/\\\/blogdofarnesio.com.br\\\/?p=43840\"},\"author\":{\"name\":\"teste\",\"@id\":\"https:\\\/\\\/blogdofarnesio.com.br\\\/#\\\/schema\\\/person\\\/dd1bf5eba40b687199ba45ca6b97dff9\"},\"headline\":\"ODACY LAMENTA MAIS UMA MORTE PROVOCADA POR ANIMAL SOLTO EM VIAS DE TRANSITO NO SERT\u00c3O\",\"datePublished\":\"2013-06-10T13:20:01+00:00\",\"mainEntityOfPage\":{\"@id\":\"https:\\\/\\\/blogdofarnesio.com.br\\\/?p=43840\"},\"wordCount\":173,\"commentCount\":0,\"publisher\":{\"@id\":\"https:\\\/\\\/blogdofarnesio.com.br\\\/#organization\"},\"image\":{\"@id\":\"https:\\\/\\\/blogdofarnesio.com.br\\\/?p=43840#primaryimage\"},\"thumbnailUrl\":\"http:\\\/\\\/www.quersaberpolitica.com.br\\\/2016\\\/wp-content\\\/uploads\\\/2013\\\/03\\\/blogqspodacy2.jpg\",\"articleSection\":[\"Estradas\",\"Pol\u00edtica\"],\"inLanguage\":\"pt-BR\",\"potentialAction\":[{\"@type\":\"CommentAction\",\"name\":\"Comment\",\"target\":[\"https:\\\/\\\/blogdofarnesio.com.br\\\/?p=43840#respond\"]}]},{\"@type\":\"WebPage\",\"@id\":\"https:\\\/\\\/blogdofarnesio.com.br\\\/?p=43840\",\"url\":\"https:\\\/\\\/blogdofarnesio.com.br\\\/?p=43840\",\"name\":\"ODACY LAMENTA MAIS UMA MORTE PROVOCADA POR ANIMAL SOLTO EM VIAS DE TRANSITO NO SERT\u00c3O - Blog do Farn\u00e9sio\",\"isPartOf\":{\"@id\":\"https:\\\/\\\/blogdofarnesio.com.br\\\/#website\"},\"primaryImageOfPage\":{\"@id\":\"https:\\\/\\\/blogdofarnesio.com.br\\\/?p=43840#primaryimage\"},\"image\":{\"@id\":\"https:\\\/\\\/blogdofarnesio.com.br\\\/?p=43840#primaryimage\"},\"thumbnailUrl\":\"http:\\\/\\\/www.quersaberpolitica.com.br\\\/2016\\\/wp-content\\\/uploads\\\/2013\\\/03\\\/blogqspodacy2.jpg\",\"datePublished\":\"2013-06-10T13:20:01+00:00\",\"breadcrumb\":{\"@id\":\"https:\\\/\\\/blogdofarnesio.com.br\\\/?p=43840#breadcrumb\"},\"inLanguage\":\"pt-BR\",\"potentialAction\":[{\"@type\":\"ReadAction\",\"target\":[\"https:\\\/\\\/blogdofarnesio.com.br\\\/?p=43840\"]}]},{\"@type\":\"ImageObject\",\"inLanguage\":\"pt-BR\",\"@id\":\"https:\\\/\\\/blogdofarnesio.com.br\\\/?p=43840#primaryimage\",\"url\":\"http:\\\/\\\/www.quersaberpolitica.com.br\\\/2016\\\/wp-content\\\/uploads\\\/2013\\\/03\\\/blogqspodacy2.jpg\",\"contentUrl\":\"http:\\\/\\\/www.quersaberpolitica.com.br\\\/2016\\\/wp-content\\\/uploads\\\/2013\\\/03\\\/blogqspodacy2.jpg\"},{\"@type\":\"BreadcrumbList\",\"@id\":\"https:\\\/\\\/blogdofarnesio.com.br\\\/?p=43840#breadcrumb\",\"itemListElement\":[{\"@type\":\"ListItem\",\"position\":1,\"name\":\"In\u00edcio\",\"item\":\"https:\\\/\\\/blogdofarnesio.com.br\\\/\"},{\"@type\":\"ListItem\",\"position\":2,\"name\":\"ODACY LAMENTA MAIS UMA MORTE PROVOCADA POR ANIMAL SOLTO EM VIAS DE TRANSITO NO SERT\u00c3O\"}]},{\"@type\":\"WebSite\",\"@id\":\"https:\\\/\\\/blogdofarnesio.com.br\\\/#website\",\"url\":\"https:\\\/\\\/blogdofarnesio.com.br\\\/\",\"name\":\"Blog do Farn\u00e9sio\",\"description\":\"Quer Saber Pol\u00edtica?\",\"publisher\":{\"@id\":\"https:\\\/\\\/blogdofarnesio.com.br\\\/#organization\"},\"potentialAction\":[{\"@type\":\"SearchAction\",\"target\":{\"@type\":\"EntryPoint\",\"urlTemplate\":\"https:\\\/\\\/blogdofarnesio.com.br\\\/?s={search_term_string}\"},\"query-input\":{\"@type\":\"PropertyValueSpecification\",\"valueRequired\":true,\"valueName\":\"search_term_string\"}}],\"inLanguage\":\"pt-BR\"},{\"@type\":\"Organization\",\"@id\":\"https:\\\/\\\/blogdofarnesio.com.br\\\/#organization\",\"name\":\"Blog do Farn\u00e9sio\",\"url\":\"https:\\\/\\\/blogdofarnesio.com.br\\\/\",\"logo\":{\"@type\":\"ImageObject\",\"inLanguage\":\"pt-BR\",\"@id\":\"https:\\\/\\\/blogdofarnesio.com.br\\\/#\\\/schema\\\/logo\\\/image\\\/\",\"url\":\"https:\\\/\\\/blogdofarnesio.com.br\\\/wp-content\\\/uploads\\\/2026\\\/03\\\/cropped-logo_new-1.png\",\"contentUrl\":\"https:\\\/\\\/blogdofarnesio.com.br\\\/wp-content\\\/uploads\\\/2026\\\/03\\\/cropped-logo_new-1.png\",\"width\":881,\"height\":685,\"caption\":\"Blog do Farn\u00e9sio\"},\"image\":{\"@id\":\"https:\\\/\\\/blogdofarnesio.com.br\\\/#\\\/schema\\\/logo\\\/image\\\/\"},\"sameAs\":[\"https:\\\/\\\/www.facebook.com\\\/BlogQuerSaberPolitica\\\/\"]},{\"@type\":\"Person\",\"@id\":\"https:\\\/\\\/blogdofarnesio.com.br\\\/#\\\/schema\\\/person\\\/dd1bf5eba40b687199ba45ca6b97dff9\",\"name\":\"teste\",\"image\":{\"@type\":\"ImageObject\",\"inLanguage\":\"pt-BR\",\"@id\":\"https:\\\/\\\/secure.gravatar.com\\\/avatar\\\/2172498d4914b51e1d89a0f97957b035ac4938723a5cac208135d389b6972a6d?s=96&d=mm&r=g\",\"url\":\"https:\\\/\\\/secure.gravatar.com\\\/avatar\\\/2172498d4914b51e1d89a0f97957b035ac4938723a5cac208135d389b6972a6d?s=96&d=mm&r=g\",\"contentUrl\":\"https:\\\/\\\/secure.gravatar.com\\\/avatar\\\/2172498d4914b51e1d89a0f97957b035ac4938723a5cac208135d389b6972a6d?s=96&d=mm&r=g\",\"caption\":\"teste\"},\"url\":\"https:\\\/\\\/blogdofarnesio.com.br\\\/?author=3\"}]}<\/script>\n<!-- \/ Yoast SEO plugin. -->","yoast_head_json":{"title":"ODACY LAMENTA MAIS UMA MORTE PROVOCADA POR ANIMAL SOLTO EM VIAS DE TRANSITO NO SERT\u00c3O - Blog do Farn\u00e9sio","robots":{"index":"index","follow":"follow","max-snippet":"max-snippet:-1","max-image-preview":"max-image-preview:large","max-video-preview":"max-video-preview:-1"},"canonical":"https:\/\/blogdofarnesio.com.br\/?p=43840","og_locale":"pt_BR","og_type":"article","og_title":"ODACY LAMENTA MAIS UMA MORTE PROVOCADA POR ANIMAL SOLTO EM VIAS DE TRANSITO NO SERT\u00c3O - Blog do Farn\u00e9sio","og_description":"O deputado estadual Odacy Amorim, do PT-PE, postou neste domingo (9 de junho) em sua p\u00e1gina do facebook nota lamentando mais uma morte provocada por causa de animal. Desta vez o a vitima, um jovem de apenas 18 anos, morreu numa avenida da \u00e1rea urbana de Petrolina (Sert\u00e3o do S\u00e3o Francisco), de grande movimento. Veja o que o deputado postou: \u201cInfelizmente mais uma v\u00edtima com animais. Desta vez quem perdeu a vida foi um jovem 18 anos. Ele era morador do N-9, filho do senhor Ronaldo. O jovem Gabriel morreu nas proximidades da Vila Esperan\u00e7a, bateu em um cavalo.\u00a0O jovem morreu e o animal que provocou o acidente tamb\u00e9m. Mais uma fatalidade que poderia ter sido evitada.","og_url":"https:\/\/blogdofarnesio.com.br\/?p=43840","og_site_name":"Blog do Farn\u00e9sio","article_publisher":"https:\/\/www.facebook.com\/BlogQuerSaberPolitica\/","article_published_time":"2013-06-10T13:20:01+00:00","og_image":[{"url":"http:\/\/www.quersaberpolitica.com.br\/2016\/wp-content\/uploads\/2013\/03\/blogqspodacy2.jpg","type":"","width":"","height":""}],"author":"teste","twitter_card":"summary_large_image","twitter_misc":{"Escrito por":"teste","Est. tempo de leitura":"1 minuto"},"schema":{"@context":"https:\/\/schema.org","@graph":[{"@type":"Article","@id":"https:\/\/blogdofarnesio.com.br\/?p=43840#article","isPartOf":{"@id":"https:\/\/blogdofarnesio.com.br\/?p=43840"},"author":{"name":"teste","@id":"https:\/\/blogdofarnesio.com.br\/#\/schema\/person\/dd1bf5eba40b687199ba45ca6b97dff9"},"headline":"ODACY LAMENTA MAIS UMA MORTE PROVOCADA POR ANIMAL SOLTO EM VIAS DE TRANSITO NO SERT\u00c3O","datePublished":"2013-06-10T13:20:01+00:00","mainEntityOfPage":{"@id":"https:\/\/blogdofarnesio.com.br\/?p=43840"},"wordCount":173,"commentCount":0,"publisher":{"@id":"https:\/\/blogdofarnesio.com.br\/#organization"},"image":{"@id":"https:\/\/blogdofarnesio.com.br\/?p=43840#primaryimage"},"thumbnailUrl":"http:\/\/www.quersaberpolitica.com.br\/2016\/wp-content\/uploads\/2013\/03\/blogqspodacy2.jpg","articleSection":["Estradas","Pol\u00edtica"],"inLanguage":"pt-BR","potentialAction":[{"@type":"CommentAction","name":"Comment","target":["https:\/\/blogdofarnesio.com.br\/?p=43840#respond"]}]},{"@type":"WebPage","@id":"https:\/\/blogdofarnesio.com.br\/?p=43840","url":"https:\/\/blogdofarnesio.com.br\/?p=43840","name":"ODACY LAMENTA MAIS UMA MORTE PROVOCADA POR ANIMAL SOLTO EM VIAS DE TRANSITO NO SERT\u00c3O - Blog do Farn\u00e9sio","isPartOf":{"@id":"https:\/\/blogdofarnesio.com.br\/#website"},"primaryImageOfPage":{"@id":"https:\/\/blogdofarnesio.com.br\/?p=43840#primaryimage"},"image":{"@id":"https:\/\/blogdofarnesio.com.br\/?p=43840#primaryimage"},"thumbnailUrl":"http:\/\/www.quersaberpolitica.com.br\/2016\/wp-content\/uploads\/2013\/03\/blogqspodacy2.jpg","datePublished":"2013-06-10T13:20:01+00:00","breadcrumb":{"@id":"https:\/\/blogdofarnesio.com.br\/?p=43840#breadcrumb"},"inLanguage":"pt-BR","potentialAction":[{"@type":"ReadAction","target":["https:\/\/blogdofarnesio.com.br\/?p=43840"]}]},{"@type":"ImageObject","inLanguage":"pt-BR","@id":"https:\/\/blogdofarnesio.com.br\/?p=43840#primaryimage","url":"http:\/\/www.quersaberpolitica.com.br\/2016\/wp-content\/uploads\/2013\/03\/blogqspodacy2.jpg","contentUrl":"http:\/\/www.quersaberpolitica.com.br\/2016\/wp-content\/uploads\/2013\/03\/blogqspodacy2.jpg"},{"@type":"BreadcrumbList","@id":"https:\/\/blogdofarnesio.com.br\/?p=43840#breadcrumb","itemListElement":[{"@type":"ListItem","position":1,"name":"In\u00edcio","item":"https:\/\/blogdofarnesio.com.br\/"},{"@type":"ListItem","position":2,"name":"ODACY LAMENTA MAIS UMA MORTE PROVOCADA POR ANIMAL SOLTO EM VIAS DE TRANSITO NO SERT\u00c3O"}]},{"@type":"WebSite","@id":"https:\/\/blogdofarnesio.com.br\/#website","url":"https:\/\/blogdofarnesio.com.br\/","name":"Blog do Farn\u00e9sio","description":"Quer Saber Pol\u00edtica?","publisher":{"@id":"https:\/\/blogdofarnesio.com.br\/#organization"},"potentialAction":[{"@type":"SearchAction","target":{"@type":"EntryPoint","urlTemplate":"https:\/\/blogdofarnesio.com.br\/?s={search_term_string}"},"query-input":{"@type":"PropertyValueSpecification","valueRequired":true,"valueName":"search_term_string"}}],"inLanguage":"pt-BR"},{"@type":"Organization","@id":"https:\/\/blogdofarnesio.com.br\/#organization","name":"Blog do Farn\u00e9sio","url":"https:\/\/blogdofarnesio.com.br\/","logo":{"@type":"ImageObject","inLanguage":"pt-BR","@id":"https:\/\/blogdofarnesio.com.br\/#\/schema\/logo\/image\/","url":"https:\/\/blogdofarnesio.com.br\/wp-content\/uploads\/2026\/03\/cropped-logo_new-1.png","contentUrl":"https:\/\/blogdofarnesio.com.br\/wp-content\/uploads\/2026\/03\/cropped-logo_new-1.png","width":881,"height":685,"caption":"Blog do Farn\u00e9sio"},"image":{"@id":"https:\/\/blogdofarnesio.com.br\/#\/schema\/logo\/image\/"},"sameAs":["https:\/\/www.facebook.com\/BlogQuerSaberPolitica\/"]},{"@type":"Person","@id":"https:\/\/blogdofarnesio.com.br\/#\/schema\/person\/dd1bf5eba40b687199ba45ca6b97dff9","name":"teste","image":{"@type":"ImageObject","inLanguage":"pt-BR","@id":"https:\/\/secure.gravatar.com\/avatar\/2172498d4914b51e1d89a0f97957b035ac4938723a5cac208135d389b6972a6d?s=96&d=mm&r=g","url":"https:\/\/secure.gravatar.com\/avatar\/2172498d4914b51e1d89a0f97957b035ac4938723a5cac208135d389b6972a6d?s=96&d=mm&r=g","contentUrl":"https:\/\/secure.gravatar.com\/avatar\/2172498d4914b51e1d89a0f97957b035ac4938723a5cac208135d389b6972a6d?s=96&d=mm&r=g","caption":"teste"},"url":"https:\/\/blogdofarnesio.com.br\/?author=3"}]}},"_links":{"self":[{"href":"https:\/\/blogdofarnesio.com.br\/index.php?rest_route=\/wp\/v2\/posts\/43840","targetHints":{"allow":["GET"]}}],"collection":[{"href":"https:\/\/blogdofarnesio.com.br\/index.php?rest_route=\/wp\/v2\/posts"}],"about":[{"href":"https:\/\/blogdofarnesio.com.br\/index.php?rest_route=\/wp\/v2\/types\/post"}],"author":[{"embeddable":true,"href":"https:\/\/blogdofarnesio.com.br\/index.php?rest_route=\/wp\/v2\/users\/3"}],"replies":[{"embeddable":true,"href":"https:\/\/blogdofarnesio.com.br\/index.php?rest_route=%2Fwp%2Fv2%2Fcomments&post=43840"}],"version-history":[{"count":0,"href":"https:\/\/blogdofarnesio.com.br\/index.php?rest_route=\/wp\/v2\/posts\/43840\/revisions"}],"wp:attachment":[{"href":"https:\/\/blogdofarnesio.com.br\/index.php?rest_route=%2Fwp%2Fv2%2Fmedia&parent=43840"}],"wp:term":[{"taxonomy":"category","embeddable":true,"href":"https:\/\/blogdofarnesio.com.br\/index.php?rest_route=%2Fwp%2Fv2%2Fcategories&post=43840"},{"taxonomy":"post_tag","embeddable":true,"href":"https:\/\/blogdofarnesio.com.br\/index.php?rest_route=%2Fwp%2Fv2%2Ftags&post=43840"}],"curies":[{"name":"wp","href":"https:\/\/api.w.org\/{rel}","templated":true}]}}