{"id":43686,"date":"2013-06-10T08:00:16","date_gmt":"2013-06-10T11:00:16","guid":{"rendered":"http:\/\/www.quersaberpolitica.com.br\/?p=43686"},"modified":"2013-06-10T16:04:39","modified_gmt":"2013-06-10T19:04:39","slug":"seduc-lembra-aos-interessados-que-as-inscricoes-para-o-curso-pre-vestibular-do-municipio-iniciam-na-proxima-segunda-feira-10","status":"publish","type":"post","link":"https:\/\/blogdofarnesio.com.br\/?p=43686","title":{"rendered":"SEDUC LEMBRA AOS INTERESSADOS QUE AS INSCRI\u00c7\u00d5ES PARA O CURSO PR\u00c9-VESTIBULAR DO MUNIC\u00cdPIO INICIAM NESTA SEGUNDA-FEIRA (10)"},"content":{"rendered":"<p style=\"text-align: justify\"><img loading=\"lazy\" decoding=\"async\" class=\"alignleft size-full wp-image-25793\" alt=\"blogqspprevestibular\" src=\"http:\/\/www.quersaberpolitica.com.br\/2016\/wp-content\/uploads\/2013\/01\/blogqspprevestibular.jpg\" width=\"259\" height=\"194\" \/><\/p>\n<p style=\"text-align: justify\">A Secretaria de Educa\u00e7\u00e3o e Esportes (SEDUC), atrav\u00e9s da coordena\u00e7\u00e3o do Curso Pr\u00e9-vestibular de Juazeiro lembra aos interessados que as inscri\u00e7\u00f5es para o ingresso na segunda turma 2013 do preparat\u00f3rio iniciam nesta segunda-feira (10) e encerram dia 14 de junho.<\/p>\n<p style=\"text-align: justify\">Podem se inscrever candidatos que tenham conclu\u00eddo ou estejam cursando o \u00faltimo ano do ensino m\u00e9dio, independentemente da faixa et\u00e1ria, da rede p\u00fablica ou particular de ensino, e, neste \u00faltimo caso, desde que seja bolsista integralmente.<\/p>\n<p style=\"text-align: justify\">Est\u00e3o sendo oferecidas 300 vagas e os candidatos dever\u00e3o efetuar a inscri\u00e7\u00e3ogratuitamente, durante o per\u00edodo estipulado, no hor\u00e1rio de 19 \u00e0s 21h30, no Audit\u00f3rio do Col\u00e9gio Municipal Paulo VI, situado na Rua do Jap\u00e3o, s\/n, bairro Maria Gorette.<!--more--><\/p>\n<p style=\"text-align: justify\">No ato de inscri\u00e7\u00e3o, os interessados dever\u00e3o apresentar os documentos originais: carteira de identidade; hist\u00f3rico escolar; comprovante de resid\u00eancia e, somente para alunos da rede privada, declara\u00e7\u00e3o da escola (contendo CNPJ da institui\u00e7\u00e3o de ensino, carimbo e assinatura do respons\u00e1vel) atestando que o mesmo \u00e9 benefici\u00e1rio de bolsa integral.<\/p>\n<p style=\"text-align: justify\">As vagas ser\u00e3o preenchidas pelos candidatos melhor classificados, em ordem decrescente e at\u00e9 o limite de vagas oferecidas. A sele\u00e7\u00e3o acontecer\u00e1 de acordo o curr\u00edculo escolar do aluno, levando-se em considera\u00e7\u00e3o a m\u00e9dia aritm\u00e9tica das notas gerais obtidas, no ensino m\u00e9dio, em L\u00edngua Portuguesa e Matem\u00e1tica.<\/p>\n<p style=\"text-align: justify\">O resultado da sele\u00e7\u00e3o ser\u00e1 divulgado no dia 17 deste m\u00eas e as matr\u00edculas efetuadas at\u00e9 o dia 20. J\u00e1 as aulas dever\u00e3o iniciar no dia 08 de julho. O Curso Pr\u00e9-Vestibular \u00e9 ofertado pela Prefeitura de Juazeiro, atrav\u00e9s da Secretaria de Educa\u00e7\u00e3o e Esportes, e tem com o objetivo proporcionar uma educa\u00e7\u00e3o complementar de qualidade aos alunos de baixa renda que n\u00e3o t\u00eam oportunidade de se preparar para o ingresso no ensino superior em institui\u00e7\u00e3o particular de ensino.<\/p>\n<p style=\"text-align: justify\">Cronograma:<\/p>\n<p style=\"text-align: justify\">10 a 14\/06 \u2013 INSCRI\u00c7\u00d5ES DOS CANDIDATOS \u2013 Local: Col\u00e9gio Municipal Paulo VI, das 19h \u00e0s 21h30min.<\/p>\n<p style=\"text-align: justify\">17\/06 \u2013 DIVULGA\u00c7\u00c3O DOS RESULTADOS.<\/p>\n<p style=\"text-align: justify\">17 a 20\/06 \u2013 MATRICULA DOS CLASSIFICADOS.<\/p>\n<p style=\"text-align: justify\">08\/07 \u2013 INICIO DAS AULAS.<\/p>\n<p style=\"text-align: justify\">Por Anna Monteiro \/ Seduc<\/p>\n","protected":false},"excerpt":{"rendered":"<p>A Secretaria de Educa\u00e7\u00e3o e Esportes (SEDUC), atrav\u00e9s da coordena\u00e7\u00e3o do Curso Pr\u00e9-vestibular de Juazeiro lembra aos interessados que as inscri\u00e7\u00f5es para o ingresso na segunda turma 2013 do preparat\u00f3rio iniciam nesta segunda-feira (10) e encerram dia 14 de junho. Podem se inscrever candidatos que tenham conclu\u00eddo ou estejam cursando o \u00faltimo ano do ensino m\u00e9dio, independentemente da faixa et\u00e1ria, da rede p\u00fablica ou particular de ensino, e, neste \u00faltimo caso, desde que seja bolsista integralmente. Est\u00e3o sendo oferecidas 300 vagas e os candidatos dever\u00e3o efetuar a inscri\u00e7\u00e3ogratuitamente, durante o per\u00edodo estipulado, no hor\u00e1rio de 19 \u00e0s 21h30, no Audit\u00f3rio do Col\u00e9gio Municipal Paulo VI, situado na Rua do Jap\u00e3o, s\/n, bairro Maria Gorette.<\/p>\n","protected":false},"author":3,"featured_media":0,"comment_status":"open","ping_status":"open","sticky":false,"template":"","format":"standard","meta":{"_acf_changed":false,"footnotes":""},"categories":[1],"tags":[],"class_list":["post-43686","post","type-post","status-publish","format-standard","hentry","category-politica"],"acf":[],"yoast_head":"<!-- This site is optimized with the Yoast SEO plugin v27.4 - https:\/\/yoast.com\/product\/yoast-seo-wordpress\/ -->\n<title>SEDUC LEMBRA AOS INTERESSADOS QUE AS INSCRI\u00c7\u00d5ES PARA O CURSO PR\u00c9-VESTIBULAR DO MUNIC\u00cdPIO INICIAM NESTA SEGUNDA-FEIRA (10) - Blog do Farn\u00e9sio<\/title>\n<meta name=\"robots\" content=\"index, follow, max-snippet:-1, max-image-preview:large, max-video-preview:-1\" \/>\n<link rel=\"canonical\" href=\"https:\/\/blogdofarnesio.com.br\/?p=43686\" \/>\n<meta property=\"og:locale\" content=\"pt_BR\" \/>\n<meta property=\"og:type\" content=\"article\" \/>\n<meta property=\"og:title\" content=\"SEDUC LEMBRA AOS INTERESSADOS QUE AS INSCRI\u00c7\u00d5ES PARA O CURSO PR\u00c9-VESTIBULAR DO MUNIC\u00cdPIO INICIAM NESTA SEGUNDA-FEIRA (10) - Blog do Farn\u00e9sio\" \/>\n<meta property=\"og:description\" content=\"A Secretaria de Educa\u00e7\u00e3o e Esportes (SEDUC), atrav\u00e9s da coordena\u00e7\u00e3o do Curso Pr\u00e9-vestibular de Juazeiro lembra aos interessados que as inscri\u00e7\u00f5es para o ingresso na segunda turma 2013 do preparat\u00f3rio iniciam nesta segunda-feira (10) e encerram dia 14 de junho. Podem se inscrever candidatos que tenham conclu\u00eddo ou estejam cursando o \u00faltimo ano do ensino m\u00e9dio, independentemente da faixa et\u00e1ria, da rede p\u00fablica ou particular de ensino, e, neste \u00faltimo caso, desde que seja bolsista integralmente. Est\u00e3o sendo oferecidas 300 vagas e os candidatos dever\u00e3o efetuar a inscri\u00e7\u00e3ogratuitamente, durante o per\u00edodo estipulado, no hor\u00e1rio de 19 \u00e0s 21h30, no Audit\u00f3rio do Col\u00e9gio Municipal Paulo VI, situado na Rua do Jap\u00e3o, s\/n, bairro Maria Gorette.\" \/>\n<meta property=\"og:url\" content=\"https:\/\/blogdofarnesio.com.br\/?p=43686\" \/>\n<meta property=\"og:site_name\" content=\"Blog do Farn\u00e9sio\" \/>\n<meta property=\"article:publisher\" content=\"https:\/\/www.facebook.com\/BlogQuerSaberPolitica\/\" \/>\n<meta property=\"article:published_time\" content=\"2013-06-10T11:00:16+00:00\" \/>\n<meta property=\"article:modified_time\" content=\"2013-06-10T19:04:39+00:00\" \/>\n<meta property=\"og:image\" content=\"http:\/\/www.quersaberpolitica.com.br\/2016\/wp-content\/uploads\/2013\/01\/blogqspprevestibular.jpg\" \/>\n<meta name=\"author\" content=\"teste\" \/>\n<meta name=\"twitter:card\" content=\"summary_large_image\" \/>\n<meta name=\"twitter:label1\" content=\"Escrito por\" \/>\n\t<meta name=\"twitter:data1\" content=\"teste\" \/>\n\t<meta name=\"twitter:label2\" content=\"Est. tempo de leitura\" \/>\n\t<meta name=\"twitter:data2\" content=\"2 minutos\" \/>\n<script type=\"application\/ld+json\" class=\"yoast-schema-graph\">{\"@context\":\"https:\\\/\\\/schema.org\",\"@graph\":[{\"@type\":\"Article\",\"@id\":\"https:\\\/\\\/blogdofarnesio.com.br\\\/?p=43686#article\",\"isPartOf\":{\"@id\":\"https:\\\/\\\/blogdofarnesio.com.br\\\/?p=43686\"},\"author\":{\"name\":\"teste\",\"@id\":\"https:\\\/\\\/blogdofarnesio.com.br\\\/#\\\/schema\\\/person\\\/dd1bf5eba40b687199ba45ca6b97dff9\"},\"headline\":\"SEDUC LEMBRA AOS INTERESSADOS QUE AS INSCRI\u00c7\u00d5ES PARA O CURSO PR\u00c9-VESTIBULAR DO MUNIC\u00cdPIO INICIAM NESTA SEGUNDA-FEIRA (10)\",\"datePublished\":\"2013-06-10T11:00:16+00:00\",\"dateModified\":\"2013-06-10T19:04:39+00:00\",\"mainEntityOfPage\":{\"@id\":\"https:\\\/\\\/blogdofarnesio.com.br\\\/?p=43686\"},\"wordCount\":376,\"commentCount\":0,\"publisher\":{\"@id\":\"https:\\\/\\\/blogdofarnesio.com.br\\\/#organization\"},\"image\":{\"@id\":\"https:\\\/\\\/blogdofarnesio.com.br\\\/?p=43686#primaryimage\"},\"thumbnailUrl\":\"http:\\\/\\\/www.quersaberpolitica.com.br\\\/2016\\\/wp-content\\\/uploads\\\/2013\\\/01\\\/blogqspprevestibular.jpg\",\"articleSection\":[\"Pol\u00edtica\"],\"inLanguage\":\"pt-BR\",\"potentialAction\":[{\"@type\":\"CommentAction\",\"name\":\"Comment\",\"target\":[\"https:\\\/\\\/blogdofarnesio.com.br\\\/?p=43686#respond\"]}]},{\"@type\":\"WebPage\",\"@id\":\"https:\\\/\\\/blogdofarnesio.com.br\\\/?p=43686\",\"url\":\"https:\\\/\\\/blogdofarnesio.com.br\\\/?p=43686\",\"name\":\"SEDUC LEMBRA AOS INTERESSADOS QUE AS INSCRI\u00c7\u00d5ES PARA O CURSO PR\u00c9-VESTIBULAR DO MUNIC\u00cdPIO INICIAM NESTA SEGUNDA-FEIRA (10) - Blog do Farn\u00e9sio\",\"isPartOf\":{\"@id\":\"https:\\\/\\\/blogdofarnesio.com.br\\\/#website\"},\"primaryImageOfPage\":{\"@id\":\"https:\\\/\\\/blogdofarnesio.com.br\\\/?p=43686#primaryimage\"},\"image\":{\"@id\":\"https:\\\/\\\/blogdofarnesio.com.br\\\/?p=43686#primaryimage\"},\"thumbnailUrl\":\"http:\\\/\\\/www.quersaberpolitica.com.br\\\/2016\\\/wp-content\\\/uploads\\\/2013\\\/01\\\/blogqspprevestibular.jpg\",\"datePublished\":\"2013-06-10T11:00:16+00:00\",\"dateModified\":\"2013-06-10T19:04:39+00:00\",\"breadcrumb\":{\"@id\":\"https:\\\/\\\/blogdofarnesio.com.br\\\/?p=43686#breadcrumb\"},\"inLanguage\":\"pt-BR\",\"potentialAction\":[{\"@type\":\"ReadAction\",\"target\":[\"https:\\\/\\\/blogdofarnesio.com.br\\\/?p=43686\"]}]},{\"@type\":\"ImageObject\",\"inLanguage\":\"pt-BR\",\"@id\":\"https:\\\/\\\/blogdofarnesio.com.br\\\/?p=43686#primaryimage\",\"url\":\"http:\\\/\\\/www.quersaberpolitica.com.br\\\/2016\\\/wp-content\\\/uploads\\\/2013\\\/01\\\/blogqspprevestibular.jpg\",\"contentUrl\":\"http:\\\/\\\/www.quersaberpolitica.com.br\\\/2016\\\/wp-content\\\/uploads\\\/2013\\\/01\\\/blogqspprevestibular.jpg\"},{\"@type\":\"BreadcrumbList\",\"@id\":\"https:\\\/\\\/blogdofarnesio.com.br\\\/?p=43686#breadcrumb\",\"itemListElement\":[{\"@type\":\"ListItem\",\"position\":1,\"name\":\"In\u00edcio\",\"item\":\"https:\\\/\\\/blogdofarnesio.com.br\\\/\"},{\"@type\":\"ListItem\",\"position\":2,\"name\":\"SEDUC LEMBRA AOS INTERESSADOS QUE AS INSCRI\u00c7\u00d5ES PARA O CURSO PR\u00c9-VESTIBULAR DO MUNIC\u00cdPIO INICIAM NESTA SEGUNDA-FEIRA (10)\"}]},{\"@type\":\"WebSite\",\"@id\":\"https:\\\/\\\/blogdofarnesio.com.br\\\/#website\",\"url\":\"https:\\\/\\\/blogdofarnesio.com.br\\\/\",\"name\":\"Blog do Farn\u00e9sio\",\"description\":\"Quer Saber Pol\u00edtica?\",\"publisher\":{\"@id\":\"https:\\\/\\\/blogdofarnesio.com.br\\\/#organization\"},\"potentialAction\":[{\"@type\":\"SearchAction\",\"target\":{\"@type\":\"EntryPoint\",\"urlTemplate\":\"https:\\\/\\\/blogdofarnesio.com.br\\\/?s={search_term_string}\"},\"query-input\":{\"@type\":\"PropertyValueSpecification\",\"valueRequired\":true,\"valueName\":\"search_term_string\"}}],\"inLanguage\":\"pt-BR\"},{\"@type\":\"Organization\",\"@id\":\"https:\\\/\\\/blogdofarnesio.com.br\\\/#organization\",\"name\":\"Blog do Farn\u00e9sio\",\"url\":\"https:\\\/\\\/blogdofarnesio.com.br\\\/\",\"logo\":{\"@type\":\"ImageObject\",\"inLanguage\":\"pt-BR\",\"@id\":\"https:\\\/\\\/blogdofarnesio.com.br\\\/#\\\/schema\\\/logo\\\/image\\\/\",\"url\":\"https:\\\/\\\/blogdofarnesio.com.br\\\/wp-content\\\/uploads\\\/2026\\\/03\\\/cropped-logo_new-1.png\",\"contentUrl\":\"https:\\\/\\\/blogdofarnesio.com.br\\\/wp-content\\\/uploads\\\/2026\\\/03\\\/cropped-logo_new-1.png\",\"width\":881,\"height\":685,\"caption\":\"Blog do Farn\u00e9sio\"},\"image\":{\"@id\":\"https:\\\/\\\/blogdofarnesio.com.br\\\/#\\\/schema\\\/logo\\\/image\\\/\"},\"sameAs\":[\"https:\\\/\\\/www.facebook.com\\\/BlogQuerSaberPolitica\\\/\"]},{\"@type\":\"Person\",\"@id\":\"https:\\\/\\\/blogdofarnesio.com.br\\\/#\\\/schema\\\/person\\\/dd1bf5eba40b687199ba45ca6b97dff9\",\"name\":\"teste\",\"image\":{\"@type\":\"ImageObject\",\"inLanguage\":\"pt-BR\",\"@id\":\"https:\\\/\\\/secure.gravatar.com\\\/avatar\\\/2172498d4914b51e1d89a0f97957b035ac4938723a5cac208135d389b6972a6d?s=96&d=mm&r=g\",\"url\":\"https:\\\/\\\/secure.gravatar.com\\\/avatar\\\/2172498d4914b51e1d89a0f97957b035ac4938723a5cac208135d389b6972a6d?s=96&d=mm&r=g\",\"contentUrl\":\"https:\\\/\\\/secure.gravatar.com\\\/avatar\\\/2172498d4914b51e1d89a0f97957b035ac4938723a5cac208135d389b6972a6d?s=96&d=mm&r=g\",\"caption\":\"teste\"},\"url\":\"https:\\\/\\\/blogdofarnesio.com.br\\\/?author=3\"}]}<\/script>\n<!-- \/ Yoast SEO plugin. -->","yoast_head_json":{"title":"SEDUC LEMBRA AOS INTERESSADOS QUE AS INSCRI\u00c7\u00d5ES PARA O CURSO PR\u00c9-VESTIBULAR DO MUNIC\u00cdPIO INICIAM NESTA SEGUNDA-FEIRA (10) - Blog do Farn\u00e9sio","robots":{"index":"index","follow":"follow","max-snippet":"max-snippet:-1","max-image-preview":"max-image-preview:large","max-video-preview":"max-video-preview:-1"},"canonical":"https:\/\/blogdofarnesio.com.br\/?p=43686","og_locale":"pt_BR","og_type":"article","og_title":"SEDUC LEMBRA AOS INTERESSADOS QUE AS INSCRI\u00c7\u00d5ES PARA O CURSO PR\u00c9-VESTIBULAR DO MUNIC\u00cdPIO INICIAM NESTA SEGUNDA-FEIRA (10) - Blog do Farn\u00e9sio","og_description":"A Secretaria de Educa\u00e7\u00e3o e Esportes (SEDUC), atrav\u00e9s da coordena\u00e7\u00e3o do Curso Pr\u00e9-vestibular de Juazeiro lembra aos interessados que as inscri\u00e7\u00f5es para o ingresso na segunda turma 2013 do preparat\u00f3rio iniciam nesta segunda-feira (10) e encerram dia 14 de junho. Podem se inscrever candidatos que tenham conclu\u00eddo ou estejam cursando o \u00faltimo ano do ensino m\u00e9dio, independentemente da faixa et\u00e1ria, da rede p\u00fablica ou particular de ensino, e, neste \u00faltimo caso, desde que seja bolsista integralmente. Est\u00e3o sendo oferecidas 300 vagas e os candidatos dever\u00e3o efetuar a inscri\u00e7\u00e3ogratuitamente, durante o per\u00edodo estipulado, no hor\u00e1rio de 19 \u00e0s 21h30, no Audit\u00f3rio do Col\u00e9gio Municipal Paulo VI, situado na Rua do Jap\u00e3o, s\/n, bairro Maria Gorette.","og_url":"https:\/\/blogdofarnesio.com.br\/?p=43686","og_site_name":"Blog do Farn\u00e9sio","article_publisher":"https:\/\/www.facebook.com\/BlogQuerSaberPolitica\/","article_published_time":"2013-06-10T11:00:16+00:00","article_modified_time":"2013-06-10T19:04:39+00:00","og_image":[{"url":"http:\/\/www.quersaberpolitica.com.br\/2016\/wp-content\/uploads\/2013\/01\/blogqspprevestibular.jpg","type":"","width":"","height":""}],"author":"teste","twitter_card":"summary_large_image","twitter_misc":{"Escrito por":"teste","Est. tempo de leitura":"2 minutos"},"schema":{"@context":"https:\/\/schema.org","@graph":[{"@type":"Article","@id":"https:\/\/blogdofarnesio.com.br\/?p=43686#article","isPartOf":{"@id":"https:\/\/blogdofarnesio.com.br\/?p=43686"},"author":{"name":"teste","@id":"https:\/\/blogdofarnesio.com.br\/#\/schema\/person\/dd1bf5eba40b687199ba45ca6b97dff9"},"headline":"SEDUC LEMBRA AOS INTERESSADOS QUE AS INSCRI\u00c7\u00d5ES PARA O CURSO PR\u00c9-VESTIBULAR DO MUNIC\u00cdPIO INICIAM NESTA SEGUNDA-FEIRA (10)","datePublished":"2013-06-10T11:00:16+00:00","dateModified":"2013-06-10T19:04:39+00:00","mainEntityOfPage":{"@id":"https:\/\/blogdofarnesio.com.br\/?p=43686"},"wordCount":376,"commentCount":0,"publisher":{"@id":"https:\/\/blogdofarnesio.com.br\/#organization"},"image":{"@id":"https:\/\/blogdofarnesio.com.br\/?p=43686#primaryimage"},"thumbnailUrl":"http:\/\/www.quersaberpolitica.com.br\/2016\/wp-content\/uploads\/2013\/01\/blogqspprevestibular.jpg","articleSection":["Pol\u00edtica"],"inLanguage":"pt-BR","potentialAction":[{"@type":"CommentAction","name":"Comment","target":["https:\/\/blogdofarnesio.com.br\/?p=43686#respond"]}]},{"@type":"WebPage","@id":"https:\/\/blogdofarnesio.com.br\/?p=43686","url":"https:\/\/blogdofarnesio.com.br\/?p=43686","name":"SEDUC LEMBRA AOS INTERESSADOS QUE AS INSCRI\u00c7\u00d5ES PARA O CURSO PR\u00c9-VESTIBULAR DO MUNIC\u00cdPIO INICIAM NESTA SEGUNDA-FEIRA (10) - Blog do Farn\u00e9sio","isPartOf":{"@id":"https:\/\/blogdofarnesio.com.br\/#website"},"primaryImageOfPage":{"@id":"https:\/\/blogdofarnesio.com.br\/?p=43686#primaryimage"},"image":{"@id":"https:\/\/blogdofarnesio.com.br\/?p=43686#primaryimage"},"thumbnailUrl":"http:\/\/www.quersaberpolitica.com.br\/2016\/wp-content\/uploads\/2013\/01\/blogqspprevestibular.jpg","datePublished":"2013-06-10T11:00:16+00:00","dateModified":"2013-06-10T19:04:39+00:00","breadcrumb":{"@id":"https:\/\/blogdofarnesio.com.br\/?p=43686#breadcrumb"},"inLanguage":"pt-BR","potentialAction":[{"@type":"ReadAction","target":["https:\/\/blogdofarnesio.com.br\/?p=43686"]}]},{"@type":"ImageObject","inLanguage":"pt-BR","@id":"https:\/\/blogdofarnesio.com.br\/?p=43686#primaryimage","url":"http:\/\/www.quersaberpolitica.com.br\/2016\/wp-content\/uploads\/2013\/01\/blogqspprevestibular.jpg","contentUrl":"http:\/\/www.quersaberpolitica.com.br\/2016\/wp-content\/uploads\/2013\/01\/blogqspprevestibular.jpg"},{"@type":"BreadcrumbList","@id":"https:\/\/blogdofarnesio.com.br\/?p=43686#breadcrumb","itemListElement":[{"@type":"ListItem","position":1,"name":"In\u00edcio","item":"https:\/\/blogdofarnesio.com.br\/"},{"@type":"ListItem","position":2,"name":"SEDUC LEMBRA AOS INTERESSADOS QUE AS INSCRI\u00c7\u00d5ES PARA O CURSO PR\u00c9-VESTIBULAR DO MUNIC\u00cdPIO INICIAM NESTA SEGUNDA-FEIRA (10)"}]},{"@type":"WebSite","@id":"https:\/\/blogdofarnesio.com.br\/#website","url":"https:\/\/blogdofarnesio.com.br\/","name":"Blog do Farn\u00e9sio","description":"Quer Saber Pol\u00edtica?","publisher":{"@id":"https:\/\/blogdofarnesio.com.br\/#organization"},"potentialAction":[{"@type":"SearchAction","target":{"@type":"EntryPoint","urlTemplate":"https:\/\/blogdofarnesio.com.br\/?s={search_term_string}"},"query-input":{"@type":"PropertyValueSpecification","valueRequired":true,"valueName":"search_term_string"}}],"inLanguage":"pt-BR"},{"@type":"Organization","@id":"https:\/\/blogdofarnesio.com.br\/#organization","name":"Blog do Farn\u00e9sio","url":"https:\/\/blogdofarnesio.com.br\/","logo":{"@type":"ImageObject","inLanguage":"pt-BR","@id":"https:\/\/blogdofarnesio.com.br\/#\/schema\/logo\/image\/","url":"https:\/\/blogdofarnesio.com.br\/wp-content\/uploads\/2026\/03\/cropped-logo_new-1.png","contentUrl":"https:\/\/blogdofarnesio.com.br\/wp-content\/uploads\/2026\/03\/cropped-logo_new-1.png","width":881,"height":685,"caption":"Blog do Farn\u00e9sio"},"image":{"@id":"https:\/\/blogdofarnesio.com.br\/#\/schema\/logo\/image\/"},"sameAs":["https:\/\/www.facebook.com\/BlogQuerSaberPolitica\/"]},{"@type":"Person","@id":"https:\/\/blogdofarnesio.com.br\/#\/schema\/person\/dd1bf5eba40b687199ba45ca6b97dff9","name":"teste","image":{"@type":"ImageObject","inLanguage":"pt-BR","@id":"https:\/\/secure.gravatar.com\/avatar\/2172498d4914b51e1d89a0f97957b035ac4938723a5cac208135d389b6972a6d?s=96&d=mm&r=g","url":"https:\/\/secure.gravatar.com\/avatar\/2172498d4914b51e1d89a0f97957b035ac4938723a5cac208135d389b6972a6d?s=96&d=mm&r=g","contentUrl":"https:\/\/secure.gravatar.com\/avatar\/2172498d4914b51e1d89a0f97957b035ac4938723a5cac208135d389b6972a6d?s=96&d=mm&r=g","caption":"teste"},"url":"https:\/\/blogdofarnesio.com.br\/?author=3"}]}},"_links":{"self":[{"href":"https:\/\/blogdofarnesio.com.br\/index.php?rest_route=\/wp\/v2\/posts\/43686","targetHints":{"allow":["GET"]}}],"collection":[{"href":"https:\/\/blogdofarnesio.com.br\/index.php?rest_route=\/wp\/v2\/posts"}],"about":[{"href":"https:\/\/blogdofarnesio.com.br\/index.php?rest_route=\/wp\/v2\/types\/post"}],"author":[{"embeddable":true,"href":"https:\/\/blogdofarnesio.com.br\/index.php?rest_route=\/wp\/v2\/users\/3"}],"replies":[{"embeddable":true,"href":"https:\/\/blogdofarnesio.com.br\/index.php?rest_route=%2Fwp%2Fv2%2Fcomments&post=43686"}],"version-history":[{"count":0,"href":"https:\/\/blogdofarnesio.com.br\/index.php?rest_route=\/wp\/v2\/posts\/43686\/revisions"}],"wp:attachment":[{"href":"https:\/\/blogdofarnesio.com.br\/index.php?rest_route=%2Fwp%2Fv2%2Fmedia&parent=43686"}],"wp:term":[{"taxonomy":"category","embeddable":true,"href":"https:\/\/blogdofarnesio.com.br\/index.php?rest_route=%2Fwp%2Fv2%2Fcategories&post=43686"},{"taxonomy":"post_tag","embeddable":true,"href":"https:\/\/blogdofarnesio.com.br\/index.php?rest_route=%2Fwp%2Fv2%2Ftags&post=43686"}],"curies":[{"name":"wp","href":"https:\/\/api.w.org\/{rel}","templated":true}]}}