{"id":420573,"date":"2026-04-28T14:42:35","date_gmt":"2026-04-28T17:42:35","guid":{"rendered":"https:\/\/blogdofarnesio.com.br\/?p=420573"},"modified":"2026-04-28T13:08:24","modified_gmt":"2026-04-28T16:08:24","slug":"governo-do-estado-entrega-amanha-obra-de-requalificacao-e-modernizacao-da-agencia-do-sassepe-em-petrolina","status":"publish","type":"post","link":"https:\/\/blogdofarnesio.com.br\/2026\/04\/governo-do-estado-entrega-amanha-obra-de-requalificacao-e-modernizacao-da-agencia-do-sassepe-em-petrolina\/","title":{"rendered":"Governo do Estado entrega amanh\u00e3, obra de requalifica\u00e7\u00e3o e moderniza\u00e7\u00e3o da ag\u00eancia do Sassepe em Petrolina"},"content":{"rendered":"<div>\n<div><i>Ag\u00eancia passa a funcionar oficialmente nesta quarta-feira (29), no munic\u00edpio de Petrolina<\/i><\/div>\n<div><\/div>\n<div><\/div>\n<div>Benefici\u00e1rios do Sistema de Sa\u00fade dos Servidores do Estado de Pernambuco (Sassepe), em Petrolina e regi\u00e3o, t\u00eam agora nova estrutura de atendimento na ag\u00eancia, localizada no munic\u00edpio. A obra foi entregue e passa a funcionar oficialmente nesta quarta-feira (29). A unidade contou com obras de requalifica\u00e7\u00e3o do piso ao telhado, com segura adequa\u00e7\u00e3o de equipamentos para idosos e deficientes f\u00edsicos e amplia\u00e7\u00e3o de salas ambulatoriais, passando de quatro para dez. Al\u00e9m da cria\u00e7\u00e3o de uma brinquedoteca.<\/div>\n<div><\/div>\n<div><\/div>\n<div>\u00a0 Desde sua cria\u00e7\u00e3o em 1978, essa \u00e9 a primeira grande reestrutura\u00e7\u00e3o da Ag\u00eancia de Petrolina, com investimento de pouco mais de meio milh\u00e3o de reais, num total de R$ 2 milh\u00f5es aplicados em diversas outras ag\u00eancias em todo o Estado.\u00a0 \u201cO Governo vem investindo intensa e continuamente na sa\u00fade como um todo e o Sistema que atende os nossos servidores \u00e9 parte dessa inclus\u00e3o. Ent\u00e3o, proporcionar conforto e seguran\u00e7a nas unidades do Sassepe, para melhor atender e ofertar novos servi\u00e7os \u00e9 um exemplo das melhorias que estamos fazendo em todo Pernambuco\u201d, afirma a secret\u00e1ria de Administra\u00e7\u00e3o, Ana Mara\u00edza.<\/div>\n<div><\/div>\n<div>Das 12 ag\u00eancias distribu\u00eddas em todo o Estado, al\u00e9m de Petrolina, nove foram contempladas com essa iniciativa nos munic\u00edpios de Afogados da Ingazeira, Caruaru, Surubim, Salgueiro, Carpina, Garanhuns, Ouricuri, Serra Talhada, Arcoverde e Petrolina.\u00a0 \u201cEm todas essas ag\u00eancias, realizamos melhorias em rela\u00e7\u00e3o ao acesso de idosos e deficientes f\u00edsicos, ampliamos o quantitativo de salas para acolher novos especialistas, como tamb\u00e9m climatizarmos ambientes de espera para consultas.<\/div>\n<div><\/div>\n<div>Ou seja, fizemos investimento priorit\u00e1rio no atendimento humanizado para todos os benefici\u00e1rios do sistema Sassepe\u201d, afirma o presidente do Instituto de Aten\u00e7\u00e3o \u00e0 Sa\u00fade e Bem-estar dos Servidores do Estado de Pernambuco (Iassepe), Douglas Rodrigues.<\/div>\n<div><\/div>\n<div>No geral, em todas foram feitas interven\u00e7\u00f5es f\u00edsicas que passaram a garantir acesso seguro para idosos e deficientes f\u00edsicos, amplia\u00e7\u00e3o e duplica\u00e7\u00e3o de salas ambulatoriais, climatiza\u00e7\u00e3o e outras iniciativas semelhantes. As obras duraram pouco mais de um ano e ir\u00e3o beneficiar mais de 160 mil benefici\u00e1rios do Sassepe em todo o Estado.<\/div>\n<div><\/div>\n<div>Novos investimentos \u2013 As pr\u00f3ximas ag\u00eancias a serem contempladas com novos investimentos em requalifica\u00e7\u00e3o e moderniza\u00e7\u00e3o s\u00e3o as dos munic\u00edpios de Palmares e Goiana, que fechar\u00e3o esse ciclo de requalifica\u00e7\u00e3o e moderniza\u00e7\u00e3o em todas as ag\u00eancias. O processo de licita\u00e7\u00e3o j\u00e1 est\u00e1 em curso e a expectativa \u00e9 de que at\u00e9 o final do segundo semestre as obras nessas unidades j\u00e1 sejam entregues.<\/div>\n<div><\/div>\n<div>IASSEPE &#8211; O Instituto de Aten\u00e7\u00e3o \u00e0 Sa\u00fade e Bem-estar dos Servidores do Estado de Pernambuco, criado no dia 6 de setembro de 2000 \u00e9 uma autarquia da administra\u00e7\u00e3o indireta do Estado, vinculada \u00e0 Secretaria de Administra\u00e7\u00e3o \u2013 SAD. E \u00e9 substituto do antigo Instituto de Previd\u00eancia dos Servidores do Estado de Pernambuco (IPSEP).<\/div>\n<div><\/div>\n<div>OUTRAS INFORMA\u00c7\u00d5ES: Ger\u00eancia de Comunica\u00e7\u00e3o do Iassepe (Gecom) Fones: 81 9 94884248\/31834708 Email:\u00a0<a href=\"mailto:imprensa@iassepe.pe.gov.br\" target=\"_blank\" rel=\"noopener\">imprensa@iassepe.pe.gov.br<\/a><\/div>\n<\/div>\n<div><\/div>\n<div><\/div>\n<div><\/div>\n<div>Foto:\u00a0Iassepe\/divulga\u00e7\u00e3o<\/div>\n","protected":false},"excerpt":{"rendered":"<p>Ag\u00eancia passa a funcionar oficialmente nesta quarta-feira (29), no munic\u00edpio de Petrolina Benefici\u00e1rios do Sistema de Sa\u00fade dos Servidores do Estado de Pernambuco (Sassepe), em Petrolina e regi\u00e3o, t\u00eam agora nova estrutura de atendimento na ag\u00eancia, localizada no munic\u00edpio. A obra foi entregue e passa a funcionar oficialmente nesta quarta-feira (29). A unidade contou com obras de requalifica\u00e7\u00e3o do piso ao telhado, com segura adequa\u00e7\u00e3o de equipamentos para idosos e deficientes f\u00edsicos e amplia\u00e7\u00e3o de salas ambulatoriais, passando de quatro para dez. Al\u00e9m da cria\u00e7\u00e3o de uma brinquedoteca. \u00a0 Desde sua cria\u00e7\u00e3o em 1978, essa \u00e9 a primeira grande reestrutura\u00e7\u00e3o da Ag\u00eancia de Petrolina, com investimento de pouco mais de meio milh\u00e3o de reais, num total de R$ 2 milh\u00f5es&hellip; <\/p>\n","protected":false},"author":2,"featured_media":420574,"comment_status":"open","ping_status":"open","sticky":false,"template":"","format":"standard","meta":{"_acf_changed":false,"footnotes":""},"categories":[19],"tags":[],"class_list":["post-420573","post","type-post","status-publish","format-standard","has-post-thumbnail","hentry","category-servidores"],"acf":[],"yoast_head":"<!-- This site is optimized with the Yoast SEO plugin v27.5 - https:\/\/yoast.com\/product\/yoast-seo-wordpress\/ -->\n<title>Governo do Estado entrega amanh\u00e3, obra de requalifica\u00e7\u00e3o e moderniza\u00e7\u00e3o da ag\u00eancia do Sassepe em Petrolina - Blog do Farn\u00e9sio<\/title>\n<meta name=\"robots\" content=\"index, follow, max-snippet:-1, max-image-preview:large, max-video-preview:-1\" \/>\n<link rel=\"canonical\" href=\"https:\/\/blogdofarnesio.com.br\/2026\/04\/governo-do-estado-entrega-amanha-obra-de-requalificacao-e-modernizacao-da-agencia-do-sassepe-em-petrolina\/\" \/>\n<meta property=\"og:locale\" content=\"pt_BR\" \/>\n<meta property=\"og:type\" content=\"article\" \/>\n<meta property=\"og:title\" content=\"Governo do Estado entrega amanh\u00e3, obra de requalifica\u00e7\u00e3o e moderniza\u00e7\u00e3o da ag\u00eancia do Sassepe em Petrolina - Blog do Farn\u00e9sio\" \/>\n<meta property=\"og:description\" content=\"Ag\u00eancia passa a funcionar oficialmente nesta quarta-feira (29), no munic\u00edpio de Petrolina Benefici\u00e1rios do Sistema de Sa\u00fade dos Servidores do Estado de Pernambuco (Sassepe), em Petrolina e regi\u00e3o, t\u00eam agora nova estrutura de atendimento na ag\u00eancia, localizada no munic\u00edpio. A obra foi entregue e passa a funcionar oficialmente nesta quarta-feira (29). A unidade contou com obras de requalifica\u00e7\u00e3o do piso ao telhado, com segura adequa\u00e7\u00e3o de equipamentos para idosos e deficientes f\u00edsicos e amplia\u00e7\u00e3o de salas ambulatoriais, passando de quatro para dez. Al\u00e9m da cria\u00e7\u00e3o de uma brinquedoteca. \u00a0 Desde sua cria\u00e7\u00e3o em 1978, essa \u00e9 a primeira grande reestrutura\u00e7\u00e3o da Ag\u00eancia de Petrolina, com investimento de pouco mais de meio milh\u00e3o de reais, num total de R$ 2 milh\u00f5es&hellip;\" \/>\n<meta property=\"og:url\" content=\"https:\/\/blogdofarnesio.com.br\/2026\/04\/governo-do-estado-entrega-amanha-obra-de-requalificacao-e-modernizacao-da-agencia-do-sassepe-em-petrolina\/\" \/>\n<meta property=\"og:site_name\" content=\"Blog do Farn\u00e9sio\" \/>\n<meta property=\"article:publisher\" content=\"https:\/\/www.facebook.com\/BlogQuerSaberPolitica\/\" \/>\n<meta property=\"article:author\" content=\"https:\/\/www.facebook.com\/?ref=tn_tnmn\" \/>\n<meta property=\"article:published_time\" content=\"2026-04-28T17:42:35+00:00\" \/>\n<meta property=\"og:image\" content=\"https:\/\/blogdofarnesio.com.br\/wp-content\/uploads\/2026\/04\/Iassepe-Divulgacao-e1777392447595.jpeg\" \/>\n\t<meta property=\"og:image:width\" content=\"600\" \/>\n\t<meta property=\"og:image:height\" content=\"450\" \/>\n\t<meta property=\"og:image:type\" content=\"image\/jpeg\" \/>\n<meta name=\"author\" content=\"Farn\u00e9sio\" \/>\n<meta name=\"twitter:card\" content=\"summary_large_image\" \/>\n<meta name=\"twitter:label1\" content=\"Escrito por\" \/>\n\t<meta name=\"twitter:data1\" content=\"Farn\u00e9sio\" \/>\n\t<meta name=\"twitter:label2\" content=\"Est. tempo de leitura\" \/>\n\t<meta name=\"twitter:data2\" content=\"3 minutos\" \/>\n<script type=\"application\/ld+json\" class=\"yoast-schema-graph\">{\"@context\":\"https:\\\/\\\/schema.org\",\"@graph\":[{\"@type\":\"Article\",\"@id\":\"https:\\\/\\\/blogdofarnesio.com.br\\\/2026\\\/04\\\/governo-do-estado-entrega-amanha-obra-de-requalificacao-e-modernizacao-da-agencia-do-sassepe-em-petrolina\\\/#article\",\"isPartOf\":{\"@id\":\"https:\\\/\\\/blogdofarnesio.com.br\\\/2026\\\/04\\\/governo-do-estado-entrega-amanha-obra-de-requalificacao-e-modernizacao-da-agencia-do-sassepe-em-petrolina\\\/\"},\"author\":{\"name\":\"Farn\u00e9sio\",\"@id\":\"https:\\\/\\\/blogdofarnesio.com.br\\\/#\\\/schema\\\/person\\\/bb9b23ae3ad0609ce8df7b6c9e76824d\"},\"headline\":\"Governo do Estado entrega amanh\u00e3, obra de requalifica\u00e7\u00e3o e moderniza\u00e7\u00e3o da ag\u00eancia do Sassepe em Petrolina\",\"datePublished\":\"2026-04-28T17:42:35+00:00\",\"mainEntityOfPage\":{\"@id\":\"https:\\\/\\\/blogdofarnesio.com.br\\\/2026\\\/04\\\/governo-do-estado-entrega-amanha-obra-de-requalificacao-e-modernizacao-da-agencia-do-sassepe-em-petrolina\\\/\"},\"wordCount\":542,\"commentCount\":0,\"publisher\":{\"@id\":\"https:\\\/\\\/blogdofarnesio.com.br\\\/#organization\"},\"image\":{\"@id\":\"https:\\\/\\\/blogdofarnesio.com.br\\\/2026\\\/04\\\/governo-do-estado-entrega-amanha-obra-de-requalificacao-e-modernizacao-da-agencia-do-sassepe-em-petrolina\\\/#primaryimage\"},\"thumbnailUrl\":\"https:\\\/\\\/blogdofarnesio.com.br\\\/wp-content\\\/uploads\\\/2026\\\/04\\\/Iassepe-Divulgacao-e1777392447595.jpeg\",\"articleSection\":[\"Servidores\"],\"inLanguage\":\"pt-BR\",\"potentialAction\":[{\"@type\":\"CommentAction\",\"name\":\"Comment\",\"target\":[\"https:\\\/\\\/blogdofarnesio.com.br\\\/2026\\\/04\\\/governo-do-estado-entrega-amanha-obra-de-requalificacao-e-modernizacao-da-agencia-do-sassepe-em-petrolina\\\/#respond\"]}]},{\"@type\":\"WebPage\",\"@id\":\"https:\\\/\\\/blogdofarnesio.com.br\\\/2026\\\/04\\\/governo-do-estado-entrega-amanha-obra-de-requalificacao-e-modernizacao-da-agencia-do-sassepe-em-petrolina\\\/\",\"url\":\"https:\\\/\\\/blogdofarnesio.com.br\\\/2026\\\/04\\\/governo-do-estado-entrega-amanha-obra-de-requalificacao-e-modernizacao-da-agencia-do-sassepe-em-petrolina\\\/\",\"name\":\"Governo do Estado entrega amanh\u00e3, obra de requalifica\u00e7\u00e3o e moderniza\u00e7\u00e3o da ag\u00eancia do Sassepe em Petrolina - Blog do Farn\u00e9sio\",\"isPartOf\":{\"@id\":\"https:\\\/\\\/blogdofarnesio.com.br\\\/#website\"},\"primaryImageOfPage\":{\"@id\":\"https:\\\/\\\/blogdofarnesio.com.br\\\/2026\\\/04\\\/governo-do-estado-entrega-amanha-obra-de-requalificacao-e-modernizacao-da-agencia-do-sassepe-em-petrolina\\\/#primaryimage\"},\"image\":{\"@id\":\"https:\\\/\\\/blogdofarnesio.com.br\\\/2026\\\/04\\\/governo-do-estado-entrega-amanha-obra-de-requalificacao-e-modernizacao-da-agencia-do-sassepe-em-petrolina\\\/#primaryimage\"},\"thumbnailUrl\":\"https:\\\/\\\/blogdofarnesio.com.br\\\/wp-content\\\/uploads\\\/2026\\\/04\\\/Iassepe-Divulgacao-e1777392447595.jpeg\",\"datePublished\":\"2026-04-28T17:42:35+00:00\",\"breadcrumb\":{\"@id\":\"https:\\\/\\\/blogdofarnesio.com.br\\\/2026\\\/04\\\/governo-do-estado-entrega-amanha-obra-de-requalificacao-e-modernizacao-da-agencia-do-sassepe-em-petrolina\\\/#breadcrumb\"},\"inLanguage\":\"pt-BR\",\"potentialAction\":[{\"@type\":\"ReadAction\",\"target\":[\"https:\\\/\\\/blogdofarnesio.com.br\\\/2026\\\/04\\\/governo-do-estado-entrega-amanha-obra-de-requalificacao-e-modernizacao-da-agencia-do-sassepe-em-petrolina\\\/\"]}]},{\"@type\":\"ImageObject\",\"inLanguage\":\"pt-BR\",\"@id\":\"https:\\\/\\\/blogdofarnesio.com.br\\\/2026\\\/04\\\/governo-do-estado-entrega-amanha-obra-de-requalificacao-e-modernizacao-da-agencia-do-sassepe-em-petrolina\\\/#primaryimage\",\"url\":\"https:\\\/\\\/blogdofarnesio.com.br\\\/wp-content\\\/uploads\\\/2026\\\/04\\\/Iassepe-Divulgacao-e1777392447595.jpeg\",\"contentUrl\":\"https:\\\/\\\/blogdofarnesio.com.br\\\/wp-content\\\/uploads\\\/2026\\\/04\\\/Iassepe-Divulgacao-e1777392447595.jpeg\",\"width\":600,\"height\":450},{\"@type\":\"BreadcrumbList\",\"@id\":\"https:\\\/\\\/blogdofarnesio.com.br\\\/2026\\\/04\\\/governo-do-estado-entrega-amanha-obra-de-requalificacao-e-modernizacao-da-agencia-do-sassepe-em-petrolina\\\/#breadcrumb\",\"itemListElement\":[{\"@type\":\"ListItem\",\"position\":1,\"name\":\"In\u00edcio\",\"item\":\"https:\\\/\\\/blogdofarnesio.com.br\\\/\"},{\"@type\":\"ListItem\",\"position\":2,\"name\":\"Governo do Estado entrega amanh\u00e3, obra de requalifica\u00e7\u00e3o e moderniza\u00e7\u00e3o da ag\u00eancia do Sassepe em Petrolina\"}]},{\"@type\":\"WebSite\",\"@id\":\"https:\\\/\\\/blogdofarnesio.com.br\\\/#website\",\"url\":\"https:\\\/\\\/blogdofarnesio.com.br\\\/\",\"name\":\"Blog do Farn\u00e9sio\",\"description\":\"Quer Saber Pol\u00edtica?\",\"publisher\":{\"@id\":\"https:\\\/\\\/blogdofarnesio.com.br\\\/#organization\"},\"potentialAction\":[{\"@type\":\"SearchAction\",\"target\":{\"@type\":\"EntryPoint\",\"urlTemplate\":\"https:\\\/\\\/blogdofarnesio.com.br\\\/?s={search_term_string}\"},\"query-input\":{\"@type\":\"PropertyValueSpecification\",\"valueRequired\":true,\"valueName\":\"search_term_string\"}}],\"inLanguage\":\"pt-BR\"},{\"@type\":\"Organization\",\"@id\":\"https:\\\/\\\/blogdofarnesio.com.br\\\/#organization\",\"name\":\"Blog do Farn\u00e9sio\",\"url\":\"https:\\\/\\\/blogdofarnesio.com.br\\\/\",\"logo\":{\"@type\":\"ImageObject\",\"inLanguage\":\"pt-BR\",\"@id\":\"https:\\\/\\\/blogdofarnesio.com.br\\\/#\\\/schema\\\/logo\\\/image\\\/\",\"url\":\"https:\\\/\\\/blogdofarnesio.com.br\\\/wp-content\\\/uploads\\\/2026\\\/03\\\/cropped-logo_new-1.png\",\"contentUrl\":\"https:\\\/\\\/blogdofarnesio.com.br\\\/wp-content\\\/uploads\\\/2026\\\/03\\\/cropped-logo_new-1.png\",\"width\":881,\"height\":685,\"caption\":\"Blog do Farn\u00e9sio\"},\"image\":{\"@id\":\"https:\\\/\\\/blogdofarnesio.com.br\\\/#\\\/schema\\\/logo\\\/image\\\/\"},\"sameAs\":[\"https:\\\/\\\/www.facebook.com\\\/BlogQuerSaberPolitica\\\/\"]},{\"@type\":\"Person\",\"@id\":\"https:\\\/\\\/blogdofarnesio.com.br\\\/#\\\/schema\\\/person\\\/bb9b23ae3ad0609ce8df7b6c9e76824d\",\"name\":\"Farn\u00e9sio\",\"image\":{\"@type\":\"ImageObject\",\"inLanguage\":\"pt-BR\",\"@id\":\"https:\\\/\\\/secure.gravatar.com\\\/avatar\\\/986aa4c61ccdb66f8555bf88fc2a65609d00bcabd4d2d94377a727547345cbca?s=96&d=mm&r=g\",\"url\":\"https:\\\/\\\/secure.gravatar.com\\\/avatar\\\/986aa4c61ccdb66f8555bf88fc2a65609d00bcabd4d2d94377a727547345cbca?s=96&d=mm&r=g\",\"contentUrl\":\"https:\\\/\\\/secure.gravatar.com\\\/avatar\\\/986aa4c61ccdb66f8555bf88fc2a65609d00bcabd4d2d94377a727547345cbca?s=96&d=mm&r=g\",\"caption\":\"Farn\u00e9sio\"},\"description\":\"Radialista blogueiro, chegou a Petrolina\\\/Juazeiro em setembro de 1980, Farn\u00e9sio Silva \u00e9 de Arapiraca-Alagoas.\",\"sameAs\":[\"http:\\\/\\\/blogdofarnesio.com.br\",\"https:\\\/\\\/www.facebook.com\\\/?ref=tn_tnmn\",\"https:\\\/\\\/www.instagram.com\\\/?utm_source=pwa_homescreen\",\"https:\\\/\\\/youtube.com.br\\\/\"],\"url\":\"https:\\\/\\\/blogdofarnesio.com.br\\\/author\\\/farnesio-2\\\/\"}]}<\/script>\n<!-- \/ Yoast SEO plugin. -->","yoast_head_json":{"title":"Governo do Estado entrega amanh\u00e3, obra de requalifica\u00e7\u00e3o e moderniza\u00e7\u00e3o da ag\u00eancia do Sassepe em Petrolina - Blog do Farn\u00e9sio","robots":{"index":"index","follow":"follow","max-snippet":"max-snippet:-1","max-image-preview":"max-image-preview:large","max-video-preview":"max-video-preview:-1"},"canonical":"https:\/\/blogdofarnesio.com.br\/2026\/04\/governo-do-estado-entrega-amanha-obra-de-requalificacao-e-modernizacao-da-agencia-do-sassepe-em-petrolina\/","og_locale":"pt_BR","og_type":"article","og_title":"Governo do Estado entrega amanh\u00e3, obra de requalifica\u00e7\u00e3o e moderniza\u00e7\u00e3o da ag\u00eancia do Sassepe em Petrolina - Blog do Farn\u00e9sio","og_description":"Ag\u00eancia passa a funcionar oficialmente nesta quarta-feira (29), no munic\u00edpio de Petrolina Benefici\u00e1rios do Sistema de Sa\u00fade dos Servidores do Estado de Pernambuco (Sassepe), em Petrolina e regi\u00e3o, t\u00eam agora nova estrutura de atendimento na ag\u00eancia, localizada no munic\u00edpio. A obra foi entregue e passa a funcionar oficialmente nesta quarta-feira (29). A unidade contou com obras de requalifica\u00e7\u00e3o do piso ao telhado, com segura adequa\u00e7\u00e3o de equipamentos para idosos e deficientes f\u00edsicos e amplia\u00e7\u00e3o de salas ambulatoriais, passando de quatro para dez. Al\u00e9m da cria\u00e7\u00e3o de uma brinquedoteca. \u00a0 Desde sua cria\u00e7\u00e3o em 1978, essa \u00e9 a primeira grande reestrutura\u00e7\u00e3o da Ag\u00eancia de Petrolina, com investimento de pouco mais de meio milh\u00e3o de reais, num total de R$ 2 milh\u00f5es&hellip;","og_url":"https:\/\/blogdofarnesio.com.br\/2026\/04\/governo-do-estado-entrega-amanha-obra-de-requalificacao-e-modernizacao-da-agencia-do-sassepe-em-petrolina\/","og_site_name":"Blog do Farn\u00e9sio","article_publisher":"https:\/\/www.facebook.com\/BlogQuerSaberPolitica\/","article_author":"https:\/\/www.facebook.com\/?ref=tn_tnmn","article_published_time":"2026-04-28T17:42:35+00:00","og_image":[{"width":600,"height":450,"url":"https:\/\/blogdofarnesio.com.br\/wp-content\/uploads\/2026\/04\/Iassepe-Divulgacao-e1777392447595.jpeg","type":"image\/jpeg"}],"author":"Farn\u00e9sio","twitter_card":"summary_large_image","twitter_misc":{"Escrito por":"Farn\u00e9sio","Est. tempo de leitura":"3 minutos"},"schema":{"@context":"https:\/\/schema.org","@graph":[{"@type":"Article","@id":"https:\/\/blogdofarnesio.com.br\/2026\/04\/governo-do-estado-entrega-amanha-obra-de-requalificacao-e-modernizacao-da-agencia-do-sassepe-em-petrolina\/#article","isPartOf":{"@id":"https:\/\/blogdofarnesio.com.br\/2026\/04\/governo-do-estado-entrega-amanha-obra-de-requalificacao-e-modernizacao-da-agencia-do-sassepe-em-petrolina\/"},"author":{"name":"Farn\u00e9sio","@id":"https:\/\/blogdofarnesio.com.br\/#\/schema\/person\/bb9b23ae3ad0609ce8df7b6c9e76824d"},"headline":"Governo do Estado entrega amanh\u00e3, obra de requalifica\u00e7\u00e3o e moderniza\u00e7\u00e3o da ag\u00eancia do Sassepe em Petrolina","datePublished":"2026-04-28T17:42:35+00:00","mainEntityOfPage":{"@id":"https:\/\/blogdofarnesio.com.br\/2026\/04\/governo-do-estado-entrega-amanha-obra-de-requalificacao-e-modernizacao-da-agencia-do-sassepe-em-petrolina\/"},"wordCount":542,"commentCount":0,"publisher":{"@id":"https:\/\/blogdofarnesio.com.br\/#organization"},"image":{"@id":"https:\/\/blogdofarnesio.com.br\/2026\/04\/governo-do-estado-entrega-amanha-obra-de-requalificacao-e-modernizacao-da-agencia-do-sassepe-em-petrolina\/#primaryimage"},"thumbnailUrl":"https:\/\/blogdofarnesio.com.br\/wp-content\/uploads\/2026\/04\/Iassepe-Divulgacao-e1777392447595.jpeg","articleSection":["Servidores"],"inLanguage":"pt-BR","potentialAction":[{"@type":"CommentAction","name":"Comment","target":["https:\/\/blogdofarnesio.com.br\/2026\/04\/governo-do-estado-entrega-amanha-obra-de-requalificacao-e-modernizacao-da-agencia-do-sassepe-em-petrolina\/#respond"]}]},{"@type":"WebPage","@id":"https:\/\/blogdofarnesio.com.br\/2026\/04\/governo-do-estado-entrega-amanha-obra-de-requalificacao-e-modernizacao-da-agencia-do-sassepe-em-petrolina\/","url":"https:\/\/blogdofarnesio.com.br\/2026\/04\/governo-do-estado-entrega-amanha-obra-de-requalificacao-e-modernizacao-da-agencia-do-sassepe-em-petrolina\/","name":"Governo do Estado entrega amanh\u00e3, obra de requalifica\u00e7\u00e3o e moderniza\u00e7\u00e3o da ag\u00eancia do Sassepe em Petrolina - Blog do Farn\u00e9sio","isPartOf":{"@id":"https:\/\/blogdofarnesio.com.br\/#website"},"primaryImageOfPage":{"@id":"https:\/\/blogdofarnesio.com.br\/2026\/04\/governo-do-estado-entrega-amanha-obra-de-requalificacao-e-modernizacao-da-agencia-do-sassepe-em-petrolina\/#primaryimage"},"image":{"@id":"https:\/\/blogdofarnesio.com.br\/2026\/04\/governo-do-estado-entrega-amanha-obra-de-requalificacao-e-modernizacao-da-agencia-do-sassepe-em-petrolina\/#primaryimage"},"thumbnailUrl":"https:\/\/blogdofarnesio.com.br\/wp-content\/uploads\/2026\/04\/Iassepe-Divulgacao-e1777392447595.jpeg","datePublished":"2026-04-28T17:42:35+00:00","breadcrumb":{"@id":"https:\/\/blogdofarnesio.com.br\/2026\/04\/governo-do-estado-entrega-amanha-obra-de-requalificacao-e-modernizacao-da-agencia-do-sassepe-em-petrolina\/#breadcrumb"},"inLanguage":"pt-BR","potentialAction":[{"@type":"ReadAction","target":["https:\/\/blogdofarnesio.com.br\/2026\/04\/governo-do-estado-entrega-amanha-obra-de-requalificacao-e-modernizacao-da-agencia-do-sassepe-em-petrolina\/"]}]},{"@type":"ImageObject","inLanguage":"pt-BR","@id":"https:\/\/blogdofarnesio.com.br\/2026\/04\/governo-do-estado-entrega-amanha-obra-de-requalificacao-e-modernizacao-da-agencia-do-sassepe-em-petrolina\/#primaryimage","url":"https:\/\/blogdofarnesio.com.br\/wp-content\/uploads\/2026\/04\/Iassepe-Divulgacao-e1777392447595.jpeg","contentUrl":"https:\/\/blogdofarnesio.com.br\/wp-content\/uploads\/2026\/04\/Iassepe-Divulgacao-e1777392447595.jpeg","width":600,"height":450},{"@type":"BreadcrumbList","@id":"https:\/\/blogdofarnesio.com.br\/2026\/04\/governo-do-estado-entrega-amanha-obra-de-requalificacao-e-modernizacao-da-agencia-do-sassepe-em-petrolina\/#breadcrumb","itemListElement":[{"@type":"ListItem","position":1,"name":"In\u00edcio","item":"https:\/\/blogdofarnesio.com.br\/"},{"@type":"ListItem","position":2,"name":"Governo do Estado entrega amanh\u00e3, obra de requalifica\u00e7\u00e3o e moderniza\u00e7\u00e3o da ag\u00eancia do Sassepe em Petrolina"}]},{"@type":"WebSite","@id":"https:\/\/blogdofarnesio.com.br\/#website","url":"https:\/\/blogdofarnesio.com.br\/","name":"Blog do Farn\u00e9sio","description":"Quer Saber Pol\u00edtica?","publisher":{"@id":"https:\/\/blogdofarnesio.com.br\/#organization"},"potentialAction":[{"@type":"SearchAction","target":{"@type":"EntryPoint","urlTemplate":"https:\/\/blogdofarnesio.com.br\/?s={search_term_string}"},"query-input":{"@type":"PropertyValueSpecification","valueRequired":true,"valueName":"search_term_string"}}],"inLanguage":"pt-BR"},{"@type":"Organization","@id":"https:\/\/blogdofarnesio.com.br\/#organization","name":"Blog do Farn\u00e9sio","url":"https:\/\/blogdofarnesio.com.br\/","logo":{"@type":"ImageObject","inLanguage":"pt-BR","@id":"https:\/\/blogdofarnesio.com.br\/#\/schema\/logo\/image\/","url":"https:\/\/blogdofarnesio.com.br\/wp-content\/uploads\/2026\/03\/cropped-logo_new-1.png","contentUrl":"https:\/\/blogdofarnesio.com.br\/wp-content\/uploads\/2026\/03\/cropped-logo_new-1.png","width":881,"height":685,"caption":"Blog do Farn\u00e9sio"},"image":{"@id":"https:\/\/blogdofarnesio.com.br\/#\/schema\/logo\/image\/"},"sameAs":["https:\/\/www.facebook.com\/BlogQuerSaberPolitica\/"]},{"@type":"Person","@id":"https:\/\/blogdofarnesio.com.br\/#\/schema\/person\/bb9b23ae3ad0609ce8df7b6c9e76824d","name":"Farn\u00e9sio","image":{"@type":"ImageObject","inLanguage":"pt-BR","@id":"https:\/\/secure.gravatar.com\/avatar\/986aa4c61ccdb66f8555bf88fc2a65609d00bcabd4d2d94377a727547345cbca?s=96&d=mm&r=g","url":"https:\/\/secure.gravatar.com\/avatar\/986aa4c61ccdb66f8555bf88fc2a65609d00bcabd4d2d94377a727547345cbca?s=96&d=mm&r=g","contentUrl":"https:\/\/secure.gravatar.com\/avatar\/986aa4c61ccdb66f8555bf88fc2a65609d00bcabd4d2d94377a727547345cbca?s=96&d=mm&r=g","caption":"Farn\u00e9sio"},"description":"Radialista blogueiro, chegou a Petrolina\/Juazeiro em setembro de 1980, Farn\u00e9sio Silva \u00e9 de Arapiraca-Alagoas.","sameAs":["http:\/\/blogdofarnesio.com.br","https:\/\/www.facebook.com\/?ref=tn_tnmn","https:\/\/www.instagram.com\/?utm_source=pwa_homescreen","https:\/\/youtube.com.br\/"],"url":"https:\/\/blogdofarnesio.com.br\/author\/farnesio-2\/"}]}},"_links":{"self":[{"href":"https:\/\/blogdofarnesio.com.br\/wp-json\/wp\/v2\/posts\/420573","targetHints":{"allow":["GET"]}}],"collection":[{"href":"https:\/\/blogdofarnesio.com.br\/wp-json\/wp\/v2\/posts"}],"about":[{"href":"https:\/\/blogdofarnesio.com.br\/wp-json\/wp\/v2\/types\/post"}],"author":[{"embeddable":true,"href":"https:\/\/blogdofarnesio.com.br\/wp-json\/wp\/v2\/users\/2"}],"replies":[{"embeddable":true,"href":"https:\/\/blogdofarnesio.com.br\/wp-json\/wp\/v2\/comments?post=420573"}],"version-history":[{"count":1,"href":"https:\/\/blogdofarnesio.com.br\/wp-json\/wp\/v2\/posts\/420573\/revisions"}],"predecessor-version":[{"id":420575,"href":"https:\/\/blogdofarnesio.com.br\/wp-json\/wp\/v2\/posts\/420573\/revisions\/420575"}],"wp:featuredmedia":[{"embeddable":true,"href":"https:\/\/blogdofarnesio.com.br\/wp-json\/wp\/v2\/media\/420574"}],"wp:attachment":[{"href":"https:\/\/blogdofarnesio.com.br\/wp-json\/wp\/v2\/media?parent=420573"}],"wp:term":[{"taxonomy":"category","embeddable":true,"href":"https:\/\/blogdofarnesio.com.br\/wp-json\/wp\/v2\/categories?post=420573"},{"taxonomy":"post_tag","embeddable":true,"href":"https:\/\/blogdofarnesio.com.br\/wp-json\/wp\/v2\/tags?post=420573"}],"curies":[{"name":"wp","href":"https:\/\/api.w.org\/{rel}","templated":true}]}}