{"id":420562,"date":"2026-04-28T08:32:15","date_gmt":"2026-04-28T11:32:15","guid":{"rendered":"https:\/\/blogdofarnesio.com.br\/?p=420562"},"modified":"2026-04-28T08:22:54","modified_gmt":"2026-04-28T11:22:54","slug":"em-nova-pesquisa-quaest-joao-campos-lidera-com-519-dos-validos-e-venceria-no-1o-turno-em-pernambuco","status":"publish","type":"post","link":"https:\/\/blogdofarnesio.com.br\/?p=420562","title":{"rendered":"Em nova pesquisa Quaest, Jo\u00e3o Campos lidera com 51,9% dos v\u00e1lidos e venceria no 1\u00ba turno em Pernambuco"},"content":{"rendered":"<div class=\"elementor-element elementor-element-7d2fc729 titulo-post elementor-widget elementor-widget-theme-post-title elementor-page-title elementor-widget-heading\" data-id=\"7d2fc729\" data-element_type=\"widget\" data-widget_type=\"theme-post-title.default\">\n<div class=\"elementor-widget-container\"><\/div>\n<\/div>\n<section class=\"elementor-section elementor-inner-section elementor-element elementor-element-7e25a070 elementor-section-boxed elementor-section-height-default elementor-section-height-default\" data-id=\"7e25a070\" data-element_type=\"section\">\n<div class=\"elementor-container elementor-column-gap-default\">\n<div class=\"elementor-column elementor-col-50 elementor-inner-column elementor-element elementor-element-24f401b5\" data-id=\"24f401b5\" data-element_type=\"column\">\n<div class=\"elementor-widget-wrap elementor-element-populated\">\n<div class=\"elementor-element elementor-element-6b34b66e elementor-share-buttons--view-icon elementor-share-buttons--skin-flat elementor-share-buttons--align-right elementor-share-buttons--shape-square elementor-grid-0 elementor-share-buttons--color-official elementor-widget elementor-widget-share-buttons\" data-id=\"6b34b66e\" data-element_type=\"widget\" data-settings=\"{&quot;share_url&quot;:{&quot;url&quot;:&quot;https:\\\/\\\/blogdomagno.com.br\\\/quaest-joao-campos-lidera-com-519-dos-validos-e-venceria-no-1o-turno-em-pernambuco\\\/&quot;,&quot;is_external&quot;:&quot;&quot;,&quot;nofollow&quot;:&quot;&quot;,&quot;custom_attributes&quot;:&quot;&quot;}}\" data-widget_type=\"share-buttons.default\">\n<div class=\"elementor-widget-container\">\n<div class=\"elementor-grid\"><\/div>\n<\/div>\n<\/div>\n<\/div>\n<\/div>\n<\/div>\n<\/section>\n<div class=\"elementor-element elementor-element-7f30e03 elementor-widget elementor-widget-image\" data-id=\"7f30e03\" data-element_type=\"widget\" data-widget_type=\"image.default\">\n<div class=\"elementor-widget-container\"><\/div>\n<\/div>\n<div class=\"elementor-element elementor-element-746f5ae4 elementor-widget elementor-widget-theme-post-content\" data-id=\"746f5ae4\" data-element_type=\"widget\" data-widget_type=\"theme-post-content.default\">\n<div class=\"elementor-widget-container\">\n<p>O ex-prefeito do Recife, Jo\u00e3o Campos (PSB), comprova favoritismo e venceria a disputa pelo Governo de Pernambuco j\u00e1 no primeiro turno, com 52,5% dos votos v\u00e1lidos, segundo pesquisa Quaest divulgada nesta ter\u00e7a-feira (28). No levantamento, a governadora Raquel Lyra (PSD) aparece com 42% dos votos v\u00e1lidos, enquanto outros candidatos somam 5,1%. Este \u00e9 o primeiro estudo do instituto divulgado em 2026 sobre a corrida pelo Pal\u00e1cio do Campo das Princesas.<\/p>\n<p>O resultado consolida um cen\u00e1rio de lideran\u00e7a consistente de Jo\u00e3o Campos, que ultrapassa a maioria absoluta dos votos v\u00e1lidos \u2013 patamar necess\u00e1rio para liquidar a elei\u00e7\u00e3o sem necessidade de segundo turno. A diferen\u00e7a de quase nove pontos percentuais sobre a atual governadora refor\u00e7a a tend\u00eancia j\u00e1 observada em outros levantamentos, indicando vantagem do socialista neste momento da disputa.<\/p>\n<p>Nos votos totais, que incluem indecisos, brancos e nulos, o quadro tamb\u00e9m aponta lideran\u00e7a do ex-prefeito.<br \/>\nJo\u00e3o Campos registra 42%<br \/>\ndas inten\u00e7\u00f5es de voto, seguido por Raquel Lyra, com 34%. Na sequ\u00eancia aparecem Eduardo Moura, com 3%, e Ivan Moraes, com 1%. O percentual de eleitores indecisos chega a 12%.<\/p>\n<p>A pesquisa, contratada pela Genial Investimentos e registrada no Tribunal Superior Eleitoral (TSE) sob o n\u00famero PE-08904\/2026, entrevistou presencialmente 900 eleitores pernambucanos entre os dias 22 e 26 de abril. A margem de erro estimada \u00e9 de tr\u00eas pontos percentuais, para mais ou para menos, com n\u00edvel de confian\u00e7a de 95%.<\/p>\n<p>Blogdomagno<\/p>\n<\/div>\n<\/div>\n","protected":false},"excerpt":{"rendered":"<p>O ex-prefeito do Recife, Jo\u00e3o Campos (PSB), comprova favoritismo e venceria a disputa pelo Governo de Pernambuco j\u00e1 no primeiro turno, com 52,5% dos votos v\u00e1lidos, segundo pesquisa Quaest divulgada nesta ter\u00e7a-feira (28). No levantamento, a governadora Raquel Lyra (PSD) aparece com 42% dos votos v\u00e1lidos, enquanto outros candidatos somam 5,1%. Este \u00e9 o primeiro estudo do instituto divulgado em 2026 sobre a corrida pelo Pal\u00e1cio do Campo das Princesas. O resultado consolida um cen\u00e1rio de lideran\u00e7a consistente de Jo\u00e3o Campos, que ultrapassa a maioria absoluta dos votos v\u00e1lidos \u2013 patamar necess\u00e1rio para liquidar a elei\u00e7\u00e3o sem necessidade de segundo turno. A diferen\u00e7a de quase nove pontos percentuais sobre a atual governadora refor\u00e7a a tend\u00eancia j\u00e1 observada em outros levantamentos,&hellip; <\/p>\n","protected":false},"author":2,"featured_media":420563,"comment_status":"open","ping_status":"open","sticky":false,"template":"","format":"standard","meta":{"_acf_changed":false,"footnotes":""},"categories":[51],"tags":[],"class_list":["post-420562","post","type-post","status-publish","format-standard","has-post-thumbnail","hentry","category-pesquisa"],"acf":[],"yoast_head":"<!-- This site is optimized with the Yoast SEO plugin v27.4 - https:\/\/yoast.com\/product\/yoast-seo-wordpress\/ -->\n<title>Em nova pesquisa Quaest, Jo\u00e3o Campos lidera com 51,9% dos v\u00e1lidos e venceria no 1\u00ba turno em Pernambuco - Blog do Farn\u00e9sio<\/title>\n<meta name=\"robots\" content=\"index, follow, max-snippet:-1, max-image-preview:large, max-video-preview:-1\" \/>\n<link rel=\"canonical\" href=\"https:\/\/blogdofarnesio.com.br\/?p=420562\" \/>\n<meta property=\"og:locale\" content=\"pt_BR\" \/>\n<meta property=\"og:type\" content=\"article\" \/>\n<meta property=\"og:title\" content=\"Em nova pesquisa Quaest, Jo\u00e3o Campos lidera com 51,9% dos v\u00e1lidos e venceria no 1\u00ba turno em Pernambuco - Blog do Farn\u00e9sio\" \/>\n<meta property=\"og:description\" content=\"O ex-prefeito do Recife, Jo\u00e3o Campos (PSB), comprova favoritismo e venceria a disputa pelo Governo de Pernambuco j\u00e1 no primeiro turno, com 52,5% dos votos v\u00e1lidos, segundo pesquisa Quaest divulgada nesta ter\u00e7a-feira (28). No levantamento, a governadora Raquel Lyra (PSD) aparece com 42% dos votos v\u00e1lidos, enquanto outros candidatos somam 5,1%. Este \u00e9 o primeiro estudo do instituto divulgado em 2026 sobre a corrida pelo Pal\u00e1cio do Campo das Princesas. O resultado consolida um cen\u00e1rio de lideran\u00e7a consistente de Jo\u00e3o Campos, que ultrapassa a maioria absoluta dos votos v\u00e1lidos \u2013 patamar necess\u00e1rio para liquidar a elei\u00e7\u00e3o sem necessidade de segundo turno. A diferen\u00e7a de quase nove pontos percentuais sobre a atual governadora refor\u00e7a a tend\u00eancia j\u00e1 observada em outros levantamentos,&hellip;\" \/>\n<meta property=\"og:url\" content=\"https:\/\/blogdofarnesio.com.br\/?p=420562\" \/>\n<meta property=\"og:site_name\" content=\"Blog do Farn\u00e9sio\" \/>\n<meta property=\"article:publisher\" content=\"https:\/\/www.facebook.com\/BlogQuerSaberPolitica\/\" \/>\n<meta property=\"article:author\" content=\"https:\/\/www.facebook.com\/?ref=tn_tnmn\" \/>\n<meta property=\"article:published_time\" content=\"2026-04-28T11:32:15+00:00\" \/>\n<meta property=\"og:image\" content=\"https:\/\/blogdofarnesio.com.br\/wp-content\/uploads\/2026\/04\/blogqspjoao-campos-raquel-e1777375353166.png\" \/>\n\t<meta property=\"og:image:width\" content=\"670\" \/>\n\t<meta property=\"og:image:height\" content=\"401\" \/>\n\t<meta property=\"og:image:type\" content=\"image\/png\" \/>\n<meta name=\"author\" content=\"Farn\u00e9sio\" \/>\n<meta name=\"twitter:card\" content=\"summary_large_image\" \/>\n<meta name=\"twitter:label1\" content=\"Escrito por\" \/>\n\t<meta name=\"twitter:data1\" content=\"Farn\u00e9sio\" \/>\n\t<meta name=\"twitter:label2\" content=\"Est. tempo de leitura\" \/>\n\t<meta name=\"twitter:data2\" content=\"2 minutos\" \/>\n<script type=\"application\/ld+json\" class=\"yoast-schema-graph\">{\"@context\":\"https:\\\/\\\/schema.org\",\"@graph\":[{\"@type\":\"Article\",\"@id\":\"https:\\\/\\\/blogdofarnesio.com.br\\\/?p=420562#article\",\"isPartOf\":{\"@id\":\"https:\\\/\\\/blogdofarnesio.com.br\\\/?p=420562\"},\"author\":{\"name\":\"Farn\u00e9sio\",\"@id\":\"https:\\\/\\\/blogdofarnesio.com.br\\\/#\\\/schema\\\/person\\\/bb9b23ae3ad0609ce8df7b6c9e76824d\"},\"headline\":\"Em nova pesquisa Quaest, Jo\u00e3o Campos lidera com 51,9% dos v\u00e1lidos e venceria no 1\u00ba turno em Pernambuco\",\"datePublished\":\"2026-04-28T11:32:15+00:00\",\"mainEntityOfPage\":{\"@id\":\"https:\\\/\\\/blogdofarnesio.com.br\\\/?p=420562\"},\"wordCount\":254,\"commentCount\":0,\"publisher\":{\"@id\":\"https:\\\/\\\/blogdofarnesio.com.br\\\/#organization\"},\"image\":{\"@id\":\"https:\\\/\\\/blogdofarnesio.com.br\\\/?p=420562#primaryimage\"},\"thumbnailUrl\":\"https:\\\/\\\/blogdofarnesio.com.br\\\/wp-content\\\/uploads\\\/2026\\\/04\\\/blogqspjoao-campos-raquel-e1777375353166.png\",\"articleSection\":[\"Pesquisa\"],\"inLanguage\":\"pt-BR\",\"potentialAction\":[{\"@type\":\"CommentAction\",\"name\":\"Comment\",\"target\":[\"https:\\\/\\\/blogdofarnesio.com.br\\\/?p=420562#respond\"]}]},{\"@type\":\"WebPage\",\"@id\":\"https:\\\/\\\/blogdofarnesio.com.br\\\/?p=420562\",\"url\":\"https:\\\/\\\/blogdofarnesio.com.br\\\/?p=420562\",\"name\":\"Em nova pesquisa Quaest, Jo\u00e3o Campos lidera com 51,9% dos v\u00e1lidos e venceria no 1\u00ba turno em Pernambuco - Blog do Farn\u00e9sio\",\"isPartOf\":{\"@id\":\"https:\\\/\\\/blogdofarnesio.com.br\\\/#website\"},\"primaryImageOfPage\":{\"@id\":\"https:\\\/\\\/blogdofarnesio.com.br\\\/?p=420562#primaryimage\"},\"image\":{\"@id\":\"https:\\\/\\\/blogdofarnesio.com.br\\\/?p=420562#primaryimage\"},\"thumbnailUrl\":\"https:\\\/\\\/blogdofarnesio.com.br\\\/wp-content\\\/uploads\\\/2026\\\/04\\\/blogqspjoao-campos-raquel-e1777375353166.png\",\"datePublished\":\"2026-04-28T11:32:15+00:00\",\"breadcrumb\":{\"@id\":\"https:\\\/\\\/blogdofarnesio.com.br\\\/?p=420562#breadcrumb\"},\"inLanguage\":\"pt-BR\",\"potentialAction\":[{\"@type\":\"ReadAction\",\"target\":[\"https:\\\/\\\/blogdofarnesio.com.br\\\/?p=420562\"]}]},{\"@type\":\"ImageObject\",\"inLanguage\":\"pt-BR\",\"@id\":\"https:\\\/\\\/blogdofarnesio.com.br\\\/?p=420562#primaryimage\",\"url\":\"https:\\\/\\\/blogdofarnesio.com.br\\\/wp-content\\\/uploads\\\/2026\\\/04\\\/blogqspjoao-campos-raquel-e1777375353166.png\",\"contentUrl\":\"https:\\\/\\\/blogdofarnesio.com.br\\\/wp-content\\\/uploads\\\/2026\\\/04\\\/blogqspjoao-campos-raquel-e1777375353166.png\",\"width\":670,\"height\":401},{\"@type\":\"BreadcrumbList\",\"@id\":\"https:\\\/\\\/blogdofarnesio.com.br\\\/?p=420562#breadcrumb\",\"itemListElement\":[{\"@type\":\"ListItem\",\"position\":1,\"name\":\"In\u00edcio\",\"item\":\"https:\\\/\\\/blogdofarnesio.com.br\\\/\"},{\"@type\":\"ListItem\",\"position\":2,\"name\":\"Em nova pesquisa Quaest, Jo\u00e3o Campos lidera com 51,9% dos v\u00e1lidos e venceria no 1\u00ba turno em Pernambuco\"}]},{\"@type\":\"WebSite\",\"@id\":\"https:\\\/\\\/blogdofarnesio.com.br\\\/#website\",\"url\":\"https:\\\/\\\/blogdofarnesio.com.br\\\/\",\"name\":\"Blog do Farn\u00e9sio\",\"description\":\"Quer Saber Pol\u00edtica?\",\"publisher\":{\"@id\":\"https:\\\/\\\/blogdofarnesio.com.br\\\/#organization\"},\"potentialAction\":[{\"@type\":\"SearchAction\",\"target\":{\"@type\":\"EntryPoint\",\"urlTemplate\":\"https:\\\/\\\/blogdofarnesio.com.br\\\/?s={search_term_string}\"},\"query-input\":{\"@type\":\"PropertyValueSpecification\",\"valueRequired\":true,\"valueName\":\"search_term_string\"}}],\"inLanguage\":\"pt-BR\"},{\"@type\":\"Organization\",\"@id\":\"https:\\\/\\\/blogdofarnesio.com.br\\\/#organization\",\"name\":\"Blog do Farn\u00e9sio\",\"url\":\"https:\\\/\\\/blogdofarnesio.com.br\\\/\",\"logo\":{\"@type\":\"ImageObject\",\"inLanguage\":\"pt-BR\",\"@id\":\"https:\\\/\\\/blogdofarnesio.com.br\\\/#\\\/schema\\\/logo\\\/image\\\/\",\"url\":\"https:\\\/\\\/blogdofarnesio.com.br\\\/wp-content\\\/uploads\\\/2026\\\/03\\\/cropped-logo_new-1.png\",\"contentUrl\":\"https:\\\/\\\/blogdofarnesio.com.br\\\/wp-content\\\/uploads\\\/2026\\\/03\\\/cropped-logo_new-1.png\",\"width\":881,\"height\":685,\"caption\":\"Blog do Farn\u00e9sio\"},\"image\":{\"@id\":\"https:\\\/\\\/blogdofarnesio.com.br\\\/#\\\/schema\\\/logo\\\/image\\\/\"},\"sameAs\":[\"https:\\\/\\\/www.facebook.com\\\/BlogQuerSaberPolitica\\\/\"]},{\"@type\":\"Person\",\"@id\":\"https:\\\/\\\/blogdofarnesio.com.br\\\/#\\\/schema\\\/person\\\/bb9b23ae3ad0609ce8df7b6c9e76824d\",\"name\":\"Farn\u00e9sio\",\"image\":{\"@type\":\"ImageObject\",\"inLanguage\":\"pt-BR\",\"@id\":\"https:\\\/\\\/secure.gravatar.com\\\/avatar\\\/986aa4c61ccdb66f8555bf88fc2a65609d00bcabd4d2d94377a727547345cbca?s=96&d=mm&r=g\",\"url\":\"https:\\\/\\\/secure.gravatar.com\\\/avatar\\\/986aa4c61ccdb66f8555bf88fc2a65609d00bcabd4d2d94377a727547345cbca?s=96&d=mm&r=g\",\"contentUrl\":\"https:\\\/\\\/secure.gravatar.com\\\/avatar\\\/986aa4c61ccdb66f8555bf88fc2a65609d00bcabd4d2d94377a727547345cbca?s=96&d=mm&r=g\",\"caption\":\"Farn\u00e9sio\"},\"description\":\"Radialista blogueiro, chegou a Petrolina\\\/Juazeiro em setembro de 1980, Farn\u00e9sio Silva \u00e9 de Arapiraca-Alagoas.\",\"sameAs\":[\"http:\\\/\\\/blogdofarnesio.com.br\",\"https:\\\/\\\/www.facebook.com\\\/?ref=tn_tnmn\",\"https:\\\/\\\/www.instagram.com\\\/?utm_source=pwa_homescreen\",\"https:\\\/\\\/youtube.com.br\\\/\"],\"url\":\"https:\\\/\\\/blogdofarnesio.com.br\\\/?author=2\"}]}<\/script>\n<!-- \/ Yoast SEO plugin. -->","yoast_head_json":{"title":"Em nova pesquisa Quaest, Jo\u00e3o Campos lidera com 51,9% dos v\u00e1lidos e venceria no 1\u00ba turno em Pernambuco - Blog do Farn\u00e9sio","robots":{"index":"index","follow":"follow","max-snippet":"max-snippet:-1","max-image-preview":"max-image-preview:large","max-video-preview":"max-video-preview:-1"},"canonical":"https:\/\/blogdofarnesio.com.br\/?p=420562","og_locale":"pt_BR","og_type":"article","og_title":"Em nova pesquisa Quaest, Jo\u00e3o Campos lidera com 51,9% dos v\u00e1lidos e venceria no 1\u00ba turno em Pernambuco - Blog do Farn\u00e9sio","og_description":"O ex-prefeito do Recife, Jo\u00e3o Campos (PSB), comprova favoritismo e venceria a disputa pelo Governo de Pernambuco j\u00e1 no primeiro turno, com 52,5% dos votos v\u00e1lidos, segundo pesquisa Quaest divulgada nesta ter\u00e7a-feira (28). No levantamento, a governadora Raquel Lyra (PSD) aparece com 42% dos votos v\u00e1lidos, enquanto outros candidatos somam 5,1%. Este \u00e9 o primeiro estudo do instituto divulgado em 2026 sobre a corrida pelo Pal\u00e1cio do Campo das Princesas. O resultado consolida um cen\u00e1rio de lideran\u00e7a consistente de Jo\u00e3o Campos, que ultrapassa a maioria absoluta dos votos v\u00e1lidos \u2013 patamar necess\u00e1rio para liquidar a elei\u00e7\u00e3o sem necessidade de segundo turno. A diferen\u00e7a de quase nove pontos percentuais sobre a atual governadora refor\u00e7a a tend\u00eancia j\u00e1 observada em outros levantamentos,&hellip;","og_url":"https:\/\/blogdofarnesio.com.br\/?p=420562","og_site_name":"Blog do Farn\u00e9sio","article_publisher":"https:\/\/www.facebook.com\/BlogQuerSaberPolitica\/","article_author":"https:\/\/www.facebook.com\/?ref=tn_tnmn","article_published_time":"2026-04-28T11:32:15+00:00","og_image":[{"width":670,"height":401,"url":"https:\/\/blogdofarnesio.com.br\/wp-content\/uploads\/2026\/04\/blogqspjoao-campos-raquel-e1777375353166.png","type":"image\/png"}],"author":"Farn\u00e9sio","twitter_card":"summary_large_image","twitter_misc":{"Escrito por":"Farn\u00e9sio","Est. tempo de leitura":"2 minutos"},"schema":{"@context":"https:\/\/schema.org","@graph":[{"@type":"Article","@id":"https:\/\/blogdofarnesio.com.br\/?p=420562#article","isPartOf":{"@id":"https:\/\/blogdofarnesio.com.br\/?p=420562"},"author":{"name":"Farn\u00e9sio","@id":"https:\/\/blogdofarnesio.com.br\/#\/schema\/person\/bb9b23ae3ad0609ce8df7b6c9e76824d"},"headline":"Em nova pesquisa Quaest, Jo\u00e3o Campos lidera com 51,9% dos v\u00e1lidos e venceria no 1\u00ba turno em Pernambuco","datePublished":"2026-04-28T11:32:15+00:00","mainEntityOfPage":{"@id":"https:\/\/blogdofarnesio.com.br\/?p=420562"},"wordCount":254,"commentCount":0,"publisher":{"@id":"https:\/\/blogdofarnesio.com.br\/#organization"},"image":{"@id":"https:\/\/blogdofarnesio.com.br\/?p=420562#primaryimage"},"thumbnailUrl":"https:\/\/blogdofarnesio.com.br\/wp-content\/uploads\/2026\/04\/blogqspjoao-campos-raquel-e1777375353166.png","articleSection":["Pesquisa"],"inLanguage":"pt-BR","potentialAction":[{"@type":"CommentAction","name":"Comment","target":["https:\/\/blogdofarnesio.com.br\/?p=420562#respond"]}]},{"@type":"WebPage","@id":"https:\/\/blogdofarnesio.com.br\/?p=420562","url":"https:\/\/blogdofarnesio.com.br\/?p=420562","name":"Em nova pesquisa Quaest, Jo\u00e3o Campos lidera com 51,9% dos v\u00e1lidos e venceria no 1\u00ba turno em Pernambuco - Blog do Farn\u00e9sio","isPartOf":{"@id":"https:\/\/blogdofarnesio.com.br\/#website"},"primaryImageOfPage":{"@id":"https:\/\/blogdofarnesio.com.br\/?p=420562#primaryimage"},"image":{"@id":"https:\/\/blogdofarnesio.com.br\/?p=420562#primaryimage"},"thumbnailUrl":"https:\/\/blogdofarnesio.com.br\/wp-content\/uploads\/2026\/04\/blogqspjoao-campos-raquel-e1777375353166.png","datePublished":"2026-04-28T11:32:15+00:00","breadcrumb":{"@id":"https:\/\/blogdofarnesio.com.br\/?p=420562#breadcrumb"},"inLanguage":"pt-BR","potentialAction":[{"@type":"ReadAction","target":["https:\/\/blogdofarnesio.com.br\/?p=420562"]}]},{"@type":"ImageObject","inLanguage":"pt-BR","@id":"https:\/\/blogdofarnesio.com.br\/?p=420562#primaryimage","url":"https:\/\/blogdofarnesio.com.br\/wp-content\/uploads\/2026\/04\/blogqspjoao-campos-raquel-e1777375353166.png","contentUrl":"https:\/\/blogdofarnesio.com.br\/wp-content\/uploads\/2026\/04\/blogqspjoao-campos-raquel-e1777375353166.png","width":670,"height":401},{"@type":"BreadcrumbList","@id":"https:\/\/blogdofarnesio.com.br\/?p=420562#breadcrumb","itemListElement":[{"@type":"ListItem","position":1,"name":"In\u00edcio","item":"https:\/\/blogdofarnesio.com.br\/"},{"@type":"ListItem","position":2,"name":"Em nova pesquisa Quaest, Jo\u00e3o Campos lidera com 51,9% dos v\u00e1lidos e venceria no 1\u00ba turno em Pernambuco"}]},{"@type":"WebSite","@id":"https:\/\/blogdofarnesio.com.br\/#website","url":"https:\/\/blogdofarnesio.com.br\/","name":"Blog do Farn\u00e9sio","description":"Quer Saber Pol\u00edtica?","publisher":{"@id":"https:\/\/blogdofarnesio.com.br\/#organization"},"potentialAction":[{"@type":"SearchAction","target":{"@type":"EntryPoint","urlTemplate":"https:\/\/blogdofarnesio.com.br\/?s={search_term_string}"},"query-input":{"@type":"PropertyValueSpecification","valueRequired":true,"valueName":"search_term_string"}}],"inLanguage":"pt-BR"},{"@type":"Organization","@id":"https:\/\/blogdofarnesio.com.br\/#organization","name":"Blog do Farn\u00e9sio","url":"https:\/\/blogdofarnesio.com.br\/","logo":{"@type":"ImageObject","inLanguage":"pt-BR","@id":"https:\/\/blogdofarnesio.com.br\/#\/schema\/logo\/image\/","url":"https:\/\/blogdofarnesio.com.br\/wp-content\/uploads\/2026\/03\/cropped-logo_new-1.png","contentUrl":"https:\/\/blogdofarnesio.com.br\/wp-content\/uploads\/2026\/03\/cropped-logo_new-1.png","width":881,"height":685,"caption":"Blog do Farn\u00e9sio"},"image":{"@id":"https:\/\/blogdofarnesio.com.br\/#\/schema\/logo\/image\/"},"sameAs":["https:\/\/www.facebook.com\/BlogQuerSaberPolitica\/"]},{"@type":"Person","@id":"https:\/\/blogdofarnesio.com.br\/#\/schema\/person\/bb9b23ae3ad0609ce8df7b6c9e76824d","name":"Farn\u00e9sio","image":{"@type":"ImageObject","inLanguage":"pt-BR","@id":"https:\/\/secure.gravatar.com\/avatar\/986aa4c61ccdb66f8555bf88fc2a65609d00bcabd4d2d94377a727547345cbca?s=96&d=mm&r=g","url":"https:\/\/secure.gravatar.com\/avatar\/986aa4c61ccdb66f8555bf88fc2a65609d00bcabd4d2d94377a727547345cbca?s=96&d=mm&r=g","contentUrl":"https:\/\/secure.gravatar.com\/avatar\/986aa4c61ccdb66f8555bf88fc2a65609d00bcabd4d2d94377a727547345cbca?s=96&d=mm&r=g","caption":"Farn\u00e9sio"},"description":"Radialista blogueiro, chegou a Petrolina\/Juazeiro em setembro de 1980, Farn\u00e9sio Silva \u00e9 de Arapiraca-Alagoas.","sameAs":["http:\/\/blogdofarnesio.com.br","https:\/\/www.facebook.com\/?ref=tn_tnmn","https:\/\/www.instagram.com\/?utm_source=pwa_homescreen","https:\/\/youtube.com.br\/"],"url":"https:\/\/blogdofarnesio.com.br\/?author=2"}]}},"_links":{"self":[{"href":"https:\/\/blogdofarnesio.com.br\/index.php?rest_route=\/wp\/v2\/posts\/420562","targetHints":{"allow":["GET"]}}],"collection":[{"href":"https:\/\/blogdofarnesio.com.br\/index.php?rest_route=\/wp\/v2\/posts"}],"about":[{"href":"https:\/\/blogdofarnesio.com.br\/index.php?rest_route=\/wp\/v2\/types\/post"}],"author":[{"embeddable":true,"href":"https:\/\/blogdofarnesio.com.br\/index.php?rest_route=\/wp\/v2\/users\/2"}],"replies":[{"embeddable":true,"href":"https:\/\/blogdofarnesio.com.br\/index.php?rest_route=%2Fwp%2Fv2%2Fcomments&post=420562"}],"version-history":[{"count":1,"href":"https:\/\/blogdofarnesio.com.br\/index.php?rest_route=\/wp\/v2\/posts\/420562\/revisions"}],"predecessor-version":[{"id":420564,"href":"https:\/\/blogdofarnesio.com.br\/index.php?rest_route=\/wp\/v2\/posts\/420562\/revisions\/420564"}],"wp:featuredmedia":[{"embeddable":true,"href":"https:\/\/blogdofarnesio.com.br\/index.php?rest_route=\/wp\/v2\/media\/420563"}],"wp:attachment":[{"href":"https:\/\/blogdofarnesio.com.br\/index.php?rest_route=%2Fwp%2Fv2%2Fmedia&parent=420562"}],"wp:term":[{"taxonomy":"category","embeddable":true,"href":"https:\/\/blogdofarnesio.com.br\/index.php?rest_route=%2Fwp%2Fv2%2Fcategories&post=420562"},{"taxonomy":"post_tag","embeddable":true,"href":"https:\/\/blogdofarnesio.com.br\/index.php?rest_route=%2Fwp%2Fv2%2Ftags&post=420562"}],"curies":[{"name":"wp","href":"https:\/\/api.w.org\/{rel}","templated":true}]}}