{"id":420559,"date":"2026-04-28T10:44:10","date_gmt":"2026-04-28T13:44:10","guid":{"rendered":"https:\/\/blogdofarnesio.com.br\/?p=420559"},"modified":"2026-04-28T08:10:08","modified_gmt":"2026-04-28T11:10:08","slug":"audiencia-publica-discute-crise-de-saneamento-basico-no-jardim-petropolis-e-cobra-resposta-da-prefeitura-de-petrolina","status":"publish","type":"post","link":"https:\/\/blogdofarnesio.com.br\/2026\/04\/audiencia-publica-discute-crise-de-saneamento-basico-no-jardim-petropolis-e-cobra-resposta-da-prefeitura-de-petrolina\/","title":{"rendered":"Audi\u00eancia p\u00fablica discutir\u00e1 crise de saneamento b\u00e1sico no Jardim Petr\u00f3polis e cobra resposta da Prefeitura de Petrolina"},"content":{"rendered":"<p dir=\"ltr\">Diante de uma crise hist\u00f3rica de saneamento b\u00e1sico no bairro Jardim Petr\u00f3polis, em Petrolina, ser\u00e1 realizada amanh\u00e3 (29), \u00e0s 19h, na quadra da igreja do bairro, na antiga rua 17, uma audi\u00eancia p\u00fablica para debater os impactos diretos na vida da popula\u00e7\u00e3o e cobrar provid\u00eancias do poder p\u00fablico municipal. A iniciativa \u00e9 do vereador Professor Gilmar Santos, autor do requerimento aprovado ainda em 2021 e que h\u00e1 anos vem pautando o tema na C\u00e2mara.<\/p>\n<p dir=\"ltr\">H\u00e1 mais de 20 anos, a comunidade do Jardim Petr\u00f3polis convive com a falta de saneamento b\u00e1sico, problemas de drenagem e infraestrutura insuficiente. Quando chove, o cen\u00e1rio se agrava e as ruas se transformam em uma esp\u00e9cie de lagoa de \u00e1gua suja, invadindo as casas, acumulando lixo e insetos, destruindo m\u00f3veis e outros objetos pessoais, e expondo fam\u00edlias ao mau cheiro e a s\u00e9rios riscos de sa\u00fade.<\/p>\n<p dir=\"ltr\">Durante visitas de fiscaliza\u00e7\u00e3o realizadas pelo mandato, foi constatado crian\u00e7as circulando e brincando nesses espa\u00e7os, enquanto moradores precisam atravessar a \u00e1gua contaminada para realizar atividades do dia a dia. H\u00e1 registros de pessoas que chegam a pescar pequenos peixes nessas \u00e1reas alagadas, revelando um retrato da precariedade e da aus\u00eancia de pol\u00edticas p\u00fablicas efetivas nas periferias da cidade.Apesar de ter sido aprovado h\u00e1 cinco anos, atrav\u00e9s do requerimento de n\u00ba 034\/2021, o debate p\u00fablico s\u00f3 ser\u00e1 realizado agora, em 2026.<\/p>\n<p dir=\"ltr\">Desde o primeiro mandato, iniciado em 2017, o vereador Professor Gilmar vem cobrando solu\u00e7\u00f5es para o Jardim Petr\u00f3polis. Ao longo desse per\u00edodo, o parlamentar j\u00e1 apresentou mais de 200 proposi\u00e7\u00f5es, voltadas \u00e0 amplia\u00e7\u00e3o do saneamento b\u00e1sico em Petrolina, com foco em bairros perif\u00e9ricos historicamente negligenciados pelo poder p\u00fablico, como Dom Avelar, Henrique Leite, Ant\u00f4nio Cassimiro, S\u00e3o Joaquim, Mandacaru, Terras do Sul, Fernando Idalino, Loteamento Vale Dourado, Portal da Cidade, S\u00e3o Gon\u00e7alo, Vale do Grande Rio, Residenciais Nova Vida, Padre C\u00edcero e comunidade do Serrote do Urubu, regi\u00f5es que tamb\u00e9m enfrentam problemas recorrentes de infraestrutura e esgotamento sanit\u00e1rio.<\/p>\n<p dir=\"ltr\">No \u00faltimo dia 23 de abril deste ano, o vereador realizou uma audi\u00eancia p\u00fablica no Residencial Vila Verde para discutir a falta de saneamento b\u00e1sico na comunidade e adjac\u00eancias. Apesar da participa\u00e7\u00e3o expressiva dos moradores e da aprova\u00e7\u00e3o un\u00e2nime da proposta na C\u00e2mara, a Prefeitura de Petrolina n\u00e3o enviou nenhum representante para o evento. Al\u00e9m disso, os 20 vereadores da base do governo tamb\u00e9m n\u00e3o foram ao debate.<\/p>\n<p dir=\"ltr\">\u201c\u00c9 inaceit\u00e1vel que, em 2026, fam\u00edlias ainda convivam com esgoto a c\u00e9u aberto, \u00e1gua invadindo suas casas e crian\u00e7as expostas a doen\u00e7as todos os dias. N\u00e3o falta dinheiro, mas falta prioridade da Prefeitura. Essa audi\u00eancia \u00e9 mais um passo para dar visibilidade e exigir resposta concreta do poder p\u00fablico\u201d, afirmou o vereador Professor Gilmar.<\/p>\n<p dir=\"ltr\">Diante desse hist\u00f3rico, a nova audi\u00eancia no Jardim Petr\u00f3polis busca reunir moradores, \u00f3rg\u00e3os p\u00fablicos e institui\u00e7\u00f5es para discutir encaminhamentos concretos. Foram convidados representantes da Prefeitura, de secretarias municipais, da Compesa, Codevasf, Minist\u00e9rio P\u00fablico e entidades da sociedade civil.<\/p>\n<p dir=\"ltr\">A participa\u00e7\u00e3o da popula\u00e7\u00e3o \u00e9 aberta e considerada decisiva para dar for\u00e7a \u00e0s reivindica\u00e7\u00f5es da comunidade. A expectativa \u00e9 que a audi\u00eancia p\u00fablica resulte em encaminhamentos concretos diante de um problema que se arrasta h\u00e1 d\u00e9cadas. Espera-se, ainda, que desta vez a Prefeitura de Petrolina esteja presente para ouvir a popula\u00e7\u00e3o e assumir responsabilidades diante de uma demanda hist\u00f3rica que n\u00e3o pode mais ser ignorada.<\/p>\n","protected":false},"excerpt":{"rendered":"<p>Diante de uma crise hist\u00f3rica de saneamento b\u00e1sico no bairro Jardim Petr\u00f3polis, em Petrolina, ser\u00e1 realizada amanh\u00e3 (29), \u00e0s 19h, na quadra da igreja do bairro, na antiga rua 17, uma audi\u00eancia p\u00fablica para debater os impactos diretos na vida da popula\u00e7\u00e3o e cobrar provid\u00eancias do poder p\u00fablico municipal. A iniciativa \u00e9 do vereador Professor Gilmar Santos, autor do requerimento aprovado ainda em 2021 e que h\u00e1 anos vem pautando o tema na C\u00e2mara. H\u00e1 mais de 20 anos, a comunidade do Jardim Petr\u00f3polis convive com a falta de saneamento b\u00e1sico, problemas de drenagem e infraestrutura insuficiente. Quando chove, o cen\u00e1rio se agrava e as ruas se transformam em uma esp\u00e9cie de lagoa de \u00e1gua suja, invadindo as casas, acumulando&hellip; <\/p>\n","protected":false},"author":2,"featured_media":333813,"comment_status":"open","ping_status":"open","sticky":false,"template":"","format":"standard","meta":{"_acf_changed":false,"footnotes":""},"categories":[43],"tags":[],"class_list":["post-420559","post","type-post","status-publish","format-standard","has-post-thumbnail","hentry","category-sem-categoria"],"acf":[],"yoast_head":"<!-- This site is optimized with the Yoast SEO plugin v27.5 - https:\/\/yoast.com\/product\/yoast-seo-wordpress\/ -->\n<title>Audi\u00eancia p\u00fablica discutir\u00e1 crise de saneamento b\u00e1sico no Jardim Petr\u00f3polis e cobra resposta da Prefeitura de Petrolina - Blog do Farn\u00e9sio<\/title>\n<meta name=\"robots\" content=\"index, follow, max-snippet:-1, max-image-preview:large, max-video-preview:-1\" \/>\n<link rel=\"canonical\" href=\"https:\/\/blogdofarnesio.com.br\/2026\/04\/audiencia-publica-discute-crise-de-saneamento-basico-no-jardim-petropolis-e-cobra-resposta-da-prefeitura-de-petrolina\/\" \/>\n<meta property=\"og:locale\" content=\"pt_BR\" \/>\n<meta property=\"og:type\" content=\"article\" \/>\n<meta property=\"og:title\" content=\"Audi\u00eancia p\u00fablica discutir\u00e1 crise de saneamento b\u00e1sico no Jardim Petr\u00f3polis e cobra resposta da Prefeitura de Petrolina - Blog do Farn\u00e9sio\" \/>\n<meta property=\"og:description\" content=\"Diante de uma crise hist\u00f3rica de saneamento b\u00e1sico no bairro Jardim Petr\u00f3polis, em Petrolina, ser\u00e1 realizada amanh\u00e3 (29), \u00e0s 19h, na quadra da igreja do bairro, na antiga rua 17, uma audi\u00eancia p\u00fablica para debater os impactos diretos na vida da popula\u00e7\u00e3o e cobrar provid\u00eancias do poder p\u00fablico municipal. A iniciativa \u00e9 do vereador Professor Gilmar Santos, autor do requerimento aprovado ainda em 2021 e que h\u00e1 anos vem pautando o tema na C\u00e2mara. H\u00e1 mais de 20 anos, a comunidade do Jardim Petr\u00f3polis convive com a falta de saneamento b\u00e1sico, problemas de drenagem e infraestrutura insuficiente. Quando chove, o cen\u00e1rio se agrava e as ruas se transformam em uma esp\u00e9cie de lagoa de \u00e1gua suja, invadindo as casas, acumulando&hellip;\" \/>\n<meta property=\"og:url\" content=\"https:\/\/blogdofarnesio.com.br\/2026\/04\/audiencia-publica-discute-crise-de-saneamento-basico-no-jardim-petropolis-e-cobra-resposta-da-prefeitura-de-petrolina\/\" \/>\n<meta property=\"og:site_name\" content=\"Blog do Farn\u00e9sio\" \/>\n<meta property=\"article:publisher\" content=\"https:\/\/www.facebook.com\/BlogQuerSaberPolitica\/\" \/>\n<meta property=\"article:author\" content=\"https:\/\/www.facebook.com\/?ref=tn_tnmn\" \/>\n<meta property=\"article:published_time\" content=\"2026-04-28T13:44:10+00:00\" \/>\n<meta property=\"og:image\" content=\"https:\/\/blogdofarnesio.com.br\/wp-content\/uploads\/2023\/02\/blogqspjua-audiencia-e1777374441925.jpg\" \/>\n\t<meta property=\"og:image:width\" content=\"580\" \/>\n\t<meta property=\"og:image:height\" content=\"332\" \/>\n\t<meta property=\"og:image:type\" content=\"image\/jpeg\" \/>\n<meta name=\"author\" content=\"Farn\u00e9sio\" \/>\n<meta name=\"twitter:card\" content=\"summary_large_image\" \/>\n<meta name=\"twitter:label1\" content=\"Escrito por\" \/>\n\t<meta name=\"twitter:data1\" content=\"Farn\u00e9sio\" \/>\n\t<meta name=\"twitter:label2\" content=\"Est. tempo de leitura\" \/>\n\t<meta name=\"twitter:data2\" content=\"4 minutos\" \/>\n<script type=\"application\/ld+json\" class=\"yoast-schema-graph\">{\"@context\":\"https:\\\/\\\/schema.org\",\"@graph\":[{\"@type\":\"Article\",\"@id\":\"https:\\\/\\\/blogdofarnesio.com.br\\\/2026\\\/04\\\/audiencia-publica-discute-crise-de-saneamento-basico-no-jardim-petropolis-e-cobra-resposta-da-prefeitura-de-petrolina\\\/#article\",\"isPartOf\":{\"@id\":\"https:\\\/\\\/blogdofarnesio.com.br\\\/2026\\\/04\\\/audiencia-publica-discute-crise-de-saneamento-basico-no-jardim-petropolis-e-cobra-resposta-da-prefeitura-de-petrolina\\\/\"},\"author\":{\"name\":\"Farn\u00e9sio\",\"@id\":\"https:\\\/\\\/blogdofarnesio.com.br\\\/#\\\/schema\\\/person\\\/bb9b23ae3ad0609ce8df7b6c9e76824d\"},\"headline\":\"Audi\u00eancia p\u00fablica discutir\u00e1 crise de saneamento b\u00e1sico no Jardim Petr\u00f3polis e cobra resposta da Prefeitura de Petrolina\",\"datePublished\":\"2026-04-28T13:44:10+00:00\",\"mainEntityOfPage\":{\"@id\":\"https:\\\/\\\/blogdofarnesio.com.br\\\/2026\\\/04\\\/audiencia-publica-discute-crise-de-saneamento-basico-no-jardim-petropolis-e-cobra-resposta-da-prefeitura-de-petrolina\\\/\"},\"wordCount\":627,\"commentCount\":0,\"publisher\":{\"@id\":\"https:\\\/\\\/blogdofarnesio.com.br\\\/#organization\"},\"image\":{\"@id\":\"https:\\\/\\\/blogdofarnesio.com.br\\\/2026\\\/04\\\/audiencia-publica-discute-crise-de-saneamento-basico-no-jardim-petropolis-e-cobra-resposta-da-prefeitura-de-petrolina\\\/#primaryimage\"},\"thumbnailUrl\":\"https:\\\/\\\/blogdofarnesio.com.br\\\/wp-content\\\/uploads\\\/2023\\\/02\\\/blogqspjua-audiencia-e1777374441925.jpg\",\"inLanguage\":\"pt-BR\",\"potentialAction\":[{\"@type\":\"CommentAction\",\"name\":\"Comment\",\"target\":[\"https:\\\/\\\/blogdofarnesio.com.br\\\/2026\\\/04\\\/audiencia-publica-discute-crise-de-saneamento-basico-no-jardim-petropolis-e-cobra-resposta-da-prefeitura-de-petrolina\\\/#respond\"]}]},{\"@type\":\"WebPage\",\"@id\":\"https:\\\/\\\/blogdofarnesio.com.br\\\/2026\\\/04\\\/audiencia-publica-discute-crise-de-saneamento-basico-no-jardim-petropolis-e-cobra-resposta-da-prefeitura-de-petrolina\\\/\",\"url\":\"https:\\\/\\\/blogdofarnesio.com.br\\\/2026\\\/04\\\/audiencia-publica-discute-crise-de-saneamento-basico-no-jardim-petropolis-e-cobra-resposta-da-prefeitura-de-petrolina\\\/\",\"name\":\"Audi\u00eancia p\u00fablica discutir\u00e1 crise de saneamento b\u00e1sico no Jardim Petr\u00f3polis e cobra resposta da Prefeitura de Petrolina - Blog do Farn\u00e9sio\",\"isPartOf\":{\"@id\":\"https:\\\/\\\/blogdofarnesio.com.br\\\/#website\"},\"primaryImageOfPage\":{\"@id\":\"https:\\\/\\\/blogdofarnesio.com.br\\\/2026\\\/04\\\/audiencia-publica-discute-crise-de-saneamento-basico-no-jardim-petropolis-e-cobra-resposta-da-prefeitura-de-petrolina\\\/#primaryimage\"},\"image\":{\"@id\":\"https:\\\/\\\/blogdofarnesio.com.br\\\/2026\\\/04\\\/audiencia-publica-discute-crise-de-saneamento-basico-no-jardim-petropolis-e-cobra-resposta-da-prefeitura-de-petrolina\\\/#primaryimage\"},\"thumbnailUrl\":\"https:\\\/\\\/blogdofarnesio.com.br\\\/wp-content\\\/uploads\\\/2023\\\/02\\\/blogqspjua-audiencia-e1777374441925.jpg\",\"datePublished\":\"2026-04-28T13:44:10+00:00\",\"breadcrumb\":{\"@id\":\"https:\\\/\\\/blogdofarnesio.com.br\\\/2026\\\/04\\\/audiencia-publica-discute-crise-de-saneamento-basico-no-jardim-petropolis-e-cobra-resposta-da-prefeitura-de-petrolina\\\/#breadcrumb\"},\"inLanguage\":\"pt-BR\",\"potentialAction\":[{\"@type\":\"ReadAction\",\"target\":[\"https:\\\/\\\/blogdofarnesio.com.br\\\/2026\\\/04\\\/audiencia-publica-discute-crise-de-saneamento-basico-no-jardim-petropolis-e-cobra-resposta-da-prefeitura-de-petrolina\\\/\"]}]},{\"@type\":\"ImageObject\",\"inLanguage\":\"pt-BR\",\"@id\":\"https:\\\/\\\/blogdofarnesio.com.br\\\/2026\\\/04\\\/audiencia-publica-discute-crise-de-saneamento-basico-no-jardim-petropolis-e-cobra-resposta-da-prefeitura-de-petrolina\\\/#primaryimage\",\"url\":\"https:\\\/\\\/blogdofarnesio.com.br\\\/wp-content\\\/uploads\\\/2023\\\/02\\\/blogqspjua-audiencia-e1777374441925.jpg\",\"contentUrl\":\"https:\\\/\\\/blogdofarnesio.com.br\\\/wp-content\\\/uploads\\\/2023\\\/02\\\/blogqspjua-audiencia-e1777374441925.jpg\",\"width\":580,\"height\":332},{\"@type\":\"BreadcrumbList\",\"@id\":\"https:\\\/\\\/blogdofarnesio.com.br\\\/2026\\\/04\\\/audiencia-publica-discute-crise-de-saneamento-basico-no-jardim-petropolis-e-cobra-resposta-da-prefeitura-de-petrolina\\\/#breadcrumb\",\"itemListElement\":[{\"@type\":\"ListItem\",\"position\":1,\"name\":\"In\u00edcio\",\"item\":\"https:\\\/\\\/blogdofarnesio.com.br\\\/\"},{\"@type\":\"ListItem\",\"position\":2,\"name\":\"Audi\u00eancia p\u00fablica discutir\u00e1 crise de saneamento b\u00e1sico no Jardim Petr\u00f3polis e cobra resposta da Prefeitura de Petrolina\"}]},{\"@type\":\"WebSite\",\"@id\":\"https:\\\/\\\/blogdofarnesio.com.br\\\/#website\",\"url\":\"https:\\\/\\\/blogdofarnesio.com.br\\\/\",\"name\":\"Blog do Farn\u00e9sio\",\"description\":\"Quer Saber Pol\u00edtica?\",\"publisher\":{\"@id\":\"https:\\\/\\\/blogdofarnesio.com.br\\\/#organization\"},\"potentialAction\":[{\"@type\":\"SearchAction\",\"target\":{\"@type\":\"EntryPoint\",\"urlTemplate\":\"https:\\\/\\\/blogdofarnesio.com.br\\\/?s={search_term_string}\"},\"query-input\":{\"@type\":\"PropertyValueSpecification\",\"valueRequired\":true,\"valueName\":\"search_term_string\"}}],\"inLanguage\":\"pt-BR\"},{\"@type\":\"Organization\",\"@id\":\"https:\\\/\\\/blogdofarnesio.com.br\\\/#organization\",\"name\":\"Blog do Farn\u00e9sio\",\"url\":\"https:\\\/\\\/blogdofarnesio.com.br\\\/\",\"logo\":{\"@type\":\"ImageObject\",\"inLanguage\":\"pt-BR\",\"@id\":\"https:\\\/\\\/blogdofarnesio.com.br\\\/#\\\/schema\\\/logo\\\/image\\\/\",\"url\":\"https:\\\/\\\/blogdofarnesio.com.br\\\/wp-content\\\/uploads\\\/2026\\\/03\\\/cropped-logo_new-1.png\",\"contentUrl\":\"https:\\\/\\\/blogdofarnesio.com.br\\\/wp-content\\\/uploads\\\/2026\\\/03\\\/cropped-logo_new-1.png\",\"width\":881,\"height\":685,\"caption\":\"Blog do Farn\u00e9sio\"},\"image\":{\"@id\":\"https:\\\/\\\/blogdofarnesio.com.br\\\/#\\\/schema\\\/logo\\\/image\\\/\"},\"sameAs\":[\"https:\\\/\\\/www.facebook.com\\\/BlogQuerSaberPolitica\\\/\"]},{\"@type\":\"Person\",\"@id\":\"https:\\\/\\\/blogdofarnesio.com.br\\\/#\\\/schema\\\/person\\\/bb9b23ae3ad0609ce8df7b6c9e76824d\",\"name\":\"Farn\u00e9sio\",\"image\":{\"@type\":\"ImageObject\",\"inLanguage\":\"pt-BR\",\"@id\":\"https:\\\/\\\/secure.gravatar.com\\\/avatar\\\/986aa4c61ccdb66f8555bf88fc2a65609d00bcabd4d2d94377a727547345cbca?s=96&d=mm&r=g\",\"url\":\"https:\\\/\\\/secure.gravatar.com\\\/avatar\\\/986aa4c61ccdb66f8555bf88fc2a65609d00bcabd4d2d94377a727547345cbca?s=96&d=mm&r=g\",\"contentUrl\":\"https:\\\/\\\/secure.gravatar.com\\\/avatar\\\/986aa4c61ccdb66f8555bf88fc2a65609d00bcabd4d2d94377a727547345cbca?s=96&d=mm&r=g\",\"caption\":\"Farn\u00e9sio\"},\"description\":\"Radialista blogueiro, chegou a Petrolina\\\/Juazeiro em setembro de 1980, Farn\u00e9sio Silva \u00e9 de Arapiraca-Alagoas.\",\"sameAs\":[\"http:\\\/\\\/blogdofarnesio.com.br\",\"https:\\\/\\\/www.facebook.com\\\/?ref=tn_tnmn\",\"https:\\\/\\\/www.instagram.com\\\/?utm_source=pwa_homescreen\",\"https:\\\/\\\/youtube.com.br\\\/\"],\"url\":\"https:\\\/\\\/blogdofarnesio.com.br\\\/author\\\/farnesio-2\\\/\"}]}<\/script>\n<!-- \/ Yoast SEO plugin. -->","yoast_head_json":{"title":"Audi\u00eancia p\u00fablica discutir\u00e1 crise de saneamento b\u00e1sico no Jardim Petr\u00f3polis e cobra resposta da Prefeitura de Petrolina - Blog do Farn\u00e9sio","robots":{"index":"index","follow":"follow","max-snippet":"max-snippet:-1","max-image-preview":"max-image-preview:large","max-video-preview":"max-video-preview:-1"},"canonical":"https:\/\/blogdofarnesio.com.br\/2026\/04\/audiencia-publica-discute-crise-de-saneamento-basico-no-jardim-petropolis-e-cobra-resposta-da-prefeitura-de-petrolina\/","og_locale":"pt_BR","og_type":"article","og_title":"Audi\u00eancia p\u00fablica discutir\u00e1 crise de saneamento b\u00e1sico no Jardim Petr\u00f3polis e cobra resposta da Prefeitura de Petrolina - Blog do Farn\u00e9sio","og_description":"Diante de uma crise hist\u00f3rica de saneamento b\u00e1sico no bairro Jardim Petr\u00f3polis, em Petrolina, ser\u00e1 realizada amanh\u00e3 (29), \u00e0s 19h, na quadra da igreja do bairro, na antiga rua 17, uma audi\u00eancia p\u00fablica para debater os impactos diretos na vida da popula\u00e7\u00e3o e cobrar provid\u00eancias do poder p\u00fablico municipal. A iniciativa \u00e9 do vereador Professor Gilmar Santos, autor do requerimento aprovado ainda em 2021 e que h\u00e1 anos vem pautando o tema na C\u00e2mara. H\u00e1 mais de 20 anos, a comunidade do Jardim Petr\u00f3polis convive com a falta de saneamento b\u00e1sico, problemas de drenagem e infraestrutura insuficiente. Quando chove, o cen\u00e1rio se agrava e as ruas se transformam em uma esp\u00e9cie de lagoa de \u00e1gua suja, invadindo as casas, acumulando&hellip;","og_url":"https:\/\/blogdofarnesio.com.br\/2026\/04\/audiencia-publica-discute-crise-de-saneamento-basico-no-jardim-petropolis-e-cobra-resposta-da-prefeitura-de-petrolina\/","og_site_name":"Blog do Farn\u00e9sio","article_publisher":"https:\/\/www.facebook.com\/BlogQuerSaberPolitica\/","article_author":"https:\/\/www.facebook.com\/?ref=tn_tnmn","article_published_time":"2026-04-28T13:44:10+00:00","og_image":[{"width":580,"height":332,"url":"https:\/\/blogdofarnesio.com.br\/wp-content\/uploads\/2023\/02\/blogqspjua-audiencia-e1777374441925.jpg","type":"image\/jpeg"}],"author":"Farn\u00e9sio","twitter_card":"summary_large_image","twitter_misc":{"Escrito por":"Farn\u00e9sio","Est. tempo de leitura":"4 minutos"},"schema":{"@context":"https:\/\/schema.org","@graph":[{"@type":"Article","@id":"https:\/\/blogdofarnesio.com.br\/2026\/04\/audiencia-publica-discute-crise-de-saneamento-basico-no-jardim-petropolis-e-cobra-resposta-da-prefeitura-de-petrolina\/#article","isPartOf":{"@id":"https:\/\/blogdofarnesio.com.br\/2026\/04\/audiencia-publica-discute-crise-de-saneamento-basico-no-jardim-petropolis-e-cobra-resposta-da-prefeitura-de-petrolina\/"},"author":{"name":"Farn\u00e9sio","@id":"https:\/\/blogdofarnesio.com.br\/#\/schema\/person\/bb9b23ae3ad0609ce8df7b6c9e76824d"},"headline":"Audi\u00eancia p\u00fablica discutir\u00e1 crise de saneamento b\u00e1sico no Jardim Petr\u00f3polis e cobra resposta da Prefeitura de Petrolina","datePublished":"2026-04-28T13:44:10+00:00","mainEntityOfPage":{"@id":"https:\/\/blogdofarnesio.com.br\/2026\/04\/audiencia-publica-discute-crise-de-saneamento-basico-no-jardim-petropolis-e-cobra-resposta-da-prefeitura-de-petrolina\/"},"wordCount":627,"commentCount":0,"publisher":{"@id":"https:\/\/blogdofarnesio.com.br\/#organization"},"image":{"@id":"https:\/\/blogdofarnesio.com.br\/2026\/04\/audiencia-publica-discute-crise-de-saneamento-basico-no-jardim-petropolis-e-cobra-resposta-da-prefeitura-de-petrolina\/#primaryimage"},"thumbnailUrl":"https:\/\/blogdofarnesio.com.br\/wp-content\/uploads\/2023\/02\/blogqspjua-audiencia-e1777374441925.jpg","inLanguage":"pt-BR","potentialAction":[{"@type":"CommentAction","name":"Comment","target":["https:\/\/blogdofarnesio.com.br\/2026\/04\/audiencia-publica-discute-crise-de-saneamento-basico-no-jardim-petropolis-e-cobra-resposta-da-prefeitura-de-petrolina\/#respond"]}]},{"@type":"WebPage","@id":"https:\/\/blogdofarnesio.com.br\/2026\/04\/audiencia-publica-discute-crise-de-saneamento-basico-no-jardim-petropolis-e-cobra-resposta-da-prefeitura-de-petrolina\/","url":"https:\/\/blogdofarnesio.com.br\/2026\/04\/audiencia-publica-discute-crise-de-saneamento-basico-no-jardim-petropolis-e-cobra-resposta-da-prefeitura-de-petrolina\/","name":"Audi\u00eancia p\u00fablica discutir\u00e1 crise de saneamento b\u00e1sico no Jardim Petr\u00f3polis e cobra resposta da Prefeitura de Petrolina - Blog do Farn\u00e9sio","isPartOf":{"@id":"https:\/\/blogdofarnesio.com.br\/#website"},"primaryImageOfPage":{"@id":"https:\/\/blogdofarnesio.com.br\/2026\/04\/audiencia-publica-discute-crise-de-saneamento-basico-no-jardim-petropolis-e-cobra-resposta-da-prefeitura-de-petrolina\/#primaryimage"},"image":{"@id":"https:\/\/blogdofarnesio.com.br\/2026\/04\/audiencia-publica-discute-crise-de-saneamento-basico-no-jardim-petropolis-e-cobra-resposta-da-prefeitura-de-petrolina\/#primaryimage"},"thumbnailUrl":"https:\/\/blogdofarnesio.com.br\/wp-content\/uploads\/2023\/02\/blogqspjua-audiencia-e1777374441925.jpg","datePublished":"2026-04-28T13:44:10+00:00","breadcrumb":{"@id":"https:\/\/blogdofarnesio.com.br\/2026\/04\/audiencia-publica-discute-crise-de-saneamento-basico-no-jardim-petropolis-e-cobra-resposta-da-prefeitura-de-petrolina\/#breadcrumb"},"inLanguage":"pt-BR","potentialAction":[{"@type":"ReadAction","target":["https:\/\/blogdofarnesio.com.br\/2026\/04\/audiencia-publica-discute-crise-de-saneamento-basico-no-jardim-petropolis-e-cobra-resposta-da-prefeitura-de-petrolina\/"]}]},{"@type":"ImageObject","inLanguage":"pt-BR","@id":"https:\/\/blogdofarnesio.com.br\/2026\/04\/audiencia-publica-discute-crise-de-saneamento-basico-no-jardim-petropolis-e-cobra-resposta-da-prefeitura-de-petrolina\/#primaryimage","url":"https:\/\/blogdofarnesio.com.br\/wp-content\/uploads\/2023\/02\/blogqspjua-audiencia-e1777374441925.jpg","contentUrl":"https:\/\/blogdofarnesio.com.br\/wp-content\/uploads\/2023\/02\/blogqspjua-audiencia-e1777374441925.jpg","width":580,"height":332},{"@type":"BreadcrumbList","@id":"https:\/\/blogdofarnesio.com.br\/2026\/04\/audiencia-publica-discute-crise-de-saneamento-basico-no-jardim-petropolis-e-cobra-resposta-da-prefeitura-de-petrolina\/#breadcrumb","itemListElement":[{"@type":"ListItem","position":1,"name":"In\u00edcio","item":"https:\/\/blogdofarnesio.com.br\/"},{"@type":"ListItem","position":2,"name":"Audi\u00eancia p\u00fablica discutir\u00e1 crise de saneamento b\u00e1sico no Jardim Petr\u00f3polis e cobra resposta da Prefeitura de Petrolina"}]},{"@type":"WebSite","@id":"https:\/\/blogdofarnesio.com.br\/#website","url":"https:\/\/blogdofarnesio.com.br\/","name":"Blog do Farn\u00e9sio","description":"Quer Saber Pol\u00edtica?","publisher":{"@id":"https:\/\/blogdofarnesio.com.br\/#organization"},"potentialAction":[{"@type":"SearchAction","target":{"@type":"EntryPoint","urlTemplate":"https:\/\/blogdofarnesio.com.br\/?s={search_term_string}"},"query-input":{"@type":"PropertyValueSpecification","valueRequired":true,"valueName":"search_term_string"}}],"inLanguage":"pt-BR"},{"@type":"Organization","@id":"https:\/\/blogdofarnesio.com.br\/#organization","name":"Blog do Farn\u00e9sio","url":"https:\/\/blogdofarnesio.com.br\/","logo":{"@type":"ImageObject","inLanguage":"pt-BR","@id":"https:\/\/blogdofarnesio.com.br\/#\/schema\/logo\/image\/","url":"https:\/\/blogdofarnesio.com.br\/wp-content\/uploads\/2026\/03\/cropped-logo_new-1.png","contentUrl":"https:\/\/blogdofarnesio.com.br\/wp-content\/uploads\/2026\/03\/cropped-logo_new-1.png","width":881,"height":685,"caption":"Blog do Farn\u00e9sio"},"image":{"@id":"https:\/\/blogdofarnesio.com.br\/#\/schema\/logo\/image\/"},"sameAs":["https:\/\/www.facebook.com\/BlogQuerSaberPolitica\/"]},{"@type":"Person","@id":"https:\/\/blogdofarnesio.com.br\/#\/schema\/person\/bb9b23ae3ad0609ce8df7b6c9e76824d","name":"Farn\u00e9sio","image":{"@type":"ImageObject","inLanguage":"pt-BR","@id":"https:\/\/secure.gravatar.com\/avatar\/986aa4c61ccdb66f8555bf88fc2a65609d00bcabd4d2d94377a727547345cbca?s=96&d=mm&r=g","url":"https:\/\/secure.gravatar.com\/avatar\/986aa4c61ccdb66f8555bf88fc2a65609d00bcabd4d2d94377a727547345cbca?s=96&d=mm&r=g","contentUrl":"https:\/\/secure.gravatar.com\/avatar\/986aa4c61ccdb66f8555bf88fc2a65609d00bcabd4d2d94377a727547345cbca?s=96&d=mm&r=g","caption":"Farn\u00e9sio"},"description":"Radialista blogueiro, chegou a Petrolina\/Juazeiro em setembro de 1980, Farn\u00e9sio Silva \u00e9 de Arapiraca-Alagoas.","sameAs":["http:\/\/blogdofarnesio.com.br","https:\/\/www.facebook.com\/?ref=tn_tnmn","https:\/\/www.instagram.com\/?utm_source=pwa_homescreen","https:\/\/youtube.com.br\/"],"url":"https:\/\/blogdofarnesio.com.br\/author\/farnesio-2\/"}]}},"_links":{"self":[{"href":"https:\/\/blogdofarnesio.com.br\/wp-json\/wp\/v2\/posts\/420559","targetHints":{"allow":["GET"]}}],"collection":[{"href":"https:\/\/blogdofarnesio.com.br\/wp-json\/wp\/v2\/posts"}],"about":[{"href":"https:\/\/blogdofarnesio.com.br\/wp-json\/wp\/v2\/types\/post"}],"author":[{"embeddable":true,"href":"https:\/\/blogdofarnesio.com.br\/wp-json\/wp\/v2\/users\/2"}],"replies":[{"embeddable":true,"href":"https:\/\/blogdofarnesio.com.br\/wp-json\/wp\/v2\/comments?post=420559"}],"version-history":[{"count":2,"href":"https:\/\/blogdofarnesio.com.br\/wp-json\/wp\/v2\/posts\/420559\/revisions"}],"predecessor-version":[{"id":420561,"href":"https:\/\/blogdofarnesio.com.br\/wp-json\/wp\/v2\/posts\/420559\/revisions\/420561"}],"wp:featuredmedia":[{"embeddable":true,"href":"https:\/\/blogdofarnesio.com.br\/wp-json\/wp\/v2\/media\/333813"}],"wp:attachment":[{"href":"https:\/\/blogdofarnesio.com.br\/wp-json\/wp\/v2\/media?parent=420559"}],"wp:term":[{"taxonomy":"category","embeddable":true,"href":"https:\/\/blogdofarnesio.com.br\/wp-json\/wp\/v2\/categories?post=420559"},{"taxonomy":"post_tag","embeddable":true,"href":"https:\/\/blogdofarnesio.com.br\/wp-json\/wp\/v2\/tags?post=420559"}],"curies":[{"name":"wp","href":"https:\/\/api.w.org\/{rel}","templated":true}]}}